{"id":257,"date":"2016-04-08T09:50:38","date_gmt":"2016-04-08T07:50:38","guid":{"rendered":"http:\/\/dev.organisator.ch\/?p=257"},"modified":"2016-04-08T09:50:38","modified_gmt":"2016-04-08T07:50:38","slug":"andreas-mitterdorfer-wird-neuer-ceo-der-lienhard-office-group","status":"publish","type":"post","link":"https:\/\/www.organisator.ch\/en\/allgemein\/2016-04-08\/andreas-mitterdorfer-wird-neuer-ceo-der-lienhard-office-group\/","title":{"rendered":"Andreas Mitterdorfer becomes new CEO of the Lienhard Office Group"},"content":{"rendered":"<figure id=\"attachment_258\" aria-describedby=\"caption-attachment-258\" style=\"width: 298px\" class=\"wp-caption alignnone\"><img loading=\"lazy\" decoding=\"async\" class=\"size-full wp-image-258\" src=\"https:\/\/www.organisator.ch\/wp-content\/uploads\/2016\/12\/Andreas-Mitterdorfer-wird-neuer-CEO-der-Lienhard-Office-Group-organisator.jpg\" alt=\"\" width=\"298\" height=\"448\" srcset=\"https:\/\/www.organisator.ch\/wp-content\/uploads\/2016\/12\/Andreas-Mitterdorfer-wird-neuer-CEO-der-Lienhard-Office-Group-organisator.jpg 298w, https:\/\/www.organisator.ch\/wp-content\/uploads\/2016\/12\/Andreas-Mitterdorfer-wird-neuer-CEO-der-Lienhard-Office-Group-organisator-8x12.jpg 8w, https:\/\/www.organisator.ch\/wp-content\/uploads\/2016\/12\/Andreas-Mitterdorfer-wird-neuer-CEO-der-Lienhard-Office-Group-organisator-116x175.jpg 116w, https:\/\/www.organisator.ch\/wp-content\/uploads\/2016\/12\/Andreas-Mitterdorfer-wird-neuer-CEO-der-Lienhard-Office-Group-organisator-233x350.jpg 233w\" sizes=\"auto, (max-width: 298px) 100vw, 298px\" \/><figcaption id=\"caption-attachment-258\" class=\"wp-caption-text\">Andreas Mitterdorfer will take over the operational management at Lienhard Office Group as of July 1, 2016.<\/figcaption><\/figure>\n<p>Andreas Mitterdorfer (born 1966) graduated from the Aarau School of Economics and subsequently studied materials engineering at the ETH in Zurich. In 1997, he received his doctorate there with a dissertation in the field of ceramic electrodes for high-temperature applications. Subsequently, he acquired a broad spectrum of knowledge and experience in various industrial and consulting companies internationally, which he can and will now use for the success of LOG. With his several years of CEO experience - as his last stop before joining LOG at the POLYGENA Group - he also brings with him the necessary management experience in a complex SME environment. \"We would like to thank Mr. Markus Meili for his dedicated commitment as a long-time company manager for the Lienhard Office Group. With his commitment to the Board of Directors, he will complement it with his extensive industry and market experience,\" reads the company's communiqu\u00e9 published in this regard.<\/p>\n<p><a href=\"http:\/\/www.lienhard-office.com\/\" target=\"_blank\" data-cke-saved-href=\"http:\/\/www.lienhard-office.com\/\" rel=\"noopener\"><em>http:\/\/www.lienhard-office.com\/<\/em><\/a><\/p>","protected":false},"excerpt":{"rendered":"<p>Andreas Mitterdorfer (Jahrgang 1966) hat die Wirtschaftsmatura in Aarau erlangt und anschliessend an der ETH in Z\u00fcrich Werkstoff-Ingenieurwesen studiert. Im Jahre 1997 hat er dort mit seiner Dissertation im Bereich Keramikelektroden f\u00fcr Hochtemperatur-Anwendungen promoviert. Anschliessend hat er sich in verschiedenen Industrie- und Beratungsunternehmen international ein breites Wissens- und Erfahrungsspektrum angeeignet, das er nun zum Erfolg [&hellip;]<\/p>\n","protected":false},"author":1,"featured_media":258,"comment_status":"open","ping_status":"open","sticky":false,"template":"","format":"standard","meta":{"_acf_changed":false,"_yoast_wpseo_focuskw":"CEO Lienhard Office Group","_yoast_wpseo_metadesc":"Am 1. Juni 2016 wird Andreas Mitterdorfer die operative Leitung von Markus Meili, dem heutigen CEO von Lienhard Office Group, \u00fcbernehmen.","articlekey":"","footnotes":""},"categories":[1],"tags":[382,492],"class_list":["post-257","post","type-post","status-publish","format-standard","has-post-thumbnail","hentry","category-allgemein","tag-personalien","tag-unternehmen"],"acf":[],"yoast_head":"<!-- This site is optimized with the Yoast SEO plugin v27.5 - https:\/\/yoast.com\/product\/yoast-seo-wordpress\/ -->\n<title>Andreas Mitterdorfer wird neuer CEO der Lienhard Office Group - Organisator<\/title>\n<meta name=\"description\" content=\"Am 1. Juni 2016 wird Andreas Mitterdorfer die operative Leitung von Markus Meili, dem heutigen CEO von Lienhard Office Group, \u00fcbernehmen.\" \/>\n<meta name=\"robots\" content=\"index, follow, max-snippet:-1, max-image-preview:large, max-video-preview:-1\" \/>\n<link rel=\"canonical\" href=\"https:\/\/www.organisator.ch\/en\/general\/2016-04-08\/andreas-mitterdorfer-wird-neuer-ceo-der-lienhard-office-group\/\" \/>\n<meta property=\"og:locale\" content=\"en_US\" \/>\n<meta property=\"og:type\" content=\"article\" \/>\n<meta property=\"og:title\" content=\"Andreas Mitterdorfer wird neuer CEO der Lienhard Office Group\" \/>\n<meta property=\"og:description\" content=\"Am 1. Juni 2016 wird Andreas Mitterdorfer in die Unternehmensgruppe, einem der f\u00fchrenden Anbieter im Schweizer B\u00fcroeinrichtungsmarkt, eintreten und ab dem 1. Juli 2016 die operative Leitung von Markus Meili, dem heutigen CEO, \u00fcbernehmen. Markus Meili, der seit \u00fcber 20 Jahren die Geschicke der LOG geleitet hat, wird nach der Einf\u00fchrungs- und \u00dcbergabephase von Herrn Mitterdorfer in den Verwaltungsrat der Lienhard Office Group wechseln.\" \/>\n<meta property=\"og:url\" content=\"https:\/\/www.organisator.ch\/en\/general\/2016-04-08\/andreas-mitterdorfer-wird-neuer-ceo-der-lienhard-office-group\/\" \/>\n<meta property=\"og:site_name\" content=\"Organisator\" \/>\n<meta property=\"article:publisher\" content=\"https:\/\/www.facebook.com\/OrganisatorFachmagazin\" \/>\n<meta property=\"article:published_time\" content=\"2016-04-08T07:50:38+00:00\" \/>\n<meta name=\"author\" content=\"admin\" \/>\n<meta name=\"twitter:card\" content=\"summary_large_image\" \/>\n<meta name=\"twitter:image\" content=\"https:\/\/www.organisator.ch\/wp-content\/uploads\/2016\/12\/Andreas-Mitterdorfer-wird-neuer-CEO-der-Lienhard-Office-Group-organisator.jpg\" \/>\n<script type=\"application\/ld+json\" class=\"yoast-schema-graph\">{\"@context\":\"https:\\\/\\\/schema.org\",\"@graph\":[{\"@type\":\"Article\",\"@id\":\"https:\\\/\\\/www.organisator.ch\\\/en\\\/general\\\/2016-04-08\\\/andreas-mitterdorfer-wird-neuer-ceo-der-lienhard-office-group\\\/#article\",\"isPartOf\":{\"@id\":\"https:\\\/\\\/www.organisator.ch\\\/en\\\/general\\\/2016-04-08\\\/andreas-mitterdorfer-wird-neuer-ceo-der-lienhard-office-group\\\/\"},\"author\":{\"name\":\"admin\",\"@id\":\"https:\\\/\\\/www.organisator.ch\\\/#\\\/schema\\\/person\\\/aa2bace6c5c5aad60102004a50c4eb1c\"},\"headline\":\"Andreas Mitterdorfer wird neuer CEO der Lienhard Office Group\",\"datePublished\":\"2016-04-08T07:50:38+00:00\",\"mainEntityOfPage\":{\"@id\":\"https:\\\/\\\/www.organisator.ch\\\/en\\\/general\\\/2016-04-08\\\/andreas-mitterdorfer-wird-neuer-ceo-der-lienhard-office-group\\\/\"},\"wordCount\":168,\"commentCount\":0,\"publisher\":{\"@id\":\"https:\\\/\\\/www.organisator.ch\\\/#organization\"},\"image\":{\"@id\":\"https:\\\/\\\/www.organisator.ch\\\/en\\\/general\\\/2016-04-08\\\/andreas-mitterdorfer-wird-neuer-ceo-der-lienhard-office-group\\\/#primaryimage\"},\"thumbnailUrl\":\"https:\\\/\\\/www.organisator.ch\\\/wp-content\\\/uploads\\\/2016\\\/12\\\/Andreas-Mitterdorfer-wird-neuer-CEO-der-Lienhard-Office-Group-organisator.jpg\",\"keywords\":[\"Personalien\",\"Unternehmen\"],\"articleSection\":[\"Allgemein\"],\"inLanguage\":\"en-US\"},{\"@type\":\"WebPage\",\"@id\":\"https:\\\/\\\/www.organisator.ch\\\/en\\\/general\\\/2016-04-08\\\/andreas-mitterdorfer-wird-neuer-ceo-der-lienhard-office-group\\\/\",\"url\":\"https:\\\/\\\/www.organisator.ch\\\/en\\\/general\\\/2016-04-08\\\/andreas-mitterdorfer-wird-neuer-ceo-der-lienhard-office-group\\\/\",\"name\":\"Andreas Mitterdorfer wird neuer CEO der Lienhard Office Group - Organisator\",\"isPartOf\":{\"@id\":\"https:\\\/\\\/www.organisator.ch\\\/#website\"},\"primaryImageOfPage\":{\"@id\":\"https:\\\/\\\/www.organisator.ch\\\/en\\\/general\\\/2016-04-08\\\/andreas-mitterdorfer-wird-neuer-ceo-der-lienhard-office-group\\\/#primaryimage\"},\"image\":{\"@id\":\"https:\\\/\\\/www.organisator.ch\\\/en\\\/general\\\/2016-04-08\\\/andreas-mitterdorfer-wird-neuer-ceo-der-lienhard-office-group\\\/#primaryimage\"},\"thumbnailUrl\":\"https:\\\/\\\/www.organisator.ch\\\/wp-content\\\/uploads\\\/2016\\\/12\\\/Andreas-Mitterdorfer-wird-neuer-CEO-der-Lienhard-Office-Group-organisator.jpg\",\"datePublished\":\"2016-04-08T07:50:38+00:00\",\"description\":\"Am 1. Juni 2016 wird Andreas Mitterdorfer die operative Leitung von Markus Meili, dem heutigen CEO von Lienhard Office Group, \u00fcbernehmen.\",\"breadcrumb\":{\"@id\":\"https:\\\/\\\/www.organisator.ch\\\/en\\\/general\\\/2016-04-08\\\/andreas-mitterdorfer-wird-neuer-ceo-der-lienhard-office-group\\\/#breadcrumb\"},\"inLanguage\":\"en-US\",\"potentialAction\":[{\"@type\":\"ReadAction\",\"target\":[\"https:\\\/\\\/www.organisator.ch\\\/en\\\/general\\\/2016-04-08\\\/andreas-mitterdorfer-wird-neuer-ceo-der-lienhard-office-group\\\/\"]}]},{\"@type\":\"ImageObject\",\"inLanguage\":\"en-US\",\"@id\":\"https:\\\/\\\/www.organisator.ch\\\/en\\\/general\\\/2016-04-08\\\/andreas-mitterdorfer-wird-neuer-ceo-der-lienhard-office-group\\\/#primaryimage\",\"url\":\"https:\\\/\\\/www.organisator.ch\\\/wp-content\\\/uploads\\\/2016\\\/12\\\/Andreas-Mitterdorfer-wird-neuer-CEO-der-Lienhard-Office-Group-organisator.jpg\",\"contentUrl\":\"https:\\\/\\\/www.organisator.ch\\\/wp-content\\\/uploads\\\/2016\\\/12\\\/Andreas-Mitterdorfer-wird-neuer-CEO-der-Lienhard-Office-Group-organisator.jpg\",\"width\":298,\"height\":448,\"caption\":\"Andreas Mitterdorfer wird ab 1. Juli 2016 die operative Leitung bei der Lienhard Office Group \u00fcbernehmen.\"},{\"@type\":\"BreadcrumbList\",\"@id\":\"https:\\\/\\\/www.organisator.ch\\\/en\\\/general\\\/2016-04-08\\\/andreas-mitterdorfer-wird-neuer-ceo-der-lienhard-office-group\\\/#breadcrumb\",\"itemListElement\":[{\"@type\":\"ListItem\",\"position\":1,\"name\":\"Home\",\"item\":\"https:\\\/\\\/www.organisator.ch\\\/\"},{\"@type\":\"ListItem\",\"position\":2,\"name\":\"Andreas Mitterdorfer wird neuer CEO der Lienhard Office Group\"}]},{\"@type\":\"WebSite\",\"@id\":\"https:\\\/\\\/www.organisator.ch\\\/#website\",\"url\":\"https:\\\/\\\/www.organisator.ch\\\/\",\"name\":\"Organisator\",\"description\":\"Kompetent. Praxisnah. Der ORGANISATOR bereitet in 10 Ausgaben pro Jahr die wesentlichen Themen f\u00fcr F\u00fchrungskr\u00e4fte von KMU auf.\",\"publisher\":{\"@id\":\"https:\\\/\\\/www.organisator.ch\\\/#organization\"},\"potentialAction\":[{\"@type\":\"SearchAction\",\"target\":{\"@type\":\"EntryPoint\",\"urlTemplate\":\"https:\\\/\\\/www.organisator.ch\\\/?s={search_term_string}\"},\"query-input\":{\"@type\":\"PropertyValueSpecification\",\"valueRequired\":true,\"valueName\":\"search_term_string\"}}],\"inLanguage\":\"en-US\"},{\"@type\":\"Organization\",\"@id\":\"https:\\\/\\\/www.organisator.ch\\\/#organization\",\"name\":\"Organisator\",\"url\":\"https:\\\/\\\/www.organisator.ch\\\/\",\"logo\":{\"@type\":\"ImageObject\",\"inLanguage\":\"en-US\",\"@id\":\"https:\\\/\\\/www.organisator.ch\\\/#\\\/schema\\\/logo\\\/image\\\/\",\"url\":\"https:\\\/\\\/www.organisator.ch\\\/wp-content\\\/uploads\\\/2022\\\/01\\\/Logo_Organisator_Website.png\",\"contentUrl\":\"https:\\\/\\\/www.organisator.ch\\\/wp-content\\\/uploads\\\/2022\\\/01\\\/Logo_Organisator_Website.png\",\"width\":800,\"height\":77,\"caption\":\"Organisator\"},\"image\":{\"@id\":\"https:\\\/\\\/www.organisator.ch\\\/#\\\/schema\\\/logo\\\/image\\\/\"},\"sameAs\":[\"https:\\\/\\\/www.facebook.com\\\/OrganisatorFachmagazin\",\"https:\\\/\\\/www.linkedin.com\\\/showcase\\\/organisator-das-magazin-fr-kmu\",\"https:\\\/\\\/www.xing.com\\\/news\\\/pages\\\/organisator-ch-695\",\"https:\\\/\\\/www.youtube.com\\\/channel\\\/UCGP2Sq0iWaZwT3BdIAQFYpw\"]},{\"@type\":\"Person\",\"@id\":\"https:\\\/\\\/www.organisator.ch\\\/#\\\/schema\\\/person\\\/aa2bace6c5c5aad60102004a50c4eb1c\",\"name\":\"admin\",\"image\":{\"@type\":\"ImageObject\",\"inLanguage\":\"en-US\",\"@id\":\"https:\\\/\\\/secure.gravatar.com\\\/avatar\\\/ae2f4d718e6c49043e314ce431e7e645d646302a24a5ef5a8bc8e3f5a032e319?s=96&d=mm&r=g\",\"url\":\"https:\\\/\\\/secure.gravatar.com\\\/avatar\\\/ae2f4d718e6c49043e314ce431e7e645d646302a24a5ef5a8bc8e3f5a032e319?s=96&d=mm&r=g\",\"contentUrl\":\"https:\\\/\\\/secure.gravatar.com\\\/avatar\\\/ae2f4d718e6c49043e314ce431e7e645d646302a24a5ef5a8bc8e3f5a032e319?s=96&d=mm&r=g\",\"caption\":\"admin\"},\"sameAs\":[\"https:\\\/\\\/www.organisator.ch\"],\"url\":\"https:\\\/\\\/www.organisator.ch\\\/en\\\/author\\\/admin\\\/\"}]}<\/script>\n<!-- \/ Yoast SEO plugin. -->","yoast_head_json":{"title":"Andreas Mitterdorfer becomes new CEO of Lienhard Office Group - Organizer","description":"On June 1, 2016, Andreas Mitterdorfer will take over the operational management from Markus Meili, the current CEO of Lienhard Office Group.","robots":{"index":"index","follow":"follow","max-snippet":"max-snippet:-1","max-image-preview":"max-image-preview:large","max-video-preview":"max-video-preview:-1"},"canonical":"https:\/\/www.organisator.ch\/en\/general\/2016-04-08\/andreas-mitterdorfer-wird-neuer-ceo-der-lienhard-office-group\/","og_locale":"en_US","og_type":"article","og_title":"Andreas Mitterdorfer wird neuer CEO der Lienhard Office Group","og_description":"Am 1. Juni 2016 wird Andreas Mitterdorfer in die Unternehmensgruppe, einem der f\u00fchrenden Anbieter im Schweizer B\u00fcroeinrichtungsmarkt, eintreten und ab dem 1. Juli 2016 die operative Leitung von Markus Meili, dem heutigen CEO, \u00fcbernehmen. Markus Meili, der seit \u00fcber 20 Jahren die Geschicke der LOG geleitet hat, wird nach der Einf\u00fchrungs- und \u00dcbergabephase von Herrn Mitterdorfer in den Verwaltungsrat der Lienhard Office Group wechseln.","og_url":"https:\/\/www.organisator.ch\/en\/general\/2016-04-08\/andreas-mitterdorfer-wird-neuer-ceo-der-lienhard-office-group\/","og_site_name":"Organisator","article_publisher":"https:\/\/www.facebook.com\/OrganisatorFachmagazin","article_published_time":"2016-04-08T07:50:38+00:00","author":"admin","twitter_card":"summary_large_image","twitter_image":"https:\/\/www.organisator.ch\/wp-content\/uploads\/2016\/12\/Andreas-Mitterdorfer-wird-neuer-CEO-der-Lienhard-Office-Group-organisator.jpg","schema":{"@context":"https:\/\/schema.org","@graph":[{"@type":"Article","@id":"https:\/\/www.organisator.ch\/en\/general\/2016-04-08\/andreas-mitterdorfer-wird-neuer-ceo-der-lienhard-office-group\/#article","isPartOf":{"@id":"https:\/\/www.organisator.ch\/en\/general\/2016-04-08\/andreas-mitterdorfer-wird-neuer-ceo-der-lienhard-office-group\/"},"author":{"name":"admin","@id":"https:\/\/www.organisator.ch\/#\/schema\/person\/aa2bace6c5c5aad60102004a50c4eb1c"},"headline":"Andreas Mitterdorfer wird neuer CEO der Lienhard Office Group","datePublished":"2016-04-08T07:50:38+00:00","mainEntityOfPage":{"@id":"https:\/\/www.organisator.ch\/en\/general\/2016-04-08\/andreas-mitterdorfer-wird-neuer-ceo-der-lienhard-office-group\/"},"wordCount":168,"commentCount":0,"publisher":{"@id":"https:\/\/www.organisator.ch\/#organization"},"image":{"@id":"https:\/\/www.organisator.ch\/en\/general\/2016-04-08\/andreas-mitterdorfer-wird-neuer-ceo-der-lienhard-office-group\/#primaryimage"},"thumbnailUrl":"https:\/\/www.organisator.ch\/wp-content\/uploads\/2016\/12\/Andreas-Mitterdorfer-wird-neuer-CEO-der-Lienhard-Office-Group-organisator.jpg","keywords":["Personalien","Unternehmen"],"articleSection":["Allgemein"],"inLanguage":"en-US"},{"@type":"WebPage","@id":"https:\/\/www.organisator.ch\/en\/general\/2016-04-08\/andreas-mitterdorfer-wird-neuer-ceo-der-lienhard-office-group\/","url":"https:\/\/www.organisator.ch\/en\/general\/2016-04-08\/andreas-mitterdorfer-wird-neuer-ceo-der-lienhard-office-group\/","name":"Andreas Mitterdorfer becomes new CEO of Lienhard Office Group - Organizer","isPartOf":{"@id":"https:\/\/www.organisator.ch\/#website"},"primaryImageOfPage":{"@id":"https:\/\/www.organisator.ch\/en\/general\/2016-04-08\/andreas-mitterdorfer-wird-neuer-ceo-der-lienhard-office-group\/#primaryimage"},"image":{"@id":"https:\/\/www.organisator.ch\/en\/general\/2016-04-08\/andreas-mitterdorfer-wird-neuer-ceo-der-lienhard-office-group\/#primaryimage"},"thumbnailUrl":"https:\/\/www.organisator.ch\/wp-content\/uploads\/2016\/12\/Andreas-Mitterdorfer-wird-neuer-CEO-der-Lienhard-Office-Group-organisator.jpg","datePublished":"2016-04-08T07:50:38+00:00","description":"On June 1, 2016, Andreas Mitterdorfer will take over the operational management from Markus Meili, the current CEO of Lienhard Office Group.","breadcrumb":{"@id":"https:\/\/www.organisator.ch\/en\/general\/2016-04-08\/andreas-mitterdorfer-wird-neuer-ceo-der-lienhard-office-group\/#breadcrumb"},"inLanguage":"en-US","potentialAction":[{"@type":"ReadAction","target":["https:\/\/www.organisator.ch\/en\/general\/2016-04-08\/andreas-mitterdorfer-wird-neuer-ceo-der-lienhard-office-group\/"]}]},{"@type":"ImageObject","inLanguage":"en-US","@id":"https:\/\/www.organisator.ch\/en\/general\/2016-04-08\/andreas-mitterdorfer-wird-neuer-ceo-der-lienhard-office-group\/#primaryimage","url":"https:\/\/www.organisator.ch\/wp-content\/uploads\/2016\/12\/Andreas-Mitterdorfer-wird-neuer-CEO-der-Lienhard-Office-Group-organisator.jpg","contentUrl":"https:\/\/www.organisator.ch\/wp-content\/uploads\/2016\/12\/Andreas-Mitterdorfer-wird-neuer-CEO-der-Lienhard-Office-Group-organisator.jpg","width":298,"height":448,"caption":"Andreas Mitterdorfer wird ab 1. Juli 2016 die operative Leitung bei der Lienhard Office Group \u00fcbernehmen."},{"@type":"BreadcrumbList","@id":"https:\/\/www.organisator.ch\/en\/general\/2016-04-08\/andreas-mitterdorfer-wird-neuer-ceo-der-lienhard-office-group\/#breadcrumb","itemListElement":[{"@type":"ListItem","position":1,"name":"Home","item":"https:\/\/www.organisator.ch\/"},{"@type":"ListItem","position":2,"name":"Andreas Mitterdorfer wird neuer CEO der Lienhard Office Group"}]},{"@type":"WebSite","@id":"https:\/\/www.organisator.ch\/#website","url":"https:\/\/www.organisator.ch\/","name":"Organizer","description":"Competent. Practical. In 10 issues per year, ORGANISATOR presents the essential topics for managers of SMEs.","publisher":{"@id":"https:\/\/www.organisator.ch\/#organization"},"potentialAction":[{"@type":"SearchAction","target":{"@type":"EntryPoint","urlTemplate":"https:\/\/www.organisator.ch\/?s={search_term_string}"},"query-input":{"@type":"PropertyValueSpecification","valueRequired":true,"valueName":"search_term_string"}}],"inLanguage":"en-US"},{"@type":"Organization","@id":"https:\/\/www.organisator.ch\/#organization","name":"Organizer","url":"https:\/\/www.organisator.ch\/","logo":{"@type":"ImageObject","inLanguage":"en-US","@id":"https:\/\/www.organisator.ch\/#\/schema\/logo\/image\/","url":"https:\/\/www.organisator.ch\/wp-content\/uploads\/2022\/01\/Logo_Organisator_Website.png","contentUrl":"https:\/\/www.organisator.ch\/wp-content\/uploads\/2022\/01\/Logo_Organisator_Website.png","width":800,"height":77,"caption":"Organisator"},"image":{"@id":"https:\/\/www.organisator.ch\/#\/schema\/logo\/image\/"},"sameAs":["https:\/\/www.facebook.com\/OrganisatorFachmagazin","https:\/\/www.linkedin.com\/showcase\/organisator-das-magazin-fr-kmu","https:\/\/www.xing.com\/news\/pages\/organisator-ch-695","https:\/\/www.youtube.com\/channel\/UCGP2Sq0iWaZwT3BdIAQFYpw"]},{"@type":"Person","@id":"https:\/\/www.organisator.ch\/#\/schema\/person\/aa2bace6c5c5aad60102004a50c4eb1c","name":"admin","image":{"@type":"ImageObject","inLanguage":"en-US","@id":"https:\/\/secure.gravatar.com\/avatar\/ae2f4d718e6c49043e314ce431e7e645d646302a24a5ef5a8bc8e3f5a032e319?s=96&d=mm&r=g","url":"https:\/\/secure.gravatar.com\/avatar\/ae2f4d718e6c49043e314ce431e7e645d646302a24a5ef5a8bc8e3f5a032e319?s=96&d=mm&r=g","contentUrl":"https:\/\/secure.gravatar.com\/avatar\/ae2f4d718e6c49043e314ce431e7e645d646302a24a5ef5a8bc8e3f5a032e319?s=96&d=mm&r=g","caption":"admin"},"sameAs":["https:\/\/www.organisator.ch"],"url":"https:\/\/www.organisator.ch\/en\/author\/admin\/"}]}},"_links":{"self":[{"href":"https:\/\/www.organisator.ch\/en\/wp-json\/wp\/v2\/posts\/257","targetHints":{"allow":["GET"]}}],"collection":[{"href":"https:\/\/www.organisator.ch\/en\/wp-json\/wp\/v2\/posts"}],"about":[{"href":"https:\/\/www.organisator.ch\/en\/wp-json\/wp\/v2\/types\/post"}],"author":[{"embeddable":true,"href":"https:\/\/www.organisator.ch\/en\/wp-json\/wp\/v2\/users\/1"}],"replies":[{"embeddable":true,"href":"https:\/\/www.organisator.ch\/en\/wp-json\/wp\/v2\/comments?post=257"}],"version-history":[{"count":0,"href":"https:\/\/www.organisator.ch\/en\/wp-json\/wp\/v2\/posts\/257\/revisions"}],"wp:featuredmedia":[{"embeddable":true,"href":"https:\/\/www.organisator.ch\/en\/wp-json\/wp\/v2\/media\/258"}],"wp:attachment":[{"href":"https:\/\/www.organisator.ch\/en\/wp-json\/wp\/v2\/media?parent=257"}],"wp:term":[{"taxonomy":"category","embeddable":true,"href":"https:\/\/www.organisator.ch\/en\/wp-json\/wp\/v2\/categories?post=257"},{"taxonomy":"post_tag","embeddable":true,"href":"https:\/\/www.organisator.ch\/en\/wp-json\/wp\/v2\/tags?post=257"}],"curies":[{"name":"wp","href":"https:\/\/api.w.org\/{rel}","templated":true}]}}