{"id":2574,"date":"2019-11-04T15:00:44","date_gmt":"2019-11-04T14:00:44","guid":{"rendered":"https:\/\/www.umweltperspektiven.ch\/?p=2574"},"modified":"2022-02-09T11:06:15","modified_gmt":"2022-02-09T10:06:15","slug":"fossilfreie-mobilitaet-ist-moeglich","status":"publish","type":"post","link":"https:\/\/www.organisator.ch\/en\/sustainability\/2019-11-04\/fossilfreie-mobilitaet-ist-moeglich\/","title":{"rendered":"Fossil-free mobility is possible"},"content":{"rendered":"<div class=\"ws-article-abstract\"><\/div>\n<figure id=\"attachment_2575\" aria-describedby=\"caption-attachment-2575\" style=\"width: 680px\" class=\"wp-caption alignnone\"><img loading=\"lazy\" decoding=\"async\" class=\"size-medium wp-image-2575\" src=\"\/\/www.umweltperspektiven.ch\/wp-content\/uploads\/2019\/11\/fossilfreie-mobilitaet-m\u00f6glich-UP-Umwelt-Perspektiven.jpg\" alt=\"\" width=\"680\" height=\"510\" \/><figcaption id=\"caption-attachment-2575\" class=\"wp-caption-text\">Solarstratos aims to demonstrate the potential of electric propulsion with a solar-powered aircraft that will soar into the stratosphere. (Image: Solarstratos)<\/figcaption><\/figure>\n<p>Since its foundation, the VCS has been committed to environmentally and climate-friendly mobility. At the recent symposium, the transport club showed that various solutions for fossil-free mobility already exist.<\/p>\n<p><strong>Flagship models\u00a0<\/strong><\/p>\n<p>There are no insurmountable hurdles in the way of implementing the energy transition in transport. Since December 2018, Bernmobil has been operating a bus line with battery-electric buses. Markus Anderegg, Head of Technology at Bernmobil, reported on the first experiences with the new technology at the symposium organized by the VCS at the Stade de Suisse in Bern.<\/p>\n<p>It has great potential to replace diesel buses - yet the high cost and range limitations (still) stand in the way of its widespread use.<\/p>\n<p>Dr. Philipp Dietrich, CEO of H2 energy, reported in his presentation on how his company is driving the development of hydrogen mobility in Switzerland. To this end, the H2 mobility promotion association was founded, in which filling station operators and transport companies also participate. By procuring hydrogen trucks and building hydrogen filling stations, they are ensuring both supply and demand for the energy carrier.<\/p>\n<p>An outlook on the long-term technical potential of solar energy and battery technologies was offered by Roland Loos, CEO of Solarstratos. With the project of a two-seater solar airplane that is to ascend to the stratosphere, Solarstratos wants to demonstrate the potential of electric drives in air traffic.<\/p>\n<p>In addition to the aforementioned technological improvements to drive systems, the VCS calls for consistent measures to avoid unnecessary traffic and to shift as much traffic as possible to environmentally compatible means of transport - for example, through incentive taxes on fossil fuels, minimum shares for renewable fuels, or stricter fleet targets for new cars and for delivery vehicles and trucks.<\/p>\n<p><a href=\"\/\/www.fossilfreie-mobilitaet.ch\/\">www.fossilfreie-mobilitaet.ch<\/a><\/p>","protected":false},"excerpt":{"rendered":"<p>Der VCS setzt sich seit seiner Gr\u00fcndung f\u00fcr umwelt- und klimavertr\u00e4gliche Mobilit\u00e4t ein. An der j\u00fcngsten Fachtagung zeigte der Verkehrs-Club, dass bereits verschiedene L\u00f6sungsans\u00e4tze f\u00fcr eine fossilfreie Mobilit\u00e4t bestehen. Vorzeigemodelle\u00a0 Der Umsetzung der Energiewende im Verkehr stehen keine un\u00fcberwindbaren H\u00fcrden im Weg. Seit Dezember 2018 betreibt Bernmobil eine Buslinie mit batterieelektrischen Bussen. Markus Anderegg, Leiter [&hellip;]<\/p>\n","protected":false},"author":5,"featured_media":2575,"comment_status":"open","ping_status":"open","sticky":false,"template":"","format":"standard","meta":{"_acf_changed":false,"_yoast_wpseo_focuskw":"Mobilit\u00e4t","_yoast_wpseo_metadesc":"An einer Fachtagung \u00fcber Mobilit\u00e4t zeigte der VCS Verkehrs-Club der Schweiz am 24. Oktober 2019 auf, wie die Emissionen im Verkehr gesenkt werden k\u00f6nnen.","articlekey":"","footnotes":""},"categories":[580],"tags":[1006,584,1341,2287,2454],"class_list":["post-2574","post","type-post","status-publish","format-standard","has-post-thumbnail","hentry","category-sustainability","tag-e-mobilitaet","tag-energie","tag-h2","tag-tcs","tag-verkehr"],"acf":[],"yoast_head":"<!-- This site is optimized with the Yoast SEO plugin v27.4 - https:\/\/yoast.com\/product\/yoast-seo-wordpress\/ -->\n<title>Fossilfreie Mobilit\u00e4t ist m\u00f6glich - Organisator<\/title>\n<meta name=\"description\" content=\"An einer Fachtagung \u00fcber Mobilit\u00e4t zeigte der VCS Verkehrs-Club der Schweiz am 24. Oktober 2019 auf, wie die Emissionen im Verkehr gesenkt werden k\u00f6nnen.\" \/>\n<meta name=\"robots\" content=\"index, follow, max-snippet:-1, max-image-preview:large, max-video-preview:-1\" \/>\n<link rel=\"canonical\" href=\"https:\/\/www.organisator.ch\/en\/sustainability\/2019-11-04\/fossilfreie-mobilitaet-ist-moeglich\/\" \/>\n<meta property=\"og:locale\" content=\"en_US\" \/>\n<meta property=\"og:type\" content=\"article\" \/>\n<meta property=\"og:title\" content=\"Fossilfreie Mobilit\u00e4t ist m\u00f6glich - Organisator\" \/>\n<meta property=\"og:description\" content=\"An einer Fachtagung \u00fcber Mobilit\u00e4t zeigte der VCS Verkehrs-Club der Schweiz am 24. Oktober 2019 auf, wie die Emissionen im Verkehr gesenkt werden k\u00f6nnen.\" \/>\n<meta property=\"og:url\" content=\"https:\/\/www.organisator.ch\/en\/sustainability\/2019-11-04\/fossilfreie-mobilitaet-ist-moeglich\/\" \/>\n<meta property=\"og:site_name\" content=\"Organisator\" \/>\n<meta property=\"article:publisher\" content=\"https:\/\/www.facebook.com\/OrganisatorFachmagazin\" \/>\n<meta property=\"article:published_time\" content=\"2019-11-04T14:00:44+00:00\" \/>\n<meta property=\"article:modified_time\" content=\"2022-02-09T10:06:15+00:00\" \/>\n<meta property=\"og:image\" content=\"https:\/\/www.organisator.ch\/wp-content\/uploads\/2019\/11\/fossilfreie-mobilitaet-moeglich-UP-Umwelt-Perspektiven.jpg\" \/>\n\t<meta property=\"og:image:width\" content=\"1197\" \/>\n\t<meta property=\"og:image:height\" content=\"898\" \/>\n\t<meta property=\"og:image:type\" content=\"image\/jpeg\" \/>\n<meta name=\"author\" content=\"michael.merz\" \/>\n<meta name=\"twitter:card\" content=\"summary_large_image\" \/>\n<script type=\"application\/ld+json\" class=\"yoast-schema-graph\">{\"@context\":\"https:\\\/\\\/schema.org\",\"@graph\":[{\"@type\":\"Article\",\"@id\":\"https:\\\/\\\/www.organisator.ch\\\/sustainability\\\/2019-11-04\\\/fossilfreie-mobilitaet-ist-moeglich\\\/#article\",\"isPartOf\":{\"@id\":\"https:\\\/\\\/www.organisator.ch\\\/sustainability\\\/2019-11-04\\\/fossilfreie-mobilitaet-ist-moeglich\\\/\"},\"author\":{\"name\":\"michael.merz\",\"@id\":\"https:\\\/\\\/www.organisator.ch\\\/#\\\/schema\\\/person\\\/134708ca9321c57b0362cceb7948ffbd\"},\"headline\":\"Fossilfreie Mobilit\u00e4t ist m\u00f6glich\",\"datePublished\":\"2019-11-04T14:00:44+00:00\",\"dateModified\":\"2022-02-09T10:06:15+00:00\",\"mainEntityOfPage\":{\"@id\":\"https:\\\/\\\/www.organisator.ch\\\/sustainability\\\/2019-11-04\\\/fossilfreie-mobilitaet-ist-moeglich\\\/\"},\"wordCount\":305,\"commentCount\":0,\"publisher\":{\"@id\":\"https:\\\/\\\/www.organisator.ch\\\/#organization\"},\"image\":{\"@id\":\"https:\\\/\\\/www.organisator.ch\\\/sustainability\\\/2019-11-04\\\/fossilfreie-mobilitaet-ist-moeglich\\\/#primaryimage\"},\"thumbnailUrl\":\"https:\\\/\\\/www.organisator.ch\\\/wp-content\\\/uploads\\\/2019\\\/11\\\/fossilfreie-mobilitaet-moeglich-UP-Umwelt-Perspektiven.jpg\",\"keywords\":[\"E-Mobilit\u00e4t\",\"ENERGIE\",\"H2\",\"TCS\",\"Verkehr\"],\"articleSection\":[\"SUSTAINABILITY\"],\"inLanguage\":\"en-US\"},{\"@type\":\"WebPage\",\"@id\":\"https:\\\/\\\/www.organisator.ch\\\/sustainability\\\/2019-11-04\\\/fossilfreie-mobilitaet-ist-moeglich\\\/\",\"url\":\"https:\\\/\\\/www.organisator.ch\\\/sustainability\\\/2019-11-04\\\/fossilfreie-mobilitaet-ist-moeglich\\\/\",\"name\":\"Fossilfreie Mobilit\u00e4t ist m\u00f6glich - Organisator\",\"isPartOf\":{\"@id\":\"https:\\\/\\\/www.organisator.ch\\\/#website\"},\"primaryImageOfPage\":{\"@id\":\"https:\\\/\\\/www.organisator.ch\\\/sustainability\\\/2019-11-04\\\/fossilfreie-mobilitaet-ist-moeglich\\\/#primaryimage\"},\"image\":{\"@id\":\"https:\\\/\\\/www.organisator.ch\\\/sustainability\\\/2019-11-04\\\/fossilfreie-mobilitaet-ist-moeglich\\\/#primaryimage\"},\"thumbnailUrl\":\"https:\\\/\\\/www.organisator.ch\\\/wp-content\\\/uploads\\\/2019\\\/11\\\/fossilfreie-mobilitaet-moeglich-UP-Umwelt-Perspektiven.jpg\",\"datePublished\":\"2019-11-04T14:00:44+00:00\",\"dateModified\":\"2022-02-09T10:06:15+00:00\",\"description\":\"An einer Fachtagung \u00fcber Mobilit\u00e4t zeigte der VCS Verkehrs-Club der Schweiz am 24. Oktober 2019 auf, wie die Emissionen im Verkehr gesenkt werden k\u00f6nnen.\",\"breadcrumb\":{\"@id\":\"https:\\\/\\\/www.organisator.ch\\\/sustainability\\\/2019-11-04\\\/fossilfreie-mobilitaet-ist-moeglich\\\/#breadcrumb\"},\"inLanguage\":\"en-US\",\"potentialAction\":[{\"@type\":\"ReadAction\",\"target\":[\"https:\\\/\\\/www.organisator.ch\\\/sustainability\\\/2019-11-04\\\/fossilfreie-mobilitaet-ist-moeglich\\\/\"]}]},{\"@type\":\"ImageObject\",\"inLanguage\":\"en-US\",\"@id\":\"https:\\\/\\\/www.organisator.ch\\\/sustainability\\\/2019-11-04\\\/fossilfreie-mobilitaet-ist-moeglich\\\/#primaryimage\",\"url\":\"https:\\\/\\\/www.organisator.ch\\\/wp-content\\\/uploads\\\/2019\\\/11\\\/fossilfreie-mobilitaet-moeglich-UP-Umwelt-Perspektiven.jpg\",\"contentUrl\":\"https:\\\/\\\/www.organisator.ch\\\/wp-content\\\/uploads\\\/2019\\\/11\\\/fossilfreie-mobilitaet-moeglich-UP-Umwelt-Perspektiven.jpg\",\"width\":1197,\"height\":898,\"caption\":\"Mit einem Solarflugzeug, das in die Stratosph\u00e4re aufsteigen soll, m\u00f6chte Solarstratos das Potential von Elektroantrieben aufzeigen. (Bild: Solarstratos)\"},{\"@type\":\"BreadcrumbList\",\"@id\":\"https:\\\/\\\/www.organisator.ch\\\/sustainability\\\/2019-11-04\\\/fossilfreie-mobilitaet-ist-moeglich\\\/#breadcrumb\",\"itemListElement\":[{\"@type\":\"ListItem\",\"position\":1,\"name\":\"Home\",\"item\":\"https:\\\/\\\/www.organisator.ch\\\/\"},{\"@type\":\"ListItem\",\"position\":2,\"name\":\"Fossilfreie Mobilit\u00e4t ist m\u00f6glich\"}]},{\"@type\":\"WebSite\",\"@id\":\"https:\\\/\\\/www.organisator.ch\\\/#website\",\"url\":\"https:\\\/\\\/www.organisator.ch\\\/\",\"name\":\"Organisator\",\"description\":\"Kompetent. Praxisnah. Der ORGANISATOR bereitet in 10 Ausgaben pro Jahr die wesentlichen Themen f\u00fcr F\u00fchrungskr\u00e4fte von KMU auf.\",\"publisher\":{\"@id\":\"https:\\\/\\\/www.organisator.ch\\\/#organization\"},\"potentialAction\":[{\"@type\":\"SearchAction\",\"target\":{\"@type\":\"EntryPoint\",\"urlTemplate\":\"https:\\\/\\\/www.organisator.ch\\\/?s={search_term_string}\"},\"query-input\":{\"@type\":\"PropertyValueSpecification\",\"valueRequired\":true,\"valueName\":\"search_term_string\"}}],\"inLanguage\":\"en-US\"},{\"@type\":\"Organization\",\"@id\":\"https:\\\/\\\/www.organisator.ch\\\/#organization\",\"name\":\"Organisator\",\"url\":\"https:\\\/\\\/www.organisator.ch\\\/\",\"logo\":{\"@type\":\"ImageObject\",\"inLanguage\":\"en-US\",\"@id\":\"https:\\\/\\\/www.organisator.ch\\\/#\\\/schema\\\/logo\\\/image\\\/\",\"url\":\"https:\\\/\\\/www.organisator.ch\\\/wp-content\\\/uploads\\\/2022\\\/01\\\/Logo_Organisator_Website.png\",\"contentUrl\":\"https:\\\/\\\/www.organisator.ch\\\/wp-content\\\/uploads\\\/2022\\\/01\\\/Logo_Organisator_Website.png\",\"width\":800,\"height\":77,\"caption\":\"Organisator\"},\"image\":{\"@id\":\"https:\\\/\\\/www.organisator.ch\\\/#\\\/schema\\\/logo\\\/image\\\/\"},\"sameAs\":[\"https:\\\/\\\/www.facebook.com\\\/OrganisatorFachmagazin\",\"https:\\\/\\\/www.linkedin.com\\\/showcase\\\/organisator-das-magazin-fr-kmu\",\"https:\\\/\\\/www.xing.com\\\/news\\\/pages\\\/organisator-ch-695\",\"https:\\\/\\\/www.youtube.com\\\/channel\\\/UCGP2Sq0iWaZwT3BdIAQFYpw\"]},{\"@type\":\"Person\",\"@id\":\"https:\\\/\\\/www.organisator.ch\\\/#\\\/schema\\\/person\\\/134708ca9321c57b0362cceb7948ffbd\",\"name\":\"michael.merz\",\"image\":{\"@type\":\"ImageObject\",\"inLanguage\":\"en-US\",\"@id\":\"https:\\\/\\\/secure.gravatar.com\\\/avatar\\\/?s=96&d=mm&r=g\",\"url\":\"https:\\\/\\\/secure.gravatar.com\\\/avatar\\\/?s=96&d=mm&r=g\",\"contentUrl\":\"https:\\\/\\\/secure.gravatar.com\\\/avatar\\\/?s=96&d=mm&r=g\",\"caption\":\"michael.merz\"},\"url\":\"https:\\\/\\\/www.organisator.ch\\\/en\\\/author\\\/michael-merz\\\/\"}]}<\/script>\n<!-- \/ Yoast SEO plugin. -->","yoast_head_json":{"title":"Fossil-free mobility is possible - Organizer","description":"At a symposium on mobility on October 24, 2019, the VCS Verkehrs-Club der Schweiz showed how emissions from transport can be reduced.","robots":{"index":"index","follow":"follow","max-snippet":"max-snippet:-1","max-image-preview":"max-image-preview:large","max-video-preview":"max-video-preview:-1"},"canonical":"https:\/\/www.organisator.ch\/en\/sustainability\/2019-11-04\/fossilfreie-mobilitaet-ist-moeglich\/","og_locale":"en_US","og_type":"article","og_title":"Fossilfreie Mobilit\u00e4t ist m\u00f6glich - Organisator","og_description":"An einer Fachtagung \u00fcber Mobilit\u00e4t zeigte der VCS Verkehrs-Club der Schweiz am 24. Oktober 2019 auf, wie die Emissionen im Verkehr gesenkt werden k\u00f6nnen.","og_url":"https:\/\/www.organisator.ch\/en\/sustainability\/2019-11-04\/fossilfreie-mobilitaet-ist-moeglich\/","og_site_name":"Organisator","article_publisher":"https:\/\/www.facebook.com\/OrganisatorFachmagazin","article_published_time":"2019-11-04T14:00:44+00:00","article_modified_time":"2022-02-09T10:06:15+00:00","og_image":[{"width":1197,"height":898,"url":"https:\/\/www.organisator.ch\/wp-content\/uploads\/2019\/11\/fossilfreie-mobilitaet-moeglich-UP-Umwelt-Perspektiven.jpg","type":"image\/jpeg"}],"author":"michael.merz","twitter_card":"summary_large_image","schema":{"@context":"https:\/\/schema.org","@graph":[{"@type":"Article","@id":"https:\/\/www.organisator.ch\/sustainability\/2019-11-04\/fossilfreie-mobilitaet-ist-moeglich\/#article","isPartOf":{"@id":"https:\/\/www.organisator.ch\/sustainability\/2019-11-04\/fossilfreie-mobilitaet-ist-moeglich\/"},"author":{"name":"michael.merz","@id":"https:\/\/www.organisator.ch\/#\/schema\/person\/134708ca9321c57b0362cceb7948ffbd"},"headline":"Fossilfreie Mobilit\u00e4t ist m\u00f6glich","datePublished":"2019-11-04T14:00:44+00:00","dateModified":"2022-02-09T10:06:15+00:00","mainEntityOfPage":{"@id":"https:\/\/www.organisator.ch\/sustainability\/2019-11-04\/fossilfreie-mobilitaet-ist-moeglich\/"},"wordCount":305,"commentCount":0,"publisher":{"@id":"https:\/\/www.organisator.ch\/#organization"},"image":{"@id":"https:\/\/www.organisator.ch\/sustainability\/2019-11-04\/fossilfreie-mobilitaet-ist-moeglich\/#primaryimage"},"thumbnailUrl":"https:\/\/www.organisator.ch\/wp-content\/uploads\/2019\/11\/fossilfreie-mobilitaet-moeglich-UP-Umwelt-Perspektiven.jpg","keywords":["E-Mobilit\u00e4t","ENERGIE","H2","TCS","Verkehr"],"articleSection":["SUSTAINABILITY"],"inLanguage":"en-US"},{"@type":"WebPage","@id":"https:\/\/www.organisator.ch\/sustainability\/2019-11-04\/fossilfreie-mobilitaet-ist-moeglich\/","url":"https:\/\/www.organisator.ch\/sustainability\/2019-11-04\/fossilfreie-mobilitaet-ist-moeglich\/","name":"Fossil-free mobility is possible - Organizer","isPartOf":{"@id":"https:\/\/www.organisator.ch\/#website"},"primaryImageOfPage":{"@id":"https:\/\/www.organisator.ch\/sustainability\/2019-11-04\/fossilfreie-mobilitaet-ist-moeglich\/#primaryimage"},"image":{"@id":"https:\/\/www.organisator.ch\/sustainability\/2019-11-04\/fossilfreie-mobilitaet-ist-moeglich\/#primaryimage"},"thumbnailUrl":"https:\/\/www.organisator.ch\/wp-content\/uploads\/2019\/11\/fossilfreie-mobilitaet-moeglich-UP-Umwelt-Perspektiven.jpg","datePublished":"2019-11-04T14:00:44+00:00","dateModified":"2022-02-09T10:06:15+00:00","description":"At a symposium on mobility on October 24, 2019, the VCS Verkehrs-Club der Schweiz showed how emissions from transport can be reduced.","breadcrumb":{"@id":"https:\/\/www.organisator.ch\/sustainability\/2019-11-04\/fossilfreie-mobilitaet-ist-moeglich\/#breadcrumb"},"inLanguage":"en-US","potentialAction":[{"@type":"ReadAction","target":["https:\/\/www.organisator.ch\/sustainability\/2019-11-04\/fossilfreie-mobilitaet-ist-moeglich\/"]}]},{"@type":"ImageObject","inLanguage":"en-US","@id":"https:\/\/www.organisator.ch\/sustainability\/2019-11-04\/fossilfreie-mobilitaet-ist-moeglich\/#primaryimage","url":"https:\/\/www.organisator.ch\/wp-content\/uploads\/2019\/11\/fossilfreie-mobilitaet-moeglich-UP-Umwelt-Perspektiven.jpg","contentUrl":"https:\/\/www.organisator.ch\/wp-content\/uploads\/2019\/11\/fossilfreie-mobilitaet-moeglich-UP-Umwelt-Perspektiven.jpg","width":1197,"height":898,"caption":"Mit einem Solarflugzeug, das in die Stratosph\u00e4re aufsteigen soll, m\u00f6chte Solarstratos das Potential von Elektroantrieben aufzeigen. (Bild: Solarstratos)"},{"@type":"BreadcrumbList","@id":"https:\/\/www.organisator.ch\/sustainability\/2019-11-04\/fossilfreie-mobilitaet-ist-moeglich\/#breadcrumb","itemListElement":[{"@type":"ListItem","position":1,"name":"Home","item":"https:\/\/www.organisator.ch\/"},{"@type":"ListItem","position":2,"name":"Fossilfreie Mobilit\u00e4t ist m\u00f6glich"}]},{"@type":"WebSite","@id":"https:\/\/www.organisator.ch\/#website","url":"https:\/\/www.organisator.ch\/","name":"Organizer","description":"Competent. Practical. In 10 issues per year, ORGANISATOR presents the essential topics for managers of SMEs.","publisher":{"@id":"https:\/\/www.organisator.ch\/#organization"},"potentialAction":[{"@type":"SearchAction","target":{"@type":"EntryPoint","urlTemplate":"https:\/\/www.organisator.ch\/?s={search_term_string}"},"query-input":{"@type":"PropertyValueSpecification","valueRequired":true,"valueName":"search_term_string"}}],"inLanguage":"en-US"},{"@type":"Organization","@id":"https:\/\/www.organisator.ch\/#organization","name":"Organizer","url":"https:\/\/www.organisator.ch\/","logo":{"@type":"ImageObject","inLanguage":"en-US","@id":"https:\/\/www.organisator.ch\/#\/schema\/logo\/image\/","url":"https:\/\/www.organisator.ch\/wp-content\/uploads\/2022\/01\/Logo_Organisator_Website.png","contentUrl":"https:\/\/www.organisator.ch\/wp-content\/uploads\/2022\/01\/Logo_Organisator_Website.png","width":800,"height":77,"caption":"Organisator"},"image":{"@id":"https:\/\/www.organisator.ch\/#\/schema\/logo\/image\/"},"sameAs":["https:\/\/www.facebook.com\/OrganisatorFachmagazin","https:\/\/www.linkedin.com\/showcase\/organisator-das-magazin-fr-kmu","https:\/\/www.xing.com\/news\/pages\/organisator-ch-695","https:\/\/www.youtube.com\/channel\/UCGP2Sq0iWaZwT3BdIAQFYpw"]},{"@type":"Person","@id":"https:\/\/www.organisator.ch\/#\/schema\/person\/134708ca9321c57b0362cceb7948ffbd","name":"michael.merz","image":{"@type":"ImageObject","inLanguage":"en-US","@id":"https:\/\/secure.gravatar.com\/avatar\/?s=96&d=mm&r=g","url":"https:\/\/secure.gravatar.com\/avatar\/?s=96&d=mm&r=g","contentUrl":"https:\/\/secure.gravatar.com\/avatar\/?s=96&d=mm&r=g","caption":"michael.merz"},"url":"https:\/\/www.organisator.ch\/en\/author\/michael-merz\/"}]}},"_links":{"self":[{"href":"https:\/\/www.organisator.ch\/en\/wp-json\/wp\/v2\/posts\/2574","targetHints":{"allow":["GET"]}}],"collection":[{"href":"https:\/\/www.organisator.ch\/en\/wp-json\/wp\/v2\/posts"}],"about":[{"href":"https:\/\/www.organisator.ch\/en\/wp-json\/wp\/v2\/types\/post"}],"author":[{"embeddable":true,"href":"https:\/\/www.organisator.ch\/en\/wp-json\/wp\/v2\/users\/5"}],"replies":[{"embeddable":true,"href":"https:\/\/www.organisator.ch\/en\/wp-json\/wp\/v2\/comments?post=2574"}],"version-history":[{"count":1,"href":"https:\/\/www.organisator.ch\/en\/wp-json\/wp\/v2\/posts\/2574\/revisions"}],"predecessor-version":[{"id":10542,"href":"https:\/\/www.organisator.ch\/en\/wp-json\/wp\/v2\/posts\/2574\/revisions\/10542"}],"wp:featuredmedia":[{"embeddable":true,"href":"https:\/\/www.organisator.ch\/en\/wp-json\/wp\/v2\/media\/2575"}],"wp:attachment":[{"href":"https:\/\/www.organisator.ch\/en\/wp-json\/wp\/v2\/media?parent=2574"}],"wp:term":[{"taxonomy":"category","embeddable":true,"href":"https:\/\/www.organisator.ch\/en\/wp-json\/wp\/v2\/categories?post=2574"},{"taxonomy":"post_tag","embeddable":true,"href":"https:\/\/www.organisator.ch\/en\/wp-json\/wp\/v2\/tags?post=2574"}],"curies":[{"name":"wp","href":"https:\/\/api.w.org\/{rel}","templated":true}]}}