{"id":25797,"date":"2024-03-11T08:59:58","date_gmt":"2024-03-11T07:59:58","guid":{"rendered":"https:\/\/www.organisator.ch\/?p=25797"},"modified":"2024-03-11T09:38:38","modified_gmt":"2024-03-11T08:38:38","slug":"das-sind-die-gewinnerinnen-des-sef-womenaward-2024","status":"publish","type":"post","link":"https:\/\/www.organisator.ch\/en\/management\/2024-03-11\/das-sind-die-gewinnerinnen-des-sef-womenaward-2024\/","title":{"rendered":"These are the winners of the SEF.WomenAward 2024"},"content":{"rendered":"<figure id=\"attachment_25799\" aria-describedby=\"caption-attachment-25799\" style=\"width: 680px\" class=\"wp-caption alignnone\"><img loading=\"lazy\" decoding=\"async\" class=\"size-full wp-image-25799\" src=\"https:\/\/www.organisator.ch\/wp-content\/uploads\/2024\/03\/SEF-Woman-Award_Bild_ps.jpg\" alt=\"\" width=\"680\" height=\"453\" srcset=\"https:\/\/www.organisator.ch\/wp-content\/uploads\/2024\/03\/SEF-Woman-Award_Bild_ps.jpg 680w, https:\/\/www.organisator.ch\/wp-content\/uploads\/2024\/03\/SEF-Woman-Award_Bild_ps-18x12.jpg 18w, https:\/\/www.organisator.ch\/wp-content\/uploads\/2024\/03\/SEF-Woman-Award_Bild_ps-375x250.jpg 375w, https:\/\/www.organisator.ch\/wp-content\/uploads\/2024\/03\/SEF-Woman-Award_Bild_ps-525x350.jpg 525w\" sizes=\"auto, (max-width: 680px) 100vw, 680px\" \/><figcaption id=\"caption-attachment-25799\" class=\"wp-caption-text\">This year's winners of the SEF.WomanAward. (Image: NZZ Connect)<\/figcaption><\/figure>\n<p>This year's award winners are Alessia Schrepfer, WeNurse AG, as \"Young Entrepreneur of the Year\" and Sandra Banholzer, Rausch AG Kreuzlingen, as \"Entrepreneur\/CEO of the Year\". The honorary award was presented to Barbara Kux.<\/p>\n<p>The Swiss Economic Forum (SEF) has honored these three women for their outstanding entrepreneurial achievements. With the <strong>SEF.WomenAward <\/strong>the SEF pursues three objectives: Strengthening the visibility of business women among the general public, creating role models for the next generation and consolidating a future-oriented platform for women in business.<\/p>\n<h3><strong>Alessia Schrepfer - Young Entrepreneur of the Year 2024<\/strong><\/h3>\n<p>In October 2022, Schrepfer founded WeNurse AG, the first freelance pool in the healthcare sector that is \"owned\" by its employees. She is the driving force behind the vision of WeNurse, which stands for a better \"nursing future\" and the preservation of quality in the healthcare sector. The award rewards her for her courage in standing up for the future of women in the nursing profession.<\/p>\n<h3><strong>Sandra Banholzer - Entrepreneur\/CEO of the year 2024 <\/strong><\/h3>\n<p>Banholzer <a href=\"https:\/\/www.organisator.ch\/de\/abo\/2023-02-27\/eine-bodenstaendige-marke\/?preview_id=18885&amp;preview_nonce=26924cdd72&amp;_thumbnail_id=18886&amp;preview=true\">(Here is an interview with her from the year 2023)<\/a> has been at the helm of the traditional company Rausch AG Kreuzlingen for over 2 years. She is the first CEO who is not a member of the owner family. One of the things that convinced the jury was her ability to guide the company through the necessary cultural change with empathy and enthusiasm, while leading her team as equals.\u00a0<\/p>\n<h3><strong>Barbara Kux - Honorary award winner of the year 2024 <\/strong><\/h3>\n<p>Kux is an experienced board member and top manager. She is passionate about sustainability, corporate governance, diversity and Switzerland as a business location. She was the first woman on the Siemens Executive Board. To this day, she uses her experience in leadership development as a lecturer and honorary advisory board member.<\/p>\n<p><em>Source: <a href=\"http:\/\/www.swisseconomic.ch\">www.swisseconomic.ch<\/a><\/em><\/p>","protected":false},"excerpt":{"rendered":"<p>On March 8, 2024, the fourth SEF.WomenAward was presented at the gala evening at The Circle in Zurich. The women's business prize honors outstanding entrepreneurial achievements and is awarded in the categories of young female entrepreneur and female entrepreneur\/CEO of the year. In addition, the lifetime achievement of an exceptional businesswoman will be honored.<\/p>","protected":false},"author":58,"featured_media":25799,"comment_status":"closed","ping_status":"closed","sticky":false,"template":"","format":"standard","meta":{"_acf_changed":false,"_yoast_wpseo_focuskw":"SEF.WomenAward","_yoast_wpseo_metadesc":"Am 8. M\u00e4rz 2024 wurde anl\u00e4sslich des Gala-Abends im The Circle in Z\u00fcrich der vierte SEF.WomenAward verliehen.","articlekey":"","footnotes":""},"categories":[28],"tags":[65,335,424,4143],"class_list":["post-25797","post","type-post","status-publish","format-standard","has-post-thumbnail","hentry","category-management","tag-award","tag-management-und-unternehmensfuehrung","tag-schweiz","tag-unternehmerinnen"],"acf":[],"yoast_head":"<!-- This site is optimized with the Yoast SEO plugin v27.4 - https:\/\/yoast.com\/product\/yoast-seo-wordpress\/ -->\n<title>Das sind die Gewinnerinnen des SEF.WomenAward 2024 - Organisator<\/title>\n<meta name=\"description\" content=\"Am 8. M\u00e4rz 2024 wurde anl\u00e4sslich des Gala-Abends im The Circle in Z\u00fcrich der vierte SEF.WomenAward verliehen.\" \/>\n<meta name=\"robots\" content=\"index, follow, max-snippet:-1, max-image-preview:large, max-video-preview:-1\" \/>\n<link rel=\"canonical\" href=\"https:\/\/www.organisator.ch\/en\/management\/2024-03-11\/das-sind-die-gewinnerinnen-des-sef-womenaward-2024\/\" \/>\n<meta property=\"og:locale\" content=\"en_US\" \/>\n<meta property=\"og:type\" content=\"article\" \/>\n<meta property=\"og:title\" content=\"Das sind die Gewinnerinnen des SEF.WomenAward 2024\" \/>\n<meta property=\"og:description\" content=\"Am 8. M\u00e4rz 2024 wurde anl\u00e4sslich des Gala-Abends im The Circle in Z\u00fcrich der vierte SEF.WomenAward verliehen.\" \/>\n<meta property=\"og:url\" content=\"https:\/\/www.organisator.ch\/en\/management\/2024-03-11\/das-sind-die-gewinnerinnen-des-sef-womenaward-2024\/\" \/>\n<meta property=\"og:site_name\" content=\"Organisator\" \/>\n<meta property=\"article:publisher\" content=\"https:\/\/www.facebook.com\/OrganisatorFachmagazin\" \/>\n<meta property=\"article:published_time\" content=\"2024-03-11T07:59:58+00:00\" \/>\n<meta property=\"article:modified_time\" content=\"2024-03-11T08:38:38+00:00\" \/>\n<meta property=\"og:image\" content=\"https:\/\/www.organisator.ch\/wp-content\/uploads\/2024\/03\/SEF-Woman-Award_Bild_ps.jpg\" \/>\n\t<meta property=\"og:image:width\" content=\"680\" \/>\n\t<meta property=\"og:image:height\" content=\"453\" \/>\n\t<meta property=\"og:image:type\" content=\"image\/jpeg\" \/>\n<meta name=\"author\" content=\"Adelisa Kalajdzini\" \/>\n<meta name=\"twitter:card\" content=\"summary_large_image\" \/>\n<meta name=\"twitter:title\" content=\"Das sind die Gewinnerinnen des SEF.WomenAward 2024\" \/>\n<meta name=\"twitter:description\" content=\"Am 8. M\u00e4rz #2024 wurde anl\u00e4sslich des #Gala-Abends im The Circle in #Z\u00fcrich der vierte #SEF.WomenAward verliehen.\" \/>\n<meta name=\"twitter:image\" content=\"https:\/\/www.organisator.ch\/wp-content\/uploads\/2024\/03\/SEF-Woman-Award_Bild_ps.jpg\" \/>\n<script type=\"application\/ld+json\" class=\"yoast-schema-graph\">{\"@context\":\"https:\\\/\\\/schema.org\",\"@graph\":[{\"@type\":\"Article\",\"@id\":\"https:\\\/\\\/www.organisator.ch\\\/management\\\/2024-03-11\\\/das-sind-die-gewinnerinnen-des-sef-womenaward-2024\\\/#article\",\"isPartOf\":{\"@id\":\"https:\\\/\\\/www.organisator.ch\\\/management\\\/2024-03-11\\\/das-sind-die-gewinnerinnen-des-sef-womenaward-2024\\\/\"},\"author\":{\"name\":\"Adelisa Kalajdzini\",\"@id\":\"https:\\\/\\\/www.organisator.ch\\\/#\\\/schema\\\/person\\\/2e1314a2172123f874db408d8911d3f3\"},\"headline\":\"Das sind die Gewinnerinnen des SEF.WomenAward 2024\",\"datePublished\":\"2024-03-11T07:59:58+00:00\",\"dateModified\":\"2024-03-11T08:38:38+00:00\",\"mainEntityOfPage\":{\"@id\":\"https:\\\/\\\/www.organisator.ch\\\/management\\\/2024-03-11\\\/das-sind-die-gewinnerinnen-des-sef-womenaward-2024\\\/\"},\"wordCount\":309,\"publisher\":{\"@id\":\"https:\\\/\\\/www.organisator.ch\\\/#organization\"},\"image\":{\"@id\":\"https:\\\/\\\/www.organisator.ch\\\/management\\\/2024-03-11\\\/das-sind-die-gewinnerinnen-des-sef-womenaward-2024\\\/#primaryimage\"},\"thumbnailUrl\":\"https:\\\/\\\/www.organisator.ch\\\/wp-content\\\/uploads\\\/2024\\\/03\\\/SEF-Woman-Award_Bild_ps.jpg\",\"keywords\":[\"Award\",\"Management und Unternehmensf\u00fchrung\",\"Schweiz\",\"Unternehmerinnen\"],\"articleSection\":[\"MANAGEMENT\"],\"inLanguage\":\"en-US\"},{\"@type\":\"WebPage\",\"@id\":\"https:\\\/\\\/www.organisator.ch\\\/management\\\/2024-03-11\\\/das-sind-die-gewinnerinnen-des-sef-womenaward-2024\\\/\",\"url\":\"https:\\\/\\\/www.organisator.ch\\\/management\\\/2024-03-11\\\/das-sind-die-gewinnerinnen-des-sef-womenaward-2024\\\/\",\"name\":\"Das sind die Gewinnerinnen des SEF.WomenAward 2024 - Organisator\",\"isPartOf\":{\"@id\":\"https:\\\/\\\/www.organisator.ch\\\/#website\"},\"primaryImageOfPage\":{\"@id\":\"https:\\\/\\\/www.organisator.ch\\\/management\\\/2024-03-11\\\/das-sind-die-gewinnerinnen-des-sef-womenaward-2024\\\/#primaryimage\"},\"image\":{\"@id\":\"https:\\\/\\\/www.organisator.ch\\\/management\\\/2024-03-11\\\/das-sind-die-gewinnerinnen-des-sef-womenaward-2024\\\/#primaryimage\"},\"thumbnailUrl\":\"https:\\\/\\\/www.organisator.ch\\\/wp-content\\\/uploads\\\/2024\\\/03\\\/SEF-Woman-Award_Bild_ps.jpg\",\"datePublished\":\"2024-03-11T07:59:58+00:00\",\"dateModified\":\"2024-03-11T08:38:38+00:00\",\"description\":\"Am 8. M\u00e4rz 2024 wurde anl\u00e4sslich des Gala-Abends im The Circle in Z\u00fcrich der vierte SEF.WomenAward verliehen.\",\"breadcrumb\":{\"@id\":\"https:\\\/\\\/www.organisator.ch\\\/management\\\/2024-03-11\\\/das-sind-die-gewinnerinnen-des-sef-womenaward-2024\\\/#breadcrumb\"},\"inLanguage\":\"en-US\",\"potentialAction\":[{\"@type\":\"ReadAction\",\"target\":[\"https:\\\/\\\/www.organisator.ch\\\/management\\\/2024-03-11\\\/das-sind-die-gewinnerinnen-des-sef-womenaward-2024\\\/\"]}]},{\"@type\":\"ImageObject\",\"inLanguage\":\"en-US\",\"@id\":\"https:\\\/\\\/www.organisator.ch\\\/management\\\/2024-03-11\\\/das-sind-die-gewinnerinnen-des-sef-womenaward-2024\\\/#primaryimage\",\"url\":\"https:\\\/\\\/www.organisator.ch\\\/wp-content\\\/uploads\\\/2024\\\/03\\\/SEF-Woman-Award_Bild_ps.jpg\",\"contentUrl\":\"https:\\\/\\\/www.organisator.ch\\\/wp-content\\\/uploads\\\/2024\\\/03\\\/SEF-Woman-Award_Bild_ps.jpg\",\"width\":680,\"height\":453,\"caption\":\"Die diesj\u00e4hrigen Preistr\u00e4gerinnen des SEF.WomanAward. (Bild: NZZ Connect)\"},{\"@type\":\"BreadcrumbList\",\"@id\":\"https:\\\/\\\/www.organisator.ch\\\/management\\\/2024-03-11\\\/das-sind-die-gewinnerinnen-des-sef-womenaward-2024\\\/#breadcrumb\",\"itemListElement\":[{\"@type\":\"ListItem\",\"position\":1,\"name\":\"Home\",\"item\":\"https:\\\/\\\/www.organisator.ch\\\/\"},{\"@type\":\"ListItem\",\"position\":2,\"name\":\"Das sind die Gewinnerinnen des SEF.WomenAward 2024\"}]},{\"@type\":\"WebSite\",\"@id\":\"https:\\\/\\\/www.organisator.ch\\\/#website\",\"url\":\"https:\\\/\\\/www.organisator.ch\\\/\",\"name\":\"Organisator\",\"description\":\"Kompetent. Praxisnah. Der ORGANISATOR bereitet in 10 Ausgaben pro Jahr die wesentlichen Themen f\u00fcr F\u00fchrungskr\u00e4fte von KMU auf.\",\"publisher\":{\"@id\":\"https:\\\/\\\/www.organisator.ch\\\/#organization\"},\"potentialAction\":[{\"@type\":\"SearchAction\",\"target\":{\"@type\":\"EntryPoint\",\"urlTemplate\":\"https:\\\/\\\/www.organisator.ch\\\/?s={search_term_string}\"},\"query-input\":{\"@type\":\"PropertyValueSpecification\",\"valueRequired\":true,\"valueName\":\"search_term_string\"}}],\"inLanguage\":\"en-US\"},{\"@type\":\"Organization\",\"@id\":\"https:\\\/\\\/www.organisator.ch\\\/#organization\",\"name\":\"Organisator\",\"url\":\"https:\\\/\\\/www.organisator.ch\\\/\",\"logo\":{\"@type\":\"ImageObject\",\"inLanguage\":\"en-US\",\"@id\":\"https:\\\/\\\/www.organisator.ch\\\/#\\\/schema\\\/logo\\\/image\\\/\",\"url\":\"https:\\\/\\\/www.organisator.ch\\\/wp-content\\\/uploads\\\/2022\\\/01\\\/Logo_Organisator_Website.png\",\"contentUrl\":\"https:\\\/\\\/www.organisator.ch\\\/wp-content\\\/uploads\\\/2022\\\/01\\\/Logo_Organisator_Website.png\",\"width\":800,\"height\":77,\"caption\":\"Organisator\"},\"image\":{\"@id\":\"https:\\\/\\\/www.organisator.ch\\\/#\\\/schema\\\/logo\\\/image\\\/\"},\"sameAs\":[\"https:\\\/\\\/www.facebook.com\\\/OrganisatorFachmagazin\",\"https:\\\/\\\/www.linkedin.com\\\/showcase\\\/organisator-das-magazin-fr-kmu\",\"https:\\\/\\\/www.xing.com\\\/news\\\/pages\\\/organisator-ch-695\",\"https:\\\/\\\/www.youtube.com\\\/channel\\\/UCGP2Sq0iWaZwT3BdIAQFYpw\"]},{\"@type\":\"Person\",\"@id\":\"https:\\\/\\\/www.organisator.ch\\\/#\\\/schema\\\/person\\\/2e1314a2172123f874db408d8911d3f3\",\"name\":\"Adelisa Kalajdzini\",\"image\":{\"@type\":\"ImageObject\",\"inLanguage\":\"en-US\",\"@id\":\"https:\\\/\\\/secure.gravatar.com\\\/avatar\\\/09a397c22ac58cad6f160ee8306348599df9df58a8ede73696226897b9fa4b24?s=96&d=mm&r=g\",\"url\":\"https:\\\/\\\/secure.gravatar.com\\\/avatar\\\/09a397c22ac58cad6f160ee8306348599df9df58a8ede73696226897b9fa4b24?s=96&d=mm&r=g\",\"contentUrl\":\"https:\\\/\\\/secure.gravatar.com\\\/avatar\\\/09a397c22ac58cad6f160ee8306348599df9df58a8ede73696226897b9fa4b24?s=96&d=mm&r=g\",\"caption\":\"Adelisa Kalajdzini\"},\"url\":\"https:\\\/\\\/www.organisator.ch\\\/en\\\/author\\\/adelisa-kalajdzini\\\/\"}]}<\/script>\n<!-- \/ Yoast SEO plugin. -->","yoast_head_json":{"title":"These are the winners of the SEF.WomenAward 2024 - Organizer","description":"On March 8, 2024, the fourth SEF.WomenAward was presented at the gala evening at The Circle in Zurich.","robots":{"index":"index","follow":"follow","max-snippet":"max-snippet:-1","max-image-preview":"max-image-preview:large","max-video-preview":"max-video-preview:-1"},"canonical":"https:\/\/www.organisator.ch\/en\/management\/2024-03-11\/das-sind-die-gewinnerinnen-des-sef-womenaward-2024\/","og_locale":"en_US","og_type":"article","og_title":"Das sind die Gewinnerinnen des SEF.WomenAward 2024","og_description":"Am 8. M\u00e4rz 2024 wurde anl\u00e4sslich des Gala-Abends im The Circle in Z\u00fcrich der vierte SEF.WomenAward verliehen.","og_url":"https:\/\/www.organisator.ch\/en\/management\/2024-03-11\/das-sind-die-gewinnerinnen-des-sef-womenaward-2024\/","og_site_name":"Organisator","article_publisher":"https:\/\/www.facebook.com\/OrganisatorFachmagazin","article_published_time":"2024-03-11T07:59:58+00:00","article_modified_time":"2024-03-11T08:38:38+00:00","og_image":[{"width":680,"height":453,"url":"https:\/\/www.organisator.ch\/wp-content\/uploads\/2024\/03\/SEF-Woman-Award_Bild_ps.jpg","type":"image\/jpeg"}],"author":"Adelisa Kalajdzini","twitter_card":"summary_large_image","twitter_title":"Das sind die Gewinnerinnen des SEF.WomenAward 2024","twitter_description":"Am 8. M\u00e4rz #2024 wurde anl\u00e4sslich des #Gala-Abends im The Circle in #Z\u00fcrich der vierte #SEF.WomenAward verliehen.","twitter_image":"https:\/\/www.organisator.ch\/wp-content\/uploads\/2024\/03\/SEF-Woman-Award_Bild_ps.jpg","schema":{"@context":"https:\/\/schema.org","@graph":[{"@type":"Article","@id":"https:\/\/www.organisator.ch\/management\/2024-03-11\/das-sind-die-gewinnerinnen-des-sef-womenaward-2024\/#article","isPartOf":{"@id":"https:\/\/www.organisator.ch\/management\/2024-03-11\/das-sind-die-gewinnerinnen-des-sef-womenaward-2024\/"},"author":{"name":"Adelisa Kalajdzini","@id":"https:\/\/www.organisator.ch\/#\/schema\/person\/2e1314a2172123f874db408d8911d3f3"},"headline":"Das sind die Gewinnerinnen des SEF.WomenAward 2024","datePublished":"2024-03-11T07:59:58+00:00","dateModified":"2024-03-11T08:38:38+00:00","mainEntityOfPage":{"@id":"https:\/\/www.organisator.ch\/management\/2024-03-11\/das-sind-die-gewinnerinnen-des-sef-womenaward-2024\/"},"wordCount":309,"publisher":{"@id":"https:\/\/www.organisator.ch\/#organization"},"image":{"@id":"https:\/\/www.organisator.ch\/management\/2024-03-11\/das-sind-die-gewinnerinnen-des-sef-womenaward-2024\/#primaryimage"},"thumbnailUrl":"https:\/\/www.organisator.ch\/wp-content\/uploads\/2024\/03\/SEF-Woman-Award_Bild_ps.jpg","keywords":["Award","Management und Unternehmensf\u00fchrung","Schweiz","Unternehmerinnen"],"articleSection":["MANAGEMENT"],"inLanguage":"en-US"},{"@type":"WebPage","@id":"https:\/\/www.organisator.ch\/management\/2024-03-11\/das-sind-die-gewinnerinnen-des-sef-womenaward-2024\/","url":"https:\/\/www.organisator.ch\/management\/2024-03-11\/das-sind-die-gewinnerinnen-des-sef-womenaward-2024\/","name":"These are the winners of the SEF.WomenAward 2024 - Organizer","isPartOf":{"@id":"https:\/\/www.organisator.ch\/#website"},"primaryImageOfPage":{"@id":"https:\/\/www.organisator.ch\/management\/2024-03-11\/das-sind-die-gewinnerinnen-des-sef-womenaward-2024\/#primaryimage"},"image":{"@id":"https:\/\/www.organisator.ch\/management\/2024-03-11\/das-sind-die-gewinnerinnen-des-sef-womenaward-2024\/#primaryimage"},"thumbnailUrl":"https:\/\/www.organisator.ch\/wp-content\/uploads\/2024\/03\/SEF-Woman-Award_Bild_ps.jpg","datePublished":"2024-03-11T07:59:58+00:00","dateModified":"2024-03-11T08:38:38+00:00","description":"On March 8, 2024, the fourth SEF.WomenAward was presented at the gala evening at The Circle in Zurich.","breadcrumb":{"@id":"https:\/\/www.organisator.ch\/management\/2024-03-11\/das-sind-die-gewinnerinnen-des-sef-womenaward-2024\/#breadcrumb"},"inLanguage":"en-US","potentialAction":[{"@type":"ReadAction","target":["https:\/\/www.organisator.ch\/management\/2024-03-11\/das-sind-die-gewinnerinnen-des-sef-womenaward-2024\/"]}]},{"@type":"ImageObject","inLanguage":"en-US","@id":"https:\/\/www.organisator.ch\/management\/2024-03-11\/das-sind-die-gewinnerinnen-des-sef-womenaward-2024\/#primaryimage","url":"https:\/\/www.organisator.ch\/wp-content\/uploads\/2024\/03\/SEF-Woman-Award_Bild_ps.jpg","contentUrl":"https:\/\/www.organisator.ch\/wp-content\/uploads\/2024\/03\/SEF-Woman-Award_Bild_ps.jpg","width":680,"height":453,"caption":"Die diesj\u00e4hrigen Preistr\u00e4gerinnen des SEF.WomanAward. (Bild: NZZ Connect)"},{"@type":"BreadcrumbList","@id":"https:\/\/www.organisator.ch\/management\/2024-03-11\/das-sind-die-gewinnerinnen-des-sef-womenaward-2024\/#breadcrumb","itemListElement":[{"@type":"ListItem","position":1,"name":"Home","item":"https:\/\/www.organisator.ch\/"},{"@type":"ListItem","position":2,"name":"Das sind die Gewinnerinnen des SEF.WomenAward 2024"}]},{"@type":"WebSite","@id":"https:\/\/www.organisator.ch\/#website","url":"https:\/\/www.organisator.ch\/","name":"Organizer","description":"Competent. Practical. In 10 issues per year, ORGANISATOR presents the essential topics for managers of SMEs.","publisher":{"@id":"https:\/\/www.organisator.ch\/#organization"},"potentialAction":[{"@type":"SearchAction","target":{"@type":"EntryPoint","urlTemplate":"https:\/\/www.organisator.ch\/?s={search_term_string}"},"query-input":{"@type":"PropertyValueSpecification","valueRequired":true,"valueName":"search_term_string"}}],"inLanguage":"en-US"},{"@type":"Organization","@id":"https:\/\/www.organisator.ch\/#organization","name":"Organizer","url":"https:\/\/www.organisator.ch\/","logo":{"@type":"ImageObject","inLanguage":"en-US","@id":"https:\/\/www.organisator.ch\/#\/schema\/logo\/image\/","url":"https:\/\/www.organisator.ch\/wp-content\/uploads\/2022\/01\/Logo_Organisator_Website.png","contentUrl":"https:\/\/www.organisator.ch\/wp-content\/uploads\/2022\/01\/Logo_Organisator_Website.png","width":800,"height":77,"caption":"Organisator"},"image":{"@id":"https:\/\/www.organisator.ch\/#\/schema\/logo\/image\/"},"sameAs":["https:\/\/www.facebook.com\/OrganisatorFachmagazin","https:\/\/www.linkedin.com\/showcase\/organisator-das-magazin-fr-kmu","https:\/\/www.xing.com\/news\/pages\/organisator-ch-695","https:\/\/www.youtube.com\/channel\/UCGP2Sq0iWaZwT3BdIAQFYpw"]},{"@type":"Person","@id":"https:\/\/www.organisator.ch\/#\/schema\/person\/2e1314a2172123f874db408d8911d3f3","name":"Adelisa Kalajdzini","image":{"@type":"ImageObject","inLanguage":"en-US","@id":"https:\/\/secure.gravatar.com\/avatar\/09a397c22ac58cad6f160ee8306348599df9df58a8ede73696226897b9fa4b24?s=96&d=mm&r=g","url":"https:\/\/secure.gravatar.com\/avatar\/09a397c22ac58cad6f160ee8306348599df9df58a8ede73696226897b9fa4b24?s=96&d=mm&r=g","contentUrl":"https:\/\/secure.gravatar.com\/avatar\/09a397c22ac58cad6f160ee8306348599df9df58a8ede73696226897b9fa4b24?s=96&d=mm&r=g","caption":"Adelisa Kalajdzini"},"url":"https:\/\/www.organisator.ch\/en\/author\/adelisa-kalajdzini\/"}]}},"_links":{"self":[{"href":"https:\/\/www.organisator.ch\/en\/wp-json\/wp\/v2\/posts\/25797","targetHints":{"allow":["GET"]}}],"collection":[{"href":"https:\/\/www.organisator.ch\/en\/wp-json\/wp\/v2\/posts"}],"about":[{"href":"https:\/\/www.organisator.ch\/en\/wp-json\/wp\/v2\/types\/post"}],"author":[{"embeddable":true,"href":"https:\/\/www.organisator.ch\/en\/wp-json\/wp\/v2\/users\/58"}],"replies":[{"embeddable":true,"href":"https:\/\/www.organisator.ch\/en\/wp-json\/wp\/v2\/comments?post=25797"}],"version-history":[{"count":8,"href":"https:\/\/www.organisator.ch\/en\/wp-json\/wp\/v2\/posts\/25797\/revisions"}],"predecessor-version":[{"id":25809,"href":"https:\/\/www.organisator.ch\/en\/wp-json\/wp\/v2\/posts\/25797\/revisions\/25809"}],"wp:featuredmedia":[{"embeddable":true,"href":"https:\/\/www.organisator.ch\/en\/wp-json\/wp\/v2\/media\/25799"}],"wp:attachment":[{"href":"https:\/\/www.organisator.ch\/en\/wp-json\/wp\/v2\/media?parent=25797"}],"wp:term":[{"taxonomy":"category","embeddable":true,"href":"https:\/\/www.organisator.ch\/en\/wp-json\/wp\/v2\/categories?post=25797"},{"taxonomy":"post_tag","embeddable":true,"href":"https:\/\/www.organisator.ch\/en\/wp-json\/wp\/v2\/tags?post=25797"}],"curies":[{"name":"wp","href":"https:\/\/api.w.org\/{rel}","templated":true}]}}