{"id":25810,"date":"2024-03-12T07:03:59","date_gmt":"2024-03-12T06:03:59","guid":{"rendered":"https:\/\/www.organisator.ch\/?p=25810"},"modified":"2024-03-28T09:15:06","modified_gmt":"2024-03-28T08:15:06","slug":"schweizer-unternehmen-beschaeftigungstrends-im-zweiten-quartal-2024","status":"publish","type":"post","link":"https:\/\/www.organisator.ch\/en\/human-resources\/hrm\/2024-03-12\/schweizer-unternehmen-beschaeftigungstrends-im-zweiten-quartal-2024\/","title":{"rendered":"Swiss companies: Employment trends in the second quarter of 2024"},"content":{"rendered":"<figure id=\"attachment_25815\" aria-describedby=\"caption-attachment-25815\" style=\"width: 680px\" class=\"wp-caption alignnone\"><img loading=\"lazy\" decoding=\"async\" class=\"size-full wp-image-25815\" src=\"https:\/\/www.organisator.ch\/wp-content\/uploads\/2024\/03\/Manpower-Group_Bild1_ps.jpg\" alt=\"\" width=\"680\" height=\"454\" srcset=\"https:\/\/www.organisator.ch\/wp-content\/uploads\/2024\/03\/Manpower-Group_Bild1_ps.jpg 680w, https:\/\/www.organisator.ch\/wp-content\/uploads\/2024\/03\/Manpower-Group_Bild1_ps-18x12.jpg 18w, https:\/\/www.organisator.ch\/wp-content\/uploads\/2024\/03\/Manpower-Group_Bild1_ps-375x250.jpg 375w, https:\/\/www.organisator.ch\/wp-content\/uploads\/2024\/03\/Manpower-Group_Bild1_ps-524x350.jpg 524w\" sizes=\"auto, (max-width: 680px) 100vw, 680px\" \/><figcaption id=\"caption-attachment-25815\" class=\"wp-caption-text\">Switzerland ranks second in the EMEA region with the strongest hiring intentions. (Image: www.depositphotos.com)<\/figcaption><\/figure>\n<p>According to the latest ManpowerGroup employment outlook survey, optimism in Switzerland remains intact: The seasonally adjusted net employment outlook of 29% - although down 2 percentage points on the previous quarter and 4 percentage points on the previous year - indicates a continued demand for talent, albeit to a lesser extent.<\/p>\n<p>\"Despite the market downturn and a slight negative trend revealed by the ManpowerGroup survey, hiring intentions remain stable. The ongoing skills shortage, demographic change and transformative trends such as AI and environmental concerns continue to drive demand for new talent and boost hiring intentions,\" says Eric Jeannerod, Country Manager ManpowerGroup Switzerland.<\/p>\n<figure id=\"attachment_25812\" aria-describedby=\"caption-attachment-25812\" style=\"width: 680px\" class=\"wp-caption alignnone\"><img loading=\"lazy\" decoding=\"async\" class=\"size-full wp-image-25812\" src=\"https:\/\/www.organisator.ch\/wp-content\/uploads\/2024\/03\/Manpower-Group_Grafik1_ps.jpg\" alt=\"\" width=\"680\" height=\"241\" srcset=\"https:\/\/www.organisator.ch\/wp-content\/uploads\/2024\/03\/Manpower-Group_Grafik1_ps.jpg 680w, https:\/\/www.organisator.ch\/wp-content\/uploads\/2024\/03\/Manpower-Group_Grafik1_ps-18x6.jpg 18w, https:\/\/www.organisator.ch\/wp-content\/uploads\/2024\/03\/Manpower-Group_Grafik1_ps-375x133.jpg 375w\" sizes=\"auto, (max-width: 680px) 100vw, 680px\" \/><figcaption id=\"caption-attachment-25812\" class=\"wp-caption-text\">(Image: www.manpowergroup.com)<\/figcaption><\/figure>\n<p><strong>Switzerland is an exception<\/strong><\/p>\n<p>Globally, employers are bracing for potential volatility in 2024 as geopolitical tensions are a cause for concern despite the predicted economic recovery and easing inflation. The reluctance to hire can be seen across all regions, with 39 out of 41 countries reporting a decline in employment prospects by an average of -6 percentage points compared to the previous quarter and -5 percentage points compared to the previous year.<\/p>\n<p>Switzerland performs well in a European comparison and is in second place in the Europe, Middle East and Africa (EMEA) economic area with its hiring intentions, which are 14 points above the regional average. The Netherlands took first place with a net employment outlook of 32%. In Switzerland's neighboring countries, hiring intentions also remain positive, albeit at a much lower level compared to previous quarters: In France, 18% of employers are planning to hire, in Austria and Germany the figure is 17% and in Italy the net employment outlook is 9%.<\/p>\n<figure id=\"attachment_25813\" aria-describedby=\"caption-attachment-25813\" style=\"width: 680px\" class=\"wp-caption alignnone\"><img loading=\"lazy\" decoding=\"async\" class=\"size-full wp-image-25813\" src=\"https:\/\/www.organisator.ch\/wp-content\/uploads\/2024\/03\/Manpower-Group_Grafik2_ps.jpg\" alt=\"\" width=\"680\" height=\"413\" srcset=\"https:\/\/www.organisator.ch\/wp-content\/uploads\/2024\/03\/Manpower-Group_Grafik2_ps.jpg 680w, https:\/\/www.organisator.ch\/wp-content\/uploads\/2024\/03\/Manpower-Group_Grafik2_ps-18x12.jpg 18w, https:\/\/www.organisator.ch\/wp-content\/uploads\/2024\/03\/Manpower-Group_Grafik2_ps-375x228.jpg 375w, https:\/\/www.organisator.ch\/wp-content\/uploads\/2024\/03\/Manpower-Group_Grafik2_ps-576x350.jpg 576w\" sizes=\"auto, (max-width: 680px) 100vw, 680px\" \/><figcaption id=\"caption-attachment-25813\" class=\"wp-caption-text\">(Image: www.manpowergroup.com)<\/figcaption><\/figure>\n<p><strong>Ticino is the big loser<\/strong><\/p>\n<p>Positive employment prospects are reported in six out of seven Swiss regions for the second quarter of 2024, with values ranging from 21% to 50%. Although the ongoing staff shortage is keeping the outlook high, Swiss employers are hiring slightly more cautiously than before. The employment landscape in Switzerland faces challenges in the coming quarter, mainly influenced by last year's economic difficulties and lower global demand.<\/p>\n<p>This situation is reflected in Ticino, a region with a significant manufacturing sector, where the drop in demand has led to a decline in employment opportunities.  Ticino reports a negative outlook of -14% (a decline of 40 percentage points since the last quarter and 33 percentage points since the same quarter last year).<\/p>\n<p>Compared to the first quarter of 2024, the net employment outlook has fallen in two other regions (Espace Mittelland -6% and Zurich -4%). Compared to the previous year, however, the net employment outlook has risen in five regions (Lake Geneva region +20 percentage points, Northwestern Switzerland +19 percentage points Central Switzerland +14 percentage points Zurich +10 percentage points and Eastern Switzerland +1 percentage point<\/p>\n<p><strong>Marked losses in certain sectors<\/strong><\/p>\n<p>A look at the various sectors shows that new hires are planned in 8 of the 9 economic sectors surveyed. The highest net hiring intentions are reported by companies in the following sectors: Healthcare and Life Sciences (44%), Finance and Real Estate (43%), Transportation, Logistics and Automotive (42%), Consumer Goods and Services (41%). The \"Communication Services\" sector reports a negative employment forecast of -8%, a decline of 54 percentage points since the last quarter and 74 percentage points since the same quarter last year.\u00a0<\/p>\n<figure id=\"attachment_25814\" aria-describedby=\"caption-attachment-25814\" style=\"width: 680px\" class=\"wp-caption alignnone\"><img loading=\"lazy\" decoding=\"async\" class=\"size-full wp-image-25814\" src=\"https:\/\/www.organisator.ch\/wp-content\/uploads\/2024\/03\/Manpower-Group_Grafik3_ps.jpg\" alt=\"\" width=\"680\" height=\"179\" srcset=\"https:\/\/www.organisator.ch\/wp-content\/uploads\/2024\/03\/Manpower-Group_Grafik3_ps.jpg 680w, https:\/\/www.organisator.ch\/wp-content\/uploads\/2024\/03\/Manpower-Group_Grafik3_ps-18x5.jpg 18w, https:\/\/www.organisator.ch\/wp-content\/uploads\/2024\/03\/Manpower-Group_Grafik3_ps-375x99.jpg 375w\" sizes=\"auto, (max-width: 680px) 100vw, 680px\" \/><figcaption id=\"caption-attachment-25814\" class=\"wp-caption-text\">(Image: www.manpowergroup.com)<\/figcaption><\/figure>\n<p>With a value of 21%, companies in the IT sector recorded the lowest employment outlook since the beginning of 2022, a sharp decline of 41 percentage points compared to the first quarter of 2024; year-on-year, the employment outlook fell by 15 percentage points.<\/p>\n<p>In terms of company size, medium and large companies are planning to hire, with the exception of companies with fewer than 10 employees (which report a negative NEO of -16%). Companies with 50-249 employees report the highest employment intentions (45 %) for the second quarter of 2024, followed by companies with 250-999 employees (38 %).<\/p>\n<p><em>Source: <a href=\"http:\/\/www.manpowergroup.com\">www.manpowergroup.com<\/a><\/em><\/p>","protected":false},"excerpt":{"rendered":"<p>Despite economic challenges, the Swiss hiring outlook for the second quarter of 2024 remains positive Switzerland stands out amidst global volatility and ranks second in the EMEA region with the strongest hiring intentions.<\/p>","protected":false},"author":58,"featured_media":25815,"comment_status":"closed","ping_status":"closed","sticky":false,"template":"","format":"standard","meta":{"_acf_changed":false,"_yoast_wpseo_focuskw":"Besch\u00e4ftigungstrends","_yoast_wpseo_metadesc":"Trotz wirtschaftlicher Herausforderungen bleiben die Schweizer Einstellungsaussichten f\u00fcr das zweite Quartal 2024 positiv.","articlekey":"","footnotes":""},"categories":[26],"tags":[254,424,487,492],"class_list":["post-25810","post","type-post","status-publish","format-standard","has-post-thumbnail","hentry","category-hrm","tag-hrm","tag-schweiz","tag-umfrage","tag-unternehmen"],"acf":[],"yoast_head":"<!-- This site is optimized with the Yoast SEO plugin v27.4 - https:\/\/yoast.com\/product\/yoast-seo-wordpress\/ -->\n<title>Schweizer Unternehmen: Besch\u00e4ftigungstrends im zweiten Quartal 2024 - Organisator<\/title>\n<meta name=\"description\" content=\"Trotz wirtschaftlicher Herausforderungen bleiben die Schweizer Einstellungsaussichten f\u00fcr das zweite Quartal 2024 positiv.\" \/>\n<meta name=\"robots\" content=\"index, follow, max-snippet:-1, max-image-preview:large, max-video-preview:-1\" \/>\n<link rel=\"canonical\" href=\"https:\/\/www.organisator.ch\/en\/human-resources\/hrm\/2024-03-12\/schweizer-unternehmen-beschaeftigungstrends-im-zweiten-quartal-2024\/\" \/>\n<meta property=\"og:locale\" content=\"en_US\" \/>\n<meta property=\"og:type\" content=\"article\" \/>\n<meta property=\"og:title\" content=\"Schweizer Unternehmen: Besch\u00e4ftigungstrends im zweiten Quartal 2024\" \/>\n<meta property=\"og:description\" content=\"Trotz wirtschaftlicher Herausforderungen bleiben die Schweizer Einstellungsaussichten f\u00fcr das zweite Quartal 2024 positiv.\" \/>\n<meta property=\"og:url\" content=\"https:\/\/www.organisator.ch\/en\/human-resources\/hrm\/2024-03-12\/schweizer-unternehmen-beschaeftigungstrends-im-zweiten-quartal-2024\/\" \/>\n<meta property=\"og:site_name\" content=\"Organisator\" \/>\n<meta property=\"article:publisher\" content=\"https:\/\/www.facebook.com\/OrganisatorFachmagazin\" \/>\n<meta property=\"article:published_time\" content=\"2024-03-12T06:03:59+00:00\" \/>\n<meta property=\"article:modified_time\" content=\"2024-03-28T08:15:06+00:00\" \/>\n<meta property=\"og:image\" content=\"https:\/\/www.organisator.ch\/wp-content\/uploads\/2024\/03\/Manpower-Group_Bild1_ps.jpg\" \/>\n\t<meta property=\"og:image:width\" content=\"680\" \/>\n\t<meta property=\"og:image:height\" content=\"454\" \/>\n\t<meta property=\"og:image:type\" content=\"image\/jpeg\" \/>\n<meta name=\"author\" content=\"Adelisa Kalajdzini\" \/>\n<meta name=\"twitter:card\" content=\"summary_large_image\" \/>\n<meta name=\"twitter:title\" content=\"Schweizer Unternehmen: Besch\u00e4ftigungstrends im zweiten Quartal 2024\" \/>\n<meta name=\"twitter:description\" content=\"Trotz wirtschaftlicher Herausforderungen bleiben die #Schweizer #Einstellungsaussichten f\u00fcr das #zweite #Quartal #2024 #positiv.\" \/>\n<meta name=\"twitter:image\" content=\"https:\/\/www.organisator.ch\/wp-content\/uploads\/2024\/03\/Manpower-Group_Bild1_ps.jpg\" \/>\n<script type=\"application\/ld+json\" class=\"yoast-schema-graph\">{\"@context\":\"https:\\\/\\\/schema.org\",\"@graph\":[{\"@type\":\"Article\",\"@id\":\"https:\\\/\\\/www.organisator.ch\\\/human-resources\\\/hrm\\\/2024-03-12\\\/schweizer-unternehmen-beschaeftigungstrends-im-zweiten-quartal-2024\\\/#article\",\"isPartOf\":{\"@id\":\"https:\\\/\\\/www.organisator.ch\\\/human-resources\\\/hrm\\\/2024-03-12\\\/schweizer-unternehmen-beschaeftigungstrends-im-zweiten-quartal-2024\\\/\"},\"author\":{\"name\":\"Adelisa Kalajdzini\",\"@id\":\"https:\\\/\\\/www.organisator.ch\\\/#\\\/schema\\\/person\\\/2e1314a2172123f874db408d8911d3f3\"},\"headline\":\"Schweizer Unternehmen: Besch\u00e4ftigungstrends im zweiten Quartal 2024\",\"datePublished\":\"2024-03-12T06:03:59+00:00\",\"dateModified\":\"2024-03-28T08:15:06+00:00\",\"mainEntityOfPage\":{\"@id\":\"https:\\\/\\\/www.organisator.ch\\\/human-resources\\\/hrm\\\/2024-03-12\\\/schweizer-unternehmen-beschaeftigungstrends-im-zweiten-quartal-2024\\\/\"},\"wordCount\":657,\"publisher\":{\"@id\":\"https:\\\/\\\/www.organisator.ch\\\/#organization\"},\"image\":{\"@id\":\"https:\\\/\\\/www.organisator.ch\\\/human-resources\\\/hrm\\\/2024-03-12\\\/schweizer-unternehmen-beschaeftigungstrends-im-zweiten-quartal-2024\\\/#primaryimage\"},\"thumbnailUrl\":\"https:\\\/\\\/www.organisator.ch\\\/wp-content\\\/uploads\\\/2024\\\/03\\\/Manpower-Group_Bild1_ps.jpg\",\"keywords\":[\"HRM\",\"Schweiz\",\"Umfrage\",\"Unternehmen\"],\"articleSection\":[\"HRM\"],\"inLanguage\":\"en-US\"},{\"@type\":\"WebPage\",\"@id\":\"https:\\\/\\\/www.organisator.ch\\\/human-resources\\\/hrm\\\/2024-03-12\\\/schweizer-unternehmen-beschaeftigungstrends-im-zweiten-quartal-2024\\\/\",\"url\":\"https:\\\/\\\/www.organisator.ch\\\/human-resources\\\/hrm\\\/2024-03-12\\\/schweizer-unternehmen-beschaeftigungstrends-im-zweiten-quartal-2024\\\/\",\"name\":\"Schweizer Unternehmen: Besch\u00e4ftigungstrends im zweiten Quartal 2024 - Organisator\",\"isPartOf\":{\"@id\":\"https:\\\/\\\/www.organisator.ch\\\/#website\"},\"primaryImageOfPage\":{\"@id\":\"https:\\\/\\\/www.organisator.ch\\\/human-resources\\\/hrm\\\/2024-03-12\\\/schweizer-unternehmen-beschaeftigungstrends-im-zweiten-quartal-2024\\\/#primaryimage\"},\"image\":{\"@id\":\"https:\\\/\\\/www.organisator.ch\\\/human-resources\\\/hrm\\\/2024-03-12\\\/schweizer-unternehmen-beschaeftigungstrends-im-zweiten-quartal-2024\\\/#primaryimage\"},\"thumbnailUrl\":\"https:\\\/\\\/www.organisator.ch\\\/wp-content\\\/uploads\\\/2024\\\/03\\\/Manpower-Group_Bild1_ps.jpg\",\"datePublished\":\"2024-03-12T06:03:59+00:00\",\"dateModified\":\"2024-03-28T08:15:06+00:00\",\"description\":\"Trotz wirtschaftlicher Herausforderungen bleiben die Schweizer Einstellungsaussichten f\u00fcr das zweite Quartal 2024 positiv.\",\"breadcrumb\":{\"@id\":\"https:\\\/\\\/www.organisator.ch\\\/human-resources\\\/hrm\\\/2024-03-12\\\/schweizer-unternehmen-beschaeftigungstrends-im-zweiten-quartal-2024\\\/#breadcrumb\"},\"inLanguage\":\"en-US\",\"potentialAction\":[{\"@type\":\"ReadAction\",\"target\":[\"https:\\\/\\\/www.organisator.ch\\\/human-resources\\\/hrm\\\/2024-03-12\\\/schweizer-unternehmen-beschaeftigungstrends-im-zweiten-quartal-2024\\\/\"]}]},{\"@type\":\"ImageObject\",\"inLanguage\":\"en-US\",\"@id\":\"https:\\\/\\\/www.organisator.ch\\\/human-resources\\\/hrm\\\/2024-03-12\\\/schweizer-unternehmen-beschaeftigungstrends-im-zweiten-quartal-2024\\\/#primaryimage\",\"url\":\"https:\\\/\\\/www.organisator.ch\\\/wp-content\\\/uploads\\\/2024\\\/03\\\/Manpower-Group_Bild1_ps.jpg\",\"contentUrl\":\"https:\\\/\\\/www.organisator.ch\\\/wp-content\\\/uploads\\\/2024\\\/03\\\/Manpower-Group_Bild1_ps.jpg\",\"width\":680,\"height\":454,\"caption\":\"Die Schweiz belegt den zweiten Platz in der EMEA-Region mit den st\u00e4rksten Einstellungsabsichten. (Bild: www.depositphotos.com)\"},{\"@type\":\"BreadcrumbList\",\"@id\":\"https:\\\/\\\/www.organisator.ch\\\/human-resources\\\/hrm\\\/2024-03-12\\\/schweizer-unternehmen-beschaeftigungstrends-im-zweiten-quartal-2024\\\/#breadcrumb\",\"itemListElement\":[{\"@type\":\"ListItem\",\"position\":1,\"name\":\"Home\",\"item\":\"https:\\\/\\\/www.organisator.ch\\\/\"},{\"@type\":\"ListItem\",\"position\":2,\"name\":\"Schweizer Unternehmen: Besch\u00e4ftigungstrends im zweiten Quartal 2024\"}]},{\"@type\":\"WebSite\",\"@id\":\"https:\\\/\\\/www.organisator.ch\\\/#website\",\"url\":\"https:\\\/\\\/www.organisator.ch\\\/\",\"name\":\"Organisator\",\"description\":\"Kompetent. Praxisnah. Der ORGANISATOR bereitet in 10 Ausgaben pro Jahr die wesentlichen Themen f\u00fcr F\u00fchrungskr\u00e4fte von KMU auf.\",\"publisher\":{\"@id\":\"https:\\\/\\\/www.organisator.ch\\\/#organization\"},\"potentialAction\":[{\"@type\":\"SearchAction\",\"target\":{\"@type\":\"EntryPoint\",\"urlTemplate\":\"https:\\\/\\\/www.organisator.ch\\\/?s={search_term_string}\"},\"query-input\":{\"@type\":\"PropertyValueSpecification\",\"valueRequired\":true,\"valueName\":\"search_term_string\"}}],\"inLanguage\":\"en-US\"},{\"@type\":\"Organization\",\"@id\":\"https:\\\/\\\/www.organisator.ch\\\/#organization\",\"name\":\"Organisator\",\"url\":\"https:\\\/\\\/www.organisator.ch\\\/\",\"logo\":{\"@type\":\"ImageObject\",\"inLanguage\":\"en-US\",\"@id\":\"https:\\\/\\\/www.organisator.ch\\\/#\\\/schema\\\/logo\\\/image\\\/\",\"url\":\"https:\\\/\\\/www.organisator.ch\\\/wp-content\\\/uploads\\\/2022\\\/01\\\/Logo_Organisator_Website.png\",\"contentUrl\":\"https:\\\/\\\/www.organisator.ch\\\/wp-content\\\/uploads\\\/2022\\\/01\\\/Logo_Organisator_Website.png\",\"width\":800,\"height\":77,\"caption\":\"Organisator\"},\"image\":{\"@id\":\"https:\\\/\\\/www.organisator.ch\\\/#\\\/schema\\\/logo\\\/image\\\/\"},\"sameAs\":[\"https:\\\/\\\/www.facebook.com\\\/OrganisatorFachmagazin\",\"https:\\\/\\\/www.linkedin.com\\\/showcase\\\/organisator-das-magazin-fr-kmu\",\"https:\\\/\\\/www.xing.com\\\/news\\\/pages\\\/organisator-ch-695\",\"https:\\\/\\\/www.youtube.com\\\/channel\\\/UCGP2Sq0iWaZwT3BdIAQFYpw\"]},{\"@type\":\"Person\",\"@id\":\"https:\\\/\\\/www.organisator.ch\\\/#\\\/schema\\\/person\\\/2e1314a2172123f874db408d8911d3f3\",\"name\":\"Adelisa Kalajdzini\",\"image\":{\"@type\":\"ImageObject\",\"inLanguage\":\"en-US\",\"@id\":\"https:\\\/\\\/secure.gravatar.com\\\/avatar\\\/09a397c22ac58cad6f160ee8306348599df9df58a8ede73696226897b9fa4b24?s=96&d=mm&r=g\",\"url\":\"https:\\\/\\\/secure.gravatar.com\\\/avatar\\\/09a397c22ac58cad6f160ee8306348599df9df58a8ede73696226897b9fa4b24?s=96&d=mm&r=g\",\"contentUrl\":\"https:\\\/\\\/secure.gravatar.com\\\/avatar\\\/09a397c22ac58cad6f160ee8306348599df9df58a8ede73696226897b9fa4b24?s=96&d=mm&r=g\",\"caption\":\"Adelisa Kalajdzini\"},\"url\":\"https:\\\/\\\/www.organisator.ch\\\/en\\\/author\\\/adelisa-kalajdzini\\\/\"}]}<\/script>\n<!-- \/ Yoast SEO plugin. -->","yoast_head_json":{"title":"Swiss companies: Employment trends in the second quarter of 2024 - Organizer","description":"Despite economic challenges, the Swiss recruitment outlook for the second quarter of 2024 remains positive.","robots":{"index":"index","follow":"follow","max-snippet":"max-snippet:-1","max-image-preview":"max-image-preview:large","max-video-preview":"max-video-preview:-1"},"canonical":"https:\/\/www.organisator.ch\/en\/human-resources\/hrm\/2024-03-12\/schweizer-unternehmen-beschaeftigungstrends-im-zweiten-quartal-2024\/","og_locale":"en_US","og_type":"article","og_title":"Schweizer Unternehmen: Besch\u00e4ftigungstrends im zweiten Quartal 2024","og_description":"Trotz wirtschaftlicher Herausforderungen bleiben die Schweizer Einstellungsaussichten f\u00fcr das zweite Quartal 2024 positiv.","og_url":"https:\/\/www.organisator.ch\/en\/human-resources\/hrm\/2024-03-12\/schweizer-unternehmen-beschaeftigungstrends-im-zweiten-quartal-2024\/","og_site_name":"Organisator","article_publisher":"https:\/\/www.facebook.com\/OrganisatorFachmagazin","article_published_time":"2024-03-12T06:03:59+00:00","article_modified_time":"2024-03-28T08:15:06+00:00","og_image":[{"width":680,"height":454,"url":"https:\/\/www.organisator.ch\/wp-content\/uploads\/2024\/03\/Manpower-Group_Bild1_ps.jpg","type":"image\/jpeg"}],"author":"Adelisa Kalajdzini","twitter_card":"summary_large_image","twitter_title":"Schweizer Unternehmen: Besch\u00e4ftigungstrends im zweiten Quartal 2024","twitter_description":"Trotz wirtschaftlicher Herausforderungen bleiben die #Schweizer #Einstellungsaussichten f\u00fcr das #zweite #Quartal #2024 #positiv.","twitter_image":"https:\/\/www.organisator.ch\/wp-content\/uploads\/2024\/03\/Manpower-Group_Bild1_ps.jpg","schema":{"@context":"https:\/\/schema.org","@graph":[{"@type":"Article","@id":"https:\/\/www.organisator.ch\/human-resources\/hrm\/2024-03-12\/schweizer-unternehmen-beschaeftigungstrends-im-zweiten-quartal-2024\/#article","isPartOf":{"@id":"https:\/\/www.organisator.ch\/human-resources\/hrm\/2024-03-12\/schweizer-unternehmen-beschaeftigungstrends-im-zweiten-quartal-2024\/"},"author":{"name":"Adelisa Kalajdzini","@id":"https:\/\/www.organisator.ch\/#\/schema\/person\/2e1314a2172123f874db408d8911d3f3"},"headline":"Schweizer Unternehmen: Besch\u00e4ftigungstrends im zweiten Quartal 2024","datePublished":"2024-03-12T06:03:59+00:00","dateModified":"2024-03-28T08:15:06+00:00","mainEntityOfPage":{"@id":"https:\/\/www.organisator.ch\/human-resources\/hrm\/2024-03-12\/schweizer-unternehmen-beschaeftigungstrends-im-zweiten-quartal-2024\/"},"wordCount":657,"publisher":{"@id":"https:\/\/www.organisator.ch\/#organization"},"image":{"@id":"https:\/\/www.organisator.ch\/human-resources\/hrm\/2024-03-12\/schweizer-unternehmen-beschaeftigungstrends-im-zweiten-quartal-2024\/#primaryimage"},"thumbnailUrl":"https:\/\/www.organisator.ch\/wp-content\/uploads\/2024\/03\/Manpower-Group_Bild1_ps.jpg","keywords":["HRM","Schweiz","Umfrage","Unternehmen"],"articleSection":["HRM"],"inLanguage":"en-US"},{"@type":"WebPage","@id":"https:\/\/www.organisator.ch\/human-resources\/hrm\/2024-03-12\/schweizer-unternehmen-beschaeftigungstrends-im-zweiten-quartal-2024\/","url":"https:\/\/www.organisator.ch\/human-resources\/hrm\/2024-03-12\/schweizer-unternehmen-beschaeftigungstrends-im-zweiten-quartal-2024\/","name":"Swiss companies: Employment trends in the second quarter of 2024 - Organizer","isPartOf":{"@id":"https:\/\/www.organisator.ch\/#website"},"primaryImageOfPage":{"@id":"https:\/\/www.organisator.ch\/human-resources\/hrm\/2024-03-12\/schweizer-unternehmen-beschaeftigungstrends-im-zweiten-quartal-2024\/#primaryimage"},"image":{"@id":"https:\/\/www.organisator.ch\/human-resources\/hrm\/2024-03-12\/schweizer-unternehmen-beschaeftigungstrends-im-zweiten-quartal-2024\/#primaryimage"},"thumbnailUrl":"https:\/\/www.organisator.ch\/wp-content\/uploads\/2024\/03\/Manpower-Group_Bild1_ps.jpg","datePublished":"2024-03-12T06:03:59+00:00","dateModified":"2024-03-28T08:15:06+00:00","description":"Despite economic challenges, the Swiss recruitment outlook for the second quarter of 2024 remains positive.","breadcrumb":{"@id":"https:\/\/www.organisator.ch\/human-resources\/hrm\/2024-03-12\/schweizer-unternehmen-beschaeftigungstrends-im-zweiten-quartal-2024\/#breadcrumb"},"inLanguage":"en-US","potentialAction":[{"@type":"ReadAction","target":["https:\/\/www.organisator.ch\/human-resources\/hrm\/2024-03-12\/schweizer-unternehmen-beschaeftigungstrends-im-zweiten-quartal-2024\/"]}]},{"@type":"ImageObject","inLanguage":"en-US","@id":"https:\/\/www.organisator.ch\/human-resources\/hrm\/2024-03-12\/schweizer-unternehmen-beschaeftigungstrends-im-zweiten-quartal-2024\/#primaryimage","url":"https:\/\/www.organisator.ch\/wp-content\/uploads\/2024\/03\/Manpower-Group_Bild1_ps.jpg","contentUrl":"https:\/\/www.organisator.ch\/wp-content\/uploads\/2024\/03\/Manpower-Group_Bild1_ps.jpg","width":680,"height":454,"caption":"Die Schweiz belegt den zweiten Platz in der EMEA-Region mit den st\u00e4rksten Einstellungsabsichten. (Bild: www.depositphotos.com)"},{"@type":"BreadcrumbList","@id":"https:\/\/www.organisator.ch\/human-resources\/hrm\/2024-03-12\/schweizer-unternehmen-beschaeftigungstrends-im-zweiten-quartal-2024\/#breadcrumb","itemListElement":[{"@type":"ListItem","position":1,"name":"Home","item":"https:\/\/www.organisator.ch\/"},{"@type":"ListItem","position":2,"name":"Schweizer Unternehmen: Besch\u00e4ftigungstrends im zweiten Quartal 2024"}]},{"@type":"WebSite","@id":"https:\/\/www.organisator.ch\/#website","url":"https:\/\/www.organisator.ch\/","name":"Organizer","description":"Competent. Practical. In 10 issues per year, ORGANISATOR presents the essential topics for managers of SMEs.","publisher":{"@id":"https:\/\/www.organisator.ch\/#organization"},"potentialAction":[{"@type":"SearchAction","target":{"@type":"EntryPoint","urlTemplate":"https:\/\/www.organisator.ch\/?s={search_term_string}"},"query-input":{"@type":"PropertyValueSpecification","valueRequired":true,"valueName":"search_term_string"}}],"inLanguage":"en-US"},{"@type":"Organization","@id":"https:\/\/www.organisator.ch\/#organization","name":"Organizer","url":"https:\/\/www.organisator.ch\/","logo":{"@type":"ImageObject","inLanguage":"en-US","@id":"https:\/\/www.organisator.ch\/#\/schema\/logo\/image\/","url":"https:\/\/www.organisator.ch\/wp-content\/uploads\/2022\/01\/Logo_Organisator_Website.png","contentUrl":"https:\/\/www.organisator.ch\/wp-content\/uploads\/2022\/01\/Logo_Organisator_Website.png","width":800,"height":77,"caption":"Organisator"},"image":{"@id":"https:\/\/www.organisator.ch\/#\/schema\/logo\/image\/"},"sameAs":["https:\/\/www.facebook.com\/OrganisatorFachmagazin","https:\/\/www.linkedin.com\/showcase\/organisator-das-magazin-fr-kmu","https:\/\/www.xing.com\/news\/pages\/organisator-ch-695","https:\/\/www.youtube.com\/channel\/UCGP2Sq0iWaZwT3BdIAQFYpw"]},{"@type":"Person","@id":"https:\/\/www.organisator.ch\/#\/schema\/person\/2e1314a2172123f874db408d8911d3f3","name":"Adelisa Kalajdzini","image":{"@type":"ImageObject","inLanguage":"en-US","@id":"https:\/\/secure.gravatar.com\/avatar\/09a397c22ac58cad6f160ee8306348599df9df58a8ede73696226897b9fa4b24?s=96&d=mm&r=g","url":"https:\/\/secure.gravatar.com\/avatar\/09a397c22ac58cad6f160ee8306348599df9df58a8ede73696226897b9fa4b24?s=96&d=mm&r=g","contentUrl":"https:\/\/secure.gravatar.com\/avatar\/09a397c22ac58cad6f160ee8306348599df9df58a8ede73696226897b9fa4b24?s=96&d=mm&r=g","caption":"Adelisa Kalajdzini"},"url":"https:\/\/www.organisator.ch\/en\/author\/adelisa-kalajdzini\/"}]}},"_links":{"self":[{"href":"https:\/\/www.organisator.ch\/en\/wp-json\/wp\/v2\/posts\/25810","targetHints":{"allow":["GET"]}}],"collection":[{"href":"https:\/\/www.organisator.ch\/en\/wp-json\/wp\/v2\/posts"}],"about":[{"href":"https:\/\/www.organisator.ch\/en\/wp-json\/wp\/v2\/types\/post"}],"author":[{"embeddable":true,"href":"https:\/\/www.organisator.ch\/en\/wp-json\/wp\/v2\/users\/58"}],"replies":[{"embeddable":true,"href":"https:\/\/www.organisator.ch\/en\/wp-json\/wp\/v2\/comments?post=25810"}],"version-history":[{"count":6,"href":"https:\/\/www.organisator.ch\/en\/wp-json\/wp\/v2\/posts\/25810\/revisions"}],"predecessor-version":[{"id":25857,"href":"https:\/\/www.organisator.ch\/en\/wp-json\/wp\/v2\/posts\/25810\/revisions\/25857"}],"wp:featuredmedia":[{"embeddable":true,"href":"https:\/\/www.organisator.ch\/en\/wp-json\/wp\/v2\/media\/25815"}],"wp:attachment":[{"href":"https:\/\/www.organisator.ch\/en\/wp-json\/wp\/v2\/media?parent=25810"}],"wp:term":[{"taxonomy":"category","embeddable":true,"href":"https:\/\/www.organisator.ch\/en\/wp-json\/wp\/v2\/categories?post=25810"},{"taxonomy":"post_tag","embeddable":true,"href":"https:\/\/www.organisator.ch\/en\/wp-json\/wp\/v2\/tags?post=25810"}],"curies":[{"name":"wp","href":"https:\/\/api.w.org\/{rel}","templated":true}]}}