{"id":2583,"date":"2019-11-05T12:47:56","date_gmt":"2019-11-05T11:47:56","guid":{"rendered":"https:\/\/www.umweltperspektiven.ch\/?p=2583"},"modified":"2022-02-09T11:10:51","modified_gmt":"2022-02-09T10:10:51","slug":"eth-rat-will-wsl-und-eawag-verschmelzen","status":"publish","type":"post","link":"https:\/\/www.organisator.ch\/en\/sustainability\/2019-11-05\/eth-rat-will-wsl-und-eawag-verschmelzen\/","title":{"rendered":"ETH Board wants to merge WSL and Eawag"},"content":{"rendered":"<figure id=\"attachment_2584\" aria-describedby=\"caption-attachment-2584\" style=\"width: 680px\" class=\"wp-caption alignnone\"><img loading=\"lazy\" decoding=\"async\" class=\"size-medium wp-image-2584\" src=\"\/\/www.umweltperspektiven.ch\/wp-content\/uploads\/2019\/11\/EZH_EAWAG-UP_Umwelt-Perspektiven.jpg\" alt=\"\" width=\"680\" height=\"514\" srcset=\"https:\/\/www.organisator.ch\/wp-content\/uploads\/2019\/11\/EZH_EAWAG-UP_Umwelt-Perspektiven.jpg 1626w, https:\/\/www.organisator.ch\/wp-content\/uploads\/2019\/11\/EZH_EAWAG-UP_Umwelt-Perspektiven-680x514.jpg 680w, https:\/\/www.organisator.ch\/wp-content\/uploads\/2019\/11\/EZH_EAWAG-UP_Umwelt-Perspektiven-1024x774.jpg 1024w, https:\/\/www.organisator.ch\/wp-content\/uploads\/2019\/11\/EZH_EAWAG-UP_Umwelt-Perspektiven-768x580.jpg 768w, https:\/\/www.organisator.ch\/wp-content\/uploads\/2019\/11\/EZH_EAWAG-UP_Umwelt-Perspektiven-1536x1161.jpg 1536w, https:\/\/www.organisator.ch\/wp-content\/uploads\/2019\/11\/EZH_EAWAG-UP_Umwelt-Perspektiven-16x12.jpg 16w, https:\/\/www.organisator.ch\/wp-content\/uploads\/2019\/11\/EZH_EAWAG-UP_Umwelt-Perspektiven-232x175.jpg 232w, https:\/\/www.organisator.ch\/wp-content\/uploads\/2019\/11\/EZH_EAWAG-UP_Umwelt-Perspektiven-463x350.jpg 463w, https:\/\/www.organisator.ch\/wp-content\/uploads\/2019\/11\/EZH_EAWAG-UP_Umwelt-Perspektiven-1058x800.jpg 1058w, https:\/\/www.organisator.ch\/wp-content\/uploads\/2019\/11\/EZH_EAWAG-UP_Umwelt-Perspektiven-920x695.jpg 920w, https:\/\/www.organisator.ch\/wp-content\/uploads\/2019\/11\/EZH_EAWAG-UP_Umwelt-Perspektiven-1400x1058.jpg 1400w, https:\/\/www.organisator.ch\/wp-content\/uploads\/2019\/11\/EZH_EAWAG-UP_Umwelt-Perspektiven-300x227.jpg 300w\" sizes=\"auto, (max-width: 680px) 100vw, 680px\" \/><figcaption id=\"caption-attachment-2584\" class=\"wp-caption-text\">The ETH Board plans to combat environmental problems with cutting-edge research. (Symbol image: Unsplash)<\/figcaption><\/figure>\n<p class=\"bodytext\">A revolution is currently taking place in secrecy, writes Rebecca Wyss in a\u00a0<a href=\"\/\/www.blick.ch\/news\/politik\/blick-enthuellt-geheimplan-eth-rat-plant-institut-von-weltklasseformat-id15567747.html\" target=\"_blank\" rel=\"noopener\">Post<\/a>\u00a0in the \"Blick\". The newspaper has an exclusive copy of the minutes of the meeting, according to which the\u00a0<a href=\"\/\/www.ethrat.ch\/\" target=\"_blank\" rel=\"noopener\">ETH Board<\/a>\u00a0wants to reorganize the federal research institutes that are subordinate to it, it continues. This should include \"two of the most renowned institutes in Switzerland\",\u00a0<a href=\"\/\/www.wsl.ch\/de.html\" target=\"_blank\" rel=\"noopener\">WSL<\/a>\u00a0and\u00a0<a href=\"\/\/www.eawag.ch\/\" target=\"_blank\" rel=\"noopener\">Eawag<\/a>, will be merged.<\/p>\n<p class=\"bodytext\">The ETH Board justifies the plans by saying that the merger will create \"a world-class institute,\" the communications department of the Board of Directors in the ETH Domain is quoted as saying in the report. In particular, it is planned to \"meet the major environmental problems of our time with answers from cutting-edge research,\" spokesman Gian-Andri Casutt explains there.<\/p>\n<p class=\"bodytext\">According to an anonymous letter leaked to the newspaper, however, the ETH Board primarily wants to save funds with the merger. \"With the reorganization can be saved so with the federation places\" is quoted from the letter. The author, who according to the newspaper belongs to the inner circle of the institutions concerned, also accuses the ETH Board of having drawn up the plans on its own without consulting the research institutes.<\/p>\n<p class=\"bodytext\">According to the newspaper, the ETH Board wants to tackle further planning together with the institute managements in the coming months. In the end, \"politics will have the final say,\" the report says. Whether WSL and Eawag are actually merged will be determined in the final instance by the newly elected parliament.<\/p>","protected":false},"excerpt":{"rendered":"<p>Unter Ausschluss der \u00d6ffentlichkeit finde derzeit eine Revolution statt, schreibt Rebecca Wyss in einem\u00a0Beitrag\u00a0im \u201eBlick\u201c. Der Zeitung liege exklusiv ein Sitzungsprotokoll vor, dem zufolge der\u00a0ETH-Rat\u00a0die ihm unterstellten Forschungsanstalten des Bundes neu organisieren wolle, heisst es dort weiter. Dabei sollten \u201ezwei der renommiertesten Institute der Schweiz\u201c,\u00a0WSL\u00a0und\u00a0Eawag, zusammengelegt werden. Der ETH-Rat begr\u00fcndet die Pl\u00e4ne damit, dass durch [&hellip;]<\/p>\n","protected":false},"author":5,"featured_media":2584,"comment_status":"open","ping_status":"open","sticky":false,"template":"","format":"standard","meta":{"_acf_changed":false,"_yoast_wpseo_focuskw":"ETH-Rat","_yoast_wpseo_metadesc":"Der ETH-Rat m\u00f6chte offenbar,die ihm unterstellten Forschungsanstalten WSL und Eawag) zu einem Weltklasseinstitut zusammenzulegen.","articlekey":"","footnotes":""},"categories":[580],"tags":[218,374,2063,600],"class_list":["post-2583","post","type-post","status-publish","format-standard","has-post-thumbnail","hentry","category-sustainability","tag-forschung","tag-parlament","tag-schnee","tag-wasser"],"acf":[],"yoast_head":"<!-- This site is optimized with the Yoast SEO plugin v27.4 - https:\/\/yoast.com\/product\/yoast-seo-wordpress\/ -->\n<title>ETH-Rat will WSL und Eawag verschmelzen - Organisator<\/title>\n<meta name=\"description\" content=\"Der ETH-Rat m\u00f6chte offenbar,die ihm unterstellten Forschungsanstalten WSL und Eawag) zu einem Weltklasseinstitut zusammenzulegen.\" \/>\n<meta name=\"robots\" content=\"index, follow, max-snippet:-1, max-image-preview:large, max-video-preview:-1\" \/>\n<link rel=\"canonical\" href=\"https:\/\/www.organisator.ch\/en\/sustainability\/2019-11-05\/eth-rat-will-wsl-und-eawag-verschmelzen\/\" \/>\n<meta property=\"og:locale\" content=\"en_US\" \/>\n<meta property=\"og:type\" content=\"article\" \/>\n<meta property=\"og:title\" content=\"ETH-Rat will WSL und Eawag verschmelzen - Organisator\" \/>\n<meta property=\"og:description\" content=\"Der ETH-Rat m\u00f6chte offenbar,die ihm unterstellten Forschungsanstalten WSL und Eawag) zu einem Weltklasseinstitut zusammenzulegen.\" \/>\n<meta property=\"og:url\" content=\"https:\/\/www.organisator.ch\/en\/sustainability\/2019-11-05\/eth-rat-will-wsl-und-eawag-verschmelzen\/\" \/>\n<meta property=\"og:site_name\" content=\"Organisator\" \/>\n<meta property=\"article:publisher\" content=\"https:\/\/www.facebook.com\/OrganisatorFachmagazin\" \/>\n<meta property=\"article:published_time\" content=\"2019-11-05T11:47:56+00:00\" \/>\n<meta property=\"article:modified_time\" content=\"2022-02-09T10:10:51+00:00\" \/>\n<meta property=\"og:image\" content=\"https:\/\/www.organisator.ch\/wp-content\/uploads\/2019\/11\/EZH_EAWAG-UP_Umwelt-Perspektiven.jpg\" \/>\n\t<meta property=\"og:image:width\" content=\"1626\" \/>\n\t<meta property=\"og:image:height\" content=\"1229\" \/>\n\t<meta property=\"og:image:type\" content=\"image\/jpeg\" \/>\n<meta name=\"author\" content=\"michael.merz\" \/>\n<meta name=\"twitter:card\" content=\"summary_large_image\" \/>\n<script type=\"application\/ld+json\" class=\"yoast-schema-graph\">{\"@context\":\"https:\\\/\\\/schema.org\",\"@graph\":[{\"@type\":\"Article\",\"@id\":\"https:\\\/\\\/www.organisator.ch\\\/sustainability\\\/2019-11-05\\\/eth-rat-will-wsl-und-eawag-verschmelzen\\\/#article\",\"isPartOf\":{\"@id\":\"https:\\\/\\\/www.organisator.ch\\\/sustainability\\\/2019-11-05\\\/eth-rat-will-wsl-und-eawag-verschmelzen\\\/\"},\"author\":{\"name\":\"michael.merz\",\"@id\":\"https:\\\/\\\/www.organisator.ch\\\/#\\\/schema\\\/person\\\/134708ca9321c57b0362cceb7948ffbd\"},\"headline\":\"ETH-Rat will WSL und Eawag verschmelzen\",\"datePublished\":\"2019-11-05T11:47:56+00:00\",\"dateModified\":\"2022-02-09T10:10:51+00:00\",\"mainEntityOfPage\":{\"@id\":\"https:\\\/\\\/www.organisator.ch\\\/sustainability\\\/2019-11-05\\\/eth-rat-will-wsl-und-eawag-verschmelzen\\\/\"},\"wordCount\":237,\"commentCount\":0,\"publisher\":{\"@id\":\"https:\\\/\\\/www.organisator.ch\\\/#organization\"},\"image\":{\"@id\":\"https:\\\/\\\/www.organisator.ch\\\/sustainability\\\/2019-11-05\\\/eth-rat-will-wsl-und-eawag-verschmelzen\\\/#primaryimage\"},\"thumbnailUrl\":\"https:\\\/\\\/www.organisator.ch\\\/wp-content\\\/uploads\\\/2019\\\/11\\\/EZH_EAWAG-UP_Umwelt-Perspektiven.jpg\",\"keywords\":[\"Forschung\",\"Parlament\",\"Schnee\",\"WASSER\"],\"articleSection\":[\"SUSTAINABILITY\"],\"inLanguage\":\"en-US\"},{\"@type\":\"WebPage\",\"@id\":\"https:\\\/\\\/www.organisator.ch\\\/sustainability\\\/2019-11-05\\\/eth-rat-will-wsl-und-eawag-verschmelzen\\\/\",\"url\":\"https:\\\/\\\/www.organisator.ch\\\/sustainability\\\/2019-11-05\\\/eth-rat-will-wsl-und-eawag-verschmelzen\\\/\",\"name\":\"ETH-Rat will WSL und Eawag verschmelzen - Organisator\",\"isPartOf\":{\"@id\":\"https:\\\/\\\/www.organisator.ch\\\/#website\"},\"primaryImageOfPage\":{\"@id\":\"https:\\\/\\\/www.organisator.ch\\\/sustainability\\\/2019-11-05\\\/eth-rat-will-wsl-und-eawag-verschmelzen\\\/#primaryimage\"},\"image\":{\"@id\":\"https:\\\/\\\/www.organisator.ch\\\/sustainability\\\/2019-11-05\\\/eth-rat-will-wsl-und-eawag-verschmelzen\\\/#primaryimage\"},\"thumbnailUrl\":\"https:\\\/\\\/www.organisator.ch\\\/wp-content\\\/uploads\\\/2019\\\/11\\\/EZH_EAWAG-UP_Umwelt-Perspektiven.jpg\",\"datePublished\":\"2019-11-05T11:47:56+00:00\",\"dateModified\":\"2022-02-09T10:10:51+00:00\",\"description\":\"Der ETH-Rat m\u00f6chte offenbar,die ihm unterstellten Forschungsanstalten WSL und Eawag) zu einem Weltklasseinstitut zusammenzulegen.\",\"breadcrumb\":{\"@id\":\"https:\\\/\\\/www.organisator.ch\\\/sustainability\\\/2019-11-05\\\/eth-rat-will-wsl-und-eawag-verschmelzen\\\/#breadcrumb\"},\"inLanguage\":\"en-US\",\"potentialAction\":[{\"@type\":\"ReadAction\",\"target\":[\"https:\\\/\\\/www.organisator.ch\\\/sustainability\\\/2019-11-05\\\/eth-rat-will-wsl-und-eawag-verschmelzen\\\/\"]}]},{\"@type\":\"ImageObject\",\"inLanguage\":\"en-US\",\"@id\":\"https:\\\/\\\/www.organisator.ch\\\/sustainability\\\/2019-11-05\\\/eth-rat-will-wsl-und-eawag-verschmelzen\\\/#primaryimage\",\"url\":\"https:\\\/\\\/www.organisator.ch\\\/wp-content\\\/uploads\\\/2019\\\/11\\\/EZH_EAWAG-UP_Umwelt-Perspektiven.jpg\",\"contentUrl\":\"https:\\\/\\\/www.organisator.ch\\\/wp-content\\\/uploads\\\/2019\\\/11\\\/EZH_EAWAG-UP_Umwelt-Perspektiven.jpg\",\"width\":1626,\"height\":1229,\"caption\":\"Der ETH-Rat plant Umweltprobleme mit Spitzenforschung zu bek\u00e4mpfen. (Symbolbild: Unsplash)\"},{\"@type\":\"BreadcrumbList\",\"@id\":\"https:\\\/\\\/www.organisator.ch\\\/sustainability\\\/2019-11-05\\\/eth-rat-will-wsl-und-eawag-verschmelzen\\\/#breadcrumb\",\"itemListElement\":[{\"@type\":\"ListItem\",\"position\":1,\"name\":\"Home\",\"item\":\"https:\\\/\\\/www.organisator.ch\\\/\"},{\"@type\":\"ListItem\",\"position\":2,\"name\":\"ETH-Rat will WSL und Eawag verschmelzen\"}]},{\"@type\":\"WebSite\",\"@id\":\"https:\\\/\\\/www.organisator.ch\\\/#website\",\"url\":\"https:\\\/\\\/www.organisator.ch\\\/\",\"name\":\"Organisator\",\"description\":\"Kompetent. Praxisnah. Der ORGANISATOR bereitet in 10 Ausgaben pro Jahr die wesentlichen Themen f\u00fcr F\u00fchrungskr\u00e4fte von KMU auf.\",\"publisher\":{\"@id\":\"https:\\\/\\\/www.organisator.ch\\\/#organization\"},\"potentialAction\":[{\"@type\":\"SearchAction\",\"target\":{\"@type\":\"EntryPoint\",\"urlTemplate\":\"https:\\\/\\\/www.organisator.ch\\\/?s={search_term_string}\"},\"query-input\":{\"@type\":\"PropertyValueSpecification\",\"valueRequired\":true,\"valueName\":\"search_term_string\"}}],\"inLanguage\":\"en-US\"},{\"@type\":\"Organization\",\"@id\":\"https:\\\/\\\/www.organisator.ch\\\/#organization\",\"name\":\"Organisator\",\"url\":\"https:\\\/\\\/www.organisator.ch\\\/\",\"logo\":{\"@type\":\"ImageObject\",\"inLanguage\":\"en-US\",\"@id\":\"https:\\\/\\\/www.organisator.ch\\\/#\\\/schema\\\/logo\\\/image\\\/\",\"url\":\"https:\\\/\\\/www.organisator.ch\\\/wp-content\\\/uploads\\\/2022\\\/01\\\/Logo_Organisator_Website.png\",\"contentUrl\":\"https:\\\/\\\/www.organisator.ch\\\/wp-content\\\/uploads\\\/2022\\\/01\\\/Logo_Organisator_Website.png\",\"width\":800,\"height\":77,\"caption\":\"Organisator\"},\"image\":{\"@id\":\"https:\\\/\\\/www.organisator.ch\\\/#\\\/schema\\\/logo\\\/image\\\/\"},\"sameAs\":[\"https:\\\/\\\/www.facebook.com\\\/OrganisatorFachmagazin\",\"https:\\\/\\\/www.linkedin.com\\\/showcase\\\/organisator-das-magazin-fr-kmu\",\"https:\\\/\\\/www.xing.com\\\/news\\\/pages\\\/organisator-ch-695\",\"https:\\\/\\\/www.youtube.com\\\/channel\\\/UCGP2Sq0iWaZwT3BdIAQFYpw\"]},{\"@type\":\"Person\",\"@id\":\"https:\\\/\\\/www.organisator.ch\\\/#\\\/schema\\\/person\\\/134708ca9321c57b0362cceb7948ffbd\",\"name\":\"michael.merz\",\"image\":{\"@type\":\"ImageObject\",\"inLanguage\":\"en-US\",\"@id\":\"https:\\\/\\\/secure.gravatar.com\\\/avatar\\\/?s=96&d=mm&r=g\",\"url\":\"https:\\\/\\\/secure.gravatar.com\\\/avatar\\\/?s=96&d=mm&r=g\",\"contentUrl\":\"https:\\\/\\\/secure.gravatar.com\\\/avatar\\\/?s=96&d=mm&r=g\",\"caption\":\"michael.merz\"},\"url\":\"https:\\\/\\\/www.organisator.ch\\\/en\\\/author\\\/michael-merz\\\/\"}]}<\/script>\n<!-- \/ Yoast SEO plugin. -->","yoast_head_json":{"title":"ETH Board wants to merge WSL and Eawag - Organizer","description":"The ETH Board apparently wants to merge its subordinate research institutes (WSL and Eawag) into a world-class institute.","robots":{"index":"index","follow":"follow","max-snippet":"max-snippet:-1","max-image-preview":"max-image-preview:large","max-video-preview":"max-video-preview:-1"},"canonical":"https:\/\/www.organisator.ch\/en\/sustainability\/2019-11-05\/eth-rat-will-wsl-und-eawag-verschmelzen\/","og_locale":"en_US","og_type":"article","og_title":"ETH-Rat will WSL und Eawag verschmelzen - Organisator","og_description":"Der ETH-Rat m\u00f6chte offenbar,die ihm unterstellten Forschungsanstalten WSL und Eawag) zu einem Weltklasseinstitut zusammenzulegen.","og_url":"https:\/\/www.organisator.ch\/en\/sustainability\/2019-11-05\/eth-rat-will-wsl-und-eawag-verschmelzen\/","og_site_name":"Organisator","article_publisher":"https:\/\/www.facebook.com\/OrganisatorFachmagazin","article_published_time":"2019-11-05T11:47:56+00:00","article_modified_time":"2022-02-09T10:10:51+00:00","og_image":[{"width":1626,"height":1229,"url":"https:\/\/www.organisator.ch\/wp-content\/uploads\/2019\/11\/EZH_EAWAG-UP_Umwelt-Perspektiven.jpg","type":"image\/jpeg"}],"author":"michael.merz","twitter_card":"summary_large_image","schema":{"@context":"https:\/\/schema.org","@graph":[{"@type":"Article","@id":"https:\/\/www.organisator.ch\/sustainability\/2019-11-05\/eth-rat-will-wsl-und-eawag-verschmelzen\/#article","isPartOf":{"@id":"https:\/\/www.organisator.ch\/sustainability\/2019-11-05\/eth-rat-will-wsl-und-eawag-verschmelzen\/"},"author":{"name":"michael.merz","@id":"https:\/\/www.organisator.ch\/#\/schema\/person\/134708ca9321c57b0362cceb7948ffbd"},"headline":"ETH-Rat will WSL und Eawag verschmelzen","datePublished":"2019-11-05T11:47:56+00:00","dateModified":"2022-02-09T10:10:51+00:00","mainEntityOfPage":{"@id":"https:\/\/www.organisator.ch\/sustainability\/2019-11-05\/eth-rat-will-wsl-und-eawag-verschmelzen\/"},"wordCount":237,"commentCount":0,"publisher":{"@id":"https:\/\/www.organisator.ch\/#organization"},"image":{"@id":"https:\/\/www.organisator.ch\/sustainability\/2019-11-05\/eth-rat-will-wsl-und-eawag-verschmelzen\/#primaryimage"},"thumbnailUrl":"https:\/\/www.organisator.ch\/wp-content\/uploads\/2019\/11\/EZH_EAWAG-UP_Umwelt-Perspektiven.jpg","keywords":["Forschung","Parlament","Schnee","WASSER"],"articleSection":["SUSTAINABILITY"],"inLanguage":"en-US"},{"@type":"WebPage","@id":"https:\/\/www.organisator.ch\/sustainability\/2019-11-05\/eth-rat-will-wsl-und-eawag-verschmelzen\/","url":"https:\/\/www.organisator.ch\/sustainability\/2019-11-05\/eth-rat-will-wsl-und-eawag-verschmelzen\/","name":"ETH Board wants to merge WSL and Eawag - Organizer","isPartOf":{"@id":"https:\/\/www.organisator.ch\/#website"},"primaryImageOfPage":{"@id":"https:\/\/www.organisator.ch\/sustainability\/2019-11-05\/eth-rat-will-wsl-und-eawag-verschmelzen\/#primaryimage"},"image":{"@id":"https:\/\/www.organisator.ch\/sustainability\/2019-11-05\/eth-rat-will-wsl-und-eawag-verschmelzen\/#primaryimage"},"thumbnailUrl":"https:\/\/www.organisator.ch\/wp-content\/uploads\/2019\/11\/EZH_EAWAG-UP_Umwelt-Perspektiven.jpg","datePublished":"2019-11-05T11:47:56+00:00","dateModified":"2022-02-09T10:10:51+00:00","description":"The ETH Board apparently wants to merge its subordinate research institutes (WSL and Eawag) into a world-class institute.","breadcrumb":{"@id":"https:\/\/www.organisator.ch\/sustainability\/2019-11-05\/eth-rat-will-wsl-und-eawag-verschmelzen\/#breadcrumb"},"inLanguage":"en-US","potentialAction":[{"@type":"ReadAction","target":["https:\/\/www.organisator.ch\/sustainability\/2019-11-05\/eth-rat-will-wsl-und-eawag-verschmelzen\/"]}]},{"@type":"ImageObject","inLanguage":"en-US","@id":"https:\/\/www.organisator.ch\/sustainability\/2019-11-05\/eth-rat-will-wsl-und-eawag-verschmelzen\/#primaryimage","url":"https:\/\/www.organisator.ch\/wp-content\/uploads\/2019\/11\/EZH_EAWAG-UP_Umwelt-Perspektiven.jpg","contentUrl":"https:\/\/www.organisator.ch\/wp-content\/uploads\/2019\/11\/EZH_EAWAG-UP_Umwelt-Perspektiven.jpg","width":1626,"height":1229,"caption":"Der ETH-Rat plant Umweltprobleme mit Spitzenforschung zu bek\u00e4mpfen. (Symbolbild: Unsplash)"},{"@type":"BreadcrumbList","@id":"https:\/\/www.organisator.ch\/sustainability\/2019-11-05\/eth-rat-will-wsl-und-eawag-verschmelzen\/#breadcrumb","itemListElement":[{"@type":"ListItem","position":1,"name":"Home","item":"https:\/\/www.organisator.ch\/"},{"@type":"ListItem","position":2,"name":"ETH-Rat will WSL und Eawag verschmelzen"}]},{"@type":"WebSite","@id":"https:\/\/www.organisator.ch\/#website","url":"https:\/\/www.organisator.ch\/","name":"Organizer","description":"Competent. Practical. In 10 issues per year, ORGANISATOR presents the essential topics for managers of SMEs.","publisher":{"@id":"https:\/\/www.organisator.ch\/#organization"},"potentialAction":[{"@type":"SearchAction","target":{"@type":"EntryPoint","urlTemplate":"https:\/\/www.organisator.ch\/?s={search_term_string}"},"query-input":{"@type":"PropertyValueSpecification","valueRequired":true,"valueName":"search_term_string"}}],"inLanguage":"en-US"},{"@type":"Organization","@id":"https:\/\/www.organisator.ch\/#organization","name":"Organizer","url":"https:\/\/www.organisator.ch\/","logo":{"@type":"ImageObject","inLanguage":"en-US","@id":"https:\/\/www.organisator.ch\/#\/schema\/logo\/image\/","url":"https:\/\/www.organisator.ch\/wp-content\/uploads\/2022\/01\/Logo_Organisator_Website.png","contentUrl":"https:\/\/www.organisator.ch\/wp-content\/uploads\/2022\/01\/Logo_Organisator_Website.png","width":800,"height":77,"caption":"Organisator"},"image":{"@id":"https:\/\/www.organisator.ch\/#\/schema\/logo\/image\/"},"sameAs":["https:\/\/www.facebook.com\/OrganisatorFachmagazin","https:\/\/www.linkedin.com\/showcase\/organisator-das-magazin-fr-kmu","https:\/\/www.xing.com\/news\/pages\/organisator-ch-695","https:\/\/www.youtube.com\/channel\/UCGP2Sq0iWaZwT3BdIAQFYpw"]},{"@type":"Person","@id":"https:\/\/www.organisator.ch\/#\/schema\/person\/134708ca9321c57b0362cceb7948ffbd","name":"michael.merz","image":{"@type":"ImageObject","inLanguage":"en-US","@id":"https:\/\/secure.gravatar.com\/avatar\/?s=96&d=mm&r=g","url":"https:\/\/secure.gravatar.com\/avatar\/?s=96&d=mm&r=g","contentUrl":"https:\/\/secure.gravatar.com\/avatar\/?s=96&d=mm&r=g","caption":"michael.merz"},"url":"https:\/\/www.organisator.ch\/en\/author\/michael-merz\/"}]}},"_links":{"self":[{"href":"https:\/\/www.organisator.ch\/en\/wp-json\/wp\/v2\/posts\/2583","targetHints":{"allow":["GET"]}}],"collection":[{"href":"https:\/\/www.organisator.ch\/en\/wp-json\/wp\/v2\/posts"}],"about":[{"href":"https:\/\/www.organisator.ch\/en\/wp-json\/wp\/v2\/types\/post"}],"author":[{"embeddable":true,"href":"https:\/\/www.organisator.ch\/en\/wp-json\/wp\/v2\/users\/5"}],"replies":[{"embeddable":true,"href":"https:\/\/www.organisator.ch\/en\/wp-json\/wp\/v2\/comments?post=2583"}],"version-history":[{"count":1,"href":"https:\/\/www.organisator.ch\/en\/wp-json\/wp\/v2\/posts\/2583\/revisions"}],"predecessor-version":[{"id":11008,"href":"https:\/\/www.organisator.ch\/en\/wp-json\/wp\/v2\/posts\/2583\/revisions\/11008"}],"wp:featuredmedia":[{"embeddable":true,"href":"https:\/\/www.organisator.ch\/en\/wp-json\/wp\/v2\/media\/2584"}],"wp:attachment":[{"href":"https:\/\/www.organisator.ch\/en\/wp-json\/wp\/v2\/media?parent=2583"}],"wp:term":[{"taxonomy":"category","embeddable":true,"href":"https:\/\/www.organisator.ch\/en\/wp-json\/wp\/v2\/categories?post=2583"},{"taxonomy":"post_tag","embeddable":true,"href":"https:\/\/www.organisator.ch\/en\/wp-json\/wp\/v2\/tags?post=2583"}],"curies":[{"name":"wp","href":"https:\/\/api.w.org\/{rel}","templated":true}]}}