{"id":25917,"date":"2024-03-14T09:29:09","date_gmt":"2024-03-14T08:29:09","guid":{"rendered":"https:\/\/www.werbewoche.ch\/?p=212003"},"modified":"2024-11-11T09:23:31","modified_gmt":"2024-11-11T08:23:31","slug":"berner-regierungsrat-verteidigt-neue-audio-marke","status":"publish","type":"post","link":"https:\/\/www.organisator.ch\/en\/marketing\/2024-03-14\/berner-regierungsrat-verteidigt-neue-audio-marke\/","title":{"rendered":"Bern government council defends new audio brand"},"content":{"rendered":"<figure id=\"attachment_212004\" class=\"wp-caption aligncenter\" style=\"width: 1024px\" aria-describedby=\"caption-attachment-212004\"><img class=\"aligncenter wp-image-212004 size-full\" src=\"https:\/\/www.werbewoche.ch\/wp-content\/uploads\/2024\/03\/Audio-Marke-Bern-Symbolbild-Keystone.jpg\" alt=\"Audio signet costs\" width=\"1024\" height=\"768\" \/>\r\n<figcaption id=\"caption-attachment-212004\" class=\"wp-caption-text\">The Canton of Bern's new audio logo is causing a stir in the Grand Council. (Symbolic image: Keystone\/Goran Basic)<\/figcaption>\r\n<\/figure>\r\n<p>Nils Fiechter, member of the Oberwil SVP council, wanted to know from the government how the high costs, in his view, were compatible with the principles of efficiency and economy.<\/p>\r\n<p>In its answer to the simple question, the government council informed Fiechter that the costs were divided into three blocks. One third was spent on the groundwork, i.e. the strategy and concept.<\/p>\r\n<p>A second third of the costs were spent on the composition, production and implementation of the audio brand in different variations. The music library contains around 50 files. A final third was spent on licenses to ensure that the audio brand belongs exclusively to the Canton of Bern in the long term and that it is also legally protected.<\/p>\r\n<p>Overall, the government has always made a conscious effort to ensure that the costs are within a reasonable and normal market range.<\/p>\r\n<p>The canton's public image is governed by design guidelines. These specify, for example, what the logo looks like, which fonts the canton uses, which colors or which imagery.<\/p>\r\n<p>These guidelines support the cantonal administration when it comes to the uniform design of brochures, presentations, flyers, posters or the lettering on buildings. The Canton of Bern should be clearly recognizable as the sender at first glance.<\/p>\r\n<p>In the age of digital communication, audio-visual media products are increasingly being used. This is why the segment has been expanded. The canton's multimedia content should also have a uniform design and the sender should be recognizable. <em>(SDA)<\/em><\/p>","protected":false},"excerpt":{"rendered":"<p>The Canton of Bern's new acoustic identification sign has recently attracted criticism. The costs for this were estimated at over 38,000 francs. The government has now defended the new audio mark in the Bernese Grand Council.<\/p>","protected":false},"author":8,"featured_media":0,"comment_status":"closed","ping_status":"closed","sticky":false,"template":"","format":"standard","meta":{"_acf_changed":false,"_yoast_wpseo_focuskw":"Audio-Signet Kosten","_yoast_wpseo_metadesc":"Diskussion im Grossen Rat: Kosten des neuen Audio-Signets f\u00fcr Kanton Bern hinterfragt. Strategie, Produktion und Lizenzen.","articlekey":"","footnotes":""},"categories":[29],"tags":[2815,2617],"class_list":["post-25917","post","type-post","status-publish","format-standard","hentry","category-marketing","tag-audio-branding","tag-marken"],"acf":[],"yoast_head":"<!-- This site is optimized with the Yoast SEO plugin v27.4 - https:\/\/yoast.com\/product\/yoast-seo-wordpress\/ -->\n<title>Berner Regierungsrat verteidigt neue Audio-Marke - Organisator<\/title>\n<meta name=\"description\" content=\"Diskussion im Grossen Rat: Kosten des neuen Audio-Signets f\u00fcr Kanton Bern hinterfragt. Strategie, Produktion und Lizenzen.\" \/>\n<meta name=\"robots\" content=\"index, follow, max-snippet:-1, max-image-preview:large, max-video-preview:-1\" \/>\n<link rel=\"canonical\" href=\"https:\/\/www.organisator.ch\/en\/marketing\/2024-03-14\/berner-regierungsrat-verteidigt-neue-audio-marke\/\" \/>\n<meta property=\"og:locale\" content=\"en_US\" \/>\n<meta property=\"og:type\" content=\"article\" \/>\n<meta property=\"og:title\" content=\"Berner Regierungsrat verteidigt neue Audio-Marke - Organisator\" \/>\n<meta property=\"og:description\" content=\"Diskussion im Grossen Rat: Kosten des neuen Audio-Signets f\u00fcr Kanton Bern hinterfragt. Strategie, Produktion und Lizenzen.\" \/>\n<meta property=\"og:url\" content=\"https:\/\/www.organisator.ch\/en\/marketing\/2024-03-14\/berner-regierungsrat-verteidigt-neue-audio-marke\/\" \/>\n<meta property=\"og:site_name\" content=\"Organisator\" \/>\n<meta property=\"article:publisher\" content=\"https:\/\/www.facebook.com\/OrganisatorFachmagazin\" \/>\n<meta property=\"article:published_time\" content=\"2024-03-14T08:29:09+00:00\" \/>\n<meta property=\"article:modified_time\" content=\"2024-11-11T08:23:31+00:00\" \/>\n<meta property=\"og:image\" content=\"https:\/\/www.werbewoche.ch\/wp-content\/uploads\/2024\/03\/Audio-Marke-Bern-Symbolbild-Keystone.jpg\" \/>\n<meta name=\"author\" content=\"galledia\" \/>\n<meta name=\"twitter:card\" content=\"summary_large_image\" \/>\n<meta name=\"twitter:creator\" content=\"@admin\" \/>\n<script type=\"application\/ld+json\" class=\"yoast-schema-graph\">{\"@context\":\"https:\\\/\\\/schema.org\",\"@graph\":[{\"@type\":\"Article\",\"@id\":\"https:\\\/\\\/www.organisator.ch\\\/marketing\\\/2024-03-14\\\/berner-regierungsrat-verteidigt-neue-audio-marke\\\/#article\",\"isPartOf\":{\"@id\":\"https:\\\/\\\/www.organisator.ch\\\/marketing\\\/2024-03-14\\\/berner-regierungsrat-verteidigt-neue-audio-marke\\\/\"},\"author\":{\"name\":\"galledia\",\"@id\":\"https:\\\/\\\/www.organisator.ch\\\/#\\\/schema\\\/person\\\/4e51799071cd2dd1232ac003643ef5f0\"},\"headline\":\"Berner Regierungsrat verteidigt neue Audio-Marke\",\"datePublished\":\"2024-03-14T08:29:09+00:00\",\"dateModified\":\"2024-11-11T08:23:31+00:00\",\"mainEntityOfPage\":{\"@id\":\"https:\\\/\\\/www.organisator.ch\\\/marketing\\\/2024-03-14\\\/berner-regierungsrat-verteidigt-neue-audio-marke\\\/\"},\"wordCount\":254,\"publisher\":{\"@id\":\"https:\\\/\\\/www.organisator.ch\\\/#organization\"},\"image\":{\"@id\":\"https:\\\/\\\/www.organisator.ch\\\/marketing\\\/2024-03-14\\\/berner-regierungsrat-verteidigt-neue-audio-marke\\\/#primaryimage\"},\"thumbnailUrl\":\"https:\\\/\\\/www.werbewoche.ch\\\/wp-content\\\/uploads\\\/2024\\\/03\\\/Audio-Marke-Bern-Symbolbild-Keystone.jpg\",\"keywords\":[\"Audio Branding\",\"Marken\"],\"articleSection\":[\"MARKETING\"],\"inLanguage\":\"en-US\"},{\"@type\":\"WebPage\",\"@id\":\"https:\\\/\\\/www.organisator.ch\\\/marketing\\\/2024-03-14\\\/berner-regierungsrat-verteidigt-neue-audio-marke\\\/\",\"url\":\"https:\\\/\\\/www.organisator.ch\\\/marketing\\\/2024-03-14\\\/berner-regierungsrat-verteidigt-neue-audio-marke\\\/\",\"name\":\"Berner Regierungsrat verteidigt neue Audio-Marke - Organisator\",\"isPartOf\":{\"@id\":\"https:\\\/\\\/www.organisator.ch\\\/#website\"},\"primaryImageOfPage\":{\"@id\":\"https:\\\/\\\/www.organisator.ch\\\/marketing\\\/2024-03-14\\\/berner-regierungsrat-verteidigt-neue-audio-marke\\\/#primaryimage\"},\"image\":{\"@id\":\"https:\\\/\\\/www.organisator.ch\\\/marketing\\\/2024-03-14\\\/berner-regierungsrat-verteidigt-neue-audio-marke\\\/#primaryimage\"},\"thumbnailUrl\":\"https:\\\/\\\/www.werbewoche.ch\\\/wp-content\\\/uploads\\\/2024\\\/03\\\/Audio-Marke-Bern-Symbolbild-Keystone.jpg\",\"datePublished\":\"2024-03-14T08:29:09+00:00\",\"dateModified\":\"2024-11-11T08:23:31+00:00\",\"description\":\"Diskussion im Grossen Rat: Kosten des neuen Audio-Signets f\u00fcr Kanton Bern hinterfragt. Strategie, Produktion und Lizenzen.\",\"breadcrumb\":{\"@id\":\"https:\\\/\\\/www.organisator.ch\\\/marketing\\\/2024-03-14\\\/berner-regierungsrat-verteidigt-neue-audio-marke\\\/#breadcrumb\"},\"inLanguage\":\"en-US\",\"potentialAction\":[{\"@type\":\"ReadAction\",\"target\":[\"https:\\\/\\\/www.organisator.ch\\\/marketing\\\/2024-03-14\\\/berner-regierungsrat-verteidigt-neue-audio-marke\\\/\"]}]},{\"@type\":\"ImageObject\",\"inLanguage\":\"en-US\",\"@id\":\"https:\\\/\\\/www.organisator.ch\\\/marketing\\\/2024-03-14\\\/berner-regierungsrat-verteidigt-neue-audio-marke\\\/#primaryimage\",\"url\":\"https:\\\/\\\/www.werbewoche.ch\\\/wp-content\\\/uploads\\\/2024\\\/03\\\/Audio-Marke-Bern-Symbolbild-Keystone.jpg\",\"contentUrl\":\"https:\\\/\\\/www.werbewoche.ch\\\/wp-content\\\/uploads\\\/2024\\\/03\\\/Audio-Marke-Bern-Symbolbild-Keystone.jpg\"},{\"@type\":\"BreadcrumbList\",\"@id\":\"https:\\\/\\\/www.organisator.ch\\\/marketing\\\/2024-03-14\\\/berner-regierungsrat-verteidigt-neue-audio-marke\\\/#breadcrumb\",\"itemListElement\":[{\"@type\":\"ListItem\",\"position\":1,\"name\":\"Home\",\"item\":\"https:\\\/\\\/www.organisator.ch\\\/\"},{\"@type\":\"ListItem\",\"position\":2,\"name\":\"Berner Regierungsrat verteidigt neue Audio-Marke\"}]},{\"@type\":\"WebSite\",\"@id\":\"https:\\\/\\\/www.organisator.ch\\\/#website\",\"url\":\"https:\\\/\\\/www.organisator.ch\\\/\",\"name\":\"Organisator\",\"description\":\"Kompetent. Praxisnah. Der ORGANISATOR bereitet in 10 Ausgaben pro Jahr die wesentlichen Themen f\u00fcr F\u00fchrungskr\u00e4fte von KMU auf.\",\"publisher\":{\"@id\":\"https:\\\/\\\/www.organisator.ch\\\/#organization\"},\"potentialAction\":[{\"@type\":\"SearchAction\",\"target\":{\"@type\":\"EntryPoint\",\"urlTemplate\":\"https:\\\/\\\/www.organisator.ch\\\/?s={search_term_string}\"},\"query-input\":{\"@type\":\"PropertyValueSpecification\",\"valueRequired\":true,\"valueName\":\"search_term_string\"}}],\"inLanguage\":\"en-US\"},{\"@type\":\"Organization\",\"@id\":\"https:\\\/\\\/www.organisator.ch\\\/#organization\",\"name\":\"Organisator\",\"url\":\"https:\\\/\\\/www.organisator.ch\\\/\",\"logo\":{\"@type\":\"ImageObject\",\"inLanguage\":\"en-US\",\"@id\":\"https:\\\/\\\/www.organisator.ch\\\/#\\\/schema\\\/logo\\\/image\\\/\",\"url\":\"https:\\\/\\\/www.organisator.ch\\\/wp-content\\\/uploads\\\/2022\\\/01\\\/Logo_Organisator_Website.png\",\"contentUrl\":\"https:\\\/\\\/www.organisator.ch\\\/wp-content\\\/uploads\\\/2022\\\/01\\\/Logo_Organisator_Website.png\",\"width\":800,\"height\":77,\"caption\":\"Organisator\"},\"image\":{\"@id\":\"https:\\\/\\\/www.organisator.ch\\\/#\\\/schema\\\/logo\\\/image\\\/\"},\"sameAs\":[\"https:\\\/\\\/www.facebook.com\\\/OrganisatorFachmagazin\",\"https:\\\/\\\/www.linkedin.com\\\/showcase\\\/organisator-das-magazin-fr-kmu\",\"https:\\\/\\\/www.xing.com\\\/news\\\/pages\\\/organisator-ch-695\",\"https:\\\/\\\/www.youtube.com\\\/channel\\\/UCGP2Sq0iWaZwT3BdIAQFYpw\"]},{\"@type\":\"Person\",\"@id\":\"https:\\\/\\\/www.organisator.ch\\\/#\\\/schema\\\/person\\\/4e51799071cd2dd1232ac003643ef5f0\",\"name\":\"galledia\",\"image\":{\"@type\":\"ImageObject\",\"inLanguage\":\"en-US\",\"@id\":\"https:\\\/\\\/secure.gravatar.com\\\/avatar\\\/78a7f90c01fc2bfc875782a0d4922b37cde2cf184ce347b91316d23cd7f69a36?s=96&d=mm&r=g\",\"url\":\"https:\\\/\\\/secure.gravatar.com\\\/avatar\\\/78a7f90c01fc2bfc875782a0d4922b37cde2cf184ce347b91316d23cd7f69a36?s=96&d=mm&r=g\",\"contentUrl\":\"https:\\\/\\\/secure.gravatar.com\\\/avatar\\\/78a7f90c01fc2bfc875782a0d4922b37cde2cf184ce347b91316d23cd7f69a36?s=96&d=mm&r=g\",\"caption\":\"galledia\"},\"sameAs\":[\"https:\\\/\\\/x.com\\\/admin\"],\"url\":\"https:\\\/\\\/www.organisator.ch\\\/en\\\/author\\\/galledia\\\/\"}]}<\/script>\n<!-- \/ Yoast SEO plugin. -->","yoast_head_json":{"title":"Bern government council defends new audio brand - organizer","description":"Discussion in the Grand Council: costs of the new audio signet for the Canton of Bern questioned. Strategy, production and licenses.","robots":{"index":"index","follow":"follow","max-snippet":"max-snippet:-1","max-image-preview":"max-image-preview:large","max-video-preview":"max-video-preview:-1"},"canonical":"https:\/\/www.organisator.ch\/en\/marketing\/2024-03-14\/berner-regierungsrat-verteidigt-neue-audio-marke\/","og_locale":"en_US","og_type":"article","og_title":"Berner Regierungsrat verteidigt neue Audio-Marke - Organisator","og_description":"Diskussion im Grossen Rat: Kosten des neuen Audio-Signets f\u00fcr Kanton Bern hinterfragt. Strategie, Produktion und Lizenzen.","og_url":"https:\/\/www.organisator.ch\/en\/marketing\/2024-03-14\/berner-regierungsrat-verteidigt-neue-audio-marke\/","og_site_name":"Organisator","article_publisher":"https:\/\/www.facebook.com\/OrganisatorFachmagazin","article_published_time":"2024-03-14T08:29:09+00:00","article_modified_time":"2024-11-11T08:23:31+00:00","og_image":[{"url":"https:\/\/www.werbewoche.ch\/wp-content\/uploads\/2024\/03\/Audio-Marke-Bern-Symbolbild-Keystone.jpg","type":"","width":"","height":""}],"author":"galledia","twitter_card":"summary_large_image","twitter_creator":"@admin","schema":{"@context":"https:\/\/schema.org","@graph":[{"@type":"Article","@id":"https:\/\/www.organisator.ch\/marketing\/2024-03-14\/berner-regierungsrat-verteidigt-neue-audio-marke\/#article","isPartOf":{"@id":"https:\/\/www.organisator.ch\/marketing\/2024-03-14\/berner-regierungsrat-verteidigt-neue-audio-marke\/"},"author":{"name":"galledia","@id":"https:\/\/www.organisator.ch\/#\/schema\/person\/4e51799071cd2dd1232ac003643ef5f0"},"headline":"Berner Regierungsrat verteidigt neue Audio-Marke","datePublished":"2024-03-14T08:29:09+00:00","dateModified":"2024-11-11T08:23:31+00:00","mainEntityOfPage":{"@id":"https:\/\/www.organisator.ch\/marketing\/2024-03-14\/berner-regierungsrat-verteidigt-neue-audio-marke\/"},"wordCount":254,"publisher":{"@id":"https:\/\/www.organisator.ch\/#organization"},"image":{"@id":"https:\/\/www.organisator.ch\/marketing\/2024-03-14\/berner-regierungsrat-verteidigt-neue-audio-marke\/#primaryimage"},"thumbnailUrl":"https:\/\/www.werbewoche.ch\/wp-content\/uploads\/2024\/03\/Audio-Marke-Bern-Symbolbild-Keystone.jpg","keywords":["Audio Branding","Marken"],"articleSection":["MARKETING"],"inLanguage":"en-US"},{"@type":"WebPage","@id":"https:\/\/www.organisator.ch\/marketing\/2024-03-14\/berner-regierungsrat-verteidigt-neue-audio-marke\/","url":"https:\/\/www.organisator.ch\/marketing\/2024-03-14\/berner-regierungsrat-verteidigt-neue-audio-marke\/","name":"Bern government council defends new audio brand - organizer","isPartOf":{"@id":"https:\/\/www.organisator.ch\/#website"},"primaryImageOfPage":{"@id":"https:\/\/www.organisator.ch\/marketing\/2024-03-14\/berner-regierungsrat-verteidigt-neue-audio-marke\/#primaryimage"},"image":{"@id":"https:\/\/www.organisator.ch\/marketing\/2024-03-14\/berner-regierungsrat-verteidigt-neue-audio-marke\/#primaryimage"},"thumbnailUrl":"https:\/\/www.werbewoche.ch\/wp-content\/uploads\/2024\/03\/Audio-Marke-Bern-Symbolbild-Keystone.jpg","datePublished":"2024-03-14T08:29:09+00:00","dateModified":"2024-11-11T08:23:31+00:00","description":"Discussion in the Grand Council: costs of the new audio signet for the Canton of Bern questioned. Strategy, production and licenses.","breadcrumb":{"@id":"https:\/\/www.organisator.ch\/marketing\/2024-03-14\/berner-regierungsrat-verteidigt-neue-audio-marke\/#breadcrumb"},"inLanguage":"en-US","potentialAction":[{"@type":"ReadAction","target":["https:\/\/www.organisator.ch\/marketing\/2024-03-14\/berner-regierungsrat-verteidigt-neue-audio-marke\/"]}]},{"@type":"ImageObject","inLanguage":"en-US","@id":"https:\/\/www.organisator.ch\/marketing\/2024-03-14\/berner-regierungsrat-verteidigt-neue-audio-marke\/#primaryimage","url":"https:\/\/www.werbewoche.ch\/wp-content\/uploads\/2024\/03\/Audio-Marke-Bern-Symbolbild-Keystone.jpg","contentUrl":"https:\/\/www.werbewoche.ch\/wp-content\/uploads\/2024\/03\/Audio-Marke-Bern-Symbolbild-Keystone.jpg"},{"@type":"BreadcrumbList","@id":"https:\/\/www.organisator.ch\/marketing\/2024-03-14\/berner-regierungsrat-verteidigt-neue-audio-marke\/#breadcrumb","itemListElement":[{"@type":"ListItem","position":1,"name":"Home","item":"https:\/\/www.organisator.ch\/"},{"@type":"ListItem","position":2,"name":"Berner Regierungsrat verteidigt neue Audio-Marke"}]},{"@type":"WebSite","@id":"https:\/\/www.organisator.ch\/#website","url":"https:\/\/www.organisator.ch\/","name":"Organizer","description":"Competent. Practical. In 10 issues per year, ORGANISATOR presents the essential topics for managers of SMEs.","publisher":{"@id":"https:\/\/www.organisator.ch\/#organization"},"potentialAction":[{"@type":"SearchAction","target":{"@type":"EntryPoint","urlTemplate":"https:\/\/www.organisator.ch\/?s={search_term_string}"},"query-input":{"@type":"PropertyValueSpecification","valueRequired":true,"valueName":"search_term_string"}}],"inLanguage":"en-US"},{"@type":"Organization","@id":"https:\/\/www.organisator.ch\/#organization","name":"Organizer","url":"https:\/\/www.organisator.ch\/","logo":{"@type":"ImageObject","inLanguage":"en-US","@id":"https:\/\/www.organisator.ch\/#\/schema\/logo\/image\/","url":"https:\/\/www.organisator.ch\/wp-content\/uploads\/2022\/01\/Logo_Organisator_Website.png","contentUrl":"https:\/\/www.organisator.ch\/wp-content\/uploads\/2022\/01\/Logo_Organisator_Website.png","width":800,"height":77,"caption":"Organisator"},"image":{"@id":"https:\/\/www.organisator.ch\/#\/schema\/logo\/image\/"},"sameAs":["https:\/\/www.facebook.com\/OrganisatorFachmagazin","https:\/\/www.linkedin.com\/showcase\/organisator-das-magazin-fr-kmu","https:\/\/www.xing.com\/news\/pages\/organisator-ch-695","https:\/\/www.youtube.com\/channel\/UCGP2Sq0iWaZwT3BdIAQFYpw"]},{"@type":"Person","@id":"https:\/\/www.organisator.ch\/#\/schema\/person\/4e51799071cd2dd1232ac003643ef5f0","name":"galledia","image":{"@type":"ImageObject","inLanguage":"en-US","@id":"https:\/\/secure.gravatar.com\/avatar\/78a7f90c01fc2bfc875782a0d4922b37cde2cf184ce347b91316d23cd7f69a36?s=96&d=mm&r=g","url":"https:\/\/secure.gravatar.com\/avatar\/78a7f90c01fc2bfc875782a0d4922b37cde2cf184ce347b91316d23cd7f69a36?s=96&d=mm&r=g","contentUrl":"https:\/\/secure.gravatar.com\/avatar\/78a7f90c01fc2bfc875782a0d4922b37cde2cf184ce347b91316d23cd7f69a36?s=96&d=mm&r=g","caption":"galledia"},"sameAs":["https:\/\/x.com\/admin"],"url":"https:\/\/www.organisator.ch\/en\/author\/galledia\/"}]}},"_links":{"self":[{"href":"https:\/\/www.organisator.ch\/en\/wp-json\/wp\/v2\/posts\/25917","targetHints":{"allow":["GET"]}}],"collection":[{"href":"https:\/\/www.organisator.ch\/en\/wp-json\/wp\/v2\/posts"}],"about":[{"href":"https:\/\/www.organisator.ch\/en\/wp-json\/wp\/v2\/types\/post"}],"author":[{"embeddable":true,"href":"https:\/\/www.organisator.ch\/en\/wp-json\/wp\/v2\/users\/8"}],"replies":[{"embeddable":true,"href":"https:\/\/www.organisator.ch\/en\/wp-json\/wp\/v2\/comments?post=25917"}],"version-history":[{"count":2,"href":"https:\/\/www.organisator.ch\/en\/wp-json\/wp\/v2\/posts\/25917\/revisions"}],"predecessor-version":[{"id":32377,"href":"https:\/\/www.organisator.ch\/en\/wp-json\/wp\/v2\/posts\/25917\/revisions\/32377"}],"wp:attachment":[{"href":"https:\/\/www.organisator.ch\/en\/wp-json\/wp\/v2\/media?parent=25917"}],"wp:term":[{"taxonomy":"category","embeddable":true,"href":"https:\/\/www.organisator.ch\/en\/wp-json\/wp\/v2\/categories?post=25917"},{"taxonomy":"post_tag","embeddable":true,"href":"https:\/\/www.organisator.ch\/en\/wp-json\/wp\/v2\/tags?post=25917"}],"curies":[{"name":"wp","href":"https:\/\/api.w.org\/{rel}","templated":true}]}}