{"id":2598,"date":"2019-11-07T11:23:01","date_gmt":"2019-11-07T10:23:01","guid":{"rendered":"https:\/\/www.umweltperspektiven.ch\/?p=2598"},"modified":"2022-02-09T11:06:15","modified_gmt":"2022-02-09T10:06:15","slug":"bs2-zeleganz-erhaelt-schweizer-solarpreis-2019","status":"publish","type":"post","link":"https:\/\/www.organisator.ch\/en\/sustainability\/2019-11-07\/bs2-zeleganz-erhaelt-schweizer-solarpreis-2019\/","title":{"rendered":"BS2 Zeleganz receives Swiss Solar Prize 2019"},"content":{"rendered":"<p>&nbsp;<\/p>\n<figure id=\"attachment_2599\" aria-describedby=\"caption-attachment-2599\" style=\"width: 494px\" class=\"wp-caption alignnone\"><img loading=\"lazy\" decoding=\"async\" class=\"size-full wp-image-2599\" src=\"\/\/www.umweltperspektiven.ch\/wp-content\/uploads\/2019\/11\/BS2-Zeleganz-erh\u00e4lt-Schweizer-Solarpreis-2019-UP_Umwelt-Perspektiven.jpg\" alt=\"\" width=\"494\" height=\"348\" \/><figcaption id=\"caption-attachment-2599\" class=\"wp-caption-text\"><strong>Building owner:<\/strong><br \/>Roman Catholic Parish Egg<br \/><strong>Architect:<\/strong><br \/>Daniel Studer, Arch. ETH SIA, Villnachern<br \/><strong>HVAC Planning:<\/strong><br \/>W&amp;P Engineering AG, Zurich<br \/>BS2 AG, Schlieren<br \/><strong>Services\/Products BS2:<\/strong><br \/>Feasibility study<br \/>Subplanner SIA 3-5<br \/>Low-lift heat pump<br \/>Solar roof<br \/>Control<\/figcaption><\/figure>\n<p>W&amp;P Engineering AG, Zurich, and BS2 AG, Schlieren, and other participants were awarded the Swiss Solar Prize 2019. The high energy demand of the Roman Catholic Church of St. Francis in Ebmatingen, built in 1989, was met by an oil-fired heating system that consumed 7,000 liters annually and thereby emitted 21 tons of CO<sub>2<\/sub> emitted. It was clear to the client that this was neither ecological nor economical.<\/p>\n<p>Originally planned only as a heating renovation, a variant study for the heating replacement led to a surprising solution: The improvement of the thermal insulation of the tiled roof in need of renovation and the replacement of the window glasses in the old part of the building would be sufficient, in combination with an innovative heat generation, not only to operate the church emission-free, but also to act economically advantageous.<\/p>\n<p><strong>Church with solar roof\u00a0<\/strong><\/p>\n<p>The commissioned architect Daniel Studer made a point of ensuring that the distinctive roof would continue to emphasize the building's delicate characteristics in its future role as an energy producer. The southwest side is fully equipped with photovoltaic-thermal modules (PVT) of the prefabricated BS2 solar roof, which was installed in one day, while a conventional PV system is installed on the northeast side. The two systems (PV + PVT) are visually uniform and generate a total of about 80 MWh of electricity and 40 MWh of heat per year.<\/p>\n<p>This means that St. Francis Church has a self-energy supply of 221 percent. Of course, this is not solely due to the PV\/PVT system. Only the optimally coordinated interaction of all components of the BS2 Zeleganz energy system with its geothermal probe heat pump and the seasonal regeneration of the geothermal storage tank, as well as LED lighting, ensures highly efficient, emission-free operation.<\/p>\n<p>Through the use of new technology, it has been possible to combine demands for a sustainable building energy system with the desire for individual and uniform design. The jury of the Swiss Solar Prize 2019 also acknowledges this and writes: <em>\"The church renovation fulfills an exemplary function both in terms of energy and ecology. For this, the PEB church St. Franziskus Ebmatingen receives the PlusEnergieBau Solar Award 2019.\"<\/p>\n<p><\/em><a href=\"\/\/www.solaragentur.ch\/solarpreise%20\">solaragentur.ch\/solarprices<\/a><\/p>\n<p><a href=\"\/\/www.BS2.ch\">http:\/\/www.BS2.ch<\/a><\/p>\n<p>&nbsp;<\/p>","protected":false},"excerpt":{"rendered":"<p>&nbsp; W&amp;P Engineering AG, Z\u00fcrich, und die BS2 AG, Schlieren und weitere Beteiligte wurden mit dem Schweizer Solarpreis 2019 ausgezeichnet.\u00a0Der hohe Energiebedarf der 1989 errichteten r\u00f6m.-kath. Kirche St. Franziskus in Ebmatingen wurde mit einer \u00d6lheizung gedeckt, die j\u00e4hrlich 7&#8217;000 Liter verbrauchte und dabei 21 Tonnen CO2 ausstiess. Der Bauherrschaft war klar: Das ist weder \u00f6kologisch [&hellip;]<\/p>\n","protected":false},"author":5,"featured_media":9653,"comment_status":"open","ping_status":"open","sticky":false,"template":"","format":"standard","meta":{"_acf_changed":false,"_yoast_wpseo_focuskw":"BS2 Zeleganz","_yoast_wpseo_metadesc":"Kirche St. Franziskus in Ebmatingen: Das Zusammenspiel aller Komponenten des Energiesystems BS2 Zeleganz hat die Jury des Solarpreises \u00fcberzeugt.","articlekey":"","footnotes":""},"categories":[580],"tags":[1493,1614,1960,1961,1965,424,2147],"class_list":["post-2598","post","type-post","status-publish","format-standard","has-post-thumbnail","hentry","category-sustainability","tag-kirche","tag-led","tag-pv","tag-pv-anlage","tag-pvt","tag-schweiz","tag-solarpreis"],"acf":[],"yoast_head":"<!-- This site is optimized with the Yoast SEO plugin v27.4 - https:\/\/yoast.com\/product\/yoast-seo-wordpress\/ -->\n<title>BS2 Zeleganz erh\u00e4lt Schweizer Solarpreis 2019 - Organisator<\/title>\n<meta name=\"description\" content=\"Kirche St. Franziskus in Ebmatingen: Das Zusammenspiel aller Komponenten des Energiesystems BS2 Zeleganz hat die Jury des Solarpreises \u00fcberzeugt.\" \/>\n<meta name=\"robots\" content=\"index, follow, max-snippet:-1, max-image-preview:large, max-video-preview:-1\" \/>\n<link rel=\"canonical\" href=\"https:\/\/www.organisator.ch\/en\/sustainability\/2019-11-07\/bs2-zeleganz-erhaelt-schweizer-solarpreis-2019\/\" \/>\n<meta property=\"og:locale\" content=\"en_US\" \/>\n<meta property=\"og:type\" content=\"article\" \/>\n<meta property=\"og:title\" content=\"BS2 Zeleganz erh\u00e4lt Schweizer Solarpreis 2019 - Organisator\" \/>\n<meta property=\"og:description\" content=\"Kirche St. Franziskus in Ebmatingen: Das Zusammenspiel aller Komponenten des Energiesystems BS2 Zeleganz hat die Jury des Solarpreises \u00fcberzeugt.\" \/>\n<meta property=\"og:url\" content=\"https:\/\/www.organisator.ch\/en\/sustainability\/2019-11-07\/bs2-zeleganz-erhaelt-schweizer-solarpreis-2019\/\" \/>\n<meta property=\"og:site_name\" content=\"Organisator\" \/>\n<meta property=\"article:publisher\" content=\"https:\/\/www.facebook.com\/OrganisatorFachmagazin\" \/>\n<meta property=\"article:published_time\" content=\"2019-11-07T10:23:01+00:00\" \/>\n<meta property=\"article:modified_time\" content=\"2022-02-09T10:06:15+00:00\" \/>\n<meta property=\"og:image\" content=\"https:\/\/www.organisator.ch\/wp-content\/uploads\/2019\/11\/BS2-Zeleganz-erhaelt-Schweizer-Solarpreis-2019-UP_Umwelt-Perspektiven.jpg\" \/>\n\t<meta property=\"og:image:width\" content=\"494\" \/>\n\t<meta property=\"og:image:height\" content=\"348\" \/>\n\t<meta property=\"og:image:type\" content=\"image\/jpeg\" \/>\n<meta name=\"author\" content=\"michael.merz\" \/>\n<meta name=\"twitter:card\" content=\"summary_large_image\" \/>\n<script type=\"application\/ld+json\" class=\"yoast-schema-graph\">{\"@context\":\"https:\\\/\\\/schema.org\",\"@graph\":[{\"@type\":\"Article\",\"@id\":\"https:\\\/\\\/www.organisator.ch\\\/sustainability\\\/2019-11-07\\\/bs2-zeleganz-erhaelt-schweizer-solarpreis-2019\\\/#article\",\"isPartOf\":{\"@id\":\"https:\\\/\\\/www.organisator.ch\\\/sustainability\\\/2019-11-07\\\/bs2-zeleganz-erhaelt-schweizer-solarpreis-2019\\\/\"},\"author\":{\"name\":\"michael.merz\",\"@id\":\"https:\\\/\\\/www.organisator.ch\\\/#\\\/schema\\\/person\\\/134708ca9321c57b0362cceb7948ffbd\"},\"headline\":\"BS2 Zeleganz erh\u00e4lt Schweizer Solarpreis 2019\",\"datePublished\":\"2019-11-07T10:23:01+00:00\",\"dateModified\":\"2022-02-09T10:06:15+00:00\",\"mainEntityOfPage\":{\"@id\":\"https:\\\/\\\/www.organisator.ch\\\/sustainability\\\/2019-11-07\\\/bs2-zeleganz-erhaelt-schweizer-solarpreis-2019\\\/\"},\"wordCount\":371,\"commentCount\":0,\"publisher\":{\"@id\":\"https:\\\/\\\/www.organisator.ch\\\/#organization\"},\"image\":{\"@id\":\"https:\\\/\\\/www.organisator.ch\\\/sustainability\\\/2019-11-07\\\/bs2-zeleganz-erhaelt-schweizer-solarpreis-2019\\\/#primaryimage\"},\"thumbnailUrl\":\"https:\\\/\\\/www.organisator.ch\\\/wp-content\\\/uploads\\\/2019\\\/11\\\/BS2-Zeleganz-erhaelt-Schweizer-Solarpreis-2019-UP_Umwelt-Perspektiven.jpg\",\"keywords\":[\"Kirche\",\"LED\",\"PV\",\"PV-Anlage\",\"PVT\",\"Schweiz\",\"Solarpreis\"],\"articleSection\":[\"SUSTAINABILITY\"],\"inLanguage\":\"en-US\"},{\"@type\":\"WebPage\",\"@id\":\"https:\\\/\\\/www.organisator.ch\\\/sustainability\\\/2019-11-07\\\/bs2-zeleganz-erhaelt-schweizer-solarpreis-2019\\\/\",\"url\":\"https:\\\/\\\/www.organisator.ch\\\/sustainability\\\/2019-11-07\\\/bs2-zeleganz-erhaelt-schweizer-solarpreis-2019\\\/\",\"name\":\"BS2 Zeleganz erh\u00e4lt Schweizer Solarpreis 2019 - Organisator\",\"isPartOf\":{\"@id\":\"https:\\\/\\\/www.organisator.ch\\\/#website\"},\"primaryImageOfPage\":{\"@id\":\"https:\\\/\\\/www.organisator.ch\\\/sustainability\\\/2019-11-07\\\/bs2-zeleganz-erhaelt-schweizer-solarpreis-2019\\\/#primaryimage\"},\"image\":{\"@id\":\"https:\\\/\\\/www.organisator.ch\\\/sustainability\\\/2019-11-07\\\/bs2-zeleganz-erhaelt-schweizer-solarpreis-2019\\\/#primaryimage\"},\"thumbnailUrl\":\"https:\\\/\\\/www.organisator.ch\\\/wp-content\\\/uploads\\\/2019\\\/11\\\/BS2-Zeleganz-erhaelt-Schweizer-Solarpreis-2019-UP_Umwelt-Perspektiven.jpg\",\"datePublished\":\"2019-11-07T10:23:01+00:00\",\"dateModified\":\"2022-02-09T10:06:15+00:00\",\"description\":\"Kirche St. Franziskus in Ebmatingen: Das Zusammenspiel aller Komponenten des Energiesystems BS2 Zeleganz hat die Jury des Solarpreises \u00fcberzeugt.\",\"breadcrumb\":{\"@id\":\"https:\\\/\\\/www.organisator.ch\\\/sustainability\\\/2019-11-07\\\/bs2-zeleganz-erhaelt-schweizer-solarpreis-2019\\\/#breadcrumb\"},\"inLanguage\":\"en-US\",\"potentialAction\":[{\"@type\":\"ReadAction\",\"target\":[\"https:\\\/\\\/www.organisator.ch\\\/sustainability\\\/2019-11-07\\\/bs2-zeleganz-erhaelt-schweizer-solarpreis-2019\\\/\"]}]},{\"@type\":\"ImageObject\",\"inLanguage\":\"en-US\",\"@id\":\"https:\\\/\\\/www.organisator.ch\\\/sustainability\\\/2019-11-07\\\/bs2-zeleganz-erhaelt-schweizer-solarpreis-2019\\\/#primaryimage\",\"url\":\"https:\\\/\\\/www.organisator.ch\\\/wp-content\\\/uploads\\\/2019\\\/11\\\/BS2-Zeleganz-erhaelt-Schweizer-Solarpreis-2019-UP_Umwelt-Perspektiven.jpg\",\"contentUrl\":\"https:\\\/\\\/www.organisator.ch\\\/wp-content\\\/uploads\\\/2019\\\/11\\\/BS2-Zeleganz-erhaelt-Schweizer-Solarpreis-2019-UP_Umwelt-Perspektiven.jpg\",\"width\":494,\"height\":348,\"caption\":\"Bauherrschaft: R\u00f6m. kath. Kirchgemeinde Egg Architekt: Daniel Studer, Arch. ETH SIA, Villnachern HLK-Planung: W&P Engineering AG, Z\u00fcrich BS2 AG, Schlieren Leistungen\\\/Produkte BS2: Machbarkeitsstudie Subplaner SIA 3-5 Niederhub-W\u00e4rmepumpe Solardach Steuerung\"},{\"@type\":\"BreadcrumbList\",\"@id\":\"https:\\\/\\\/www.organisator.ch\\\/sustainability\\\/2019-11-07\\\/bs2-zeleganz-erhaelt-schweizer-solarpreis-2019\\\/#breadcrumb\",\"itemListElement\":[{\"@type\":\"ListItem\",\"position\":1,\"name\":\"Home\",\"item\":\"https:\\\/\\\/www.organisator.ch\\\/\"},{\"@type\":\"ListItem\",\"position\":2,\"name\":\"BS2 Zeleganz erh\u00e4lt Schweizer Solarpreis 2019\"}]},{\"@type\":\"WebSite\",\"@id\":\"https:\\\/\\\/www.organisator.ch\\\/#website\",\"url\":\"https:\\\/\\\/www.organisator.ch\\\/\",\"name\":\"Organisator\",\"description\":\"Kompetent. Praxisnah. Der ORGANISATOR bereitet in 10 Ausgaben pro Jahr die wesentlichen Themen f\u00fcr F\u00fchrungskr\u00e4fte von KMU auf.\",\"publisher\":{\"@id\":\"https:\\\/\\\/www.organisator.ch\\\/#organization\"},\"potentialAction\":[{\"@type\":\"SearchAction\",\"target\":{\"@type\":\"EntryPoint\",\"urlTemplate\":\"https:\\\/\\\/www.organisator.ch\\\/?s={search_term_string}\"},\"query-input\":{\"@type\":\"PropertyValueSpecification\",\"valueRequired\":true,\"valueName\":\"search_term_string\"}}],\"inLanguage\":\"en-US\"},{\"@type\":\"Organization\",\"@id\":\"https:\\\/\\\/www.organisator.ch\\\/#organization\",\"name\":\"Organisator\",\"url\":\"https:\\\/\\\/www.organisator.ch\\\/\",\"logo\":{\"@type\":\"ImageObject\",\"inLanguage\":\"en-US\",\"@id\":\"https:\\\/\\\/www.organisator.ch\\\/#\\\/schema\\\/logo\\\/image\\\/\",\"url\":\"https:\\\/\\\/www.organisator.ch\\\/wp-content\\\/uploads\\\/2022\\\/01\\\/Logo_Organisator_Website.png\",\"contentUrl\":\"https:\\\/\\\/www.organisator.ch\\\/wp-content\\\/uploads\\\/2022\\\/01\\\/Logo_Organisator_Website.png\",\"width\":800,\"height\":77,\"caption\":\"Organisator\"},\"image\":{\"@id\":\"https:\\\/\\\/www.organisator.ch\\\/#\\\/schema\\\/logo\\\/image\\\/\"},\"sameAs\":[\"https:\\\/\\\/www.facebook.com\\\/OrganisatorFachmagazin\",\"https:\\\/\\\/www.linkedin.com\\\/showcase\\\/organisator-das-magazin-fr-kmu\",\"https:\\\/\\\/www.xing.com\\\/news\\\/pages\\\/organisator-ch-695\",\"https:\\\/\\\/www.youtube.com\\\/channel\\\/UCGP2Sq0iWaZwT3BdIAQFYpw\"]},{\"@type\":\"Person\",\"@id\":\"https:\\\/\\\/www.organisator.ch\\\/#\\\/schema\\\/person\\\/134708ca9321c57b0362cceb7948ffbd\",\"name\":\"michael.merz\",\"image\":{\"@type\":\"ImageObject\",\"inLanguage\":\"en-US\",\"@id\":\"https:\\\/\\\/secure.gravatar.com\\\/avatar\\\/?s=96&d=mm&r=g\",\"url\":\"https:\\\/\\\/secure.gravatar.com\\\/avatar\\\/?s=96&d=mm&r=g\",\"contentUrl\":\"https:\\\/\\\/secure.gravatar.com\\\/avatar\\\/?s=96&d=mm&r=g\",\"caption\":\"michael.merz\"},\"url\":\"https:\\\/\\\/www.organisator.ch\\\/en\\\/author\\\/michael-merz\\\/\"}]}<\/script>\n<!-- \/ Yoast SEO plugin. -->","yoast_head_json":{"title":"BS2 Zeleganz receives Swiss Solar Prize 2019 - organizer","description":"St. Francis Church in Ebmatingen: The interaction of all components of the BS2 Zeleganz energy system convinced the jury of the Solar Prize.","robots":{"index":"index","follow":"follow","max-snippet":"max-snippet:-1","max-image-preview":"max-image-preview:large","max-video-preview":"max-video-preview:-1"},"canonical":"https:\/\/www.organisator.ch\/en\/sustainability\/2019-11-07\/bs2-zeleganz-erhaelt-schweizer-solarpreis-2019\/","og_locale":"en_US","og_type":"article","og_title":"BS2 Zeleganz erh\u00e4lt Schweizer Solarpreis 2019 - Organisator","og_description":"Kirche St. Franziskus in Ebmatingen: Das Zusammenspiel aller Komponenten des Energiesystems BS2 Zeleganz hat die Jury des Solarpreises \u00fcberzeugt.","og_url":"https:\/\/www.organisator.ch\/en\/sustainability\/2019-11-07\/bs2-zeleganz-erhaelt-schweizer-solarpreis-2019\/","og_site_name":"Organisator","article_publisher":"https:\/\/www.facebook.com\/OrganisatorFachmagazin","article_published_time":"2019-11-07T10:23:01+00:00","article_modified_time":"2022-02-09T10:06:15+00:00","og_image":[{"width":494,"height":348,"url":"https:\/\/www.organisator.ch\/wp-content\/uploads\/2019\/11\/BS2-Zeleganz-erhaelt-Schweizer-Solarpreis-2019-UP_Umwelt-Perspektiven.jpg","type":"image\/jpeg"}],"author":"michael.merz","twitter_card":"summary_large_image","schema":{"@context":"https:\/\/schema.org","@graph":[{"@type":"Article","@id":"https:\/\/www.organisator.ch\/sustainability\/2019-11-07\/bs2-zeleganz-erhaelt-schweizer-solarpreis-2019\/#article","isPartOf":{"@id":"https:\/\/www.organisator.ch\/sustainability\/2019-11-07\/bs2-zeleganz-erhaelt-schweizer-solarpreis-2019\/"},"author":{"name":"michael.merz","@id":"https:\/\/www.organisator.ch\/#\/schema\/person\/134708ca9321c57b0362cceb7948ffbd"},"headline":"BS2 Zeleganz erh\u00e4lt Schweizer Solarpreis 2019","datePublished":"2019-11-07T10:23:01+00:00","dateModified":"2022-02-09T10:06:15+00:00","mainEntityOfPage":{"@id":"https:\/\/www.organisator.ch\/sustainability\/2019-11-07\/bs2-zeleganz-erhaelt-schweizer-solarpreis-2019\/"},"wordCount":371,"commentCount":0,"publisher":{"@id":"https:\/\/www.organisator.ch\/#organization"},"image":{"@id":"https:\/\/www.organisator.ch\/sustainability\/2019-11-07\/bs2-zeleganz-erhaelt-schweizer-solarpreis-2019\/#primaryimage"},"thumbnailUrl":"https:\/\/www.organisator.ch\/wp-content\/uploads\/2019\/11\/BS2-Zeleganz-erhaelt-Schweizer-Solarpreis-2019-UP_Umwelt-Perspektiven.jpg","keywords":["Kirche","LED","PV","PV-Anlage","PVT","Schweiz","Solarpreis"],"articleSection":["SUSTAINABILITY"],"inLanguage":"en-US"},{"@type":"WebPage","@id":"https:\/\/www.organisator.ch\/sustainability\/2019-11-07\/bs2-zeleganz-erhaelt-schweizer-solarpreis-2019\/","url":"https:\/\/www.organisator.ch\/sustainability\/2019-11-07\/bs2-zeleganz-erhaelt-schweizer-solarpreis-2019\/","name":"BS2 Zeleganz receives Swiss Solar Prize 2019 - organizer","isPartOf":{"@id":"https:\/\/www.organisator.ch\/#website"},"primaryImageOfPage":{"@id":"https:\/\/www.organisator.ch\/sustainability\/2019-11-07\/bs2-zeleganz-erhaelt-schweizer-solarpreis-2019\/#primaryimage"},"image":{"@id":"https:\/\/www.organisator.ch\/sustainability\/2019-11-07\/bs2-zeleganz-erhaelt-schweizer-solarpreis-2019\/#primaryimage"},"thumbnailUrl":"https:\/\/www.organisator.ch\/wp-content\/uploads\/2019\/11\/BS2-Zeleganz-erhaelt-Schweizer-Solarpreis-2019-UP_Umwelt-Perspektiven.jpg","datePublished":"2019-11-07T10:23:01+00:00","dateModified":"2022-02-09T10:06:15+00:00","description":"St. Francis Church in Ebmatingen: The interaction of all components of the BS2 Zeleganz energy system convinced the jury of the Solar Prize.","breadcrumb":{"@id":"https:\/\/www.organisator.ch\/sustainability\/2019-11-07\/bs2-zeleganz-erhaelt-schweizer-solarpreis-2019\/#breadcrumb"},"inLanguage":"en-US","potentialAction":[{"@type":"ReadAction","target":["https:\/\/www.organisator.ch\/sustainability\/2019-11-07\/bs2-zeleganz-erhaelt-schweizer-solarpreis-2019\/"]}]},{"@type":"ImageObject","inLanguage":"en-US","@id":"https:\/\/www.organisator.ch\/sustainability\/2019-11-07\/bs2-zeleganz-erhaelt-schweizer-solarpreis-2019\/#primaryimage","url":"https:\/\/www.organisator.ch\/wp-content\/uploads\/2019\/11\/BS2-Zeleganz-erhaelt-Schweizer-Solarpreis-2019-UP_Umwelt-Perspektiven.jpg","contentUrl":"https:\/\/www.organisator.ch\/wp-content\/uploads\/2019\/11\/BS2-Zeleganz-erhaelt-Schweizer-Solarpreis-2019-UP_Umwelt-Perspektiven.jpg","width":494,"height":348,"caption":"Bauherrschaft: R\u00f6m. kath. Kirchgemeinde Egg Architekt: Daniel Studer, Arch. ETH SIA, Villnachern HLK-Planung: W&P Engineering AG, Z\u00fcrich BS2 AG, Schlieren Leistungen\/Produkte BS2: Machbarkeitsstudie Subplaner SIA 3-5 Niederhub-W\u00e4rmepumpe Solardach Steuerung"},{"@type":"BreadcrumbList","@id":"https:\/\/www.organisator.ch\/sustainability\/2019-11-07\/bs2-zeleganz-erhaelt-schweizer-solarpreis-2019\/#breadcrumb","itemListElement":[{"@type":"ListItem","position":1,"name":"Home","item":"https:\/\/www.organisator.ch\/"},{"@type":"ListItem","position":2,"name":"BS2 Zeleganz erh\u00e4lt Schweizer Solarpreis 2019"}]},{"@type":"WebSite","@id":"https:\/\/www.organisator.ch\/#website","url":"https:\/\/www.organisator.ch\/","name":"Organizer","description":"Competent. Practical. In 10 issues per year, ORGANISATOR presents the essential topics for managers of SMEs.","publisher":{"@id":"https:\/\/www.organisator.ch\/#organization"},"potentialAction":[{"@type":"SearchAction","target":{"@type":"EntryPoint","urlTemplate":"https:\/\/www.organisator.ch\/?s={search_term_string}"},"query-input":{"@type":"PropertyValueSpecification","valueRequired":true,"valueName":"search_term_string"}}],"inLanguage":"en-US"},{"@type":"Organization","@id":"https:\/\/www.organisator.ch\/#organization","name":"Organizer","url":"https:\/\/www.organisator.ch\/","logo":{"@type":"ImageObject","inLanguage":"en-US","@id":"https:\/\/www.organisator.ch\/#\/schema\/logo\/image\/","url":"https:\/\/www.organisator.ch\/wp-content\/uploads\/2022\/01\/Logo_Organisator_Website.png","contentUrl":"https:\/\/www.organisator.ch\/wp-content\/uploads\/2022\/01\/Logo_Organisator_Website.png","width":800,"height":77,"caption":"Organisator"},"image":{"@id":"https:\/\/www.organisator.ch\/#\/schema\/logo\/image\/"},"sameAs":["https:\/\/www.facebook.com\/OrganisatorFachmagazin","https:\/\/www.linkedin.com\/showcase\/organisator-das-magazin-fr-kmu","https:\/\/www.xing.com\/news\/pages\/organisator-ch-695","https:\/\/www.youtube.com\/channel\/UCGP2Sq0iWaZwT3BdIAQFYpw"]},{"@type":"Person","@id":"https:\/\/www.organisator.ch\/#\/schema\/person\/134708ca9321c57b0362cceb7948ffbd","name":"michael.merz","image":{"@type":"ImageObject","inLanguage":"en-US","@id":"https:\/\/secure.gravatar.com\/avatar\/?s=96&d=mm&r=g","url":"https:\/\/secure.gravatar.com\/avatar\/?s=96&d=mm&r=g","contentUrl":"https:\/\/secure.gravatar.com\/avatar\/?s=96&d=mm&r=g","caption":"michael.merz"},"url":"https:\/\/www.organisator.ch\/en\/author\/michael-merz\/"}]}},"_links":{"self":[{"href":"https:\/\/www.organisator.ch\/en\/wp-json\/wp\/v2\/posts\/2598","targetHints":{"allow":["GET"]}}],"collection":[{"href":"https:\/\/www.organisator.ch\/en\/wp-json\/wp\/v2\/posts"}],"about":[{"href":"https:\/\/www.organisator.ch\/en\/wp-json\/wp\/v2\/types\/post"}],"author":[{"embeddable":true,"href":"https:\/\/www.organisator.ch\/en\/wp-json\/wp\/v2\/users\/5"}],"replies":[{"embeddable":true,"href":"https:\/\/www.organisator.ch\/en\/wp-json\/wp\/v2\/comments?post=2598"}],"version-history":[{"count":1,"href":"https:\/\/www.organisator.ch\/en\/wp-json\/wp\/v2\/posts\/2598\/revisions"}],"predecessor-version":[{"id":10541,"href":"https:\/\/www.organisator.ch\/en\/wp-json\/wp\/v2\/posts\/2598\/revisions\/10541"}],"wp:featuredmedia":[{"embeddable":true,"href":"https:\/\/www.organisator.ch\/en\/wp-json\/wp\/v2\/media\/9653"}],"wp:attachment":[{"href":"https:\/\/www.organisator.ch\/en\/wp-json\/wp\/v2\/media?parent=2598"}],"wp:term":[{"taxonomy":"category","embeddable":true,"href":"https:\/\/www.organisator.ch\/en\/wp-json\/wp\/v2\/categories?post=2598"},{"taxonomy":"post_tag","embeddable":true,"href":"https:\/\/www.organisator.ch\/en\/wp-json\/wp\/v2\/tags?post=2598"}],"curies":[{"name":"wp","href":"https:\/\/api.w.org\/{rel}","templated":true}]}}