{"id":261,"date":"2016-04-12T11:03:37","date_gmt":"2016-04-12T09:03:37","guid":{"rendered":"http:\/\/dev.organisator.ch\/?p=261"},"modified":"2016-04-12T11:03:37","modified_gmt":"2016-04-12T09:03:37","slug":"allpura-feiert-50-jaehriges-bestehen","status":"publish","type":"post","link":"https:\/\/www.organisator.ch\/en\/human-resources\/fit_im_job\/2016-04-12\/allpura-feiert-50-jaehriges-bestehen\/","title":{"rendered":"Allpura celebrates 50th anniversary"},"content":{"rendered":"<figure id=\"attachment_268\" aria-describedby=\"caption-attachment-268\" style=\"width: 680px\" class=\"wp-caption alignnone\"><img loading=\"lazy\" decoding=\"async\" class=\"size-medium wp-image-268\" src=\"https:\/\/organisator.ch\/wp-content\/uploads\/2016\/12\/Allpura-feiert-50-j\u00e4hriges-Bestehen-organisator.jpg\" alt=\"\" width=\"680\" height=\"841\" \/><figcaption id=\"caption-attachment-268\" class=\"wp-caption-text\">The Allpura Delegates Assembly elected a new Central President on April 2, 2016: J\u00fcrg Brechb\u00fchl, Director New Business Development and Member of the Executive Board of Vebego AG.<\/figcaption><\/figure>\n<blockquote><p>The outgoing Allpura President Jasmine Jost has one birthday wish above all for the industry: \"We have been fighting for years to ensure that our multifaceted profession and our employees are finally shown the appreciation that they and we deserve. Because we keep Switzerland clean in the truest sense of the word!\"<\/p><\/blockquote>\n<p>The association has been working for the economic and idealistic interests of building cleaning since 1966. Allpura promotes the professionalization of the profession with a broad range of training and continuing education programs. The industry association for German-speaking Switzerland, Allpura, which was founded in 1966, currently comprises around 200 companies that provide more than 60 percent of the jobs in the cleaning industry. The building cleaning industry employs over 65,000 people in German-speaking Switzerland; turnover is estimated at around two billion Swiss francs.<\/p>\n<p><strong>Proven social partnership<\/strong><\/p>\n<p>Building cleaning has been one of the growth industries over the past two decades and has also survived the recent economic downturn relatively unscathed compared with other sectors of the economy. However, the uncertainties that have persisted in the Swiss economy for some time now are exacerbating the pressure on margins and prices on a sustained basis. In addition, the outsourcing of production facilities is increasingly eliminating space for cleaning and maintenance. The collective labor agreement (CLA) of the cleaning industry in German-speaking Switzerland provides a secure basis even in these difficult times.<\/p>\n<p>For more than 10 years, the social partners have maintained a corresponding contractual framework. Thanks to this social achievement, around 65,000 employees in 2,000 cleaning companies in German-speaking Switzerland now benefit from a continuously increased minimum wage, fair working conditions and financially supported training opportunities. For maintenance cleaners, the real wage has risen by 25% and for special cleaners by 12% since the first CLA was concluded in 2004. In addition to Allpura, the unions Unia, Syna and VPOD are negotiating partners in the CLA.<\/p>\n<p><strong>Enormous integration performance<\/strong><\/p>\n<p>Since 1998, building cleaning has been an apprenticeship profession with which a federal certificate or certificate of proficiency can be obtained. After the three-year apprenticeship and several years of practice, further training can be followed by a professional examination and a higher technical examination. At the university of applied sciences level, a degree in facility management can be completed. In hardly any other industry are the career opportunities as great as in the cleaning industry.<\/p>\n<p>Among other things, the employee associations and Allpura would like to link minimum wages even more closely to the level of training with the planned CLA from 2018.\" J\u00fcrg Brechb\u00fchl, the newly elected president of Allpura, attaches particular importance to the increased awareness of the social responsibility that the cleaning industry has been assuming for years: \"We employ people from over 100 nations and have thus been making a major contribution to the training and integration of many foreign employees for many years - and that, it should be noted, without any government support!<\/p>\n<p>Allpura represents its economic policy concerns through its membership of the Swiss Employers' Association (SAV) and the European Federation of Cleaning Industries (EFCI), as well as the European association FIDEN, among others.<\/p>\n<p><strong>Greatest concern: More appreciation<\/strong><\/p>\n<p>The outgoing Allpura President Jasmine Jost has one birthday wish above all for the industry: \"We have been fighting for years to ensure that our multifaceted profession and our employees are finally shown the appreciation that they and we deserve. Because we literally keep Switzerland clean!\" Jasmine Jost has had a significant influence on the history of the association during her 15 years as president. Among other things, she has contributed to the recognition of the profession of \"Building Cleaner\", the continuous development of the collective labor agreement and the opening of the national training center for cleaning in Rickenbach.<\/p>\n<p><a href=\"http:\/\/www.allpura.ch\" target=\"_blank\" data-cke-saved-href=\"http:\/\/www.allpura.ch\" rel=\"noopener\">http:\/\/www.allpura.ch<\/a><\/p>","protected":false},"excerpt":{"rendered":"<p>Die scheidende Allpura-Pr\u00e4sidentin Jasmine Jost hat f\u00fcr die Branche vor allem einen Geburtstagswunsch: \u201eWir k\u00e4mpfen seit Jahren darum, dass unserem facettenreichen Berufsstand und unseren Mitarbeitenden endlich die Wertsch\u00e4tzung entgegengebracht wird, die sie und wir verdienen. Denn wir halten im wahrsten Sinne des Wortes die Schweiz sauber!\u201c Der Verband setzt sich seit 1966 f\u00fcr die wirtschaftlichen [&hellip;]<\/p>\n","protected":false},"author":1,"featured_media":268,"comment_status":"open","ping_status":"open","sticky":false,"template":"","format":"standard","meta":{"_acf_changed":false,"_yoast_wpseo_focuskw":"Allpura feiert 50-j\u00e4hriges Bestehen","_yoast_wpseo_metadesc":"Der Verband Schweizer Reinigungs-Unternehmen Allpura feiert dieses Jahr sein 50-j\u00e4hriges Bestehen.","articlekey":"","footnotes":""},"categories":[25],"tags":[208,258],"class_list":["post-261","post","type-post","status-publish","format-standard","has-post-thumbnail","hentry","category-fit_im_job","tag-fit-im-job","tag-hygiene"],"acf":[],"yoast_head":"<!-- This site is optimized with the Yoast SEO plugin v27.4 - https:\/\/yoast.com\/product\/yoast-seo-wordpress\/ -->\n<title>Allpura feiert 50-j\u00e4hriges Bestehen - Organisator<\/title>\n<meta name=\"description\" content=\"Der Verband Schweizer Reinigungs-Unternehmen Allpura feiert dieses Jahr sein 50-j\u00e4hriges Bestehen.\" \/>\n<meta name=\"robots\" content=\"index, follow, max-snippet:-1, max-image-preview:large, max-video-preview:-1\" \/>\n<link rel=\"canonical\" href=\"https:\/\/www.organisator.ch\/en\/human-resources\/fit_im_job\/2016-04-12\/allpura-feiert-50-jaehriges-bestehen\/\" \/>\n<meta property=\"og:locale\" content=\"en_US\" \/>\n<meta property=\"og:type\" content=\"article\" \/>\n<meta property=\"og:title\" content=\"Allpura feiert 50-j\u00e4hriges Bestehen\" \/>\n<meta property=\"og:description\" content=\"Der Verband Schweizer Reinigungs-Unternehmen Allpura feiert dieses Jahr sein 50-j\u00e4hriges Bestehen. In dieser Zeit hat Allpura die Attraktivit\u00e4t der stark wachsenden Branche gest\u00e4rkt. Anl\u00e4sslich der Delegiertenversammlung vom 2. April wurde zudem mit J\u00fcrg Brechb\u00fchl ein neuer Zentralpr\u00e4sident gew\u00e4hlt. Jasmine Jost gab das Verbandspr\u00e4sidium nach 15-j\u00e4hriger Amtszeit ab.\" \/>\n<meta property=\"og:url\" content=\"https:\/\/www.organisator.ch\/en\/human-resources\/fit_im_job\/2016-04-12\/allpura-feiert-50-jaehriges-bestehen\/\" \/>\n<meta property=\"og:site_name\" content=\"Organisator\" \/>\n<meta property=\"article:publisher\" content=\"https:\/\/www.facebook.com\/OrganisatorFachmagazin\" \/>\n<meta property=\"article:published_time\" content=\"2016-04-12T09:03:37+00:00\" \/>\n<meta name=\"author\" content=\"admin\" \/>\n<meta name=\"twitter:card\" content=\"summary_large_image\" \/>\n<meta name=\"twitter:image\" content=\"https:\/\/www.organisator.ch\/wp-content\/uploads\/2016\/12\/Allpura-feiert-50-jaehriges-Bestehen-organisator-scaled.jpg\" \/>\n<script type=\"application\/ld+json\" class=\"yoast-schema-graph\">{\"@context\":\"https:\\\/\\\/schema.org\",\"@graph\":[{\"@type\":\"Article\",\"@id\":\"https:\\\/\\\/www.organisator.ch\\\/human-resources\\\/fit_im_job\\\/2016-04-12\\\/allpura-feiert-50-jaehriges-bestehen\\\/#article\",\"isPartOf\":{\"@id\":\"https:\\\/\\\/www.organisator.ch\\\/human-resources\\\/fit_im_job\\\/2016-04-12\\\/allpura-feiert-50-jaehriges-bestehen\\\/\"},\"author\":{\"name\":\"admin\",\"@id\":\"https:\\\/\\\/www.organisator.ch\\\/#\\\/schema\\\/person\\\/aa2bace6c5c5aad60102004a50c4eb1c\"},\"headline\":\"Allpura feiert 50-j\u00e4hriges Bestehen\",\"datePublished\":\"2016-04-12T09:03:37+00:00\",\"mainEntityOfPage\":{\"@id\":\"https:\\\/\\\/www.organisator.ch\\\/human-resources\\\/fit_im_job\\\/2016-04-12\\\/allpura-feiert-50-jaehriges-bestehen\\\/\"},\"wordCount\":594,\"commentCount\":0,\"publisher\":{\"@id\":\"https:\\\/\\\/www.organisator.ch\\\/#organization\"},\"image\":{\"@id\":\"https:\\\/\\\/www.organisator.ch\\\/human-resources\\\/fit_im_job\\\/2016-04-12\\\/allpura-feiert-50-jaehriges-bestehen\\\/#primaryimage\"},\"thumbnailUrl\":\"https:\\\/\\\/www.organisator.ch\\\/wp-content\\\/uploads\\\/2016\\\/12\\\/Allpura-feiert-50-jaehriges-Bestehen-organisator-scaled.jpg\",\"keywords\":[\"Fit im Job\",\"Hygiene\"],\"articleSection\":[\"FIT IM JOB\"],\"inLanguage\":\"en-US\"},{\"@type\":\"WebPage\",\"@id\":\"https:\\\/\\\/www.organisator.ch\\\/human-resources\\\/fit_im_job\\\/2016-04-12\\\/allpura-feiert-50-jaehriges-bestehen\\\/\",\"url\":\"https:\\\/\\\/www.organisator.ch\\\/human-resources\\\/fit_im_job\\\/2016-04-12\\\/allpura-feiert-50-jaehriges-bestehen\\\/\",\"name\":\"Allpura feiert 50-j\u00e4hriges Bestehen - Organisator\",\"isPartOf\":{\"@id\":\"https:\\\/\\\/www.organisator.ch\\\/#website\"},\"primaryImageOfPage\":{\"@id\":\"https:\\\/\\\/www.organisator.ch\\\/human-resources\\\/fit_im_job\\\/2016-04-12\\\/allpura-feiert-50-jaehriges-bestehen\\\/#primaryimage\"},\"image\":{\"@id\":\"https:\\\/\\\/www.organisator.ch\\\/human-resources\\\/fit_im_job\\\/2016-04-12\\\/allpura-feiert-50-jaehriges-bestehen\\\/#primaryimage\"},\"thumbnailUrl\":\"https:\\\/\\\/www.organisator.ch\\\/wp-content\\\/uploads\\\/2016\\\/12\\\/Allpura-feiert-50-jaehriges-Bestehen-organisator-scaled.jpg\",\"datePublished\":\"2016-04-12T09:03:37+00:00\",\"description\":\"Der Verband Schweizer Reinigungs-Unternehmen Allpura feiert dieses Jahr sein 50-j\u00e4hriges Bestehen.\",\"breadcrumb\":{\"@id\":\"https:\\\/\\\/www.organisator.ch\\\/human-resources\\\/fit_im_job\\\/2016-04-12\\\/allpura-feiert-50-jaehriges-bestehen\\\/#breadcrumb\"},\"inLanguage\":\"en-US\",\"potentialAction\":[{\"@type\":\"ReadAction\",\"target\":[\"https:\\\/\\\/www.organisator.ch\\\/human-resources\\\/fit_im_job\\\/2016-04-12\\\/allpura-feiert-50-jaehriges-bestehen\\\/\"]}]},{\"@type\":\"ImageObject\",\"inLanguage\":\"en-US\",\"@id\":\"https:\\\/\\\/www.organisator.ch\\\/human-resources\\\/fit_im_job\\\/2016-04-12\\\/allpura-feiert-50-jaehriges-bestehen\\\/#primaryimage\",\"url\":\"https:\\\/\\\/www.organisator.ch\\\/wp-content\\\/uploads\\\/2016\\\/12\\\/Allpura-feiert-50-jaehriges-Bestehen-organisator-scaled.jpg\",\"contentUrl\":\"https:\\\/\\\/www.organisator.ch\\\/wp-content\\\/uploads\\\/2016\\\/12\\\/Allpura-feiert-50-jaehriges-Bestehen-organisator-scaled.jpg\",\"width\":2069,\"height\":2560,\"caption\":\"Die Delegiertenversammlung von Allpura hat am 2. April 2016 einen neuen Zentralpr\u00e4sidenten gew\u00e4hlt: J\u00fcrg Brechb\u00fchl, Direktor New Business Development und Gesch\u00e4ftsleitungsmitglied der Vebego AG\"},{\"@type\":\"BreadcrumbList\",\"@id\":\"https:\\\/\\\/www.organisator.ch\\\/human-resources\\\/fit_im_job\\\/2016-04-12\\\/allpura-feiert-50-jaehriges-bestehen\\\/#breadcrumb\",\"itemListElement\":[{\"@type\":\"ListItem\",\"position\":1,\"name\":\"Home\",\"item\":\"https:\\\/\\\/www.organisator.ch\\\/\"},{\"@type\":\"ListItem\",\"position\":2,\"name\":\"Allpura feiert 50-j\u00e4hriges Bestehen\"}]},{\"@type\":\"WebSite\",\"@id\":\"https:\\\/\\\/www.organisator.ch\\\/#website\",\"url\":\"https:\\\/\\\/www.organisator.ch\\\/\",\"name\":\"Organisator\",\"description\":\"Kompetent. Praxisnah. Der ORGANISATOR bereitet in 10 Ausgaben pro Jahr die wesentlichen Themen f\u00fcr F\u00fchrungskr\u00e4fte von KMU auf.\",\"publisher\":{\"@id\":\"https:\\\/\\\/www.organisator.ch\\\/#organization\"},\"potentialAction\":[{\"@type\":\"SearchAction\",\"target\":{\"@type\":\"EntryPoint\",\"urlTemplate\":\"https:\\\/\\\/www.organisator.ch\\\/?s={search_term_string}\"},\"query-input\":{\"@type\":\"PropertyValueSpecification\",\"valueRequired\":true,\"valueName\":\"search_term_string\"}}],\"inLanguage\":\"en-US\"},{\"@type\":\"Organization\",\"@id\":\"https:\\\/\\\/www.organisator.ch\\\/#organization\",\"name\":\"Organisator\",\"url\":\"https:\\\/\\\/www.organisator.ch\\\/\",\"logo\":{\"@type\":\"ImageObject\",\"inLanguage\":\"en-US\",\"@id\":\"https:\\\/\\\/www.organisator.ch\\\/#\\\/schema\\\/logo\\\/image\\\/\",\"url\":\"https:\\\/\\\/www.organisator.ch\\\/wp-content\\\/uploads\\\/2022\\\/01\\\/Logo_Organisator_Website.png\",\"contentUrl\":\"https:\\\/\\\/www.organisator.ch\\\/wp-content\\\/uploads\\\/2022\\\/01\\\/Logo_Organisator_Website.png\",\"width\":800,\"height\":77,\"caption\":\"Organisator\"},\"image\":{\"@id\":\"https:\\\/\\\/www.organisator.ch\\\/#\\\/schema\\\/logo\\\/image\\\/\"},\"sameAs\":[\"https:\\\/\\\/www.facebook.com\\\/OrganisatorFachmagazin\",\"https:\\\/\\\/www.linkedin.com\\\/showcase\\\/organisator-das-magazin-fr-kmu\",\"https:\\\/\\\/www.xing.com\\\/news\\\/pages\\\/organisator-ch-695\",\"https:\\\/\\\/www.youtube.com\\\/channel\\\/UCGP2Sq0iWaZwT3BdIAQFYpw\"]},{\"@type\":\"Person\",\"@id\":\"https:\\\/\\\/www.organisator.ch\\\/#\\\/schema\\\/person\\\/aa2bace6c5c5aad60102004a50c4eb1c\",\"name\":\"admin\",\"image\":{\"@type\":\"ImageObject\",\"inLanguage\":\"en-US\",\"@id\":\"https:\\\/\\\/secure.gravatar.com\\\/avatar\\\/ae2f4d718e6c49043e314ce431e7e645d646302a24a5ef5a8bc8e3f5a032e319?s=96&d=mm&r=g\",\"url\":\"https:\\\/\\\/secure.gravatar.com\\\/avatar\\\/ae2f4d718e6c49043e314ce431e7e645d646302a24a5ef5a8bc8e3f5a032e319?s=96&d=mm&r=g\",\"contentUrl\":\"https:\\\/\\\/secure.gravatar.com\\\/avatar\\\/ae2f4d718e6c49043e314ce431e7e645d646302a24a5ef5a8bc8e3f5a032e319?s=96&d=mm&r=g\",\"caption\":\"admin\"},\"sameAs\":[\"https:\\\/\\\/www.organisator.ch\"],\"url\":\"https:\\\/\\\/www.organisator.ch\\\/en\\\/author\\\/admin\\\/\"}]}<\/script>\n<!-- \/ Yoast SEO plugin. -->","yoast_head_json":{"title":"Allpura celebrates 50th anniversary - organizer","description":"The association of Swiss cleaning companies Allpura celebrates its 50th anniversary this year.","robots":{"index":"index","follow":"follow","max-snippet":"max-snippet:-1","max-image-preview":"max-image-preview:large","max-video-preview":"max-video-preview:-1"},"canonical":"https:\/\/www.organisator.ch\/en\/human-resources\/fit_im_job\/2016-04-12\/allpura-feiert-50-jaehriges-bestehen\/","og_locale":"en_US","og_type":"article","og_title":"Allpura feiert 50-j\u00e4hriges Bestehen","og_description":"Der Verband Schweizer Reinigungs-Unternehmen Allpura feiert dieses Jahr sein 50-j\u00e4hriges Bestehen. In dieser Zeit hat Allpura die Attraktivit\u00e4t der stark wachsenden Branche gest\u00e4rkt. Anl\u00e4sslich der Delegiertenversammlung vom 2. April wurde zudem mit J\u00fcrg Brechb\u00fchl ein neuer Zentralpr\u00e4sident gew\u00e4hlt. Jasmine Jost gab das Verbandspr\u00e4sidium nach 15-j\u00e4hriger Amtszeit ab.","og_url":"https:\/\/www.organisator.ch\/en\/human-resources\/fit_im_job\/2016-04-12\/allpura-feiert-50-jaehriges-bestehen\/","og_site_name":"Organisator","article_publisher":"https:\/\/www.facebook.com\/OrganisatorFachmagazin","article_published_time":"2016-04-12T09:03:37+00:00","author":"admin","twitter_card":"summary_large_image","twitter_image":"https:\/\/www.organisator.ch\/wp-content\/uploads\/2016\/12\/Allpura-feiert-50-jaehriges-Bestehen-organisator-scaled.jpg","schema":{"@context":"https:\/\/schema.org","@graph":[{"@type":"Article","@id":"https:\/\/www.organisator.ch\/human-resources\/fit_im_job\/2016-04-12\/allpura-feiert-50-jaehriges-bestehen\/#article","isPartOf":{"@id":"https:\/\/www.organisator.ch\/human-resources\/fit_im_job\/2016-04-12\/allpura-feiert-50-jaehriges-bestehen\/"},"author":{"name":"admin","@id":"https:\/\/www.organisator.ch\/#\/schema\/person\/aa2bace6c5c5aad60102004a50c4eb1c"},"headline":"Allpura feiert 50-j\u00e4hriges Bestehen","datePublished":"2016-04-12T09:03:37+00:00","mainEntityOfPage":{"@id":"https:\/\/www.organisator.ch\/human-resources\/fit_im_job\/2016-04-12\/allpura-feiert-50-jaehriges-bestehen\/"},"wordCount":594,"commentCount":0,"publisher":{"@id":"https:\/\/www.organisator.ch\/#organization"},"image":{"@id":"https:\/\/www.organisator.ch\/human-resources\/fit_im_job\/2016-04-12\/allpura-feiert-50-jaehriges-bestehen\/#primaryimage"},"thumbnailUrl":"https:\/\/www.organisator.ch\/wp-content\/uploads\/2016\/12\/Allpura-feiert-50-jaehriges-Bestehen-organisator-scaled.jpg","keywords":["Fit im Job","Hygiene"],"articleSection":["FIT IM JOB"],"inLanguage":"en-US"},{"@type":"WebPage","@id":"https:\/\/www.organisator.ch\/human-resources\/fit_im_job\/2016-04-12\/allpura-feiert-50-jaehriges-bestehen\/","url":"https:\/\/www.organisator.ch\/human-resources\/fit_im_job\/2016-04-12\/allpura-feiert-50-jaehriges-bestehen\/","name":"Allpura celebrates 50th anniversary - organizer","isPartOf":{"@id":"https:\/\/www.organisator.ch\/#website"},"primaryImageOfPage":{"@id":"https:\/\/www.organisator.ch\/human-resources\/fit_im_job\/2016-04-12\/allpura-feiert-50-jaehriges-bestehen\/#primaryimage"},"image":{"@id":"https:\/\/www.organisator.ch\/human-resources\/fit_im_job\/2016-04-12\/allpura-feiert-50-jaehriges-bestehen\/#primaryimage"},"thumbnailUrl":"https:\/\/www.organisator.ch\/wp-content\/uploads\/2016\/12\/Allpura-feiert-50-jaehriges-Bestehen-organisator-scaled.jpg","datePublished":"2016-04-12T09:03:37+00:00","description":"The association of Swiss cleaning companies Allpura celebrates its 50th anniversary this year.","breadcrumb":{"@id":"https:\/\/www.organisator.ch\/human-resources\/fit_im_job\/2016-04-12\/allpura-feiert-50-jaehriges-bestehen\/#breadcrumb"},"inLanguage":"en-US","potentialAction":[{"@type":"ReadAction","target":["https:\/\/www.organisator.ch\/human-resources\/fit_im_job\/2016-04-12\/allpura-feiert-50-jaehriges-bestehen\/"]}]},{"@type":"ImageObject","inLanguage":"en-US","@id":"https:\/\/www.organisator.ch\/human-resources\/fit_im_job\/2016-04-12\/allpura-feiert-50-jaehriges-bestehen\/#primaryimage","url":"https:\/\/www.organisator.ch\/wp-content\/uploads\/2016\/12\/Allpura-feiert-50-jaehriges-Bestehen-organisator-scaled.jpg","contentUrl":"https:\/\/www.organisator.ch\/wp-content\/uploads\/2016\/12\/Allpura-feiert-50-jaehriges-Bestehen-organisator-scaled.jpg","width":2069,"height":2560,"caption":"Die Delegiertenversammlung von Allpura hat am 2. April 2016 einen neuen Zentralpr\u00e4sidenten gew\u00e4hlt: J\u00fcrg Brechb\u00fchl, Direktor New Business Development und Gesch\u00e4ftsleitungsmitglied der Vebego AG"},{"@type":"BreadcrumbList","@id":"https:\/\/www.organisator.ch\/human-resources\/fit_im_job\/2016-04-12\/allpura-feiert-50-jaehriges-bestehen\/#breadcrumb","itemListElement":[{"@type":"ListItem","position":1,"name":"Home","item":"https:\/\/www.organisator.ch\/"},{"@type":"ListItem","position":2,"name":"Allpura feiert 50-j\u00e4hriges Bestehen"}]},{"@type":"WebSite","@id":"https:\/\/www.organisator.ch\/#website","url":"https:\/\/www.organisator.ch\/","name":"Organizer","description":"Competent. Practical. In 10 issues per year, ORGANISATOR presents the essential topics for managers of SMEs.","publisher":{"@id":"https:\/\/www.organisator.ch\/#organization"},"potentialAction":[{"@type":"SearchAction","target":{"@type":"EntryPoint","urlTemplate":"https:\/\/www.organisator.ch\/?s={search_term_string}"},"query-input":{"@type":"PropertyValueSpecification","valueRequired":true,"valueName":"search_term_string"}}],"inLanguage":"en-US"},{"@type":"Organization","@id":"https:\/\/www.organisator.ch\/#organization","name":"Organizer","url":"https:\/\/www.organisator.ch\/","logo":{"@type":"ImageObject","inLanguage":"en-US","@id":"https:\/\/www.organisator.ch\/#\/schema\/logo\/image\/","url":"https:\/\/www.organisator.ch\/wp-content\/uploads\/2022\/01\/Logo_Organisator_Website.png","contentUrl":"https:\/\/www.organisator.ch\/wp-content\/uploads\/2022\/01\/Logo_Organisator_Website.png","width":800,"height":77,"caption":"Organisator"},"image":{"@id":"https:\/\/www.organisator.ch\/#\/schema\/logo\/image\/"},"sameAs":["https:\/\/www.facebook.com\/OrganisatorFachmagazin","https:\/\/www.linkedin.com\/showcase\/organisator-das-magazin-fr-kmu","https:\/\/www.xing.com\/news\/pages\/organisator-ch-695","https:\/\/www.youtube.com\/channel\/UCGP2Sq0iWaZwT3BdIAQFYpw"]},{"@type":"Person","@id":"https:\/\/www.organisator.ch\/#\/schema\/person\/aa2bace6c5c5aad60102004a50c4eb1c","name":"admin","image":{"@type":"ImageObject","inLanguage":"en-US","@id":"https:\/\/secure.gravatar.com\/avatar\/ae2f4d718e6c49043e314ce431e7e645d646302a24a5ef5a8bc8e3f5a032e319?s=96&d=mm&r=g","url":"https:\/\/secure.gravatar.com\/avatar\/ae2f4d718e6c49043e314ce431e7e645d646302a24a5ef5a8bc8e3f5a032e319?s=96&d=mm&r=g","contentUrl":"https:\/\/secure.gravatar.com\/avatar\/ae2f4d718e6c49043e314ce431e7e645d646302a24a5ef5a8bc8e3f5a032e319?s=96&d=mm&r=g","caption":"admin"},"sameAs":["https:\/\/www.organisator.ch"],"url":"https:\/\/www.organisator.ch\/en\/author\/admin\/"}]}},"_links":{"self":[{"href":"https:\/\/www.organisator.ch\/en\/wp-json\/wp\/v2\/posts\/261","targetHints":{"allow":["GET"]}}],"collection":[{"href":"https:\/\/www.organisator.ch\/en\/wp-json\/wp\/v2\/posts"}],"about":[{"href":"https:\/\/www.organisator.ch\/en\/wp-json\/wp\/v2\/types\/post"}],"author":[{"embeddable":true,"href":"https:\/\/www.organisator.ch\/en\/wp-json\/wp\/v2\/users\/1"}],"replies":[{"embeddable":true,"href":"https:\/\/www.organisator.ch\/en\/wp-json\/wp\/v2\/comments?post=261"}],"version-history":[{"count":0,"href":"https:\/\/www.organisator.ch\/en\/wp-json\/wp\/v2\/posts\/261\/revisions"}],"wp:featuredmedia":[{"embeddable":true,"href":"https:\/\/www.organisator.ch\/en\/wp-json\/wp\/v2\/media\/268"}],"wp:attachment":[{"href":"https:\/\/www.organisator.ch\/en\/wp-json\/wp\/v2\/media?parent=261"}],"wp:term":[{"taxonomy":"category","embeddable":true,"href":"https:\/\/www.organisator.ch\/en\/wp-json\/wp\/v2\/categories?post=261"},{"taxonomy":"post_tag","embeddable":true,"href":"https:\/\/www.organisator.ch\/en\/wp-json\/wp\/v2\/tags?post=261"}],"curies":[{"name":"wp","href":"https:\/\/api.w.org\/{rel}","templated":true}]}}