{"id":26124,"date":"2024-03-26T11:00:22","date_gmt":"2024-03-26T10:00:22","guid":{"rendered":"https:\/\/www.organisator.ch\/?p=26124"},"modified":"2024-03-26T10:00:30","modified_gmt":"2024-03-26T09:00:30","slug":"bank-wir-kuendigt-fuehrungswechsel-fuer-2025-an","status":"publish","type":"post","link":"https:\/\/www.organisator.ch\/en\/management\/2024-03-26\/bank-wir-kuendigt-fuehrungswechsel-fuer-2025-an\/","title":{"rendered":"Bank WIR announces management change for 2025"},"content":{"rendered":"<figure id=\"attachment_26126\" aria-describedby=\"caption-attachment-26126\" style=\"width: 680px\" class=\"wp-caption alignnone\"><img loading=\"lazy\" decoding=\"async\" class=\"wp-image-26126 size-full\" src=\"https:\/\/www.organisator.ch\/wp-content\/uploads\/2024\/03\/WIR_Bild1_ps.jpg\" alt=\"\" width=\"680\" height=\"420\" srcset=\"https:\/\/www.organisator.ch\/wp-content\/uploads\/2024\/03\/WIR_Bild1_ps.jpg 680w, https:\/\/www.organisator.ch\/wp-content\/uploads\/2024\/03\/WIR_Bild1_ps-18x12.jpg 18w, https:\/\/www.organisator.ch\/wp-content\/uploads\/2024\/03\/WIR_Bild1_ps-375x232.jpg 375w, https:\/\/www.organisator.ch\/wp-content\/uploads\/2024\/03\/WIR_Bild1_ps-567x350.jpg 567w\" sizes=\"auto, (max-width: 680px) 100vw, 680px\" \/><figcaption id=\"caption-attachment-26126\" class=\"wp-caption-text\">Matthias Pfeifer will take over the management of Bank WIR from Bruno Stiegeler on March 1, 2025. (Image: www.wir.ch)<\/figcaption><\/figure>\n<p>\"This change, which was communicated early on, is the result of sustainable planning at Bank WIR,\" says a delighted Marc Reimann, Chairman of the Board of Directors. \"This once again underlines the predictability and stability of the bank.\"<\/p>\n<p>Stiegeler has played a key role in shaping Bank WIR over the past decade. \"He can hand over a modern and financially sound bank to his successor,\" says Reimann, looking to the future. The Chairman of the Board of Directors is very happy with the CEO succession from within his own ranks: \"Matthias Pfeifer is an experienced leader who successfully combines strategic thinking with a constant customer focus.\"<\/p>\n<p>Stiegeler joined Bank WIR in 2013 - initially as Deputy CEO and since June 2019 as Chairman of the Executive Board. His tenure stands for strong growth: \"The bank's total assets have increased by around two billion Swiss francs over the past decade,\" says Stiegeler, who announced a capital increase for 2024 against this backdrop. \"From a position of strength\", he adds.<\/p>\n<p>Stiegeler was also a driving force behind the modernization of Bank WIR's cooperative structure. The number of cooperative members has more than doubled since the amendment to the Articles of Association adopted at the 2022 Annual General Meeting (opening up the bank to all customers). \u00a0<\/p>\n<p>Stiegeler's designated successor is the current Head of Private and Corporate Clients: Pfeifer, already Deputy CEO since the beginning of this year, moved from UBS to Bank WIR in June 2019. The 42-year-old has a Bachelor's degree in Business Administration and a Master's degree in Corporate Finance CFO and Digital Business. He has already made a significant contribution to the bank's strong development in recent years. In particular, he is responsible for the further development of sales and has consistently driven forward the topics of customer focus, digitalization and innovation. \"The focus is always on creating added value for customers - both SMEs and private individuals,\" says Pfeifer. \u00a0<\/p>\n<p>In recent months, Bank WIR has repeatedly demonstrated the aforementioned \"added customer value\" by, among other things, quickly and consistently passing on the interest rate hikes by the Swiss National Bank (SNB). It currently offers the best savings conditions in Switzerland with its \"Savings account plus 2024\" with an interest rate of 1.8 percent - up to an interest limit of CHF 500,000.<\/p>\n<p><em>Source: <a href=\"http:\/\/www.wir.ch\">www.wir.ch<\/a><\/em><\/p>","protected":false},"excerpt":{"rendered":"<p>The Board of Directors of Bank WIR has elected Matthias Pfeifer (42) as the new Chief Executive Officer (CEO). The decision was made with foresight: Pfeifer will take over the management of the bank from Bruno Stiegeler (59) on March 1, 2025.<\/p>","protected":false},"author":58,"featured_media":26126,"comment_status":"closed","ping_status":"closed","sticky":false,"template":"","format":"standard","meta":{"_acf_changed":false,"_yoast_wpseo_focuskw":"WIR","_yoast_wpseo_metadesc":"Der Verwaltungsrat der Bank WIR hat Matthias Pfeifer (42) zum neuen Vorsitzenden der Gesch\u00e4ftsleitung (CEO) gew\u00e4hlt.","articlekey":"","footnotes":""},"categories":[28],"tags":[768,334,335,424,492],"class_list":["post-26124","post","type-post","status-publish","format-standard","has-post-thumbnail","hentry","category-management","tag-bank","tag-management","tag-management-und-unternehmensfuehrung","tag-schweiz","tag-unternehmen"],"acf":[],"yoast_head":"<!-- This site is optimized with the Yoast SEO plugin v27.5 - https:\/\/yoast.com\/product\/yoast-seo-wordpress\/ -->\n<title>Bank WIR k\u00fcndigt F\u00fchrungswechsel f\u00fcr 2025 an - Organisator<\/title>\n<meta name=\"description\" content=\"Der Verwaltungsrat der Bank WIR hat Matthias Pfeifer (42) zum neuen Vorsitzenden der Gesch\u00e4ftsleitung (CEO) gew\u00e4hlt.\" \/>\n<meta name=\"robots\" content=\"index, follow, max-snippet:-1, max-image-preview:large, max-video-preview:-1\" \/>\n<link rel=\"canonical\" href=\"https:\/\/www.organisator.ch\/en\/management\/2024-03-26\/bank-wir-kuendigt-fuehrungswechsel-fuer-2025-an\/\" \/>\n<meta property=\"og:locale\" content=\"en_US\" \/>\n<meta property=\"og:type\" content=\"article\" \/>\n<meta property=\"og:title\" content=\"Bank WIR k\u00fcndigt F\u00fchrungswechsel f\u00fcr 2025 an\" \/>\n<meta property=\"og:description\" content=\"Der Verwaltungsrat der Bank WIR hat Matthias Pfeifer (42) zum neuen Vorsitzenden der Gesch\u00e4ftsleitung (CEO) gew\u00e4hlt.\" \/>\n<meta property=\"og:url\" content=\"https:\/\/www.organisator.ch\/en\/management\/2024-03-26\/bank-wir-kuendigt-fuehrungswechsel-fuer-2025-an\/\" \/>\n<meta property=\"og:site_name\" content=\"Organisator\" \/>\n<meta property=\"article:publisher\" content=\"https:\/\/www.facebook.com\/OrganisatorFachmagazin\" \/>\n<meta property=\"article:published_time\" content=\"2024-03-26T10:00:22+00:00\" \/>\n<meta property=\"og:image\" content=\"https:\/\/www.organisator.ch\/wp-content\/uploads\/2024\/03\/WIR_Bild1_ps.jpg\" \/>\n\t<meta property=\"og:image:width\" content=\"680\" \/>\n\t<meta property=\"og:image:height\" content=\"420\" \/>\n\t<meta property=\"og:image:type\" content=\"image\/jpeg\" \/>\n<meta name=\"author\" content=\"Adelisa Kalajdzini\" \/>\n<meta name=\"twitter:card\" content=\"summary_large_image\" \/>\n<meta name=\"twitter:title\" content=\"Bank WIR k\u00fcndigt F\u00fchrungswechsel f\u00fcr 2025 an\" \/>\n<meta name=\"twitter:description\" content=\"Der Verwaltungsrat der #Bank #WIR hat #Matthias #Pfeifer (42) zum neuen #Vorsitzenden der #Gesch\u00e4ftsleitung (CEO) gew\u00e4hlt.\" \/>\n<meta name=\"twitter:image\" content=\"https:\/\/www.organisator.ch\/wp-content\/uploads\/2024\/03\/WIR_Bild1_ps.jpg\" \/>\n<script type=\"application\/ld+json\" class=\"yoast-schema-graph\">{\"@context\":\"https:\\\/\\\/schema.org\",\"@graph\":[{\"@type\":\"Article\",\"@id\":\"https:\\\/\\\/www.organisator.ch\\\/management\\\/2024-03-26\\\/bank-wir-kuendigt-fuehrungswechsel-fuer-2025-an\\\/#article\",\"isPartOf\":{\"@id\":\"https:\\\/\\\/www.organisator.ch\\\/management\\\/2024-03-26\\\/bank-wir-kuendigt-fuehrungswechsel-fuer-2025-an\\\/\"},\"author\":{\"name\":\"Adelisa Kalajdzini\",\"@id\":\"https:\\\/\\\/www.organisator.ch\\\/#\\\/schema\\\/person\\\/2e1314a2172123f874db408d8911d3f3\"},\"headline\":\"Bank WIR k\u00fcndigt F\u00fchrungswechsel f\u00fcr 2025 an\",\"datePublished\":\"2024-03-26T10:00:22+00:00\",\"mainEntityOfPage\":{\"@id\":\"https:\\\/\\\/www.organisator.ch\\\/management\\\/2024-03-26\\\/bank-wir-kuendigt-fuehrungswechsel-fuer-2025-an\\\/\"},\"wordCount\":400,\"publisher\":{\"@id\":\"https:\\\/\\\/www.organisator.ch\\\/#organization\"},\"image\":{\"@id\":\"https:\\\/\\\/www.organisator.ch\\\/management\\\/2024-03-26\\\/bank-wir-kuendigt-fuehrungswechsel-fuer-2025-an\\\/#primaryimage\"},\"thumbnailUrl\":\"https:\\\/\\\/www.organisator.ch\\\/wp-content\\\/uploads\\\/2024\\\/03\\\/WIR_Bild1_ps.jpg\",\"keywords\":[\"Bank\",\"Management\",\"Management und Unternehmensf\u00fchrung\",\"Schweiz\",\"Unternehmen\"],\"articleSection\":[\"MANAGEMENT\"],\"inLanguage\":\"en-US\"},{\"@type\":\"WebPage\",\"@id\":\"https:\\\/\\\/www.organisator.ch\\\/management\\\/2024-03-26\\\/bank-wir-kuendigt-fuehrungswechsel-fuer-2025-an\\\/\",\"url\":\"https:\\\/\\\/www.organisator.ch\\\/management\\\/2024-03-26\\\/bank-wir-kuendigt-fuehrungswechsel-fuer-2025-an\\\/\",\"name\":\"Bank WIR k\u00fcndigt F\u00fchrungswechsel f\u00fcr 2025 an - Organisator\",\"isPartOf\":{\"@id\":\"https:\\\/\\\/www.organisator.ch\\\/#website\"},\"primaryImageOfPage\":{\"@id\":\"https:\\\/\\\/www.organisator.ch\\\/management\\\/2024-03-26\\\/bank-wir-kuendigt-fuehrungswechsel-fuer-2025-an\\\/#primaryimage\"},\"image\":{\"@id\":\"https:\\\/\\\/www.organisator.ch\\\/management\\\/2024-03-26\\\/bank-wir-kuendigt-fuehrungswechsel-fuer-2025-an\\\/#primaryimage\"},\"thumbnailUrl\":\"https:\\\/\\\/www.organisator.ch\\\/wp-content\\\/uploads\\\/2024\\\/03\\\/WIR_Bild1_ps.jpg\",\"datePublished\":\"2024-03-26T10:00:22+00:00\",\"description\":\"Der Verwaltungsrat der Bank WIR hat Matthias Pfeifer (42) zum neuen Vorsitzenden der Gesch\u00e4ftsleitung (CEO) gew\u00e4hlt.\",\"breadcrumb\":{\"@id\":\"https:\\\/\\\/www.organisator.ch\\\/management\\\/2024-03-26\\\/bank-wir-kuendigt-fuehrungswechsel-fuer-2025-an\\\/#breadcrumb\"},\"inLanguage\":\"en-US\",\"potentialAction\":[{\"@type\":\"ReadAction\",\"target\":[\"https:\\\/\\\/www.organisator.ch\\\/management\\\/2024-03-26\\\/bank-wir-kuendigt-fuehrungswechsel-fuer-2025-an\\\/\"]}]},{\"@type\":\"ImageObject\",\"inLanguage\":\"en-US\",\"@id\":\"https:\\\/\\\/www.organisator.ch\\\/management\\\/2024-03-26\\\/bank-wir-kuendigt-fuehrungswechsel-fuer-2025-an\\\/#primaryimage\",\"url\":\"https:\\\/\\\/www.organisator.ch\\\/wp-content\\\/uploads\\\/2024\\\/03\\\/WIR_Bild1_ps.jpg\",\"contentUrl\":\"https:\\\/\\\/www.organisator.ch\\\/wp-content\\\/uploads\\\/2024\\\/03\\\/WIR_Bild1_ps.jpg\",\"width\":680,\"height\":420,\"caption\":\"Matthias Pfeifer wird die Leitung der Bank WIR per 1. M\u00e4rz 2025 von Bruno Stiegeler \u00fcbernehmen. (Bild: www.wir.ch)\"},{\"@type\":\"BreadcrumbList\",\"@id\":\"https:\\\/\\\/www.organisator.ch\\\/management\\\/2024-03-26\\\/bank-wir-kuendigt-fuehrungswechsel-fuer-2025-an\\\/#breadcrumb\",\"itemListElement\":[{\"@type\":\"ListItem\",\"position\":1,\"name\":\"Home\",\"item\":\"https:\\\/\\\/www.organisator.ch\\\/\"},{\"@type\":\"ListItem\",\"position\":2,\"name\":\"Bank WIR k\u00fcndigt F\u00fchrungswechsel f\u00fcr 2025 an\"}]},{\"@type\":\"WebSite\",\"@id\":\"https:\\\/\\\/www.organisator.ch\\\/#website\",\"url\":\"https:\\\/\\\/www.organisator.ch\\\/\",\"name\":\"Organisator\",\"description\":\"Kompetent. Praxisnah. Der ORGANISATOR bereitet in 10 Ausgaben pro Jahr die wesentlichen Themen f\u00fcr F\u00fchrungskr\u00e4fte von KMU auf.\",\"publisher\":{\"@id\":\"https:\\\/\\\/www.organisator.ch\\\/#organization\"},\"potentialAction\":[{\"@type\":\"SearchAction\",\"target\":{\"@type\":\"EntryPoint\",\"urlTemplate\":\"https:\\\/\\\/www.organisator.ch\\\/?s={search_term_string}\"},\"query-input\":{\"@type\":\"PropertyValueSpecification\",\"valueRequired\":true,\"valueName\":\"search_term_string\"}}],\"inLanguage\":\"en-US\"},{\"@type\":\"Organization\",\"@id\":\"https:\\\/\\\/www.organisator.ch\\\/#organization\",\"name\":\"Organisator\",\"url\":\"https:\\\/\\\/www.organisator.ch\\\/\",\"logo\":{\"@type\":\"ImageObject\",\"inLanguage\":\"en-US\",\"@id\":\"https:\\\/\\\/www.organisator.ch\\\/#\\\/schema\\\/logo\\\/image\\\/\",\"url\":\"https:\\\/\\\/www.organisator.ch\\\/wp-content\\\/uploads\\\/2022\\\/01\\\/Logo_Organisator_Website.png\",\"contentUrl\":\"https:\\\/\\\/www.organisator.ch\\\/wp-content\\\/uploads\\\/2022\\\/01\\\/Logo_Organisator_Website.png\",\"width\":800,\"height\":77,\"caption\":\"Organisator\"},\"image\":{\"@id\":\"https:\\\/\\\/www.organisator.ch\\\/#\\\/schema\\\/logo\\\/image\\\/\"},\"sameAs\":[\"https:\\\/\\\/www.facebook.com\\\/OrganisatorFachmagazin\",\"https:\\\/\\\/www.linkedin.com\\\/showcase\\\/organisator-das-magazin-fr-kmu\",\"https:\\\/\\\/www.xing.com\\\/news\\\/pages\\\/organisator-ch-695\",\"https:\\\/\\\/www.youtube.com\\\/channel\\\/UCGP2Sq0iWaZwT3BdIAQFYpw\"]},{\"@type\":\"Person\",\"@id\":\"https:\\\/\\\/www.organisator.ch\\\/#\\\/schema\\\/person\\\/2e1314a2172123f874db408d8911d3f3\",\"name\":\"Adelisa Kalajdzini\",\"image\":{\"@type\":\"ImageObject\",\"inLanguage\":\"en-US\",\"@id\":\"https:\\\/\\\/secure.gravatar.com\\\/avatar\\\/09a397c22ac58cad6f160ee8306348599df9df58a8ede73696226897b9fa4b24?s=96&d=mm&r=g\",\"url\":\"https:\\\/\\\/secure.gravatar.com\\\/avatar\\\/09a397c22ac58cad6f160ee8306348599df9df58a8ede73696226897b9fa4b24?s=96&d=mm&r=g\",\"contentUrl\":\"https:\\\/\\\/secure.gravatar.com\\\/avatar\\\/09a397c22ac58cad6f160ee8306348599df9df58a8ede73696226897b9fa4b24?s=96&d=mm&r=g\",\"caption\":\"Adelisa Kalajdzini\"},\"url\":\"https:\\\/\\\/www.organisator.ch\\\/en\\\/author\\\/adelisa-kalajdzini\\\/\"}]}<\/script>\n<!-- \/ Yoast SEO plugin. -->","yoast_head_json":{"title":"Bank WIR announces management change for 2025 - Organizer","description":"The Board of Directors of Bank WIR has elected Matthias Pfeifer (42) as the new Chief Executive Officer (CEO).","robots":{"index":"index","follow":"follow","max-snippet":"max-snippet:-1","max-image-preview":"max-image-preview:large","max-video-preview":"max-video-preview:-1"},"canonical":"https:\/\/www.organisator.ch\/en\/management\/2024-03-26\/bank-wir-kuendigt-fuehrungswechsel-fuer-2025-an\/","og_locale":"en_US","og_type":"article","og_title":"Bank WIR k\u00fcndigt F\u00fchrungswechsel f\u00fcr 2025 an","og_description":"Der Verwaltungsrat der Bank WIR hat Matthias Pfeifer (42) zum neuen Vorsitzenden der Gesch\u00e4ftsleitung (CEO) gew\u00e4hlt.","og_url":"https:\/\/www.organisator.ch\/en\/management\/2024-03-26\/bank-wir-kuendigt-fuehrungswechsel-fuer-2025-an\/","og_site_name":"Organisator","article_publisher":"https:\/\/www.facebook.com\/OrganisatorFachmagazin","article_published_time":"2024-03-26T10:00:22+00:00","og_image":[{"width":680,"height":420,"url":"https:\/\/www.organisator.ch\/wp-content\/uploads\/2024\/03\/WIR_Bild1_ps.jpg","type":"image\/jpeg"}],"author":"Adelisa Kalajdzini","twitter_card":"summary_large_image","twitter_title":"Bank WIR k\u00fcndigt F\u00fchrungswechsel f\u00fcr 2025 an","twitter_description":"Der Verwaltungsrat der #Bank #WIR hat #Matthias #Pfeifer (42) zum neuen #Vorsitzenden der #Gesch\u00e4ftsleitung (CEO) gew\u00e4hlt.","twitter_image":"https:\/\/www.organisator.ch\/wp-content\/uploads\/2024\/03\/WIR_Bild1_ps.jpg","schema":{"@context":"https:\/\/schema.org","@graph":[{"@type":"Article","@id":"https:\/\/www.organisator.ch\/management\/2024-03-26\/bank-wir-kuendigt-fuehrungswechsel-fuer-2025-an\/#article","isPartOf":{"@id":"https:\/\/www.organisator.ch\/management\/2024-03-26\/bank-wir-kuendigt-fuehrungswechsel-fuer-2025-an\/"},"author":{"name":"Adelisa Kalajdzini","@id":"https:\/\/www.organisator.ch\/#\/schema\/person\/2e1314a2172123f874db408d8911d3f3"},"headline":"Bank WIR k\u00fcndigt F\u00fchrungswechsel f\u00fcr 2025 an","datePublished":"2024-03-26T10:00:22+00:00","mainEntityOfPage":{"@id":"https:\/\/www.organisator.ch\/management\/2024-03-26\/bank-wir-kuendigt-fuehrungswechsel-fuer-2025-an\/"},"wordCount":400,"publisher":{"@id":"https:\/\/www.organisator.ch\/#organization"},"image":{"@id":"https:\/\/www.organisator.ch\/management\/2024-03-26\/bank-wir-kuendigt-fuehrungswechsel-fuer-2025-an\/#primaryimage"},"thumbnailUrl":"https:\/\/www.organisator.ch\/wp-content\/uploads\/2024\/03\/WIR_Bild1_ps.jpg","keywords":["Bank","Management","Management und Unternehmensf\u00fchrung","Schweiz","Unternehmen"],"articleSection":["MANAGEMENT"],"inLanguage":"en-US"},{"@type":"WebPage","@id":"https:\/\/www.organisator.ch\/management\/2024-03-26\/bank-wir-kuendigt-fuehrungswechsel-fuer-2025-an\/","url":"https:\/\/www.organisator.ch\/management\/2024-03-26\/bank-wir-kuendigt-fuehrungswechsel-fuer-2025-an\/","name":"Bank WIR announces management change for 2025 - Organizer","isPartOf":{"@id":"https:\/\/www.organisator.ch\/#website"},"primaryImageOfPage":{"@id":"https:\/\/www.organisator.ch\/management\/2024-03-26\/bank-wir-kuendigt-fuehrungswechsel-fuer-2025-an\/#primaryimage"},"image":{"@id":"https:\/\/www.organisator.ch\/management\/2024-03-26\/bank-wir-kuendigt-fuehrungswechsel-fuer-2025-an\/#primaryimage"},"thumbnailUrl":"https:\/\/www.organisator.ch\/wp-content\/uploads\/2024\/03\/WIR_Bild1_ps.jpg","datePublished":"2024-03-26T10:00:22+00:00","description":"The Board of Directors of Bank WIR has elected Matthias Pfeifer (42) as the new Chief Executive Officer (CEO).","breadcrumb":{"@id":"https:\/\/www.organisator.ch\/management\/2024-03-26\/bank-wir-kuendigt-fuehrungswechsel-fuer-2025-an\/#breadcrumb"},"inLanguage":"en-US","potentialAction":[{"@type":"ReadAction","target":["https:\/\/www.organisator.ch\/management\/2024-03-26\/bank-wir-kuendigt-fuehrungswechsel-fuer-2025-an\/"]}]},{"@type":"ImageObject","inLanguage":"en-US","@id":"https:\/\/www.organisator.ch\/management\/2024-03-26\/bank-wir-kuendigt-fuehrungswechsel-fuer-2025-an\/#primaryimage","url":"https:\/\/www.organisator.ch\/wp-content\/uploads\/2024\/03\/WIR_Bild1_ps.jpg","contentUrl":"https:\/\/www.organisator.ch\/wp-content\/uploads\/2024\/03\/WIR_Bild1_ps.jpg","width":680,"height":420,"caption":"Matthias Pfeifer wird die Leitung der Bank WIR per 1. M\u00e4rz 2025 von Bruno Stiegeler \u00fcbernehmen. (Bild: www.wir.ch)"},{"@type":"BreadcrumbList","@id":"https:\/\/www.organisator.ch\/management\/2024-03-26\/bank-wir-kuendigt-fuehrungswechsel-fuer-2025-an\/#breadcrumb","itemListElement":[{"@type":"ListItem","position":1,"name":"Home","item":"https:\/\/www.organisator.ch\/"},{"@type":"ListItem","position":2,"name":"Bank WIR k\u00fcndigt F\u00fchrungswechsel f\u00fcr 2025 an"}]},{"@type":"WebSite","@id":"https:\/\/www.organisator.ch\/#website","url":"https:\/\/www.organisator.ch\/","name":"Organizer","description":"Competent. Practical. In 10 issues per year, ORGANISATOR presents the essential topics for managers of SMEs.","publisher":{"@id":"https:\/\/www.organisator.ch\/#organization"},"potentialAction":[{"@type":"SearchAction","target":{"@type":"EntryPoint","urlTemplate":"https:\/\/www.organisator.ch\/?s={search_term_string}"},"query-input":{"@type":"PropertyValueSpecification","valueRequired":true,"valueName":"search_term_string"}}],"inLanguage":"en-US"},{"@type":"Organization","@id":"https:\/\/www.organisator.ch\/#organization","name":"Organizer","url":"https:\/\/www.organisator.ch\/","logo":{"@type":"ImageObject","inLanguage":"en-US","@id":"https:\/\/www.organisator.ch\/#\/schema\/logo\/image\/","url":"https:\/\/www.organisator.ch\/wp-content\/uploads\/2022\/01\/Logo_Organisator_Website.png","contentUrl":"https:\/\/www.organisator.ch\/wp-content\/uploads\/2022\/01\/Logo_Organisator_Website.png","width":800,"height":77,"caption":"Organisator"},"image":{"@id":"https:\/\/www.organisator.ch\/#\/schema\/logo\/image\/"},"sameAs":["https:\/\/www.facebook.com\/OrganisatorFachmagazin","https:\/\/www.linkedin.com\/showcase\/organisator-das-magazin-fr-kmu","https:\/\/www.xing.com\/news\/pages\/organisator-ch-695","https:\/\/www.youtube.com\/channel\/UCGP2Sq0iWaZwT3BdIAQFYpw"]},{"@type":"Person","@id":"https:\/\/www.organisator.ch\/#\/schema\/person\/2e1314a2172123f874db408d8911d3f3","name":"Adelisa Kalajdzini","image":{"@type":"ImageObject","inLanguage":"en-US","@id":"https:\/\/secure.gravatar.com\/avatar\/09a397c22ac58cad6f160ee8306348599df9df58a8ede73696226897b9fa4b24?s=96&d=mm&r=g","url":"https:\/\/secure.gravatar.com\/avatar\/09a397c22ac58cad6f160ee8306348599df9df58a8ede73696226897b9fa4b24?s=96&d=mm&r=g","contentUrl":"https:\/\/secure.gravatar.com\/avatar\/09a397c22ac58cad6f160ee8306348599df9df58a8ede73696226897b9fa4b24?s=96&d=mm&r=g","caption":"Adelisa Kalajdzini"},"url":"https:\/\/www.organisator.ch\/en\/author\/adelisa-kalajdzini\/"}]}},"_links":{"self":[{"href":"https:\/\/www.organisator.ch\/en\/wp-json\/wp\/v2\/posts\/26124","targetHints":{"allow":["GET"]}}],"collection":[{"href":"https:\/\/www.organisator.ch\/en\/wp-json\/wp\/v2\/posts"}],"about":[{"href":"https:\/\/www.organisator.ch\/en\/wp-json\/wp\/v2\/types\/post"}],"author":[{"embeddable":true,"href":"https:\/\/www.organisator.ch\/en\/wp-json\/wp\/v2\/users\/58"}],"replies":[{"embeddable":true,"href":"https:\/\/www.organisator.ch\/en\/wp-json\/wp\/v2\/comments?post=26124"}],"version-history":[{"count":6,"href":"https:\/\/www.organisator.ch\/en\/wp-json\/wp\/v2\/posts\/26124\/revisions"}],"predecessor-version":[{"id":26144,"href":"https:\/\/www.organisator.ch\/en\/wp-json\/wp\/v2\/posts\/26124\/revisions\/26144"}],"wp:featuredmedia":[{"embeddable":true,"href":"https:\/\/www.organisator.ch\/en\/wp-json\/wp\/v2\/media\/26126"}],"wp:attachment":[{"href":"https:\/\/www.organisator.ch\/en\/wp-json\/wp\/v2\/media?parent=26124"}],"wp:term":[{"taxonomy":"category","embeddable":true,"href":"https:\/\/www.organisator.ch\/en\/wp-json\/wp\/v2\/categories?post=26124"},{"taxonomy":"post_tag","embeddable":true,"href":"https:\/\/www.organisator.ch\/en\/wp-json\/wp\/v2\/tags?post=26124"}],"curies":[{"name":"wp","href":"https:\/\/api.w.org\/{rel}","templated":true}]}}