{"id":2626,"date":"2017-10-30T15:32:27","date_gmt":"2017-10-30T14:32:27","guid":{"rendered":"https:\/\/www.organisator.ch\/?p=2626"},"modified":"2017-10-30T15:32:27","modified_gmt":"2017-10-30T14:32:27","slug":"kmu-tag-2017-die-jugend-uebernimmt","status":"publish","type":"post","link":"https:\/\/www.organisator.ch\/en\/allgemein\/2017-10-30\/kmu-tag-2017-die-jugend-uebernimmt\/","title":{"rendered":"SME Day 2017: The youth takes over..."},"content":{"rendered":"<figure id=\"attachment_2627\" aria-describedby=\"caption-attachment-2627\" style=\"width: 640px\" class=\"wp-caption alignnone\"><img loading=\"lazy\" decoding=\"async\" class=\"size-full wp-image-2627\" src=\"https:\/\/www.organisator.ch\/wp-content\/uploads\/2017\/10\/KMU-Tag2017-1.jpg\" alt=\"\" width=\"640\" height=\"400\" srcset=\"https:\/\/www.organisator.ch\/wp-content\/uploads\/2017\/10\/KMU-Tag2017-1.jpg 640w, https:\/\/www.organisator.ch\/wp-content\/uploads\/2017\/10\/KMU-Tag2017-1-16x10.jpg 16w, https:\/\/www.organisator.ch\/wp-content\/uploads\/2017\/10\/KMU-Tag2017-1-280x175.jpg 280w, https:\/\/www.organisator.ch\/wp-content\/uploads\/2017\/10\/KMU-Tag2017-1-560x350.jpg 560w, https:\/\/www.organisator.ch\/wp-content\/uploads\/2017\/10\/KMU-Tag2017-1-300x188.jpg 300w\" sizes=\"auto, (max-width: 640px) 100vw, 640px\" \/><figcaption id=\"caption-attachment-2627\" class=\"wp-caption-text\">Prof. Dr. Urs Fueglistaller hands over his position as host to the young Tobias Wolf at the SME Day 2017.<\/figcaption><\/figure>\n<p>\"I can no longer hear the empty phrases about change. Thus spoke Prof. Dr. Urs Fueglistaller, the host and \"father\" of the SME Day, in his introduction. As is well known, change has always existed: Already in 2003, on the occasion of one of the first editions of the SME Day, the topic was \"SMEs in change\". And this time, change will not stop at the event itself. Because the SME Day 2017 started with a \"handover of office\". Prof. Dr. Urs Fueglistaller of the KMU-HSG has been replaced by Tobias Wolf, himself a graduate of this institute and a young entrepreneur. In the future, he will take over the conference management - for this purpose, Prof. Fueglistaller already handed him the key for the KMU-Tag car, with the remark that he still had to change to the winter tires... Prof. Fueglistaller was seen off into his retirement by the audience with a standing ovation.<\/p>\n<h2>Also a factor of the SME Day 2017: Women entrepreneurs<\/h2>\n<p>So a younger generation is now taking over the event. They are supposed to embody the current change. And there is enough to change in other ways as well. Prof. Dr. Wolfgang Jenewein spoke on the topic of \"Leadership in Change\". He made some recommendations for \"disruptive times\" in which we find ourselves: Change not only needs leadership, but leadership also needs to change. Agility and adaptability are needed, he said, and this works better in the long term than simply focusing on greater efficiency. It is not only a matter of managing, but also of leading, and the ideal \"both\/and\" must be mastered. \"Management is a competence, leadership an attitude,\" says Jenewein.<\/p>\n<figure id=\"attachment_2628\" aria-describedby=\"caption-attachment-2628\" style=\"width: 640px\" class=\"wp-caption alignnone\"><img loading=\"lazy\" decoding=\"async\" class=\"size-full wp-image-2628\" src=\"https:\/\/www.organisator.ch\/wp-content\/uploads\/2017\/10\/KMU-Tag2017-3.jpg\" alt=\"\" width=\"640\" height=\"291\" srcset=\"https:\/\/www.organisator.ch\/wp-content\/uploads\/2017\/10\/KMU-Tag2017-3.jpg 640w, https:\/\/www.organisator.ch\/wp-content\/uploads\/2017\/10\/KMU-Tag2017-3-16x7.jpg 16w, https:\/\/www.organisator.ch\/wp-content\/uploads\/2017\/10\/KMU-Tag2017-3-375x171.jpg 375w, https:\/\/www.organisator.ch\/wp-content\/uploads\/2017\/10\/KMU-Tag2017-3-300x136.jpg 300w\" sizes=\"auto, (max-width: 640px) 100vw, 640px\" \/><figcaption id=\"caption-attachment-2628\" class=\"wp-caption-text\">Patrizia Laeri (center) in conversation with Gabriela Manser and Prof. Wolfgang Jenewein.<\/figcaption><\/figure>\n<p>Afterwards, moderator Patrizia Laeri talked to entrepreneur Gabriela Manser, CEO of Goba AG. In the context of change and corporate management, she sees her job as \"creating conditions so that my core team can do its work\". Martina Gerster, Managing Director of H\u00e4rterei Gerster AG in Egerkingen, experiences her business as \"hard as steel\" in the literal sense. However, she also sees the economic changes as opportunities - although these must first be recognized. On the other hand, the ever-increasing demands on risk and quality management are standing in the way. These would have an increasingly negative effect on the joy of development.<\/p>\n<figure id=\"attachment_2630\" aria-describedby=\"caption-attachment-2630\" style=\"width: 637px\" class=\"wp-caption alignnone\"><img loading=\"lazy\" decoding=\"async\" class=\"size-full wp-image-2630\" src=\"https:\/\/www.organisator.ch\/wp-content\/uploads\/2017\/10\/KMU-Tag2017-4.jpg\" alt=\"\" width=\"637\" height=\"480\" srcset=\"https:\/\/www.organisator.ch\/wp-content\/uploads\/2017\/10\/KMU-Tag2017-4.jpg 637w, https:\/\/www.organisator.ch\/wp-content\/uploads\/2017\/10\/KMU-Tag2017-4-16x12.jpg 16w, https:\/\/www.organisator.ch\/wp-content\/uploads\/2017\/10\/KMU-Tag2017-4-232x175.jpg 232w, https:\/\/www.organisator.ch\/wp-content\/uploads\/2017\/10\/KMU-Tag2017-4-464x350.jpg 464w, https:\/\/www.organisator.ch\/wp-content\/uploads\/2017\/10\/KMU-Tag2017-4-300x226.jpg 300w\" sizes=\"auto, (max-width: 637px) 100vw, 637px\" \/><figcaption id=\"caption-attachment-2630\" class=\"wp-caption-text\">Ludwig Hasler at the SME Day 2017.<\/figcaption><\/figure>\n<h2>Many analog problems cannot be solved digitally<\/h2>\n<p>After that, Ludwig Hasler made his appearance. He appealed to the audience not to be afraid of taking a wrong turn, and that it was perfectly acceptable to get lost from time to time. With regard to the theme of the conference, he said: \"Confidence in change requires the ability to transform oneself. The creativity of humans is becoming increasingly important, because machines will not be able to take over this creativity in the future. The human brain is still superior to any artificial intelligence. And: \"Confidence begins with a vista, a will. None of that comes from digital.\"<\/p>\n<p>\"Decisions are exchange rates\". That was the headline of Wolfgang Frick's presentation. From his marketing perspective - he is Business Manager Marketing and Assortment Management at SPAR (Switzerland) - he put some of the achievements of the digital transformation into perspective. \"Many problems that have arisen digitally are still being solved analogously, but few analog problems can be solved digitally.\" His appeal to the audience: to be guided less by numbers and more by trust, combined with courage: possibilities - implement - do.<\/p>\n<figure id=\"attachment_2629\" aria-describedby=\"caption-attachment-2629\" style=\"width: 640px\" class=\"wp-caption alignnone\"><img loading=\"lazy\" decoding=\"async\" class=\"size-full wp-image-2629\" src=\"https:\/\/www.organisator.ch\/wp-content\/uploads\/2017\/10\/KMU-Tag2017-5.jpg\" alt=\"\" width=\"640\" height=\"365\" srcset=\"https:\/\/www.organisator.ch\/wp-content\/uploads\/2017\/10\/KMU-Tag2017-5.jpg 640w, https:\/\/www.organisator.ch\/wp-content\/uploads\/2017\/10\/KMU-Tag2017-5-16x9.jpg 16w, https:\/\/www.organisator.ch\/wp-content\/uploads\/2017\/10\/KMU-Tag2017-5-307x175.jpg 307w, https:\/\/www.organisator.ch\/wp-content\/uploads\/2017\/10\/KMU-Tag2017-5-614x350.jpg 614w, https:\/\/www.organisator.ch\/wp-content\/uploads\/2017\/10\/KMU-Tag2017-5-300x171.jpg 300w\" sizes=\"auto, (max-width: 640px) 100vw, 640px\" \/><figcaption id=\"caption-attachment-2629\" class=\"wp-caption-text\">Philipp Riederle (left) in discussion with Wolfgang Frick (right).<\/figcaption><\/figure>\n<h2>There will only be \"digital generations<\/h2>\n<p>Finally, it was Philipp Riederle who gave those present the view of the younger generation. Despite being only 23 years old, he probably has a few things ahead of many of those present, such as the conviction that the idea of an \"end of work\" might not be so far-fetched after all. There is still too much discussion about \"infrastructure\" at the moment, but too little about social developments. In addition, many technologies have been available for a long time, but too little use is made of their possibilities. And when someone does, they prefer to complain about it instead of taking the initiative themselves. Seen in this light, Philipp Riederle was not very optimistic about the future. Because we are in the process of squandering many of our opportunities. Thus, the SME Day 2017 ended with a rather relativizing assessment - from a representative of the young generation, of all people.<\/p>\n<figure id=\"attachment_2631\" aria-describedby=\"caption-attachment-2631\" style=\"width: 640px\" class=\"wp-caption alignnone\"><img loading=\"lazy\" decoding=\"async\" class=\"size-full wp-image-2631\" src=\"https:\/\/www.organisator.ch\/wp-content\/uploads\/2017\/10\/KMU-Tag2017-2.jpg\" alt=\"\" width=\"640\" height=\"474\" srcset=\"https:\/\/www.organisator.ch\/wp-content\/uploads\/2017\/10\/KMU-Tag2017-2.jpg 640w, https:\/\/www.organisator.ch\/wp-content\/uploads\/2017\/10\/KMU-Tag2017-2-16x12.jpg 16w, https:\/\/www.organisator.ch\/wp-content\/uploads\/2017\/10\/KMU-Tag2017-2-236x175.jpg 236w, https:\/\/www.organisator.ch\/wp-content\/uploads\/2017\/10\/KMU-Tag2017-2-473x350.jpg 473w, https:\/\/www.organisator.ch\/wp-content\/uploads\/2017\/10\/KMU-Tag2017-2-300x222.jpg 300w\" sizes=\"auto, (max-width: 640px) 100vw, 640px\" \/><figcaption id=\"caption-attachment-2631\" class=\"wp-caption-text\">Also a representative of the younger generation: slam poet and cabaret artist Hazel Brugger during one of her cheeky, frivolous interludes.<\/figcaption><\/figure>\n<p><em>More information: <a href=\"http:\/\/www.kmu-tag.ch\">www.kmu-tag.ch<\/a><\/em><\/p>","protected":false},"excerpt":{"rendered":"<p>\u201eIch kann die Floskeln rund um Wandel nicht mehr h\u00f6ren\u201c. So sprach Prof. Dr. Urs Fueglistaller, der Gastgeber und \u201eVater\u201c des KMU-Tags, in seiner Einleitung. Denn Wandel gab und gibt es bekanntlich schon immer: Bereits 2003, anl\u00e4sslich einer der ersten Durchf\u00fchrungen des KMU-Tags, lautete das Thema \u201eKMU im Wandel\u201c. Und der Wandel macht f\u00fcr dieses [&hellip;]<\/p>\n","protected":false},"author":4,"featured_media":2627,"comment_status":"open","ping_status":"open","sticky":false,"template":"","format":"standard","meta":{"_acf_changed":false,"_yoast_wpseo_focuskw":"KMU-Tag 2017","_yoast_wpseo_metadesc":"Am 27. Oktober 2017 ging in St.Gallen zum 15. Mal der Schweizer KMU-Tag \u00fcber die B\u00fchne. \"Zuversicht im Wandel\" lautete das Tagungsthema.","articlekey":"","footnotes":""},"categories":[1],"tags":[305,335,502,508,531],"class_list":["post-2626","post","type-post","status-publish","format-standard","has-post-thumbnail","hentry","category-allgemein","tag-kmu-tag","tag-management-und-unternehmensfuehrung","tag-veranstaltungen","tag-vermischtes","tag-wirtschaftspolitik"],"acf":[],"yoast_head":"<!-- This site is optimized with the Yoast SEO plugin v27.5 - https:\/\/yoast.com\/product\/yoast-seo-wordpress\/ -->\n<title>KMU-Tag 2017: Die Jugend \u00fcbernimmt\u2026 - Organisator<\/title>\n<meta name=\"description\" content=\"Am 27. Oktober 2017 ging in St.Gallen zum 15. Mal der Schweizer KMU-Tag \u00fcber die B\u00fchne. &quot;Zuversicht im Wandel&quot; lautete das Tagungsthema.\" \/>\n<meta name=\"robots\" content=\"index, follow, max-snippet:-1, max-image-preview:large, max-video-preview:-1\" \/>\n<link rel=\"canonical\" href=\"https:\/\/www.organisator.ch\/en\/general\/2017-10-30\/kmu-tag-2017-die-jugend-uebernimmt\/\" \/>\n<meta property=\"og:locale\" content=\"en_US\" \/>\n<meta property=\"og:type\" content=\"article\" \/>\n<meta property=\"og:title\" content=\"KMU-Tag 2017: Die Jugend \u00fcbernimmt\u2026\" \/>\n<meta property=\"og:description\" content=\"Am 27. Oktober 2017 ging in #St.Gallen zum 15. Mal der Schweizer #KMU-Tag \u00fcber die B\u00fchne. Einmal mehr gelang es den Veranstaltern, mit dem Thema \u201eKMU \u2013 Zuversicht im Wandel\u201c den Nerv des Publikums zu treffen.\" \/>\n<meta property=\"og:url\" content=\"https:\/\/www.organisator.ch\/en\/general\/2017-10-30\/kmu-tag-2017-die-jugend-uebernimmt\/\" \/>\n<meta property=\"og:site_name\" content=\"Organisator\" \/>\n<meta property=\"article:publisher\" content=\"https:\/\/www.facebook.com\/OrganisatorFachmagazin\" \/>\n<meta property=\"article:published_time\" content=\"2017-10-30T14:32:27+00:00\" \/>\n<meta property=\"og:image\" content=\"https:\/\/www.organisator.ch\/wp-content\/uploads\/2017\/10\/KMU-Tag2017-1.jpg\" \/>\n\t<meta property=\"og:image:width\" content=\"640\" \/>\n\t<meta property=\"og:image:height\" content=\"400\" \/>\n\t<meta property=\"og:image:type\" content=\"image\/jpeg\" \/>\n<meta name=\"author\" content=\"thomas.berner\" \/>\n<meta name=\"twitter:card\" content=\"summary_large_image\" \/>\n<meta name=\"twitter:title\" content=\"#KMU-Tag 2017: Die #Jugend \u00fcbernimmt\u2026\" \/>\n<meta name=\"twitter:description\" content=\"Am 27. Oktober 2017 ging in #St.Gallen zum 15. Mal der Schweizer #KMU-Tag \u00fcber die B\u00fchne. Einmal mehr gelang es den Veranstaltern, mit dem Thema \u201eKMU \u2013 Zuversicht im Wandel\u201c den Nerv des Publikums zu treffen.\" \/>\n<meta name=\"twitter:image\" content=\"https:\/\/www.organisator.ch\/wp-content\/uploads\/2017\/10\/KMU-Tag2017-5.jpg\" \/>\n<script type=\"application\/ld+json\" class=\"yoast-schema-graph\">{\"@context\":\"https:\\\/\\\/schema.org\",\"@graph\":[{\"@type\":\"Article\",\"@id\":\"https:\\\/\\\/www.organisator.ch\\\/de\\\/allgemein\\\/2017-10-30\\\/kmu-tag-2017-die-jugend-uebernimmt\\\/#article\",\"isPartOf\":{\"@id\":\"https:\\\/\\\/www.organisator.ch\\\/de\\\/allgemein\\\/2017-10-30\\\/kmu-tag-2017-die-jugend-uebernimmt\\\/\"},\"author\":{\"name\":\"thomas.berner\",\"@id\":\"https:\\\/\\\/www.organisator.ch\\\/#\\\/schema\\\/person\\\/6f650f90b2842cd4c0cc334b4e36f67e\"},\"headline\":\"KMU-Tag 2017: Die Jugend \u00fcbernimmt\u2026\",\"datePublished\":\"2017-10-30T14:32:27+00:00\",\"mainEntityOfPage\":{\"@id\":\"https:\\\/\\\/www.organisator.ch\\\/de\\\/allgemein\\\/2017-10-30\\\/kmu-tag-2017-die-jugend-uebernimmt\\\/\"},\"wordCount\":789,\"commentCount\":0,\"publisher\":{\"@id\":\"https:\\\/\\\/www.organisator.ch\\\/#organization\"},\"image\":{\"@id\":\"https:\\\/\\\/www.organisator.ch\\\/de\\\/allgemein\\\/2017-10-30\\\/kmu-tag-2017-die-jugend-uebernimmt\\\/#primaryimage\"},\"thumbnailUrl\":\"https:\\\/\\\/www.organisator.ch\\\/wp-content\\\/uploads\\\/2017\\\/10\\\/KMU-Tag2017-1.jpg\",\"keywords\":[\"KMU-Tag\",\"Management und Unternehmensf\u00fchrung\",\"Veranstaltungen\",\"Vermischtes\",\"Wirtschaftspolitik\"],\"articleSection\":[\"Allgemein\"],\"inLanguage\":\"en-US\"},{\"@type\":\"WebPage\",\"@id\":\"https:\\\/\\\/www.organisator.ch\\\/de\\\/allgemein\\\/2017-10-30\\\/kmu-tag-2017-die-jugend-uebernimmt\\\/\",\"url\":\"https:\\\/\\\/www.organisator.ch\\\/de\\\/allgemein\\\/2017-10-30\\\/kmu-tag-2017-die-jugend-uebernimmt\\\/\",\"name\":\"KMU-Tag 2017: Die Jugend \u00fcbernimmt\u2026 - Organisator\",\"isPartOf\":{\"@id\":\"https:\\\/\\\/www.organisator.ch\\\/#website\"},\"primaryImageOfPage\":{\"@id\":\"https:\\\/\\\/www.organisator.ch\\\/de\\\/allgemein\\\/2017-10-30\\\/kmu-tag-2017-die-jugend-uebernimmt\\\/#primaryimage\"},\"image\":{\"@id\":\"https:\\\/\\\/www.organisator.ch\\\/de\\\/allgemein\\\/2017-10-30\\\/kmu-tag-2017-die-jugend-uebernimmt\\\/#primaryimage\"},\"thumbnailUrl\":\"https:\\\/\\\/www.organisator.ch\\\/wp-content\\\/uploads\\\/2017\\\/10\\\/KMU-Tag2017-1.jpg\",\"datePublished\":\"2017-10-30T14:32:27+00:00\",\"description\":\"Am 27. Oktober 2017 ging in St.Gallen zum 15. Mal der Schweizer KMU-Tag \u00fcber die B\u00fchne. \\\"Zuversicht im Wandel\\\" lautete das Tagungsthema.\",\"breadcrumb\":{\"@id\":\"https:\\\/\\\/www.organisator.ch\\\/de\\\/allgemein\\\/2017-10-30\\\/kmu-tag-2017-die-jugend-uebernimmt\\\/#breadcrumb\"},\"inLanguage\":\"en-US\",\"potentialAction\":[{\"@type\":\"ReadAction\",\"target\":[\"https:\\\/\\\/www.organisator.ch\\\/de\\\/allgemein\\\/2017-10-30\\\/kmu-tag-2017-die-jugend-uebernimmt\\\/\"]}]},{\"@type\":\"ImageObject\",\"inLanguage\":\"en-US\",\"@id\":\"https:\\\/\\\/www.organisator.ch\\\/de\\\/allgemein\\\/2017-10-30\\\/kmu-tag-2017-die-jugend-uebernimmt\\\/#primaryimage\",\"url\":\"https:\\\/\\\/www.organisator.ch\\\/wp-content\\\/uploads\\\/2017\\\/10\\\/KMU-Tag2017-1.jpg\",\"contentUrl\":\"https:\\\/\\\/www.organisator.ch\\\/wp-content\\\/uploads\\\/2017\\\/10\\\/KMU-Tag2017-1.jpg\",\"width\":640,\"height\":400,\"caption\":\"Prof. Dr. Urs Fueglistaller \u00fcbergibt am KMU-Tag 2017 sein Amt als Gastgeber an den jungen Tobias Wolf.\"},{\"@type\":\"BreadcrumbList\",\"@id\":\"https:\\\/\\\/www.organisator.ch\\\/de\\\/allgemein\\\/2017-10-30\\\/kmu-tag-2017-die-jugend-uebernimmt\\\/#breadcrumb\",\"itemListElement\":[{\"@type\":\"ListItem\",\"position\":1,\"name\":\"Home\",\"item\":\"https:\\\/\\\/www.organisator.ch\\\/\"},{\"@type\":\"ListItem\",\"position\":2,\"name\":\"KMU-Tag 2017: Die Jugend \u00fcbernimmt\u2026\"}]},{\"@type\":\"WebSite\",\"@id\":\"https:\\\/\\\/www.organisator.ch\\\/#website\",\"url\":\"https:\\\/\\\/www.organisator.ch\\\/\",\"name\":\"Organisator\",\"description\":\"Kompetent. Praxisnah. Der ORGANISATOR bereitet in 10 Ausgaben pro Jahr die wesentlichen Themen f\u00fcr F\u00fchrungskr\u00e4fte von KMU auf.\",\"publisher\":{\"@id\":\"https:\\\/\\\/www.organisator.ch\\\/#organization\"},\"potentialAction\":[{\"@type\":\"SearchAction\",\"target\":{\"@type\":\"EntryPoint\",\"urlTemplate\":\"https:\\\/\\\/www.organisator.ch\\\/?s={search_term_string}\"},\"query-input\":{\"@type\":\"PropertyValueSpecification\",\"valueRequired\":true,\"valueName\":\"search_term_string\"}}],\"inLanguage\":\"en-US\"},{\"@type\":\"Organization\",\"@id\":\"https:\\\/\\\/www.organisator.ch\\\/#organization\",\"name\":\"Organisator\",\"url\":\"https:\\\/\\\/www.organisator.ch\\\/\",\"logo\":{\"@type\":\"ImageObject\",\"inLanguage\":\"en-US\",\"@id\":\"https:\\\/\\\/www.organisator.ch\\\/#\\\/schema\\\/logo\\\/image\\\/\",\"url\":\"https:\\\/\\\/www.organisator.ch\\\/wp-content\\\/uploads\\\/2022\\\/01\\\/Logo_Organisator_Website.png\",\"contentUrl\":\"https:\\\/\\\/www.organisator.ch\\\/wp-content\\\/uploads\\\/2022\\\/01\\\/Logo_Organisator_Website.png\",\"width\":800,\"height\":77,\"caption\":\"Organisator\"},\"image\":{\"@id\":\"https:\\\/\\\/www.organisator.ch\\\/#\\\/schema\\\/logo\\\/image\\\/\"},\"sameAs\":[\"https:\\\/\\\/www.facebook.com\\\/OrganisatorFachmagazin\",\"https:\\\/\\\/www.linkedin.com\\\/showcase\\\/organisator-das-magazin-fr-kmu\",\"https:\\\/\\\/www.xing.com\\\/news\\\/pages\\\/organisator-ch-695\",\"https:\\\/\\\/www.youtube.com\\\/channel\\\/UCGP2Sq0iWaZwT3BdIAQFYpw\"]},{\"@type\":\"Person\",\"@id\":\"https:\\\/\\\/www.organisator.ch\\\/#\\\/schema\\\/person\\\/6f650f90b2842cd4c0cc334b4e36f67e\",\"name\":\"thomas.berner\",\"image\":{\"@type\":\"ImageObject\",\"inLanguage\":\"en-US\",\"@id\":\"https:\\\/\\\/secure.gravatar.com\\\/avatar\\\/ac5001d2a36cb6c6cd3e50789007ffca834b477b74a2144564522e944eabff61?s=96&d=mm&r=g\",\"url\":\"https:\\\/\\\/secure.gravatar.com\\\/avatar\\\/ac5001d2a36cb6c6cd3e50789007ffca834b477b74a2144564522e944eabff61?s=96&d=mm&r=g\",\"contentUrl\":\"https:\\\/\\\/secure.gravatar.com\\\/avatar\\\/ac5001d2a36cb6c6cd3e50789007ffca834b477b74a2144564522e944eabff61?s=96&d=mm&r=g\",\"caption\":\"thomas.berner\"},\"url\":\"https:\\\/\\\/www.organisator.ch\\\/en\\\/author\\\/thomas-berner\\\/\"}]}<\/script>\n<!-- \/ Yoast SEO plugin. -->","yoast_head_json":{"title":"SME Day 2017: The youth takes over... - Organizer","description":"On October 27, 2017, the 15th Swiss SME Day took place in St.Gallen. The theme of the conference was \"Confidence in Change\".","robots":{"index":"index","follow":"follow","max-snippet":"max-snippet:-1","max-image-preview":"max-image-preview:large","max-video-preview":"max-video-preview:-1"},"canonical":"https:\/\/www.organisator.ch\/en\/general\/2017-10-30\/kmu-tag-2017-die-jugend-uebernimmt\/","og_locale":"en_US","og_type":"article","og_title":"KMU-Tag 2017: Die Jugend \u00fcbernimmt\u2026","og_description":"Am 27. Oktober 2017 ging in #St.Gallen zum 15. Mal der Schweizer #KMU-Tag \u00fcber die B\u00fchne. Einmal mehr gelang es den Veranstaltern, mit dem Thema \u201eKMU \u2013 Zuversicht im Wandel\u201c den Nerv des Publikums zu treffen.","og_url":"https:\/\/www.organisator.ch\/en\/general\/2017-10-30\/kmu-tag-2017-die-jugend-uebernimmt\/","og_site_name":"Organisator","article_publisher":"https:\/\/www.facebook.com\/OrganisatorFachmagazin","article_published_time":"2017-10-30T14:32:27+00:00","og_image":[{"width":640,"height":400,"url":"https:\/\/www.organisator.ch\/wp-content\/uploads\/2017\/10\/KMU-Tag2017-1.jpg","type":"image\/jpeg"}],"author":"thomas.berner","twitter_card":"summary_large_image","twitter_title":"#KMU-Tag 2017: Die #Jugend \u00fcbernimmt\u2026","twitter_description":"Am 27. Oktober 2017 ging in #St.Gallen zum 15. Mal der Schweizer #KMU-Tag \u00fcber die B\u00fchne. Einmal mehr gelang es den Veranstaltern, mit dem Thema \u201eKMU \u2013 Zuversicht im Wandel\u201c den Nerv des Publikums zu treffen.","twitter_image":"https:\/\/www.organisator.ch\/wp-content\/uploads\/2017\/10\/KMU-Tag2017-5.jpg","schema":{"@context":"https:\/\/schema.org","@graph":[{"@type":"Article","@id":"https:\/\/www.organisator.ch\/de\/allgemein\/2017-10-30\/kmu-tag-2017-die-jugend-uebernimmt\/#article","isPartOf":{"@id":"https:\/\/www.organisator.ch\/de\/allgemein\/2017-10-30\/kmu-tag-2017-die-jugend-uebernimmt\/"},"author":{"name":"thomas.berner","@id":"https:\/\/www.organisator.ch\/#\/schema\/person\/6f650f90b2842cd4c0cc334b4e36f67e"},"headline":"KMU-Tag 2017: Die Jugend \u00fcbernimmt\u2026","datePublished":"2017-10-30T14:32:27+00:00","mainEntityOfPage":{"@id":"https:\/\/www.organisator.ch\/de\/allgemein\/2017-10-30\/kmu-tag-2017-die-jugend-uebernimmt\/"},"wordCount":789,"commentCount":0,"publisher":{"@id":"https:\/\/www.organisator.ch\/#organization"},"image":{"@id":"https:\/\/www.organisator.ch\/de\/allgemein\/2017-10-30\/kmu-tag-2017-die-jugend-uebernimmt\/#primaryimage"},"thumbnailUrl":"https:\/\/www.organisator.ch\/wp-content\/uploads\/2017\/10\/KMU-Tag2017-1.jpg","keywords":["KMU-Tag","Management und Unternehmensf\u00fchrung","Veranstaltungen","Vermischtes","Wirtschaftspolitik"],"articleSection":["Allgemein"],"inLanguage":"en-US"},{"@type":"WebPage","@id":"https:\/\/www.organisator.ch\/de\/allgemein\/2017-10-30\/kmu-tag-2017-die-jugend-uebernimmt\/","url":"https:\/\/www.organisator.ch\/de\/allgemein\/2017-10-30\/kmu-tag-2017-die-jugend-uebernimmt\/","name":"SME Day 2017: The youth takes over... - Organizer","isPartOf":{"@id":"https:\/\/www.organisator.ch\/#website"},"primaryImageOfPage":{"@id":"https:\/\/www.organisator.ch\/de\/allgemein\/2017-10-30\/kmu-tag-2017-die-jugend-uebernimmt\/#primaryimage"},"image":{"@id":"https:\/\/www.organisator.ch\/de\/allgemein\/2017-10-30\/kmu-tag-2017-die-jugend-uebernimmt\/#primaryimage"},"thumbnailUrl":"https:\/\/www.organisator.ch\/wp-content\/uploads\/2017\/10\/KMU-Tag2017-1.jpg","datePublished":"2017-10-30T14:32:27+00:00","description":"On October 27, 2017, the 15th Swiss SME Day took place in St.Gallen. The theme of the conference was \"Confidence in Change\".","breadcrumb":{"@id":"https:\/\/www.organisator.ch\/de\/allgemein\/2017-10-30\/kmu-tag-2017-die-jugend-uebernimmt\/#breadcrumb"},"inLanguage":"en-US","potentialAction":[{"@type":"ReadAction","target":["https:\/\/www.organisator.ch\/de\/allgemein\/2017-10-30\/kmu-tag-2017-die-jugend-uebernimmt\/"]}]},{"@type":"ImageObject","inLanguage":"en-US","@id":"https:\/\/www.organisator.ch\/de\/allgemein\/2017-10-30\/kmu-tag-2017-die-jugend-uebernimmt\/#primaryimage","url":"https:\/\/www.organisator.ch\/wp-content\/uploads\/2017\/10\/KMU-Tag2017-1.jpg","contentUrl":"https:\/\/www.organisator.ch\/wp-content\/uploads\/2017\/10\/KMU-Tag2017-1.jpg","width":640,"height":400,"caption":"Prof. Dr. Urs Fueglistaller \u00fcbergibt am KMU-Tag 2017 sein Amt als Gastgeber an den jungen Tobias Wolf."},{"@type":"BreadcrumbList","@id":"https:\/\/www.organisator.ch\/de\/allgemein\/2017-10-30\/kmu-tag-2017-die-jugend-uebernimmt\/#breadcrumb","itemListElement":[{"@type":"ListItem","position":1,"name":"Home","item":"https:\/\/www.organisator.ch\/"},{"@type":"ListItem","position":2,"name":"KMU-Tag 2017: Die Jugend \u00fcbernimmt\u2026"}]},{"@type":"WebSite","@id":"https:\/\/www.organisator.ch\/#website","url":"https:\/\/www.organisator.ch\/","name":"Organizer","description":"Competent. Practical. In 10 issues per year, ORGANISATOR presents the essential topics for managers of SMEs.","publisher":{"@id":"https:\/\/www.organisator.ch\/#organization"},"potentialAction":[{"@type":"SearchAction","target":{"@type":"EntryPoint","urlTemplate":"https:\/\/www.organisator.ch\/?s={search_term_string}"},"query-input":{"@type":"PropertyValueSpecification","valueRequired":true,"valueName":"search_term_string"}}],"inLanguage":"en-US"},{"@type":"Organization","@id":"https:\/\/www.organisator.ch\/#organization","name":"Organizer","url":"https:\/\/www.organisator.ch\/","logo":{"@type":"ImageObject","inLanguage":"en-US","@id":"https:\/\/www.organisator.ch\/#\/schema\/logo\/image\/","url":"https:\/\/www.organisator.ch\/wp-content\/uploads\/2022\/01\/Logo_Organisator_Website.png","contentUrl":"https:\/\/www.organisator.ch\/wp-content\/uploads\/2022\/01\/Logo_Organisator_Website.png","width":800,"height":77,"caption":"Organisator"},"image":{"@id":"https:\/\/www.organisator.ch\/#\/schema\/logo\/image\/"},"sameAs":["https:\/\/www.facebook.com\/OrganisatorFachmagazin","https:\/\/www.linkedin.com\/showcase\/organisator-das-magazin-fr-kmu","https:\/\/www.xing.com\/news\/pages\/organisator-ch-695","https:\/\/www.youtube.com\/channel\/UCGP2Sq0iWaZwT3BdIAQFYpw"]},{"@type":"Person","@id":"https:\/\/www.organisator.ch\/#\/schema\/person\/6f650f90b2842cd4c0cc334b4e36f67e","name":"thomas.berner","image":{"@type":"ImageObject","inLanguage":"en-US","@id":"https:\/\/secure.gravatar.com\/avatar\/ac5001d2a36cb6c6cd3e50789007ffca834b477b74a2144564522e944eabff61?s=96&d=mm&r=g","url":"https:\/\/secure.gravatar.com\/avatar\/ac5001d2a36cb6c6cd3e50789007ffca834b477b74a2144564522e944eabff61?s=96&d=mm&r=g","contentUrl":"https:\/\/secure.gravatar.com\/avatar\/ac5001d2a36cb6c6cd3e50789007ffca834b477b74a2144564522e944eabff61?s=96&d=mm&r=g","caption":"thomas.berner"},"url":"https:\/\/www.organisator.ch\/en\/author\/thomas-berner\/"}]}},"_links":{"self":[{"href":"https:\/\/www.organisator.ch\/en\/wp-json\/wp\/v2\/posts\/2626","targetHints":{"allow":["GET"]}}],"collection":[{"href":"https:\/\/www.organisator.ch\/en\/wp-json\/wp\/v2\/posts"}],"about":[{"href":"https:\/\/www.organisator.ch\/en\/wp-json\/wp\/v2\/types\/post"}],"author":[{"embeddable":true,"href":"https:\/\/www.organisator.ch\/en\/wp-json\/wp\/v2\/users\/4"}],"replies":[{"embeddable":true,"href":"https:\/\/www.organisator.ch\/en\/wp-json\/wp\/v2\/comments?post=2626"}],"version-history":[{"count":0,"href":"https:\/\/www.organisator.ch\/en\/wp-json\/wp\/v2\/posts\/2626\/revisions"}],"wp:featuredmedia":[{"embeddable":true,"href":"https:\/\/www.organisator.ch\/en\/wp-json\/wp\/v2\/media\/2627"}],"wp:attachment":[{"href":"https:\/\/www.organisator.ch\/en\/wp-json\/wp\/v2\/media?parent=2626"}],"wp:term":[{"taxonomy":"category","embeddable":true,"href":"https:\/\/www.organisator.ch\/en\/wp-json\/wp\/v2\/categories?post=2626"},{"taxonomy":"post_tag","embeddable":true,"href":"https:\/\/www.organisator.ch\/en\/wp-json\/wp\/v2\/tags?post=2626"}],"curies":[{"name":"wp","href":"https:\/\/api.w.org\/{rel}","templated":true}]}}