{"id":2633,"date":"2017-10-31T08:08:02","date_gmt":"2017-10-31T07:08:02","guid":{"rendered":"https:\/\/www.organisator.ch\/?p=2633"},"modified":"2017-10-31T08:08:02","modified_gmt":"2017-10-31T07:08:02","slug":"buchtipp-uebermorgen-eine-zeitreise-in-unsere-digitale-zukunft","status":"publish","type":"post","link":"https:\/\/www.organisator.ch\/en\/allgemein\/2017-10-31\/buchtipp-uebermorgen-eine-zeitreise-in-unsere-digitale-zukunft\/","title":{"rendered":"Book tip: The day after tomorrow - a journey through time to our digital future"},"content":{"rendered":"<p><img loading=\"lazy\" decoding=\"async\" class=\"alignnone wp-image-2644\" src=\"https:\/\/www.organisator.ch\/wp-content\/uploads\/2017\/10\/Unbenannt.jpg\" alt=\"\" width=\"442\" height=\"655\" srcset=\"https:\/\/www.organisator.ch\/wp-content\/uploads\/2017\/10\/Unbenannt.jpg 617w, https:\/\/www.organisator.ch\/wp-content\/uploads\/2017\/10\/Unbenannt-8x12.jpg 8w, https:\/\/www.organisator.ch\/wp-content\/uploads\/2017\/10\/Unbenannt-118x175.jpg 118w, https:\/\/www.organisator.ch\/wp-content\/uploads\/2017\/10\/Unbenannt-236x350.jpg 236w, https:\/\/www.organisator.ch\/wp-content\/uploads\/2017\/10\/Unbenannt-539x800.jpg 539w, https:\/\/www.organisator.ch\/wp-content\/uploads\/2017\/10\/Unbenannt-300x445.jpg 300w\" sizes=\"auto, (max-width: 442px) 100vw, 442px\" \/><\/p>\n<p>The year is 2030: SDCs - self-driving cars connected via a cloud - are driving everywhere on the roads. Thanks to artificial intelligence, big and smart data, there is no more tailgating, speeding and hardly any accidents. Shopping is done exclusively online, showrooms have replaced stores. Smartphones have been out for a long time. We receive information via a matrix and thus via specially equipped, highly networked rooms or devices equipped with radio chips and augmented reality and virtual reality technologies. We also use a matrix at home - for searching information, shopping, conferences, etc. The controls are voice commands - mouse and keyboard are only used in museums. School will also be different in 2030: on the one hand, knowledge will be taught at home in the matrix, and on the other hand, there will be project work in groups led by coaches. Immediate utopia or science fiction?<\/p>\n<h2>The digital future and its potential<\/h2>\n<p>We are in the midst of one of the greatest changes of mankind. The Internet of Things and the fourth industrial revolution are still buzzwords for some today, but for others their precursors are already clearly noticeable. Even if one or the other still lulls himself into a sense of security - there is no industry that will be spared from the wave of digitization. The digital tsunami is coming - one way or another. How should you act, how should you react? These are the questions that future thinker and online pioneer J\u00f6rg Eugster addresses in his new book. <strong>The day after tomorrow - A journey through time to our digital future<\/strong><strong>.<\/strong> In contrast to many of those with reservations, however, the expert on digitization for SMEs is not stoking fear of cyborgs and artificial intelligence, but sees himself as a fear monger and digitization enthusiast who is betting on the huge potential of the digital revolution.<\/p>\n<h2>Desire for the digital future<\/h2>\n<p>J\u00f6rg Eugster not only provides valuable tips, but also answers the burning questions of our time: What skills do employees need to be successful in the future? Which jobs and which industries have a future? Why do companies need a comprehensive digital strategy for their digital transformation journey? Which digital megatrends will occupy us in the future? And he shows that politics is particularly called upon here to create the framework conditions for humans and machines to live together. After all, it wasn't just the Bundestag election campaign in Germany that showed this: The topic of digitization is one that even politicians can no longer ignore! Studies repeatedly show that Germany has a lot of catching up to do. Countries such as Scandinavia, the Netherlands, Estonia, South Korea and the USA are well ahead of us in almost all aspects of digitization. The Day After Tomorrow is not only required reading for supervisory and administrative boards, executive boards and management members of companies of all sizes, and politicians. It is an absolute must-read for everyone who wants to keep pace with digitization, recognize its opportunities, and harness its enormous potential for themselves. A book that whets the appetite for the future.<\/p>\n<h2>The author<\/h2>\n<p>J\u00f6rg Eugster is an online pioneer from the very beginning. In addition to his role as a top expert in online marketing, he is an enthusiastic ambassador for the digital future. However, unlike many worriers, the digitalization optimist does not stoke fear of cyborgs and artificial intelligence. Instead, he believes in the huge potential of the digital revolution, the power of which he brings to the world as a consultant, publicist and speaker. He is an internationally sought-after keynote speaker and lecturer at the renowned Universities of Applied Sciences of Northwestern Switzerland (Basel) and St. Gallen. With a degree in business administration and an executive MBA, he is also a management consultant, a board member in the technology and media sector, and an expert member of Club 55.<\/p>\n<p><em>J\u00f6rg Eugster:<br \/>\nDay after tomorrow. <\/em><em>A time travel into our digital future <\/em><br \/>\n<em>264 pages, hardcover <\/em><br \/>\n<em>ISBN: 978-3-907100-73-8 <\/em><br \/>\n<em>29,00 \u20ac \/ 33.00 CHF <\/em><br \/>\n<em>Midas Publishing House, Zurich 2017<\/em><\/p>\n<p><a href=\"https:\/\/eugster.info\/\"><em>More information<\/em><\/a><\/p>\n<p>&nbsp;<\/p>","protected":false},"excerpt":{"rendered":"<p>Wir schreiben das Jahr 2030: \u00dcberall auf den Stra\u00dfen fahren SDCs \u2013 Self-Driving-Cars, die \u00fcber eine Cloud verbunden sind. Dank k\u00fcnstlicher Intelligenz, Big und Smart Data gibt es keine Dr\u00e4ngelei, Raserei und kaum Unf\u00e4lle mehr. Eingekauft wird ausschlie\u00dflich online, Showrooms haben die Gesch\u00e4fte abgel\u00f6st. Smartphones sind schon lange out. Informationen erhalten wir \u00fcber eine Matrix [&hellip;]<\/p>\n","protected":false},"author":4,"featured_media":2644,"comment_status":"open","ping_status":"open","sticky":false,"template":"","format":"standard","meta":{"_acf_changed":false,"_yoast_wpseo_focuskw":"digitale Zukunft","_yoast_wpseo_metadesc":"Der digitale Tsunami kommt. Wie soll man agieren, wie darauf reagieren? Diesen Fragen widmet sich Zukunftsdenker und Onlinepionier J\u00f6rg Eugster.","articlekey":"","footnotes":""},"categories":[1],"tags":[92,95,156,508],"class_list":["post-2633","post","type-post","status-publish","format-standard","has-post-thumbnail","hentry","category-allgemein","tag-buch","tag-buchtipps","tag-digitalisierung","tag-vermischtes"],"acf":[],"yoast_head":"<!-- This site is optimized with the Yoast SEO plugin v27.5 - https:\/\/yoast.com\/product\/yoast-seo-wordpress\/ -->\n<title>Buchtipp: \u00dcbermorgen - eine Zeitreise in unsere digitale Zukunft - Organisator<\/title>\n<meta name=\"description\" content=\"Der digitale Tsunami kommt. Wie soll man agieren, wie darauf reagieren? Diesen Fragen widmet sich Zukunftsdenker und Onlinepionier J\u00f6rg Eugster.\" \/>\n<meta name=\"robots\" content=\"index, follow, max-snippet:-1, max-image-preview:large, max-video-preview:-1\" \/>\n<link rel=\"canonical\" href=\"https:\/\/www.organisator.ch\/en\/general\/2017-10-31\/buchtipp-uebermorgen-eine-zeitreise-in-unsere-digitale-zukunft\/\" \/>\n<meta property=\"og:locale\" content=\"en_US\" \/>\n<meta property=\"og:type\" content=\"article\" \/>\n<meta property=\"og:title\" content=\"Buchtipp: \u00dcbermorgen - eine Zeitreise in unsere digitale Zukunft\" \/>\n<meta property=\"og:description\" content=\"Der digitale Tsunami kommt \u2013 so oder so. Wie soll man agieren, wie darauf reagieren? Diesen Fragen widmet sich #Zukunftsdenker und Onlinepionier J\u00f6rg #Eugster in seinem neuen Buch.\" \/>\n<meta property=\"og:url\" content=\"https:\/\/www.organisator.ch\/en\/general\/2017-10-31\/buchtipp-uebermorgen-eine-zeitreise-in-unsere-digitale-zukunft\/\" \/>\n<meta property=\"og:site_name\" content=\"Organisator\" \/>\n<meta property=\"article:publisher\" content=\"https:\/\/www.facebook.com\/OrganisatorFachmagazin\" \/>\n<meta property=\"article:published_time\" content=\"2017-10-31T07:08:02+00:00\" \/>\n<meta name=\"author\" content=\"thomas.berner\" \/>\n<meta name=\"twitter:card\" content=\"summary_large_image\" \/>\n<meta name=\"twitter:title\" content=\"Buchtipp: \u00dcbermorgen - eine #Zeitreise in unsere digitale Zukunft\" \/>\n<meta name=\"twitter:description\" content=\"Der digitale Tsunami kommt \u2013 so oder so. Wie soll man agieren, wie darauf reagieren? Diesen Fragen widmet sich #Zukunftsdenker und Onlinepionier J\u00f6rg #Eugster in seinem neuen Buch.\" \/>\n<meta name=\"twitter:image\" content=\"https:\/\/www.organisator.ch\/wp-content\/uploads\/2017\/10\/Buchtipp-\u00dcbermorgen-eine-Zeitreise-in-unsere-digitale-Zukunft_Organisator.jpg\" \/>\n<script type=\"application\/ld+json\" class=\"yoast-schema-graph\">{\"@context\":\"https:\\\/\\\/schema.org\",\"@graph\":[{\"@type\":\"Article\",\"@id\":\"https:\\\/\\\/www.organisator.ch\\\/en\\\/general\\\/2017-10-31\\\/buchtipp-uebermorgen-eine-zeitreise-in-unsere-digitale-zukunft\\\/#article\",\"isPartOf\":{\"@id\":\"https:\\\/\\\/www.organisator.ch\\\/en\\\/general\\\/2017-10-31\\\/buchtipp-uebermorgen-eine-zeitreise-in-unsere-digitale-zukunft\\\/\"},\"author\":{\"name\":\"thomas.berner\",\"@id\":\"https:\\\/\\\/www.organisator.ch\\\/#\\\/schema\\\/person\\\/6f650f90b2842cd4c0cc334b4e36f67e\"},\"headline\":\"Buchtipp: \u00dcbermorgen &#8211; eine Zeitreise in unsere digitale Zukunft\",\"datePublished\":\"2017-10-31T07:08:02+00:00\",\"mainEntityOfPage\":{\"@id\":\"https:\\\/\\\/www.organisator.ch\\\/en\\\/general\\\/2017-10-31\\\/buchtipp-uebermorgen-eine-zeitreise-in-unsere-digitale-zukunft\\\/\"},\"wordCount\":622,\"commentCount\":0,\"publisher\":{\"@id\":\"https:\\\/\\\/www.organisator.ch\\\/#organization\"},\"image\":{\"@id\":\"https:\\\/\\\/www.organisator.ch\\\/en\\\/general\\\/2017-10-31\\\/buchtipp-uebermorgen-eine-zeitreise-in-unsere-digitale-zukunft\\\/#primaryimage\"},\"thumbnailUrl\":\"https:\\\/\\\/www.organisator.ch\\\/wp-content\\\/uploads\\\/2017\\\/10\\\/Unbenannt.jpg\",\"keywords\":[\"Buch\",\"Buchtipps\",\"Digitalisierung\",\"Vermischtes\"],\"articleSection\":[\"Allgemein\"],\"inLanguage\":\"en-US\"},{\"@type\":\"WebPage\",\"@id\":\"https:\\\/\\\/www.organisator.ch\\\/en\\\/general\\\/2017-10-31\\\/buchtipp-uebermorgen-eine-zeitreise-in-unsere-digitale-zukunft\\\/\",\"url\":\"https:\\\/\\\/www.organisator.ch\\\/en\\\/general\\\/2017-10-31\\\/buchtipp-uebermorgen-eine-zeitreise-in-unsere-digitale-zukunft\\\/\",\"name\":\"Buchtipp: \u00dcbermorgen - eine Zeitreise in unsere digitale Zukunft - Organisator\",\"isPartOf\":{\"@id\":\"https:\\\/\\\/www.organisator.ch\\\/#website\"},\"primaryImageOfPage\":{\"@id\":\"https:\\\/\\\/www.organisator.ch\\\/en\\\/general\\\/2017-10-31\\\/buchtipp-uebermorgen-eine-zeitreise-in-unsere-digitale-zukunft\\\/#primaryimage\"},\"image\":{\"@id\":\"https:\\\/\\\/www.organisator.ch\\\/en\\\/general\\\/2017-10-31\\\/buchtipp-uebermorgen-eine-zeitreise-in-unsere-digitale-zukunft\\\/#primaryimage\"},\"thumbnailUrl\":\"https:\\\/\\\/www.organisator.ch\\\/wp-content\\\/uploads\\\/2017\\\/10\\\/Unbenannt.jpg\",\"datePublished\":\"2017-10-31T07:08:02+00:00\",\"description\":\"Der digitale Tsunami kommt. Wie soll man agieren, wie darauf reagieren? Diesen Fragen widmet sich Zukunftsdenker und Onlinepionier J\u00f6rg Eugster.\",\"breadcrumb\":{\"@id\":\"https:\\\/\\\/www.organisator.ch\\\/en\\\/general\\\/2017-10-31\\\/buchtipp-uebermorgen-eine-zeitreise-in-unsere-digitale-zukunft\\\/#breadcrumb\"},\"inLanguage\":\"en-US\",\"potentialAction\":[{\"@type\":\"ReadAction\",\"target\":[\"https:\\\/\\\/www.organisator.ch\\\/en\\\/general\\\/2017-10-31\\\/buchtipp-uebermorgen-eine-zeitreise-in-unsere-digitale-zukunft\\\/\"]}]},{\"@type\":\"ImageObject\",\"inLanguage\":\"en-US\",\"@id\":\"https:\\\/\\\/www.organisator.ch\\\/en\\\/general\\\/2017-10-31\\\/buchtipp-uebermorgen-eine-zeitreise-in-unsere-digitale-zukunft\\\/#primaryimage\",\"url\":\"https:\\\/\\\/www.organisator.ch\\\/wp-content\\\/uploads\\\/2017\\\/10\\\/Unbenannt.jpg\",\"contentUrl\":\"https:\\\/\\\/www.organisator.ch\\\/wp-content\\\/uploads\\\/2017\\\/10\\\/Unbenannt.jpg\",\"width\":617,\"height\":915},{\"@type\":\"BreadcrumbList\",\"@id\":\"https:\\\/\\\/www.organisator.ch\\\/en\\\/general\\\/2017-10-31\\\/buchtipp-uebermorgen-eine-zeitreise-in-unsere-digitale-zukunft\\\/#breadcrumb\",\"itemListElement\":[{\"@type\":\"ListItem\",\"position\":1,\"name\":\"Home\",\"item\":\"https:\\\/\\\/www.organisator.ch\\\/\"},{\"@type\":\"ListItem\",\"position\":2,\"name\":\"Buchtipp: \u00dcbermorgen &#8211; eine Zeitreise in unsere digitale Zukunft\"}]},{\"@type\":\"WebSite\",\"@id\":\"https:\\\/\\\/www.organisator.ch\\\/#website\",\"url\":\"https:\\\/\\\/www.organisator.ch\\\/\",\"name\":\"Organisator\",\"description\":\"Kompetent. Praxisnah. Der ORGANISATOR bereitet in 10 Ausgaben pro Jahr die wesentlichen Themen f\u00fcr F\u00fchrungskr\u00e4fte von KMU auf.\",\"publisher\":{\"@id\":\"https:\\\/\\\/www.organisator.ch\\\/#organization\"},\"potentialAction\":[{\"@type\":\"SearchAction\",\"target\":{\"@type\":\"EntryPoint\",\"urlTemplate\":\"https:\\\/\\\/www.organisator.ch\\\/?s={search_term_string}\"},\"query-input\":{\"@type\":\"PropertyValueSpecification\",\"valueRequired\":true,\"valueName\":\"search_term_string\"}}],\"inLanguage\":\"en-US\"},{\"@type\":\"Organization\",\"@id\":\"https:\\\/\\\/www.organisator.ch\\\/#organization\",\"name\":\"Organisator\",\"url\":\"https:\\\/\\\/www.organisator.ch\\\/\",\"logo\":{\"@type\":\"ImageObject\",\"inLanguage\":\"en-US\",\"@id\":\"https:\\\/\\\/www.organisator.ch\\\/#\\\/schema\\\/logo\\\/image\\\/\",\"url\":\"https:\\\/\\\/www.organisator.ch\\\/wp-content\\\/uploads\\\/2022\\\/01\\\/Logo_Organisator_Website.png\",\"contentUrl\":\"https:\\\/\\\/www.organisator.ch\\\/wp-content\\\/uploads\\\/2022\\\/01\\\/Logo_Organisator_Website.png\",\"width\":800,\"height\":77,\"caption\":\"Organisator\"},\"image\":{\"@id\":\"https:\\\/\\\/www.organisator.ch\\\/#\\\/schema\\\/logo\\\/image\\\/\"},\"sameAs\":[\"https:\\\/\\\/www.facebook.com\\\/OrganisatorFachmagazin\",\"https:\\\/\\\/www.linkedin.com\\\/showcase\\\/organisator-das-magazin-fr-kmu\",\"https:\\\/\\\/www.xing.com\\\/news\\\/pages\\\/organisator-ch-695\",\"https:\\\/\\\/www.youtube.com\\\/channel\\\/UCGP2Sq0iWaZwT3BdIAQFYpw\"]},{\"@type\":\"Person\",\"@id\":\"https:\\\/\\\/www.organisator.ch\\\/#\\\/schema\\\/person\\\/6f650f90b2842cd4c0cc334b4e36f67e\",\"name\":\"thomas.berner\",\"image\":{\"@type\":\"ImageObject\",\"inLanguage\":\"en-US\",\"@id\":\"https:\\\/\\\/secure.gravatar.com\\\/avatar\\\/ac5001d2a36cb6c6cd3e50789007ffca834b477b74a2144564522e944eabff61?s=96&d=mm&r=g\",\"url\":\"https:\\\/\\\/secure.gravatar.com\\\/avatar\\\/ac5001d2a36cb6c6cd3e50789007ffca834b477b74a2144564522e944eabff61?s=96&d=mm&r=g\",\"contentUrl\":\"https:\\\/\\\/secure.gravatar.com\\\/avatar\\\/ac5001d2a36cb6c6cd3e50789007ffca834b477b74a2144564522e944eabff61?s=96&d=mm&r=g\",\"caption\":\"thomas.berner\"},\"url\":\"https:\\\/\\\/www.organisator.ch\\\/en\\\/author\\\/thomas-berner\\\/\"}]}<\/script>\n<!-- \/ Yoast SEO plugin. -->","yoast_head_json":{"title":"Book tip: The day after tomorrow - a journey through time to our digital future - Organizer","description":"The digital tsunami is coming. How should we act and react to it? Future thinker and online pioneer J\u00f6rg Eugster addresses these questions.","robots":{"index":"index","follow":"follow","max-snippet":"max-snippet:-1","max-image-preview":"max-image-preview:large","max-video-preview":"max-video-preview:-1"},"canonical":"https:\/\/www.organisator.ch\/en\/general\/2017-10-31\/buchtipp-uebermorgen-eine-zeitreise-in-unsere-digitale-zukunft\/","og_locale":"en_US","og_type":"article","og_title":"Buchtipp: \u00dcbermorgen - eine Zeitreise in unsere digitale Zukunft","og_description":"Der digitale Tsunami kommt \u2013 so oder so. Wie soll man agieren, wie darauf reagieren? Diesen Fragen widmet sich #Zukunftsdenker und Onlinepionier J\u00f6rg #Eugster in seinem neuen Buch.","og_url":"https:\/\/www.organisator.ch\/en\/general\/2017-10-31\/buchtipp-uebermorgen-eine-zeitreise-in-unsere-digitale-zukunft\/","og_site_name":"Organisator","article_publisher":"https:\/\/www.facebook.com\/OrganisatorFachmagazin","article_published_time":"2017-10-31T07:08:02+00:00","author":"thomas.berner","twitter_card":"summary_large_image","twitter_title":"Buchtipp: \u00dcbermorgen - eine #Zeitreise in unsere digitale Zukunft","twitter_description":"Der digitale Tsunami kommt \u2013 so oder so. Wie soll man agieren, wie darauf reagieren? Diesen Fragen widmet sich #Zukunftsdenker und Onlinepionier J\u00f6rg #Eugster in seinem neuen Buch.","twitter_image":"https:\/\/www.organisator.ch\/wp-content\/uploads\/2017\/10\/Buchtipp-\u00dcbermorgen-eine-Zeitreise-in-unsere-digitale-Zukunft_Organisator.jpg","schema":{"@context":"https:\/\/schema.org","@graph":[{"@type":"Article","@id":"https:\/\/www.organisator.ch\/en\/general\/2017-10-31\/buchtipp-uebermorgen-eine-zeitreise-in-unsere-digitale-zukunft\/#article","isPartOf":{"@id":"https:\/\/www.organisator.ch\/en\/general\/2017-10-31\/buchtipp-uebermorgen-eine-zeitreise-in-unsere-digitale-zukunft\/"},"author":{"name":"thomas.berner","@id":"https:\/\/www.organisator.ch\/#\/schema\/person\/6f650f90b2842cd4c0cc334b4e36f67e"},"headline":"Buchtipp: \u00dcbermorgen &#8211; eine Zeitreise in unsere digitale Zukunft","datePublished":"2017-10-31T07:08:02+00:00","mainEntityOfPage":{"@id":"https:\/\/www.organisator.ch\/en\/general\/2017-10-31\/buchtipp-uebermorgen-eine-zeitreise-in-unsere-digitale-zukunft\/"},"wordCount":622,"commentCount":0,"publisher":{"@id":"https:\/\/www.organisator.ch\/#organization"},"image":{"@id":"https:\/\/www.organisator.ch\/en\/general\/2017-10-31\/buchtipp-uebermorgen-eine-zeitreise-in-unsere-digitale-zukunft\/#primaryimage"},"thumbnailUrl":"https:\/\/www.organisator.ch\/wp-content\/uploads\/2017\/10\/Unbenannt.jpg","keywords":["Buch","Buchtipps","Digitalisierung","Vermischtes"],"articleSection":["Allgemein"],"inLanguage":"en-US"},{"@type":"WebPage","@id":"https:\/\/www.organisator.ch\/en\/general\/2017-10-31\/buchtipp-uebermorgen-eine-zeitreise-in-unsere-digitale-zukunft\/","url":"https:\/\/www.organisator.ch\/en\/general\/2017-10-31\/buchtipp-uebermorgen-eine-zeitreise-in-unsere-digitale-zukunft\/","name":"Book tip: The day after tomorrow - a journey through time to our digital future - Organizer","isPartOf":{"@id":"https:\/\/www.organisator.ch\/#website"},"primaryImageOfPage":{"@id":"https:\/\/www.organisator.ch\/en\/general\/2017-10-31\/buchtipp-uebermorgen-eine-zeitreise-in-unsere-digitale-zukunft\/#primaryimage"},"image":{"@id":"https:\/\/www.organisator.ch\/en\/general\/2017-10-31\/buchtipp-uebermorgen-eine-zeitreise-in-unsere-digitale-zukunft\/#primaryimage"},"thumbnailUrl":"https:\/\/www.organisator.ch\/wp-content\/uploads\/2017\/10\/Unbenannt.jpg","datePublished":"2017-10-31T07:08:02+00:00","description":"The digital tsunami is coming. How should we act and react to it? Future thinker and online pioneer J\u00f6rg Eugster addresses these questions.","breadcrumb":{"@id":"https:\/\/www.organisator.ch\/en\/general\/2017-10-31\/buchtipp-uebermorgen-eine-zeitreise-in-unsere-digitale-zukunft\/#breadcrumb"},"inLanguage":"en-US","potentialAction":[{"@type":"ReadAction","target":["https:\/\/www.organisator.ch\/en\/general\/2017-10-31\/buchtipp-uebermorgen-eine-zeitreise-in-unsere-digitale-zukunft\/"]}]},{"@type":"ImageObject","inLanguage":"en-US","@id":"https:\/\/www.organisator.ch\/en\/general\/2017-10-31\/buchtipp-uebermorgen-eine-zeitreise-in-unsere-digitale-zukunft\/#primaryimage","url":"https:\/\/www.organisator.ch\/wp-content\/uploads\/2017\/10\/Unbenannt.jpg","contentUrl":"https:\/\/www.organisator.ch\/wp-content\/uploads\/2017\/10\/Unbenannt.jpg","width":617,"height":915},{"@type":"BreadcrumbList","@id":"https:\/\/www.organisator.ch\/en\/general\/2017-10-31\/buchtipp-uebermorgen-eine-zeitreise-in-unsere-digitale-zukunft\/#breadcrumb","itemListElement":[{"@type":"ListItem","position":1,"name":"Home","item":"https:\/\/www.organisator.ch\/"},{"@type":"ListItem","position":2,"name":"Buchtipp: \u00dcbermorgen &#8211; eine Zeitreise in unsere digitale Zukunft"}]},{"@type":"WebSite","@id":"https:\/\/www.organisator.ch\/#website","url":"https:\/\/www.organisator.ch\/","name":"Organizer","description":"Competent. Practical. In 10 issues per year, ORGANISATOR presents the essential topics for managers of SMEs.","publisher":{"@id":"https:\/\/www.organisator.ch\/#organization"},"potentialAction":[{"@type":"SearchAction","target":{"@type":"EntryPoint","urlTemplate":"https:\/\/www.organisator.ch\/?s={search_term_string}"},"query-input":{"@type":"PropertyValueSpecification","valueRequired":true,"valueName":"search_term_string"}}],"inLanguage":"en-US"},{"@type":"Organization","@id":"https:\/\/www.organisator.ch\/#organization","name":"Organizer","url":"https:\/\/www.organisator.ch\/","logo":{"@type":"ImageObject","inLanguage":"en-US","@id":"https:\/\/www.organisator.ch\/#\/schema\/logo\/image\/","url":"https:\/\/www.organisator.ch\/wp-content\/uploads\/2022\/01\/Logo_Organisator_Website.png","contentUrl":"https:\/\/www.organisator.ch\/wp-content\/uploads\/2022\/01\/Logo_Organisator_Website.png","width":800,"height":77,"caption":"Organisator"},"image":{"@id":"https:\/\/www.organisator.ch\/#\/schema\/logo\/image\/"},"sameAs":["https:\/\/www.facebook.com\/OrganisatorFachmagazin","https:\/\/www.linkedin.com\/showcase\/organisator-das-magazin-fr-kmu","https:\/\/www.xing.com\/news\/pages\/organisator-ch-695","https:\/\/www.youtube.com\/channel\/UCGP2Sq0iWaZwT3BdIAQFYpw"]},{"@type":"Person","@id":"https:\/\/www.organisator.ch\/#\/schema\/person\/6f650f90b2842cd4c0cc334b4e36f67e","name":"thomas.berner","image":{"@type":"ImageObject","inLanguage":"en-US","@id":"https:\/\/secure.gravatar.com\/avatar\/ac5001d2a36cb6c6cd3e50789007ffca834b477b74a2144564522e944eabff61?s=96&d=mm&r=g","url":"https:\/\/secure.gravatar.com\/avatar\/ac5001d2a36cb6c6cd3e50789007ffca834b477b74a2144564522e944eabff61?s=96&d=mm&r=g","contentUrl":"https:\/\/secure.gravatar.com\/avatar\/ac5001d2a36cb6c6cd3e50789007ffca834b477b74a2144564522e944eabff61?s=96&d=mm&r=g","caption":"thomas.berner"},"url":"https:\/\/www.organisator.ch\/en\/author\/thomas-berner\/"}]}},"_links":{"self":[{"href":"https:\/\/www.organisator.ch\/en\/wp-json\/wp\/v2\/posts\/2633","targetHints":{"allow":["GET"]}}],"collection":[{"href":"https:\/\/www.organisator.ch\/en\/wp-json\/wp\/v2\/posts"}],"about":[{"href":"https:\/\/www.organisator.ch\/en\/wp-json\/wp\/v2\/types\/post"}],"author":[{"embeddable":true,"href":"https:\/\/www.organisator.ch\/en\/wp-json\/wp\/v2\/users\/4"}],"replies":[{"embeddable":true,"href":"https:\/\/www.organisator.ch\/en\/wp-json\/wp\/v2\/comments?post=2633"}],"version-history":[{"count":0,"href":"https:\/\/www.organisator.ch\/en\/wp-json\/wp\/v2\/posts\/2633\/revisions"}],"wp:featuredmedia":[{"embeddable":true,"href":"https:\/\/www.organisator.ch\/en\/wp-json\/wp\/v2\/media\/2644"}],"wp:attachment":[{"href":"https:\/\/www.organisator.ch\/en\/wp-json\/wp\/v2\/media?parent=2633"}],"wp:term":[{"taxonomy":"category","embeddable":true,"href":"https:\/\/www.organisator.ch\/en\/wp-json\/wp\/v2\/categories?post=2633"},{"taxonomy":"post_tag","embeddable":true,"href":"https:\/\/www.organisator.ch\/en\/wp-json\/wp\/v2\/tags?post=2633"}],"curies":[{"name":"wp","href":"https:\/\/api.w.org\/{rel}","templated":true}]}}