{"id":26359,"date":"2024-04-20T21:18:00","date_gmt":"2024-04-20T19:18:00","guid":{"rendered":"https:\/\/www.organisator.ch\/de\/?p=26359"},"modified":"2024-04-10T10:22:17","modified_gmt":"2024-04-10T08:22:17","slug":"bildungsberatung-die-richtigen-leute-im-richtigen-programm-haben","status":"publish","type":"post","link":"https:\/\/www.organisator.ch\/en\/weiterbildung\/2024-04-20\/bildungsberatung-die-richtigen-leute-im-richtigen-programm-haben\/","title":{"rendered":"Educational guidance: \"Having the right people in the right program\""},"content":{"rendered":"<div class=\"swpm-post-not-logged-in-msg\">You need to be logged in to view this content. Please <a class=\"swpm-login-link\" href=\"https:\/\/www.organisator.ch\/login\/\">Log In<\/a>. Not a Member? <a href=\"https:\/\/www.organisator.ch\/shop\/\">Join Us<\/a><\/div>","protected":false},"excerpt":{"rendered":"<p>There is a wide range of further training courses on offer, so it can be difficult to choose. Most educational institutes offer appropriate advice. However, this is not just about the content of further training courses, but increasingly also about personal issues.<\/p>","protected":false},"author":1,"featured_media":26358,"comment_status":"closed","ping_status":"closed","sticky":false,"template":"","format":"standard","meta":{"_acf_changed":false,"_yoast_wpseo_focuskw":"Bildungsberatung","_yoast_wpseo_metadesc":"Das Angebot an Weiterbildungen ist gross, da kann einem die Auswahl schon mal etwas schwerfallen. Bildungsberatung hilft weiter.","articlekey":"92932","footnotes":""},"categories":[578,30],"tags":[62,4179,4180,335],"class_list":["post-26359","post","type-post","status-publish","format-standard","has-post-thumbnail","hentry","category-abo","category-weiterbildung","tag-aus-weiterbildung","tag-bildungsberatung","tag-hochschulen","tag-management-und-unternehmensfuehrung"],"acf":[],"yoast_head":"<!-- This site is optimized with the Yoast SEO plugin v27.4 - https:\/\/yoast.com\/product\/yoast-seo-wordpress\/ -->\n<title>Bildungsberatung: \u00abDie richtigen Leute im richtigen Programm haben\u00bb - Organisator<\/title>\n<meta name=\"description\" content=\"Das Angebot an Weiterbildungen ist gross, da kann einem die Auswahl schon mal etwas schwerfallen. Bildungsberatung hilft weiter.\" \/>\n<meta name=\"robots\" content=\"index, follow, max-snippet:-1, max-image-preview:large, max-video-preview:-1\" \/>\n<link rel=\"canonical\" href=\"https:\/\/www.organisator.ch\/en\/further-education\/2024-04-20\/bildungsberatung-die-richtigen-leute-im-richtigen-programm-haben\/\" \/>\n<meta property=\"og:locale\" content=\"en_US\" \/>\n<meta property=\"og:type\" content=\"article\" \/>\n<meta property=\"og:title\" content=\"Bildungsberatung: \u00abDie richtigen Leute im richtigen Programm haben\u00bb - Organisator\" \/>\n<meta property=\"og:description\" content=\"Das Angebot an Weiterbildungen ist gross, da kann einem die Auswahl schon mal etwas schwerfallen. Bildungsberatung hilft weiter.\" \/>\n<meta property=\"og:url\" content=\"https:\/\/www.organisator.ch\/en\/further-education\/2024-04-20\/bildungsberatung-die-richtigen-leute-im-richtigen-programm-haben\/\" \/>\n<meta property=\"og:site_name\" content=\"Organisator\" \/>\n<meta property=\"article:publisher\" content=\"https:\/\/www.facebook.com\/OrganisatorFachmagazin\" \/>\n<meta property=\"article:published_time\" content=\"2024-04-20T19:18:00+00:00\" \/>\n<meta property=\"og:image\" content=\"https:\/\/www.organisator.ch\/wp-content\/uploads\/2024\/04\/Weiterbildung_Init-Benz_Bild_NEU_organisator_94854.jpg\" \/>\n\t<meta property=\"og:image:width\" content=\"1384\" \/>\n\t<meta property=\"og:image:height\" content=\"974\" \/>\n\t<meta property=\"og:image:type\" content=\"image\/jpeg\" \/>\n<meta name=\"author\" content=\"admin\" \/>\n<meta name=\"twitter:card\" content=\"summary_large_image\" \/>\n<script type=\"application\/ld+json\" class=\"yoast-schema-graph\">{\"@context\":\"https:\\\/\\\/schema.org\",\"@graph\":[{\"@type\":\"Article\",\"@id\":\"https:\\\/\\\/www.organisator.ch\\\/weiterbildung\\\/2024-04-20\\\/bildungsberatung-die-richtigen-leute-im-richtigen-programm-haben\\\/#article\",\"isPartOf\":{\"@id\":\"https:\\\/\\\/www.organisator.ch\\\/weiterbildung\\\/2024-04-20\\\/bildungsberatung-die-richtigen-leute-im-richtigen-programm-haben\\\/\"},\"author\":{\"name\":\"admin\",\"@id\":\"https:\\\/\\\/www.organisator.ch\\\/#\\\/schema\\\/person\\\/aa2bace6c5c5aad60102004a50c4eb1c\"},\"headline\":\"Bildungsberatung: \u00abDie richtigen Leute im richtigen Programm haben\u00bb\",\"datePublished\":\"2024-04-20T19:18:00+00:00\",\"mainEntityOfPage\":{\"@id\":\"https:\\\/\\\/www.organisator.ch\\\/weiterbildung\\\/2024-04-20\\\/bildungsberatung-die-richtigen-leute-im-richtigen-programm-haben\\\/\"},\"wordCount\":1733,\"publisher\":{\"@id\":\"https:\\\/\\\/www.organisator.ch\\\/#organization\"},\"image\":{\"@id\":\"https:\\\/\\\/www.organisator.ch\\\/weiterbildung\\\/2024-04-20\\\/bildungsberatung-die-richtigen-leute-im-richtigen-programm-haben\\\/#primaryimage\"},\"thumbnailUrl\":\"https:\\\/\\\/www.organisator.ch\\\/wp-content\\\/uploads\\\/2024\\\/04\\\/Weiterbildung_Init-Benz_Bild_NEU_organisator_94854.jpg\",\"keywords\":[\"Aus-\\\/Weiterbildung\",\"Bildungsberatung\",\"Hochschulen\",\"Management und Unternehmensf\u00fchrung\"],\"articleSection\":[\"ABO+\",\"WEITERBILDUNG\"],\"inLanguage\":\"en-US\"},{\"@type\":\"WebPage\",\"@id\":\"https:\\\/\\\/www.organisator.ch\\\/weiterbildung\\\/2024-04-20\\\/bildungsberatung-die-richtigen-leute-im-richtigen-programm-haben\\\/\",\"url\":\"https:\\\/\\\/www.organisator.ch\\\/weiterbildung\\\/2024-04-20\\\/bildungsberatung-die-richtigen-leute-im-richtigen-programm-haben\\\/\",\"name\":\"Bildungsberatung: \u00abDie richtigen Leute im richtigen Programm haben\u00bb - Organisator\",\"isPartOf\":{\"@id\":\"https:\\\/\\\/www.organisator.ch\\\/#website\"},\"primaryImageOfPage\":{\"@id\":\"https:\\\/\\\/www.organisator.ch\\\/weiterbildung\\\/2024-04-20\\\/bildungsberatung-die-richtigen-leute-im-richtigen-programm-haben\\\/#primaryimage\"},\"image\":{\"@id\":\"https:\\\/\\\/www.organisator.ch\\\/weiterbildung\\\/2024-04-20\\\/bildungsberatung-die-richtigen-leute-im-richtigen-programm-haben\\\/#primaryimage\"},\"thumbnailUrl\":\"https:\\\/\\\/www.organisator.ch\\\/wp-content\\\/uploads\\\/2024\\\/04\\\/Weiterbildung_Init-Benz_Bild_NEU_organisator_94854.jpg\",\"datePublished\":\"2024-04-20T19:18:00+00:00\",\"description\":\"Das Angebot an Weiterbildungen ist gross, da kann einem die Auswahl schon mal etwas schwerfallen. Bildungsberatung hilft weiter.\",\"breadcrumb\":{\"@id\":\"https:\\\/\\\/www.organisator.ch\\\/weiterbildung\\\/2024-04-20\\\/bildungsberatung-die-richtigen-leute-im-richtigen-programm-haben\\\/#breadcrumb\"},\"inLanguage\":\"en-US\",\"potentialAction\":[{\"@type\":\"ReadAction\",\"target\":[\"https:\\\/\\\/www.organisator.ch\\\/weiterbildung\\\/2024-04-20\\\/bildungsberatung-die-richtigen-leute-im-richtigen-programm-haben\\\/\"]}]},{\"@type\":\"ImageObject\",\"inLanguage\":\"en-US\",\"@id\":\"https:\\\/\\\/www.organisator.ch\\\/weiterbildung\\\/2024-04-20\\\/bildungsberatung-die-richtigen-leute-im-richtigen-programm-haben\\\/#primaryimage\",\"url\":\"https:\\\/\\\/www.organisator.ch\\\/wp-content\\\/uploads\\\/2024\\\/04\\\/Weiterbildung_Init-Benz_Bild_NEU_organisator_94854.jpg\",\"contentUrl\":\"https:\\\/\\\/www.organisator.ch\\\/wp-content\\\/uploads\\\/2024\\\/04\\\/Weiterbildung_Init-Benz_Bild_NEU_organisator_94854.jpg\",\"width\":1384,\"height\":974,\"caption\":\"Lisa Marie Benz: \u00abIch glaube, dass eine Beratung sehr stark helfen kann, die eigenen Ziele zu sch\u00e4rfen.\u00bb \u00a9 KMU-HSG\"},{\"@type\":\"BreadcrumbList\",\"@id\":\"https:\\\/\\\/www.organisator.ch\\\/weiterbildung\\\/2024-04-20\\\/bildungsberatung-die-richtigen-leute-im-richtigen-programm-haben\\\/#breadcrumb\",\"itemListElement\":[{\"@type\":\"ListItem\",\"position\":1,\"name\":\"Home\",\"item\":\"https:\\\/\\\/www.organisator.ch\\\/\"},{\"@type\":\"ListItem\",\"position\":2,\"name\":\"Bildungsberatung: \u00abDie richtigen Leute im richtigen Programm haben\u00bb\"}]},{\"@type\":\"WebSite\",\"@id\":\"https:\\\/\\\/www.organisator.ch\\\/#website\",\"url\":\"https:\\\/\\\/www.organisator.ch\\\/\",\"name\":\"Organisator\",\"description\":\"Kompetent. Praxisnah. Der ORGANISATOR bereitet in 10 Ausgaben pro Jahr die wesentlichen Themen f\u00fcr F\u00fchrungskr\u00e4fte von KMU auf.\",\"publisher\":{\"@id\":\"https:\\\/\\\/www.organisator.ch\\\/#organization\"},\"potentialAction\":[{\"@type\":\"SearchAction\",\"target\":{\"@type\":\"EntryPoint\",\"urlTemplate\":\"https:\\\/\\\/www.organisator.ch\\\/?s={search_term_string}\"},\"query-input\":{\"@type\":\"PropertyValueSpecification\",\"valueRequired\":true,\"valueName\":\"search_term_string\"}}],\"inLanguage\":\"en-US\"},{\"@type\":\"Organization\",\"@id\":\"https:\\\/\\\/www.organisator.ch\\\/#organization\",\"name\":\"Organisator\",\"url\":\"https:\\\/\\\/www.organisator.ch\\\/\",\"logo\":{\"@type\":\"ImageObject\",\"inLanguage\":\"en-US\",\"@id\":\"https:\\\/\\\/www.organisator.ch\\\/#\\\/schema\\\/logo\\\/image\\\/\",\"url\":\"https:\\\/\\\/www.organisator.ch\\\/wp-content\\\/uploads\\\/2022\\\/01\\\/Logo_Organisator_Website.png\",\"contentUrl\":\"https:\\\/\\\/www.organisator.ch\\\/wp-content\\\/uploads\\\/2022\\\/01\\\/Logo_Organisator_Website.png\",\"width\":800,\"height\":77,\"caption\":\"Organisator\"},\"image\":{\"@id\":\"https:\\\/\\\/www.organisator.ch\\\/#\\\/schema\\\/logo\\\/image\\\/\"},\"sameAs\":[\"https:\\\/\\\/www.facebook.com\\\/OrganisatorFachmagazin\",\"https:\\\/\\\/www.linkedin.com\\\/showcase\\\/organisator-das-magazin-fr-kmu\",\"https:\\\/\\\/www.xing.com\\\/news\\\/pages\\\/organisator-ch-695\",\"https:\\\/\\\/www.youtube.com\\\/channel\\\/UCGP2Sq0iWaZwT3BdIAQFYpw\"]},{\"@type\":\"Person\",\"@id\":\"https:\\\/\\\/www.organisator.ch\\\/#\\\/schema\\\/person\\\/aa2bace6c5c5aad60102004a50c4eb1c\",\"name\":\"admin\",\"image\":{\"@type\":\"ImageObject\",\"inLanguage\":\"en-US\",\"@id\":\"https:\\\/\\\/secure.gravatar.com\\\/avatar\\\/ae2f4d718e6c49043e314ce431e7e645d646302a24a5ef5a8bc8e3f5a032e319?s=96&d=mm&r=g\",\"url\":\"https:\\\/\\\/secure.gravatar.com\\\/avatar\\\/ae2f4d718e6c49043e314ce431e7e645d646302a24a5ef5a8bc8e3f5a032e319?s=96&d=mm&r=g\",\"contentUrl\":\"https:\\\/\\\/secure.gravatar.com\\\/avatar\\\/ae2f4d718e6c49043e314ce431e7e645d646302a24a5ef5a8bc8e3f5a032e319?s=96&d=mm&r=g\",\"caption\":\"admin\"},\"sameAs\":[\"https:\\\/\\\/www.organisator.ch\"],\"url\":\"https:\\\/\\\/www.organisator.ch\\\/en\\\/author\\\/admin\\\/\"}]}<\/script>\n<!-- \/ Yoast SEO plugin. -->","yoast_head_json":{"title":"Educational consulting: \"Having the right people in the right program\" - Organizer","description":"There is a wide range of further education courses on offer, so it can be difficult to choose. Educational guidance can help.","robots":{"index":"index","follow":"follow","max-snippet":"max-snippet:-1","max-image-preview":"max-image-preview:large","max-video-preview":"max-video-preview:-1"},"canonical":"https:\/\/www.organisator.ch\/en\/further-education\/2024-04-20\/bildungsberatung-die-richtigen-leute-im-richtigen-programm-haben\/","og_locale":"en_US","og_type":"article","og_title":"Bildungsberatung: \u00abDie richtigen Leute im richtigen Programm haben\u00bb - Organisator","og_description":"Das Angebot an Weiterbildungen ist gross, da kann einem die Auswahl schon mal etwas schwerfallen. Bildungsberatung hilft weiter.","og_url":"https:\/\/www.organisator.ch\/en\/further-education\/2024-04-20\/bildungsberatung-die-richtigen-leute-im-richtigen-programm-haben\/","og_site_name":"Organisator","article_publisher":"https:\/\/www.facebook.com\/OrganisatorFachmagazin","article_published_time":"2024-04-20T19:18:00+00:00","og_image":[{"width":1384,"height":974,"url":"https:\/\/www.organisator.ch\/wp-content\/uploads\/2024\/04\/Weiterbildung_Init-Benz_Bild_NEU_organisator_94854.jpg","type":"image\/jpeg"}],"author":"admin","twitter_card":"summary_large_image","schema":{"@context":"https:\/\/schema.org","@graph":[{"@type":"Article","@id":"https:\/\/www.organisator.ch\/weiterbildung\/2024-04-20\/bildungsberatung-die-richtigen-leute-im-richtigen-programm-haben\/#article","isPartOf":{"@id":"https:\/\/www.organisator.ch\/weiterbildung\/2024-04-20\/bildungsberatung-die-richtigen-leute-im-richtigen-programm-haben\/"},"author":{"name":"admin","@id":"https:\/\/www.organisator.ch\/#\/schema\/person\/aa2bace6c5c5aad60102004a50c4eb1c"},"headline":"Bildungsberatung: \u00abDie richtigen Leute im richtigen Programm haben\u00bb","datePublished":"2024-04-20T19:18:00+00:00","mainEntityOfPage":{"@id":"https:\/\/www.organisator.ch\/weiterbildung\/2024-04-20\/bildungsberatung-die-richtigen-leute-im-richtigen-programm-haben\/"},"wordCount":1733,"publisher":{"@id":"https:\/\/www.organisator.ch\/#organization"},"image":{"@id":"https:\/\/www.organisator.ch\/weiterbildung\/2024-04-20\/bildungsberatung-die-richtigen-leute-im-richtigen-programm-haben\/#primaryimage"},"thumbnailUrl":"https:\/\/www.organisator.ch\/wp-content\/uploads\/2024\/04\/Weiterbildung_Init-Benz_Bild_NEU_organisator_94854.jpg","keywords":["Aus-\/Weiterbildung","Bildungsberatung","Hochschulen","Management und Unternehmensf\u00fchrung"],"articleSection":["ABO+","WEITERBILDUNG"],"inLanguage":"en-US"},{"@type":"WebPage","@id":"https:\/\/www.organisator.ch\/weiterbildung\/2024-04-20\/bildungsberatung-die-richtigen-leute-im-richtigen-programm-haben\/","url":"https:\/\/www.organisator.ch\/weiterbildung\/2024-04-20\/bildungsberatung-die-richtigen-leute-im-richtigen-programm-haben\/","name":"Educational consulting: \"Having the right people in the right program\" - Organizer","isPartOf":{"@id":"https:\/\/www.organisator.ch\/#website"},"primaryImageOfPage":{"@id":"https:\/\/www.organisator.ch\/weiterbildung\/2024-04-20\/bildungsberatung-die-richtigen-leute-im-richtigen-programm-haben\/#primaryimage"},"image":{"@id":"https:\/\/www.organisator.ch\/weiterbildung\/2024-04-20\/bildungsberatung-die-richtigen-leute-im-richtigen-programm-haben\/#primaryimage"},"thumbnailUrl":"https:\/\/www.organisator.ch\/wp-content\/uploads\/2024\/04\/Weiterbildung_Init-Benz_Bild_NEU_organisator_94854.jpg","datePublished":"2024-04-20T19:18:00+00:00","description":"There is a wide range of further education courses on offer, so it can be difficult to choose. Educational guidance can help.","breadcrumb":{"@id":"https:\/\/www.organisator.ch\/weiterbildung\/2024-04-20\/bildungsberatung-die-richtigen-leute-im-richtigen-programm-haben\/#breadcrumb"},"inLanguage":"en-US","potentialAction":[{"@type":"ReadAction","target":["https:\/\/www.organisator.ch\/weiterbildung\/2024-04-20\/bildungsberatung-die-richtigen-leute-im-richtigen-programm-haben\/"]}]},{"@type":"ImageObject","inLanguage":"en-US","@id":"https:\/\/www.organisator.ch\/weiterbildung\/2024-04-20\/bildungsberatung-die-richtigen-leute-im-richtigen-programm-haben\/#primaryimage","url":"https:\/\/www.organisator.ch\/wp-content\/uploads\/2024\/04\/Weiterbildung_Init-Benz_Bild_NEU_organisator_94854.jpg","contentUrl":"https:\/\/www.organisator.ch\/wp-content\/uploads\/2024\/04\/Weiterbildung_Init-Benz_Bild_NEU_organisator_94854.jpg","width":1384,"height":974,"caption":"Lisa Marie Benz: \u00abIch glaube, dass eine Beratung sehr stark helfen kann, die eigenen Ziele zu sch\u00e4rfen.\u00bb \u00a9 KMU-HSG"},{"@type":"BreadcrumbList","@id":"https:\/\/www.organisator.ch\/weiterbildung\/2024-04-20\/bildungsberatung-die-richtigen-leute-im-richtigen-programm-haben\/#breadcrumb","itemListElement":[{"@type":"ListItem","position":1,"name":"Home","item":"https:\/\/www.organisator.ch\/"},{"@type":"ListItem","position":2,"name":"Bildungsberatung: \u00abDie richtigen Leute im richtigen Programm haben\u00bb"}]},{"@type":"WebSite","@id":"https:\/\/www.organisator.ch\/#website","url":"https:\/\/www.organisator.ch\/","name":"Organizer","description":"Competent. Practical. In 10 issues per year, ORGANISATOR presents the essential topics for managers of SMEs.","publisher":{"@id":"https:\/\/www.organisator.ch\/#organization"},"potentialAction":[{"@type":"SearchAction","target":{"@type":"EntryPoint","urlTemplate":"https:\/\/www.organisator.ch\/?s={search_term_string}"},"query-input":{"@type":"PropertyValueSpecification","valueRequired":true,"valueName":"search_term_string"}}],"inLanguage":"en-US"},{"@type":"Organization","@id":"https:\/\/www.organisator.ch\/#organization","name":"Organizer","url":"https:\/\/www.organisator.ch\/","logo":{"@type":"ImageObject","inLanguage":"en-US","@id":"https:\/\/www.organisator.ch\/#\/schema\/logo\/image\/","url":"https:\/\/www.organisator.ch\/wp-content\/uploads\/2022\/01\/Logo_Organisator_Website.png","contentUrl":"https:\/\/www.organisator.ch\/wp-content\/uploads\/2022\/01\/Logo_Organisator_Website.png","width":800,"height":77,"caption":"Organisator"},"image":{"@id":"https:\/\/www.organisator.ch\/#\/schema\/logo\/image\/"},"sameAs":["https:\/\/www.facebook.com\/OrganisatorFachmagazin","https:\/\/www.linkedin.com\/showcase\/organisator-das-magazin-fr-kmu","https:\/\/www.xing.com\/news\/pages\/organisator-ch-695","https:\/\/www.youtube.com\/channel\/UCGP2Sq0iWaZwT3BdIAQFYpw"]},{"@type":"Person","@id":"https:\/\/www.organisator.ch\/#\/schema\/person\/aa2bace6c5c5aad60102004a50c4eb1c","name":"admin","image":{"@type":"ImageObject","inLanguage":"en-US","@id":"https:\/\/secure.gravatar.com\/avatar\/ae2f4d718e6c49043e314ce431e7e645d646302a24a5ef5a8bc8e3f5a032e319?s=96&d=mm&r=g","url":"https:\/\/secure.gravatar.com\/avatar\/ae2f4d718e6c49043e314ce431e7e645d646302a24a5ef5a8bc8e3f5a032e319?s=96&d=mm&r=g","contentUrl":"https:\/\/secure.gravatar.com\/avatar\/ae2f4d718e6c49043e314ce431e7e645d646302a24a5ef5a8bc8e3f5a032e319?s=96&d=mm&r=g","caption":"admin"},"sameAs":["https:\/\/www.organisator.ch"],"url":"https:\/\/www.organisator.ch\/en\/author\/admin\/"}]}},"_links":{"self":[{"href":"https:\/\/www.organisator.ch\/en\/wp-json\/wp\/v2\/posts\/26359","targetHints":{"allow":["GET"]}}],"collection":[{"href":"https:\/\/www.organisator.ch\/en\/wp-json\/wp\/v2\/posts"}],"about":[{"href":"https:\/\/www.organisator.ch\/en\/wp-json\/wp\/v2\/types\/post"}],"author":[{"embeddable":true,"href":"https:\/\/www.organisator.ch\/en\/wp-json\/wp\/v2\/users\/1"}],"replies":[{"embeddable":true,"href":"https:\/\/www.organisator.ch\/en\/wp-json\/wp\/v2\/comments?post=26359"}],"version-history":[{"count":2,"href":"https:\/\/www.organisator.ch\/en\/wp-json\/wp\/v2\/posts\/26359\/revisions"}],"predecessor-version":[{"id":26407,"href":"https:\/\/www.organisator.ch\/en\/wp-json\/wp\/v2\/posts\/26359\/revisions\/26407"}],"wp:featuredmedia":[{"embeddable":true,"href":"https:\/\/www.organisator.ch\/en\/wp-json\/wp\/v2\/media\/26358"}],"wp:attachment":[{"href":"https:\/\/www.organisator.ch\/en\/wp-json\/wp\/v2\/media?parent=26359"}],"wp:term":[{"taxonomy":"category","embeddable":true,"href":"https:\/\/www.organisator.ch\/en\/wp-json\/wp\/v2\/categories?post=26359"},{"taxonomy":"post_tag","embeddable":true,"href":"https:\/\/www.organisator.ch\/en\/wp-json\/wp\/v2\/tags?post=26359"}],"curies":[{"name":"wp","href":"https:\/\/api.w.org\/{rel}","templated":true}]}}