{"id":2645,"date":"2019-11-26T13:45:20","date_gmt":"2019-11-26T12:45:20","guid":{"rendered":"https:\/\/www.umweltperspektiven.ch\/?p=2645"},"modified":"2022-02-09T11:05:35","modified_gmt":"2022-02-09T10:05:35","slug":"dafuer-und-dawider-pflichtpfands-auf-getraenkedosen-und-getraenkeflaschen","status":"publish","type":"post","link":"https:\/\/www.organisator.ch\/en\/sustainability\/2019-11-26\/dafuer-und-dawider-pflichtpfands-auf-getraenkedosen-und-getraenkeflaschen\/","title":{"rendered":"For and against: mandatory deposit on beverage cans and beverage bottles"},"content":{"rendered":"<p>&nbsp;<\/p>\n<figure id=\"attachment_2646\" aria-describedby=\"caption-attachment-2646\" style=\"width: 346px\" class=\"wp-caption alignnone\"><img loading=\"lazy\" decoding=\"async\" class=\"size-full wp-image-2646\" src=\"\/\/www.umweltperspektiven.ch\/wp-content\/uploads\/2019\/11\/Pfandflasche.jpg\" alt=\"\" width=\"346\" height=\"231\" srcset=\"https:\/\/www.organisator.ch\/wp-content\/uploads\/2019\/11\/Pfandflasche.jpg 346w, https:\/\/www.organisator.ch\/wp-content\/uploads\/2019\/11\/Pfandflasche-18x12.jpg 18w, https:\/\/www.organisator.ch\/wp-content\/uploads\/2019\/11\/Pfandflasche-262x175.jpg 262w, https:\/\/www.organisator.ch\/wp-content\/uploads\/2019\/11\/Pfandflasche-300x200.jpg 300w\" sizes=\"auto, (max-width: 346px) 100vw, 346px\" \/><figcaption id=\"caption-attachment-2646\" class=\"wp-caption-text\">Quantities of plastic are currently being debated in Parliament. (Symbol image: Unplash)<\/figcaption><\/figure>\n<p>National Councilor Alois Gm\u00fcr (CVP, SZ) wants to combat littering and reduce the consumption of resources from beverage containers by imposing a deposit on beverage cans and bottles. To this end, he has submitted a parliamentary initiative on June 21, 2019. In view of the many misinformation about the deposit, the umbrella organization Swiss Recycling felt compelled to examine the current facts and compile them in a report.<\/p>\n<p><strong>Change in the take-back system does not create any ecological added value<\/strong><br \/>\nThe deposit is used to organize the collection. It is a financial incentive to ensure that beverage containers are returned undamaged to a collection point - normally a deposit machine. A deposit is therefore essential for reusable systems. However, a deposit can also be levied on disposable packaging (\"one-way deposit\"), which would have to be done as a result of Alois Gm\u00fcr's parliamentary initiative.<br \/>\nThe deposit itself has no influence on whether a used beverage container is refilled or recycled. Experience from other countries (e.g., Germany) also shows that the introduction of a deposit does not lead to an increase in the proportion of reusable containers. The deposit has no influence on resource consumption.<\/p>\n<p><strong>Consumers lose<\/strong><br \/>\nWith a mandatory deposit, the return of packaging is only possible at points of sale - i.e. in retail stores during normal opening hours. Because the deposit could also only be paid out there. This means that the popular collection points at train stations, at municipalities, in offices, schools and leisure facilities would disappear. The number of return options would drop from 100,000 today to around 7,000. Swiss Recycling has shown what this would mean in concrete terms using comparative maps of the Basel, Geneva, Lugano, St. Gallen and Zurich regions. The loss of collection points would be particularly noticeable in on-the-go consumption, in the evenings and in rural regions with few retailers. For consumers, recycling would become much more cumbersome. Swiss Recycling therefore assumes that neither an increase in collection volumes nor a noticeable reduction in the littering problem can be expected as a result.<br \/>\n<strong>\u00a0<\/strong><br \/>\n<strong>Conclusion: The deposit is not a solution for Switzerland<\/strong><br \/>\nSwiss Recycling concludes that the argumentation of the deposit advocates does not stand up to current scientific findings. For countries without functioning take-back systems, the deposit can be a suitable instrument to promote collection. For Switzerland, however, with its highly developed recycling systems, the deposit is not a suitable instrument to reduce littering or resource consumption. Due to the expensive and maintenance-intensive deposit machines, the cost of taking back beverage containers would increase massively. The cost-benefit ratio for recycling beverage containers would decrease in return. Swiss Recycling therefore recommends that Parliament reject Alois Gm\u00fcr's parliamentary initiative.<\/p>\n<p><a href=\"\/\/www.swissrecycling.ch\">www.swissrecycling.ch<\/a><\/p>","protected":false},"excerpt":{"rendered":"<p>&nbsp; Nationalrat Alois Gm\u00fcr (CVP, SZ) will mit einem Pfand auf Getr\u00e4nkedosen und -flaschen das Littering bek\u00e4mpfen und den Ressourcenverbrauch von Getr\u00e4nkeverpackungen reduzieren. Daf\u00fcr hat er am 21. Juni 2019 eine parlamentarische Initiative eingereicht. In Anbetracht der vielen Fehlinformationen zum Pfand sah sich die Dachorganisation Swiss Recycling veranlasst, die aktuelle Faktenlage zu pr\u00fcfen und in [&hellip;]<\/p>\n","protected":false},"author":5,"featured_media":2646,"comment_status":"open","ping_status":"open","sticky":false,"template":"","format":"standard","meta":{"_acf_changed":false,"_yoast_wpseo_focuskw":"Pfand","_yoast_wpseo_metadesc":"Ein Vorstoss im Nationalrat fordert ein Pflichtpfand auf alle Getr\u00e4nkedosen und -flaschen. Swiss Recycling hat die Auswirkungen des Pfandes untersucht.","articlekey":"","footnotes":""},"categories":[580],"tags":[1900,1917,1987,424],"class_list":["post-2645","post","type-post","status-publish","format-standard","has-post-thumbnail","hentry","category-sustainability","tag-pfand","tag-plastik","tag-recycling","tag-schweiz"],"acf":[],"yoast_head":"<!-- This site is optimized with the Yoast SEO plugin v27.5 - https:\/\/yoast.com\/product\/yoast-seo-wordpress\/ -->\n<title>Daf\u00fcr und dawider: Pflichtpfands auf Getr\u00e4nkedosen und Getr\u00e4nkeflaschen - Organisator<\/title>\n<meta name=\"description\" content=\"Ein Vorstoss im Nationalrat fordert ein Pflichtpfand auf alle Getr\u00e4nkedosen und -flaschen. Swiss Recycling hat die Auswirkungen des Pfandes untersucht.\" \/>\n<meta name=\"robots\" content=\"index, follow, max-snippet:-1, max-image-preview:large, max-video-preview:-1\" \/>\n<link rel=\"canonical\" href=\"https:\/\/www.organisator.ch\/en\/sustainability\/2019-11-26\/dafuer-und-dawider-pflichtpfands-auf-getraenkedosen-und-getraenkeflaschen\/\" \/>\n<meta property=\"og:locale\" content=\"en_US\" \/>\n<meta property=\"og:type\" content=\"article\" \/>\n<meta property=\"og:title\" content=\"Daf\u00fcr und dawider: Pflichtpfands auf Getr\u00e4nkedosen und Getr\u00e4nkeflaschen - Organisator\" \/>\n<meta property=\"og:description\" content=\"Ein Vorstoss im Nationalrat fordert ein Pflichtpfand auf alle Getr\u00e4nkedosen und -flaschen. Swiss Recycling hat die Auswirkungen des Pfandes untersucht.\" \/>\n<meta property=\"og:url\" content=\"https:\/\/www.organisator.ch\/en\/sustainability\/2019-11-26\/dafuer-und-dawider-pflichtpfands-auf-getraenkedosen-und-getraenkeflaschen\/\" \/>\n<meta property=\"og:site_name\" content=\"Organisator\" \/>\n<meta property=\"article:publisher\" content=\"https:\/\/www.facebook.com\/OrganisatorFachmagazin\" \/>\n<meta property=\"article:published_time\" content=\"2019-11-26T12:45:20+00:00\" \/>\n<meta property=\"article:modified_time\" content=\"2022-02-09T10:05:35+00:00\" \/>\n<meta property=\"og:image\" content=\"https:\/\/www.organisator.ch\/wp-content\/uploads\/2019\/11\/Pfandflasche.jpg\" \/>\n\t<meta property=\"og:image:width\" content=\"346\" \/>\n\t<meta property=\"og:image:height\" content=\"231\" \/>\n\t<meta property=\"og:image:type\" content=\"image\/jpeg\" \/>\n<meta name=\"author\" content=\"michael.merz\" \/>\n<meta name=\"twitter:card\" content=\"summary_large_image\" \/>\n<script type=\"application\/ld+json\" class=\"yoast-schema-graph\">{\"@context\":\"https:\\\/\\\/schema.org\",\"@graph\":[{\"@type\":\"Article\",\"@id\":\"https:\\\/\\\/www.organisator.ch\\\/sustainability\\\/2019-11-26\\\/dafuer-und-dawider-pflichtpfands-auf-getraenkedosen-und-getraenkeflaschen\\\/#article\",\"isPartOf\":{\"@id\":\"https:\\\/\\\/www.organisator.ch\\\/sustainability\\\/2019-11-26\\\/dafuer-und-dawider-pflichtpfands-auf-getraenkedosen-und-getraenkeflaschen\\\/\"},\"author\":{\"name\":\"michael.merz\",\"@id\":\"https:\\\/\\\/www.organisator.ch\\\/#\\\/schema\\\/person\\\/134708ca9321c57b0362cceb7948ffbd\"},\"headline\":\"Daf\u00fcr und dawider: Pflichtpfands auf Getr\u00e4nkedosen und Getr\u00e4nkeflaschen\",\"datePublished\":\"2019-11-26T12:45:20+00:00\",\"dateModified\":\"2022-02-09T10:05:35+00:00\",\"mainEntityOfPage\":{\"@id\":\"https:\\\/\\\/www.organisator.ch\\\/sustainability\\\/2019-11-26\\\/dafuer-und-dawider-pflichtpfands-auf-getraenkedosen-und-getraenkeflaschen\\\/\"},\"wordCount\":483,\"commentCount\":0,\"publisher\":{\"@id\":\"https:\\\/\\\/www.organisator.ch\\\/#organization\"},\"image\":{\"@id\":\"https:\\\/\\\/www.organisator.ch\\\/sustainability\\\/2019-11-26\\\/dafuer-und-dawider-pflichtpfands-auf-getraenkedosen-und-getraenkeflaschen\\\/#primaryimage\"},\"thumbnailUrl\":\"https:\\\/\\\/www.organisator.ch\\\/wp-content\\\/uploads\\\/2019\\\/11\\\/Pfandflasche.jpg\",\"keywords\":[\"Pfand\",\"Plastik\",\"Recycling\",\"Schweiz\"],\"articleSection\":[\"SUSTAINABILITY\"],\"inLanguage\":\"en-US\"},{\"@type\":\"WebPage\",\"@id\":\"https:\\\/\\\/www.organisator.ch\\\/sustainability\\\/2019-11-26\\\/dafuer-und-dawider-pflichtpfands-auf-getraenkedosen-und-getraenkeflaschen\\\/\",\"url\":\"https:\\\/\\\/www.organisator.ch\\\/sustainability\\\/2019-11-26\\\/dafuer-und-dawider-pflichtpfands-auf-getraenkedosen-und-getraenkeflaschen\\\/\",\"name\":\"Daf\u00fcr und dawider: Pflichtpfands auf Getr\u00e4nkedosen und Getr\u00e4nkeflaschen - Organisator\",\"isPartOf\":{\"@id\":\"https:\\\/\\\/www.organisator.ch\\\/#website\"},\"primaryImageOfPage\":{\"@id\":\"https:\\\/\\\/www.organisator.ch\\\/sustainability\\\/2019-11-26\\\/dafuer-und-dawider-pflichtpfands-auf-getraenkedosen-und-getraenkeflaschen\\\/#primaryimage\"},\"image\":{\"@id\":\"https:\\\/\\\/www.organisator.ch\\\/sustainability\\\/2019-11-26\\\/dafuer-und-dawider-pflichtpfands-auf-getraenkedosen-und-getraenkeflaschen\\\/#primaryimage\"},\"thumbnailUrl\":\"https:\\\/\\\/www.organisator.ch\\\/wp-content\\\/uploads\\\/2019\\\/11\\\/Pfandflasche.jpg\",\"datePublished\":\"2019-11-26T12:45:20+00:00\",\"dateModified\":\"2022-02-09T10:05:35+00:00\",\"description\":\"Ein Vorstoss im Nationalrat fordert ein Pflichtpfand auf alle Getr\u00e4nkedosen und -flaschen. Swiss Recycling hat die Auswirkungen des Pfandes untersucht.\",\"breadcrumb\":{\"@id\":\"https:\\\/\\\/www.organisator.ch\\\/sustainability\\\/2019-11-26\\\/dafuer-und-dawider-pflichtpfands-auf-getraenkedosen-und-getraenkeflaschen\\\/#breadcrumb\"},\"inLanguage\":\"en-US\",\"potentialAction\":[{\"@type\":\"ReadAction\",\"target\":[\"https:\\\/\\\/www.organisator.ch\\\/sustainability\\\/2019-11-26\\\/dafuer-und-dawider-pflichtpfands-auf-getraenkedosen-und-getraenkeflaschen\\\/\"]}]},{\"@type\":\"ImageObject\",\"inLanguage\":\"en-US\",\"@id\":\"https:\\\/\\\/www.organisator.ch\\\/sustainability\\\/2019-11-26\\\/dafuer-und-dawider-pflichtpfands-auf-getraenkedosen-und-getraenkeflaschen\\\/#primaryimage\",\"url\":\"https:\\\/\\\/www.organisator.ch\\\/wp-content\\\/uploads\\\/2019\\\/11\\\/Pfandflasche.jpg\",\"contentUrl\":\"https:\\\/\\\/www.organisator.ch\\\/wp-content\\\/uploads\\\/2019\\\/11\\\/Pfandflasche.jpg\",\"width\":346,\"height\":231,\"caption\":\"Zurzeit wird im Parlament \u00fcber Mengen von Plastik diskutiert. (Symbolbild: Unplash)\"},{\"@type\":\"BreadcrumbList\",\"@id\":\"https:\\\/\\\/www.organisator.ch\\\/sustainability\\\/2019-11-26\\\/dafuer-und-dawider-pflichtpfands-auf-getraenkedosen-und-getraenkeflaschen\\\/#breadcrumb\",\"itemListElement\":[{\"@type\":\"ListItem\",\"position\":1,\"name\":\"Home\",\"item\":\"https:\\\/\\\/www.organisator.ch\\\/\"},{\"@type\":\"ListItem\",\"position\":2,\"name\":\"Daf\u00fcr und dawider: Pflichtpfands auf Getr\u00e4nkedosen und Getr\u00e4nkeflaschen\"}]},{\"@type\":\"WebSite\",\"@id\":\"https:\\\/\\\/www.organisator.ch\\\/#website\",\"url\":\"https:\\\/\\\/www.organisator.ch\\\/\",\"name\":\"Organisator\",\"description\":\"Kompetent. Praxisnah. Der ORGANISATOR bereitet in 10 Ausgaben pro Jahr die wesentlichen Themen f\u00fcr F\u00fchrungskr\u00e4fte von KMU auf.\",\"publisher\":{\"@id\":\"https:\\\/\\\/www.organisator.ch\\\/#organization\"},\"potentialAction\":[{\"@type\":\"SearchAction\",\"target\":{\"@type\":\"EntryPoint\",\"urlTemplate\":\"https:\\\/\\\/www.organisator.ch\\\/?s={search_term_string}\"},\"query-input\":{\"@type\":\"PropertyValueSpecification\",\"valueRequired\":true,\"valueName\":\"search_term_string\"}}],\"inLanguage\":\"en-US\"},{\"@type\":\"Organization\",\"@id\":\"https:\\\/\\\/www.organisator.ch\\\/#organization\",\"name\":\"Organisator\",\"url\":\"https:\\\/\\\/www.organisator.ch\\\/\",\"logo\":{\"@type\":\"ImageObject\",\"inLanguage\":\"en-US\",\"@id\":\"https:\\\/\\\/www.organisator.ch\\\/#\\\/schema\\\/logo\\\/image\\\/\",\"url\":\"https:\\\/\\\/www.organisator.ch\\\/wp-content\\\/uploads\\\/2022\\\/01\\\/Logo_Organisator_Website.png\",\"contentUrl\":\"https:\\\/\\\/www.organisator.ch\\\/wp-content\\\/uploads\\\/2022\\\/01\\\/Logo_Organisator_Website.png\",\"width\":800,\"height\":77,\"caption\":\"Organisator\"},\"image\":{\"@id\":\"https:\\\/\\\/www.organisator.ch\\\/#\\\/schema\\\/logo\\\/image\\\/\"},\"sameAs\":[\"https:\\\/\\\/www.facebook.com\\\/OrganisatorFachmagazin\",\"https:\\\/\\\/www.linkedin.com\\\/showcase\\\/organisator-das-magazin-fr-kmu\",\"https:\\\/\\\/www.xing.com\\\/news\\\/pages\\\/organisator-ch-695\",\"https:\\\/\\\/www.youtube.com\\\/channel\\\/UCGP2Sq0iWaZwT3BdIAQFYpw\"]},{\"@type\":\"Person\",\"@id\":\"https:\\\/\\\/www.organisator.ch\\\/#\\\/schema\\\/person\\\/134708ca9321c57b0362cceb7948ffbd\",\"name\":\"michael.merz\",\"image\":{\"@type\":\"ImageObject\",\"inLanguage\":\"en-US\",\"@id\":\"https:\\\/\\\/secure.gravatar.com\\\/avatar\\\/?s=96&d=mm&r=g\",\"url\":\"https:\\\/\\\/secure.gravatar.com\\\/avatar\\\/?s=96&d=mm&r=g\",\"contentUrl\":\"https:\\\/\\\/secure.gravatar.com\\\/avatar\\\/?s=96&d=mm&r=g\",\"caption\":\"michael.merz\"},\"url\":\"https:\\\/\\\/www.organisator.ch\\\/en\\\/author\\\/michael-merz\\\/\"}]}<\/script>\n<!-- \/ Yoast SEO plugin. -->","yoast_head_json":{"title":"For and against: mandatory deposit on beverage cans and bottles - Organizer","description":"A motion in the National Council calls for a mandatory deposit on all beverage cans and bottles. Swiss Recycling has investigated the effects of the deposit.","robots":{"index":"index","follow":"follow","max-snippet":"max-snippet:-1","max-image-preview":"max-image-preview:large","max-video-preview":"max-video-preview:-1"},"canonical":"https:\/\/www.organisator.ch\/en\/sustainability\/2019-11-26\/dafuer-und-dawider-pflichtpfands-auf-getraenkedosen-und-getraenkeflaschen\/","og_locale":"en_US","og_type":"article","og_title":"Daf\u00fcr und dawider: Pflichtpfands auf Getr\u00e4nkedosen und Getr\u00e4nkeflaschen - Organisator","og_description":"Ein Vorstoss im Nationalrat fordert ein Pflichtpfand auf alle Getr\u00e4nkedosen und -flaschen. Swiss Recycling hat die Auswirkungen des Pfandes untersucht.","og_url":"https:\/\/www.organisator.ch\/en\/sustainability\/2019-11-26\/dafuer-und-dawider-pflichtpfands-auf-getraenkedosen-und-getraenkeflaschen\/","og_site_name":"Organisator","article_publisher":"https:\/\/www.facebook.com\/OrganisatorFachmagazin","article_published_time":"2019-11-26T12:45:20+00:00","article_modified_time":"2022-02-09T10:05:35+00:00","og_image":[{"width":346,"height":231,"url":"https:\/\/www.organisator.ch\/wp-content\/uploads\/2019\/11\/Pfandflasche.jpg","type":"image\/jpeg"}],"author":"michael.merz","twitter_card":"summary_large_image","schema":{"@context":"https:\/\/schema.org","@graph":[{"@type":"Article","@id":"https:\/\/www.organisator.ch\/sustainability\/2019-11-26\/dafuer-und-dawider-pflichtpfands-auf-getraenkedosen-und-getraenkeflaschen\/#article","isPartOf":{"@id":"https:\/\/www.organisator.ch\/sustainability\/2019-11-26\/dafuer-und-dawider-pflichtpfands-auf-getraenkedosen-und-getraenkeflaschen\/"},"author":{"name":"michael.merz","@id":"https:\/\/www.organisator.ch\/#\/schema\/person\/134708ca9321c57b0362cceb7948ffbd"},"headline":"Daf\u00fcr und dawider: Pflichtpfands auf Getr\u00e4nkedosen und Getr\u00e4nkeflaschen","datePublished":"2019-11-26T12:45:20+00:00","dateModified":"2022-02-09T10:05:35+00:00","mainEntityOfPage":{"@id":"https:\/\/www.organisator.ch\/sustainability\/2019-11-26\/dafuer-und-dawider-pflichtpfands-auf-getraenkedosen-und-getraenkeflaschen\/"},"wordCount":483,"commentCount":0,"publisher":{"@id":"https:\/\/www.organisator.ch\/#organization"},"image":{"@id":"https:\/\/www.organisator.ch\/sustainability\/2019-11-26\/dafuer-und-dawider-pflichtpfands-auf-getraenkedosen-und-getraenkeflaschen\/#primaryimage"},"thumbnailUrl":"https:\/\/www.organisator.ch\/wp-content\/uploads\/2019\/11\/Pfandflasche.jpg","keywords":["Pfand","Plastik","Recycling","Schweiz"],"articleSection":["SUSTAINABILITY"],"inLanguage":"en-US"},{"@type":"WebPage","@id":"https:\/\/www.organisator.ch\/sustainability\/2019-11-26\/dafuer-und-dawider-pflichtpfands-auf-getraenkedosen-und-getraenkeflaschen\/","url":"https:\/\/www.organisator.ch\/sustainability\/2019-11-26\/dafuer-und-dawider-pflichtpfands-auf-getraenkedosen-und-getraenkeflaschen\/","name":"For and against: mandatory deposit on beverage cans and bottles - Organizer","isPartOf":{"@id":"https:\/\/www.organisator.ch\/#website"},"primaryImageOfPage":{"@id":"https:\/\/www.organisator.ch\/sustainability\/2019-11-26\/dafuer-und-dawider-pflichtpfands-auf-getraenkedosen-und-getraenkeflaschen\/#primaryimage"},"image":{"@id":"https:\/\/www.organisator.ch\/sustainability\/2019-11-26\/dafuer-und-dawider-pflichtpfands-auf-getraenkedosen-und-getraenkeflaschen\/#primaryimage"},"thumbnailUrl":"https:\/\/www.organisator.ch\/wp-content\/uploads\/2019\/11\/Pfandflasche.jpg","datePublished":"2019-11-26T12:45:20+00:00","dateModified":"2022-02-09T10:05:35+00:00","description":"A motion in the National Council calls for a mandatory deposit on all beverage cans and bottles. Swiss Recycling has investigated the effects of the deposit.","breadcrumb":{"@id":"https:\/\/www.organisator.ch\/sustainability\/2019-11-26\/dafuer-und-dawider-pflichtpfands-auf-getraenkedosen-und-getraenkeflaschen\/#breadcrumb"},"inLanguage":"en-US","potentialAction":[{"@type":"ReadAction","target":["https:\/\/www.organisator.ch\/sustainability\/2019-11-26\/dafuer-und-dawider-pflichtpfands-auf-getraenkedosen-und-getraenkeflaschen\/"]}]},{"@type":"ImageObject","inLanguage":"en-US","@id":"https:\/\/www.organisator.ch\/sustainability\/2019-11-26\/dafuer-und-dawider-pflichtpfands-auf-getraenkedosen-und-getraenkeflaschen\/#primaryimage","url":"https:\/\/www.organisator.ch\/wp-content\/uploads\/2019\/11\/Pfandflasche.jpg","contentUrl":"https:\/\/www.organisator.ch\/wp-content\/uploads\/2019\/11\/Pfandflasche.jpg","width":346,"height":231,"caption":"Zurzeit wird im Parlament \u00fcber Mengen von Plastik diskutiert. (Symbolbild: Unplash)"},{"@type":"BreadcrumbList","@id":"https:\/\/www.organisator.ch\/sustainability\/2019-11-26\/dafuer-und-dawider-pflichtpfands-auf-getraenkedosen-und-getraenkeflaschen\/#breadcrumb","itemListElement":[{"@type":"ListItem","position":1,"name":"Home","item":"https:\/\/www.organisator.ch\/"},{"@type":"ListItem","position":2,"name":"Daf\u00fcr und dawider: Pflichtpfands auf Getr\u00e4nkedosen und Getr\u00e4nkeflaschen"}]},{"@type":"WebSite","@id":"https:\/\/www.organisator.ch\/#website","url":"https:\/\/www.organisator.ch\/","name":"Organizer","description":"Competent. Practical. In 10 issues per year, ORGANISATOR presents the essential topics for managers of SMEs.","publisher":{"@id":"https:\/\/www.organisator.ch\/#organization"},"potentialAction":[{"@type":"SearchAction","target":{"@type":"EntryPoint","urlTemplate":"https:\/\/www.organisator.ch\/?s={search_term_string}"},"query-input":{"@type":"PropertyValueSpecification","valueRequired":true,"valueName":"search_term_string"}}],"inLanguage":"en-US"},{"@type":"Organization","@id":"https:\/\/www.organisator.ch\/#organization","name":"Organizer","url":"https:\/\/www.organisator.ch\/","logo":{"@type":"ImageObject","inLanguage":"en-US","@id":"https:\/\/www.organisator.ch\/#\/schema\/logo\/image\/","url":"https:\/\/www.organisator.ch\/wp-content\/uploads\/2022\/01\/Logo_Organisator_Website.png","contentUrl":"https:\/\/www.organisator.ch\/wp-content\/uploads\/2022\/01\/Logo_Organisator_Website.png","width":800,"height":77,"caption":"Organisator"},"image":{"@id":"https:\/\/www.organisator.ch\/#\/schema\/logo\/image\/"},"sameAs":["https:\/\/www.facebook.com\/OrganisatorFachmagazin","https:\/\/www.linkedin.com\/showcase\/organisator-das-magazin-fr-kmu","https:\/\/www.xing.com\/news\/pages\/organisator-ch-695","https:\/\/www.youtube.com\/channel\/UCGP2Sq0iWaZwT3BdIAQFYpw"]},{"@type":"Person","@id":"https:\/\/www.organisator.ch\/#\/schema\/person\/134708ca9321c57b0362cceb7948ffbd","name":"michael.merz","image":{"@type":"ImageObject","inLanguage":"en-US","@id":"https:\/\/secure.gravatar.com\/avatar\/?s=96&d=mm&r=g","url":"https:\/\/secure.gravatar.com\/avatar\/?s=96&d=mm&r=g","contentUrl":"https:\/\/secure.gravatar.com\/avatar\/?s=96&d=mm&r=g","caption":"michael.merz"},"url":"https:\/\/www.organisator.ch\/en\/author\/michael-merz\/"}]}},"_links":{"self":[{"href":"https:\/\/www.organisator.ch\/en\/wp-json\/wp\/v2\/posts\/2645","targetHints":{"allow":["GET"]}}],"collection":[{"href":"https:\/\/www.organisator.ch\/en\/wp-json\/wp\/v2\/posts"}],"about":[{"href":"https:\/\/www.organisator.ch\/en\/wp-json\/wp\/v2\/types\/post"}],"author":[{"embeddable":true,"href":"https:\/\/www.organisator.ch\/en\/wp-json\/wp\/v2\/users\/5"}],"replies":[{"embeddable":true,"href":"https:\/\/www.organisator.ch\/en\/wp-json\/wp\/v2\/comments?post=2645"}],"version-history":[{"count":1,"href":"https:\/\/www.organisator.ch\/en\/wp-json\/wp\/v2\/posts\/2645\/revisions"}],"predecessor-version":[{"id":10401,"href":"https:\/\/www.organisator.ch\/en\/wp-json\/wp\/v2\/posts\/2645\/revisions\/10401"}],"wp:featuredmedia":[{"embeddable":true,"href":"https:\/\/www.organisator.ch\/en\/wp-json\/wp\/v2\/media\/2646"}],"wp:attachment":[{"href":"https:\/\/www.organisator.ch\/en\/wp-json\/wp\/v2\/media?parent=2645"}],"wp:term":[{"taxonomy":"category","embeddable":true,"href":"https:\/\/www.organisator.ch\/en\/wp-json\/wp\/v2\/categories?post=2645"},{"taxonomy":"post_tag","embeddable":true,"href":"https:\/\/www.organisator.ch\/en\/wp-json\/wp\/v2\/tags?post=2645"}],"curies":[{"name":"wp","href":"https:\/\/api.w.org\/{rel}","templated":true}]}}