{"id":26502,"date":"2024-04-15T09:27:18","date_gmt":"2024-04-15T07:27:18","guid":{"rendered":"https:\/\/www.werbewoche.ch\/?p=213650"},"modified":"2024-11-11T07:14:38","modified_gmt":"2024-11-11T06:14:38","slug":"buehler-buehler-neues-branding-mit-webshop-fuer-trauerkranz-ch","status":"publish","type":"post","link":"https:\/\/www.organisator.ch\/en\/marketing\/2024-04-15\/buehler-buehler-neues-branding-mit-webshop-fuer-trauerkranz-ch\/","title":{"rendered":"B\u00fchler &amp; B\u00fchler: New branding with webshop for Trauerkranz.ch"},"content":{"rendered":"<p><img class=\"alignnone wp-image-213652 size-full\" src=\"https:\/\/www.werbewoche.ch\/wp-content\/uploads\/2024\/04\/Buehler2.jpg\" alt=\"Funeral floristry webshop\" width=\"1200\" height=\"696\" \/>Trauerkranz.ch is a new webshop for funeral floristry such as funeral wreaths, funeral arrangements and urn decorations. The brand is now being relaunched under the B\u00fchler &amp; B\u00fchler branding, including the webshop. And that requires a very special flair in this industry: \"Our service requires a great deal of empathy. We consider it a valuable task to be able to create something beautiful and comforting at the moment of farewell. The visual appearance should also reflect this,\" says Nicole Cartier. \"This starts with the autumnal color scheme, continues with the visual language and extends to the way we take users by the hand.\"<\/p>\r\n<p>The branding is intended to create space for a conciliatory mood and not focus on the product, but on the comforting power of flowers, combined with the symbolism of the wreath. A light monogram echoes the shape of the wreath and functions as a seal of quality for traditional craftsmanship.<\/p>\r\n<p><img class=\"alignnone size-full wp-image-213651\" src=\"https:\/\/www.werbewoche.ch\/wp-content\/uploads\/2024\/04\/Buehler.jpg\" alt=\"\" width=\"1200\" height=\"900\" \/><\/p>\r\n<hr \/>\r\n<p><strong>Responsible at Trauerkranz.ch:<\/strong> Nicole Cartier. <strong>Responsible at B\u00fchler &amp; B\u00fchler:<\/strong> Raphael B\u00fchler, Concept &amp; Creative Direction. Salvatore Viola, Design. Stefan Berdat, Programming (networking.ch).<\/p>","protected":false},"excerpt":{"rendered":"<p>Empathy is required here: the agency B\u00fchler &amp; B\u00fchler has developed a new image for the provider of funeral floristry that does not focus on the product.<\/p>","protected":false},"author":8,"featured_media":0,"comment_status":"closed","ping_status":"closed","sticky":false,"template":"","format":"standard","meta":{"_acf_changed":false,"_yoast_wpseo_focuskw":"Trauerfloristik Webshop","_yoast_wpseo_metadesc":"Trauerkranz.ch: Neuer Webshop f\u00fcr Trauerfloristik mit einf\u00fchlsamem Branding. Gestalten Sie Trostspendendes f\u00fcr Abschiede.","articlekey":"","footnotes":""},"categories":[29],"tags":[3912,2617],"class_list":["post-26502","post","type-post","status-publish","format-standard","hentry","category-marketing","tag-buehlerbuehler","tag-marken"],"acf":[],"yoast_head":"<!-- This site is optimized with the Yoast SEO plugin v27.5 - https:\/\/yoast.com\/product\/yoast-seo-wordpress\/ -->\n<title>B\u00fchler &amp; B\u00fchler: Neues Branding mit Webshop f\u00fcr Trauerkranz.ch - Organisator<\/title>\n<meta name=\"description\" content=\"Trauerkranz.ch: Neuer Webshop f\u00fcr Trauerfloristik mit einf\u00fchlsamem Branding. Gestalten Sie Trostspendendes f\u00fcr Abschiede.\" \/>\n<meta name=\"robots\" content=\"index, follow, max-snippet:-1, max-image-preview:large, max-video-preview:-1\" \/>\n<link rel=\"canonical\" href=\"https:\/\/www.organisator.ch\/en\/marketing\/2024-04-15\/buehler-buehler-neues-branding-mit-webshop-fuer-trauerkranz-ch\/\" \/>\n<meta property=\"og:locale\" content=\"en_US\" \/>\n<meta property=\"og:type\" content=\"article\" \/>\n<meta property=\"og:title\" content=\"B\u00fchler &amp; B\u00fchler: Neues Branding mit Webshop f\u00fcr Trauerkranz.ch - Organisator\" \/>\n<meta property=\"og:description\" content=\"Trauerkranz.ch: Neuer Webshop f\u00fcr Trauerfloristik mit einf\u00fchlsamem Branding. Gestalten Sie Trostspendendes f\u00fcr Abschiede.\" \/>\n<meta property=\"og:url\" content=\"https:\/\/www.organisator.ch\/en\/marketing\/2024-04-15\/buehler-buehler-neues-branding-mit-webshop-fuer-trauerkranz-ch\/\" \/>\n<meta property=\"og:site_name\" content=\"Organisator\" \/>\n<meta property=\"article:publisher\" content=\"https:\/\/www.facebook.com\/OrganisatorFachmagazin\" \/>\n<meta property=\"article:published_time\" content=\"2024-04-15T07:27:18+00:00\" \/>\n<meta property=\"article:modified_time\" content=\"2024-11-11T06:14:38+00:00\" \/>\n<meta property=\"og:image\" content=\"https:\/\/www.werbewoche.ch\/wp-content\/uploads\/2024\/04\/Buehler2.jpg\" \/>\n<meta name=\"author\" content=\"galledia\" \/>\n<meta name=\"twitter:card\" content=\"summary_large_image\" \/>\n<meta name=\"twitter:creator\" content=\"@admin\" \/>\n<script type=\"application\/ld+json\" class=\"yoast-schema-graph\">{\"@context\":\"https:\\\/\\\/schema.org\",\"@graph\":[{\"@type\":\"Article\",\"@id\":\"https:\\\/\\\/www.organisator.ch\\\/marketing\\\/2024-04-15\\\/buehler-buehler-neues-branding-mit-webshop-fuer-trauerkranz-ch\\\/#article\",\"isPartOf\":{\"@id\":\"https:\\\/\\\/www.organisator.ch\\\/marketing\\\/2024-04-15\\\/buehler-buehler-neues-branding-mit-webshop-fuer-trauerkranz-ch\\\/\"},\"author\":{\"name\":\"galledia\",\"@id\":\"https:\\\/\\\/www.organisator.ch\\\/#\\\/schema\\\/person\\\/4e51799071cd2dd1232ac003643ef5f0\"},\"headline\":\"B\u00fchler &amp; B\u00fchler: Neues Branding mit Webshop f\u00fcr Trauerkranz.ch\",\"datePublished\":\"2024-04-15T07:27:18+00:00\",\"dateModified\":\"2024-11-11T06:14:38+00:00\",\"mainEntityOfPage\":{\"@id\":\"https:\\\/\\\/www.organisator.ch\\\/marketing\\\/2024-04-15\\\/buehler-buehler-neues-branding-mit-webshop-fuer-trauerkranz-ch\\\/\"},\"wordCount\":188,\"publisher\":{\"@id\":\"https:\\\/\\\/www.organisator.ch\\\/#organization\"},\"image\":{\"@id\":\"https:\\\/\\\/www.organisator.ch\\\/marketing\\\/2024-04-15\\\/buehler-buehler-neues-branding-mit-webshop-fuer-trauerkranz-ch\\\/#primaryimage\"},\"thumbnailUrl\":\"https:\\\/\\\/www.werbewoche.ch\\\/wp-content\\\/uploads\\\/2024\\\/04\\\/Buehler2.jpg\",\"keywords\":[\"B\u00fchler&amp;B\u00fchler\",\"Marken\"],\"articleSection\":[\"MARKETING\"],\"inLanguage\":\"en-US\"},{\"@type\":\"WebPage\",\"@id\":\"https:\\\/\\\/www.organisator.ch\\\/marketing\\\/2024-04-15\\\/buehler-buehler-neues-branding-mit-webshop-fuer-trauerkranz-ch\\\/\",\"url\":\"https:\\\/\\\/www.organisator.ch\\\/marketing\\\/2024-04-15\\\/buehler-buehler-neues-branding-mit-webshop-fuer-trauerkranz-ch\\\/\",\"name\":\"B\u00fchler &amp; B\u00fchler: Neues Branding mit Webshop f\u00fcr Trauerkranz.ch - Organisator\",\"isPartOf\":{\"@id\":\"https:\\\/\\\/www.organisator.ch\\\/#website\"},\"primaryImageOfPage\":{\"@id\":\"https:\\\/\\\/www.organisator.ch\\\/marketing\\\/2024-04-15\\\/buehler-buehler-neues-branding-mit-webshop-fuer-trauerkranz-ch\\\/#primaryimage\"},\"image\":{\"@id\":\"https:\\\/\\\/www.organisator.ch\\\/marketing\\\/2024-04-15\\\/buehler-buehler-neues-branding-mit-webshop-fuer-trauerkranz-ch\\\/#primaryimage\"},\"thumbnailUrl\":\"https:\\\/\\\/www.werbewoche.ch\\\/wp-content\\\/uploads\\\/2024\\\/04\\\/Buehler2.jpg\",\"datePublished\":\"2024-04-15T07:27:18+00:00\",\"dateModified\":\"2024-11-11T06:14:38+00:00\",\"description\":\"Trauerkranz.ch: Neuer Webshop f\u00fcr Trauerfloristik mit einf\u00fchlsamem Branding. Gestalten Sie Trostspendendes f\u00fcr Abschiede.\",\"breadcrumb\":{\"@id\":\"https:\\\/\\\/www.organisator.ch\\\/marketing\\\/2024-04-15\\\/buehler-buehler-neues-branding-mit-webshop-fuer-trauerkranz-ch\\\/#breadcrumb\"},\"inLanguage\":\"en-US\",\"potentialAction\":[{\"@type\":\"ReadAction\",\"target\":[\"https:\\\/\\\/www.organisator.ch\\\/marketing\\\/2024-04-15\\\/buehler-buehler-neues-branding-mit-webshop-fuer-trauerkranz-ch\\\/\"]}]},{\"@type\":\"ImageObject\",\"inLanguage\":\"en-US\",\"@id\":\"https:\\\/\\\/www.organisator.ch\\\/marketing\\\/2024-04-15\\\/buehler-buehler-neues-branding-mit-webshop-fuer-trauerkranz-ch\\\/#primaryimage\",\"url\":\"https:\\\/\\\/www.werbewoche.ch\\\/wp-content\\\/uploads\\\/2024\\\/04\\\/Buehler2.jpg\",\"contentUrl\":\"https:\\\/\\\/www.werbewoche.ch\\\/wp-content\\\/uploads\\\/2024\\\/04\\\/Buehler2.jpg\"},{\"@type\":\"BreadcrumbList\",\"@id\":\"https:\\\/\\\/www.organisator.ch\\\/marketing\\\/2024-04-15\\\/buehler-buehler-neues-branding-mit-webshop-fuer-trauerkranz-ch\\\/#breadcrumb\",\"itemListElement\":[{\"@type\":\"ListItem\",\"position\":1,\"name\":\"Home\",\"item\":\"https:\\\/\\\/www.organisator.ch\\\/\"},{\"@type\":\"ListItem\",\"position\":2,\"name\":\"B\u00fchler &amp; B\u00fchler: Neues Branding mit Webshop f\u00fcr Trauerkranz.ch\"}]},{\"@type\":\"WebSite\",\"@id\":\"https:\\\/\\\/www.organisator.ch\\\/#website\",\"url\":\"https:\\\/\\\/www.organisator.ch\\\/\",\"name\":\"Organisator\",\"description\":\"Kompetent. Praxisnah. Der ORGANISATOR bereitet in 10 Ausgaben pro Jahr die wesentlichen Themen f\u00fcr F\u00fchrungskr\u00e4fte von KMU auf.\",\"publisher\":{\"@id\":\"https:\\\/\\\/www.organisator.ch\\\/#organization\"},\"potentialAction\":[{\"@type\":\"SearchAction\",\"target\":{\"@type\":\"EntryPoint\",\"urlTemplate\":\"https:\\\/\\\/www.organisator.ch\\\/?s={search_term_string}\"},\"query-input\":{\"@type\":\"PropertyValueSpecification\",\"valueRequired\":true,\"valueName\":\"search_term_string\"}}],\"inLanguage\":\"en-US\"},{\"@type\":\"Organization\",\"@id\":\"https:\\\/\\\/www.organisator.ch\\\/#organization\",\"name\":\"Organisator\",\"url\":\"https:\\\/\\\/www.organisator.ch\\\/\",\"logo\":{\"@type\":\"ImageObject\",\"inLanguage\":\"en-US\",\"@id\":\"https:\\\/\\\/www.organisator.ch\\\/#\\\/schema\\\/logo\\\/image\\\/\",\"url\":\"https:\\\/\\\/www.organisator.ch\\\/wp-content\\\/uploads\\\/2022\\\/01\\\/Logo_Organisator_Website.png\",\"contentUrl\":\"https:\\\/\\\/www.organisator.ch\\\/wp-content\\\/uploads\\\/2022\\\/01\\\/Logo_Organisator_Website.png\",\"width\":800,\"height\":77,\"caption\":\"Organisator\"},\"image\":{\"@id\":\"https:\\\/\\\/www.organisator.ch\\\/#\\\/schema\\\/logo\\\/image\\\/\"},\"sameAs\":[\"https:\\\/\\\/www.facebook.com\\\/OrganisatorFachmagazin\",\"https:\\\/\\\/www.linkedin.com\\\/showcase\\\/organisator-das-magazin-fr-kmu\",\"https:\\\/\\\/www.xing.com\\\/news\\\/pages\\\/organisator-ch-695\",\"https:\\\/\\\/www.youtube.com\\\/channel\\\/UCGP2Sq0iWaZwT3BdIAQFYpw\"]},{\"@type\":\"Person\",\"@id\":\"https:\\\/\\\/www.organisator.ch\\\/#\\\/schema\\\/person\\\/4e51799071cd2dd1232ac003643ef5f0\",\"name\":\"galledia\",\"image\":{\"@type\":\"ImageObject\",\"inLanguage\":\"en-US\",\"@id\":\"https:\\\/\\\/secure.gravatar.com\\\/avatar\\\/78a7f90c01fc2bfc875782a0d4922b37cde2cf184ce347b91316d23cd7f69a36?s=96&d=mm&r=g\",\"url\":\"https:\\\/\\\/secure.gravatar.com\\\/avatar\\\/78a7f90c01fc2bfc875782a0d4922b37cde2cf184ce347b91316d23cd7f69a36?s=96&d=mm&r=g\",\"contentUrl\":\"https:\\\/\\\/secure.gravatar.com\\\/avatar\\\/78a7f90c01fc2bfc875782a0d4922b37cde2cf184ce347b91316d23cd7f69a36?s=96&d=mm&r=g\",\"caption\":\"galledia\"},\"sameAs\":[\"https:\\\/\\\/x.com\\\/admin\"],\"url\":\"https:\\\/\\\/www.organisator.ch\\\/en\\\/author\\\/galledia\\\/\"}]}<\/script>\n<!-- \/ Yoast SEO plugin. -->","yoast_head_json":{"title":"B\u00fchler &amp; B\u00fchler: New branding with webshop for Trauerkranz.ch - Organizer","description":"Trauerkranz.ch: New webshop for funeral floristry with sensitive branding. Create consolation for farewells.","robots":{"index":"index","follow":"follow","max-snippet":"max-snippet:-1","max-image-preview":"max-image-preview:large","max-video-preview":"max-video-preview:-1"},"canonical":"https:\/\/www.organisator.ch\/en\/marketing\/2024-04-15\/buehler-buehler-neues-branding-mit-webshop-fuer-trauerkranz-ch\/","og_locale":"en_US","og_type":"article","og_title":"B\u00fchler &amp; B\u00fchler: Neues Branding mit Webshop f\u00fcr Trauerkranz.ch - Organisator","og_description":"Trauerkranz.ch: Neuer Webshop f\u00fcr Trauerfloristik mit einf\u00fchlsamem Branding. Gestalten Sie Trostspendendes f\u00fcr Abschiede.","og_url":"https:\/\/www.organisator.ch\/en\/marketing\/2024-04-15\/buehler-buehler-neues-branding-mit-webshop-fuer-trauerkranz-ch\/","og_site_name":"Organisator","article_publisher":"https:\/\/www.facebook.com\/OrganisatorFachmagazin","article_published_time":"2024-04-15T07:27:18+00:00","article_modified_time":"2024-11-11T06:14:38+00:00","og_image":[{"url":"https:\/\/www.werbewoche.ch\/wp-content\/uploads\/2024\/04\/Buehler2.jpg","type":"","width":"","height":""}],"author":"galledia","twitter_card":"summary_large_image","twitter_creator":"@admin","schema":{"@context":"https:\/\/schema.org","@graph":[{"@type":"Article","@id":"https:\/\/www.organisator.ch\/marketing\/2024-04-15\/buehler-buehler-neues-branding-mit-webshop-fuer-trauerkranz-ch\/#article","isPartOf":{"@id":"https:\/\/www.organisator.ch\/marketing\/2024-04-15\/buehler-buehler-neues-branding-mit-webshop-fuer-trauerkranz-ch\/"},"author":{"name":"galledia","@id":"https:\/\/www.organisator.ch\/#\/schema\/person\/4e51799071cd2dd1232ac003643ef5f0"},"headline":"B\u00fchler &amp; B\u00fchler: Neues Branding mit Webshop f\u00fcr Trauerkranz.ch","datePublished":"2024-04-15T07:27:18+00:00","dateModified":"2024-11-11T06:14:38+00:00","mainEntityOfPage":{"@id":"https:\/\/www.organisator.ch\/marketing\/2024-04-15\/buehler-buehler-neues-branding-mit-webshop-fuer-trauerkranz-ch\/"},"wordCount":188,"publisher":{"@id":"https:\/\/www.organisator.ch\/#organization"},"image":{"@id":"https:\/\/www.organisator.ch\/marketing\/2024-04-15\/buehler-buehler-neues-branding-mit-webshop-fuer-trauerkranz-ch\/#primaryimage"},"thumbnailUrl":"https:\/\/www.werbewoche.ch\/wp-content\/uploads\/2024\/04\/Buehler2.jpg","keywords":["B\u00fchler&amp;B\u00fchler","Marken"],"articleSection":["MARKETING"],"inLanguage":"en-US"},{"@type":"WebPage","@id":"https:\/\/www.organisator.ch\/marketing\/2024-04-15\/buehler-buehler-neues-branding-mit-webshop-fuer-trauerkranz-ch\/","url":"https:\/\/www.organisator.ch\/marketing\/2024-04-15\/buehler-buehler-neues-branding-mit-webshop-fuer-trauerkranz-ch\/","name":"B\u00fchler &amp; B\u00fchler: New branding with webshop for Trauerkranz.ch - Organizer","isPartOf":{"@id":"https:\/\/www.organisator.ch\/#website"},"primaryImageOfPage":{"@id":"https:\/\/www.organisator.ch\/marketing\/2024-04-15\/buehler-buehler-neues-branding-mit-webshop-fuer-trauerkranz-ch\/#primaryimage"},"image":{"@id":"https:\/\/www.organisator.ch\/marketing\/2024-04-15\/buehler-buehler-neues-branding-mit-webshop-fuer-trauerkranz-ch\/#primaryimage"},"thumbnailUrl":"https:\/\/www.werbewoche.ch\/wp-content\/uploads\/2024\/04\/Buehler2.jpg","datePublished":"2024-04-15T07:27:18+00:00","dateModified":"2024-11-11T06:14:38+00:00","description":"Trauerkranz.ch: New webshop for funeral floristry with sensitive branding. Create consolation for farewells.","breadcrumb":{"@id":"https:\/\/www.organisator.ch\/marketing\/2024-04-15\/buehler-buehler-neues-branding-mit-webshop-fuer-trauerkranz-ch\/#breadcrumb"},"inLanguage":"en-US","potentialAction":[{"@type":"ReadAction","target":["https:\/\/www.organisator.ch\/marketing\/2024-04-15\/buehler-buehler-neues-branding-mit-webshop-fuer-trauerkranz-ch\/"]}]},{"@type":"ImageObject","inLanguage":"en-US","@id":"https:\/\/www.organisator.ch\/marketing\/2024-04-15\/buehler-buehler-neues-branding-mit-webshop-fuer-trauerkranz-ch\/#primaryimage","url":"https:\/\/www.werbewoche.ch\/wp-content\/uploads\/2024\/04\/Buehler2.jpg","contentUrl":"https:\/\/www.werbewoche.ch\/wp-content\/uploads\/2024\/04\/Buehler2.jpg"},{"@type":"BreadcrumbList","@id":"https:\/\/www.organisator.ch\/marketing\/2024-04-15\/buehler-buehler-neues-branding-mit-webshop-fuer-trauerkranz-ch\/#breadcrumb","itemListElement":[{"@type":"ListItem","position":1,"name":"Home","item":"https:\/\/www.organisator.ch\/"},{"@type":"ListItem","position":2,"name":"B\u00fchler &amp; B\u00fchler: Neues Branding mit Webshop f\u00fcr Trauerkranz.ch"}]},{"@type":"WebSite","@id":"https:\/\/www.organisator.ch\/#website","url":"https:\/\/www.organisator.ch\/","name":"Organizer","description":"Competent. Practical. In 10 issues per year, ORGANISATOR presents the essential topics for managers of SMEs.","publisher":{"@id":"https:\/\/www.organisator.ch\/#organization"},"potentialAction":[{"@type":"SearchAction","target":{"@type":"EntryPoint","urlTemplate":"https:\/\/www.organisator.ch\/?s={search_term_string}"},"query-input":{"@type":"PropertyValueSpecification","valueRequired":true,"valueName":"search_term_string"}}],"inLanguage":"en-US"},{"@type":"Organization","@id":"https:\/\/www.organisator.ch\/#organization","name":"Organizer","url":"https:\/\/www.organisator.ch\/","logo":{"@type":"ImageObject","inLanguage":"en-US","@id":"https:\/\/www.organisator.ch\/#\/schema\/logo\/image\/","url":"https:\/\/www.organisator.ch\/wp-content\/uploads\/2022\/01\/Logo_Organisator_Website.png","contentUrl":"https:\/\/www.organisator.ch\/wp-content\/uploads\/2022\/01\/Logo_Organisator_Website.png","width":800,"height":77,"caption":"Organisator"},"image":{"@id":"https:\/\/www.organisator.ch\/#\/schema\/logo\/image\/"},"sameAs":["https:\/\/www.facebook.com\/OrganisatorFachmagazin","https:\/\/www.linkedin.com\/showcase\/organisator-das-magazin-fr-kmu","https:\/\/www.xing.com\/news\/pages\/organisator-ch-695","https:\/\/www.youtube.com\/channel\/UCGP2Sq0iWaZwT3BdIAQFYpw"]},{"@type":"Person","@id":"https:\/\/www.organisator.ch\/#\/schema\/person\/4e51799071cd2dd1232ac003643ef5f0","name":"galledia","image":{"@type":"ImageObject","inLanguage":"en-US","@id":"https:\/\/secure.gravatar.com\/avatar\/78a7f90c01fc2bfc875782a0d4922b37cde2cf184ce347b91316d23cd7f69a36?s=96&d=mm&r=g","url":"https:\/\/secure.gravatar.com\/avatar\/78a7f90c01fc2bfc875782a0d4922b37cde2cf184ce347b91316d23cd7f69a36?s=96&d=mm&r=g","contentUrl":"https:\/\/secure.gravatar.com\/avatar\/78a7f90c01fc2bfc875782a0d4922b37cde2cf184ce347b91316d23cd7f69a36?s=96&d=mm&r=g","caption":"galledia"},"sameAs":["https:\/\/x.com\/admin"],"url":"https:\/\/www.organisator.ch\/en\/author\/galledia\/"}]}},"_links":{"self":[{"href":"https:\/\/www.organisator.ch\/en\/wp-json\/wp\/v2\/posts\/26502","targetHints":{"allow":["GET"]}}],"collection":[{"href":"https:\/\/www.organisator.ch\/en\/wp-json\/wp\/v2\/posts"}],"about":[{"href":"https:\/\/www.organisator.ch\/en\/wp-json\/wp\/v2\/types\/post"}],"author":[{"embeddable":true,"href":"https:\/\/www.organisator.ch\/en\/wp-json\/wp\/v2\/users\/8"}],"replies":[{"embeddable":true,"href":"https:\/\/www.organisator.ch\/en\/wp-json\/wp\/v2\/comments?post=26502"}],"version-history":[{"count":6,"href":"https:\/\/www.organisator.ch\/en\/wp-json\/wp\/v2\/posts\/26502\/revisions"}],"predecessor-version":[{"id":32324,"href":"https:\/\/www.organisator.ch\/en\/wp-json\/wp\/v2\/posts\/26502\/revisions\/32324"}],"wp:attachment":[{"href":"https:\/\/www.organisator.ch\/en\/wp-json\/wp\/v2\/media?parent=26502"}],"wp:term":[{"taxonomy":"category","embeddable":true,"href":"https:\/\/www.organisator.ch\/en\/wp-json\/wp\/v2\/categories?post=26502"},{"taxonomy":"post_tag","embeddable":true,"href":"https:\/\/www.organisator.ch\/en\/wp-json\/wp\/v2\/tags?post=26502"}],"curies":[{"name":"wp","href":"https:\/\/api.w.org\/{rel}","templated":true}]}}