{"id":26508,"date":"2024-04-15T11:21:27","date_gmt":"2024-04-15T09:21:27","guid":{"rendered":"https:\/\/www.organisator.ch\/?p=26508"},"modified":"2024-05-14T11:45:01","modified_gmt":"2024-05-14T09:45:01","slug":"kmu-studie-2024-eine-analyse-der-aktuellsten-zahlen","status":"publish","type":"post","link":"https:\/\/www.organisator.ch\/en\/management\/2024-04-15\/kmu-studie-2024-eine-analyse-der-aktuellsten-zahlen\/","title":{"rendered":"SME Study 2024: An analysis of the latest figures"},"content":{"rendered":"<figure id=\"attachment_26516\" aria-describedby=\"caption-attachment-26516\" style=\"width: 680px\" class=\"wp-caption alignnone\"><img loading=\"lazy\" decoding=\"async\" class=\"size-full wp-image-26516\" src=\"https:\/\/www.organisator.ch\/wp-content\/uploads\/2024\/04\/Unsplash-Bild_ps.jpg\" alt=\"\" width=\"680\" height=\"453\" srcset=\"https:\/\/www.organisator.ch\/wp-content\/uploads\/2024\/04\/Unsplash-Bild_ps.jpg 680w, https:\/\/www.organisator.ch\/wp-content\/uploads\/2024\/04\/Unsplash-Bild_ps-18x12.jpg 18w, https:\/\/www.organisator.ch\/wp-content\/uploads\/2024\/04\/Unsplash-Bild_ps-375x250.jpg 375w, https:\/\/www.organisator.ch\/wp-content\/uploads\/2024\/04\/Unsplash-Bild_ps-525x350.jpg 525w\" sizes=\"auto, (max-width: 680px) 100vw, 680px\" \/><figcaption id=\"caption-attachment-26516\" class=\"wp-caption-text\">99.7 % of companies in Switzerland are classified as SMEs according to the latest provisional figures from the Federal Statistical Office. (Image: www.unsplash.com)<\/figcaption><\/figure>\n<p>It is not large companies with 250 or more employees that dominate the Swiss corporate landscape, but small and medium-sized enterprises (SMEs): according to the latest provisional figures from the Federal Statistical Office, 99.7 % of companies in Switzerland are SMEs. Micro-enterprises with fewer than ten employees are the most common form of SME, accounting for almost 90 % of companies. The two other forms of SMEs, namely small and medium-sized enterprises, together account for only around one in ten companies in Switzerland: 8.4 % of companies are small enterprises with 10 to 49 employees, and only 1.5 % of companies are medium-sized enterprises with 50 to 249 employees (FSO, 2023a).\u00a0<\/p>\n<p>A look at the employment figures shows that around two thirds of employees in Switzerland - measured in full-time equivalents (FTEs) - work in SMEs. The employees are distributed roughly equally among the different company sizes in SMEs: 22.6 % of employees work in micro-enterprises (&lt; 10 MA), 21.6 % in small enterprises (10 - 49 MA) and 20.9 % in medium-sized enterprises (50 - 249 MA).<\/p>\n<p><figure id=\"attachment_26509\" aria-describedby=\"caption-attachment-26509\" style=\"width: 616px\" class=\"wp-caption alignnone\"><img loading=\"lazy\" decoding=\"async\" class=\"size-medium wp-image-26509\" src=\"https:\/\/www.organisator.ch\/wp-content\/uploads\/2024\/04\/KMU-Studie_Bild1_ps-616x1000.jpg\" alt=\"\" width=\"616\" height=\"1000\" srcset=\"https:\/\/www.organisator.ch\/wp-content\/uploads\/2024\/04\/KMU-Studie_Bild1_ps-616x1000.jpg 616w, https:\/\/www.organisator.ch\/wp-content\/uploads\/2024\/04\/KMU-Studie_Bild1_ps-631x1024.jpg 631w, https:\/\/www.organisator.ch\/wp-content\/uploads\/2024\/04\/KMU-Studie_Bild1_ps-7x12.jpg 7w, https:\/\/www.organisator.ch\/wp-content\/uploads\/2024\/04\/KMU-Studie_Bild1_ps-185x300.jpg 185w, https:\/\/www.organisator.ch\/wp-content\/uploads\/2024\/04\/KMU-Studie_Bild1_ps-216x350.jpg 216w, https:\/\/www.organisator.ch\/wp-content\/uploads\/2024\/04\/KMU-Studie_Bild1_ps-493x800.jpg 493w, https:\/\/www.organisator.ch\/wp-content\/uploads\/2024\/04\/KMU-Studie_Bild1_ps.jpg 680w\" sizes=\"auto, (max-width: 616px) 100vw, 616px\" \/><figcaption id=\"caption-attachment-26509\" class=\"wp-caption-text\">(Image: OBT and KMU-HSG)<\/figcaption><\/figure> <figure id=\"attachment_26510\" aria-describedby=\"caption-attachment-26510\" style=\"width: 680px\" class=\"wp-caption alignnone\"><img loading=\"lazy\" decoding=\"async\" class=\"size-full wp-image-26510\" src=\"https:\/\/www.organisator.ch\/wp-content\/uploads\/2024\/04\/KMU-Studie_Bild2_ps.jpg\" alt=\"\" width=\"680\" height=\"236\" srcset=\"https:\/\/www.organisator.ch\/wp-content\/uploads\/2024\/04\/KMU-Studie_Bild2_ps.jpg 680w, https:\/\/www.organisator.ch\/wp-content\/uploads\/2024\/04\/KMU-Studie_Bild2_ps-18x6.jpg 18w, https:\/\/www.organisator.ch\/wp-content\/uploads\/2024\/04\/KMU-Studie_Bild2_ps-375x130.jpg 375w\" sizes=\"auto, (max-width: 680px) 100vw, 680px\" \/><figcaption id=\"caption-attachment-26510\" class=\"wp-caption-text\">(Image: OBT and KMU-HSG)<\/figcaption><\/figure><\/p>\n<p>Micro-enterprises are not equally dominant in all sectors. A comparison of the various sectors reveals the following picture: In the first sector - the agricultural sector - there are mainly micro-enterprises. They make up 98.0 % of the companies. In the third sector - the service sector - micro-enterprises are also very dominant with 90.7 % of companies. And even in the second sector, the industrial sector, they account for 80.6 % of companies.<\/p>\n<p>The sectors differ greatly in terms of the number of employees: in the first sector, almost all people work in SMEs (99.7 %), and 84.8 % are employed in micro-enterprises. In the second sector, on the other hand, 67.6 % of employees work in SMEs. At 15.8 %, less than a fifth of employees work in micro-enterprises. In the third sector, 62.8 % of employees work in SMEs, which is the lowest percentage compared to the other sectors. However, the share of micro-enterprises is again higher than that of employees in the industrial sector: 22.8 % of employees in the service sector work in micro-enterprises.<\/p>\n<figure id=\"attachment_26511\" aria-describedby=\"caption-attachment-26511\" style=\"width: 680px\" class=\"wp-caption alignnone\"><img loading=\"lazy\" decoding=\"async\" class=\"size-full wp-image-26511\" src=\"https:\/\/www.organisator.ch\/wp-content\/uploads\/2024\/04\/KMU-Studie_Bild3_ps.jpg\" alt=\"\" width=\"680\" height=\"572\" srcset=\"https:\/\/www.organisator.ch\/wp-content\/uploads\/2024\/04\/KMU-Studie_Bild3_ps.jpg 680w, https:\/\/www.organisator.ch\/wp-content\/uploads\/2024\/04\/KMU-Studie_Bild3_ps-14x12.jpg 14w, https:\/\/www.organisator.ch\/wp-content\/uploads\/2024\/04\/KMU-Studie_Bild3_ps-357x300.jpg 357w, https:\/\/www.organisator.ch\/wp-content\/uploads\/2024\/04\/KMU-Studie_Bild3_ps-416x350.jpg 416w\" sizes=\"auto, (max-width: 680px) 100vw, 680px\" \/><figcaption id=\"caption-attachment-26511\" class=\"wp-caption-text\">(Image: OBT and KMU-HSG)<\/figcaption><\/figure>\n<p>There are major differences within the cantons in terms of the distribution of employees across sectors. While the canton of Basel-Stadt has an above-average number of employees working in large companies in the industrial and service sectors, the cantons of Appenzell Innerrhoden and Ausserrhoden present a different and very diverse picture: most employees here work in SMEs, and in all sectors.<\/p>\n<figure id=\"attachment_26512\" aria-describedby=\"caption-attachment-26512\" style=\"width: 680px\" class=\"wp-caption alignnone\"><img loading=\"lazy\" decoding=\"async\" class=\"size-full wp-image-26512\" src=\"https:\/\/www.organisator.ch\/wp-content\/uploads\/2024\/04\/KMU-Studie_Bild4_ps.jpg\" alt=\"\" width=\"680\" height=\"453\" srcset=\"https:\/\/www.organisator.ch\/wp-content\/uploads\/2024\/04\/KMU-Studie_Bild4_ps.jpg 680w, https:\/\/www.organisator.ch\/wp-content\/uploads\/2024\/04\/KMU-Studie_Bild4_ps-18x12.jpg 18w, https:\/\/www.organisator.ch\/wp-content\/uploads\/2024\/04\/KMU-Studie_Bild4_ps-375x250.jpg 375w, https:\/\/www.organisator.ch\/wp-content\/uploads\/2024\/04\/KMU-Studie_Bild4_ps-525x350.jpg 525w\" sizes=\"auto, (max-width: 680px) 100vw, 680px\" \/><figcaption id=\"caption-attachment-26512\" class=\"wp-caption-text\">(Image: OBT and KMU-HSG)<\/figcaption><\/figure>\n<p>There are also major differences between sectors, especially when comparing the average size of companies and the structure of SMEs within a sector. The size ranges from 1.1 employees in FTE per company in the \"Artistic activities\" sector (musicians, self-employed visual artists, self-employed journalists, etc.) to 282 employees per company in the tobacco processing sector. The following sectors, among others, have a high number of micro-enterprises:<\/p>\n<ul>\n<li>Real Estate\u00a0<\/li>\n<li>Legal and tax consulting, auditing, management consulting<\/li>\n<li>Healthcare<\/li>\n<li>Other freelance activities<\/li>\n<li>artistic activities<\/li>\n<li>Provision of other services<\/li>\n<li>Agriculture<\/li>\n<\/ul>\n<p>In these sectors, micro-enterprises account for more than 90 % of companies. In contrast, only 16.3 % and 9.1 % of employees (in FTEs) in the pharmaceutical industry and postal services work in SMEs.<\/p>\n<figure id=\"attachment_26513\" aria-describedby=\"caption-attachment-26513\" style=\"width: 680px\" class=\"wp-caption alignnone\"><img loading=\"lazy\" decoding=\"async\" class=\"size-medium wp-image-26513\" src=\"https:\/\/www.organisator.ch\/wp-content\/uploads\/2024\/04\/KMU-Studie_Bild5_ps-680x335.jpg\" alt=\"\" width=\"680\" height=\"335\" srcset=\"https:\/\/www.organisator.ch\/wp-content\/uploads\/2024\/04\/KMU-Studie_Bild5_ps-680x335.jpg 680w, https:\/\/www.organisator.ch\/wp-content\/uploads\/2024\/04\/KMU-Studie_Bild5_ps-768x379.jpg 768w, https:\/\/www.organisator.ch\/wp-content\/uploads\/2024\/04\/KMU-Studie_Bild5_ps-18x9.jpg 18w, https:\/\/www.organisator.ch\/wp-content\/uploads\/2024\/04\/KMU-Studie_Bild5_ps-375x185.jpg 375w, https:\/\/www.organisator.ch\/wp-content\/uploads\/2024\/04\/KMU-Studie_Bild5_ps-710x350.jpg 710w, https:\/\/www.organisator.ch\/wp-content\/uploads\/2024\/04\/KMU-Studie_Bild5_ps.jpg 933w\" sizes=\"auto, (max-width: 680px) 100vw, 680px\" \/><figcaption id=\"caption-attachment-26513\" class=\"wp-caption-text\">(Image: OBT and KMU-HSG)<\/figcaption><\/figure>\n<p>In terms of legal forms, it is noticeable that most SMEs are organized as sole proprietorships. In agriculture in particular, almost 80 % of SMEs are individual companies. SMEs in industry and services are often organized as AGs or GmbHs. As the size of the company increases, the number of sole proprietorships and limited liability companies tends to decrease.<\/p>\n<p><a href=\"https:\/\/www.obt.ch\/de\/infoboard\/kmu-studie-2024\/\"><em>(Excerpt from the study, year of publication 2024)<\/em><\/a><\/p>\n<p><em>Source: <a href=\"https:\/\/www.obt.ch\/de\/infoboard\/kmu-studie-2024\/\">Alexander Fust, Urs Fueglistaller, Thomas Z\u00fcger, Christoph Brunner, Alexander Graf: Swiss SMEs. An analysis of the latest figures - 2024 edition. OBT and KMU-HSG 2024.<\/a><\/em><\/p>","protected":false},"excerpt":{"rendered":"<p>For the latest Swiss SME study, which is already the 10th edition of this study series, the latest figures from the Federal Statistical Office (FSO) for 2021 were evaluated and compared with previous years.<\/p>","protected":false},"author":58,"featured_media":26516,"comment_status":"closed","ping_status":"closed","sticky":false,"template":"","format":"standard","meta":{"_acf_changed":false,"_yoast_wpseo_focuskw":"KMU","_yoast_wpseo_metadesc":"F\u00fcr die Schweizer KMU-Studie wurden die aktuellen Zahlen des Bundesamts f\u00fcr Statistik von 2021 ausgewertet und mit den Vorjahren verglichen.","articlekey":"","footnotes":""},"categories":[28],"tags":[301,424,459,492],"class_list":["post-26508","post","type-post","status-publish","format-standard","has-post-thumbnail","hentry","category-management","tag-kmu","tag-schweiz","tag-studie","tag-unternehmen"],"acf":[],"yoast_head":"<!-- This site is optimized with the Yoast SEO plugin v27.4 - https:\/\/yoast.com\/product\/yoast-seo-wordpress\/ -->\n<title>KMU-Studie 2024: Eine Analyse der aktuellsten Zahlen - Organisator<\/title>\n<meta name=\"description\" content=\"F\u00fcr die Schweizer KMU-Studie wurden die aktuellen Zahlen des Bundesamts f\u00fcr Statistik von 2021 ausgewertet und mit den Vorjahren verglichen.\" \/>\n<meta name=\"robots\" content=\"index, follow, max-snippet:-1, max-image-preview:large, max-video-preview:-1\" \/>\n<link rel=\"canonical\" href=\"https:\/\/www.organisator.ch\/en\/management\/2024-04-15\/kmu-studie-2024-eine-analyse-der-aktuellsten-zahlen\/\" \/>\n<meta property=\"og:locale\" content=\"en_US\" \/>\n<meta property=\"og:type\" content=\"article\" \/>\n<meta property=\"og:title\" content=\"KMU-Studie 2024: Eine Analyse der aktuellsten Zahlen\" \/>\n<meta property=\"og:description\" content=\"F\u00fcr die Schweizer KMU-Studie wurden die aktuellen Zahlen des Bundesamts f\u00fcr Statistik von 2021 ausgewertet und mit den Vorjahren verglichen.\" \/>\n<meta property=\"og:url\" content=\"https:\/\/www.organisator.ch\/en\/management\/2024-04-15\/kmu-studie-2024-eine-analyse-der-aktuellsten-zahlen\/\" \/>\n<meta property=\"og:site_name\" content=\"Organisator\" \/>\n<meta property=\"article:publisher\" content=\"https:\/\/www.facebook.com\/OrganisatorFachmagazin\" \/>\n<meta property=\"article:published_time\" content=\"2024-04-15T09:21:27+00:00\" \/>\n<meta property=\"article:modified_time\" content=\"2024-05-14T09:45:01+00:00\" \/>\n<meta property=\"og:image\" content=\"https:\/\/www.organisator.ch\/wp-content\/uploads\/2024\/04\/Unsplash-Bild_ps.jpg\" \/>\n\t<meta property=\"og:image:width\" content=\"680\" \/>\n\t<meta property=\"og:image:height\" content=\"453\" \/>\n\t<meta property=\"og:image:type\" content=\"image\/jpeg\" \/>\n<meta name=\"author\" content=\"Adelisa Kalajdzini\" \/>\n<meta name=\"twitter:card\" content=\"summary_large_image\" \/>\n<meta name=\"twitter:title\" content=\"KMU-Studie 2024: Eine Analyse der aktuellsten Zahlen\" \/>\n<meta name=\"twitter:description\" content=\"F\u00fcr die #Schweizer #KMU-Studie wurden die #aktuellen #Zahlen des Bundesamts f\u00fcr Statistik von 2021 ausgewertet und mit den Vorjahren verglichen.\" \/>\n<meta name=\"twitter:image\" content=\"https:\/\/www.organisator.ch\/wp-content\/uploads\/2024\/04\/Unsplash-Bild_ps.jpg\" \/>\n<script type=\"application\/ld+json\" class=\"yoast-schema-graph\">{\"@context\":\"https:\\\/\\\/schema.org\",\"@graph\":[{\"@type\":\"Article\",\"@id\":\"https:\\\/\\\/www.organisator.ch\\\/management\\\/2024-04-15\\\/kmu-studie-2024-eine-analyse-der-aktuellsten-zahlen\\\/#article\",\"isPartOf\":{\"@id\":\"https:\\\/\\\/www.organisator.ch\\\/management\\\/2024-04-15\\\/kmu-studie-2024-eine-analyse-der-aktuellsten-zahlen\\\/\"},\"author\":{\"name\":\"Adelisa Kalajdzini\",\"@id\":\"https:\\\/\\\/www.organisator.ch\\\/#\\\/schema\\\/person\\\/2e1314a2172123f874db408d8911d3f3\"},\"headline\":\"KMU-Studie 2024: Eine Analyse der aktuellsten Zahlen\",\"datePublished\":\"2024-04-15T09:21:27+00:00\",\"dateModified\":\"2024-05-14T09:45:01+00:00\",\"mainEntityOfPage\":{\"@id\":\"https:\\\/\\\/www.organisator.ch\\\/management\\\/2024-04-15\\\/kmu-studie-2024-eine-analyse-der-aktuellsten-zahlen\\\/\"},\"wordCount\":673,\"publisher\":{\"@id\":\"https:\\\/\\\/www.organisator.ch\\\/#organization\"},\"image\":{\"@id\":\"https:\\\/\\\/www.organisator.ch\\\/management\\\/2024-04-15\\\/kmu-studie-2024-eine-analyse-der-aktuellsten-zahlen\\\/#primaryimage\"},\"thumbnailUrl\":\"https:\\\/\\\/www.organisator.ch\\\/wp-content\\\/uploads\\\/2024\\\/04\\\/Unsplash-Bild_ps.jpg\",\"keywords\":[\"KMU\",\"Schweiz\",\"Studie\",\"Unternehmen\"],\"articleSection\":[\"MANAGEMENT\"],\"inLanguage\":\"en-US\"},{\"@type\":\"WebPage\",\"@id\":\"https:\\\/\\\/www.organisator.ch\\\/management\\\/2024-04-15\\\/kmu-studie-2024-eine-analyse-der-aktuellsten-zahlen\\\/\",\"url\":\"https:\\\/\\\/www.organisator.ch\\\/management\\\/2024-04-15\\\/kmu-studie-2024-eine-analyse-der-aktuellsten-zahlen\\\/\",\"name\":\"KMU-Studie 2024: Eine Analyse der aktuellsten Zahlen - Organisator\",\"isPartOf\":{\"@id\":\"https:\\\/\\\/www.organisator.ch\\\/#website\"},\"primaryImageOfPage\":{\"@id\":\"https:\\\/\\\/www.organisator.ch\\\/management\\\/2024-04-15\\\/kmu-studie-2024-eine-analyse-der-aktuellsten-zahlen\\\/#primaryimage\"},\"image\":{\"@id\":\"https:\\\/\\\/www.organisator.ch\\\/management\\\/2024-04-15\\\/kmu-studie-2024-eine-analyse-der-aktuellsten-zahlen\\\/#primaryimage\"},\"thumbnailUrl\":\"https:\\\/\\\/www.organisator.ch\\\/wp-content\\\/uploads\\\/2024\\\/04\\\/Unsplash-Bild_ps.jpg\",\"datePublished\":\"2024-04-15T09:21:27+00:00\",\"dateModified\":\"2024-05-14T09:45:01+00:00\",\"description\":\"F\u00fcr die Schweizer KMU-Studie wurden die aktuellen Zahlen des Bundesamts f\u00fcr Statistik von 2021 ausgewertet und mit den Vorjahren verglichen.\",\"breadcrumb\":{\"@id\":\"https:\\\/\\\/www.organisator.ch\\\/management\\\/2024-04-15\\\/kmu-studie-2024-eine-analyse-der-aktuellsten-zahlen\\\/#breadcrumb\"},\"inLanguage\":\"en-US\",\"potentialAction\":[{\"@type\":\"ReadAction\",\"target\":[\"https:\\\/\\\/www.organisator.ch\\\/management\\\/2024-04-15\\\/kmu-studie-2024-eine-analyse-der-aktuellsten-zahlen\\\/\"]}]},{\"@type\":\"ImageObject\",\"inLanguage\":\"en-US\",\"@id\":\"https:\\\/\\\/www.organisator.ch\\\/management\\\/2024-04-15\\\/kmu-studie-2024-eine-analyse-der-aktuellsten-zahlen\\\/#primaryimage\",\"url\":\"https:\\\/\\\/www.organisator.ch\\\/wp-content\\\/uploads\\\/2024\\\/04\\\/Unsplash-Bild_ps.jpg\",\"contentUrl\":\"https:\\\/\\\/www.organisator.ch\\\/wp-content\\\/uploads\\\/2024\\\/04\\\/Unsplash-Bild_ps.jpg\",\"width\":680,\"height\":453,\"caption\":\"99.7 % der Unternehmen in der Schweiz gelten gem\u00e4ss den neusten provisorischen Zahlen des Bundesamts f\u00fcr Statistik als KMU. (Bild: www.unsplash.com)\"},{\"@type\":\"BreadcrumbList\",\"@id\":\"https:\\\/\\\/www.organisator.ch\\\/management\\\/2024-04-15\\\/kmu-studie-2024-eine-analyse-der-aktuellsten-zahlen\\\/#breadcrumb\",\"itemListElement\":[{\"@type\":\"ListItem\",\"position\":1,\"name\":\"Home\",\"item\":\"https:\\\/\\\/www.organisator.ch\\\/\"},{\"@type\":\"ListItem\",\"position\":2,\"name\":\"KMU-Studie 2024: Eine Analyse der aktuellsten Zahlen\"}]},{\"@type\":\"WebSite\",\"@id\":\"https:\\\/\\\/www.organisator.ch\\\/#website\",\"url\":\"https:\\\/\\\/www.organisator.ch\\\/\",\"name\":\"Organisator\",\"description\":\"Kompetent. Praxisnah. Der ORGANISATOR bereitet in 10 Ausgaben pro Jahr die wesentlichen Themen f\u00fcr F\u00fchrungskr\u00e4fte von KMU auf.\",\"publisher\":{\"@id\":\"https:\\\/\\\/www.organisator.ch\\\/#organization\"},\"potentialAction\":[{\"@type\":\"SearchAction\",\"target\":{\"@type\":\"EntryPoint\",\"urlTemplate\":\"https:\\\/\\\/www.organisator.ch\\\/?s={search_term_string}\"},\"query-input\":{\"@type\":\"PropertyValueSpecification\",\"valueRequired\":true,\"valueName\":\"search_term_string\"}}],\"inLanguage\":\"en-US\"},{\"@type\":\"Organization\",\"@id\":\"https:\\\/\\\/www.organisator.ch\\\/#organization\",\"name\":\"Organisator\",\"url\":\"https:\\\/\\\/www.organisator.ch\\\/\",\"logo\":{\"@type\":\"ImageObject\",\"inLanguage\":\"en-US\",\"@id\":\"https:\\\/\\\/www.organisator.ch\\\/#\\\/schema\\\/logo\\\/image\\\/\",\"url\":\"https:\\\/\\\/www.organisator.ch\\\/wp-content\\\/uploads\\\/2022\\\/01\\\/Logo_Organisator_Website.png\",\"contentUrl\":\"https:\\\/\\\/www.organisator.ch\\\/wp-content\\\/uploads\\\/2022\\\/01\\\/Logo_Organisator_Website.png\",\"width\":800,\"height\":77,\"caption\":\"Organisator\"},\"image\":{\"@id\":\"https:\\\/\\\/www.organisator.ch\\\/#\\\/schema\\\/logo\\\/image\\\/\"},\"sameAs\":[\"https:\\\/\\\/www.facebook.com\\\/OrganisatorFachmagazin\",\"https:\\\/\\\/www.linkedin.com\\\/showcase\\\/organisator-das-magazin-fr-kmu\",\"https:\\\/\\\/www.xing.com\\\/news\\\/pages\\\/organisator-ch-695\",\"https:\\\/\\\/www.youtube.com\\\/channel\\\/UCGP2Sq0iWaZwT3BdIAQFYpw\"]},{\"@type\":\"Person\",\"@id\":\"https:\\\/\\\/www.organisator.ch\\\/#\\\/schema\\\/person\\\/2e1314a2172123f874db408d8911d3f3\",\"name\":\"Adelisa Kalajdzini\",\"image\":{\"@type\":\"ImageObject\",\"inLanguage\":\"en-US\",\"@id\":\"https:\\\/\\\/secure.gravatar.com\\\/avatar\\\/09a397c22ac58cad6f160ee8306348599df9df58a8ede73696226897b9fa4b24?s=96&d=mm&r=g\",\"url\":\"https:\\\/\\\/secure.gravatar.com\\\/avatar\\\/09a397c22ac58cad6f160ee8306348599df9df58a8ede73696226897b9fa4b24?s=96&d=mm&r=g\",\"contentUrl\":\"https:\\\/\\\/secure.gravatar.com\\\/avatar\\\/09a397c22ac58cad6f160ee8306348599df9df58a8ede73696226897b9fa4b24?s=96&d=mm&r=g\",\"caption\":\"Adelisa Kalajdzini\"},\"url\":\"https:\\\/\\\/www.organisator.ch\\\/en\\\/author\\\/adelisa-kalajdzini\\\/\"}]}<\/script>\n<!-- \/ Yoast SEO plugin. -->","yoast_head_json":{"title":"SME Study 2024: An analysis of the latest figures - Organizer","description":"For the Swiss SME study, the latest figures from the Federal Statistical Office for 2021 were evaluated and compared with previous years.","robots":{"index":"index","follow":"follow","max-snippet":"max-snippet:-1","max-image-preview":"max-image-preview:large","max-video-preview":"max-video-preview:-1"},"canonical":"https:\/\/www.organisator.ch\/en\/management\/2024-04-15\/kmu-studie-2024-eine-analyse-der-aktuellsten-zahlen\/","og_locale":"en_US","og_type":"article","og_title":"KMU-Studie 2024: Eine Analyse der aktuellsten Zahlen","og_description":"F\u00fcr die Schweizer KMU-Studie wurden die aktuellen Zahlen des Bundesamts f\u00fcr Statistik von 2021 ausgewertet und mit den Vorjahren verglichen.","og_url":"https:\/\/www.organisator.ch\/en\/management\/2024-04-15\/kmu-studie-2024-eine-analyse-der-aktuellsten-zahlen\/","og_site_name":"Organisator","article_publisher":"https:\/\/www.facebook.com\/OrganisatorFachmagazin","article_published_time":"2024-04-15T09:21:27+00:00","article_modified_time":"2024-05-14T09:45:01+00:00","og_image":[{"width":680,"height":453,"url":"https:\/\/www.organisator.ch\/wp-content\/uploads\/2024\/04\/Unsplash-Bild_ps.jpg","type":"image\/jpeg"}],"author":"Adelisa Kalajdzini","twitter_card":"summary_large_image","twitter_title":"KMU-Studie 2024: Eine Analyse der aktuellsten Zahlen","twitter_description":"F\u00fcr die #Schweizer #KMU-Studie wurden die #aktuellen #Zahlen des Bundesamts f\u00fcr Statistik von 2021 ausgewertet und mit den Vorjahren verglichen.","twitter_image":"https:\/\/www.organisator.ch\/wp-content\/uploads\/2024\/04\/Unsplash-Bild_ps.jpg","schema":{"@context":"https:\/\/schema.org","@graph":[{"@type":"Article","@id":"https:\/\/www.organisator.ch\/management\/2024-04-15\/kmu-studie-2024-eine-analyse-der-aktuellsten-zahlen\/#article","isPartOf":{"@id":"https:\/\/www.organisator.ch\/management\/2024-04-15\/kmu-studie-2024-eine-analyse-der-aktuellsten-zahlen\/"},"author":{"name":"Adelisa Kalajdzini","@id":"https:\/\/www.organisator.ch\/#\/schema\/person\/2e1314a2172123f874db408d8911d3f3"},"headline":"KMU-Studie 2024: Eine Analyse der aktuellsten Zahlen","datePublished":"2024-04-15T09:21:27+00:00","dateModified":"2024-05-14T09:45:01+00:00","mainEntityOfPage":{"@id":"https:\/\/www.organisator.ch\/management\/2024-04-15\/kmu-studie-2024-eine-analyse-der-aktuellsten-zahlen\/"},"wordCount":673,"publisher":{"@id":"https:\/\/www.organisator.ch\/#organization"},"image":{"@id":"https:\/\/www.organisator.ch\/management\/2024-04-15\/kmu-studie-2024-eine-analyse-der-aktuellsten-zahlen\/#primaryimage"},"thumbnailUrl":"https:\/\/www.organisator.ch\/wp-content\/uploads\/2024\/04\/Unsplash-Bild_ps.jpg","keywords":["KMU","Schweiz","Studie","Unternehmen"],"articleSection":["MANAGEMENT"],"inLanguage":"en-US"},{"@type":"WebPage","@id":"https:\/\/www.organisator.ch\/management\/2024-04-15\/kmu-studie-2024-eine-analyse-der-aktuellsten-zahlen\/","url":"https:\/\/www.organisator.ch\/management\/2024-04-15\/kmu-studie-2024-eine-analyse-der-aktuellsten-zahlen\/","name":"SME Study 2024: An analysis of the latest figures - Organizer","isPartOf":{"@id":"https:\/\/www.organisator.ch\/#website"},"primaryImageOfPage":{"@id":"https:\/\/www.organisator.ch\/management\/2024-04-15\/kmu-studie-2024-eine-analyse-der-aktuellsten-zahlen\/#primaryimage"},"image":{"@id":"https:\/\/www.organisator.ch\/management\/2024-04-15\/kmu-studie-2024-eine-analyse-der-aktuellsten-zahlen\/#primaryimage"},"thumbnailUrl":"https:\/\/www.organisator.ch\/wp-content\/uploads\/2024\/04\/Unsplash-Bild_ps.jpg","datePublished":"2024-04-15T09:21:27+00:00","dateModified":"2024-05-14T09:45:01+00:00","description":"For the Swiss SME study, the latest figures from the Federal Statistical Office for 2021 were evaluated and compared with previous years.","breadcrumb":{"@id":"https:\/\/www.organisator.ch\/management\/2024-04-15\/kmu-studie-2024-eine-analyse-der-aktuellsten-zahlen\/#breadcrumb"},"inLanguage":"en-US","potentialAction":[{"@type":"ReadAction","target":["https:\/\/www.organisator.ch\/management\/2024-04-15\/kmu-studie-2024-eine-analyse-der-aktuellsten-zahlen\/"]}]},{"@type":"ImageObject","inLanguage":"en-US","@id":"https:\/\/www.organisator.ch\/management\/2024-04-15\/kmu-studie-2024-eine-analyse-der-aktuellsten-zahlen\/#primaryimage","url":"https:\/\/www.organisator.ch\/wp-content\/uploads\/2024\/04\/Unsplash-Bild_ps.jpg","contentUrl":"https:\/\/www.organisator.ch\/wp-content\/uploads\/2024\/04\/Unsplash-Bild_ps.jpg","width":680,"height":453,"caption":"99.7 % der Unternehmen in der Schweiz gelten gem\u00e4ss den neusten provisorischen Zahlen des Bundesamts f\u00fcr Statistik als KMU. (Bild: www.unsplash.com)"},{"@type":"BreadcrumbList","@id":"https:\/\/www.organisator.ch\/management\/2024-04-15\/kmu-studie-2024-eine-analyse-der-aktuellsten-zahlen\/#breadcrumb","itemListElement":[{"@type":"ListItem","position":1,"name":"Home","item":"https:\/\/www.organisator.ch\/"},{"@type":"ListItem","position":2,"name":"KMU-Studie 2024: Eine Analyse der aktuellsten Zahlen"}]},{"@type":"WebSite","@id":"https:\/\/www.organisator.ch\/#website","url":"https:\/\/www.organisator.ch\/","name":"Organizer","description":"Competent. Practical. In 10 issues per year, ORGANISATOR presents the essential topics for managers of SMEs.","publisher":{"@id":"https:\/\/www.organisator.ch\/#organization"},"potentialAction":[{"@type":"SearchAction","target":{"@type":"EntryPoint","urlTemplate":"https:\/\/www.organisator.ch\/?s={search_term_string}"},"query-input":{"@type":"PropertyValueSpecification","valueRequired":true,"valueName":"search_term_string"}}],"inLanguage":"en-US"},{"@type":"Organization","@id":"https:\/\/www.organisator.ch\/#organization","name":"Organizer","url":"https:\/\/www.organisator.ch\/","logo":{"@type":"ImageObject","inLanguage":"en-US","@id":"https:\/\/www.organisator.ch\/#\/schema\/logo\/image\/","url":"https:\/\/www.organisator.ch\/wp-content\/uploads\/2022\/01\/Logo_Organisator_Website.png","contentUrl":"https:\/\/www.organisator.ch\/wp-content\/uploads\/2022\/01\/Logo_Organisator_Website.png","width":800,"height":77,"caption":"Organisator"},"image":{"@id":"https:\/\/www.organisator.ch\/#\/schema\/logo\/image\/"},"sameAs":["https:\/\/www.facebook.com\/OrganisatorFachmagazin","https:\/\/www.linkedin.com\/showcase\/organisator-das-magazin-fr-kmu","https:\/\/www.xing.com\/news\/pages\/organisator-ch-695","https:\/\/www.youtube.com\/channel\/UCGP2Sq0iWaZwT3BdIAQFYpw"]},{"@type":"Person","@id":"https:\/\/www.organisator.ch\/#\/schema\/person\/2e1314a2172123f874db408d8911d3f3","name":"Adelisa Kalajdzini","image":{"@type":"ImageObject","inLanguage":"en-US","@id":"https:\/\/secure.gravatar.com\/avatar\/09a397c22ac58cad6f160ee8306348599df9df58a8ede73696226897b9fa4b24?s=96&d=mm&r=g","url":"https:\/\/secure.gravatar.com\/avatar\/09a397c22ac58cad6f160ee8306348599df9df58a8ede73696226897b9fa4b24?s=96&d=mm&r=g","contentUrl":"https:\/\/secure.gravatar.com\/avatar\/09a397c22ac58cad6f160ee8306348599df9df58a8ede73696226897b9fa4b24?s=96&d=mm&r=g","caption":"Adelisa Kalajdzini"},"url":"https:\/\/www.organisator.ch\/en\/author\/adelisa-kalajdzini\/"}]}},"_links":{"self":[{"href":"https:\/\/www.organisator.ch\/en\/wp-json\/wp\/v2\/posts\/26508","targetHints":{"allow":["GET"]}}],"collection":[{"href":"https:\/\/www.organisator.ch\/en\/wp-json\/wp\/v2\/posts"}],"about":[{"href":"https:\/\/www.organisator.ch\/en\/wp-json\/wp\/v2\/types\/post"}],"author":[{"embeddable":true,"href":"https:\/\/www.organisator.ch\/en\/wp-json\/wp\/v2\/users\/58"}],"replies":[{"embeddable":true,"href":"https:\/\/www.organisator.ch\/en\/wp-json\/wp\/v2\/comments?post=26508"}],"version-history":[{"count":8,"href":"https:\/\/www.organisator.ch\/en\/wp-json\/wp\/v2\/posts\/26508\/revisions"}],"predecessor-version":[{"id":26592,"href":"https:\/\/www.organisator.ch\/en\/wp-json\/wp\/v2\/posts\/26508\/revisions\/26592"}],"wp:featuredmedia":[{"embeddable":true,"href":"https:\/\/www.organisator.ch\/en\/wp-json\/wp\/v2\/media\/26516"}],"wp:attachment":[{"href":"https:\/\/www.organisator.ch\/en\/wp-json\/wp\/v2\/media?parent=26508"}],"wp:term":[{"taxonomy":"category","embeddable":true,"href":"https:\/\/www.organisator.ch\/en\/wp-json\/wp\/v2\/categories?post=26508"},{"taxonomy":"post_tag","embeddable":true,"href":"https:\/\/www.organisator.ch\/en\/wp-json\/wp\/v2\/tags?post=26508"}],"curies":[{"name":"wp","href":"https:\/\/api.w.org\/{rel}","templated":true}]}}