{"id":26519,"date":"2024-04-15T11:02:07","date_gmt":"2024-04-15T09:02:07","guid":{"rendered":"https:\/\/www.werbewoche.ch\/?p=213680"},"modified":"2024-11-11T07:11:55","modified_gmt":"2024-11-11T06:11:55","slug":"studie-markenloyalitaet-nimmt-rapide-ab-2","status":"publish","type":"post","link":"https:\/\/www.organisator.ch\/en\/marketing\/2024-04-15\/studie-markenloyalitaet-nimmt-rapide-ab-2\/","title":{"rendered":"Study: Brand loyalty is declining rapidly"},"content":{"rendered":"<p><img class=\"alignnone wp-image-213682 size-full\" src=\"https:\/\/www.werbewoche.ch\/wp-content\/uploads\/2024\/04\/Servicenow.jpg\" alt=\"Consumer loyalty\" width=\"1200\" height=\"685\" \/><\/p>\r\n<p>Constantly changing customer expectations and economic instability are driving factors behind consumers' declining loyalty to their brands. This is the result of the Consumer Voice Report 2024 by Servicenow.<\/p>\r\n<p>According to the survey, 71% of all respondents stated that they are less loyal to companies than they were two years ago. The main reasons for this are financial aspects such as the increased cost of living (35%) and growing competition and therefore greater choice (19%). However, disappointing experiences with certain brands and companies (15%) also play a role.<\/p>\r\n<h3>Optimized customer experience for more brand loyalty<\/h3>\r\n<p>The results prove it: Companies need to move away from reactive measures towards a long-term CX strategy. When asked what companies should do to increase brand loyalty again, 28% say they should look for ways to offer a better service without using more customer data, 26% want websites and apps to be made more user-friendly and 32% want a better after service.<\/p>\r\n<h3>The right balance between people and technology<\/h3>\r\n<p>Technology plays a decisive role here. The significant majority of respondents state that a high level of problem-solving expertise (93%), seamless services (93%), fast response times (90%) and the ability to choose the communication channel that suits them best (77%) as well as self-service options (64%) are particularly important to them when it comes to customer service. Many of these aspects can be optimized through the use of generative artificial intelligence (GenAI), for example.<\/p>\r\n<p>However, consumers are still cautious when it comes to interacting with AI. Especially when it comes to making a complaint or solving a specific problem, customers prefer personal interaction with a service employee to AI. Technological solutions such as chatbots (53%), intelligent search engines (29%) or automated phone calls (20%) are more likely to be used when it comes to obtaining general information.<\/p>\r\n<p>The study also asked participants about their views and wishes regarding the future use of technologies in customer service. 47 percent state that they do not want customer service to be based entirely on AI in the future. In addition, 52 percent say they would like to reduce automated processes and return to an employee-based service. However, many consumers also see that technology can improve the customer experience. By 2025, for example, they can imagine virtual reality (VR) being used to test products before they are purchased (34%), complaints management being handled by smart assistants such as Amazon or Alexa (23%) or AI making precise, personalized product recommendations (22%).<\/p>\r\n<hr \/>\r\n<p>The survey, in which 15,000 adults (aged 18 and over) in ten EMEA countries - including 1,000 respondents in Switzerland - were asked about their attitudes towards customer and employee experience, was commissioned by Sevicenow and conducted by Opinium Research between 3.01.24 and 11.01.2024.<\/p>","protected":false},"excerpt":{"rendered":"<p>Brand loyalty continues to fall, according to a study by Servicenow - and provides recommendations for action that companies can take to counteract this.<\/p>","protected":false},"author":8,"featured_media":0,"comment_status":"closed","ping_status":"closed","sticky":false,"template":"","format":"standard","meta":{"_acf_changed":false,"_yoast_wpseo_focuskw":"Verbraucherloyalit\u00e4t","_yoast_wpseo_metadesc":"Servicenow-Report 2024: 71% der Verbraucher weniger markentreu. H\u00f6here Erwartungen, wirtschaftliche Instabilit\u00e4t beeinflussen.","articlekey":"","footnotes":""},"categories":[29],"tags":[341,3174,459],"class_list":["post-26519","post","type-post","status-publish","format-standard","hentry","category-marketing","tag-marktforschung","tag-servicenow","tag-studie"],"acf":[],"yoast_head":"<!-- This site is optimized with the Yoast SEO plugin v27.5 - https:\/\/yoast.com\/product\/yoast-seo-wordpress\/ -->\n<title>Studie: Markenloyalit\u00e4t nimmt rapide ab - Organisator<\/title>\n<meta name=\"description\" content=\"Servicenow-Report 2024: 71% der Verbraucher weniger markentreu. H\u00f6here Erwartungen, wirtschaftliche Instabilit\u00e4t beeinflussen.\" \/>\n<meta name=\"robots\" content=\"index, follow, max-snippet:-1, max-image-preview:large, max-video-preview:-1\" \/>\n<link rel=\"canonical\" href=\"https:\/\/www.organisator.ch\/en\/marketing\/2024-04-15\/studie-markenloyalitaet-nimmt-rapide-ab-2\/\" \/>\n<meta property=\"og:locale\" content=\"en_US\" \/>\n<meta property=\"og:type\" content=\"article\" \/>\n<meta property=\"og:title\" content=\"Studie: Markenloyalit\u00e4t nimmt rapide ab - Organisator\" \/>\n<meta property=\"og:description\" content=\"Servicenow-Report 2024: 71% der Verbraucher weniger markentreu. H\u00f6here Erwartungen, wirtschaftliche Instabilit\u00e4t beeinflussen.\" \/>\n<meta property=\"og:url\" content=\"https:\/\/www.organisator.ch\/en\/marketing\/2024-04-15\/studie-markenloyalitaet-nimmt-rapide-ab-2\/\" \/>\n<meta property=\"og:site_name\" content=\"Organisator\" \/>\n<meta property=\"article:publisher\" content=\"https:\/\/www.facebook.com\/OrganisatorFachmagazin\" \/>\n<meta property=\"article:published_time\" content=\"2024-04-15T09:02:07+00:00\" \/>\n<meta property=\"article:modified_time\" content=\"2024-11-11T06:11:55+00:00\" \/>\n<meta property=\"og:image\" content=\"https:\/\/www.werbewoche.ch\/wp-content\/uploads\/2024\/04\/Servicenow.jpg\" \/>\n<meta name=\"author\" content=\"galledia\" \/>\n<meta name=\"twitter:card\" content=\"summary_large_image\" \/>\n<meta name=\"twitter:creator\" content=\"@admin\" \/>\n<script type=\"application\/ld+json\" class=\"yoast-schema-graph\">{\"@context\":\"https:\\\/\\\/schema.org\",\"@graph\":[{\"@type\":\"Article\",\"@id\":\"https:\\\/\\\/www.organisator.ch\\\/marketing\\\/2024-04-15\\\/studie-markenloyalitaet-nimmt-rapide-ab-2\\\/#article\",\"isPartOf\":{\"@id\":\"https:\\\/\\\/www.organisator.ch\\\/marketing\\\/2024-04-15\\\/studie-markenloyalitaet-nimmt-rapide-ab-2\\\/\"},\"author\":{\"name\":\"galledia\",\"@id\":\"https:\\\/\\\/www.organisator.ch\\\/#\\\/schema\\\/person\\\/4e51799071cd2dd1232ac003643ef5f0\"},\"headline\":\"Studie: Markenloyalit\u00e4t nimmt rapide ab\",\"datePublished\":\"2024-04-15T09:02:07+00:00\",\"dateModified\":\"2024-11-11T06:11:55+00:00\",\"mainEntityOfPage\":{\"@id\":\"https:\\\/\\\/www.organisator.ch\\\/marketing\\\/2024-04-15\\\/studie-markenloyalitaet-nimmt-rapide-ab-2\\\/\"},\"wordCount\":452,\"publisher\":{\"@id\":\"https:\\\/\\\/www.organisator.ch\\\/#organization\"},\"image\":{\"@id\":\"https:\\\/\\\/www.organisator.ch\\\/marketing\\\/2024-04-15\\\/studie-markenloyalitaet-nimmt-rapide-ab-2\\\/#primaryimage\"},\"thumbnailUrl\":\"https:\\\/\\\/www.werbewoche.ch\\\/wp-content\\\/uploads\\\/2024\\\/04\\\/Servicenow.jpg\",\"keywords\":[\"Marktforschung\",\"ServiceNow\",\"Studie\"],\"articleSection\":[\"MARKETING\"],\"inLanguage\":\"en-US\"},{\"@type\":\"WebPage\",\"@id\":\"https:\\\/\\\/www.organisator.ch\\\/marketing\\\/2024-04-15\\\/studie-markenloyalitaet-nimmt-rapide-ab-2\\\/\",\"url\":\"https:\\\/\\\/www.organisator.ch\\\/marketing\\\/2024-04-15\\\/studie-markenloyalitaet-nimmt-rapide-ab-2\\\/\",\"name\":\"Studie: Markenloyalit\u00e4t nimmt rapide ab - Organisator\",\"isPartOf\":{\"@id\":\"https:\\\/\\\/www.organisator.ch\\\/#website\"},\"primaryImageOfPage\":{\"@id\":\"https:\\\/\\\/www.organisator.ch\\\/marketing\\\/2024-04-15\\\/studie-markenloyalitaet-nimmt-rapide-ab-2\\\/#primaryimage\"},\"image\":{\"@id\":\"https:\\\/\\\/www.organisator.ch\\\/marketing\\\/2024-04-15\\\/studie-markenloyalitaet-nimmt-rapide-ab-2\\\/#primaryimage\"},\"thumbnailUrl\":\"https:\\\/\\\/www.werbewoche.ch\\\/wp-content\\\/uploads\\\/2024\\\/04\\\/Servicenow.jpg\",\"datePublished\":\"2024-04-15T09:02:07+00:00\",\"dateModified\":\"2024-11-11T06:11:55+00:00\",\"description\":\"Servicenow-Report 2024: 71% der Verbraucher weniger markentreu. H\u00f6here Erwartungen, wirtschaftliche Instabilit\u00e4t beeinflussen.\",\"breadcrumb\":{\"@id\":\"https:\\\/\\\/www.organisator.ch\\\/marketing\\\/2024-04-15\\\/studie-markenloyalitaet-nimmt-rapide-ab-2\\\/#breadcrumb\"},\"inLanguage\":\"en-US\",\"potentialAction\":[{\"@type\":\"ReadAction\",\"target\":[\"https:\\\/\\\/www.organisator.ch\\\/marketing\\\/2024-04-15\\\/studie-markenloyalitaet-nimmt-rapide-ab-2\\\/\"]}]},{\"@type\":\"ImageObject\",\"inLanguage\":\"en-US\",\"@id\":\"https:\\\/\\\/www.organisator.ch\\\/marketing\\\/2024-04-15\\\/studie-markenloyalitaet-nimmt-rapide-ab-2\\\/#primaryimage\",\"url\":\"https:\\\/\\\/www.werbewoche.ch\\\/wp-content\\\/uploads\\\/2024\\\/04\\\/Servicenow.jpg\",\"contentUrl\":\"https:\\\/\\\/www.werbewoche.ch\\\/wp-content\\\/uploads\\\/2024\\\/04\\\/Servicenow.jpg\"},{\"@type\":\"BreadcrumbList\",\"@id\":\"https:\\\/\\\/www.organisator.ch\\\/marketing\\\/2024-04-15\\\/studie-markenloyalitaet-nimmt-rapide-ab-2\\\/#breadcrumb\",\"itemListElement\":[{\"@type\":\"ListItem\",\"position\":1,\"name\":\"Home\",\"item\":\"https:\\\/\\\/www.organisator.ch\\\/\"},{\"@type\":\"ListItem\",\"position\":2,\"name\":\"Studie: Markenloyalit\u00e4t nimmt rapide ab\"}]},{\"@type\":\"WebSite\",\"@id\":\"https:\\\/\\\/www.organisator.ch\\\/#website\",\"url\":\"https:\\\/\\\/www.organisator.ch\\\/\",\"name\":\"Organisator\",\"description\":\"Kompetent. Praxisnah. Der ORGANISATOR bereitet in 10 Ausgaben pro Jahr die wesentlichen Themen f\u00fcr F\u00fchrungskr\u00e4fte von KMU auf.\",\"publisher\":{\"@id\":\"https:\\\/\\\/www.organisator.ch\\\/#organization\"},\"potentialAction\":[{\"@type\":\"SearchAction\",\"target\":{\"@type\":\"EntryPoint\",\"urlTemplate\":\"https:\\\/\\\/www.organisator.ch\\\/?s={search_term_string}\"},\"query-input\":{\"@type\":\"PropertyValueSpecification\",\"valueRequired\":true,\"valueName\":\"search_term_string\"}}],\"inLanguage\":\"en-US\"},{\"@type\":\"Organization\",\"@id\":\"https:\\\/\\\/www.organisator.ch\\\/#organization\",\"name\":\"Organisator\",\"url\":\"https:\\\/\\\/www.organisator.ch\\\/\",\"logo\":{\"@type\":\"ImageObject\",\"inLanguage\":\"en-US\",\"@id\":\"https:\\\/\\\/www.organisator.ch\\\/#\\\/schema\\\/logo\\\/image\\\/\",\"url\":\"https:\\\/\\\/www.organisator.ch\\\/wp-content\\\/uploads\\\/2022\\\/01\\\/Logo_Organisator_Website.png\",\"contentUrl\":\"https:\\\/\\\/www.organisator.ch\\\/wp-content\\\/uploads\\\/2022\\\/01\\\/Logo_Organisator_Website.png\",\"width\":800,\"height\":77,\"caption\":\"Organisator\"},\"image\":{\"@id\":\"https:\\\/\\\/www.organisator.ch\\\/#\\\/schema\\\/logo\\\/image\\\/\"},\"sameAs\":[\"https:\\\/\\\/www.facebook.com\\\/OrganisatorFachmagazin\",\"https:\\\/\\\/www.linkedin.com\\\/showcase\\\/organisator-das-magazin-fr-kmu\",\"https:\\\/\\\/www.xing.com\\\/news\\\/pages\\\/organisator-ch-695\",\"https:\\\/\\\/www.youtube.com\\\/channel\\\/UCGP2Sq0iWaZwT3BdIAQFYpw\"]},{\"@type\":\"Person\",\"@id\":\"https:\\\/\\\/www.organisator.ch\\\/#\\\/schema\\\/person\\\/4e51799071cd2dd1232ac003643ef5f0\",\"name\":\"galledia\",\"image\":{\"@type\":\"ImageObject\",\"inLanguage\":\"en-US\",\"@id\":\"https:\\\/\\\/secure.gravatar.com\\\/avatar\\\/78a7f90c01fc2bfc875782a0d4922b37cde2cf184ce347b91316d23cd7f69a36?s=96&d=mm&r=g\",\"url\":\"https:\\\/\\\/secure.gravatar.com\\\/avatar\\\/78a7f90c01fc2bfc875782a0d4922b37cde2cf184ce347b91316d23cd7f69a36?s=96&d=mm&r=g\",\"contentUrl\":\"https:\\\/\\\/secure.gravatar.com\\\/avatar\\\/78a7f90c01fc2bfc875782a0d4922b37cde2cf184ce347b91316d23cd7f69a36?s=96&d=mm&r=g\",\"caption\":\"galledia\"},\"sameAs\":[\"https:\\\/\\\/x.com\\\/admin\"],\"url\":\"https:\\\/\\\/www.organisator.ch\\\/en\\\/author\\\/galledia\\\/\"}]}<\/script>\n<!-- \/ Yoast SEO plugin. -->","yoast_head_json":{"title":"Study: Brand loyalty is declining rapidly - Organizer","description":"Servicenow Report 2024: 71% of consumers less brand loyal. Higher expectations, economic instability influence.","robots":{"index":"index","follow":"follow","max-snippet":"max-snippet:-1","max-image-preview":"max-image-preview:large","max-video-preview":"max-video-preview:-1"},"canonical":"https:\/\/www.organisator.ch\/en\/marketing\/2024-04-15\/studie-markenloyalitaet-nimmt-rapide-ab-2\/","og_locale":"en_US","og_type":"article","og_title":"Studie: Markenloyalit\u00e4t nimmt rapide ab - Organisator","og_description":"Servicenow-Report 2024: 71% der Verbraucher weniger markentreu. H\u00f6here Erwartungen, wirtschaftliche Instabilit\u00e4t beeinflussen.","og_url":"https:\/\/www.organisator.ch\/en\/marketing\/2024-04-15\/studie-markenloyalitaet-nimmt-rapide-ab-2\/","og_site_name":"Organisator","article_publisher":"https:\/\/www.facebook.com\/OrganisatorFachmagazin","article_published_time":"2024-04-15T09:02:07+00:00","article_modified_time":"2024-11-11T06:11:55+00:00","og_image":[{"url":"https:\/\/www.werbewoche.ch\/wp-content\/uploads\/2024\/04\/Servicenow.jpg","type":"","width":"","height":""}],"author":"galledia","twitter_card":"summary_large_image","twitter_creator":"@admin","schema":{"@context":"https:\/\/schema.org","@graph":[{"@type":"Article","@id":"https:\/\/www.organisator.ch\/marketing\/2024-04-15\/studie-markenloyalitaet-nimmt-rapide-ab-2\/#article","isPartOf":{"@id":"https:\/\/www.organisator.ch\/marketing\/2024-04-15\/studie-markenloyalitaet-nimmt-rapide-ab-2\/"},"author":{"name":"galledia","@id":"https:\/\/www.organisator.ch\/#\/schema\/person\/4e51799071cd2dd1232ac003643ef5f0"},"headline":"Studie: Markenloyalit\u00e4t nimmt rapide ab","datePublished":"2024-04-15T09:02:07+00:00","dateModified":"2024-11-11T06:11:55+00:00","mainEntityOfPage":{"@id":"https:\/\/www.organisator.ch\/marketing\/2024-04-15\/studie-markenloyalitaet-nimmt-rapide-ab-2\/"},"wordCount":452,"publisher":{"@id":"https:\/\/www.organisator.ch\/#organization"},"image":{"@id":"https:\/\/www.organisator.ch\/marketing\/2024-04-15\/studie-markenloyalitaet-nimmt-rapide-ab-2\/#primaryimage"},"thumbnailUrl":"https:\/\/www.werbewoche.ch\/wp-content\/uploads\/2024\/04\/Servicenow.jpg","keywords":["Marktforschung","ServiceNow","Studie"],"articleSection":["MARKETING"],"inLanguage":"en-US"},{"@type":"WebPage","@id":"https:\/\/www.organisator.ch\/marketing\/2024-04-15\/studie-markenloyalitaet-nimmt-rapide-ab-2\/","url":"https:\/\/www.organisator.ch\/marketing\/2024-04-15\/studie-markenloyalitaet-nimmt-rapide-ab-2\/","name":"Study: Brand loyalty is declining rapidly - Organizer","isPartOf":{"@id":"https:\/\/www.organisator.ch\/#website"},"primaryImageOfPage":{"@id":"https:\/\/www.organisator.ch\/marketing\/2024-04-15\/studie-markenloyalitaet-nimmt-rapide-ab-2\/#primaryimage"},"image":{"@id":"https:\/\/www.organisator.ch\/marketing\/2024-04-15\/studie-markenloyalitaet-nimmt-rapide-ab-2\/#primaryimage"},"thumbnailUrl":"https:\/\/www.werbewoche.ch\/wp-content\/uploads\/2024\/04\/Servicenow.jpg","datePublished":"2024-04-15T09:02:07+00:00","dateModified":"2024-11-11T06:11:55+00:00","description":"Servicenow Report 2024: 71% of consumers less brand loyal. Higher expectations, economic instability influence.","breadcrumb":{"@id":"https:\/\/www.organisator.ch\/marketing\/2024-04-15\/studie-markenloyalitaet-nimmt-rapide-ab-2\/#breadcrumb"},"inLanguage":"en-US","potentialAction":[{"@type":"ReadAction","target":["https:\/\/www.organisator.ch\/marketing\/2024-04-15\/studie-markenloyalitaet-nimmt-rapide-ab-2\/"]}]},{"@type":"ImageObject","inLanguage":"en-US","@id":"https:\/\/www.organisator.ch\/marketing\/2024-04-15\/studie-markenloyalitaet-nimmt-rapide-ab-2\/#primaryimage","url":"https:\/\/www.werbewoche.ch\/wp-content\/uploads\/2024\/04\/Servicenow.jpg","contentUrl":"https:\/\/www.werbewoche.ch\/wp-content\/uploads\/2024\/04\/Servicenow.jpg"},{"@type":"BreadcrumbList","@id":"https:\/\/www.organisator.ch\/marketing\/2024-04-15\/studie-markenloyalitaet-nimmt-rapide-ab-2\/#breadcrumb","itemListElement":[{"@type":"ListItem","position":1,"name":"Home","item":"https:\/\/www.organisator.ch\/"},{"@type":"ListItem","position":2,"name":"Studie: Markenloyalit\u00e4t nimmt rapide ab"}]},{"@type":"WebSite","@id":"https:\/\/www.organisator.ch\/#website","url":"https:\/\/www.organisator.ch\/","name":"Organizer","description":"Competent. Practical. In 10 issues per year, ORGANISATOR presents the essential topics for managers of SMEs.","publisher":{"@id":"https:\/\/www.organisator.ch\/#organization"},"potentialAction":[{"@type":"SearchAction","target":{"@type":"EntryPoint","urlTemplate":"https:\/\/www.organisator.ch\/?s={search_term_string}"},"query-input":{"@type":"PropertyValueSpecification","valueRequired":true,"valueName":"search_term_string"}}],"inLanguage":"en-US"},{"@type":"Organization","@id":"https:\/\/www.organisator.ch\/#organization","name":"Organizer","url":"https:\/\/www.organisator.ch\/","logo":{"@type":"ImageObject","inLanguage":"en-US","@id":"https:\/\/www.organisator.ch\/#\/schema\/logo\/image\/","url":"https:\/\/www.organisator.ch\/wp-content\/uploads\/2022\/01\/Logo_Organisator_Website.png","contentUrl":"https:\/\/www.organisator.ch\/wp-content\/uploads\/2022\/01\/Logo_Organisator_Website.png","width":800,"height":77,"caption":"Organisator"},"image":{"@id":"https:\/\/www.organisator.ch\/#\/schema\/logo\/image\/"},"sameAs":["https:\/\/www.facebook.com\/OrganisatorFachmagazin","https:\/\/www.linkedin.com\/showcase\/organisator-das-magazin-fr-kmu","https:\/\/www.xing.com\/news\/pages\/organisator-ch-695","https:\/\/www.youtube.com\/channel\/UCGP2Sq0iWaZwT3BdIAQFYpw"]},{"@type":"Person","@id":"https:\/\/www.organisator.ch\/#\/schema\/person\/4e51799071cd2dd1232ac003643ef5f0","name":"galledia","image":{"@type":"ImageObject","inLanguage":"en-US","@id":"https:\/\/secure.gravatar.com\/avatar\/78a7f90c01fc2bfc875782a0d4922b37cde2cf184ce347b91316d23cd7f69a36?s=96&d=mm&r=g","url":"https:\/\/secure.gravatar.com\/avatar\/78a7f90c01fc2bfc875782a0d4922b37cde2cf184ce347b91316d23cd7f69a36?s=96&d=mm&r=g","contentUrl":"https:\/\/secure.gravatar.com\/avatar\/78a7f90c01fc2bfc875782a0d4922b37cde2cf184ce347b91316d23cd7f69a36?s=96&d=mm&r=g","caption":"galledia"},"sameAs":["https:\/\/x.com\/admin"],"url":"https:\/\/www.organisator.ch\/en\/author\/galledia\/"}]}},"_links":{"self":[{"href":"https:\/\/www.organisator.ch\/en\/wp-json\/wp\/v2\/posts\/26519","targetHints":{"allow":["GET"]}}],"collection":[{"href":"https:\/\/www.organisator.ch\/en\/wp-json\/wp\/v2\/posts"}],"about":[{"href":"https:\/\/www.organisator.ch\/en\/wp-json\/wp\/v2\/types\/post"}],"author":[{"embeddable":true,"href":"https:\/\/www.organisator.ch\/en\/wp-json\/wp\/v2\/users\/8"}],"replies":[{"embeddable":true,"href":"https:\/\/www.organisator.ch\/en\/wp-json\/wp\/v2\/comments?post=26519"}],"version-history":[{"count":6,"href":"https:\/\/www.organisator.ch\/en\/wp-json\/wp\/v2\/posts\/26519\/revisions"}],"predecessor-version":[{"id":32320,"href":"https:\/\/www.organisator.ch\/en\/wp-json\/wp\/v2\/posts\/26519\/revisions\/32320"}],"wp:attachment":[{"href":"https:\/\/www.organisator.ch\/en\/wp-json\/wp\/v2\/media?parent=26519"}],"wp:term":[{"taxonomy":"category","embeddable":true,"href":"https:\/\/www.organisator.ch\/en\/wp-json\/wp\/v2\/categories?post=26519"},{"taxonomy":"post_tag","embeddable":true,"href":"https:\/\/www.organisator.ch\/en\/wp-json\/wp\/v2\/tags?post=26519"}],"curies":[{"name":"wp","href":"https:\/\/api.w.org\/{rel}","templated":true}]}}