{"id":26556,"date":"2024-04-16T09:47:07","date_gmt":"2024-04-16T07:47:07","guid":{"rendered":"https:\/\/www.werbewoche.ch\/?p=213715"},"modified":"2024-11-11T07:06:40","modified_gmt":"2024-11-11T06:06:40","slug":"yellow-verleiht-der-giardina-einen-zweiten-fruehling","status":"publish","type":"post","link":"https:\/\/www.organisator.ch\/en\/marketing\/2024-04-16\/yellow-verleiht-der-giardina-einen-zweiten-fruehling\/","title":{"rendered":"Yellow gives Giardina a second spring"},"content":{"rendered":"<p><img class=\"aligncenter wp-image-213718 size-full\" src=\"https:\/\/www.werbewoche.ch\/wp-content\/uploads\/2024\/04\/Giardina_Medienmitteilung_05.jpg\" alt=\"Giardina Garden Fair\" width=\"1200\" height=\"774\" \/><\/p>\r\n<p>The Giardina garden fair takes place annually in Zurich. The fair is valued above all for its high-quality, often spectacular show gardens. Because not only gardens but also brands need to be regularly maintained, the MCH Group has hired Yellow for Giardina.<\/p>\r\n<p>In a first step, the Basel agency compared the existing elements with the brand personality and positioning and defined various fields of work on this basis. As part of a multi-stage process, the foundations of the brand were revised and refreshed in the various areas of communication. In the same context, Yellow developed the measures for trade fair communication as well as for visitor advertising and information. As part of an all-round service, the Yellow team also took on tasks in the areas of trade fair communication and signage.<\/p>\r\n<p><img class=\"aligncenter size-full wp-image-213716\" src=\"https:\/\/www.werbewoche.ch\/wp-content\/uploads\/2024\/04\/Giardina_Medienmitteilung_01.jpg\" alt=\"\" width=\"1200\" height=\"667\" \/> <img class=\"aligncenter size-full wp-image-213719\" src=\"https:\/\/www.werbewoche.ch\/wp-content\/uploads\/2024\/04\/Giardina_Medienmitteilung_04.jpg\" alt=\"\" width=\"1200\" height=\"800\" \/> <img class=\"aligncenter size-full wp-image-213720\" src=\"https:\/\/www.werbewoche.ch\/wp-content\/uploads\/2024\/04\/Giardina_Medienmitteilung_03.jpg\" alt=\"\" width=\"1200\" height=\"800\" \/> <img class=\"aligncenter size-full wp-image-213721\" src=\"https:\/\/www.werbewoche.ch\/wp-content\/uploads\/2024\/04\/Giardina_Medienmitteilung_02.jpg\" alt=\"\" width=\"1200\" height=\"800\" \/> <img class=\"aligncenter size-full wp-image-213717\" src=\"https:\/\/www.werbewoche.ch\/wp-content\/uploads\/2024\/04\/Giardina_Medienmitteilung_06-scaled.jpg\" alt=\"\" width=\"933\" height=\"1400\" \/><\/p>\r\n<hr \/>\r\n<p><strong>Responsible at MCH Group:<\/strong> Encarnaci\u00f3n M. Dellai (Brand Director). <strong>Responsible<\/strong> <strong>Agency:<\/strong> Yellow.<\/p>","protected":false},"excerpt":{"rendered":"<p>The MCH Group has commissioned the Yellow agency to update the appearance of its garden fair \"Giardina\". With a comprehensive program, the brand and its visual appearance were refreshed and further developed in communication and at the event itself.<\/p>","protected":false},"author":8,"featured_media":0,"comment_status":"closed","ping_status":"closed","sticky":false,"template":"","format":"standard","meta":{"_acf_changed":false,"_yoast_wpseo_focuskw":"Giardina Gartenmesse","_yoast_wpseo_metadesc":"Giardina Gartenmesse Z\u00fcrich: Hochwertige Schaug\u00e4rten und neue Brand-Kommunikation von Yellow. Erleben Sie beeindruckende G\u00e4rten.","articlekey":"","footnotes":""},"categories":[29],"tags":[2617,3358,2799,2729],"class_list":["post-26556","post","type-post","status-publish","format-standard","hentry","category-marketing","tag-marken","tag-mch-group","tag-messen-und-events","tag-yellow"],"acf":[],"yoast_head":"<!-- This site is optimized with the Yoast SEO plugin v27.5 - https:\/\/yoast.com\/product\/yoast-seo-wordpress\/ -->\n<title>Yellow verleiht der Giardina einen zweiten Fr\u00fchling - Organisator<\/title>\n<meta name=\"description\" content=\"Giardina Gartenmesse Z\u00fcrich: Hochwertige Schaug\u00e4rten und neue Brand-Kommunikation von Yellow. Erleben Sie beeindruckende G\u00e4rten.\" \/>\n<meta name=\"robots\" content=\"index, follow, max-snippet:-1, max-image-preview:large, max-video-preview:-1\" \/>\n<link rel=\"canonical\" href=\"https:\/\/www.organisator.ch\/en\/marketing\/2024-04-16\/yellow-verleiht-der-giardina-einen-zweiten-fruehling\/\" \/>\n<meta property=\"og:locale\" content=\"en_US\" \/>\n<meta property=\"og:type\" content=\"article\" \/>\n<meta property=\"og:title\" content=\"Yellow verleiht der Giardina einen zweiten Fr\u00fchling - Organisator\" \/>\n<meta property=\"og:description\" content=\"Giardina Gartenmesse Z\u00fcrich: Hochwertige Schaug\u00e4rten und neue Brand-Kommunikation von Yellow. Erleben Sie beeindruckende G\u00e4rten.\" \/>\n<meta property=\"og:url\" content=\"https:\/\/www.organisator.ch\/en\/marketing\/2024-04-16\/yellow-verleiht-der-giardina-einen-zweiten-fruehling\/\" \/>\n<meta property=\"og:site_name\" content=\"Organisator\" \/>\n<meta property=\"article:publisher\" content=\"https:\/\/www.facebook.com\/OrganisatorFachmagazin\" \/>\n<meta property=\"article:published_time\" content=\"2024-04-16T07:47:07+00:00\" \/>\n<meta property=\"article:modified_time\" content=\"2024-11-11T06:06:40+00:00\" \/>\n<meta property=\"og:image\" content=\"https:\/\/www.werbewoche.ch\/wp-content\/uploads\/2024\/04\/Giardina_Medienmitteilung_05.jpg\" \/>\n<meta name=\"author\" content=\"galledia\" \/>\n<meta name=\"twitter:card\" content=\"summary_large_image\" \/>\n<meta name=\"twitter:creator\" content=\"@admin\" \/>\n<script type=\"application\/ld+json\" class=\"yoast-schema-graph\">{\"@context\":\"https:\\\/\\\/schema.org\",\"@graph\":[{\"@type\":\"Article\",\"@id\":\"https:\\\/\\\/www.organisator.ch\\\/marketing\\\/2024-04-16\\\/yellow-verleiht-der-giardina-einen-zweiten-fruehling\\\/#article\",\"isPartOf\":{\"@id\":\"https:\\\/\\\/www.organisator.ch\\\/marketing\\\/2024-04-16\\\/yellow-verleiht-der-giardina-einen-zweiten-fruehling\\\/\"},\"author\":{\"name\":\"galledia\",\"@id\":\"https:\\\/\\\/www.organisator.ch\\\/#\\\/schema\\\/person\\\/4e51799071cd2dd1232ac003643ef5f0\"},\"headline\":\"Yellow verleiht der Giardina einen zweiten Fr\u00fchling\",\"datePublished\":\"2024-04-16T07:47:07+00:00\",\"dateModified\":\"2024-11-11T06:06:40+00:00\",\"mainEntityOfPage\":{\"@id\":\"https:\\\/\\\/www.organisator.ch\\\/marketing\\\/2024-04-16\\\/yellow-verleiht-der-giardina-einen-zweiten-fruehling\\\/\"},\"wordCount\":152,\"publisher\":{\"@id\":\"https:\\\/\\\/www.organisator.ch\\\/#organization\"},\"image\":{\"@id\":\"https:\\\/\\\/www.organisator.ch\\\/marketing\\\/2024-04-16\\\/yellow-verleiht-der-giardina-einen-zweiten-fruehling\\\/#primaryimage\"},\"thumbnailUrl\":\"https:\\\/\\\/www.werbewoche.ch\\\/wp-content\\\/uploads\\\/2024\\\/04\\\/Giardina_Medienmitteilung_05.jpg\",\"keywords\":[\"Marken\",\"MCH Group\",\"Messen und Events\",\"Yellow\"],\"articleSection\":[\"MARKETING\"],\"inLanguage\":\"en-US\"},{\"@type\":\"WebPage\",\"@id\":\"https:\\\/\\\/www.organisator.ch\\\/marketing\\\/2024-04-16\\\/yellow-verleiht-der-giardina-einen-zweiten-fruehling\\\/\",\"url\":\"https:\\\/\\\/www.organisator.ch\\\/marketing\\\/2024-04-16\\\/yellow-verleiht-der-giardina-einen-zweiten-fruehling\\\/\",\"name\":\"Yellow verleiht der Giardina einen zweiten Fr\u00fchling - Organisator\",\"isPartOf\":{\"@id\":\"https:\\\/\\\/www.organisator.ch\\\/#website\"},\"primaryImageOfPage\":{\"@id\":\"https:\\\/\\\/www.organisator.ch\\\/marketing\\\/2024-04-16\\\/yellow-verleiht-der-giardina-einen-zweiten-fruehling\\\/#primaryimage\"},\"image\":{\"@id\":\"https:\\\/\\\/www.organisator.ch\\\/marketing\\\/2024-04-16\\\/yellow-verleiht-der-giardina-einen-zweiten-fruehling\\\/#primaryimage\"},\"thumbnailUrl\":\"https:\\\/\\\/www.werbewoche.ch\\\/wp-content\\\/uploads\\\/2024\\\/04\\\/Giardina_Medienmitteilung_05.jpg\",\"datePublished\":\"2024-04-16T07:47:07+00:00\",\"dateModified\":\"2024-11-11T06:06:40+00:00\",\"description\":\"Giardina Gartenmesse Z\u00fcrich: Hochwertige Schaug\u00e4rten und neue Brand-Kommunikation von Yellow. Erleben Sie beeindruckende G\u00e4rten.\",\"breadcrumb\":{\"@id\":\"https:\\\/\\\/www.organisator.ch\\\/marketing\\\/2024-04-16\\\/yellow-verleiht-der-giardina-einen-zweiten-fruehling\\\/#breadcrumb\"},\"inLanguage\":\"en-US\",\"potentialAction\":[{\"@type\":\"ReadAction\",\"target\":[\"https:\\\/\\\/www.organisator.ch\\\/marketing\\\/2024-04-16\\\/yellow-verleiht-der-giardina-einen-zweiten-fruehling\\\/\"]}]},{\"@type\":\"ImageObject\",\"inLanguage\":\"en-US\",\"@id\":\"https:\\\/\\\/www.organisator.ch\\\/marketing\\\/2024-04-16\\\/yellow-verleiht-der-giardina-einen-zweiten-fruehling\\\/#primaryimage\",\"url\":\"https:\\\/\\\/www.werbewoche.ch\\\/wp-content\\\/uploads\\\/2024\\\/04\\\/Giardina_Medienmitteilung_05.jpg\",\"contentUrl\":\"https:\\\/\\\/www.werbewoche.ch\\\/wp-content\\\/uploads\\\/2024\\\/04\\\/Giardina_Medienmitteilung_05.jpg\"},{\"@type\":\"BreadcrumbList\",\"@id\":\"https:\\\/\\\/www.organisator.ch\\\/marketing\\\/2024-04-16\\\/yellow-verleiht-der-giardina-einen-zweiten-fruehling\\\/#breadcrumb\",\"itemListElement\":[{\"@type\":\"ListItem\",\"position\":1,\"name\":\"Home\",\"item\":\"https:\\\/\\\/www.organisator.ch\\\/\"},{\"@type\":\"ListItem\",\"position\":2,\"name\":\"Yellow verleiht der Giardina einen zweiten Fr\u00fchling\"}]},{\"@type\":\"WebSite\",\"@id\":\"https:\\\/\\\/www.organisator.ch\\\/#website\",\"url\":\"https:\\\/\\\/www.organisator.ch\\\/\",\"name\":\"Organisator\",\"description\":\"Kompetent. Praxisnah. Der ORGANISATOR bereitet in 10 Ausgaben pro Jahr die wesentlichen Themen f\u00fcr F\u00fchrungskr\u00e4fte von KMU auf.\",\"publisher\":{\"@id\":\"https:\\\/\\\/www.organisator.ch\\\/#organization\"},\"potentialAction\":[{\"@type\":\"SearchAction\",\"target\":{\"@type\":\"EntryPoint\",\"urlTemplate\":\"https:\\\/\\\/www.organisator.ch\\\/?s={search_term_string}\"},\"query-input\":{\"@type\":\"PropertyValueSpecification\",\"valueRequired\":true,\"valueName\":\"search_term_string\"}}],\"inLanguage\":\"en-US\"},{\"@type\":\"Organization\",\"@id\":\"https:\\\/\\\/www.organisator.ch\\\/#organization\",\"name\":\"Organisator\",\"url\":\"https:\\\/\\\/www.organisator.ch\\\/\",\"logo\":{\"@type\":\"ImageObject\",\"inLanguage\":\"en-US\",\"@id\":\"https:\\\/\\\/www.organisator.ch\\\/#\\\/schema\\\/logo\\\/image\\\/\",\"url\":\"https:\\\/\\\/www.organisator.ch\\\/wp-content\\\/uploads\\\/2022\\\/01\\\/Logo_Organisator_Website.png\",\"contentUrl\":\"https:\\\/\\\/www.organisator.ch\\\/wp-content\\\/uploads\\\/2022\\\/01\\\/Logo_Organisator_Website.png\",\"width\":800,\"height\":77,\"caption\":\"Organisator\"},\"image\":{\"@id\":\"https:\\\/\\\/www.organisator.ch\\\/#\\\/schema\\\/logo\\\/image\\\/\"},\"sameAs\":[\"https:\\\/\\\/www.facebook.com\\\/OrganisatorFachmagazin\",\"https:\\\/\\\/www.linkedin.com\\\/showcase\\\/organisator-das-magazin-fr-kmu\",\"https:\\\/\\\/www.xing.com\\\/news\\\/pages\\\/organisator-ch-695\",\"https:\\\/\\\/www.youtube.com\\\/channel\\\/UCGP2Sq0iWaZwT3BdIAQFYpw\"]},{\"@type\":\"Person\",\"@id\":\"https:\\\/\\\/www.organisator.ch\\\/#\\\/schema\\\/person\\\/4e51799071cd2dd1232ac003643ef5f0\",\"name\":\"galledia\",\"image\":{\"@type\":\"ImageObject\",\"inLanguage\":\"en-US\",\"@id\":\"https:\\\/\\\/secure.gravatar.com\\\/avatar\\\/78a7f90c01fc2bfc875782a0d4922b37cde2cf184ce347b91316d23cd7f69a36?s=96&d=mm&r=g\",\"url\":\"https:\\\/\\\/secure.gravatar.com\\\/avatar\\\/78a7f90c01fc2bfc875782a0d4922b37cde2cf184ce347b91316d23cd7f69a36?s=96&d=mm&r=g\",\"contentUrl\":\"https:\\\/\\\/secure.gravatar.com\\\/avatar\\\/78a7f90c01fc2bfc875782a0d4922b37cde2cf184ce347b91316d23cd7f69a36?s=96&d=mm&r=g\",\"caption\":\"galledia\"},\"sameAs\":[\"https:\\\/\\\/x.com\\\/admin\"],\"url\":\"https:\\\/\\\/www.organisator.ch\\\/en\\\/author\\\/galledia\\\/\"}]}<\/script>\n<!-- \/ Yoast SEO plugin. -->","yoast_head_json":{"title":"Yellow gives Giardina a second spring - Organizer","description":"Giardina Garden Fair Zurich: High-quality show gardens and new brand communication from Yellow. Experience impressive gardens.","robots":{"index":"index","follow":"follow","max-snippet":"max-snippet:-1","max-image-preview":"max-image-preview:large","max-video-preview":"max-video-preview:-1"},"canonical":"https:\/\/www.organisator.ch\/en\/marketing\/2024-04-16\/yellow-verleiht-der-giardina-einen-zweiten-fruehling\/","og_locale":"en_US","og_type":"article","og_title":"Yellow verleiht der Giardina einen zweiten Fr\u00fchling - Organisator","og_description":"Giardina Gartenmesse Z\u00fcrich: Hochwertige Schaug\u00e4rten und neue Brand-Kommunikation von Yellow. Erleben Sie beeindruckende G\u00e4rten.","og_url":"https:\/\/www.organisator.ch\/en\/marketing\/2024-04-16\/yellow-verleiht-der-giardina-einen-zweiten-fruehling\/","og_site_name":"Organisator","article_publisher":"https:\/\/www.facebook.com\/OrganisatorFachmagazin","article_published_time":"2024-04-16T07:47:07+00:00","article_modified_time":"2024-11-11T06:06:40+00:00","og_image":[{"url":"https:\/\/www.werbewoche.ch\/wp-content\/uploads\/2024\/04\/Giardina_Medienmitteilung_05.jpg","type":"","width":"","height":""}],"author":"galledia","twitter_card":"summary_large_image","twitter_creator":"@admin","schema":{"@context":"https:\/\/schema.org","@graph":[{"@type":"Article","@id":"https:\/\/www.organisator.ch\/marketing\/2024-04-16\/yellow-verleiht-der-giardina-einen-zweiten-fruehling\/#article","isPartOf":{"@id":"https:\/\/www.organisator.ch\/marketing\/2024-04-16\/yellow-verleiht-der-giardina-einen-zweiten-fruehling\/"},"author":{"name":"galledia","@id":"https:\/\/www.organisator.ch\/#\/schema\/person\/4e51799071cd2dd1232ac003643ef5f0"},"headline":"Yellow verleiht der Giardina einen zweiten Fr\u00fchling","datePublished":"2024-04-16T07:47:07+00:00","dateModified":"2024-11-11T06:06:40+00:00","mainEntityOfPage":{"@id":"https:\/\/www.organisator.ch\/marketing\/2024-04-16\/yellow-verleiht-der-giardina-einen-zweiten-fruehling\/"},"wordCount":152,"publisher":{"@id":"https:\/\/www.organisator.ch\/#organization"},"image":{"@id":"https:\/\/www.organisator.ch\/marketing\/2024-04-16\/yellow-verleiht-der-giardina-einen-zweiten-fruehling\/#primaryimage"},"thumbnailUrl":"https:\/\/www.werbewoche.ch\/wp-content\/uploads\/2024\/04\/Giardina_Medienmitteilung_05.jpg","keywords":["Marken","MCH Group","Messen und Events","Yellow"],"articleSection":["MARKETING"],"inLanguage":"en-US"},{"@type":"WebPage","@id":"https:\/\/www.organisator.ch\/marketing\/2024-04-16\/yellow-verleiht-der-giardina-einen-zweiten-fruehling\/","url":"https:\/\/www.organisator.ch\/marketing\/2024-04-16\/yellow-verleiht-der-giardina-einen-zweiten-fruehling\/","name":"Yellow gives Giardina a second spring - Organizer","isPartOf":{"@id":"https:\/\/www.organisator.ch\/#website"},"primaryImageOfPage":{"@id":"https:\/\/www.organisator.ch\/marketing\/2024-04-16\/yellow-verleiht-der-giardina-einen-zweiten-fruehling\/#primaryimage"},"image":{"@id":"https:\/\/www.organisator.ch\/marketing\/2024-04-16\/yellow-verleiht-der-giardina-einen-zweiten-fruehling\/#primaryimage"},"thumbnailUrl":"https:\/\/www.werbewoche.ch\/wp-content\/uploads\/2024\/04\/Giardina_Medienmitteilung_05.jpg","datePublished":"2024-04-16T07:47:07+00:00","dateModified":"2024-11-11T06:06:40+00:00","description":"Giardina Garden Fair Zurich: High-quality show gardens and new brand communication from Yellow. Experience impressive gardens.","breadcrumb":{"@id":"https:\/\/www.organisator.ch\/marketing\/2024-04-16\/yellow-verleiht-der-giardina-einen-zweiten-fruehling\/#breadcrumb"},"inLanguage":"en-US","potentialAction":[{"@type":"ReadAction","target":["https:\/\/www.organisator.ch\/marketing\/2024-04-16\/yellow-verleiht-der-giardina-einen-zweiten-fruehling\/"]}]},{"@type":"ImageObject","inLanguage":"en-US","@id":"https:\/\/www.organisator.ch\/marketing\/2024-04-16\/yellow-verleiht-der-giardina-einen-zweiten-fruehling\/#primaryimage","url":"https:\/\/www.werbewoche.ch\/wp-content\/uploads\/2024\/04\/Giardina_Medienmitteilung_05.jpg","contentUrl":"https:\/\/www.werbewoche.ch\/wp-content\/uploads\/2024\/04\/Giardina_Medienmitteilung_05.jpg"},{"@type":"BreadcrumbList","@id":"https:\/\/www.organisator.ch\/marketing\/2024-04-16\/yellow-verleiht-der-giardina-einen-zweiten-fruehling\/#breadcrumb","itemListElement":[{"@type":"ListItem","position":1,"name":"Home","item":"https:\/\/www.organisator.ch\/"},{"@type":"ListItem","position":2,"name":"Yellow verleiht der Giardina einen zweiten Fr\u00fchling"}]},{"@type":"WebSite","@id":"https:\/\/www.organisator.ch\/#website","url":"https:\/\/www.organisator.ch\/","name":"Organizer","description":"Competent. Practical. In 10 issues per year, ORGANISATOR presents the essential topics for managers of SMEs.","publisher":{"@id":"https:\/\/www.organisator.ch\/#organization"},"potentialAction":[{"@type":"SearchAction","target":{"@type":"EntryPoint","urlTemplate":"https:\/\/www.organisator.ch\/?s={search_term_string}"},"query-input":{"@type":"PropertyValueSpecification","valueRequired":true,"valueName":"search_term_string"}}],"inLanguage":"en-US"},{"@type":"Organization","@id":"https:\/\/www.organisator.ch\/#organization","name":"Organizer","url":"https:\/\/www.organisator.ch\/","logo":{"@type":"ImageObject","inLanguage":"en-US","@id":"https:\/\/www.organisator.ch\/#\/schema\/logo\/image\/","url":"https:\/\/www.organisator.ch\/wp-content\/uploads\/2022\/01\/Logo_Organisator_Website.png","contentUrl":"https:\/\/www.organisator.ch\/wp-content\/uploads\/2022\/01\/Logo_Organisator_Website.png","width":800,"height":77,"caption":"Organisator"},"image":{"@id":"https:\/\/www.organisator.ch\/#\/schema\/logo\/image\/"},"sameAs":["https:\/\/www.facebook.com\/OrganisatorFachmagazin","https:\/\/www.linkedin.com\/showcase\/organisator-das-magazin-fr-kmu","https:\/\/www.xing.com\/news\/pages\/organisator-ch-695","https:\/\/www.youtube.com\/channel\/UCGP2Sq0iWaZwT3BdIAQFYpw"]},{"@type":"Person","@id":"https:\/\/www.organisator.ch\/#\/schema\/person\/4e51799071cd2dd1232ac003643ef5f0","name":"galledia","image":{"@type":"ImageObject","inLanguage":"en-US","@id":"https:\/\/secure.gravatar.com\/avatar\/78a7f90c01fc2bfc875782a0d4922b37cde2cf184ce347b91316d23cd7f69a36?s=96&d=mm&r=g","url":"https:\/\/secure.gravatar.com\/avatar\/78a7f90c01fc2bfc875782a0d4922b37cde2cf184ce347b91316d23cd7f69a36?s=96&d=mm&r=g","contentUrl":"https:\/\/secure.gravatar.com\/avatar\/78a7f90c01fc2bfc875782a0d4922b37cde2cf184ce347b91316d23cd7f69a36?s=96&d=mm&r=g","caption":"galledia"},"sameAs":["https:\/\/x.com\/admin"],"url":"https:\/\/www.organisator.ch\/en\/author\/galledia\/"}]}},"_links":{"self":[{"href":"https:\/\/www.organisator.ch\/en\/wp-json\/wp\/v2\/posts\/26556","targetHints":{"allow":["GET"]}}],"collection":[{"href":"https:\/\/www.organisator.ch\/en\/wp-json\/wp\/v2\/posts"}],"about":[{"href":"https:\/\/www.organisator.ch\/en\/wp-json\/wp\/v2\/types\/post"}],"author":[{"embeddable":true,"href":"https:\/\/www.organisator.ch\/en\/wp-json\/wp\/v2\/users\/8"}],"replies":[{"embeddable":true,"href":"https:\/\/www.organisator.ch\/en\/wp-json\/wp\/v2\/comments?post=26556"}],"version-history":[{"count":6,"href":"https:\/\/www.organisator.ch\/en\/wp-json\/wp\/v2\/posts\/26556\/revisions"}],"predecessor-version":[{"id":32317,"href":"https:\/\/www.organisator.ch\/en\/wp-json\/wp\/v2\/posts\/26556\/revisions\/32317"}],"wp:attachment":[{"href":"https:\/\/www.organisator.ch\/en\/wp-json\/wp\/v2\/media?parent=26556"}],"wp:term":[{"taxonomy":"category","embeddable":true,"href":"https:\/\/www.organisator.ch\/en\/wp-json\/wp\/v2\/categories?post=26556"},{"taxonomy":"post_tag","embeddable":true,"href":"https:\/\/www.organisator.ch\/en\/wp-json\/wp\/v2\/tags?post=26556"}],"curies":[{"name":"wp","href":"https:\/\/api.w.org\/{rel}","templated":true}]}}