{"id":26580,"date":"2024-04-17T07:53:01","date_gmt":"2024-04-17T05:53:01","guid":{"rendered":"https:\/\/www.m-q.ch\/?p=19642"},"modified":"2024-11-11T07:02:27","modified_gmt":"2024-11-11T06:02:27","slug":"canon-schweiz-mit-friendly-work-space-qualitaetssiegel-ausgezeichnet","status":"publish","type":"post","link":"https:\/\/www.organisator.ch\/en\/operational-excellence\/2024-04-17\/canon-schweiz-mit-friendly-work-space-qualitaetssiegel-ausgezeichnet\/","title":{"rendered":"Canon Switzerland awarded the \"Friendly Work Space\" quality seal"},"content":{"rendered":"<figure id=\"attachment_19644\" class=\"wp-caption alignnone\" style=\"width: 680px\" aria-describedby=\"caption-attachment-19644\"><img class=\"alignnone wp-image-19644 size-full\" src=\"https:\/\/www.m-q.ch\/wp-content\/uploads\/2024\/04\/Friendly-Work-Space_Bild1_ps.jpg\" alt=\"Canon Switzerland\" width=\"680\" height=\"672\" \/>\r\n<figcaption id=\"caption-attachment-19644\" class=\"wp-caption-text\">Canon Switzerland now bears the \"Friendly Work Space\" seal of approval from Health Promotion Switzerland. (Image: www.friendlyworkspace.ch \/ www.canon.ch)<\/figcaption>\r\n<\/figure>\r\n<p>\"The seal is a nice confirmation that we have an exceptional health management system,\" explains Corinne von Felten, Human Resources Director at Canon (Schweiz) AG. \"We are now one of just under 90 companies in Switzerland that have been awarded the \"Friendly Work Space\" seal of approval. This naturally makes us proud.\"<\/p>\r\n<p>To become a Friendly Work Space certified company, a comprehensive assessment process must be completed. The criteria used by Health Promotion Switzerland to assess the award of the label are based on the European quality criteria of the ENWHP (European Network for Workplace Health Promotion) and have been further developed by Health Promotion Switzerland in collaboration with leading Swiss companies.<\/p>\r\n<p>As part of the assessment process, Canon Switzerland was able to demonstrate that the company has firmly anchored occupational health management in its philosophy and corporate policy.<\/p>\r\n<p>\"Occupational health management has been part of our HR strategy for many years and we are constantly working to create even better conditions for the well-being and health of our employees,\" says the HR manager. \"We are delighted to receive the \"Friendly Work Space\" award, which confirms that investing in health management is worthwhile.\"<\/p>\r\n<p>To ensure that Canon Switzerland can still call itself a Friendly Work Space company in three years' time, we are continuously working on long-term and sustainable health management.<\/p>\r\n<p><em>Source: <a href=\"http:\/\/www.friendlyworkspace.ch\/\">www.friendlyworkspace.ch<\/a> \/ <a href=\"http:\/\/www.canon.ch\/\">www.canon.ch<\/a><\/em><\/p>\n<p class=\"syndicated-attribution\">This article originally appeared on m-q.ch - <a href=\"https:\/\/www.m-q.ch\/de\/canon-schweiz-mit-friendly-work-space-qualitaetssiegel-ausgezeichnet\/\" target=\"_blank\">https:\/\/www.m-q.ch\/de\/canon-schweiz-mit-friendly-work-space-qualitaetssiegel-ausgezeichnet\/<\/a><\/p>","protected":false},"excerpt":{"rendered":"<p>Canon Switzerland now bears the \"Friendly Work Space\" seal of approval from Health Promotion Switzerland. The recognized seal of approval, which is valid for three years, is awarded to organizations that demonstrate a systematic commitment to good working conditions and healthy employees.<\/p>","protected":false},"author":58,"featured_media":0,"comment_status":"closed","ping_status":"closed","sticky":false,"template":"","format":"standard","meta":{"_acf_changed":false,"_yoast_wpseo_focuskw":"Canon Schweiz","_yoast_wpseo_metadesc":"Canon Schweiz erh\u00e4lt \u00abFriendly Work Space\u00bb Siegel f\u00fcr herausragendes Gesundheitsmanagement und Engagement f\u00fcr Mitarbeitende.","articlekey":"","footnotes":""},"categories":[582],"tags":[743,103,3630,424,492,613],"class_list":["post-26580","post","type-post","status-publish","format-standard","hentry","category-operational-excellence","tag-auszeichnung","tag-business-excellence","tag-friendly-work-space","tag-schweiz","tag-unternehmen","tag-zertifizierung"],"acf":[],"yoast_head":"<!-- This site is optimized with the Yoast SEO plugin v27.4 - https:\/\/yoast.com\/product\/yoast-seo-wordpress\/ -->\n<title>Canon Schweiz mit \u00abFriendly Work Space\u00bb Qualit\u00e4tssiegel ausgezeichnet - Organisator<\/title>\n<meta name=\"description\" content=\"Canon Schweiz erh\u00e4lt \u00abFriendly Work Space\u00bb Siegel f\u00fcr herausragendes Gesundheitsmanagement und Engagement f\u00fcr Mitarbeitende.\" \/>\n<meta name=\"robots\" content=\"index, follow, max-snippet:-1, max-image-preview:large, max-video-preview:-1\" \/>\n<link rel=\"canonical\" href=\"https:\/\/www.organisator.ch\/en\/operational-excellence\/2024-04-17\/canon-schweiz-mit-friendly-work-space-qualitaetssiegel-ausgezeichnet\/\" \/>\n<meta property=\"og:locale\" content=\"en_US\" \/>\n<meta property=\"og:type\" content=\"article\" \/>\n<meta property=\"og:title\" content=\"Canon Schweiz mit \u00abFriendly Work Space\u00bb Qualit\u00e4tssiegel ausgezeichnet - Organisator\" \/>\n<meta property=\"og:description\" content=\"Canon Schweiz erh\u00e4lt \u00abFriendly Work Space\u00bb Siegel f\u00fcr herausragendes Gesundheitsmanagement und Engagement f\u00fcr Mitarbeitende.\" \/>\n<meta property=\"og:url\" content=\"https:\/\/www.organisator.ch\/en\/operational-excellence\/2024-04-17\/canon-schweiz-mit-friendly-work-space-qualitaetssiegel-ausgezeichnet\/\" \/>\n<meta property=\"og:site_name\" content=\"Organisator\" \/>\n<meta property=\"article:publisher\" content=\"https:\/\/www.facebook.com\/OrganisatorFachmagazin\" \/>\n<meta property=\"article:published_time\" content=\"2024-04-17T05:53:01+00:00\" \/>\n<meta property=\"article:modified_time\" content=\"2024-11-11T06:02:27+00:00\" \/>\n<meta property=\"og:image\" content=\"https:\/\/www.m-q.ch\/wp-content\/uploads\/2024\/04\/Friendly-Work-Space_Bild1_ps.jpg\" \/>\n<meta name=\"author\" content=\"Adelisa Kalajdzini\" \/>\n<meta name=\"twitter:card\" content=\"summary_large_image\" \/>\n<script type=\"application\/ld+json\" class=\"yoast-schema-graph\">{\"@context\":\"https:\\\/\\\/schema.org\",\"@graph\":[{\"@type\":\"Article\",\"@id\":\"https:\\\/\\\/www.organisator.ch\\\/operational-excellence\\\/2024-04-17\\\/canon-schweiz-mit-friendly-work-space-qualitaetssiegel-ausgezeichnet\\\/#article\",\"isPartOf\":{\"@id\":\"https:\\\/\\\/www.organisator.ch\\\/operational-excellence\\\/2024-04-17\\\/canon-schweiz-mit-friendly-work-space-qualitaetssiegel-ausgezeichnet\\\/\"},\"author\":{\"name\":\"Adelisa Kalajdzini\",\"@id\":\"https:\\\/\\\/www.organisator.ch\\\/#\\\/schema\\\/person\\\/2e1314a2172123f874db408d8911d3f3\"},\"headline\":\"Canon Schweiz mit \u00abFriendly Work Space\u00bb Qualit\u00e4tssiegel ausgezeichnet\",\"datePublished\":\"2024-04-17T05:53:01+00:00\",\"dateModified\":\"2024-11-11T06:02:27+00:00\",\"mainEntityOfPage\":{\"@id\":\"https:\\\/\\\/www.organisator.ch\\\/operational-excellence\\\/2024-04-17\\\/canon-schweiz-mit-friendly-work-space-qualitaetssiegel-ausgezeichnet\\\/\"},\"wordCount\":260,\"publisher\":{\"@id\":\"https:\\\/\\\/www.organisator.ch\\\/#organization\"},\"image\":{\"@id\":\"https:\\\/\\\/www.organisator.ch\\\/operational-excellence\\\/2024-04-17\\\/canon-schweiz-mit-friendly-work-space-qualitaetssiegel-ausgezeichnet\\\/#primaryimage\"},\"thumbnailUrl\":\"https:\\\/\\\/www.m-q.ch\\\/wp-content\\\/uploads\\\/2024\\\/04\\\/Friendly-Work-Space_Bild1_ps.jpg\",\"keywords\":[\"Auszeichnung\",\"Business Excellence\",\"Friendly Work Space\",\"Schweiz\",\"Unternehmen\",\"Zertifizierung\"],\"articleSection\":[\"OPERATIONAL EXCELLENCE\"],\"inLanguage\":\"en-US\"},{\"@type\":\"WebPage\",\"@id\":\"https:\\\/\\\/www.organisator.ch\\\/operational-excellence\\\/2024-04-17\\\/canon-schweiz-mit-friendly-work-space-qualitaetssiegel-ausgezeichnet\\\/\",\"url\":\"https:\\\/\\\/www.organisator.ch\\\/operational-excellence\\\/2024-04-17\\\/canon-schweiz-mit-friendly-work-space-qualitaetssiegel-ausgezeichnet\\\/\",\"name\":\"Canon Schweiz mit \u00abFriendly Work Space\u00bb Qualit\u00e4tssiegel ausgezeichnet - Organisator\",\"isPartOf\":{\"@id\":\"https:\\\/\\\/www.organisator.ch\\\/#website\"},\"primaryImageOfPage\":{\"@id\":\"https:\\\/\\\/www.organisator.ch\\\/operational-excellence\\\/2024-04-17\\\/canon-schweiz-mit-friendly-work-space-qualitaetssiegel-ausgezeichnet\\\/#primaryimage\"},\"image\":{\"@id\":\"https:\\\/\\\/www.organisator.ch\\\/operational-excellence\\\/2024-04-17\\\/canon-schweiz-mit-friendly-work-space-qualitaetssiegel-ausgezeichnet\\\/#primaryimage\"},\"thumbnailUrl\":\"https:\\\/\\\/www.m-q.ch\\\/wp-content\\\/uploads\\\/2024\\\/04\\\/Friendly-Work-Space_Bild1_ps.jpg\",\"datePublished\":\"2024-04-17T05:53:01+00:00\",\"dateModified\":\"2024-11-11T06:02:27+00:00\",\"description\":\"Canon Schweiz erh\u00e4lt \u00abFriendly Work Space\u00bb Siegel f\u00fcr herausragendes Gesundheitsmanagement und Engagement f\u00fcr Mitarbeitende.\",\"breadcrumb\":{\"@id\":\"https:\\\/\\\/www.organisator.ch\\\/operational-excellence\\\/2024-04-17\\\/canon-schweiz-mit-friendly-work-space-qualitaetssiegel-ausgezeichnet\\\/#breadcrumb\"},\"inLanguage\":\"en-US\",\"potentialAction\":[{\"@type\":\"ReadAction\",\"target\":[\"https:\\\/\\\/www.organisator.ch\\\/operational-excellence\\\/2024-04-17\\\/canon-schweiz-mit-friendly-work-space-qualitaetssiegel-ausgezeichnet\\\/\"]}]},{\"@type\":\"ImageObject\",\"inLanguage\":\"en-US\",\"@id\":\"https:\\\/\\\/www.organisator.ch\\\/operational-excellence\\\/2024-04-17\\\/canon-schweiz-mit-friendly-work-space-qualitaetssiegel-ausgezeichnet\\\/#primaryimage\",\"url\":\"https:\\\/\\\/www.m-q.ch\\\/wp-content\\\/uploads\\\/2024\\\/04\\\/Friendly-Work-Space_Bild1_ps.jpg\",\"contentUrl\":\"https:\\\/\\\/www.m-q.ch\\\/wp-content\\\/uploads\\\/2024\\\/04\\\/Friendly-Work-Space_Bild1_ps.jpg\"},{\"@type\":\"BreadcrumbList\",\"@id\":\"https:\\\/\\\/www.organisator.ch\\\/operational-excellence\\\/2024-04-17\\\/canon-schweiz-mit-friendly-work-space-qualitaetssiegel-ausgezeichnet\\\/#breadcrumb\",\"itemListElement\":[{\"@type\":\"ListItem\",\"position\":1,\"name\":\"Home\",\"item\":\"https:\\\/\\\/www.organisator.ch\\\/\"},{\"@type\":\"ListItem\",\"position\":2,\"name\":\"Canon Schweiz mit \u00abFriendly Work Space\u00bb Qualit\u00e4tssiegel ausgezeichnet\"}]},{\"@type\":\"WebSite\",\"@id\":\"https:\\\/\\\/www.organisator.ch\\\/#website\",\"url\":\"https:\\\/\\\/www.organisator.ch\\\/\",\"name\":\"Organisator\",\"description\":\"Kompetent. Praxisnah. Der ORGANISATOR bereitet in 10 Ausgaben pro Jahr die wesentlichen Themen f\u00fcr F\u00fchrungskr\u00e4fte von KMU auf.\",\"publisher\":{\"@id\":\"https:\\\/\\\/www.organisator.ch\\\/#organization\"},\"potentialAction\":[{\"@type\":\"SearchAction\",\"target\":{\"@type\":\"EntryPoint\",\"urlTemplate\":\"https:\\\/\\\/www.organisator.ch\\\/?s={search_term_string}\"},\"query-input\":{\"@type\":\"PropertyValueSpecification\",\"valueRequired\":true,\"valueName\":\"search_term_string\"}}],\"inLanguage\":\"en-US\"},{\"@type\":\"Organization\",\"@id\":\"https:\\\/\\\/www.organisator.ch\\\/#organization\",\"name\":\"Organisator\",\"url\":\"https:\\\/\\\/www.organisator.ch\\\/\",\"logo\":{\"@type\":\"ImageObject\",\"inLanguage\":\"en-US\",\"@id\":\"https:\\\/\\\/www.organisator.ch\\\/#\\\/schema\\\/logo\\\/image\\\/\",\"url\":\"https:\\\/\\\/www.organisator.ch\\\/wp-content\\\/uploads\\\/2022\\\/01\\\/Logo_Organisator_Website.png\",\"contentUrl\":\"https:\\\/\\\/www.organisator.ch\\\/wp-content\\\/uploads\\\/2022\\\/01\\\/Logo_Organisator_Website.png\",\"width\":800,\"height\":77,\"caption\":\"Organisator\"},\"image\":{\"@id\":\"https:\\\/\\\/www.organisator.ch\\\/#\\\/schema\\\/logo\\\/image\\\/\"},\"sameAs\":[\"https:\\\/\\\/www.facebook.com\\\/OrganisatorFachmagazin\",\"https:\\\/\\\/www.linkedin.com\\\/showcase\\\/organisator-das-magazin-fr-kmu\",\"https:\\\/\\\/www.xing.com\\\/news\\\/pages\\\/organisator-ch-695\",\"https:\\\/\\\/www.youtube.com\\\/channel\\\/UCGP2Sq0iWaZwT3BdIAQFYpw\"]},{\"@type\":\"Person\",\"@id\":\"https:\\\/\\\/www.organisator.ch\\\/#\\\/schema\\\/person\\\/2e1314a2172123f874db408d8911d3f3\",\"name\":\"Adelisa Kalajdzini\",\"image\":{\"@type\":\"ImageObject\",\"inLanguage\":\"en-US\",\"@id\":\"https:\\\/\\\/secure.gravatar.com\\\/avatar\\\/09a397c22ac58cad6f160ee8306348599df9df58a8ede73696226897b9fa4b24?s=96&d=mm&r=g\",\"url\":\"https:\\\/\\\/secure.gravatar.com\\\/avatar\\\/09a397c22ac58cad6f160ee8306348599df9df58a8ede73696226897b9fa4b24?s=96&d=mm&r=g\",\"contentUrl\":\"https:\\\/\\\/secure.gravatar.com\\\/avatar\\\/09a397c22ac58cad6f160ee8306348599df9df58a8ede73696226897b9fa4b24?s=96&d=mm&r=g\",\"caption\":\"Adelisa Kalajdzini\"},\"url\":\"https:\\\/\\\/www.organisator.ch\\\/en\\\/author\\\/adelisa-kalajdzini\\\/\"}]}<\/script>\n<!-- \/ Yoast SEO plugin. -->","yoast_head_json":{"title":"Canon Switzerland awarded \"Friendly Work Space\" quality seal - Organizer","description":"Canon Switzerland receives \"Friendly Work Space\" seal for outstanding health management and commitment to employees.","robots":{"index":"index","follow":"follow","max-snippet":"max-snippet:-1","max-image-preview":"max-image-preview:large","max-video-preview":"max-video-preview:-1"},"canonical":"https:\/\/www.organisator.ch\/en\/operational-excellence\/2024-04-17\/canon-schweiz-mit-friendly-work-space-qualitaetssiegel-ausgezeichnet\/","og_locale":"en_US","og_type":"article","og_title":"Canon Schweiz mit \u00abFriendly Work Space\u00bb Qualit\u00e4tssiegel ausgezeichnet - Organisator","og_description":"Canon Schweiz erh\u00e4lt \u00abFriendly Work Space\u00bb Siegel f\u00fcr herausragendes Gesundheitsmanagement und Engagement f\u00fcr Mitarbeitende.","og_url":"https:\/\/www.organisator.ch\/en\/operational-excellence\/2024-04-17\/canon-schweiz-mit-friendly-work-space-qualitaetssiegel-ausgezeichnet\/","og_site_name":"Organisator","article_publisher":"https:\/\/www.facebook.com\/OrganisatorFachmagazin","article_published_time":"2024-04-17T05:53:01+00:00","article_modified_time":"2024-11-11T06:02:27+00:00","og_image":[{"url":"https:\/\/www.m-q.ch\/wp-content\/uploads\/2024\/04\/Friendly-Work-Space_Bild1_ps.jpg","type":"","width":"","height":""}],"author":"Adelisa Kalajdzini","twitter_card":"summary_large_image","schema":{"@context":"https:\/\/schema.org","@graph":[{"@type":"Article","@id":"https:\/\/www.organisator.ch\/operational-excellence\/2024-04-17\/canon-schweiz-mit-friendly-work-space-qualitaetssiegel-ausgezeichnet\/#article","isPartOf":{"@id":"https:\/\/www.organisator.ch\/operational-excellence\/2024-04-17\/canon-schweiz-mit-friendly-work-space-qualitaetssiegel-ausgezeichnet\/"},"author":{"name":"Adelisa Kalajdzini","@id":"https:\/\/www.organisator.ch\/#\/schema\/person\/2e1314a2172123f874db408d8911d3f3"},"headline":"Canon Schweiz mit \u00abFriendly Work Space\u00bb Qualit\u00e4tssiegel ausgezeichnet","datePublished":"2024-04-17T05:53:01+00:00","dateModified":"2024-11-11T06:02:27+00:00","mainEntityOfPage":{"@id":"https:\/\/www.organisator.ch\/operational-excellence\/2024-04-17\/canon-schweiz-mit-friendly-work-space-qualitaetssiegel-ausgezeichnet\/"},"wordCount":260,"publisher":{"@id":"https:\/\/www.organisator.ch\/#organization"},"image":{"@id":"https:\/\/www.organisator.ch\/operational-excellence\/2024-04-17\/canon-schweiz-mit-friendly-work-space-qualitaetssiegel-ausgezeichnet\/#primaryimage"},"thumbnailUrl":"https:\/\/www.m-q.ch\/wp-content\/uploads\/2024\/04\/Friendly-Work-Space_Bild1_ps.jpg","keywords":["Auszeichnung","Business Excellence","Friendly Work Space","Schweiz","Unternehmen","Zertifizierung"],"articleSection":["OPERATIONAL EXCELLENCE"],"inLanguage":"en-US"},{"@type":"WebPage","@id":"https:\/\/www.organisator.ch\/operational-excellence\/2024-04-17\/canon-schweiz-mit-friendly-work-space-qualitaetssiegel-ausgezeichnet\/","url":"https:\/\/www.organisator.ch\/operational-excellence\/2024-04-17\/canon-schweiz-mit-friendly-work-space-qualitaetssiegel-ausgezeichnet\/","name":"Canon Switzerland awarded \"Friendly Work Space\" quality seal - Organizer","isPartOf":{"@id":"https:\/\/www.organisator.ch\/#website"},"primaryImageOfPage":{"@id":"https:\/\/www.organisator.ch\/operational-excellence\/2024-04-17\/canon-schweiz-mit-friendly-work-space-qualitaetssiegel-ausgezeichnet\/#primaryimage"},"image":{"@id":"https:\/\/www.organisator.ch\/operational-excellence\/2024-04-17\/canon-schweiz-mit-friendly-work-space-qualitaetssiegel-ausgezeichnet\/#primaryimage"},"thumbnailUrl":"https:\/\/www.m-q.ch\/wp-content\/uploads\/2024\/04\/Friendly-Work-Space_Bild1_ps.jpg","datePublished":"2024-04-17T05:53:01+00:00","dateModified":"2024-11-11T06:02:27+00:00","description":"Canon Switzerland receives \"Friendly Work Space\" seal for outstanding health management and commitment to employees.","breadcrumb":{"@id":"https:\/\/www.organisator.ch\/operational-excellence\/2024-04-17\/canon-schweiz-mit-friendly-work-space-qualitaetssiegel-ausgezeichnet\/#breadcrumb"},"inLanguage":"en-US","potentialAction":[{"@type":"ReadAction","target":["https:\/\/www.organisator.ch\/operational-excellence\/2024-04-17\/canon-schweiz-mit-friendly-work-space-qualitaetssiegel-ausgezeichnet\/"]}]},{"@type":"ImageObject","inLanguage":"en-US","@id":"https:\/\/www.organisator.ch\/operational-excellence\/2024-04-17\/canon-schweiz-mit-friendly-work-space-qualitaetssiegel-ausgezeichnet\/#primaryimage","url":"https:\/\/www.m-q.ch\/wp-content\/uploads\/2024\/04\/Friendly-Work-Space_Bild1_ps.jpg","contentUrl":"https:\/\/www.m-q.ch\/wp-content\/uploads\/2024\/04\/Friendly-Work-Space_Bild1_ps.jpg"},{"@type":"BreadcrumbList","@id":"https:\/\/www.organisator.ch\/operational-excellence\/2024-04-17\/canon-schweiz-mit-friendly-work-space-qualitaetssiegel-ausgezeichnet\/#breadcrumb","itemListElement":[{"@type":"ListItem","position":1,"name":"Home","item":"https:\/\/www.organisator.ch\/"},{"@type":"ListItem","position":2,"name":"Canon Schweiz mit \u00abFriendly Work Space\u00bb Qualit\u00e4tssiegel ausgezeichnet"}]},{"@type":"WebSite","@id":"https:\/\/www.organisator.ch\/#website","url":"https:\/\/www.organisator.ch\/","name":"Organizer","description":"Competent. Practical. In 10 issues per year, ORGANISATOR presents the essential topics for managers of SMEs.","publisher":{"@id":"https:\/\/www.organisator.ch\/#organization"},"potentialAction":[{"@type":"SearchAction","target":{"@type":"EntryPoint","urlTemplate":"https:\/\/www.organisator.ch\/?s={search_term_string}"},"query-input":{"@type":"PropertyValueSpecification","valueRequired":true,"valueName":"search_term_string"}}],"inLanguage":"en-US"},{"@type":"Organization","@id":"https:\/\/www.organisator.ch\/#organization","name":"Organizer","url":"https:\/\/www.organisator.ch\/","logo":{"@type":"ImageObject","inLanguage":"en-US","@id":"https:\/\/www.organisator.ch\/#\/schema\/logo\/image\/","url":"https:\/\/www.organisator.ch\/wp-content\/uploads\/2022\/01\/Logo_Organisator_Website.png","contentUrl":"https:\/\/www.organisator.ch\/wp-content\/uploads\/2022\/01\/Logo_Organisator_Website.png","width":800,"height":77,"caption":"Organisator"},"image":{"@id":"https:\/\/www.organisator.ch\/#\/schema\/logo\/image\/"},"sameAs":["https:\/\/www.facebook.com\/OrganisatorFachmagazin","https:\/\/www.linkedin.com\/showcase\/organisator-das-magazin-fr-kmu","https:\/\/www.xing.com\/news\/pages\/organisator-ch-695","https:\/\/www.youtube.com\/channel\/UCGP2Sq0iWaZwT3BdIAQFYpw"]},{"@type":"Person","@id":"https:\/\/www.organisator.ch\/#\/schema\/person\/2e1314a2172123f874db408d8911d3f3","name":"Adelisa Kalajdzini","image":{"@type":"ImageObject","inLanguage":"en-US","@id":"https:\/\/secure.gravatar.com\/avatar\/09a397c22ac58cad6f160ee8306348599df9df58a8ede73696226897b9fa4b24?s=96&d=mm&r=g","url":"https:\/\/secure.gravatar.com\/avatar\/09a397c22ac58cad6f160ee8306348599df9df58a8ede73696226897b9fa4b24?s=96&d=mm&r=g","contentUrl":"https:\/\/secure.gravatar.com\/avatar\/09a397c22ac58cad6f160ee8306348599df9df58a8ede73696226897b9fa4b24?s=96&d=mm&r=g","caption":"Adelisa Kalajdzini"},"url":"https:\/\/www.organisator.ch\/en\/author\/adelisa-kalajdzini\/"}]}},"_links":{"self":[{"href":"https:\/\/www.organisator.ch\/en\/wp-json\/wp\/v2\/posts\/26580","targetHints":{"allow":["GET"]}}],"collection":[{"href":"https:\/\/www.organisator.ch\/en\/wp-json\/wp\/v2\/posts"}],"about":[{"href":"https:\/\/www.organisator.ch\/en\/wp-json\/wp\/v2\/types\/post"}],"author":[{"embeddable":true,"href":"https:\/\/www.organisator.ch\/en\/wp-json\/wp\/v2\/users\/58"}],"replies":[{"embeddable":true,"href":"https:\/\/www.organisator.ch\/en\/wp-json\/wp\/v2\/comments?post=26580"}],"version-history":[{"count":5,"href":"https:\/\/www.organisator.ch\/en\/wp-json\/wp\/v2\/posts\/26580\/revisions"}],"predecessor-version":[{"id":32312,"href":"https:\/\/www.organisator.ch\/en\/wp-json\/wp\/v2\/posts\/26580\/revisions\/32312"}],"wp:attachment":[{"href":"https:\/\/www.organisator.ch\/en\/wp-json\/wp\/v2\/media?parent=26580"}],"wp:term":[{"taxonomy":"category","embeddable":true,"href":"https:\/\/www.organisator.ch\/en\/wp-json\/wp\/v2\/categories?post=26580"},{"taxonomy":"post_tag","embeddable":true,"href":"https:\/\/www.organisator.ch\/en\/wp-json\/wp\/v2\/tags?post=26580"}],"curies":[{"name":"wp","href":"https:\/\/api.w.org\/{rel}","templated":true}]}}