{"id":26644,"date":"2024-04-22T09:58:06","date_gmt":"2024-04-22T07:58:06","guid":{"rendered":"https:\/\/www.werbewoche.ch\/?p=213987"},"modified":"2024-11-11T06:45:41","modified_gmt":"2024-11-11T05:45:41","slug":"schweiz-tourismus-und-sigg-swissness-jetzt-im-doppelpack","status":"publish","type":"post","link":"https:\/\/www.organisator.ch\/en\/marketing\/2024-04-22\/schweiz-tourismus-und-sigg-swissness-jetzt-im-doppelpack\/","title":{"rendered":"Switzerland Tourism and Sigg: Swissness now in a double pack"},"content":{"rendered":"<p><img class=\"alignnone wp-image-213990 size-full\" src=\"https:\/\/www.werbewoche.ch\/wp-content\/uploads\/2024\/04\/Sigg1.jpg\" alt=\"Sigg Switzerland\" width=\"1200\" height=\"900\" \/>Sigg and Switzerland Tourism: two brands that stand for Swissness, quality and sustainability. This is why the two companies are now joining forces and aiming to exploit joint synergies such as the integration of Sigg drinking bottles in various marketing campaigns. In future, the bottles from the traditional Swiss company will be used as gifts for customer and media events as well as for influencer collaborations.<\/p>\r\n<p>Germany, the largest and therefore most important foreign market for the Swiss tourism industry, is the focus market for the campaigns. The aim is to exploit synergies, particularly in the area of sustainability.<\/p>\r\n<p>The merger enables various collaborations. One of these is the 26th edition of the \"Swiss Holiday Day\" in Geneva, which will take place on April 29 and 30, 2024. The event is the largest and most important industry event in the domestic tourism sector with more than a thousand participants. Sigg will be on site as a new official partner and will be able to exchange ideas with industry and business partners.<\/p>\r\n<p><img class=\"alignnone size-full wp-image-213991\" src=\"https:\/\/www.werbewoche.ch\/wp-content\/uploads\/2024\/04\/Sigg2.jpg\" alt=\"\" width=\"1200\" height=\"800\" \/><\/p>\r\n<h3>Sustainable bottles for environmentally friendly tourism<\/h3>\r\n<p>Switzerland Tourism and Sigg share a commitment to sustainability. The company manufactures all its aluminum bottles from 100% recycled aluminum at its own production facility in Frauenfeld TG. With the drinking bottles, guests can enjoy the clean mountain and spring water available everywhere in Switzerland at any time in an environmentally friendly way. The collaboration is intended to help consolidate Switzerland's position as a leading destination for sustainable tourism.<\/p>\r\n<p>Switzerland Tourism is committed to sustainable tourism and the further development of the Swisstainable sustainability program. The program was launched by Switzerland Tourism and the entire tourism industry in spring 2021 as part of the sustainability strategy for Switzerland as a travel destination. The aim of the strategy is to position Switzerland as a leading destination for environmentally friendly tourism.<\/p>","protected":false},"excerpt":{"rendered":"<p>The traditional Swiss company Sigg is now an official partner of Switzerland Tourism. The partnership is intended to make the modern Swiss identity even better known worldwide by integrating the drinking bottles into campaigns, among other things.<\/p>","protected":false},"author":8,"featured_media":0,"comment_status":"closed","ping_status":"closed","sticky":false,"template":"","format":"standard","meta":{"_acf_changed":false,"_yoast_wpseo_focuskw":"Sigg Schweiz","_yoast_wpseo_metadesc":"Sigg und Schweiz Tourismus kooperieren f\u00fcr Nachhaltigkeit. Trinkflaschen als Pr\u00e4sente und Teil von Marketingkampagnen.","articlekey":"","footnotes":""},"categories":[29],"tags":[339,2854,4198],"class_list":["post-26644","post","type-post","status-publish","format-standard","hentry","category-marketing","tag-marketing","tag-schweiz-tourismus","tag-sigg"],"acf":[],"yoast_head":"<!-- This site is optimized with the Yoast SEO plugin v27.4 - https:\/\/yoast.com\/product\/yoast-seo-wordpress\/ -->\n<title>Schweiz Tourismus und Sigg: Swissness jetzt im Doppelpack - Organisator<\/title>\n<meta name=\"description\" content=\"Sigg und Schweiz Tourismus kooperieren f\u00fcr Nachhaltigkeit. Trinkflaschen als Pr\u00e4sente und Teil von Marketingkampagnen.\" \/>\n<meta name=\"robots\" content=\"index, follow, max-snippet:-1, max-image-preview:large, max-video-preview:-1\" \/>\n<link rel=\"canonical\" href=\"https:\/\/www.organisator.ch\/en\/marketing\/2024-04-22\/schweiz-tourismus-und-sigg-swissness-jetzt-im-doppelpack\/\" \/>\n<meta property=\"og:locale\" content=\"en_US\" \/>\n<meta property=\"og:type\" content=\"article\" \/>\n<meta property=\"og:title\" content=\"Schweiz Tourismus und Sigg: Swissness jetzt im Doppelpack - Organisator\" \/>\n<meta property=\"og:description\" content=\"Sigg und Schweiz Tourismus kooperieren f\u00fcr Nachhaltigkeit. Trinkflaschen als Pr\u00e4sente und Teil von Marketingkampagnen.\" \/>\n<meta property=\"og:url\" content=\"https:\/\/www.organisator.ch\/en\/marketing\/2024-04-22\/schweiz-tourismus-und-sigg-swissness-jetzt-im-doppelpack\/\" \/>\n<meta property=\"og:site_name\" content=\"Organisator\" \/>\n<meta property=\"article:publisher\" content=\"https:\/\/www.facebook.com\/OrganisatorFachmagazin\" \/>\n<meta property=\"article:published_time\" content=\"2024-04-22T07:58:06+00:00\" \/>\n<meta property=\"article:modified_time\" content=\"2024-11-11T05:45:41+00:00\" \/>\n<meta property=\"og:image\" content=\"https:\/\/www.werbewoche.ch\/wp-content\/uploads\/2024\/04\/Sigg1.jpg\" \/>\n<meta name=\"author\" content=\"galledia\" \/>\n<meta name=\"twitter:card\" content=\"summary_large_image\" \/>\n<meta name=\"twitter:creator\" content=\"@admin\" \/>\n<script type=\"application\/ld+json\" class=\"yoast-schema-graph\">{\"@context\":\"https:\\\/\\\/schema.org\",\"@graph\":[{\"@type\":\"Article\",\"@id\":\"https:\\\/\\\/www.organisator.ch\\\/marketing\\\/2024-04-22\\\/schweiz-tourismus-und-sigg-swissness-jetzt-im-doppelpack\\\/#article\",\"isPartOf\":{\"@id\":\"https:\\\/\\\/www.organisator.ch\\\/marketing\\\/2024-04-22\\\/schweiz-tourismus-und-sigg-swissness-jetzt-im-doppelpack\\\/\"},\"author\":{\"name\":\"galledia\",\"@id\":\"https:\\\/\\\/www.organisator.ch\\\/#\\\/schema\\\/person\\\/4e51799071cd2dd1232ac003643ef5f0\"},\"headline\":\"Schweiz Tourismus und Sigg: Swissness jetzt im Doppelpack\",\"datePublished\":\"2024-04-22T07:58:06+00:00\",\"dateModified\":\"2024-11-11T05:45:41+00:00\",\"mainEntityOfPage\":{\"@id\":\"https:\\\/\\\/www.organisator.ch\\\/marketing\\\/2024-04-22\\\/schweiz-tourismus-und-sigg-swissness-jetzt-im-doppelpack\\\/\"},\"wordCount\":284,\"publisher\":{\"@id\":\"https:\\\/\\\/www.organisator.ch\\\/#organization\"},\"image\":{\"@id\":\"https:\\\/\\\/www.organisator.ch\\\/marketing\\\/2024-04-22\\\/schweiz-tourismus-und-sigg-swissness-jetzt-im-doppelpack\\\/#primaryimage\"},\"thumbnailUrl\":\"https:\\\/\\\/www.werbewoche.ch\\\/wp-content\\\/uploads\\\/2024\\\/04\\\/Sigg1.jpg\",\"keywords\":[\"Marketing\",\"Schweiz Tourismus\",\"Sigg\"],\"articleSection\":[\"MARKETING\"],\"inLanguage\":\"en-US\"},{\"@type\":\"WebPage\",\"@id\":\"https:\\\/\\\/www.organisator.ch\\\/marketing\\\/2024-04-22\\\/schweiz-tourismus-und-sigg-swissness-jetzt-im-doppelpack\\\/\",\"url\":\"https:\\\/\\\/www.organisator.ch\\\/marketing\\\/2024-04-22\\\/schweiz-tourismus-und-sigg-swissness-jetzt-im-doppelpack\\\/\",\"name\":\"Schweiz Tourismus und Sigg: Swissness jetzt im Doppelpack - Organisator\",\"isPartOf\":{\"@id\":\"https:\\\/\\\/www.organisator.ch\\\/#website\"},\"primaryImageOfPage\":{\"@id\":\"https:\\\/\\\/www.organisator.ch\\\/marketing\\\/2024-04-22\\\/schweiz-tourismus-und-sigg-swissness-jetzt-im-doppelpack\\\/#primaryimage\"},\"image\":{\"@id\":\"https:\\\/\\\/www.organisator.ch\\\/marketing\\\/2024-04-22\\\/schweiz-tourismus-und-sigg-swissness-jetzt-im-doppelpack\\\/#primaryimage\"},\"thumbnailUrl\":\"https:\\\/\\\/www.werbewoche.ch\\\/wp-content\\\/uploads\\\/2024\\\/04\\\/Sigg1.jpg\",\"datePublished\":\"2024-04-22T07:58:06+00:00\",\"dateModified\":\"2024-11-11T05:45:41+00:00\",\"description\":\"Sigg und Schweiz Tourismus kooperieren f\u00fcr Nachhaltigkeit. Trinkflaschen als Pr\u00e4sente und Teil von Marketingkampagnen.\",\"breadcrumb\":{\"@id\":\"https:\\\/\\\/www.organisator.ch\\\/marketing\\\/2024-04-22\\\/schweiz-tourismus-und-sigg-swissness-jetzt-im-doppelpack\\\/#breadcrumb\"},\"inLanguage\":\"en-US\",\"potentialAction\":[{\"@type\":\"ReadAction\",\"target\":[\"https:\\\/\\\/www.organisator.ch\\\/marketing\\\/2024-04-22\\\/schweiz-tourismus-und-sigg-swissness-jetzt-im-doppelpack\\\/\"]}]},{\"@type\":\"ImageObject\",\"inLanguage\":\"en-US\",\"@id\":\"https:\\\/\\\/www.organisator.ch\\\/marketing\\\/2024-04-22\\\/schweiz-tourismus-und-sigg-swissness-jetzt-im-doppelpack\\\/#primaryimage\",\"url\":\"https:\\\/\\\/www.werbewoche.ch\\\/wp-content\\\/uploads\\\/2024\\\/04\\\/Sigg1.jpg\",\"contentUrl\":\"https:\\\/\\\/www.werbewoche.ch\\\/wp-content\\\/uploads\\\/2024\\\/04\\\/Sigg1.jpg\"},{\"@type\":\"BreadcrumbList\",\"@id\":\"https:\\\/\\\/www.organisator.ch\\\/marketing\\\/2024-04-22\\\/schweiz-tourismus-und-sigg-swissness-jetzt-im-doppelpack\\\/#breadcrumb\",\"itemListElement\":[{\"@type\":\"ListItem\",\"position\":1,\"name\":\"Home\",\"item\":\"https:\\\/\\\/www.organisator.ch\\\/\"},{\"@type\":\"ListItem\",\"position\":2,\"name\":\"Schweiz Tourismus und Sigg: Swissness jetzt im Doppelpack\"}]},{\"@type\":\"WebSite\",\"@id\":\"https:\\\/\\\/www.organisator.ch\\\/#website\",\"url\":\"https:\\\/\\\/www.organisator.ch\\\/\",\"name\":\"Organisator\",\"description\":\"Kompetent. Praxisnah. Der ORGANISATOR bereitet in 10 Ausgaben pro Jahr die wesentlichen Themen f\u00fcr F\u00fchrungskr\u00e4fte von KMU auf.\",\"publisher\":{\"@id\":\"https:\\\/\\\/www.organisator.ch\\\/#organization\"},\"potentialAction\":[{\"@type\":\"SearchAction\",\"target\":{\"@type\":\"EntryPoint\",\"urlTemplate\":\"https:\\\/\\\/www.organisator.ch\\\/?s={search_term_string}\"},\"query-input\":{\"@type\":\"PropertyValueSpecification\",\"valueRequired\":true,\"valueName\":\"search_term_string\"}}],\"inLanguage\":\"en-US\"},{\"@type\":\"Organization\",\"@id\":\"https:\\\/\\\/www.organisator.ch\\\/#organization\",\"name\":\"Organisator\",\"url\":\"https:\\\/\\\/www.organisator.ch\\\/\",\"logo\":{\"@type\":\"ImageObject\",\"inLanguage\":\"en-US\",\"@id\":\"https:\\\/\\\/www.organisator.ch\\\/#\\\/schema\\\/logo\\\/image\\\/\",\"url\":\"https:\\\/\\\/www.organisator.ch\\\/wp-content\\\/uploads\\\/2022\\\/01\\\/Logo_Organisator_Website.png\",\"contentUrl\":\"https:\\\/\\\/www.organisator.ch\\\/wp-content\\\/uploads\\\/2022\\\/01\\\/Logo_Organisator_Website.png\",\"width\":800,\"height\":77,\"caption\":\"Organisator\"},\"image\":{\"@id\":\"https:\\\/\\\/www.organisator.ch\\\/#\\\/schema\\\/logo\\\/image\\\/\"},\"sameAs\":[\"https:\\\/\\\/www.facebook.com\\\/OrganisatorFachmagazin\",\"https:\\\/\\\/www.linkedin.com\\\/showcase\\\/organisator-das-magazin-fr-kmu\",\"https:\\\/\\\/www.xing.com\\\/news\\\/pages\\\/organisator-ch-695\",\"https:\\\/\\\/www.youtube.com\\\/channel\\\/UCGP2Sq0iWaZwT3BdIAQFYpw\"]},{\"@type\":\"Person\",\"@id\":\"https:\\\/\\\/www.organisator.ch\\\/#\\\/schema\\\/person\\\/4e51799071cd2dd1232ac003643ef5f0\",\"name\":\"galledia\",\"image\":{\"@type\":\"ImageObject\",\"inLanguage\":\"en-US\",\"@id\":\"https:\\\/\\\/secure.gravatar.com\\\/avatar\\\/78a7f90c01fc2bfc875782a0d4922b37cde2cf184ce347b91316d23cd7f69a36?s=96&d=mm&r=g\",\"url\":\"https:\\\/\\\/secure.gravatar.com\\\/avatar\\\/78a7f90c01fc2bfc875782a0d4922b37cde2cf184ce347b91316d23cd7f69a36?s=96&d=mm&r=g\",\"contentUrl\":\"https:\\\/\\\/secure.gravatar.com\\\/avatar\\\/78a7f90c01fc2bfc875782a0d4922b37cde2cf184ce347b91316d23cd7f69a36?s=96&d=mm&r=g\",\"caption\":\"galledia\"},\"sameAs\":[\"https:\\\/\\\/x.com\\\/admin\"],\"url\":\"https:\\\/\\\/www.organisator.ch\\\/en\\\/author\\\/galledia\\\/\"}]}<\/script>\n<!-- \/ Yoast SEO plugin. -->","yoast_head_json":{"title":"Switzerland Tourism and Sigg: Swissness now in a double pack - Organizer","description":"Sigg and Switzerland Tourism cooperate for sustainability. Drinking bottles as gifts and part of marketing campaigns.","robots":{"index":"index","follow":"follow","max-snippet":"max-snippet:-1","max-image-preview":"max-image-preview:large","max-video-preview":"max-video-preview:-1"},"canonical":"https:\/\/www.organisator.ch\/en\/marketing\/2024-04-22\/schweiz-tourismus-und-sigg-swissness-jetzt-im-doppelpack\/","og_locale":"en_US","og_type":"article","og_title":"Schweiz Tourismus und Sigg: Swissness jetzt im Doppelpack - Organisator","og_description":"Sigg und Schweiz Tourismus kooperieren f\u00fcr Nachhaltigkeit. Trinkflaschen als Pr\u00e4sente und Teil von Marketingkampagnen.","og_url":"https:\/\/www.organisator.ch\/en\/marketing\/2024-04-22\/schweiz-tourismus-und-sigg-swissness-jetzt-im-doppelpack\/","og_site_name":"Organisator","article_publisher":"https:\/\/www.facebook.com\/OrganisatorFachmagazin","article_published_time":"2024-04-22T07:58:06+00:00","article_modified_time":"2024-11-11T05:45:41+00:00","og_image":[{"url":"https:\/\/www.werbewoche.ch\/wp-content\/uploads\/2024\/04\/Sigg1.jpg","type":"","width":"","height":""}],"author":"galledia","twitter_card":"summary_large_image","twitter_creator":"@admin","schema":{"@context":"https:\/\/schema.org","@graph":[{"@type":"Article","@id":"https:\/\/www.organisator.ch\/marketing\/2024-04-22\/schweiz-tourismus-und-sigg-swissness-jetzt-im-doppelpack\/#article","isPartOf":{"@id":"https:\/\/www.organisator.ch\/marketing\/2024-04-22\/schweiz-tourismus-und-sigg-swissness-jetzt-im-doppelpack\/"},"author":{"name":"galledia","@id":"https:\/\/www.organisator.ch\/#\/schema\/person\/4e51799071cd2dd1232ac003643ef5f0"},"headline":"Schweiz Tourismus und Sigg: Swissness jetzt im Doppelpack","datePublished":"2024-04-22T07:58:06+00:00","dateModified":"2024-11-11T05:45:41+00:00","mainEntityOfPage":{"@id":"https:\/\/www.organisator.ch\/marketing\/2024-04-22\/schweiz-tourismus-und-sigg-swissness-jetzt-im-doppelpack\/"},"wordCount":284,"publisher":{"@id":"https:\/\/www.organisator.ch\/#organization"},"image":{"@id":"https:\/\/www.organisator.ch\/marketing\/2024-04-22\/schweiz-tourismus-und-sigg-swissness-jetzt-im-doppelpack\/#primaryimage"},"thumbnailUrl":"https:\/\/www.werbewoche.ch\/wp-content\/uploads\/2024\/04\/Sigg1.jpg","keywords":["Marketing","Schweiz Tourismus","Sigg"],"articleSection":["MARKETING"],"inLanguage":"en-US"},{"@type":"WebPage","@id":"https:\/\/www.organisator.ch\/marketing\/2024-04-22\/schweiz-tourismus-und-sigg-swissness-jetzt-im-doppelpack\/","url":"https:\/\/www.organisator.ch\/marketing\/2024-04-22\/schweiz-tourismus-und-sigg-swissness-jetzt-im-doppelpack\/","name":"Switzerland Tourism and Sigg: Swissness now in a double pack - Organizer","isPartOf":{"@id":"https:\/\/www.organisator.ch\/#website"},"primaryImageOfPage":{"@id":"https:\/\/www.organisator.ch\/marketing\/2024-04-22\/schweiz-tourismus-und-sigg-swissness-jetzt-im-doppelpack\/#primaryimage"},"image":{"@id":"https:\/\/www.organisator.ch\/marketing\/2024-04-22\/schweiz-tourismus-und-sigg-swissness-jetzt-im-doppelpack\/#primaryimage"},"thumbnailUrl":"https:\/\/www.werbewoche.ch\/wp-content\/uploads\/2024\/04\/Sigg1.jpg","datePublished":"2024-04-22T07:58:06+00:00","dateModified":"2024-11-11T05:45:41+00:00","description":"Sigg and Switzerland Tourism cooperate for sustainability. Drinking bottles as gifts and part of marketing campaigns.","breadcrumb":{"@id":"https:\/\/www.organisator.ch\/marketing\/2024-04-22\/schweiz-tourismus-und-sigg-swissness-jetzt-im-doppelpack\/#breadcrumb"},"inLanguage":"en-US","potentialAction":[{"@type":"ReadAction","target":["https:\/\/www.organisator.ch\/marketing\/2024-04-22\/schweiz-tourismus-und-sigg-swissness-jetzt-im-doppelpack\/"]}]},{"@type":"ImageObject","inLanguage":"en-US","@id":"https:\/\/www.organisator.ch\/marketing\/2024-04-22\/schweiz-tourismus-und-sigg-swissness-jetzt-im-doppelpack\/#primaryimage","url":"https:\/\/www.werbewoche.ch\/wp-content\/uploads\/2024\/04\/Sigg1.jpg","contentUrl":"https:\/\/www.werbewoche.ch\/wp-content\/uploads\/2024\/04\/Sigg1.jpg"},{"@type":"BreadcrumbList","@id":"https:\/\/www.organisator.ch\/marketing\/2024-04-22\/schweiz-tourismus-und-sigg-swissness-jetzt-im-doppelpack\/#breadcrumb","itemListElement":[{"@type":"ListItem","position":1,"name":"Home","item":"https:\/\/www.organisator.ch\/"},{"@type":"ListItem","position":2,"name":"Schweiz Tourismus und Sigg: Swissness jetzt im Doppelpack"}]},{"@type":"WebSite","@id":"https:\/\/www.organisator.ch\/#website","url":"https:\/\/www.organisator.ch\/","name":"Organizer","description":"Competent. Practical. In 10 issues per year, ORGANISATOR presents the essential topics for managers of SMEs.","publisher":{"@id":"https:\/\/www.organisator.ch\/#organization"},"potentialAction":[{"@type":"SearchAction","target":{"@type":"EntryPoint","urlTemplate":"https:\/\/www.organisator.ch\/?s={search_term_string}"},"query-input":{"@type":"PropertyValueSpecification","valueRequired":true,"valueName":"search_term_string"}}],"inLanguage":"en-US"},{"@type":"Organization","@id":"https:\/\/www.organisator.ch\/#organization","name":"Organizer","url":"https:\/\/www.organisator.ch\/","logo":{"@type":"ImageObject","inLanguage":"en-US","@id":"https:\/\/www.organisator.ch\/#\/schema\/logo\/image\/","url":"https:\/\/www.organisator.ch\/wp-content\/uploads\/2022\/01\/Logo_Organisator_Website.png","contentUrl":"https:\/\/www.organisator.ch\/wp-content\/uploads\/2022\/01\/Logo_Organisator_Website.png","width":800,"height":77,"caption":"Organisator"},"image":{"@id":"https:\/\/www.organisator.ch\/#\/schema\/logo\/image\/"},"sameAs":["https:\/\/www.facebook.com\/OrganisatorFachmagazin","https:\/\/www.linkedin.com\/showcase\/organisator-das-magazin-fr-kmu","https:\/\/www.xing.com\/news\/pages\/organisator-ch-695","https:\/\/www.youtube.com\/channel\/UCGP2Sq0iWaZwT3BdIAQFYpw"]},{"@type":"Person","@id":"https:\/\/www.organisator.ch\/#\/schema\/person\/4e51799071cd2dd1232ac003643ef5f0","name":"galledia","image":{"@type":"ImageObject","inLanguage":"en-US","@id":"https:\/\/secure.gravatar.com\/avatar\/78a7f90c01fc2bfc875782a0d4922b37cde2cf184ce347b91316d23cd7f69a36?s=96&d=mm&r=g","url":"https:\/\/secure.gravatar.com\/avatar\/78a7f90c01fc2bfc875782a0d4922b37cde2cf184ce347b91316d23cd7f69a36?s=96&d=mm&r=g","contentUrl":"https:\/\/secure.gravatar.com\/avatar\/78a7f90c01fc2bfc875782a0d4922b37cde2cf184ce347b91316d23cd7f69a36?s=96&d=mm&r=g","caption":"galledia"},"sameAs":["https:\/\/x.com\/admin"],"url":"https:\/\/www.organisator.ch\/en\/author\/galledia\/"}]}},"_links":{"self":[{"href":"https:\/\/www.organisator.ch\/en\/wp-json\/wp\/v2\/posts\/26644","targetHints":{"allow":["GET"]}}],"collection":[{"href":"https:\/\/www.organisator.ch\/en\/wp-json\/wp\/v2\/posts"}],"about":[{"href":"https:\/\/www.organisator.ch\/en\/wp-json\/wp\/v2\/types\/post"}],"author":[{"embeddable":true,"href":"https:\/\/www.organisator.ch\/en\/wp-json\/wp\/v2\/users\/8"}],"replies":[{"embeddable":true,"href":"https:\/\/www.organisator.ch\/en\/wp-json\/wp\/v2\/comments?post=26644"}],"version-history":[{"count":5,"href":"https:\/\/www.organisator.ch\/en\/wp-json\/wp\/v2\/posts\/26644\/revisions"}],"predecessor-version":[{"id":32299,"href":"https:\/\/www.organisator.ch\/en\/wp-json\/wp\/v2\/posts\/26644\/revisions\/32299"}],"wp:attachment":[{"href":"https:\/\/www.organisator.ch\/en\/wp-json\/wp\/v2\/media?parent=26644"}],"wp:term":[{"taxonomy":"category","embeddable":true,"href":"https:\/\/www.organisator.ch\/en\/wp-json\/wp\/v2\/categories?post=26644"},{"taxonomy":"post_tag","embeddable":true,"href":"https:\/\/www.organisator.ch\/en\/wp-json\/wp\/v2\/tags?post=26644"}],"curies":[{"name":"wp","href":"https:\/\/api.w.org\/{rel}","templated":true}]}}