{"id":2665,"date":"2019-12-04T10:39:13","date_gmt":"2019-12-04T09:39:13","guid":{"rendered":"https:\/\/www.umweltperspektiven.ch\/?p=2665"},"modified":"2022-02-09T11:06:15","modified_gmt":"2022-02-09T10:06:15","slug":"axpo-plant-erste-alpine-solar-grossanlage-der-schweiz","status":"publish","type":"post","link":"https:\/\/www.organisator.ch\/en\/sustainability\/2019-12-04\/axpo-plant-erste-alpine-solar-grossanlage-der-schweiz\/","title":{"rendered":"Axpo plans first large-scale alpine solar plant in Switzerland"},"content":{"rendered":"<figure id=\"attachment_2666\" aria-describedby=\"caption-attachment-2666\" style=\"width: 470px\" class=\"wp-caption alignnone\"><img loading=\"lazy\" decoding=\"async\" class=\"size-full wp-image-2666\" src=\"\/\/www.umweltperspektiven.ch\/wp-content\/uploads\/2019\/12\/Axpo_Staumauer-UP-Umwelt-Perspektiven.jpg\" alt=\"\" width=\"470\" height=\"305\" srcset=\"https:\/\/www.organisator.ch\/wp-content\/uploads\/2019\/12\/Axpo_Staumauer-UP-Umwelt-Perspektiven.jpg 470w, https:\/\/www.organisator.ch\/wp-content\/uploads\/2019\/12\/Axpo_Staumauer-UP-Umwelt-Perspektiven-18x12.jpg 18w, https:\/\/www.organisator.ch\/wp-content\/uploads\/2019\/12\/Axpo_Staumauer-UP-Umwelt-Perspektiven-270x175.jpg 270w, https:\/\/www.organisator.ch\/wp-content\/uploads\/2019\/12\/Axpo_Staumauer-UP-Umwelt-Perspektiven-300x195.jpg 300w\" sizes=\"auto, (max-width: 470px) 100vw, 470px\" \/><figcaption id=\"caption-attachment-2666\" class=\"wp-caption-text\">Switzerland's first large-scale alpine solar plant is to be built on the Muttsee dam of the Limmern pumped storage plant. (Image: Axpo)<\/figcaption><\/figure>\n<p>&nbsp;<\/p>\n<p class=\"bodytext\"><a href=\"\/\/www.axpo.ch\/\" target=\"_blank\" rel=\"noopener\">Axpo<\/a>\u00a0also wants to use the Limmern pumped storage plant to produce solar power. As the Baden-based energy company writes, it is planning a solar plant with 6000 photovoltaic modules and an area of 10,000 square meters on the Muttsee dam. The plant is to have an installed capacity of 2 megawatts and generate 2.7 gigawatt hours of electricity per year.<\/p>\n<p>The \"PV Muttsee\" project envisages a plant with an installed capacity of 2 megawatts and an annual electricity production of 2.7 gigawatt hours. A good 6,000 PV modules are to be installed on an area of 10,000 square meters. Axpo will submit the corresponding building application in the next few days. \"The Muttsee dam is exceptionally well suited for photovoltaics,\" says Christoph Sutter, head of new energies at Axpo. \"We have an existing infrastructure that has a grid connection and faces south and is therefore optimally exposed to the sun. In addition, the plant is located at an altitude of almost 2,500 meters and thus provides a lot of electricity, especially during the winter months.\"<\/p>\n<p>Photovoltaic plants in the alpine region deliver - unlike plants in the lowlands - about half of their electricity production in the winter half-year. There are several reasons for this: At high altitudes, there is less fog and correspondingly more solar radiation. In addition, the efficiency of PV modules is higher at low temperatures. And finally, the sunlight is reflected by the snow cover, which leads to a higher solar power yield in winter.<\/p>\n<p>The solar project at the Muttsee dam is unique and trend-setting in Switzerland. Axpo will therefore apply to the SFOE to include the plant in the list of lighthouse projects.<br \/>\nIn addition, Axpo is currently in discussions with potential partners interested in purchasing a portion of the solar power produced at Muttsee under long-term contracts.<\/p>\n<p><strong>Lack of winter power: Alpine PV as part of the solution <\/strong><\/p>\n<p>Switzerland consumes significantly more electricity in winter than it produces. This winter electricity problem will intensify in the coming years when existing large power plants in Switzerland and abroad are taken off the grid. During the last few years, renewable production capacity in Switzerland has been expanded, especially in photovoltaics on the Central Plateau (between 2013 and 2017, photovoltaics accounted for almost 90 percent of the expansion). However, this expansion does not alleviate the winter electricity problem. This is because photovoltaic plants on the Central Plateau deliver only a quarter of their electricity production during the winter months.<\/p>\n<p class=\"bodytext\">The plant is intended to contribute to electricity production, especially in winter, when Switzerland often consumes more electricity than it produces itself. It is located at an altitude of 2500 meters, well above the fog line. In addition, the reflection of sunlight by the snow increases the yield. According to Andy Heinz, head of production and grids at Axpo, more sites should therefore be expanded that are not located in protected areas and are already well developed. \"However, the political and economic framework conditions must also be right for this.\"<\/p>\n<p>&nbsp;<\/p>","protected":false},"excerpt":{"rendered":"<p>&nbsp; Axpo\u00a0will das Pumpspeicherwerk Limmern auch zur Produktion von Solarstrom nutzen. Wie das Energieunternehmen mit Sitz in Baden schreibt, plant es auf der Muttsee-Staumauer eine Solaranlage mit 6000 Photovoltaikmodulen und einer Fl\u00e4che von 10.000 Quadratmetern. Die Anlage soll eine installierte Leistung von 2 Megawatt aufweisen und 2,7 Gigawattstunden Strom im Jahr erzeugen. Das Projekt \u00abPV [&hellip;]<\/p>\n","protected":false},"author":5,"featured_media":2666,"comment_status":"closed","ping_status":"closed","sticky":false,"template":"","format":"standard","meta":{"_acf_changed":false,"_yoast_wpseo_focuskw":"Axpo","_yoast_wpseo_metadesc":"Axpo will auf der Muttsee-Staumauer des Pumpspeicherwerks Limmern eine Solaranlage errichten. Die Infrastruktur sei eigentlich schon gegeben.","articlekey":"","footnotes":""},"categories":[580],"tags":[757,1908,424,2143,2197],"class_list":["post-2665","post","type-post","status-publish","format-standard","has-post-thumbnail","hentry","category-sustainability","tag-axpo","tag-photovoltaik","tag-schweiz","tag-solarenergie","tag-staumauer"],"acf":[],"yoast_head":"<!-- This site is optimized with the Yoast SEO plugin v27.5 - https:\/\/yoast.com\/product\/yoast-seo-wordpress\/ -->\n<title>Axpo plant erste alpine Solar-Grossanlage der Schweiz - Organisator<\/title>\n<meta name=\"description\" content=\"Axpo will auf der Muttsee-Staumauer des Pumpspeicherwerks Limmern eine Solaranlage errichten. Die Infrastruktur sei eigentlich schon gegeben.\" \/>\n<meta name=\"robots\" content=\"index, follow, max-snippet:-1, max-image-preview:large, max-video-preview:-1\" \/>\n<link rel=\"canonical\" href=\"https:\/\/www.organisator.ch\/en\/sustainability\/2019-12-04\/axpo-plant-erste-alpine-solar-grossanlage-der-schweiz\/\" \/>\n<meta property=\"og:locale\" content=\"en_US\" \/>\n<meta property=\"og:type\" content=\"article\" \/>\n<meta property=\"og:title\" content=\"Axpo plant erste alpine Solar-Grossanlage der Schweiz - Organisator\" \/>\n<meta property=\"og:description\" content=\"Axpo will auf der Muttsee-Staumauer des Pumpspeicherwerks Limmern eine Solaranlage errichten. Die Infrastruktur sei eigentlich schon gegeben.\" \/>\n<meta property=\"og:url\" content=\"https:\/\/www.organisator.ch\/en\/sustainability\/2019-12-04\/axpo-plant-erste-alpine-solar-grossanlage-der-schweiz\/\" \/>\n<meta property=\"og:site_name\" content=\"Organisator\" \/>\n<meta property=\"article:publisher\" content=\"https:\/\/www.facebook.com\/OrganisatorFachmagazin\" \/>\n<meta property=\"article:published_time\" content=\"2019-12-04T09:39:13+00:00\" \/>\n<meta property=\"article:modified_time\" content=\"2022-02-09T10:06:15+00:00\" \/>\n<meta property=\"og:image\" content=\"https:\/\/www.organisator.ch\/wp-content\/uploads\/2019\/12\/Axpo_Staumauer-UP-Umwelt-Perspektiven.jpg\" \/>\n\t<meta property=\"og:image:width\" content=\"470\" \/>\n\t<meta property=\"og:image:height\" content=\"305\" \/>\n\t<meta property=\"og:image:type\" content=\"image\/jpeg\" \/>\n<meta name=\"author\" content=\"michael.merz\" \/>\n<meta name=\"twitter:card\" content=\"summary_large_image\" \/>\n<script type=\"application\/ld+json\" class=\"yoast-schema-graph\">{\"@context\":\"https:\\\/\\\/schema.org\",\"@graph\":[{\"@type\":\"Article\",\"@id\":\"https:\\\/\\\/www.organisator.ch\\\/sustainability\\\/2019-12-04\\\/axpo-plant-erste-alpine-solar-grossanlage-der-schweiz\\\/#article\",\"isPartOf\":{\"@id\":\"https:\\\/\\\/www.organisator.ch\\\/sustainability\\\/2019-12-04\\\/axpo-plant-erste-alpine-solar-grossanlage-der-schweiz\\\/\"},\"author\":{\"name\":\"michael.merz\",\"@id\":\"https:\\\/\\\/www.organisator.ch\\\/#\\\/schema\\\/person\\\/134708ca9321c57b0362cceb7948ffbd\"},\"headline\":\"Axpo plant erste alpine Solar-Grossanlage der Schweiz\",\"datePublished\":\"2019-12-04T09:39:13+00:00\",\"dateModified\":\"2022-02-09T10:06:15+00:00\",\"mainEntityOfPage\":{\"@id\":\"https:\\\/\\\/www.organisator.ch\\\/sustainability\\\/2019-12-04\\\/axpo-plant-erste-alpine-solar-grossanlage-der-schweiz\\\/\"},\"wordCount\":479,\"publisher\":{\"@id\":\"https:\\\/\\\/www.organisator.ch\\\/#organization\"},\"image\":{\"@id\":\"https:\\\/\\\/www.organisator.ch\\\/sustainability\\\/2019-12-04\\\/axpo-plant-erste-alpine-solar-grossanlage-der-schweiz\\\/#primaryimage\"},\"thumbnailUrl\":\"https:\\\/\\\/www.organisator.ch\\\/wp-content\\\/uploads\\\/2019\\\/12\\\/Axpo_Staumauer-UP-Umwelt-Perspektiven.jpg\",\"keywords\":[\"Axpo\",\"Photovoltaik\",\"Schweiz\",\"Solarenergie\",\"Staumauer\"],\"articleSection\":[\"SUSTAINABILITY\"],\"inLanguage\":\"en-US\"},{\"@type\":\"WebPage\",\"@id\":\"https:\\\/\\\/www.organisator.ch\\\/sustainability\\\/2019-12-04\\\/axpo-plant-erste-alpine-solar-grossanlage-der-schweiz\\\/\",\"url\":\"https:\\\/\\\/www.organisator.ch\\\/sustainability\\\/2019-12-04\\\/axpo-plant-erste-alpine-solar-grossanlage-der-schweiz\\\/\",\"name\":\"Axpo plant erste alpine Solar-Grossanlage der Schweiz - Organisator\",\"isPartOf\":{\"@id\":\"https:\\\/\\\/www.organisator.ch\\\/#website\"},\"primaryImageOfPage\":{\"@id\":\"https:\\\/\\\/www.organisator.ch\\\/sustainability\\\/2019-12-04\\\/axpo-plant-erste-alpine-solar-grossanlage-der-schweiz\\\/#primaryimage\"},\"image\":{\"@id\":\"https:\\\/\\\/www.organisator.ch\\\/sustainability\\\/2019-12-04\\\/axpo-plant-erste-alpine-solar-grossanlage-der-schweiz\\\/#primaryimage\"},\"thumbnailUrl\":\"https:\\\/\\\/www.organisator.ch\\\/wp-content\\\/uploads\\\/2019\\\/12\\\/Axpo_Staumauer-UP-Umwelt-Perspektiven.jpg\",\"datePublished\":\"2019-12-04T09:39:13+00:00\",\"dateModified\":\"2022-02-09T10:06:15+00:00\",\"description\":\"Axpo will auf der Muttsee-Staumauer des Pumpspeicherwerks Limmern eine Solaranlage errichten. Die Infrastruktur sei eigentlich schon gegeben.\",\"breadcrumb\":{\"@id\":\"https:\\\/\\\/www.organisator.ch\\\/sustainability\\\/2019-12-04\\\/axpo-plant-erste-alpine-solar-grossanlage-der-schweiz\\\/#breadcrumb\"},\"inLanguage\":\"en-US\",\"potentialAction\":[{\"@type\":\"ReadAction\",\"target\":[\"https:\\\/\\\/www.organisator.ch\\\/sustainability\\\/2019-12-04\\\/axpo-plant-erste-alpine-solar-grossanlage-der-schweiz\\\/\"]}]},{\"@type\":\"ImageObject\",\"inLanguage\":\"en-US\",\"@id\":\"https:\\\/\\\/www.organisator.ch\\\/sustainability\\\/2019-12-04\\\/axpo-plant-erste-alpine-solar-grossanlage-der-schweiz\\\/#primaryimage\",\"url\":\"https:\\\/\\\/www.organisator.ch\\\/wp-content\\\/uploads\\\/2019\\\/12\\\/Axpo_Staumauer-UP-Umwelt-Perspektiven.jpg\",\"contentUrl\":\"https:\\\/\\\/www.organisator.ch\\\/wp-content\\\/uploads\\\/2019\\\/12\\\/Axpo_Staumauer-UP-Umwelt-Perspektiven.jpg\",\"width\":470,\"height\":305,\"caption\":\"Auf der Muttsee-Staumauer des Pumpspeicherwerks Limmern soll die erste alpine Solar-Grossanlage der Schweiz entstehen. (Bild: Axpo)\"},{\"@type\":\"BreadcrumbList\",\"@id\":\"https:\\\/\\\/www.organisator.ch\\\/sustainability\\\/2019-12-04\\\/axpo-plant-erste-alpine-solar-grossanlage-der-schweiz\\\/#breadcrumb\",\"itemListElement\":[{\"@type\":\"ListItem\",\"position\":1,\"name\":\"Home\",\"item\":\"https:\\\/\\\/www.organisator.ch\\\/\"},{\"@type\":\"ListItem\",\"position\":2,\"name\":\"Axpo plant erste alpine Solar-Grossanlage der Schweiz\"}]},{\"@type\":\"WebSite\",\"@id\":\"https:\\\/\\\/www.organisator.ch\\\/#website\",\"url\":\"https:\\\/\\\/www.organisator.ch\\\/\",\"name\":\"Organisator\",\"description\":\"Kompetent. Praxisnah. Der ORGANISATOR bereitet in 10 Ausgaben pro Jahr die wesentlichen Themen f\u00fcr F\u00fchrungskr\u00e4fte von KMU auf.\",\"publisher\":{\"@id\":\"https:\\\/\\\/www.organisator.ch\\\/#organization\"},\"potentialAction\":[{\"@type\":\"SearchAction\",\"target\":{\"@type\":\"EntryPoint\",\"urlTemplate\":\"https:\\\/\\\/www.organisator.ch\\\/?s={search_term_string}\"},\"query-input\":{\"@type\":\"PropertyValueSpecification\",\"valueRequired\":true,\"valueName\":\"search_term_string\"}}],\"inLanguage\":\"en-US\"},{\"@type\":\"Organization\",\"@id\":\"https:\\\/\\\/www.organisator.ch\\\/#organization\",\"name\":\"Organisator\",\"url\":\"https:\\\/\\\/www.organisator.ch\\\/\",\"logo\":{\"@type\":\"ImageObject\",\"inLanguage\":\"en-US\",\"@id\":\"https:\\\/\\\/www.organisator.ch\\\/#\\\/schema\\\/logo\\\/image\\\/\",\"url\":\"https:\\\/\\\/www.organisator.ch\\\/wp-content\\\/uploads\\\/2022\\\/01\\\/Logo_Organisator_Website.png\",\"contentUrl\":\"https:\\\/\\\/www.organisator.ch\\\/wp-content\\\/uploads\\\/2022\\\/01\\\/Logo_Organisator_Website.png\",\"width\":800,\"height\":77,\"caption\":\"Organisator\"},\"image\":{\"@id\":\"https:\\\/\\\/www.organisator.ch\\\/#\\\/schema\\\/logo\\\/image\\\/\"},\"sameAs\":[\"https:\\\/\\\/www.facebook.com\\\/OrganisatorFachmagazin\",\"https:\\\/\\\/www.linkedin.com\\\/showcase\\\/organisator-das-magazin-fr-kmu\",\"https:\\\/\\\/www.xing.com\\\/news\\\/pages\\\/organisator-ch-695\",\"https:\\\/\\\/www.youtube.com\\\/channel\\\/UCGP2Sq0iWaZwT3BdIAQFYpw\"]},{\"@type\":\"Person\",\"@id\":\"https:\\\/\\\/www.organisator.ch\\\/#\\\/schema\\\/person\\\/134708ca9321c57b0362cceb7948ffbd\",\"name\":\"michael.merz\",\"image\":{\"@type\":\"ImageObject\",\"inLanguage\":\"en-US\",\"@id\":\"https:\\\/\\\/secure.gravatar.com\\\/avatar\\\/?s=96&d=mm&r=g\",\"url\":\"https:\\\/\\\/secure.gravatar.com\\\/avatar\\\/?s=96&d=mm&r=g\",\"contentUrl\":\"https:\\\/\\\/secure.gravatar.com\\\/avatar\\\/?s=96&d=mm&r=g\",\"caption\":\"michael.merz\"},\"url\":\"https:\\\/\\\/www.organisator.ch\\\/en\\\/author\\\/michael-merz\\\/\"}]}<\/script>\n<!-- \/ Yoast SEO plugin. -->","yoast_head_json":{"title":"Axpo plans first large-scale alpine solar plant in Switzerland - Organizer","description":"Axpo wants to build a solar plant on the Muttsee dam of the Limmern pumped storage plant. The infrastructure is actually already in place.","robots":{"index":"index","follow":"follow","max-snippet":"max-snippet:-1","max-image-preview":"max-image-preview:large","max-video-preview":"max-video-preview:-1"},"canonical":"https:\/\/www.organisator.ch\/en\/sustainability\/2019-12-04\/axpo-plant-erste-alpine-solar-grossanlage-der-schweiz\/","og_locale":"en_US","og_type":"article","og_title":"Axpo plant erste alpine Solar-Grossanlage der Schweiz - Organisator","og_description":"Axpo will auf der Muttsee-Staumauer des Pumpspeicherwerks Limmern eine Solaranlage errichten. Die Infrastruktur sei eigentlich schon gegeben.","og_url":"https:\/\/www.organisator.ch\/en\/sustainability\/2019-12-04\/axpo-plant-erste-alpine-solar-grossanlage-der-schweiz\/","og_site_name":"Organisator","article_publisher":"https:\/\/www.facebook.com\/OrganisatorFachmagazin","article_published_time":"2019-12-04T09:39:13+00:00","article_modified_time":"2022-02-09T10:06:15+00:00","og_image":[{"width":470,"height":305,"url":"https:\/\/www.organisator.ch\/wp-content\/uploads\/2019\/12\/Axpo_Staumauer-UP-Umwelt-Perspektiven.jpg","type":"image\/jpeg"}],"author":"michael.merz","twitter_card":"summary_large_image","schema":{"@context":"https:\/\/schema.org","@graph":[{"@type":"Article","@id":"https:\/\/www.organisator.ch\/sustainability\/2019-12-04\/axpo-plant-erste-alpine-solar-grossanlage-der-schweiz\/#article","isPartOf":{"@id":"https:\/\/www.organisator.ch\/sustainability\/2019-12-04\/axpo-plant-erste-alpine-solar-grossanlage-der-schweiz\/"},"author":{"name":"michael.merz","@id":"https:\/\/www.organisator.ch\/#\/schema\/person\/134708ca9321c57b0362cceb7948ffbd"},"headline":"Axpo plant erste alpine Solar-Grossanlage der Schweiz","datePublished":"2019-12-04T09:39:13+00:00","dateModified":"2022-02-09T10:06:15+00:00","mainEntityOfPage":{"@id":"https:\/\/www.organisator.ch\/sustainability\/2019-12-04\/axpo-plant-erste-alpine-solar-grossanlage-der-schweiz\/"},"wordCount":479,"publisher":{"@id":"https:\/\/www.organisator.ch\/#organization"},"image":{"@id":"https:\/\/www.organisator.ch\/sustainability\/2019-12-04\/axpo-plant-erste-alpine-solar-grossanlage-der-schweiz\/#primaryimage"},"thumbnailUrl":"https:\/\/www.organisator.ch\/wp-content\/uploads\/2019\/12\/Axpo_Staumauer-UP-Umwelt-Perspektiven.jpg","keywords":["Axpo","Photovoltaik","Schweiz","Solarenergie","Staumauer"],"articleSection":["SUSTAINABILITY"],"inLanguage":"en-US"},{"@type":"WebPage","@id":"https:\/\/www.organisator.ch\/sustainability\/2019-12-04\/axpo-plant-erste-alpine-solar-grossanlage-der-schweiz\/","url":"https:\/\/www.organisator.ch\/sustainability\/2019-12-04\/axpo-plant-erste-alpine-solar-grossanlage-der-schweiz\/","name":"Axpo plans first large-scale alpine solar plant in Switzerland - Organizer","isPartOf":{"@id":"https:\/\/www.organisator.ch\/#website"},"primaryImageOfPage":{"@id":"https:\/\/www.organisator.ch\/sustainability\/2019-12-04\/axpo-plant-erste-alpine-solar-grossanlage-der-schweiz\/#primaryimage"},"image":{"@id":"https:\/\/www.organisator.ch\/sustainability\/2019-12-04\/axpo-plant-erste-alpine-solar-grossanlage-der-schweiz\/#primaryimage"},"thumbnailUrl":"https:\/\/www.organisator.ch\/wp-content\/uploads\/2019\/12\/Axpo_Staumauer-UP-Umwelt-Perspektiven.jpg","datePublished":"2019-12-04T09:39:13+00:00","dateModified":"2022-02-09T10:06:15+00:00","description":"Axpo wants to build a solar plant on the Muttsee dam of the Limmern pumped storage plant. The infrastructure is actually already in place.","breadcrumb":{"@id":"https:\/\/www.organisator.ch\/sustainability\/2019-12-04\/axpo-plant-erste-alpine-solar-grossanlage-der-schweiz\/#breadcrumb"},"inLanguage":"en-US","potentialAction":[{"@type":"ReadAction","target":["https:\/\/www.organisator.ch\/sustainability\/2019-12-04\/axpo-plant-erste-alpine-solar-grossanlage-der-schweiz\/"]}]},{"@type":"ImageObject","inLanguage":"en-US","@id":"https:\/\/www.organisator.ch\/sustainability\/2019-12-04\/axpo-plant-erste-alpine-solar-grossanlage-der-schweiz\/#primaryimage","url":"https:\/\/www.organisator.ch\/wp-content\/uploads\/2019\/12\/Axpo_Staumauer-UP-Umwelt-Perspektiven.jpg","contentUrl":"https:\/\/www.organisator.ch\/wp-content\/uploads\/2019\/12\/Axpo_Staumauer-UP-Umwelt-Perspektiven.jpg","width":470,"height":305,"caption":"Auf der Muttsee-Staumauer des Pumpspeicherwerks Limmern soll die erste alpine Solar-Grossanlage der Schweiz entstehen. (Bild: Axpo)"},{"@type":"BreadcrumbList","@id":"https:\/\/www.organisator.ch\/sustainability\/2019-12-04\/axpo-plant-erste-alpine-solar-grossanlage-der-schweiz\/#breadcrumb","itemListElement":[{"@type":"ListItem","position":1,"name":"Home","item":"https:\/\/www.organisator.ch\/"},{"@type":"ListItem","position":2,"name":"Axpo plant erste alpine Solar-Grossanlage der Schweiz"}]},{"@type":"WebSite","@id":"https:\/\/www.organisator.ch\/#website","url":"https:\/\/www.organisator.ch\/","name":"Organizer","description":"Competent. Practical. In 10 issues per year, ORGANISATOR presents the essential topics for managers of SMEs.","publisher":{"@id":"https:\/\/www.organisator.ch\/#organization"},"potentialAction":[{"@type":"SearchAction","target":{"@type":"EntryPoint","urlTemplate":"https:\/\/www.organisator.ch\/?s={search_term_string}"},"query-input":{"@type":"PropertyValueSpecification","valueRequired":true,"valueName":"search_term_string"}}],"inLanguage":"en-US"},{"@type":"Organization","@id":"https:\/\/www.organisator.ch\/#organization","name":"Organizer","url":"https:\/\/www.organisator.ch\/","logo":{"@type":"ImageObject","inLanguage":"en-US","@id":"https:\/\/www.organisator.ch\/#\/schema\/logo\/image\/","url":"https:\/\/www.organisator.ch\/wp-content\/uploads\/2022\/01\/Logo_Organisator_Website.png","contentUrl":"https:\/\/www.organisator.ch\/wp-content\/uploads\/2022\/01\/Logo_Organisator_Website.png","width":800,"height":77,"caption":"Organisator"},"image":{"@id":"https:\/\/www.organisator.ch\/#\/schema\/logo\/image\/"},"sameAs":["https:\/\/www.facebook.com\/OrganisatorFachmagazin","https:\/\/www.linkedin.com\/showcase\/organisator-das-magazin-fr-kmu","https:\/\/www.xing.com\/news\/pages\/organisator-ch-695","https:\/\/www.youtube.com\/channel\/UCGP2Sq0iWaZwT3BdIAQFYpw"]},{"@type":"Person","@id":"https:\/\/www.organisator.ch\/#\/schema\/person\/134708ca9321c57b0362cceb7948ffbd","name":"michael.merz","image":{"@type":"ImageObject","inLanguage":"en-US","@id":"https:\/\/secure.gravatar.com\/avatar\/?s=96&d=mm&r=g","url":"https:\/\/secure.gravatar.com\/avatar\/?s=96&d=mm&r=g","contentUrl":"https:\/\/secure.gravatar.com\/avatar\/?s=96&d=mm&r=g","caption":"michael.merz"},"url":"https:\/\/www.organisator.ch\/en\/author\/michael-merz\/"}]}},"_links":{"self":[{"href":"https:\/\/www.organisator.ch\/en\/wp-json\/wp\/v2\/posts\/2665","targetHints":{"allow":["GET"]}}],"collection":[{"href":"https:\/\/www.organisator.ch\/en\/wp-json\/wp\/v2\/posts"}],"about":[{"href":"https:\/\/www.organisator.ch\/en\/wp-json\/wp\/v2\/types\/post"}],"author":[{"embeddable":true,"href":"https:\/\/www.organisator.ch\/en\/wp-json\/wp\/v2\/users\/5"}],"replies":[{"embeddable":true,"href":"https:\/\/www.organisator.ch\/en\/wp-json\/wp\/v2\/comments?post=2665"}],"version-history":[{"count":1,"href":"https:\/\/www.organisator.ch\/en\/wp-json\/wp\/v2\/posts\/2665\/revisions"}],"predecessor-version":[{"id":10539,"href":"https:\/\/www.organisator.ch\/en\/wp-json\/wp\/v2\/posts\/2665\/revisions\/10539"}],"wp:featuredmedia":[{"embeddable":true,"href":"https:\/\/www.organisator.ch\/en\/wp-json\/wp\/v2\/media\/2666"}],"wp:attachment":[{"href":"https:\/\/www.organisator.ch\/en\/wp-json\/wp\/v2\/media?parent=2665"}],"wp:term":[{"taxonomy":"category","embeddable":true,"href":"https:\/\/www.organisator.ch\/en\/wp-json\/wp\/v2\/categories?post=2665"},{"taxonomy":"post_tag","embeddable":true,"href":"https:\/\/www.organisator.ch\/en\/wp-json\/wp\/v2\/tags?post=2665"}],"curies":[{"name":"wp","href":"https:\/\/api.w.org\/{rel}","templated":true}]}}