{"id":26658,"date":"2024-04-22T12:01:43","date_gmt":"2024-04-22T10:01:43","guid":{"rendered":"https:\/\/www.werbewoche.ch\/?p=214002"},"modified":"2024-11-11T06:44:16","modified_gmt":"2024-11-11T05:44:16","slug":"usp-setzt-1664-blanc-in-szene","status":"publish","type":"post","link":"https:\/\/www.organisator.ch\/en\/marketing\/2024-04-22\/usp-setzt-1664-blanc-in-szene\/","title":{"rendered":"USP sets the scene for 1664 Blanc"},"content":{"rendered":"<p><img class=\"alignnone wp-image-214004 size-full\" src=\"https:\/\/www.werbewoche.ch\/wp-content\/uploads\/2024\/04\/1664.jpg\" alt=\"1664 Blanc\" width=\"1200\" height=\"800\" \/>Since March 2024, the blue wave of 1664 Blanc has reached Switzerland. USP Partner AG is comprehensively supporting the Feldschl\u00f6sschen Getr\u00e4nke brand with various activities for the national launch: the agency has designed, created and produced a modular event toolkit for the brand to stage 1664 Blanc at events and in restaurants in line with the new positioning. In addition, there is a comprehensive cooperation concept as the basis for a comprehensive partnership between 1664 Blanc and the independent fashion house PKZ Burger-Kehl &amp; Co. AG.<\/p>\r\n<p>With the claim \"Good Taste with a Twist\", the brand wants to conquer Switzerland for itself and is focusing on various activities to make the brand known and present it in line with the new positioning.<\/p>\r\n<h3>Visible at PKZ<\/h3>\r\n<p>At the heart of the Event Toolkit is the back element of the bar, which was already used at Art Gen\u00e8ve. USP was responsible for the conception, creation and ensuring the production of the event toolkit and also took care of the organization and planning of the first deployment, which will be followed by many more deployments in 2024.<\/p>\r\n<p>As part of the partnership with PKZ Burger-Kehl &amp; Co. AG, there are in-store activations at PKZ in Zurich, Bern and Basel, mobile bars and 1664 Blanc corners in the aforementioned stores as well as the temporary display in the PKZ shop window on Bahnhofstrasse in Zurich. Further work is to follow shortly.<\/p>\r\n<p><img class=\"alignnone size-full wp-image-214005\" src=\"https:\/\/www.werbewoche.ch\/wp-content\/uploads\/2024\/04\/16642.jpg\" alt=\"\" width=\"1200\" height=\"900\" \/><\/p>\r\n<hr \/>\r\n<p><strong>Responsible on the client side at Feldschl\u00f6sschen Getr\u00e4nke AG<\/strong>Astrid Roland (Director Premium Brands), Jeannine Grossmann (Senior Brand Manager), Tanya Schmid (Brand Manager). <strong>Responsible on the agency side: USP Partner AG<\/strong>\u00a0 (overall project responsibility including conception, creation and ensuring implementation), Stammkraft GmbH (stand construction and logistics), 3-D-Art AG (stand construction display window).<\/p>\r\n<p>&nbsp;<\/p>","protected":false},"excerpt":{"rendered":"<p>For the launch of the new Feldschl\u00f6sschen beer brand 1664 Blanc, the agency is supporting USP with a toolkit for events, a partnership with the fashion house PKZ and other campaigns.<\/p>","protected":false},"author":8,"featured_media":0,"comment_status":"closed","ping_status":"closed","sticky":false,"template":"","format":"standard","meta":{"_acf_changed":false,"_yoast_wpseo_focuskw":"1664 Blanc","_yoast_wpseo_metadesc":"1664 Blanc startet in der Schweiz: USP Partner AG unterst\u00fctzt mit Event Toolkit und Partnerschaft mit PKZ. \"Good Taste with a Twist\".","articlekey":"","footnotes":""},"categories":[29],"tags":[3000,2617,4200],"class_list":["post-26658","post","type-post","status-publish","format-standard","hentry","category-marketing","tag-feldschloesschen","tag-marken","tag-usp"],"acf":[],"yoast_head":"<!-- This site is optimized with the Yoast SEO plugin v27.4 - https:\/\/yoast.com\/product\/yoast-seo-wordpress\/ -->\n<title>USP setzt 1664 Blanc in Szene - Organisator<\/title>\n<meta name=\"description\" content=\"1664 Blanc startet in der Schweiz: USP Partner AG unterst\u00fctzt mit Event Toolkit und Partnerschaft mit PKZ. &quot;Good Taste with a Twist&quot;.\" \/>\n<meta name=\"robots\" content=\"index, follow, max-snippet:-1, max-image-preview:large, max-video-preview:-1\" \/>\n<link rel=\"canonical\" href=\"https:\/\/www.organisator.ch\/en\/marketing\/2024-04-22\/usp-setzt-1664-blanc-in-szene\/\" \/>\n<meta property=\"og:locale\" content=\"en_US\" \/>\n<meta property=\"og:type\" content=\"article\" \/>\n<meta property=\"og:title\" content=\"USP setzt 1664 Blanc in Szene - Organisator\" \/>\n<meta property=\"og:description\" content=\"1664 Blanc startet in der Schweiz: USP Partner AG unterst\u00fctzt mit Event Toolkit und Partnerschaft mit PKZ. &quot;Good Taste with a Twist&quot;.\" \/>\n<meta property=\"og:url\" content=\"https:\/\/www.organisator.ch\/en\/marketing\/2024-04-22\/usp-setzt-1664-blanc-in-szene\/\" \/>\n<meta property=\"og:site_name\" content=\"Organisator\" \/>\n<meta property=\"article:publisher\" content=\"https:\/\/www.facebook.com\/OrganisatorFachmagazin\" \/>\n<meta property=\"article:published_time\" content=\"2024-04-22T10:01:43+00:00\" \/>\n<meta property=\"article:modified_time\" content=\"2024-11-11T05:44:16+00:00\" \/>\n<meta property=\"og:image\" content=\"https:\/\/www.werbewoche.ch\/wp-content\/uploads\/2024\/04\/1664.jpg\" \/>\n<meta name=\"author\" content=\"galledia\" \/>\n<meta name=\"twitter:card\" content=\"summary_large_image\" \/>\n<meta name=\"twitter:creator\" content=\"@admin\" \/>\n<script type=\"application\/ld+json\" class=\"yoast-schema-graph\">{\"@context\":\"https:\\\/\\\/schema.org\",\"@graph\":[{\"@type\":\"Article\",\"@id\":\"https:\\\/\\\/www.organisator.ch\\\/marketing\\\/2024-04-22\\\/usp-setzt-1664-blanc-in-szene\\\/#article\",\"isPartOf\":{\"@id\":\"https:\\\/\\\/www.organisator.ch\\\/marketing\\\/2024-04-22\\\/usp-setzt-1664-blanc-in-szene\\\/\"},\"author\":{\"name\":\"galledia\",\"@id\":\"https:\\\/\\\/www.organisator.ch\\\/#\\\/schema\\\/person\\\/4e51799071cd2dd1232ac003643ef5f0\"},\"headline\":\"USP setzt 1664 Blanc in Szene\",\"datePublished\":\"2024-04-22T10:01:43+00:00\",\"dateModified\":\"2024-11-11T05:44:16+00:00\",\"mainEntityOfPage\":{\"@id\":\"https:\\\/\\\/www.organisator.ch\\\/marketing\\\/2024-04-22\\\/usp-setzt-1664-blanc-in-szene\\\/\"},\"wordCount\":294,\"publisher\":{\"@id\":\"https:\\\/\\\/www.organisator.ch\\\/#organization\"},\"image\":{\"@id\":\"https:\\\/\\\/www.organisator.ch\\\/marketing\\\/2024-04-22\\\/usp-setzt-1664-blanc-in-szene\\\/#primaryimage\"},\"thumbnailUrl\":\"https:\\\/\\\/www.werbewoche.ch\\\/wp-content\\\/uploads\\\/2024\\\/04\\\/1664.jpg\",\"keywords\":[\"Feldschl\u00f6sschen\",\"Marken\",\"USP\"],\"articleSection\":[\"MARKETING\"],\"inLanguage\":\"en-US\"},{\"@type\":\"WebPage\",\"@id\":\"https:\\\/\\\/www.organisator.ch\\\/marketing\\\/2024-04-22\\\/usp-setzt-1664-blanc-in-szene\\\/\",\"url\":\"https:\\\/\\\/www.organisator.ch\\\/marketing\\\/2024-04-22\\\/usp-setzt-1664-blanc-in-szene\\\/\",\"name\":\"USP setzt 1664 Blanc in Szene - Organisator\",\"isPartOf\":{\"@id\":\"https:\\\/\\\/www.organisator.ch\\\/#website\"},\"primaryImageOfPage\":{\"@id\":\"https:\\\/\\\/www.organisator.ch\\\/marketing\\\/2024-04-22\\\/usp-setzt-1664-blanc-in-szene\\\/#primaryimage\"},\"image\":{\"@id\":\"https:\\\/\\\/www.organisator.ch\\\/marketing\\\/2024-04-22\\\/usp-setzt-1664-blanc-in-szene\\\/#primaryimage\"},\"thumbnailUrl\":\"https:\\\/\\\/www.werbewoche.ch\\\/wp-content\\\/uploads\\\/2024\\\/04\\\/1664.jpg\",\"datePublished\":\"2024-04-22T10:01:43+00:00\",\"dateModified\":\"2024-11-11T05:44:16+00:00\",\"description\":\"1664 Blanc startet in der Schweiz: USP Partner AG unterst\u00fctzt mit Event Toolkit und Partnerschaft mit PKZ. \\\"Good Taste with a Twist\\\".\",\"breadcrumb\":{\"@id\":\"https:\\\/\\\/www.organisator.ch\\\/marketing\\\/2024-04-22\\\/usp-setzt-1664-blanc-in-szene\\\/#breadcrumb\"},\"inLanguage\":\"en-US\",\"potentialAction\":[{\"@type\":\"ReadAction\",\"target\":[\"https:\\\/\\\/www.organisator.ch\\\/marketing\\\/2024-04-22\\\/usp-setzt-1664-blanc-in-szene\\\/\"]}]},{\"@type\":\"ImageObject\",\"inLanguage\":\"en-US\",\"@id\":\"https:\\\/\\\/www.organisator.ch\\\/marketing\\\/2024-04-22\\\/usp-setzt-1664-blanc-in-szene\\\/#primaryimage\",\"url\":\"https:\\\/\\\/www.werbewoche.ch\\\/wp-content\\\/uploads\\\/2024\\\/04\\\/1664.jpg\",\"contentUrl\":\"https:\\\/\\\/www.werbewoche.ch\\\/wp-content\\\/uploads\\\/2024\\\/04\\\/1664.jpg\"},{\"@type\":\"BreadcrumbList\",\"@id\":\"https:\\\/\\\/www.organisator.ch\\\/marketing\\\/2024-04-22\\\/usp-setzt-1664-blanc-in-szene\\\/#breadcrumb\",\"itemListElement\":[{\"@type\":\"ListItem\",\"position\":1,\"name\":\"Home\",\"item\":\"https:\\\/\\\/www.organisator.ch\\\/\"},{\"@type\":\"ListItem\",\"position\":2,\"name\":\"USP setzt 1664 Blanc in Szene\"}]},{\"@type\":\"WebSite\",\"@id\":\"https:\\\/\\\/www.organisator.ch\\\/#website\",\"url\":\"https:\\\/\\\/www.organisator.ch\\\/\",\"name\":\"Organisator\",\"description\":\"Kompetent. Praxisnah. Der ORGANISATOR bereitet in 10 Ausgaben pro Jahr die wesentlichen Themen f\u00fcr F\u00fchrungskr\u00e4fte von KMU auf.\",\"publisher\":{\"@id\":\"https:\\\/\\\/www.organisator.ch\\\/#organization\"},\"potentialAction\":[{\"@type\":\"SearchAction\",\"target\":{\"@type\":\"EntryPoint\",\"urlTemplate\":\"https:\\\/\\\/www.organisator.ch\\\/?s={search_term_string}\"},\"query-input\":{\"@type\":\"PropertyValueSpecification\",\"valueRequired\":true,\"valueName\":\"search_term_string\"}}],\"inLanguage\":\"en-US\"},{\"@type\":\"Organization\",\"@id\":\"https:\\\/\\\/www.organisator.ch\\\/#organization\",\"name\":\"Organisator\",\"url\":\"https:\\\/\\\/www.organisator.ch\\\/\",\"logo\":{\"@type\":\"ImageObject\",\"inLanguage\":\"en-US\",\"@id\":\"https:\\\/\\\/www.organisator.ch\\\/#\\\/schema\\\/logo\\\/image\\\/\",\"url\":\"https:\\\/\\\/www.organisator.ch\\\/wp-content\\\/uploads\\\/2022\\\/01\\\/Logo_Organisator_Website.png\",\"contentUrl\":\"https:\\\/\\\/www.organisator.ch\\\/wp-content\\\/uploads\\\/2022\\\/01\\\/Logo_Organisator_Website.png\",\"width\":800,\"height\":77,\"caption\":\"Organisator\"},\"image\":{\"@id\":\"https:\\\/\\\/www.organisator.ch\\\/#\\\/schema\\\/logo\\\/image\\\/\"},\"sameAs\":[\"https:\\\/\\\/www.facebook.com\\\/OrganisatorFachmagazin\",\"https:\\\/\\\/www.linkedin.com\\\/showcase\\\/organisator-das-magazin-fr-kmu\",\"https:\\\/\\\/www.xing.com\\\/news\\\/pages\\\/organisator-ch-695\",\"https:\\\/\\\/www.youtube.com\\\/channel\\\/UCGP2Sq0iWaZwT3BdIAQFYpw\"]},{\"@type\":\"Person\",\"@id\":\"https:\\\/\\\/www.organisator.ch\\\/#\\\/schema\\\/person\\\/4e51799071cd2dd1232ac003643ef5f0\",\"name\":\"galledia\",\"image\":{\"@type\":\"ImageObject\",\"inLanguage\":\"en-US\",\"@id\":\"https:\\\/\\\/secure.gravatar.com\\\/avatar\\\/78a7f90c01fc2bfc875782a0d4922b37cde2cf184ce347b91316d23cd7f69a36?s=96&d=mm&r=g\",\"url\":\"https:\\\/\\\/secure.gravatar.com\\\/avatar\\\/78a7f90c01fc2bfc875782a0d4922b37cde2cf184ce347b91316d23cd7f69a36?s=96&d=mm&r=g\",\"contentUrl\":\"https:\\\/\\\/secure.gravatar.com\\\/avatar\\\/78a7f90c01fc2bfc875782a0d4922b37cde2cf184ce347b91316d23cd7f69a36?s=96&d=mm&r=g\",\"caption\":\"galledia\"},\"sameAs\":[\"https:\\\/\\\/x.com\\\/admin\"],\"url\":\"https:\\\/\\\/www.organisator.ch\\\/en\\\/author\\\/galledia\\\/\"}]}<\/script>\n<!-- \/ Yoast SEO plugin. -->","yoast_head_json":{"title":"USP sets the scene for 1664 Blanc - Organizer","description":"1664 Blanc launches in Switzerland: USP Partner AG supports with event toolkit and partnership with PKZ. \"Good Taste with a Twist\".","robots":{"index":"index","follow":"follow","max-snippet":"max-snippet:-1","max-image-preview":"max-image-preview:large","max-video-preview":"max-video-preview:-1"},"canonical":"https:\/\/www.organisator.ch\/en\/marketing\/2024-04-22\/usp-setzt-1664-blanc-in-szene\/","og_locale":"en_US","og_type":"article","og_title":"USP setzt 1664 Blanc in Szene - Organisator","og_description":"1664 Blanc startet in der Schweiz: USP Partner AG unterst\u00fctzt mit Event Toolkit und Partnerschaft mit PKZ. \"Good Taste with a Twist\".","og_url":"https:\/\/www.organisator.ch\/en\/marketing\/2024-04-22\/usp-setzt-1664-blanc-in-szene\/","og_site_name":"Organisator","article_publisher":"https:\/\/www.facebook.com\/OrganisatorFachmagazin","article_published_time":"2024-04-22T10:01:43+00:00","article_modified_time":"2024-11-11T05:44:16+00:00","og_image":[{"url":"https:\/\/www.werbewoche.ch\/wp-content\/uploads\/2024\/04\/1664.jpg","type":"","width":"","height":""}],"author":"galledia","twitter_card":"summary_large_image","twitter_creator":"@admin","schema":{"@context":"https:\/\/schema.org","@graph":[{"@type":"Article","@id":"https:\/\/www.organisator.ch\/marketing\/2024-04-22\/usp-setzt-1664-blanc-in-szene\/#article","isPartOf":{"@id":"https:\/\/www.organisator.ch\/marketing\/2024-04-22\/usp-setzt-1664-blanc-in-szene\/"},"author":{"name":"galledia","@id":"https:\/\/www.organisator.ch\/#\/schema\/person\/4e51799071cd2dd1232ac003643ef5f0"},"headline":"USP setzt 1664 Blanc in Szene","datePublished":"2024-04-22T10:01:43+00:00","dateModified":"2024-11-11T05:44:16+00:00","mainEntityOfPage":{"@id":"https:\/\/www.organisator.ch\/marketing\/2024-04-22\/usp-setzt-1664-blanc-in-szene\/"},"wordCount":294,"publisher":{"@id":"https:\/\/www.organisator.ch\/#organization"},"image":{"@id":"https:\/\/www.organisator.ch\/marketing\/2024-04-22\/usp-setzt-1664-blanc-in-szene\/#primaryimage"},"thumbnailUrl":"https:\/\/www.werbewoche.ch\/wp-content\/uploads\/2024\/04\/1664.jpg","keywords":["Feldschl\u00f6sschen","Marken","USP"],"articleSection":["MARKETING"],"inLanguage":"en-US"},{"@type":"WebPage","@id":"https:\/\/www.organisator.ch\/marketing\/2024-04-22\/usp-setzt-1664-blanc-in-szene\/","url":"https:\/\/www.organisator.ch\/marketing\/2024-04-22\/usp-setzt-1664-blanc-in-szene\/","name":"USP sets the scene for 1664 Blanc - Organizer","isPartOf":{"@id":"https:\/\/www.organisator.ch\/#website"},"primaryImageOfPage":{"@id":"https:\/\/www.organisator.ch\/marketing\/2024-04-22\/usp-setzt-1664-blanc-in-szene\/#primaryimage"},"image":{"@id":"https:\/\/www.organisator.ch\/marketing\/2024-04-22\/usp-setzt-1664-blanc-in-szene\/#primaryimage"},"thumbnailUrl":"https:\/\/www.werbewoche.ch\/wp-content\/uploads\/2024\/04\/1664.jpg","datePublished":"2024-04-22T10:01:43+00:00","dateModified":"2024-11-11T05:44:16+00:00","description":"1664 Blanc launches in Switzerland: USP Partner AG supports with event toolkit and partnership with PKZ. \"Good Taste with a Twist\".","breadcrumb":{"@id":"https:\/\/www.organisator.ch\/marketing\/2024-04-22\/usp-setzt-1664-blanc-in-szene\/#breadcrumb"},"inLanguage":"en-US","potentialAction":[{"@type":"ReadAction","target":["https:\/\/www.organisator.ch\/marketing\/2024-04-22\/usp-setzt-1664-blanc-in-szene\/"]}]},{"@type":"ImageObject","inLanguage":"en-US","@id":"https:\/\/www.organisator.ch\/marketing\/2024-04-22\/usp-setzt-1664-blanc-in-szene\/#primaryimage","url":"https:\/\/www.werbewoche.ch\/wp-content\/uploads\/2024\/04\/1664.jpg","contentUrl":"https:\/\/www.werbewoche.ch\/wp-content\/uploads\/2024\/04\/1664.jpg"},{"@type":"BreadcrumbList","@id":"https:\/\/www.organisator.ch\/marketing\/2024-04-22\/usp-setzt-1664-blanc-in-szene\/#breadcrumb","itemListElement":[{"@type":"ListItem","position":1,"name":"Home","item":"https:\/\/www.organisator.ch\/"},{"@type":"ListItem","position":2,"name":"USP setzt 1664 Blanc in Szene"}]},{"@type":"WebSite","@id":"https:\/\/www.organisator.ch\/#website","url":"https:\/\/www.organisator.ch\/","name":"Organizer","description":"Competent. Practical. In 10 issues per year, ORGANISATOR presents the essential topics for managers of SMEs.","publisher":{"@id":"https:\/\/www.organisator.ch\/#organization"},"potentialAction":[{"@type":"SearchAction","target":{"@type":"EntryPoint","urlTemplate":"https:\/\/www.organisator.ch\/?s={search_term_string}"},"query-input":{"@type":"PropertyValueSpecification","valueRequired":true,"valueName":"search_term_string"}}],"inLanguage":"en-US"},{"@type":"Organization","@id":"https:\/\/www.organisator.ch\/#organization","name":"Organizer","url":"https:\/\/www.organisator.ch\/","logo":{"@type":"ImageObject","inLanguage":"en-US","@id":"https:\/\/www.organisator.ch\/#\/schema\/logo\/image\/","url":"https:\/\/www.organisator.ch\/wp-content\/uploads\/2022\/01\/Logo_Organisator_Website.png","contentUrl":"https:\/\/www.organisator.ch\/wp-content\/uploads\/2022\/01\/Logo_Organisator_Website.png","width":800,"height":77,"caption":"Organisator"},"image":{"@id":"https:\/\/www.organisator.ch\/#\/schema\/logo\/image\/"},"sameAs":["https:\/\/www.facebook.com\/OrganisatorFachmagazin","https:\/\/www.linkedin.com\/showcase\/organisator-das-magazin-fr-kmu","https:\/\/www.xing.com\/news\/pages\/organisator-ch-695","https:\/\/www.youtube.com\/channel\/UCGP2Sq0iWaZwT3BdIAQFYpw"]},{"@type":"Person","@id":"https:\/\/www.organisator.ch\/#\/schema\/person\/4e51799071cd2dd1232ac003643ef5f0","name":"galledia","image":{"@type":"ImageObject","inLanguage":"en-US","@id":"https:\/\/secure.gravatar.com\/avatar\/78a7f90c01fc2bfc875782a0d4922b37cde2cf184ce347b91316d23cd7f69a36?s=96&d=mm&r=g","url":"https:\/\/secure.gravatar.com\/avatar\/78a7f90c01fc2bfc875782a0d4922b37cde2cf184ce347b91316d23cd7f69a36?s=96&d=mm&r=g","contentUrl":"https:\/\/secure.gravatar.com\/avatar\/78a7f90c01fc2bfc875782a0d4922b37cde2cf184ce347b91316d23cd7f69a36?s=96&d=mm&r=g","caption":"galledia"},"sameAs":["https:\/\/x.com\/admin"],"url":"https:\/\/www.organisator.ch\/en\/author\/galledia\/"}]}},"_links":{"self":[{"href":"https:\/\/www.organisator.ch\/en\/wp-json\/wp\/v2\/posts\/26658","targetHints":{"allow":["GET"]}}],"collection":[{"href":"https:\/\/www.organisator.ch\/en\/wp-json\/wp\/v2\/posts"}],"about":[{"href":"https:\/\/www.organisator.ch\/en\/wp-json\/wp\/v2\/types\/post"}],"author":[{"embeddable":true,"href":"https:\/\/www.organisator.ch\/en\/wp-json\/wp\/v2\/users\/8"}],"replies":[{"embeddable":true,"href":"https:\/\/www.organisator.ch\/en\/wp-json\/wp\/v2\/comments?post=26658"}],"version-history":[{"count":4,"href":"https:\/\/www.organisator.ch\/en\/wp-json\/wp\/v2\/posts\/26658\/revisions"}],"predecessor-version":[{"id":32296,"href":"https:\/\/www.organisator.ch\/en\/wp-json\/wp\/v2\/posts\/26658\/revisions\/32296"}],"wp:attachment":[{"href":"https:\/\/www.organisator.ch\/en\/wp-json\/wp\/v2\/media?parent=26658"}],"wp:term":[{"taxonomy":"category","embeddable":true,"href":"https:\/\/www.organisator.ch\/en\/wp-json\/wp\/v2\/categories?post=26658"},{"taxonomy":"post_tag","embeddable":true,"href":"https:\/\/www.organisator.ch\/en\/wp-json\/wp\/v2\/tags?post=26658"}],"curies":[{"name":"wp","href":"https:\/\/api.w.org\/{rel}","templated":true}]}}