{"id":26672,"date":"2024-04-23T07:24:21","date_gmt":"2024-04-23T05:24:21","guid":{"rendered":"https:\/\/www.organisator.ch\/?p=26672"},"modified":"2024-04-22T15:24:38","modified_gmt":"2024-04-22T13:24:38","slug":"im-professionellen-setting-stoert-auch-junge-das-du","status":"publish","type":"post","link":"https:\/\/www.organisator.ch\/en\/human-resources\/2024-04-23\/im-professionellen-setting-stoert-auch-junge-das-du\/","title":{"rendered":"In a professional setting, the \"you\" also bothers young people"},"content":{"rendered":"<figure id=\"attachment_26673\" aria-describedby=\"caption-attachment-26673\" style=\"width: 680px\" class=\"wp-caption alignnone\"><img loading=\"lazy\" decoding=\"async\" class=\"size-full wp-image-26673\" src=\"https:\/\/www.organisator.ch\/wp-content\/uploads\/2024\/04\/Axa-Studie_Bild1_ps.jpg\" alt=\"\" width=\"680\" height=\"454\" srcset=\"https:\/\/www.organisator.ch\/wp-content\/uploads\/2024\/04\/Axa-Studie_Bild1_ps.jpg 680w, https:\/\/www.organisator.ch\/wp-content\/uploads\/2024\/04\/Axa-Studie_Bild1_ps-18x12.jpg 18w, https:\/\/www.organisator.ch\/wp-content\/uploads\/2024\/04\/Axa-Studie_Bild1_ps-375x250.jpg 375w, https:\/\/www.organisator.ch\/wp-content\/uploads\/2024\/04\/Axa-Studie_Bild1_ps-524x350.jpg 524w\" sizes=\"auto, (max-width: 680px) 100vw, 680px\" \/><figcaption id=\"caption-attachment-26673\" class=\"wp-caption-text\">Younger people are generally more open to being on first-name terms than older people. (Image: www.depositphotos.com)<\/figcaption><\/figure>\n<p>Unsurprisingly, attitudes differ between age groups when it comes to the question of whether people should be on first-name terms or informal in communication between companies and private individuals. Younger people are generally more open to being on first-name terms than older people. The AXA study also confirms the regional differences in preferences: In German-speaking Switzerland, it is much more popular to be on first-name terms than in French-speaking Switzerland and Ticino.<\/p>\n<h3><strong>The setting is more important than the age<\/strong><\/h3>\n<p>However, the strongest influencing factor on the personal attitude to using \"Du\" is not age, but the communication context. The setting should be collegial, informal and sporty so that the \"you\" is considered appropriate. In concrete terms, this means that just one in twenty people in a sports club would like to be on first-name terms, whereas one in five people at a take-away stand, almost one in two at a grocery store checkout and two thirds at a bank counter would.\u00a0<\/p>\n<figure id=\"attachment_26675\" aria-describedby=\"caption-attachment-26675\" style=\"width: 680px\" class=\"wp-caption alignnone\"><img loading=\"lazy\" decoding=\"async\" class=\"size-full wp-image-26675\" src=\"https:\/\/www.organisator.ch\/wp-content\/uploads\/2024\/04\/Axa-Studie_Bild2_ps.jpg\" alt=\"\" width=\"680\" height=\"379\" srcset=\"https:\/\/www.organisator.ch\/wp-content\/uploads\/2024\/04\/Axa-Studie_Bild2_ps.jpg 680w, https:\/\/www.organisator.ch\/wp-content\/uploads\/2024\/04\/Axa-Studie_Bild2_ps-18x10.jpg 18w, https:\/\/www.organisator.ch\/wp-content\/uploads\/2024\/04\/Axa-Studie_Bild2_ps-375x209.jpg 375w, https:\/\/www.organisator.ch\/wp-content\/uploads\/2024\/04\/Axa-Studie_Bild2_ps-628x350.jpg 628w\" sizes=\"auto, (max-width: 680px) 100vw, 680px\" \/><figcaption id=\"caption-attachment-26675\" class=\"wp-caption-text\"><br \/>\n(Image: www.axa.ch)<\/figcaption><\/figure>\n<h3><strong>A sign of unprofessionalism<\/strong><\/h3>\n<p>The youngest test group, 15- to 29-year-olds, in particular, reject the \"Du\", which has become established in more and more areas of life, as the seriousness of the context increases - they are significantly more likely than 30- to 70-year-olds to consider the \"Du\" to be unprofessional in more formal contexts. Older people reject the first name in professional contexts primarily for reasons of respect and see the first name as reserved for private and personal contexts. In general, only very few people - across all age groups - consider being on first-name terms to be intrusive or indecent.<\/p>\n<p>In turn, there are clearer age differences in the general attitude towards the \"Siez\" culture. With increasing age, the proportion of people who consider the Siez culture to be outdated decreases. Across all respondents, just under a fifth consider the Siez culture to be outdated, while around a third are of the opposite opinion. An age effect is also evident when it comes to the question of whether it is considered indecent to be addressed by a younger person. Older people are clearly more bothered by this. On the other hand, the different generations agree that people should only be on first-name terms once the other person has offered to be on first-name terms.<\/p>\n<p><em>Source: <a href=\"http:\/\/www.axa.ch\">www.axa.ch<\/a><\/em><\/p>","protected":false},"excerpt":{"rendered":"<p>In addition to age and language region, the preference for using \"Du\" or \"Sie\" depends primarily on the context, according to a new study by AXA. However, there are age differences in the reasons for not using the \"Du\" form of address. Younger people see being on first-name terms in a formal setting as unprofessional, older people as impolite.<\/p>","protected":false},"author":58,"featured_media":26673,"comment_status":"closed","ping_status":"closed","sticky":false,"template":"","format":"standard","meta":{"_acf_changed":false,"_yoast_wpseo_focuskw":"Duzen","_yoast_wpseo_metadesc":"Die Pr\u00e4ferenz f\u00fcrs Duzen oder Siezen h\u00e4ngt nebst dem Alter und der Sprachregion prim\u00e4r vom Kontext ab, belegt eine neue Studie der AXA.","articlekey":"","footnotes":""},"categories":[579],"tags":[3365,3506,424,459],"class_list":["post-26672","post","type-post","status-publish","format-standard","has-post-thumbnail","hentry","category-human-resources","tag-generationen","tag-human-resources","tag-schweiz","tag-studie"],"acf":[],"yoast_head":"<!-- This site is optimized with the Yoast SEO plugin v27.5 - https:\/\/yoast.com\/product\/yoast-seo-wordpress\/ -->\n<title>Im professionellen Setting st\u00f6rt auch Junge das \u00abDu\u00bb - Organisator<\/title>\n<meta name=\"description\" content=\"Die Pr\u00e4ferenz f\u00fcrs Duzen oder Siezen h\u00e4ngt nebst dem Alter und der Sprachregion prim\u00e4r vom Kontext ab, belegt eine neue Studie der AXA.\" \/>\n<meta name=\"robots\" content=\"index, follow, max-snippet:-1, max-image-preview:large, max-video-preview:-1\" \/>\n<link rel=\"canonical\" href=\"https:\/\/www.organisator.ch\/en\/human-resources\/2024-04-23\/im-professionellen-setting-stoert-auch-junge-das-du\/\" \/>\n<meta property=\"og:locale\" content=\"en_US\" \/>\n<meta property=\"og:type\" content=\"article\" \/>\n<meta property=\"og:title\" content=\"Im professionellen Setting st\u00f6rt auch Junge das \u00abDu\u00bb\" \/>\n<meta property=\"og:description\" content=\"Die Pr\u00e4ferenz f\u00fcrs Duzen oder Siezen h\u00e4ngt nebst dem Alter und der Sprachregion prim\u00e4r vom Kontext ab, belegt eine neue Studie der AXA.\" \/>\n<meta property=\"og:url\" content=\"https:\/\/www.organisator.ch\/en\/human-resources\/2024-04-23\/im-professionellen-setting-stoert-auch-junge-das-du\/\" \/>\n<meta property=\"og:site_name\" content=\"Organisator\" \/>\n<meta property=\"article:publisher\" content=\"https:\/\/www.facebook.com\/OrganisatorFachmagazin\" \/>\n<meta property=\"article:published_time\" content=\"2024-04-23T05:24:21+00:00\" \/>\n<meta property=\"og:image\" content=\"https:\/\/www.organisator.ch\/wp-content\/uploads\/2024\/04\/Axa-Studie_Bild1_ps.jpg\" \/>\n\t<meta property=\"og:image:width\" content=\"680\" \/>\n\t<meta property=\"og:image:height\" content=\"454\" \/>\n\t<meta property=\"og:image:type\" content=\"image\/jpeg\" \/>\n<meta name=\"author\" content=\"Adelisa Kalajdzini\" \/>\n<meta name=\"twitter:card\" content=\"summary_large_image\" \/>\n<meta name=\"twitter:title\" content=\"Im professionellen Setting st\u00f6rt auch Junge das \u00abDu\u00bb\" \/>\n<meta name=\"twitter:description\" content=\"Die Pr\u00e4ferenz f\u00fcrs #Duzen oder Siezen h\u00e4ngt nebst dem #Alter und der #Sprachregion prim\u00e4r vom Kontext ab, belegt eine neue #Studie der #AXA.\" \/>\n<meta name=\"twitter:image\" content=\"https:\/\/www.organisator.ch\/wp-content\/uploads\/2024\/04\/Axa-Studie_Bild1_ps.jpg\" \/>\n<script type=\"application\/ld+json\" class=\"yoast-schema-graph\">{\"@context\":\"https:\\\/\\\/schema.org\",\"@graph\":[{\"@type\":\"Article\",\"@id\":\"https:\\\/\\\/www.organisator.ch\\\/human-resources\\\/2024-04-23\\\/im-professionellen-setting-stoert-auch-junge-das-du\\\/#article\",\"isPartOf\":{\"@id\":\"https:\\\/\\\/www.organisator.ch\\\/human-resources\\\/2024-04-23\\\/im-professionellen-setting-stoert-auch-junge-das-du\\\/\"},\"author\":{\"name\":\"Adelisa Kalajdzini\",\"@id\":\"https:\\\/\\\/www.organisator.ch\\\/#\\\/schema\\\/person\\\/2e1314a2172123f874db408d8911d3f3\"},\"headline\":\"Im professionellen Setting st\u00f6rt auch Junge das \u00abDu\u00bb\",\"datePublished\":\"2024-04-23T05:24:21+00:00\",\"mainEntityOfPage\":{\"@id\":\"https:\\\/\\\/www.organisator.ch\\\/human-resources\\\/2024-04-23\\\/im-professionellen-setting-stoert-auch-junge-das-du\\\/\"},\"wordCount\":389,\"publisher\":{\"@id\":\"https:\\\/\\\/www.organisator.ch\\\/#organization\"},\"image\":{\"@id\":\"https:\\\/\\\/www.organisator.ch\\\/human-resources\\\/2024-04-23\\\/im-professionellen-setting-stoert-auch-junge-das-du\\\/#primaryimage\"},\"thumbnailUrl\":\"https:\\\/\\\/www.organisator.ch\\\/wp-content\\\/uploads\\\/2024\\\/04\\\/Axa-Studie_Bild1_ps.jpg\",\"keywords\":[\"Generationen\",\"Human Resources\",\"Schweiz\",\"Studie\"],\"articleSection\":[\"HUMAN RESOURCES\"],\"inLanguage\":\"en-US\"},{\"@type\":\"WebPage\",\"@id\":\"https:\\\/\\\/www.organisator.ch\\\/human-resources\\\/2024-04-23\\\/im-professionellen-setting-stoert-auch-junge-das-du\\\/\",\"url\":\"https:\\\/\\\/www.organisator.ch\\\/human-resources\\\/2024-04-23\\\/im-professionellen-setting-stoert-auch-junge-das-du\\\/\",\"name\":\"Im professionellen Setting st\u00f6rt auch Junge das \u00abDu\u00bb - Organisator\",\"isPartOf\":{\"@id\":\"https:\\\/\\\/www.organisator.ch\\\/#website\"},\"primaryImageOfPage\":{\"@id\":\"https:\\\/\\\/www.organisator.ch\\\/human-resources\\\/2024-04-23\\\/im-professionellen-setting-stoert-auch-junge-das-du\\\/#primaryimage\"},\"image\":{\"@id\":\"https:\\\/\\\/www.organisator.ch\\\/human-resources\\\/2024-04-23\\\/im-professionellen-setting-stoert-auch-junge-das-du\\\/#primaryimage\"},\"thumbnailUrl\":\"https:\\\/\\\/www.organisator.ch\\\/wp-content\\\/uploads\\\/2024\\\/04\\\/Axa-Studie_Bild1_ps.jpg\",\"datePublished\":\"2024-04-23T05:24:21+00:00\",\"description\":\"Die Pr\u00e4ferenz f\u00fcrs Duzen oder Siezen h\u00e4ngt nebst dem Alter und der Sprachregion prim\u00e4r vom Kontext ab, belegt eine neue Studie der AXA.\",\"breadcrumb\":{\"@id\":\"https:\\\/\\\/www.organisator.ch\\\/human-resources\\\/2024-04-23\\\/im-professionellen-setting-stoert-auch-junge-das-du\\\/#breadcrumb\"},\"inLanguage\":\"en-US\",\"potentialAction\":[{\"@type\":\"ReadAction\",\"target\":[\"https:\\\/\\\/www.organisator.ch\\\/human-resources\\\/2024-04-23\\\/im-professionellen-setting-stoert-auch-junge-das-du\\\/\"]}]},{\"@type\":\"ImageObject\",\"inLanguage\":\"en-US\",\"@id\":\"https:\\\/\\\/www.organisator.ch\\\/human-resources\\\/2024-04-23\\\/im-professionellen-setting-stoert-auch-junge-das-du\\\/#primaryimage\",\"url\":\"https:\\\/\\\/www.organisator.ch\\\/wp-content\\\/uploads\\\/2024\\\/04\\\/Axa-Studie_Bild1_ps.jpg\",\"contentUrl\":\"https:\\\/\\\/www.organisator.ch\\\/wp-content\\\/uploads\\\/2024\\\/04\\\/Axa-Studie_Bild1_ps.jpg\",\"width\":680,\"height\":454,\"caption\":\"J\u00fcngere Personen stehen dem Duzen generell offener gegen\u00fcber als \u00e4ltere. (Bild: www.depositphotos.com)\"},{\"@type\":\"BreadcrumbList\",\"@id\":\"https:\\\/\\\/www.organisator.ch\\\/human-resources\\\/2024-04-23\\\/im-professionellen-setting-stoert-auch-junge-das-du\\\/#breadcrumb\",\"itemListElement\":[{\"@type\":\"ListItem\",\"position\":1,\"name\":\"Home\",\"item\":\"https:\\\/\\\/www.organisator.ch\\\/\"},{\"@type\":\"ListItem\",\"position\":2,\"name\":\"Im professionellen Setting st\u00f6rt auch Junge das \u00abDu\u00bb\"}]},{\"@type\":\"WebSite\",\"@id\":\"https:\\\/\\\/www.organisator.ch\\\/#website\",\"url\":\"https:\\\/\\\/www.organisator.ch\\\/\",\"name\":\"Organisator\",\"description\":\"Kompetent. Praxisnah. Der ORGANISATOR bereitet in 10 Ausgaben pro Jahr die wesentlichen Themen f\u00fcr F\u00fchrungskr\u00e4fte von KMU auf.\",\"publisher\":{\"@id\":\"https:\\\/\\\/www.organisator.ch\\\/#organization\"},\"potentialAction\":[{\"@type\":\"SearchAction\",\"target\":{\"@type\":\"EntryPoint\",\"urlTemplate\":\"https:\\\/\\\/www.organisator.ch\\\/?s={search_term_string}\"},\"query-input\":{\"@type\":\"PropertyValueSpecification\",\"valueRequired\":true,\"valueName\":\"search_term_string\"}}],\"inLanguage\":\"en-US\"},{\"@type\":\"Organization\",\"@id\":\"https:\\\/\\\/www.organisator.ch\\\/#organization\",\"name\":\"Organisator\",\"url\":\"https:\\\/\\\/www.organisator.ch\\\/\",\"logo\":{\"@type\":\"ImageObject\",\"inLanguage\":\"en-US\",\"@id\":\"https:\\\/\\\/www.organisator.ch\\\/#\\\/schema\\\/logo\\\/image\\\/\",\"url\":\"https:\\\/\\\/www.organisator.ch\\\/wp-content\\\/uploads\\\/2022\\\/01\\\/Logo_Organisator_Website.png\",\"contentUrl\":\"https:\\\/\\\/www.organisator.ch\\\/wp-content\\\/uploads\\\/2022\\\/01\\\/Logo_Organisator_Website.png\",\"width\":800,\"height\":77,\"caption\":\"Organisator\"},\"image\":{\"@id\":\"https:\\\/\\\/www.organisator.ch\\\/#\\\/schema\\\/logo\\\/image\\\/\"},\"sameAs\":[\"https:\\\/\\\/www.facebook.com\\\/OrganisatorFachmagazin\",\"https:\\\/\\\/www.linkedin.com\\\/showcase\\\/organisator-das-magazin-fr-kmu\",\"https:\\\/\\\/www.xing.com\\\/news\\\/pages\\\/organisator-ch-695\",\"https:\\\/\\\/www.youtube.com\\\/channel\\\/UCGP2Sq0iWaZwT3BdIAQFYpw\"]},{\"@type\":\"Person\",\"@id\":\"https:\\\/\\\/www.organisator.ch\\\/#\\\/schema\\\/person\\\/2e1314a2172123f874db408d8911d3f3\",\"name\":\"Adelisa Kalajdzini\",\"image\":{\"@type\":\"ImageObject\",\"inLanguage\":\"en-US\",\"@id\":\"https:\\\/\\\/secure.gravatar.com\\\/avatar\\\/09a397c22ac58cad6f160ee8306348599df9df58a8ede73696226897b9fa4b24?s=96&d=mm&r=g\",\"url\":\"https:\\\/\\\/secure.gravatar.com\\\/avatar\\\/09a397c22ac58cad6f160ee8306348599df9df58a8ede73696226897b9fa4b24?s=96&d=mm&r=g\",\"contentUrl\":\"https:\\\/\\\/secure.gravatar.com\\\/avatar\\\/09a397c22ac58cad6f160ee8306348599df9df58a8ede73696226897b9fa4b24?s=96&d=mm&r=g\",\"caption\":\"Adelisa Kalajdzini\"},\"url\":\"https:\\\/\\\/www.organisator.ch\\\/en\\\/author\\\/adelisa-kalajdzini\\\/\"}]}<\/script>\n<!-- \/ Yoast SEO plugin. -->","yoast_head_json":{"title":"In a professional setting, the \"you\" - organizer - also disturbs young people","description":"In addition to age and language region, the preference for being on first-name terms depends primarily on the context, according to a new study by AXA.","robots":{"index":"index","follow":"follow","max-snippet":"max-snippet:-1","max-image-preview":"max-image-preview:large","max-video-preview":"max-video-preview:-1"},"canonical":"https:\/\/www.organisator.ch\/en\/human-resources\/2024-04-23\/im-professionellen-setting-stoert-auch-junge-das-du\/","og_locale":"en_US","og_type":"article","og_title":"Im professionellen Setting st\u00f6rt auch Junge das \u00abDu\u00bb","og_description":"Die Pr\u00e4ferenz f\u00fcrs Duzen oder Siezen h\u00e4ngt nebst dem Alter und der Sprachregion prim\u00e4r vom Kontext ab, belegt eine neue Studie der AXA.","og_url":"https:\/\/www.organisator.ch\/en\/human-resources\/2024-04-23\/im-professionellen-setting-stoert-auch-junge-das-du\/","og_site_name":"Organisator","article_publisher":"https:\/\/www.facebook.com\/OrganisatorFachmagazin","article_published_time":"2024-04-23T05:24:21+00:00","og_image":[{"width":680,"height":454,"url":"https:\/\/www.organisator.ch\/wp-content\/uploads\/2024\/04\/Axa-Studie_Bild1_ps.jpg","type":"image\/jpeg"}],"author":"Adelisa Kalajdzini","twitter_card":"summary_large_image","twitter_title":"Im professionellen Setting st\u00f6rt auch Junge das \u00abDu\u00bb","twitter_description":"Die Pr\u00e4ferenz f\u00fcrs #Duzen oder Siezen h\u00e4ngt nebst dem #Alter und der #Sprachregion prim\u00e4r vom Kontext ab, belegt eine neue #Studie der #AXA.","twitter_image":"https:\/\/www.organisator.ch\/wp-content\/uploads\/2024\/04\/Axa-Studie_Bild1_ps.jpg","schema":{"@context":"https:\/\/schema.org","@graph":[{"@type":"Article","@id":"https:\/\/www.organisator.ch\/human-resources\/2024-04-23\/im-professionellen-setting-stoert-auch-junge-das-du\/#article","isPartOf":{"@id":"https:\/\/www.organisator.ch\/human-resources\/2024-04-23\/im-professionellen-setting-stoert-auch-junge-das-du\/"},"author":{"name":"Adelisa Kalajdzini","@id":"https:\/\/www.organisator.ch\/#\/schema\/person\/2e1314a2172123f874db408d8911d3f3"},"headline":"Im professionellen Setting st\u00f6rt auch Junge das \u00abDu\u00bb","datePublished":"2024-04-23T05:24:21+00:00","mainEntityOfPage":{"@id":"https:\/\/www.organisator.ch\/human-resources\/2024-04-23\/im-professionellen-setting-stoert-auch-junge-das-du\/"},"wordCount":389,"publisher":{"@id":"https:\/\/www.organisator.ch\/#organization"},"image":{"@id":"https:\/\/www.organisator.ch\/human-resources\/2024-04-23\/im-professionellen-setting-stoert-auch-junge-das-du\/#primaryimage"},"thumbnailUrl":"https:\/\/www.organisator.ch\/wp-content\/uploads\/2024\/04\/Axa-Studie_Bild1_ps.jpg","keywords":["Generationen","Human Resources","Schweiz","Studie"],"articleSection":["HUMAN RESOURCES"],"inLanguage":"en-US"},{"@type":"WebPage","@id":"https:\/\/www.organisator.ch\/human-resources\/2024-04-23\/im-professionellen-setting-stoert-auch-junge-das-du\/","url":"https:\/\/www.organisator.ch\/human-resources\/2024-04-23\/im-professionellen-setting-stoert-auch-junge-das-du\/","name":"In a professional setting, the \"you\" - organizer - also disturbs young people","isPartOf":{"@id":"https:\/\/www.organisator.ch\/#website"},"primaryImageOfPage":{"@id":"https:\/\/www.organisator.ch\/human-resources\/2024-04-23\/im-professionellen-setting-stoert-auch-junge-das-du\/#primaryimage"},"image":{"@id":"https:\/\/www.organisator.ch\/human-resources\/2024-04-23\/im-professionellen-setting-stoert-auch-junge-das-du\/#primaryimage"},"thumbnailUrl":"https:\/\/www.organisator.ch\/wp-content\/uploads\/2024\/04\/Axa-Studie_Bild1_ps.jpg","datePublished":"2024-04-23T05:24:21+00:00","description":"In addition to age and language region, the preference for being on first-name terms depends primarily on the context, according to a new study by AXA.","breadcrumb":{"@id":"https:\/\/www.organisator.ch\/human-resources\/2024-04-23\/im-professionellen-setting-stoert-auch-junge-das-du\/#breadcrumb"},"inLanguage":"en-US","potentialAction":[{"@type":"ReadAction","target":["https:\/\/www.organisator.ch\/human-resources\/2024-04-23\/im-professionellen-setting-stoert-auch-junge-das-du\/"]}]},{"@type":"ImageObject","inLanguage":"en-US","@id":"https:\/\/www.organisator.ch\/human-resources\/2024-04-23\/im-professionellen-setting-stoert-auch-junge-das-du\/#primaryimage","url":"https:\/\/www.organisator.ch\/wp-content\/uploads\/2024\/04\/Axa-Studie_Bild1_ps.jpg","contentUrl":"https:\/\/www.organisator.ch\/wp-content\/uploads\/2024\/04\/Axa-Studie_Bild1_ps.jpg","width":680,"height":454,"caption":"J\u00fcngere Personen stehen dem Duzen generell offener gegen\u00fcber als \u00e4ltere. (Bild: www.depositphotos.com)"},{"@type":"BreadcrumbList","@id":"https:\/\/www.organisator.ch\/human-resources\/2024-04-23\/im-professionellen-setting-stoert-auch-junge-das-du\/#breadcrumb","itemListElement":[{"@type":"ListItem","position":1,"name":"Home","item":"https:\/\/www.organisator.ch\/"},{"@type":"ListItem","position":2,"name":"Im professionellen Setting st\u00f6rt auch Junge das \u00abDu\u00bb"}]},{"@type":"WebSite","@id":"https:\/\/www.organisator.ch\/#website","url":"https:\/\/www.organisator.ch\/","name":"Organizer","description":"Competent. Practical. In 10 issues per year, ORGANISATOR presents the essential topics for managers of SMEs.","publisher":{"@id":"https:\/\/www.organisator.ch\/#organization"},"potentialAction":[{"@type":"SearchAction","target":{"@type":"EntryPoint","urlTemplate":"https:\/\/www.organisator.ch\/?s={search_term_string}"},"query-input":{"@type":"PropertyValueSpecification","valueRequired":true,"valueName":"search_term_string"}}],"inLanguage":"en-US"},{"@type":"Organization","@id":"https:\/\/www.organisator.ch\/#organization","name":"Organizer","url":"https:\/\/www.organisator.ch\/","logo":{"@type":"ImageObject","inLanguage":"en-US","@id":"https:\/\/www.organisator.ch\/#\/schema\/logo\/image\/","url":"https:\/\/www.organisator.ch\/wp-content\/uploads\/2022\/01\/Logo_Organisator_Website.png","contentUrl":"https:\/\/www.organisator.ch\/wp-content\/uploads\/2022\/01\/Logo_Organisator_Website.png","width":800,"height":77,"caption":"Organisator"},"image":{"@id":"https:\/\/www.organisator.ch\/#\/schema\/logo\/image\/"},"sameAs":["https:\/\/www.facebook.com\/OrganisatorFachmagazin","https:\/\/www.linkedin.com\/showcase\/organisator-das-magazin-fr-kmu","https:\/\/www.xing.com\/news\/pages\/organisator-ch-695","https:\/\/www.youtube.com\/channel\/UCGP2Sq0iWaZwT3BdIAQFYpw"]},{"@type":"Person","@id":"https:\/\/www.organisator.ch\/#\/schema\/person\/2e1314a2172123f874db408d8911d3f3","name":"Adelisa Kalajdzini","image":{"@type":"ImageObject","inLanguage":"en-US","@id":"https:\/\/secure.gravatar.com\/avatar\/09a397c22ac58cad6f160ee8306348599df9df58a8ede73696226897b9fa4b24?s=96&d=mm&r=g","url":"https:\/\/secure.gravatar.com\/avatar\/09a397c22ac58cad6f160ee8306348599df9df58a8ede73696226897b9fa4b24?s=96&d=mm&r=g","contentUrl":"https:\/\/secure.gravatar.com\/avatar\/09a397c22ac58cad6f160ee8306348599df9df58a8ede73696226897b9fa4b24?s=96&d=mm&r=g","caption":"Adelisa Kalajdzini"},"url":"https:\/\/www.organisator.ch\/en\/author\/adelisa-kalajdzini\/"}]}},"_links":{"self":[{"href":"https:\/\/www.organisator.ch\/en\/wp-json\/wp\/v2\/posts\/26672","targetHints":{"allow":["GET"]}}],"collection":[{"href":"https:\/\/www.organisator.ch\/en\/wp-json\/wp\/v2\/posts"}],"about":[{"href":"https:\/\/www.organisator.ch\/en\/wp-json\/wp\/v2\/types\/post"}],"author":[{"embeddable":true,"href":"https:\/\/www.organisator.ch\/en\/wp-json\/wp\/v2\/users\/58"}],"replies":[{"embeddable":true,"href":"https:\/\/www.organisator.ch\/en\/wp-json\/wp\/v2\/comments?post=26672"}],"version-history":[{"count":5,"href":"https:\/\/www.organisator.ch\/en\/wp-json\/wp\/v2\/posts\/26672\/revisions"}],"predecessor-version":[{"id":26703,"href":"https:\/\/www.organisator.ch\/en\/wp-json\/wp\/v2\/posts\/26672\/revisions\/26703"}],"wp:featuredmedia":[{"embeddable":true,"href":"https:\/\/www.organisator.ch\/en\/wp-json\/wp\/v2\/media\/26673"}],"wp:attachment":[{"href":"https:\/\/www.organisator.ch\/en\/wp-json\/wp\/v2\/media?parent=26672"}],"wp:term":[{"taxonomy":"category","embeddable":true,"href":"https:\/\/www.organisator.ch\/en\/wp-json\/wp\/v2\/categories?post=26672"},{"taxonomy":"post_tag","embeddable":true,"href":"https:\/\/www.organisator.ch\/en\/wp-json\/wp\/v2\/tags?post=26672"}],"curies":[{"name":"wp","href":"https:\/\/api.w.org\/{rel}","templated":true}]}}