{"id":26875,"date":"2024-05-02T07:21:40","date_gmt":"2024-05-02T05:21:40","guid":{"rendered":"https:\/\/www.organisator.ch\/?p=26875"},"modified":"2024-05-01T10:25:45","modified_gmt":"2024-05-01T08:25:45","slug":"schweizer-unternehmen-sind-positiv-gestimmt-erwarten-aber-sinkende-mitarbeiterzahlen","status":"publish","type":"post","link":"https:\/\/www.organisator.ch\/en\/management\/2024-05-02\/schweizer-unternehmen-sind-positiv-gestimmt-erwarten-aber-sinkende-mitarbeiterzahlen\/","title":{"rendered":"Swiss companies are positive, but expect employee numbers to fall"},"content":{"rendered":"<figure id=\"attachment_26879\" aria-describedby=\"caption-attachment-26879\" style=\"width: 680px\" class=\"wp-caption alignnone\"><img loading=\"lazy\" decoding=\"async\" class=\"wp-image-26879 size-full\" src=\"https:\/\/www.organisator.ch\/wp-content\/uploads\/2024\/05\/Deloitte_Bild1_ps.jpg\" alt=\"\" width=\"680\" height=\"454\" srcset=\"https:\/\/www.organisator.ch\/wp-content\/uploads\/2024\/05\/Deloitte_Bild1_ps.jpg 680w, https:\/\/www.organisator.ch\/wp-content\/uploads\/2024\/05\/Deloitte_Bild1_ps-18x12.jpg 18w, https:\/\/www.organisator.ch\/wp-content\/uploads\/2024\/05\/Deloitte_Bild1_ps-375x250.jpg 375w, https:\/\/www.organisator.ch\/wp-content\/uploads\/2024\/05\/Deloitte_Bild1_ps-524x350.jpg 524w\" sizes=\"auto, (max-width: 680px) 100vw, 680px\" \/><figcaption id=\"caption-attachment-26879\" class=\"wp-caption-text\">More than half of respondents (56%) are either positive or very positive about economic development in Switzerland over the next twelve months. (Image: www.depositphotos.com)<\/figcaption><\/figure>\n<p>The mood among Swiss CFOs appears to have brightened considerably, as the results of the latest CFO survey recently conducted by the auditing and consulting firm Deloitte Switzerland show. More than half of respondents (56%) are either positive or very positive about the economic development in Switzerland over the next twelve months (vs. fall 2023: 41%), while around 38% rate their expectations as neutral. The outlook is therefore solidly positive, but not euphoric. Swiss CFOs are even more optimistic about the USA, their most important trading partner: 59% of CFOs (vs. fall 2023: 41%) expect positive or very positive economic development in the USA over the next twelve months.<\/p>\n<figure id=\"attachment_26877\" aria-describedby=\"caption-attachment-26877\" style=\"width: 680px\" class=\"wp-caption alignnone\"><img loading=\"lazy\" decoding=\"async\" class=\"size-full wp-image-26877\" src=\"https:\/\/www.organisator.ch\/wp-content\/uploads\/2024\/05\/Deloitte_Grafik1_ps.jpg\" alt=\"\" width=\"680\" height=\"456\" srcset=\"https:\/\/www.organisator.ch\/wp-content\/uploads\/2024\/05\/Deloitte_Grafik1_ps.jpg 680w, https:\/\/www.organisator.ch\/wp-content\/uploads\/2024\/05\/Deloitte_Grafik1_ps-18x12.jpg 18w, https:\/\/www.organisator.ch\/wp-content\/uploads\/2024\/05\/Deloitte_Grafik1_ps-375x251.jpg 375w, https:\/\/www.organisator.ch\/wp-content\/uploads\/2024\/05\/Deloitte_Grafik1_ps-522x350.jpg 522w\" sizes=\"auto, (max-width: 680px) 100vw, 680px\" \/><figcaption id=\"caption-attachment-26877\" class=\"wp-caption-text\">Economic expectations for Switzerland and Switzerland's most important trading partners. (Image: www.deloitte.com)<\/figcaption><\/figure>\n<p>These positive expectations are in stark contrast to the expected economic development of Germany, the second most important trading partner, and that of China. The extremely negative assessment continues, particularly with regard to Germany: 66% of CFOs anticipate negative or very negative economic development (vs. fall 2023: 65%). Although expectations for China have improved somewhat, the majority of CFOs surveyed (47%) also expect negative to very negative development there (vs. fall 2023: 65%). A trend is thus emerging whereby the outlook for Switzerland and other important trading partners is brightening, but the forecast for Germany remains almost unchanged, i.e. extremely pessimistic.<\/p>\n<p>\"If the negative economic forecasts for Germany are confirmed, the Swiss export industry will have to increase its involvement in other markets. Companies need to develop flexible business models that can be quickly adapted to changing conditions. A proactive risk management strategy based on diversification and financial stability is crucial to reduce our dependence on individual markets,\" explains Alessandro Miolo, Head of Audit &amp; Assurance at Deloitte Switzerland.<\/p>\n<h3><strong>CFOs expect declining employee numbers <\/strong><\/h3>\n<p>CFOs are generally optimistic, not only with regard to the good economic outlook, but also with regard to the company's prospects. Half (50%) of respondents are positive about the development of their own company over the next twelve months, while only 16% are pessimistic. These figures are similar to those from the survey in autumn 2023. The CFOs surveyed are also positive about the company's key figures: 63% expect turnover to increase and 39% anticipate rising margins.<\/p>\n<p>However, one major exception stands out in the company figures: 27% of CFOs expect the number of employees in their company to fall in the coming year - whether due to redundancies or vacant positions that will not be filled.<\/p>\n<p>This percentage has risen for the second time in a row. Alessandro Miolo comments: \"The fact that so many companies are expecting their headcount to fall is partly due to the fact that they do not expect to find suitable skilled workers within a reasonable period of time. The labor shortage remains a major problem for many companies. However, companies are also increasingly relying on artificial intelligence and automation. As a result, this is leading to a reduced willingness to hire and a shrinking workforce.\" This trend is also reflected in the latest figures from the State Secretariat for Economic Affairs SECO: the number of job vacancies has fallen over the past year and SECO expects the unemployment rate to rise slightly in 2024.<\/p>\n<h3><strong>Geopolitical risks quickly take first place <\/strong><\/h3>\n<p>The Middle East conflict, the war in Ukraine, tensions between Taiwan and China and the uncertain outcome of the upcoming US presidential election: The feeling of an increasingly uncertain world is also reflected in the barometer of the biggest corporate concerns: geopolitical risks have jumped up nine places (compared to autumn 2023) and now rank in first place, while concerns about a weak economy or demand (second place) and worries about labor shortages (third place) have fallen slightly. Even if hiring intentions fall by autumn 2024, it will still be a challenge for companies to find qualified specialists within a reasonable period of time.<\/p>\n<figure id=\"attachment_26878\" aria-describedby=\"caption-attachment-26878\" style=\"width: 680px\" class=\"wp-caption alignnone\"><img loading=\"lazy\" decoding=\"async\" class=\"size-full wp-image-26878\" src=\"https:\/\/www.organisator.ch\/wp-content\/uploads\/2024\/05\/Deloitte_Grafik2_ps.jpg\" alt=\"\" width=\"680\" height=\"879\" srcset=\"https:\/\/www.organisator.ch\/wp-content\/uploads\/2024\/05\/Deloitte_Grafik2_ps.jpg 680w, https:\/\/www.organisator.ch\/wp-content\/uploads\/2024\/05\/Deloitte_Grafik2_ps-9x12.jpg 9w, https:\/\/www.organisator.ch\/wp-content\/uploads\/2024\/05\/Deloitte_Grafik2_ps-232x300.jpg 232w, https:\/\/www.organisator.ch\/wp-content\/uploads\/2024\/05\/Deloitte_Grafik2_ps-271x350.jpg 271w, https:\/\/www.organisator.ch\/wp-content\/uploads\/2024\/05\/Deloitte_Grafik2_ps-619x800.jpg 619w\" sizes=\"auto, (max-width: 680px) 100vw, 680px\" \/><figcaption id=\"caption-attachment-26878\" class=\"wp-caption-text\">Risks for companies from the perspective of Swiss CFOs. (Image: www.deloitte.com)<\/figcaption><\/figure>\n<h3><strong>ESG regulations also cause concern <\/strong><\/h3>\n<p>In the top 10 and directly in fourth place is the topic of regulation, which is a concern for many CFOs. In this context, CFOs mentioned regulations in the area of sustainability (ESG reporting) for the first time. \"The increasing number and variety of regulatory requirements not only lead to an increased compliance effort, but also to additional costs for companies. In particular, the implementation and monitoring of sustainability regulations require considerable resources and investment. The survey shows that this represents a significant conflict of objectives for many CFOs, as they have to ensure compliance and achieve business objectives at the same time. In this complex and highly dynamic regulatory landscape, it is therefore crucial that companies establish a robust governance structure and continuously keep abreast of the latest regulatory developments in order to minimize risks and take advantage of opportunities,\" Alessandro Miolo concludes.<\/p>\n<p>The economic and monetary policy situation has stabilized for CFOs: although currency risks and the interest rate environment are still in the top 10, concerns about persistent inflation have dropped out of the rankings. On average, CFOs expect a stable inflation rate of 1.5 percent in 12 months and 1.4 percent in 24 months, which is well below the two percent mark and therefore means price stability.<\/p>\n<p><em>Source: <a href=\"http:\/\/www.deloitte.com\">www.deloitte.com<\/a><\/em><\/p>","protected":false},"excerpt":{"rendered":"<p>Significant change in sentiment among Swiss CFOs: 56% expect the Swiss economy to develop positively over the next twelve months, an increase of 15 percentage points compared to fall 2023. This is shown by the latest CFO survey by Deloitte. CFOs are also optimistic about the future of their own company. However, a good quarter of those surveyed expect the number of employees in their own company to fall. CFOs are concerned about important trading partners such as China and Germany.<\/p>","protected":false},"author":58,"featured_media":26879,"comment_status":"closed","ping_status":"closed","sticky":false,"template":"","format":"standard","meta":{"_acf_changed":false,"_yoast_wpseo_focuskw":"CFO-Umfrage","_yoast_wpseo_metadesc":"Stimmungsumschwung unter Schweizer CFOs: 56 Prozent erwarten f\u00fcr die n\u00e4chsten zw\u00f6lf Monate eine positive Entwicklung der Schweizer Wirtschaft.","articlekey":"","footnotes":""},"categories":[28],"tags":[201,334,487,492],"class_list":["post-26875","post","type-post","status-publish","format-standard","has-post-thumbnail","hentry","category-management","tag-finanzen","tag-management","tag-umfrage","tag-unternehmen"],"acf":[],"yoast_head":"<!-- This site is optimized with the Yoast SEO plugin v27.4 - https:\/\/yoast.com\/product\/yoast-seo-wordpress\/ -->\n<title>Schweizer Unternehmen sind positiv gestimmt, erwarten aber sinkende Mitarbeiterzahlen - Organisator<\/title>\n<meta name=\"description\" content=\"Stimmungsumschwung unter Schweizer CFOs: 56 Prozent erwarten f\u00fcr die n\u00e4chsten zw\u00f6lf Monate eine positive Entwicklung der Schweizer Wirtschaft.\" \/>\n<meta name=\"robots\" content=\"index, follow, max-snippet:-1, max-image-preview:large, max-video-preview:-1\" \/>\n<link rel=\"canonical\" href=\"https:\/\/www.organisator.ch\/en\/management\/2024-05-02\/schweizer-unternehmen-sind-positiv-gestimmt-erwarten-aber-sinkende-mitarbeiterzahlen\/\" \/>\n<meta property=\"og:locale\" content=\"en_US\" \/>\n<meta property=\"og:type\" content=\"article\" \/>\n<meta property=\"og:title\" content=\"Schweizer Unternehmen sind positiv gestimmt, erwarten aber sinkende Mitarbeiterzahlen\" \/>\n<meta property=\"og:description\" content=\"Stimmungsumschwung unter Schweizer CFOs: 56 Prozent erwarten f\u00fcr die n\u00e4chsten zw\u00f6lf Monate eine positive Entwicklung der Schweizer Wirtschaft.\" \/>\n<meta property=\"og:url\" content=\"https:\/\/www.organisator.ch\/en\/management\/2024-05-02\/schweizer-unternehmen-sind-positiv-gestimmt-erwarten-aber-sinkende-mitarbeiterzahlen\/\" \/>\n<meta property=\"og:site_name\" content=\"Organisator\" \/>\n<meta property=\"article:publisher\" content=\"https:\/\/www.facebook.com\/OrganisatorFachmagazin\" \/>\n<meta property=\"article:published_time\" content=\"2024-05-02T05:21:40+00:00\" \/>\n<meta property=\"og:image\" content=\"https:\/\/www.organisator.ch\/wp-content\/uploads\/2024\/05\/Deloitte_Bild1_ps.jpg\" \/>\n\t<meta property=\"og:image:width\" content=\"680\" \/>\n\t<meta property=\"og:image:height\" content=\"454\" \/>\n\t<meta property=\"og:image:type\" content=\"image\/jpeg\" \/>\n<meta name=\"author\" content=\"Adelisa Kalajdzini\" \/>\n<meta name=\"twitter:card\" content=\"summary_large_image\" \/>\n<meta name=\"twitter:title\" content=\"Schweizer Unternehmen sind positiv gestimmt, erwarten aber sinkende Mitarbeiterzahlen\" \/>\n<meta name=\"twitter:description\" content=\"Stimmungsumschwung unter #Schweizer #CFOs: 56 Prozent erwarten f\u00fcr die n\u00e4chsten zw\u00f6lf Monate eine positive #Entwicklung der Schweizer #Wirtschaft.\" \/>\n<meta name=\"twitter:image\" content=\"https:\/\/www.organisator.ch\/wp-content\/uploads\/2024\/05\/Deloitte_Bild1_ps.jpg\" \/>\n<script type=\"application\/ld+json\" class=\"yoast-schema-graph\">{\"@context\":\"https:\\\/\\\/schema.org\",\"@graph\":[{\"@type\":\"Article\",\"@id\":\"https:\\\/\\\/www.organisator.ch\\\/management\\\/2024-05-02\\\/schweizer-unternehmen-sind-positiv-gestimmt-erwarten-aber-sinkende-mitarbeiterzahlen\\\/#article\",\"isPartOf\":{\"@id\":\"https:\\\/\\\/www.organisator.ch\\\/management\\\/2024-05-02\\\/schweizer-unternehmen-sind-positiv-gestimmt-erwarten-aber-sinkende-mitarbeiterzahlen\\\/\"},\"author\":{\"name\":\"Adelisa Kalajdzini\",\"@id\":\"https:\\\/\\\/www.organisator.ch\\\/#\\\/schema\\\/person\\\/2e1314a2172123f874db408d8911d3f3\"},\"headline\":\"Schweizer Unternehmen sind positiv gestimmt, erwarten aber sinkende Mitarbeiterzahlen\",\"datePublished\":\"2024-05-02T05:21:40+00:00\",\"mainEntityOfPage\":{\"@id\":\"https:\\\/\\\/www.organisator.ch\\\/management\\\/2024-05-02\\\/schweizer-unternehmen-sind-positiv-gestimmt-erwarten-aber-sinkende-mitarbeiterzahlen\\\/\"},\"wordCount\":921,\"publisher\":{\"@id\":\"https:\\\/\\\/www.organisator.ch\\\/#organization\"},\"image\":{\"@id\":\"https:\\\/\\\/www.organisator.ch\\\/management\\\/2024-05-02\\\/schweizer-unternehmen-sind-positiv-gestimmt-erwarten-aber-sinkende-mitarbeiterzahlen\\\/#primaryimage\"},\"thumbnailUrl\":\"https:\\\/\\\/www.organisator.ch\\\/wp-content\\\/uploads\\\/2024\\\/05\\\/Deloitte_Bild1_ps.jpg\",\"keywords\":[\"Finanzen\",\"Management\",\"Umfrage\",\"Unternehmen\"],\"articleSection\":[\"MANAGEMENT\"],\"inLanguage\":\"en-US\"},{\"@type\":\"WebPage\",\"@id\":\"https:\\\/\\\/www.organisator.ch\\\/management\\\/2024-05-02\\\/schweizer-unternehmen-sind-positiv-gestimmt-erwarten-aber-sinkende-mitarbeiterzahlen\\\/\",\"url\":\"https:\\\/\\\/www.organisator.ch\\\/management\\\/2024-05-02\\\/schweizer-unternehmen-sind-positiv-gestimmt-erwarten-aber-sinkende-mitarbeiterzahlen\\\/\",\"name\":\"Schweizer Unternehmen sind positiv gestimmt, erwarten aber sinkende Mitarbeiterzahlen - Organisator\",\"isPartOf\":{\"@id\":\"https:\\\/\\\/www.organisator.ch\\\/#website\"},\"primaryImageOfPage\":{\"@id\":\"https:\\\/\\\/www.organisator.ch\\\/management\\\/2024-05-02\\\/schweizer-unternehmen-sind-positiv-gestimmt-erwarten-aber-sinkende-mitarbeiterzahlen\\\/#primaryimage\"},\"image\":{\"@id\":\"https:\\\/\\\/www.organisator.ch\\\/management\\\/2024-05-02\\\/schweizer-unternehmen-sind-positiv-gestimmt-erwarten-aber-sinkende-mitarbeiterzahlen\\\/#primaryimage\"},\"thumbnailUrl\":\"https:\\\/\\\/www.organisator.ch\\\/wp-content\\\/uploads\\\/2024\\\/05\\\/Deloitte_Bild1_ps.jpg\",\"datePublished\":\"2024-05-02T05:21:40+00:00\",\"description\":\"Stimmungsumschwung unter Schweizer CFOs: 56 Prozent erwarten f\u00fcr die n\u00e4chsten zw\u00f6lf Monate eine positive Entwicklung der Schweizer Wirtschaft.\",\"breadcrumb\":{\"@id\":\"https:\\\/\\\/www.organisator.ch\\\/management\\\/2024-05-02\\\/schweizer-unternehmen-sind-positiv-gestimmt-erwarten-aber-sinkende-mitarbeiterzahlen\\\/#breadcrumb\"},\"inLanguage\":\"en-US\",\"potentialAction\":[{\"@type\":\"ReadAction\",\"target\":[\"https:\\\/\\\/www.organisator.ch\\\/management\\\/2024-05-02\\\/schweizer-unternehmen-sind-positiv-gestimmt-erwarten-aber-sinkende-mitarbeiterzahlen\\\/\"]}]},{\"@type\":\"ImageObject\",\"inLanguage\":\"en-US\",\"@id\":\"https:\\\/\\\/www.organisator.ch\\\/management\\\/2024-05-02\\\/schweizer-unternehmen-sind-positiv-gestimmt-erwarten-aber-sinkende-mitarbeiterzahlen\\\/#primaryimage\",\"url\":\"https:\\\/\\\/www.organisator.ch\\\/wp-content\\\/uploads\\\/2024\\\/05\\\/Deloitte_Bild1_ps.jpg\",\"contentUrl\":\"https:\\\/\\\/www.organisator.ch\\\/wp-content\\\/uploads\\\/2024\\\/05\\\/Deloitte_Bild1_ps.jpg\",\"width\":680,\"height\":454,\"caption\":\"\u00dcber die H\u00e4lfte der Befragten (56%) blickt entweder positiv oder sehr positiv auf die Konjunkturentwicklung der Schweiz in den kommenden zw\u00f6lf Monaten. (Bild: www.depositphotos.com)\"},{\"@type\":\"BreadcrumbList\",\"@id\":\"https:\\\/\\\/www.organisator.ch\\\/management\\\/2024-05-02\\\/schweizer-unternehmen-sind-positiv-gestimmt-erwarten-aber-sinkende-mitarbeiterzahlen\\\/#breadcrumb\",\"itemListElement\":[{\"@type\":\"ListItem\",\"position\":1,\"name\":\"Home\",\"item\":\"https:\\\/\\\/www.organisator.ch\\\/\"},{\"@type\":\"ListItem\",\"position\":2,\"name\":\"Schweizer Unternehmen sind positiv gestimmt, erwarten aber sinkende Mitarbeiterzahlen\"}]},{\"@type\":\"WebSite\",\"@id\":\"https:\\\/\\\/www.organisator.ch\\\/#website\",\"url\":\"https:\\\/\\\/www.organisator.ch\\\/\",\"name\":\"Organisator\",\"description\":\"Kompetent. Praxisnah. Der ORGANISATOR bereitet in 10 Ausgaben pro Jahr die wesentlichen Themen f\u00fcr F\u00fchrungskr\u00e4fte von KMU auf.\",\"publisher\":{\"@id\":\"https:\\\/\\\/www.organisator.ch\\\/#organization\"},\"potentialAction\":[{\"@type\":\"SearchAction\",\"target\":{\"@type\":\"EntryPoint\",\"urlTemplate\":\"https:\\\/\\\/www.organisator.ch\\\/?s={search_term_string}\"},\"query-input\":{\"@type\":\"PropertyValueSpecification\",\"valueRequired\":true,\"valueName\":\"search_term_string\"}}],\"inLanguage\":\"en-US\"},{\"@type\":\"Organization\",\"@id\":\"https:\\\/\\\/www.organisator.ch\\\/#organization\",\"name\":\"Organisator\",\"url\":\"https:\\\/\\\/www.organisator.ch\\\/\",\"logo\":{\"@type\":\"ImageObject\",\"inLanguage\":\"en-US\",\"@id\":\"https:\\\/\\\/www.organisator.ch\\\/#\\\/schema\\\/logo\\\/image\\\/\",\"url\":\"https:\\\/\\\/www.organisator.ch\\\/wp-content\\\/uploads\\\/2022\\\/01\\\/Logo_Organisator_Website.png\",\"contentUrl\":\"https:\\\/\\\/www.organisator.ch\\\/wp-content\\\/uploads\\\/2022\\\/01\\\/Logo_Organisator_Website.png\",\"width\":800,\"height\":77,\"caption\":\"Organisator\"},\"image\":{\"@id\":\"https:\\\/\\\/www.organisator.ch\\\/#\\\/schema\\\/logo\\\/image\\\/\"},\"sameAs\":[\"https:\\\/\\\/www.facebook.com\\\/OrganisatorFachmagazin\",\"https:\\\/\\\/www.linkedin.com\\\/showcase\\\/organisator-das-magazin-fr-kmu\",\"https:\\\/\\\/www.xing.com\\\/news\\\/pages\\\/organisator-ch-695\",\"https:\\\/\\\/www.youtube.com\\\/channel\\\/UCGP2Sq0iWaZwT3BdIAQFYpw\"]},{\"@type\":\"Person\",\"@id\":\"https:\\\/\\\/www.organisator.ch\\\/#\\\/schema\\\/person\\\/2e1314a2172123f874db408d8911d3f3\",\"name\":\"Adelisa Kalajdzini\",\"image\":{\"@type\":\"ImageObject\",\"inLanguage\":\"en-US\",\"@id\":\"https:\\\/\\\/secure.gravatar.com\\\/avatar\\\/09a397c22ac58cad6f160ee8306348599df9df58a8ede73696226897b9fa4b24?s=96&d=mm&r=g\",\"url\":\"https:\\\/\\\/secure.gravatar.com\\\/avatar\\\/09a397c22ac58cad6f160ee8306348599df9df58a8ede73696226897b9fa4b24?s=96&d=mm&r=g\",\"contentUrl\":\"https:\\\/\\\/secure.gravatar.com\\\/avatar\\\/09a397c22ac58cad6f160ee8306348599df9df58a8ede73696226897b9fa4b24?s=96&d=mm&r=g\",\"caption\":\"Adelisa Kalajdzini\"},\"url\":\"https:\\\/\\\/www.organisator.ch\\\/en\\\/author\\\/adelisa-kalajdzini\\\/\"}]}<\/script>\n<!-- \/ Yoast SEO plugin. -->","yoast_head_json":{"title":"Swiss companies are positive, but expect employee numbers to fall - Organizer","description":"Change in sentiment among Swiss CFOs: 56 percent expect the Swiss economy to develop positively over the next twelve months.","robots":{"index":"index","follow":"follow","max-snippet":"max-snippet:-1","max-image-preview":"max-image-preview:large","max-video-preview":"max-video-preview:-1"},"canonical":"https:\/\/www.organisator.ch\/en\/management\/2024-05-02\/schweizer-unternehmen-sind-positiv-gestimmt-erwarten-aber-sinkende-mitarbeiterzahlen\/","og_locale":"en_US","og_type":"article","og_title":"Schweizer Unternehmen sind positiv gestimmt, erwarten aber sinkende Mitarbeiterzahlen","og_description":"Stimmungsumschwung unter Schweizer CFOs: 56 Prozent erwarten f\u00fcr die n\u00e4chsten zw\u00f6lf Monate eine positive Entwicklung der Schweizer Wirtschaft.","og_url":"https:\/\/www.organisator.ch\/en\/management\/2024-05-02\/schweizer-unternehmen-sind-positiv-gestimmt-erwarten-aber-sinkende-mitarbeiterzahlen\/","og_site_name":"Organisator","article_publisher":"https:\/\/www.facebook.com\/OrganisatorFachmagazin","article_published_time":"2024-05-02T05:21:40+00:00","og_image":[{"width":680,"height":454,"url":"https:\/\/www.organisator.ch\/wp-content\/uploads\/2024\/05\/Deloitte_Bild1_ps.jpg","type":"image\/jpeg"}],"author":"Adelisa Kalajdzini","twitter_card":"summary_large_image","twitter_title":"Schweizer Unternehmen sind positiv gestimmt, erwarten aber sinkende Mitarbeiterzahlen","twitter_description":"Stimmungsumschwung unter #Schweizer #CFOs: 56 Prozent erwarten f\u00fcr die n\u00e4chsten zw\u00f6lf Monate eine positive #Entwicklung der Schweizer #Wirtschaft.","twitter_image":"https:\/\/www.organisator.ch\/wp-content\/uploads\/2024\/05\/Deloitte_Bild1_ps.jpg","schema":{"@context":"https:\/\/schema.org","@graph":[{"@type":"Article","@id":"https:\/\/www.organisator.ch\/management\/2024-05-02\/schweizer-unternehmen-sind-positiv-gestimmt-erwarten-aber-sinkende-mitarbeiterzahlen\/#article","isPartOf":{"@id":"https:\/\/www.organisator.ch\/management\/2024-05-02\/schweizer-unternehmen-sind-positiv-gestimmt-erwarten-aber-sinkende-mitarbeiterzahlen\/"},"author":{"name":"Adelisa Kalajdzini","@id":"https:\/\/www.organisator.ch\/#\/schema\/person\/2e1314a2172123f874db408d8911d3f3"},"headline":"Schweizer Unternehmen sind positiv gestimmt, erwarten aber sinkende Mitarbeiterzahlen","datePublished":"2024-05-02T05:21:40+00:00","mainEntityOfPage":{"@id":"https:\/\/www.organisator.ch\/management\/2024-05-02\/schweizer-unternehmen-sind-positiv-gestimmt-erwarten-aber-sinkende-mitarbeiterzahlen\/"},"wordCount":921,"publisher":{"@id":"https:\/\/www.organisator.ch\/#organization"},"image":{"@id":"https:\/\/www.organisator.ch\/management\/2024-05-02\/schweizer-unternehmen-sind-positiv-gestimmt-erwarten-aber-sinkende-mitarbeiterzahlen\/#primaryimage"},"thumbnailUrl":"https:\/\/www.organisator.ch\/wp-content\/uploads\/2024\/05\/Deloitte_Bild1_ps.jpg","keywords":["Finanzen","Management","Umfrage","Unternehmen"],"articleSection":["MANAGEMENT"],"inLanguage":"en-US"},{"@type":"WebPage","@id":"https:\/\/www.organisator.ch\/management\/2024-05-02\/schweizer-unternehmen-sind-positiv-gestimmt-erwarten-aber-sinkende-mitarbeiterzahlen\/","url":"https:\/\/www.organisator.ch\/management\/2024-05-02\/schweizer-unternehmen-sind-positiv-gestimmt-erwarten-aber-sinkende-mitarbeiterzahlen\/","name":"Swiss companies are positive, but expect employee numbers to fall - Organizer","isPartOf":{"@id":"https:\/\/www.organisator.ch\/#website"},"primaryImageOfPage":{"@id":"https:\/\/www.organisator.ch\/management\/2024-05-02\/schweizer-unternehmen-sind-positiv-gestimmt-erwarten-aber-sinkende-mitarbeiterzahlen\/#primaryimage"},"image":{"@id":"https:\/\/www.organisator.ch\/management\/2024-05-02\/schweizer-unternehmen-sind-positiv-gestimmt-erwarten-aber-sinkende-mitarbeiterzahlen\/#primaryimage"},"thumbnailUrl":"https:\/\/www.organisator.ch\/wp-content\/uploads\/2024\/05\/Deloitte_Bild1_ps.jpg","datePublished":"2024-05-02T05:21:40+00:00","description":"Change in sentiment among Swiss CFOs: 56 percent expect the Swiss economy to develop positively over the next twelve months.","breadcrumb":{"@id":"https:\/\/www.organisator.ch\/management\/2024-05-02\/schweizer-unternehmen-sind-positiv-gestimmt-erwarten-aber-sinkende-mitarbeiterzahlen\/#breadcrumb"},"inLanguage":"en-US","potentialAction":[{"@type":"ReadAction","target":["https:\/\/www.organisator.ch\/management\/2024-05-02\/schweizer-unternehmen-sind-positiv-gestimmt-erwarten-aber-sinkende-mitarbeiterzahlen\/"]}]},{"@type":"ImageObject","inLanguage":"en-US","@id":"https:\/\/www.organisator.ch\/management\/2024-05-02\/schweizer-unternehmen-sind-positiv-gestimmt-erwarten-aber-sinkende-mitarbeiterzahlen\/#primaryimage","url":"https:\/\/www.organisator.ch\/wp-content\/uploads\/2024\/05\/Deloitte_Bild1_ps.jpg","contentUrl":"https:\/\/www.organisator.ch\/wp-content\/uploads\/2024\/05\/Deloitte_Bild1_ps.jpg","width":680,"height":454,"caption":"\u00dcber die H\u00e4lfte der Befragten (56%) blickt entweder positiv oder sehr positiv auf die Konjunkturentwicklung der Schweiz in den kommenden zw\u00f6lf Monaten. (Bild: www.depositphotos.com)"},{"@type":"BreadcrumbList","@id":"https:\/\/www.organisator.ch\/management\/2024-05-02\/schweizer-unternehmen-sind-positiv-gestimmt-erwarten-aber-sinkende-mitarbeiterzahlen\/#breadcrumb","itemListElement":[{"@type":"ListItem","position":1,"name":"Home","item":"https:\/\/www.organisator.ch\/"},{"@type":"ListItem","position":2,"name":"Schweizer Unternehmen sind positiv gestimmt, erwarten aber sinkende Mitarbeiterzahlen"}]},{"@type":"WebSite","@id":"https:\/\/www.organisator.ch\/#website","url":"https:\/\/www.organisator.ch\/","name":"Organizer","description":"Competent. Practical. In 10 issues per year, ORGANISATOR presents the essential topics for managers of SMEs.","publisher":{"@id":"https:\/\/www.organisator.ch\/#organization"},"potentialAction":[{"@type":"SearchAction","target":{"@type":"EntryPoint","urlTemplate":"https:\/\/www.organisator.ch\/?s={search_term_string}"},"query-input":{"@type":"PropertyValueSpecification","valueRequired":true,"valueName":"search_term_string"}}],"inLanguage":"en-US"},{"@type":"Organization","@id":"https:\/\/www.organisator.ch\/#organization","name":"Organizer","url":"https:\/\/www.organisator.ch\/","logo":{"@type":"ImageObject","inLanguage":"en-US","@id":"https:\/\/www.organisator.ch\/#\/schema\/logo\/image\/","url":"https:\/\/www.organisator.ch\/wp-content\/uploads\/2022\/01\/Logo_Organisator_Website.png","contentUrl":"https:\/\/www.organisator.ch\/wp-content\/uploads\/2022\/01\/Logo_Organisator_Website.png","width":800,"height":77,"caption":"Organisator"},"image":{"@id":"https:\/\/www.organisator.ch\/#\/schema\/logo\/image\/"},"sameAs":["https:\/\/www.facebook.com\/OrganisatorFachmagazin","https:\/\/www.linkedin.com\/showcase\/organisator-das-magazin-fr-kmu","https:\/\/www.xing.com\/news\/pages\/organisator-ch-695","https:\/\/www.youtube.com\/channel\/UCGP2Sq0iWaZwT3BdIAQFYpw"]},{"@type":"Person","@id":"https:\/\/www.organisator.ch\/#\/schema\/person\/2e1314a2172123f874db408d8911d3f3","name":"Adelisa Kalajdzini","image":{"@type":"ImageObject","inLanguage":"en-US","@id":"https:\/\/secure.gravatar.com\/avatar\/09a397c22ac58cad6f160ee8306348599df9df58a8ede73696226897b9fa4b24?s=96&d=mm&r=g","url":"https:\/\/secure.gravatar.com\/avatar\/09a397c22ac58cad6f160ee8306348599df9df58a8ede73696226897b9fa4b24?s=96&d=mm&r=g","contentUrl":"https:\/\/secure.gravatar.com\/avatar\/09a397c22ac58cad6f160ee8306348599df9df58a8ede73696226897b9fa4b24?s=96&d=mm&r=g","caption":"Adelisa Kalajdzini"},"url":"https:\/\/www.organisator.ch\/en\/author\/adelisa-kalajdzini\/"}]}},"_links":{"self":[{"href":"https:\/\/www.organisator.ch\/en\/wp-json\/wp\/v2\/posts\/26875","targetHints":{"allow":["GET"]}}],"collection":[{"href":"https:\/\/www.organisator.ch\/en\/wp-json\/wp\/v2\/posts"}],"about":[{"href":"https:\/\/www.organisator.ch\/en\/wp-json\/wp\/v2\/types\/post"}],"author":[{"embeddable":true,"href":"https:\/\/www.organisator.ch\/en\/wp-json\/wp\/v2\/users\/58"}],"replies":[{"embeddable":true,"href":"https:\/\/www.organisator.ch\/en\/wp-json\/wp\/v2\/comments?post=26875"}],"version-history":[{"count":9,"href":"https:\/\/www.organisator.ch\/en\/wp-json\/wp\/v2\/posts\/26875\/revisions"}],"predecessor-version":[{"id":26934,"href":"https:\/\/www.organisator.ch\/en\/wp-json\/wp\/v2\/posts\/26875\/revisions\/26934"}],"wp:featuredmedia":[{"embeddable":true,"href":"https:\/\/www.organisator.ch\/en\/wp-json\/wp\/v2\/media\/26879"}],"wp:attachment":[{"href":"https:\/\/www.organisator.ch\/en\/wp-json\/wp\/v2\/media?parent=26875"}],"wp:term":[{"taxonomy":"category","embeddable":true,"href":"https:\/\/www.organisator.ch\/en\/wp-json\/wp\/v2\/categories?post=26875"},{"taxonomy":"post_tag","embeddable":true,"href":"https:\/\/www.organisator.ch\/en\/wp-json\/wp\/v2\/tags?post=26875"}],"curies":[{"name":"wp","href":"https:\/\/api.w.org\/{rel}","templated":true}]}}