{"id":26900,"date":"2024-05-02T10:46:26","date_gmt":"2024-05-02T08:46:26","guid":{"rendered":"https:\/\/www.werbewoche.ch\/?p=214453"},"modified":"2024-11-11T06:24:04","modified_gmt":"2024-11-11T05:24:04","slug":"emmentaler-aop-schnappt-sich-swiss-cheese-guy-als-markenbotschafter","status":"publish","type":"post","link":"https:\/\/www.organisator.ch\/en\/marketing\/2024-05-02\/emmentaler-aop-schnappt-sich-swiss-cheese-guy-als-markenbotschafter\/","title":{"rendered":"Emmentaler AOP snaps up \"Swiss Cheese Guy\" as brand ambassador"},"content":{"rendered":"<p><img class=\"alignnone wp-image-214455 size-full\" src=\"https:\/\/www.werbewoche.ch\/wp-content\/uploads\/2024\/05\/Emmentaler.jpg\" alt=\"Nickless\" width=\"1200\" height=\"876\" \/>Nickless, whose real name is Nicola Kneringer, shook up the Swiss music scene as a 19-year-old in 2015. His song \"Waiting\", produced with Thomas Fessler, became the most-played single by a Swiss musician on the radio and won \"Best Hit National\" at the Swiss Music Awards.<\/p>\r\n<p>The 29-year-old caused a stir when he smuggled a cheese fondue onto the stage at the Energy Star Night 2023 in Basel's St. Jakobshalle and ate it behind the drum kit from the Swiss national dish. The corresponding video featuring the \"Swiss Cheese Guy\" became a hit on social media with over two million clicks. A charming young musician with a large following and an affinity for Swiss cheese? Emmentaler Switzerland liked that too - and has now hired Nickless as a brand ambassador for Emmentaler AOP.<\/p>\r\n<h3>More cheese for Gen Z<\/h3>\r\n<p>\"With Nickless, we have gained a likeable and authentic ambassador who represents our product to the millennial generation,\" says Urs Schluechter, Director of Emmentaler Switzerland. Nickless is the third brand ambassador for Emmentaler AOP alongside presenter and recipe book author Zoe Torinesi and wrestling king, farmer and Emmentaler AOP milk producer Matthias Sempach. He will be particularly active on social media, including on his established channel \"A week in the life of Nickless\".<\/p>","protected":false},"excerpt":{"rendered":"<p>The Swiss musician Nickless, also known as the \"Swiss Cheese Guy\" because he likes to eat cheese fondue on stage, is the new brand ambassador for Emmentaler AOP and Emmentaler Switzerland.<\/p>","protected":false},"author":8,"featured_media":0,"comment_status":"closed","ping_status":"closed","sticky":false,"template":"","format":"standard","meta":{"_acf_changed":false,"_yoast_wpseo_focuskw":"Nickless","_yoast_wpseo_metadesc":"Nickless wird Markenbotschafter f\u00fcr Emmentaler AOP. Sympathischer Musiker f\u00f6rdert Schweizer K\u00e4se bei Millennials und Gen Z.","articlekey":"","footnotes":""},"categories":[29],"tags":[3503,339],"class_list":["post-26900","post","type-post","status-publish","format-standard","hentry","category-marketing","tag-emmentaler","tag-marketing"],"acf":[],"yoast_head":"<!-- This site is optimized with the Yoast SEO plugin v27.5 - https:\/\/yoast.com\/product\/yoast-seo-wordpress\/ -->\n<title>Emmentaler AOP schnappt sich \u00abSwiss Cheese Guy\u00bb als Markenbotschafter - Organisator<\/title>\n<meta name=\"description\" content=\"Nickless wird Markenbotschafter f\u00fcr Emmentaler AOP. Sympathischer Musiker f\u00f6rdert Schweizer K\u00e4se bei Millennials und Gen Z.\" \/>\n<meta name=\"robots\" content=\"index, follow, max-snippet:-1, max-image-preview:large, max-video-preview:-1\" \/>\n<link rel=\"canonical\" href=\"https:\/\/www.organisator.ch\/en\/marketing\/2024-05-02\/emmentaler-aop-schnappt-sich-swiss-cheese-guy-als-markenbotschafter\/\" \/>\n<meta property=\"og:locale\" content=\"en_US\" \/>\n<meta property=\"og:type\" content=\"article\" \/>\n<meta property=\"og:title\" content=\"Emmentaler AOP schnappt sich \u00abSwiss Cheese Guy\u00bb als Markenbotschafter - Organisator\" \/>\n<meta property=\"og:description\" content=\"Nickless wird Markenbotschafter f\u00fcr Emmentaler AOP. Sympathischer Musiker f\u00f6rdert Schweizer K\u00e4se bei Millennials und Gen Z.\" \/>\n<meta property=\"og:url\" content=\"https:\/\/www.organisator.ch\/en\/marketing\/2024-05-02\/emmentaler-aop-schnappt-sich-swiss-cheese-guy-als-markenbotschafter\/\" \/>\n<meta property=\"og:site_name\" content=\"Organisator\" \/>\n<meta property=\"article:publisher\" content=\"https:\/\/www.facebook.com\/OrganisatorFachmagazin\" \/>\n<meta property=\"article:published_time\" content=\"2024-05-02T08:46:26+00:00\" \/>\n<meta property=\"article:modified_time\" content=\"2024-11-11T05:24:04+00:00\" \/>\n<meta property=\"og:image\" content=\"https:\/\/www.werbewoche.ch\/wp-content\/uploads\/2024\/05\/Emmentaler.jpg\" \/>\n<meta name=\"author\" content=\"galledia\" \/>\n<meta name=\"twitter:card\" content=\"summary_large_image\" \/>\n<meta name=\"twitter:creator\" content=\"@admin\" \/>\n<script type=\"application\/ld+json\" class=\"yoast-schema-graph\">{\"@context\":\"https:\\\/\\\/schema.org\",\"@graph\":[{\"@type\":\"Article\",\"@id\":\"https:\\\/\\\/www.organisator.ch\\\/marketing\\\/2024-05-02\\\/emmentaler-aop-schnappt-sich-swiss-cheese-guy-als-markenbotschafter\\\/#article\",\"isPartOf\":{\"@id\":\"https:\\\/\\\/www.organisator.ch\\\/marketing\\\/2024-05-02\\\/emmentaler-aop-schnappt-sich-swiss-cheese-guy-als-markenbotschafter\\\/\"},\"author\":{\"name\":\"galledia\",\"@id\":\"https:\\\/\\\/www.organisator.ch\\\/#\\\/schema\\\/person\\\/4e51799071cd2dd1232ac003643ef5f0\"},\"headline\":\"Emmentaler AOP schnappt sich \u00abSwiss Cheese Guy\u00bb als Markenbotschafter\",\"datePublished\":\"2024-05-02T08:46:26+00:00\",\"dateModified\":\"2024-11-11T05:24:04+00:00\",\"mainEntityOfPage\":{\"@id\":\"https:\\\/\\\/www.organisator.ch\\\/marketing\\\/2024-05-02\\\/emmentaler-aop-schnappt-sich-swiss-cheese-guy-als-markenbotschafter\\\/\"},\"wordCount\":222,\"publisher\":{\"@id\":\"https:\\\/\\\/www.organisator.ch\\\/#organization\"},\"image\":{\"@id\":\"https:\\\/\\\/www.organisator.ch\\\/marketing\\\/2024-05-02\\\/emmentaler-aop-schnappt-sich-swiss-cheese-guy-als-markenbotschafter\\\/#primaryimage\"},\"thumbnailUrl\":\"https:\\\/\\\/www.werbewoche.ch\\\/wp-content\\\/uploads\\\/2024\\\/05\\\/Emmentaler.jpg\",\"keywords\":[\"Emmentaler\",\"Marketing\"],\"articleSection\":[\"MARKETING\"],\"inLanguage\":\"en-US\"},{\"@type\":\"WebPage\",\"@id\":\"https:\\\/\\\/www.organisator.ch\\\/marketing\\\/2024-05-02\\\/emmentaler-aop-schnappt-sich-swiss-cheese-guy-als-markenbotschafter\\\/\",\"url\":\"https:\\\/\\\/www.organisator.ch\\\/marketing\\\/2024-05-02\\\/emmentaler-aop-schnappt-sich-swiss-cheese-guy-als-markenbotschafter\\\/\",\"name\":\"Emmentaler AOP schnappt sich \u00abSwiss Cheese Guy\u00bb als Markenbotschafter - Organisator\",\"isPartOf\":{\"@id\":\"https:\\\/\\\/www.organisator.ch\\\/#website\"},\"primaryImageOfPage\":{\"@id\":\"https:\\\/\\\/www.organisator.ch\\\/marketing\\\/2024-05-02\\\/emmentaler-aop-schnappt-sich-swiss-cheese-guy-als-markenbotschafter\\\/#primaryimage\"},\"image\":{\"@id\":\"https:\\\/\\\/www.organisator.ch\\\/marketing\\\/2024-05-02\\\/emmentaler-aop-schnappt-sich-swiss-cheese-guy-als-markenbotschafter\\\/#primaryimage\"},\"thumbnailUrl\":\"https:\\\/\\\/www.werbewoche.ch\\\/wp-content\\\/uploads\\\/2024\\\/05\\\/Emmentaler.jpg\",\"datePublished\":\"2024-05-02T08:46:26+00:00\",\"dateModified\":\"2024-11-11T05:24:04+00:00\",\"description\":\"Nickless wird Markenbotschafter f\u00fcr Emmentaler AOP. Sympathischer Musiker f\u00f6rdert Schweizer K\u00e4se bei Millennials und Gen Z.\",\"breadcrumb\":{\"@id\":\"https:\\\/\\\/www.organisator.ch\\\/marketing\\\/2024-05-02\\\/emmentaler-aop-schnappt-sich-swiss-cheese-guy-als-markenbotschafter\\\/#breadcrumb\"},\"inLanguage\":\"en-US\",\"potentialAction\":[{\"@type\":\"ReadAction\",\"target\":[\"https:\\\/\\\/www.organisator.ch\\\/marketing\\\/2024-05-02\\\/emmentaler-aop-schnappt-sich-swiss-cheese-guy-als-markenbotschafter\\\/\"]}]},{\"@type\":\"ImageObject\",\"inLanguage\":\"en-US\",\"@id\":\"https:\\\/\\\/www.organisator.ch\\\/marketing\\\/2024-05-02\\\/emmentaler-aop-schnappt-sich-swiss-cheese-guy-als-markenbotschafter\\\/#primaryimage\",\"url\":\"https:\\\/\\\/www.werbewoche.ch\\\/wp-content\\\/uploads\\\/2024\\\/05\\\/Emmentaler.jpg\",\"contentUrl\":\"https:\\\/\\\/www.werbewoche.ch\\\/wp-content\\\/uploads\\\/2024\\\/05\\\/Emmentaler.jpg\"},{\"@type\":\"BreadcrumbList\",\"@id\":\"https:\\\/\\\/www.organisator.ch\\\/marketing\\\/2024-05-02\\\/emmentaler-aop-schnappt-sich-swiss-cheese-guy-als-markenbotschafter\\\/#breadcrumb\",\"itemListElement\":[{\"@type\":\"ListItem\",\"position\":1,\"name\":\"Home\",\"item\":\"https:\\\/\\\/www.organisator.ch\\\/\"},{\"@type\":\"ListItem\",\"position\":2,\"name\":\"Emmentaler AOP schnappt sich \u00abSwiss Cheese Guy\u00bb als Markenbotschafter\"}]},{\"@type\":\"WebSite\",\"@id\":\"https:\\\/\\\/www.organisator.ch\\\/#website\",\"url\":\"https:\\\/\\\/www.organisator.ch\\\/\",\"name\":\"Organisator\",\"description\":\"Kompetent. Praxisnah. Der ORGANISATOR bereitet in 10 Ausgaben pro Jahr die wesentlichen Themen f\u00fcr F\u00fchrungskr\u00e4fte von KMU auf.\",\"publisher\":{\"@id\":\"https:\\\/\\\/www.organisator.ch\\\/#organization\"},\"potentialAction\":[{\"@type\":\"SearchAction\",\"target\":{\"@type\":\"EntryPoint\",\"urlTemplate\":\"https:\\\/\\\/www.organisator.ch\\\/?s={search_term_string}\"},\"query-input\":{\"@type\":\"PropertyValueSpecification\",\"valueRequired\":true,\"valueName\":\"search_term_string\"}}],\"inLanguage\":\"en-US\"},{\"@type\":\"Organization\",\"@id\":\"https:\\\/\\\/www.organisator.ch\\\/#organization\",\"name\":\"Organisator\",\"url\":\"https:\\\/\\\/www.organisator.ch\\\/\",\"logo\":{\"@type\":\"ImageObject\",\"inLanguage\":\"en-US\",\"@id\":\"https:\\\/\\\/www.organisator.ch\\\/#\\\/schema\\\/logo\\\/image\\\/\",\"url\":\"https:\\\/\\\/www.organisator.ch\\\/wp-content\\\/uploads\\\/2022\\\/01\\\/Logo_Organisator_Website.png\",\"contentUrl\":\"https:\\\/\\\/www.organisator.ch\\\/wp-content\\\/uploads\\\/2022\\\/01\\\/Logo_Organisator_Website.png\",\"width\":800,\"height\":77,\"caption\":\"Organisator\"},\"image\":{\"@id\":\"https:\\\/\\\/www.organisator.ch\\\/#\\\/schema\\\/logo\\\/image\\\/\"},\"sameAs\":[\"https:\\\/\\\/www.facebook.com\\\/OrganisatorFachmagazin\",\"https:\\\/\\\/www.linkedin.com\\\/showcase\\\/organisator-das-magazin-fr-kmu\",\"https:\\\/\\\/www.xing.com\\\/news\\\/pages\\\/organisator-ch-695\",\"https:\\\/\\\/www.youtube.com\\\/channel\\\/UCGP2Sq0iWaZwT3BdIAQFYpw\"]},{\"@type\":\"Person\",\"@id\":\"https:\\\/\\\/www.organisator.ch\\\/#\\\/schema\\\/person\\\/4e51799071cd2dd1232ac003643ef5f0\",\"name\":\"galledia\",\"image\":{\"@type\":\"ImageObject\",\"inLanguage\":\"en-US\",\"@id\":\"https:\\\/\\\/secure.gravatar.com\\\/avatar\\\/78a7f90c01fc2bfc875782a0d4922b37cde2cf184ce347b91316d23cd7f69a36?s=96&d=mm&r=g\",\"url\":\"https:\\\/\\\/secure.gravatar.com\\\/avatar\\\/78a7f90c01fc2bfc875782a0d4922b37cde2cf184ce347b91316d23cd7f69a36?s=96&d=mm&r=g\",\"contentUrl\":\"https:\\\/\\\/secure.gravatar.com\\\/avatar\\\/78a7f90c01fc2bfc875782a0d4922b37cde2cf184ce347b91316d23cd7f69a36?s=96&d=mm&r=g\",\"caption\":\"galledia\"},\"sameAs\":[\"https:\\\/\\\/x.com\\\/admin\"],\"url\":\"https:\\\/\\\/www.organisator.ch\\\/en\\\/author\\\/galledia\\\/\"}]}<\/script>\n<!-- \/ Yoast SEO plugin. -->","yoast_head_json":{"title":"Emmentaler AOP snaps up \"Swiss Cheese Guy\" as brand ambassador - Organizer","description":"Nickless becomes brand ambassador for Emmentaler AOP. Likeable musician promotes Swiss cheese to millennials and Gen Z.","robots":{"index":"index","follow":"follow","max-snippet":"max-snippet:-1","max-image-preview":"max-image-preview:large","max-video-preview":"max-video-preview:-1"},"canonical":"https:\/\/www.organisator.ch\/en\/marketing\/2024-05-02\/emmentaler-aop-schnappt-sich-swiss-cheese-guy-als-markenbotschafter\/","og_locale":"en_US","og_type":"article","og_title":"Emmentaler AOP schnappt sich \u00abSwiss Cheese Guy\u00bb als Markenbotschafter - Organisator","og_description":"Nickless wird Markenbotschafter f\u00fcr Emmentaler AOP. Sympathischer Musiker f\u00f6rdert Schweizer K\u00e4se bei Millennials und Gen Z.","og_url":"https:\/\/www.organisator.ch\/en\/marketing\/2024-05-02\/emmentaler-aop-schnappt-sich-swiss-cheese-guy-als-markenbotschafter\/","og_site_name":"Organisator","article_publisher":"https:\/\/www.facebook.com\/OrganisatorFachmagazin","article_published_time":"2024-05-02T08:46:26+00:00","article_modified_time":"2024-11-11T05:24:04+00:00","og_image":[{"url":"https:\/\/www.werbewoche.ch\/wp-content\/uploads\/2024\/05\/Emmentaler.jpg","type":"","width":"","height":""}],"author":"galledia","twitter_card":"summary_large_image","twitter_creator":"@admin","schema":{"@context":"https:\/\/schema.org","@graph":[{"@type":"Article","@id":"https:\/\/www.organisator.ch\/marketing\/2024-05-02\/emmentaler-aop-schnappt-sich-swiss-cheese-guy-als-markenbotschafter\/#article","isPartOf":{"@id":"https:\/\/www.organisator.ch\/marketing\/2024-05-02\/emmentaler-aop-schnappt-sich-swiss-cheese-guy-als-markenbotschafter\/"},"author":{"name":"galledia","@id":"https:\/\/www.organisator.ch\/#\/schema\/person\/4e51799071cd2dd1232ac003643ef5f0"},"headline":"Emmentaler AOP schnappt sich \u00abSwiss Cheese Guy\u00bb als Markenbotschafter","datePublished":"2024-05-02T08:46:26+00:00","dateModified":"2024-11-11T05:24:04+00:00","mainEntityOfPage":{"@id":"https:\/\/www.organisator.ch\/marketing\/2024-05-02\/emmentaler-aop-schnappt-sich-swiss-cheese-guy-als-markenbotschafter\/"},"wordCount":222,"publisher":{"@id":"https:\/\/www.organisator.ch\/#organization"},"image":{"@id":"https:\/\/www.organisator.ch\/marketing\/2024-05-02\/emmentaler-aop-schnappt-sich-swiss-cheese-guy-als-markenbotschafter\/#primaryimage"},"thumbnailUrl":"https:\/\/www.werbewoche.ch\/wp-content\/uploads\/2024\/05\/Emmentaler.jpg","keywords":["Emmentaler","Marketing"],"articleSection":["MARKETING"],"inLanguage":"en-US"},{"@type":"WebPage","@id":"https:\/\/www.organisator.ch\/marketing\/2024-05-02\/emmentaler-aop-schnappt-sich-swiss-cheese-guy-als-markenbotschafter\/","url":"https:\/\/www.organisator.ch\/marketing\/2024-05-02\/emmentaler-aop-schnappt-sich-swiss-cheese-guy-als-markenbotschafter\/","name":"Emmentaler AOP snaps up \"Swiss Cheese Guy\" as brand ambassador - Organizer","isPartOf":{"@id":"https:\/\/www.organisator.ch\/#website"},"primaryImageOfPage":{"@id":"https:\/\/www.organisator.ch\/marketing\/2024-05-02\/emmentaler-aop-schnappt-sich-swiss-cheese-guy-als-markenbotschafter\/#primaryimage"},"image":{"@id":"https:\/\/www.organisator.ch\/marketing\/2024-05-02\/emmentaler-aop-schnappt-sich-swiss-cheese-guy-als-markenbotschafter\/#primaryimage"},"thumbnailUrl":"https:\/\/www.werbewoche.ch\/wp-content\/uploads\/2024\/05\/Emmentaler.jpg","datePublished":"2024-05-02T08:46:26+00:00","dateModified":"2024-11-11T05:24:04+00:00","description":"Nickless becomes brand ambassador for Emmentaler AOP. Likeable musician promotes Swiss cheese to millennials and Gen Z.","breadcrumb":{"@id":"https:\/\/www.organisator.ch\/marketing\/2024-05-02\/emmentaler-aop-schnappt-sich-swiss-cheese-guy-als-markenbotschafter\/#breadcrumb"},"inLanguage":"en-US","potentialAction":[{"@type":"ReadAction","target":["https:\/\/www.organisator.ch\/marketing\/2024-05-02\/emmentaler-aop-schnappt-sich-swiss-cheese-guy-als-markenbotschafter\/"]}]},{"@type":"ImageObject","inLanguage":"en-US","@id":"https:\/\/www.organisator.ch\/marketing\/2024-05-02\/emmentaler-aop-schnappt-sich-swiss-cheese-guy-als-markenbotschafter\/#primaryimage","url":"https:\/\/www.werbewoche.ch\/wp-content\/uploads\/2024\/05\/Emmentaler.jpg","contentUrl":"https:\/\/www.werbewoche.ch\/wp-content\/uploads\/2024\/05\/Emmentaler.jpg"},{"@type":"BreadcrumbList","@id":"https:\/\/www.organisator.ch\/marketing\/2024-05-02\/emmentaler-aop-schnappt-sich-swiss-cheese-guy-als-markenbotschafter\/#breadcrumb","itemListElement":[{"@type":"ListItem","position":1,"name":"Home","item":"https:\/\/www.organisator.ch\/"},{"@type":"ListItem","position":2,"name":"Emmentaler AOP schnappt sich \u00abSwiss Cheese Guy\u00bb als Markenbotschafter"}]},{"@type":"WebSite","@id":"https:\/\/www.organisator.ch\/#website","url":"https:\/\/www.organisator.ch\/","name":"Organizer","description":"Competent. Practical. In 10 issues per year, ORGANISATOR presents the essential topics for managers of SMEs.","publisher":{"@id":"https:\/\/www.organisator.ch\/#organization"},"potentialAction":[{"@type":"SearchAction","target":{"@type":"EntryPoint","urlTemplate":"https:\/\/www.organisator.ch\/?s={search_term_string}"},"query-input":{"@type":"PropertyValueSpecification","valueRequired":true,"valueName":"search_term_string"}}],"inLanguage":"en-US"},{"@type":"Organization","@id":"https:\/\/www.organisator.ch\/#organization","name":"Organizer","url":"https:\/\/www.organisator.ch\/","logo":{"@type":"ImageObject","inLanguage":"en-US","@id":"https:\/\/www.organisator.ch\/#\/schema\/logo\/image\/","url":"https:\/\/www.organisator.ch\/wp-content\/uploads\/2022\/01\/Logo_Organisator_Website.png","contentUrl":"https:\/\/www.organisator.ch\/wp-content\/uploads\/2022\/01\/Logo_Organisator_Website.png","width":800,"height":77,"caption":"Organisator"},"image":{"@id":"https:\/\/www.organisator.ch\/#\/schema\/logo\/image\/"},"sameAs":["https:\/\/www.facebook.com\/OrganisatorFachmagazin","https:\/\/www.linkedin.com\/showcase\/organisator-das-magazin-fr-kmu","https:\/\/www.xing.com\/news\/pages\/organisator-ch-695","https:\/\/www.youtube.com\/channel\/UCGP2Sq0iWaZwT3BdIAQFYpw"]},{"@type":"Person","@id":"https:\/\/www.organisator.ch\/#\/schema\/person\/4e51799071cd2dd1232ac003643ef5f0","name":"galledia","image":{"@type":"ImageObject","inLanguage":"en-US","@id":"https:\/\/secure.gravatar.com\/avatar\/78a7f90c01fc2bfc875782a0d4922b37cde2cf184ce347b91316d23cd7f69a36?s=96&d=mm&r=g","url":"https:\/\/secure.gravatar.com\/avatar\/78a7f90c01fc2bfc875782a0d4922b37cde2cf184ce347b91316d23cd7f69a36?s=96&d=mm&r=g","contentUrl":"https:\/\/secure.gravatar.com\/avatar\/78a7f90c01fc2bfc875782a0d4922b37cde2cf184ce347b91316d23cd7f69a36?s=96&d=mm&r=g","caption":"galledia"},"sameAs":["https:\/\/x.com\/admin"],"url":"https:\/\/www.organisator.ch\/en\/author\/galledia\/"}]}},"_links":{"self":[{"href":"https:\/\/www.organisator.ch\/en\/wp-json\/wp\/v2\/posts\/26900","targetHints":{"allow":["GET"]}}],"collection":[{"href":"https:\/\/www.organisator.ch\/en\/wp-json\/wp\/v2\/posts"}],"about":[{"href":"https:\/\/www.organisator.ch\/en\/wp-json\/wp\/v2\/types\/post"}],"author":[{"embeddable":true,"href":"https:\/\/www.organisator.ch\/en\/wp-json\/wp\/v2\/users\/8"}],"replies":[{"embeddable":true,"href":"https:\/\/www.organisator.ch\/en\/wp-json\/wp\/v2\/comments?post=26900"}],"version-history":[{"count":5,"href":"https:\/\/www.organisator.ch\/en\/wp-json\/wp\/v2\/posts\/26900\/revisions"}],"predecessor-version":[{"id":32276,"href":"https:\/\/www.organisator.ch\/en\/wp-json\/wp\/v2\/posts\/26900\/revisions\/32276"}],"wp:attachment":[{"href":"https:\/\/www.organisator.ch\/en\/wp-json\/wp\/v2\/media?parent=26900"}],"wp:term":[{"taxonomy":"category","embeddable":true,"href":"https:\/\/www.organisator.ch\/en\/wp-json\/wp\/v2\/categories?post=26900"},{"taxonomy":"post_tag","embeddable":true,"href":"https:\/\/www.organisator.ch\/en\/wp-json\/wp\/v2\/tags?post=26900"}],"curies":[{"name":"wp","href":"https:\/\/api.w.org\/{rel}","templated":true}]}}