{"id":26965,"date":"2024-05-06T13:37:17","date_gmt":"2024-05-06T11:37:17","guid":{"rendered":"https:\/\/www.organisator.ch\/?p=26965"},"modified":"2024-05-06T13:37:17","modified_gmt":"2024-05-06T11:37:17","slug":"neue-co-leitung-am-zhaw-institut-fuer-facility-management-ernannt","status":"publish","type":"post","link":"https:\/\/www.organisator.ch\/en\/management\/2024-05-06\/neue-co-leitung-am-zhaw-institut-fuer-facility-management-ernannt\/","title":{"rendered":"New Co-Head appointed at the ZHAW Institute for Facility Management"},"content":{"rendered":"<figure id=\"attachment_26966\" aria-describedby=\"caption-attachment-26966\" style=\"width: 680px\" class=\"wp-caption alignnone\"><img loading=\"lazy\" decoding=\"async\" class=\"size-full wp-image-26966\" src=\"https:\/\/www.organisator.ch\/wp-content\/uploads\/2024\/05\/Zhaw_Bild1_ps.jpg\" alt=\"\" width=\"680\" height=\"376\" srcset=\"https:\/\/www.organisator.ch\/wp-content\/uploads\/2024\/05\/Zhaw_Bild1_ps.jpg 680w, https:\/\/www.organisator.ch\/wp-content\/uploads\/2024\/05\/Zhaw_Bild1_ps-18x10.jpg 18w, https:\/\/www.organisator.ch\/wp-content\/uploads\/2024\/05\/Zhaw_Bild1_ps-375x207.jpg 375w, https:\/\/www.organisator.ch\/wp-content\/uploads\/2024\/05\/Zhaw_Bild1_ps-633x350.jpg 633w\" sizes=\"auto, (max-width: 680px) 100vw, 680px\" \/><figcaption id=\"caption-attachment-26966\" class=\"wp-caption-text\">Prof. Dr. Isabelle Wrase and Michael Kauer - New Co-Head of the Institute for Facility Management at the ZHAW in W\u00e4denswil (July 1). (Image: www.zhaw.ch)<\/figcaption><\/figure>\n<p>Isabelle Wrase is Professor of Real Estate and Facility Management and the current course director of the MSc in Real Estate &amp; Facility Management. Michael Kauer is the current Head of Continuing Education in Real Estate and Facility Management and also plays a leading role in the MAS in Sustainable Construction. Both have been working at the ZHAW for four years. Together, they want to position the Institute of Facility Management as a leading authority for life-long learning, research &amp; development and services in sustainable real estate and facility management.\u00a0<\/p>\n<p>The Institute of Facility Management is a hub with expertise in all areas relating to the life cycle of real estate and facility services. It offers researchers from the fields of \"Workplace Management\", \"FM in Healthcare\", \"Sustainability in Real Estate and Facility Management\" and \"Real Estate and Facility Management\" an interdisciplinary digital home. The Swiss Society for Sustainable Real Estate Management (SGNI) is closely associated with the institute. Next year, the institute will celebrate 25 years of FM Academia in Switzerland.\u00a0<\/p>\n<p>Michael Kauer has a degree in Hospitality &amp; Tourism Management as well as an MBA and a Master's degree in Innovation Management. He has many years of international management experience in the hotel industry, consulting and teaching at universities. He currently teaches real estate valuation and business model development in continuing education, on the Master's and Bachelor's degree courses. He is also active as Chairman of the Board of Directors of a real estate company, as a guest lecturer in the field of tourist accommodation and regularly organizes wine seminars and tastings as a wine scout.<\/p>\n<p>Isabelle Wrase holds a doctorate in economics from the University of Zurich. She was head of real estate and facility management at more than 150 locations worldwide for a Swiss pharmaceutical and chemical company. Today, she researches and teaches in particular on the state of higher education in real estate and facility management, sustainability in public organizations and corporate real estate management as well as on transformation processes of the built environment. Isabelle Wrase is Co-President of IFMA (Switzerland Chapter), RICS Fellow and also holds a position on a supervisory board.\u00a0<\/p>\n<p>\"I am very pleased about this new dual leadership at the IFM and am convinced that the new co-management will continue to lead the institute in an excellent and forward-looking manner,\" explains Prof. Dr. Urs Hilber, Director of the Department of Life Sciences and Facility Management in W\u00e4denswil.\u00a0<\/p>\n<p><em>Source: <a href=\"http:\/\/www.zhaw.ch\">www.zhaw.ch<\/a><\/em><\/p>","protected":false},"excerpt":{"rendered":"<p>Prof. Dr. Isabelle Wrase and Michael Kauer will jointly head the Institute of Facility Management at the ZHAW in W\u00e4denswil from 1 July 2024, assuming responsibility for a team of around 50 people. They will take over from Irene Arnold, who has headed the institute on an interim basis since November 2023.<\/p>","protected":false},"author":58,"featured_media":26966,"comment_status":"closed","ping_status":"closed","sticky":false,"template":"","format":"standard","meta":{"_acf_changed":false,"_yoast_wpseo_focuskw":"Co-Leitung","_yoast_wpseo_metadesc":"Prof. Dr. Isabelle Wrase und Michael Kauer werden ab dem 1. Juli 2024 gemeinsam die Leitung des Instituts f\u00fcr Facility Management der ZHAW \u00fcbernehmen.","articlekey":"","footnotes":""},"categories":[28],"tags":[3196,334,492,2600],"class_list":["post-26965","post","type-post","status-publish","format-standard","has-post-thumbnail","hentry","category-management","tag-leitung","tag-management","tag-unternehmen","tag-zhaw"],"acf":[],"yoast_head":"<!-- This site is optimized with the Yoast SEO plugin v27.5 - https:\/\/yoast.com\/product\/yoast-seo-wordpress\/ -->\n<title>Neue Co-Leitung am ZHAW Institut f\u00fcr Facility Management ernannt - Organisator<\/title>\n<meta name=\"description\" content=\"Prof. Dr. Isabelle Wrase und Michael Kauer werden ab dem 1. Juli 2024 gemeinsam die Leitung des Instituts f\u00fcr Facility Management der ZHAW \u00fcbernehmen.\" \/>\n<meta name=\"robots\" content=\"index, follow, max-snippet:-1, max-image-preview:large, max-video-preview:-1\" \/>\n<link rel=\"canonical\" href=\"https:\/\/www.organisator.ch\/en\/management\/2024-05-06\/neue-co-leitung-am-zhaw-institut-fuer-facility-management-ernannt\/\" \/>\n<meta property=\"og:locale\" content=\"en_US\" \/>\n<meta property=\"og:type\" content=\"article\" \/>\n<meta property=\"og:title\" content=\"Neue Co-Leitung am ZHAW Institut f\u00fcr Facility Management ernannt\" \/>\n<meta property=\"og:description\" content=\"Prof. Dr. Isabelle Wrase und Michael Kauer werden ab dem 1. Juli 2024 gemeinsam die Leitung des Instituts f\u00fcr Facility Management der ZHAW \u00fcbernehmen.\" \/>\n<meta property=\"og:url\" content=\"https:\/\/www.organisator.ch\/en\/management\/2024-05-06\/neue-co-leitung-am-zhaw-institut-fuer-facility-management-ernannt\/\" \/>\n<meta property=\"og:site_name\" content=\"Organisator\" \/>\n<meta property=\"article:publisher\" content=\"https:\/\/www.facebook.com\/OrganisatorFachmagazin\" \/>\n<meta property=\"article:published_time\" content=\"2024-05-06T11:37:17+00:00\" \/>\n<meta property=\"og:image\" content=\"https:\/\/www.organisator.ch\/wp-content\/uploads\/2024\/05\/Zhaw_Bild1_ps.jpg\" \/>\n\t<meta property=\"og:image:width\" content=\"680\" \/>\n\t<meta property=\"og:image:height\" content=\"376\" \/>\n\t<meta property=\"og:image:type\" content=\"image\/jpeg\" \/>\n<meta name=\"author\" content=\"Adelisa Kalajdzini\" \/>\n<meta name=\"twitter:card\" content=\"summary_large_image\" \/>\n<meta name=\"twitter:title\" content=\"Neue Co-Leitung am ZHAW Institut f\u00fcr Facility Management ernannt\" \/>\n<meta name=\"twitter:description\" content=\"Prof. Dr. #Isabelle #Wrase und #Michael #Kauer werden ab dem 1. Juli 2024 gemeinsam die #Leitung des Instituts f\u00fcr #Facility #Management der #ZHAW \u00fcbernehmen.\" \/>\n<meta name=\"twitter:image\" content=\"https:\/\/www.organisator.ch\/wp-content\/uploads\/2024\/05\/Zhaw_Bild1_ps.jpg\" \/>\n<script type=\"application\/ld+json\" class=\"yoast-schema-graph\">{\"@context\":\"https:\\\/\\\/schema.org\",\"@graph\":[{\"@type\":\"Article\",\"@id\":\"https:\\\/\\\/www.organisator.ch\\\/management\\\/2024-05-06\\\/neue-co-leitung-am-zhaw-institut-fuer-facility-management-ernannt\\\/#article\",\"isPartOf\":{\"@id\":\"https:\\\/\\\/www.organisator.ch\\\/management\\\/2024-05-06\\\/neue-co-leitung-am-zhaw-institut-fuer-facility-management-ernannt\\\/\"},\"author\":{\"name\":\"Adelisa Kalajdzini\",\"@id\":\"https:\\\/\\\/www.organisator.ch\\\/#\\\/schema\\\/person\\\/2e1314a2172123f874db408d8911d3f3\"},\"headline\":\"Neue Co-Leitung am ZHAW Institut f\u00fcr Facility Management ernannt\",\"datePublished\":\"2024-05-06T11:37:17+00:00\",\"mainEntityOfPage\":{\"@id\":\"https:\\\/\\\/www.organisator.ch\\\/management\\\/2024-05-06\\\/neue-co-leitung-am-zhaw-institut-fuer-facility-management-ernannt\\\/\"},\"wordCount\":407,\"publisher\":{\"@id\":\"https:\\\/\\\/www.organisator.ch\\\/#organization\"},\"image\":{\"@id\":\"https:\\\/\\\/www.organisator.ch\\\/management\\\/2024-05-06\\\/neue-co-leitung-am-zhaw-institut-fuer-facility-management-ernannt\\\/#primaryimage\"},\"thumbnailUrl\":\"https:\\\/\\\/www.organisator.ch\\\/wp-content\\\/uploads\\\/2024\\\/05\\\/Zhaw_Bild1_ps.jpg\",\"keywords\":[\"Leitung\",\"Management\",\"Unternehmen\",\"ZHAW\"],\"articleSection\":[\"MANAGEMENT\"],\"inLanguage\":\"en-US\"},{\"@type\":\"WebPage\",\"@id\":\"https:\\\/\\\/www.organisator.ch\\\/management\\\/2024-05-06\\\/neue-co-leitung-am-zhaw-institut-fuer-facility-management-ernannt\\\/\",\"url\":\"https:\\\/\\\/www.organisator.ch\\\/management\\\/2024-05-06\\\/neue-co-leitung-am-zhaw-institut-fuer-facility-management-ernannt\\\/\",\"name\":\"Neue Co-Leitung am ZHAW Institut f\u00fcr Facility Management ernannt - Organisator\",\"isPartOf\":{\"@id\":\"https:\\\/\\\/www.organisator.ch\\\/#website\"},\"primaryImageOfPage\":{\"@id\":\"https:\\\/\\\/www.organisator.ch\\\/management\\\/2024-05-06\\\/neue-co-leitung-am-zhaw-institut-fuer-facility-management-ernannt\\\/#primaryimage\"},\"image\":{\"@id\":\"https:\\\/\\\/www.organisator.ch\\\/management\\\/2024-05-06\\\/neue-co-leitung-am-zhaw-institut-fuer-facility-management-ernannt\\\/#primaryimage\"},\"thumbnailUrl\":\"https:\\\/\\\/www.organisator.ch\\\/wp-content\\\/uploads\\\/2024\\\/05\\\/Zhaw_Bild1_ps.jpg\",\"datePublished\":\"2024-05-06T11:37:17+00:00\",\"description\":\"Prof. Dr. Isabelle Wrase und Michael Kauer werden ab dem 1. Juli 2024 gemeinsam die Leitung des Instituts f\u00fcr Facility Management der ZHAW \u00fcbernehmen.\",\"breadcrumb\":{\"@id\":\"https:\\\/\\\/www.organisator.ch\\\/management\\\/2024-05-06\\\/neue-co-leitung-am-zhaw-institut-fuer-facility-management-ernannt\\\/#breadcrumb\"},\"inLanguage\":\"en-US\",\"potentialAction\":[{\"@type\":\"ReadAction\",\"target\":[\"https:\\\/\\\/www.organisator.ch\\\/management\\\/2024-05-06\\\/neue-co-leitung-am-zhaw-institut-fuer-facility-management-ernannt\\\/\"]}]},{\"@type\":\"ImageObject\",\"inLanguage\":\"en-US\",\"@id\":\"https:\\\/\\\/www.organisator.ch\\\/management\\\/2024-05-06\\\/neue-co-leitung-am-zhaw-institut-fuer-facility-management-ernannt\\\/#primaryimage\",\"url\":\"https:\\\/\\\/www.organisator.ch\\\/wp-content\\\/uploads\\\/2024\\\/05\\\/Zhaw_Bild1_ps.jpg\",\"contentUrl\":\"https:\\\/\\\/www.organisator.ch\\\/wp-content\\\/uploads\\\/2024\\\/05\\\/Zhaw_Bild1_ps.jpg\",\"width\":680,\"height\":376,\"caption\":\"Prof. Dr. Isabelle Wrase und Michael Kauer - Neue Co-Leiter des Instituts f\u00fcr Facility Management an der ZHAW in W\u00e4denswil (1. Juli). (Bild: www.zhaw.ch)\"},{\"@type\":\"BreadcrumbList\",\"@id\":\"https:\\\/\\\/www.organisator.ch\\\/management\\\/2024-05-06\\\/neue-co-leitung-am-zhaw-institut-fuer-facility-management-ernannt\\\/#breadcrumb\",\"itemListElement\":[{\"@type\":\"ListItem\",\"position\":1,\"name\":\"Home\",\"item\":\"https:\\\/\\\/www.organisator.ch\\\/\"},{\"@type\":\"ListItem\",\"position\":2,\"name\":\"Neue Co-Leitung am ZHAW Institut f\u00fcr Facility Management ernannt\"}]},{\"@type\":\"WebSite\",\"@id\":\"https:\\\/\\\/www.organisator.ch\\\/#website\",\"url\":\"https:\\\/\\\/www.organisator.ch\\\/\",\"name\":\"Organisator\",\"description\":\"Kompetent. Praxisnah. Der ORGANISATOR bereitet in 10 Ausgaben pro Jahr die wesentlichen Themen f\u00fcr F\u00fchrungskr\u00e4fte von KMU auf.\",\"publisher\":{\"@id\":\"https:\\\/\\\/www.organisator.ch\\\/#organization\"},\"potentialAction\":[{\"@type\":\"SearchAction\",\"target\":{\"@type\":\"EntryPoint\",\"urlTemplate\":\"https:\\\/\\\/www.organisator.ch\\\/?s={search_term_string}\"},\"query-input\":{\"@type\":\"PropertyValueSpecification\",\"valueRequired\":true,\"valueName\":\"search_term_string\"}}],\"inLanguage\":\"en-US\"},{\"@type\":\"Organization\",\"@id\":\"https:\\\/\\\/www.organisator.ch\\\/#organization\",\"name\":\"Organisator\",\"url\":\"https:\\\/\\\/www.organisator.ch\\\/\",\"logo\":{\"@type\":\"ImageObject\",\"inLanguage\":\"en-US\",\"@id\":\"https:\\\/\\\/www.organisator.ch\\\/#\\\/schema\\\/logo\\\/image\\\/\",\"url\":\"https:\\\/\\\/www.organisator.ch\\\/wp-content\\\/uploads\\\/2022\\\/01\\\/Logo_Organisator_Website.png\",\"contentUrl\":\"https:\\\/\\\/www.organisator.ch\\\/wp-content\\\/uploads\\\/2022\\\/01\\\/Logo_Organisator_Website.png\",\"width\":800,\"height\":77,\"caption\":\"Organisator\"},\"image\":{\"@id\":\"https:\\\/\\\/www.organisator.ch\\\/#\\\/schema\\\/logo\\\/image\\\/\"},\"sameAs\":[\"https:\\\/\\\/www.facebook.com\\\/OrganisatorFachmagazin\",\"https:\\\/\\\/www.linkedin.com\\\/showcase\\\/organisator-das-magazin-fr-kmu\",\"https:\\\/\\\/www.xing.com\\\/news\\\/pages\\\/organisator-ch-695\",\"https:\\\/\\\/www.youtube.com\\\/channel\\\/UCGP2Sq0iWaZwT3BdIAQFYpw\"]},{\"@type\":\"Person\",\"@id\":\"https:\\\/\\\/www.organisator.ch\\\/#\\\/schema\\\/person\\\/2e1314a2172123f874db408d8911d3f3\",\"name\":\"Adelisa Kalajdzini\",\"image\":{\"@type\":\"ImageObject\",\"inLanguage\":\"en-US\",\"@id\":\"https:\\\/\\\/secure.gravatar.com\\\/avatar\\\/09a397c22ac58cad6f160ee8306348599df9df58a8ede73696226897b9fa4b24?s=96&d=mm&r=g\",\"url\":\"https:\\\/\\\/secure.gravatar.com\\\/avatar\\\/09a397c22ac58cad6f160ee8306348599df9df58a8ede73696226897b9fa4b24?s=96&d=mm&r=g\",\"contentUrl\":\"https:\\\/\\\/secure.gravatar.com\\\/avatar\\\/09a397c22ac58cad6f160ee8306348599df9df58a8ede73696226897b9fa4b24?s=96&d=mm&r=g\",\"caption\":\"Adelisa Kalajdzini\"},\"url\":\"https:\\\/\\\/www.organisator.ch\\\/en\\\/author\\\/adelisa-kalajdzini\\\/\"}]}<\/script>\n<!-- \/ Yoast SEO plugin. -->","yoast_head_json":{"title":"New Co-Head appointed at the ZHAW Institute of Facility Management - Organizer","description":"Prof. Dr. Isabelle Wrase and Michael Kauer will jointly head the Institute of Facility Management at the ZHAW from 1 July 2024.","robots":{"index":"index","follow":"follow","max-snippet":"max-snippet:-1","max-image-preview":"max-image-preview:large","max-video-preview":"max-video-preview:-1"},"canonical":"https:\/\/www.organisator.ch\/en\/management\/2024-05-06\/neue-co-leitung-am-zhaw-institut-fuer-facility-management-ernannt\/","og_locale":"en_US","og_type":"article","og_title":"Neue Co-Leitung am ZHAW Institut f\u00fcr Facility Management ernannt","og_description":"Prof. Dr. Isabelle Wrase und Michael Kauer werden ab dem 1. Juli 2024 gemeinsam die Leitung des Instituts f\u00fcr Facility Management der ZHAW \u00fcbernehmen.","og_url":"https:\/\/www.organisator.ch\/en\/management\/2024-05-06\/neue-co-leitung-am-zhaw-institut-fuer-facility-management-ernannt\/","og_site_name":"Organisator","article_publisher":"https:\/\/www.facebook.com\/OrganisatorFachmagazin","article_published_time":"2024-05-06T11:37:17+00:00","og_image":[{"width":680,"height":376,"url":"https:\/\/www.organisator.ch\/wp-content\/uploads\/2024\/05\/Zhaw_Bild1_ps.jpg","type":"image\/jpeg"}],"author":"Adelisa Kalajdzini","twitter_card":"summary_large_image","twitter_title":"Neue Co-Leitung am ZHAW Institut f\u00fcr Facility Management ernannt","twitter_description":"Prof. Dr. #Isabelle #Wrase und #Michael #Kauer werden ab dem 1. Juli 2024 gemeinsam die #Leitung des Instituts f\u00fcr #Facility #Management der #ZHAW \u00fcbernehmen.","twitter_image":"https:\/\/www.organisator.ch\/wp-content\/uploads\/2024\/05\/Zhaw_Bild1_ps.jpg","schema":{"@context":"https:\/\/schema.org","@graph":[{"@type":"Article","@id":"https:\/\/www.organisator.ch\/management\/2024-05-06\/neue-co-leitung-am-zhaw-institut-fuer-facility-management-ernannt\/#article","isPartOf":{"@id":"https:\/\/www.organisator.ch\/management\/2024-05-06\/neue-co-leitung-am-zhaw-institut-fuer-facility-management-ernannt\/"},"author":{"name":"Adelisa Kalajdzini","@id":"https:\/\/www.organisator.ch\/#\/schema\/person\/2e1314a2172123f874db408d8911d3f3"},"headline":"Neue Co-Leitung am ZHAW Institut f\u00fcr Facility Management ernannt","datePublished":"2024-05-06T11:37:17+00:00","mainEntityOfPage":{"@id":"https:\/\/www.organisator.ch\/management\/2024-05-06\/neue-co-leitung-am-zhaw-institut-fuer-facility-management-ernannt\/"},"wordCount":407,"publisher":{"@id":"https:\/\/www.organisator.ch\/#organization"},"image":{"@id":"https:\/\/www.organisator.ch\/management\/2024-05-06\/neue-co-leitung-am-zhaw-institut-fuer-facility-management-ernannt\/#primaryimage"},"thumbnailUrl":"https:\/\/www.organisator.ch\/wp-content\/uploads\/2024\/05\/Zhaw_Bild1_ps.jpg","keywords":["Leitung","Management","Unternehmen","ZHAW"],"articleSection":["MANAGEMENT"],"inLanguage":"en-US"},{"@type":"WebPage","@id":"https:\/\/www.organisator.ch\/management\/2024-05-06\/neue-co-leitung-am-zhaw-institut-fuer-facility-management-ernannt\/","url":"https:\/\/www.organisator.ch\/management\/2024-05-06\/neue-co-leitung-am-zhaw-institut-fuer-facility-management-ernannt\/","name":"New Co-Head appointed at the ZHAW Institute of Facility Management - Organizer","isPartOf":{"@id":"https:\/\/www.organisator.ch\/#website"},"primaryImageOfPage":{"@id":"https:\/\/www.organisator.ch\/management\/2024-05-06\/neue-co-leitung-am-zhaw-institut-fuer-facility-management-ernannt\/#primaryimage"},"image":{"@id":"https:\/\/www.organisator.ch\/management\/2024-05-06\/neue-co-leitung-am-zhaw-institut-fuer-facility-management-ernannt\/#primaryimage"},"thumbnailUrl":"https:\/\/www.organisator.ch\/wp-content\/uploads\/2024\/05\/Zhaw_Bild1_ps.jpg","datePublished":"2024-05-06T11:37:17+00:00","description":"Prof. Dr. Isabelle Wrase and Michael Kauer will jointly head the Institute of Facility Management at the ZHAW from 1 July 2024.","breadcrumb":{"@id":"https:\/\/www.organisator.ch\/management\/2024-05-06\/neue-co-leitung-am-zhaw-institut-fuer-facility-management-ernannt\/#breadcrumb"},"inLanguage":"en-US","potentialAction":[{"@type":"ReadAction","target":["https:\/\/www.organisator.ch\/management\/2024-05-06\/neue-co-leitung-am-zhaw-institut-fuer-facility-management-ernannt\/"]}]},{"@type":"ImageObject","inLanguage":"en-US","@id":"https:\/\/www.organisator.ch\/management\/2024-05-06\/neue-co-leitung-am-zhaw-institut-fuer-facility-management-ernannt\/#primaryimage","url":"https:\/\/www.organisator.ch\/wp-content\/uploads\/2024\/05\/Zhaw_Bild1_ps.jpg","contentUrl":"https:\/\/www.organisator.ch\/wp-content\/uploads\/2024\/05\/Zhaw_Bild1_ps.jpg","width":680,"height":376,"caption":"Prof. Dr. Isabelle Wrase und Michael Kauer - Neue Co-Leiter des Instituts f\u00fcr Facility Management an der ZHAW in W\u00e4denswil (1. Juli). (Bild: www.zhaw.ch)"},{"@type":"BreadcrumbList","@id":"https:\/\/www.organisator.ch\/management\/2024-05-06\/neue-co-leitung-am-zhaw-institut-fuer-facility-management-ernannt\/#breadcrumb","itemListElement":[{"@type":"ListItem","position":1,"name":"Home","item":"https:\/\/www.organisator.ch\/"},{"@type":"ListItem","position":2,"name":"Neue Co-Leitung am ZHAW Institut f\u00fcr Facility Management ernannt"}]},{"@type":"WebSite","@id":"https:\/\/www.organisator.ch\/#website","url":"https:\/\/www.organisator.ch\/","name":"Organizer","description":"Competent. Practical. In 10 issues per year, ORGANISATOR presents the essential topics for managers of SMEs.","publisher":{"@id":"https:\/\/www.organisator.ch\/#organization"},"potentialAction":[{"@type":"SearchAction","target":{"@type":"EntryPoint","urlTemplate":"https:\/\/www.organisator.ch\/?s={search_term_string}"},"query-input":{"@type":"PropertyValueSpecification","valueRequired":true,"valueName":"search_term_string"}}],"inLanguage":"en-US"},{"@type":"Organization","@id":"https:\/\/www.organisator.ch\/#organization","name":"Organizer","url":"https:\/\/www.organisator.ch\/","logo":{"@type":"ImageObject","inLanguage":"en-US","@id":"https:\/\/www.organisator.ch\/#\/schema\/logo\/image\/","url":"https:\/\/www.organisator.ch\/wp-content\/uploads\/2022\/01\/Logo_Organisator_Website.png","contentUrl":"https:\/\/www.organisator.ch\/wp-content\/uploads\/2022\/01\/Logo_Organisator_Website.png","width":800,"height":77,"caption":"Organisator"},"image":{"@id":"https:\/\/www.organisator.ch\/#\/schema\/logo\/image\/"},"sameAs":["https:\/\/www.facebook.com\/OrganisatorFachmagazin","https:\/\/www.linkedin.com\/showcase\/organisator-das-magazin-fr-kmu","https:\/\/www.xing.com\/news\/pages\/organisator-ch-695","https:\/\/www.youtube.com\/channel\/UCGP2Sq0iWaZwT3BdIAQFYpw"]},{"@type":"Person","@id":"https:\/\/www.organisator.ch\/#\/schema\/person\/2e1314a2172123f874db408d8911d3f3","name":"Adelisa Kalajdzini","image":{"@type":"ImageObject","inLanguage":"en-US","@id":"https:\/\/secure.gravatar.com\/avatar\/09a397c22ac58cad6f160ee8306348599df9df58a8ede73696226897b9fa4b24?s=96&d=mm&r=g","url":"https:\/\/secure.gravatar.com\/avatar\/09a397c22ac58cad6f160ee8306348599df9df58a8ede73696226897b9fa4b24?s=96&d=mm&r=g","contentUrl":"https:\/\/secure.gravatar.com\/avatar\/09a397c22ac58cad6f160ee8306348599df9df58a8ede73696226897b9fa4b24?s=96&d=mm&r=g","caption":"Adelisa Kalajdzini"},"url":"https:\/\/www.organisator.ch\/en\/author\/adelisa-kalajdzini\/"}]}},"_links":{"self":[{"href":"https:\/\/www.organisator.ch\/en\/wp-json\/wp\/v2\/posts\/26965","targetHints":{"allow":["GET"]}}],"collection":[{"href":"https:\/\/www.organisator.ch\/en\/wp-json\/wp\/v2\/posts"}],"about":[{"href":"https:\/\/www.organisator.ch\/en\/wp-json\/wp\/v2\/types\/post"}],"author":[{"embeddable":true,"href":"https:\/\/www.organisator.ch\/en\/wp-json\/wp\/v2\/users\/58"}],"replies":[{"embeddable":true,"href":"https:\/\/www.organisator.ch\/en\/wp-json\/wp\/v2\/comments?post=26965"}],"version-history":[{"count":4,"href":"https:\/\/www.organisator.ch\/en\/wp-json\/wp\/v2\/posts\/26965\/revisions"}],"predecessor-version":[{"id":27007,"href":"https:\/\/www.organisator.ch\/en\/wp-json\/wp\/v2\/posts\/26965\/revisions\/27007"}],"wp:featuredmedia":[{"embeddable":true,"href":"https:\/\/www.organisator.ch\/en\/wp-json\/wp\/v2\/media\/26966"}],"wp:attachment":[{"href":"https:\/\/www.organisator.ch\/en\/wp-json\/wp\/v2\/media?parent=26965"}],"wp:term":[{"taxonomy":"category","embeddable":true,"href":"https:\/\/www.organisator.ch\/en\/wp-json\/wp\/v2\/categories?post=26965"},{"taxonomy":"post_tag","embeddable":true,"href":"https:\/\/www.organisator.ch\/en\/wp-json\/wp\/v2\/tags?post=26965"}],"curies":[{"name":"wp","href":"https:\/\/api.w.org\/{rel}","templated":true}]}}