{"id":2700,"date":"2017-11-14T12:13:38","date_gmt":"2017-11-14T11:13:38","guid":{"rendered":"https:\/\/www.organisator.ch\/?p=2700"},"modified":"2017-11-14T12:13:38","modified_gmt":"2017-11-14T11:13:38","slug":"schweizer-finanzchefs-rechnen-mit-einem-boom","status":"publish","type":"post","link":"https:\/\/www.organisator.ch\/en\/management\/2017-11-14\/schweizer-finanzchefs-rechnen-mit-einem-boom\/","title":{"rendered":"Swiss finance chiefs expect a boom"},"content":{"rendered":"<figure id=\"attachment_2701\" aria-describedby=\"caption-attachment-2701\" style=\"width: 640px\" class=\"wp-caption alignnone\"><img loading=\"lazy\" decoding=\"async\" class=\"size-full wp-image-2701\" src=\"https:\/\/www.organisator.ch\/wp-content\/uploads\/2017\/11\/Schweizer-Finanzchefs-rechnen-mit-einem-Boom-1_Organisator.jpg\" alt=\"\" width=\"640\" height=\"447\" srcset=\"https:\/\/www.organisator.ch\/wp-content\/uploads\/2017\/11\/Schweizer-Finanzchefs-rechnen-mit-einem-Boom-1_Organisator.jpg 640w, https:\/\/www.organisator.ch\/wp-content\/uploads\/2017\/11\/Schweizer-Finanzchefs-rechnen-mit-einem-Boom-1_Organisator-16x12.jpg 16w, https:\/\/www.organisator.ch\/wp-content\/uploads\/2017\/11\/Schweizer-Finanzchefs-rechnen-mit-einem-Boom-1_Organisator-251x175.jpg 251w, https:\/\/www.organisator.ch\/wp-content\/uploads\/2017\/11\/Schweizer-Finanzchefs-rechnen-mit-einem-Boom-1_Organisator-501x350.jpg 501w, https:\/\/www.organisator.ch\/wp-content\/uploads\/2017\/11\/Schweizer-Finanzchefs-rechnen-mit-einem-Boom-1_Organisator-300x210.jpg 300w\" sizes=\"auto, (max-width: 640px) 100vw, 640px\" \/><figcaption id=\"caption-attachment-2701\" class=\"wp-caption-text\">The economic outlook is pointing upward: Can we expect a boom? (Image: Fotolia.com)<\/figcaption><\/figure>\n<p>Swiss CFOs are more optimistic about the future than at any time since the Swiss National Bank (SNB) lifted the minimum exchange rate for the Swiss franc in mid-January 2015. Economic optimism and a mood of growth are spreading through the carpeted floors - one can almost speak of prospects for a boom: 74% (previous quarter 71%) of CFOs assess the economic outlook for Switzerland as positive; almost four-fifths (79%, previous quarter 76%) are budgeting for more sales in the coming twelve months. More than two-thirds of CFOs (68%, previous quarter 66%) rate their company's financial outlook as positive. And 41% (previous quarter 38%) expect higher margins, so that Swiss companies' profits should also improve in the coming year.<\/p>\n<h2>Boom with uncertain omens<\/h2>\n<p>According to the survey of 114 CFOs conducted by Deloitte in September, investments are also on the rise. The majority of these are planned in Switzerland - a good sign for the domestic economy. In addition to the generally positive economic data, the weakening Swiss franc is probably also largely responsible for the increased optimism. However, this makes the positive mood vulnerable to a possible resurgence of the Swiss franc. Accordingly, currency risks are once again moving into the focus of Swiss CFOs. However, as the majority of Swiss companies have now adjusted to the more volatile environment and currency risks, this risk is now less pronounced than in the past.<\/p>\n<figure id=\"attachment_2703\" aria-describedby=\"caption-attachment-2703\" style=\"width: 680px\" class=\"wp-caption alignnone\"><img loading=\"lazy\" decoding=\"async\" class=\"size-medium wp-image-2703\" src=\"https:\/\/www.organisator.ch\/wp-content\/uploads\/2017\/11\/Schweizer-Finanzchefs-rechnen-mit-einem-Boom-2_Organisator.jpg\" alt=\"\" width=\"680\" height=\"405\" srcset=\"https:\/\/www.organisator.ch\/wp-content\/uploads\/2017\/11\/Schweizer-Finanzchefs-rechnen-mit-einem-Boom-2_Organisator.jpg 844w, https:\/\/www.organisator.ch\/wp-content\/uploads\/2017\/11\/Schweizer-Finanzchefs-rechnen-mit-einem-Boom-2_Organisator-680x405.jpg 680w, https:\/\/www.organisator.ch\/wp-content\/uploads\/2017\/11\/Schweizer-Finanzchefs-rechnen-mit-einem-Boom-2_Organisator-768x458.jpg 768w, https:\/\/www.organisator.ch\/wp-content\/uploads\/2017\/11\/Schweizer-Finanzchefs-rechnen-mit-einem-Boom-2_Organisator-16x10.jpg 16w, https:\/\/www.organisator.ch\/wp-content\/uploads\/2017\/11\/Schweizer-Finanzchefs-rechnen-mit-einem-Boom-2_Organisator-294x175.jpg 294w, https:\/\/www.organisator.ch\/wp-content\/uploads\/2017\/11\/Schweizer-Finanzchefs-rechnen-mit-einem-Boom-2_Organisator-587x350.jpg 587w, https:\/\/www.organisator.ch\/wp-content\/uploads\/2017\/11\/Schweizer-Finanzchefs-rechnen-mit-einem-Boom-2_Organisator-300x179.jpg 300w\" sizes=\"auto, (max-width: 680px) 100vw, 680px\" \/><figcaption id=\"caption-attachment-2703\" class=\"wp-caption-text\">Answers from Swiss CFOs to the question: How do you assess the financial outlook for your company over the next twelve months? (Graphic: Deloitte)<\/figcaption><\/figure>\n<p>The second most important risk is internal corporate problems, while geopolitical risks have again slipped somewhat out of focus. \"Swiss companies have broad confidence in the economic framework data in Europe and in the stability of world trade. They also seem to have increasingly adjusted to the current imponderables of US politics. They have made their own companies fit and expanded their analytical and reaction capabilities. They are also making innovative products and services more independent of external risks,\" says Michael Grampp, Chief Economist at Deloitte Switzerland.<\/p>\n<h2>Swiss franc shock largely digested<\/h2>\n<p>\"Swiss CFOs are looking forward to the upswing - all relevant indicators are pointing upwards,\" Grampp's further assessment. \"However, the economic upturn expected for 2018 still has to be realized, and there is no slackening of efforts. In general, however, it can already be said that Swiss companies have largely digested the franc shock and that its effects are less severe than had been suspected at the time. Many companies in exporting sectors had sharply cut back on investment and employment. Now, the willingness to invest is back on a broad front. Export-oriented companies are also much more likely to expect their workforces to grow than the rest.\"<\/p>\n<h2>European companies have a positive attitude - with the exception of the UK<\/h2>\n<p>The survey, which was also conducted simultaneously in other European countries among more than 1,500 CFOs, shows that in most countries, CFOs have a better view of the future of their own company than in the last survey six months ago. The CFOs also have high and further increasing sales expectations, anticipate more investments and a significant increase in the number of employees - a very pleasing sign in view of the still high unemployment in the Latin countries.<\/p>\n<p>However, the prospects for an economic boom are also more favorable elsewhere than they already are. Of the major economies, France presents itself as almost euphoric in terms of several key figures (corporate outlook, investments or employee numbers), but Germany (sales), Italy (margins) or Spain (investments) also report very good figures. Perceived uncertainty is decreasing across the board in the major economies - except in the UK, where most key figures have deteriorated in view of the ongoing uncertainties surrounding Brexit.<\/p>\n<h2>Interest rate turnaround in Switzerland not before 2020<\/h2>\n<p>In the survey, the majority of CFOs from the euro zone still expected interest rates to rise within a year. They are now likely to be rather disappointed by the ECB's interest rate decision at the end of October. For two-thirds of eurozone CFOs, however, monetary policy is not a key issue and they would not change their strategy even in the event of an interest rate turnaround.<\/p>\n<p>\"CFOs, especially from economically stronger countries, are rather critical of the ECB's monetary policy. The majority of them consider it too loose and fear the emergence of real estate bubbles or overreactions on the financial markets. They don't want to wait much longer for the interest rate turnaround and long for a return to monetary policy normality,\" says Dennis Brandes, Senior Economic Analyst and co-author of the survey.<\/p>\n<p>The smallest number of CFOs who expect interest rates in their country to rise within twelve months is found in Switzerland. \"Companies in Switzerland are now more likely to expect the negative interest rate policy to last longer again. The SNB can hardly raise interest rates ahead of the euro area, even with stable economic growth, so we do not expect an interest rate turnaround before the beginning of 2020,\" is Brandes' assessment.<\/p>\n<p><em>Source and further information: <a href=\"https:\/\/www2.deloitte.com\/ch\/de\/pages\/finance\/articles\/cfo-survey.html\">Deloitte CFO Survey<\/a><\/em><\/p>\n<p>&nbsp;<\/p>","protected":false},"excerpt":{"rendered":"<p>Schweizer CFOs sehen so optimistisch in die Zukunft wie nicht mehr seit die Schweizerische Nationalbank (SNB) Mitte Januar 2015 den Mindestkurs des Frankens aufhob. Konjunkturoptimismus und Wachstumsstimmung macht sich in den Teppichetagen breit &#8211; fast schon darf man von Aussichten auf einen Boom sprechen: 74% (Vorquartal 71%) der CFOs beurteilen die Wirtschaftsaussichten f\u00fcr die Schweiz [&hellip;]<\/p>\n","protected":false},"author":4,"featured_media":2701,"comment_status":"open","ping_status":"open","sticky":false,"template":"","format":"standard","meta":{"_acf_changed":false,"_yoast_wpseo_focuskw":"Boom","_yoast_wpseo_metadesc":"Geht es nach den Einsch\u00e4tzungen von Schweizer Finanzchefs, deuten vielen Anzeichen auf einen wirtschaftlichen Boom hin - so das Ergebnis einer Umfrage.","articlekey":"","footnotes":""},"categories":[28],"tags":[310,335,459,531],"class_list":["post-2700","post","type-post","status-publish","format-standard","has-post-thumbnail","hentry","category-management","tag-konjunktur","tag-management-und-unternehmensfuehrung","tag-studie","tag-wirtschaftspolitik"],"acf":[],"yoast_head":"<!-- This site is optimized with the Yoast SEO plugin v27.4 - https:\/\/yoast.com\/product\/yoast-seo-wordpress\/ -->\n<title>Schweizer Finanzchefs rechnen mit einem Boom - Organisator<\/title>\n<meta name=\"description\" content=\"Geht es nach den Einsch\u00e4tzungen von Schweizer Finanzchefs, deuten vielen Anzeichen auf einen wirtschaftlichen Boom hin - so das Ergebnis einer Umfrage.\" \/>\n<meta name=\"robots\" content=\"index, follow, max-snippet:-1, max-image-preview:large, max-video-preview:-1\" \/>\n<link rel=\"canonical\" href=\"https:\/\/www.organisator.ch\/en\/management\/2017-11-14\/schweizer-finanzchefs-rechnen-mit-einem-boom\/\" \/>\n<meta property=\"og:locale\" content=\"en_US\" \/>\n<meta property=\"og:type\" content=\"article\" \/>\n<meta property=\"og:title\" content=\"Schweizer Finanzchefs rechnen mit einem Boom\" \/>\n<meta property=\"og:description\" content=\"Geht es nach den Einsch\u00e4tzungen von Schweizer #Finanzchefs, deuten vielen Anzeichen auf einen wirtschaftlichen #Boom hin - so das Ergebnis einer Umfrage.\" \/>\n<meta property=\"og:url\" content=\"https:\/\/www.organisator.ch\/en\/management\/2017-11-14\/schweizer-finanzchefs-rechnen-mit-einem-boom\/\" \/>\n<meta property=\"og:site_name\" content=\"Organisator\" \/>\n<meta property=\"article:publisher\" content=\"https:\/\/www.facebook.com\/OrganisatorFachmagazin\" \/>\n<meta property=\"article:published_time\" content=\"2017-11-14T11:13:38+00:00\" \/>\n<meta property=\"og:image\" content=\"https:\/\/www.organisator.ch\/wp-content\/uploads\/2017\/11\/Schweizer-Finanzchefs-rechnen-mit-einem-Boom-1_Organisator.jpg\" \/>\n\t<meta property=\"og:image:width\" content=\"640\" \/>\n\t<meta property=\"og:image:height\" content=\"447\" \/>\n\t<meta property=\"og:image:type\" content=\"image\/jpeg\" \/>\n<meta name=\"author\" content=\"thomas.berner\" \/>\n<meta name=\"twitter:card\" content=\"summary_large_image\" \/>\n<meta name=\"twitter:title\" content=\"Schweizer #Finanzchefs rechnen mit einem #Boom\" \/>\n<meta name=\"twitter:description\" content=\"Geht es nach den Einsch\u00e4tzungen von Schweizer #Finanzchefs, deuten vielen Anzeichen auf einen wirtschaftlichen #Boom hin - so das Ergebnis einer Umfrage.\" \/>\n<meta name=\"twitter:image\" content=\"https:\/\/www.organisator.ch\/wp-content\/uploads\/2017\/11\/Schweizer-Finanzchefs-rechnen-mit-einem-Boom-1_Organisator.jpg\" \/>\n<script type=\"application\/ld+json\" class=\"yoast-schema-graph\">{\"@context\":\"https:\\\/\\\/schema.org\",\"@graph\":[{\"@type\":\"Article\",\"@id\":\"https:\\\/\\\/www.organisator.ch\\\/management\\\/2017-11-14\\\/schweizer-finanzchefs-rechnen-mit-einem-boom\\\/#article\",\"isPartOf\":{\"@id\":\"https:\\\/\\\/www.organisator.ch\\\/management\\\/2017-11-14\\\/schweizer-finanzchefs-rechnen-mit-einem-boom\\\/\"},\"author\":{\"name\":\"thomas.berner\",\"@id\":\"https:\\\/\\\/www.organisator.ch\\\/#\\\/schema\\\/person\\\/6f650f90b2842cd4c0cc334b4e36f67e\"},\"headline\":\"Schweizer Finanzchefs rechnen mit einem Boom\",\"datePublished\":\"2017-11-14T11:13:38+00:00\",\"mainEntityOfPage\":{\"@id\":\"https:\\\/\\\/www.organisator.ch\\\/management\\\/2017-11-14\\\/schweizer-finanzchefs-rechnen-mit-einem-boom\\\/\"},\"wordCount\":829,\"commentCount\":0,\"publisher\":{\"@id\":\"https:\\\/\\\/www.organisator.ch\\\/#organization\"},\"image\":{\"@id\":\"https:\\\/\\\/www.organisator.ch\\\/management\\\/2017-11-14\\\/schweizer-finanzchefs-rechnen-mit-einem-boom\\\/#primaryimage\"},\"thumbnailUrl\":\"https:\\\/\\\/www.organisator.ch\\\/wp-content\\\/uploads\\\/2017\\\/11\\\/Schweizer-Finanzchefs-rechnen-mit-einem-Boom-1_Organisator.jpg\",\"keywords\":[\"Konjunktur\",\"Management und Unternehmensf\u00fchrung\",\"Studie\",\"Wirtschaftspolitik\"],\"articleSection\":[\"MANAGEMENT\"],\"inLanguage\":\"en-US\"},{\"@type\":\"WebPage\",\"@id\":\"https:\\\/\\\/www.organisator.ch\\\/management\\\/2017-11-14\\\/schweizer-finanzchefs-rechnen-mit-einem-boom\\\/\",\"url\":\"https:\\\/\\\/www.organisator.ch\\\/management\\\/2017-11-14\\\/schweizer-finanzchefs-rechnen-mit-einem-boom\\\/\",\"name\":\"Schweizer Finanzchefs rechnen mit einem Boom - Organisator\",\"isPartOf\":{\"@id\":\"https:\\\/\\\/www.organisator.ch\\\/#website\"},\"primaryImageOfPage\":{\"@id\":\"https:\\\/\\\/www.organisator.ch\\\/management\\\/2017-11-14\\\/schweizer-finanzchefs-rechnen-mit-einem-boom\\\/#primaryimage\"},\"image\":{\"@id\":\"https:\\\/\\\/www.organisator.ch\\\/management\\\/2017-11-14\\\/schweizer-finanzchefs-rechnen-mit-einem-boom\\\/#primaryimage\"},\"thumbnailUrl\":\"https:\\\/\\\/www.organisator.ch\\\/wp-content\\\/uploads\\\/2017\\\/11\\\/Schweizer-Finanzchefs-rechnen-mit-einem-Boom-1_Organisator.jpg\",\"datePublished\":\"2017-11-14T11:13:38+00:00\",\"description\":\"Geht es nach den Einsch\u00e4tzungen von Schweizer Finanzchefs, deuten vielen Anzeichen auf einen wirtschaftlichen Boom hin - so das Ergebnis einer Umfrage.\",\"breadcrumb\":{\"@id\":\"https:\\\/\\\/www.organisator.ch\\\/management\\\/2017-11-14\\\/schweizer-finanzchefs-rechnen-mit-einem-boom\\\/#breadcrumb\"},\"inLanguage\":\"en-US\",\"potentialAction\":[{\"@type\":\"ReadAction\",\"target\":[\"https:\\\/\\\/www.organisator.ch\\\/management\\\/2017-11-14\\\/schweizer-finanzchefs-rechnen-mit-einem-boom\\\/\"]}]},{\"@type\":\"ImageObject\",\"inLanguage\":\"en-US\",\"@id\":\"https:\\\/\\\/www.organisator.ch\\\/management\\\/2017-11-14\\\/schweizer-finanzchefs-rechnen-mit-einem-boom\\\/#primaryimage\",\"url\":\"https:\\\/\\\/www.organisator.ch\\\/wp-content\\\/uploads\\\/2017\\\/11\\\/Schweizer-Finanzchefs-rechnen-mit-einem-Boom-1_Organisator.jpg\",\"contentUrl\":\"https:\\\/\\\/www.organisator.ch\\\/wp-content\\\/uploads\\\/2017\\\/11\\\/Schweizer-Finanzchefs-rechnen-mit-einem-Boom-1_Organisator.jpg\",\"width\":640,\"height\":447,\"caption\":\"Die Konjunkturaussichten deuten nach oben: Ist mit einem Boom zu rechnen? (Bild: Fotolia.com)\"},{\"@type\":\"BreadcrumbList\",\"@id\":\"https:\\\/\\\/www.organisator.ch\\\/management\\\/2017-11-14\\\/schweizer-finanzchefs-rechnen-mit-einem-boom\\\/#breadcrumb\",\"itemListElement\":[{\"@type\":\"ListItem\",\"position\":1,\"name\":\"Home\",\"item\":\"https:\\\/\\\/www.organisator.ch\\\/\"},{\"@type\":\"ListItem\",\"position\":2,\"name\":\"Schweizer Finanzchefs rechnen mit einem Boom\"}]},{\"@type\":\"WebSite\",\"@id\":\"https:\\\/\\\/www.organisator.ch\\\/#website\",\"url\":\"https:\\\/\\\/www.organisator.ch\\\/\",\"name\":\"Organisator\",\"description\":\"Kompetent. Praxisnah. Der ORGANISATOR bereitet in 10 Ausgaben pro Jahr die wesentlichen Themen f\u00fcr F\u00fchrungskr\u00e4fte von KMU auf.\",\"publisher\":{\"@id\":\"https:\\\/\\\/www.organisator.ch\\\/#organization\"},\"potentialAction\":[{\"@type\":\"SearchAction\",\"target\":{\"@type\":\"EntryPoint\",\"urlTemplate\":\"https:\\\/\\\/www.organisator.ch\\\/?s={search_term_string}\"},\"query-input\":{\"@type\":\"PropertyValueSpecification\",\"valueRequired\":true,\"valueName\":\"search_term_string\"}}],\"inLanguage\":\"en-US\"},{\"@type\":\"Organization\",\"@id\":\"https:\\\/\\\/www.organisator.ch\\\/#organization\",\"name\":\"Organisator\",\"url\":\"https:\\\/\\\/www.organisator.ch\\\/\",\"logo\":{\"@type\":\"ImageObject\",\"inLanguage\":\"en-US\",\"@id\":\"https:\\\/\\\/www.organisator.ch\\\/#\\\/schema\\\/logo\\\/image\\\/\",\"url\":\"https:\\\/\\\/www.organisator.ch\\\/wp-content\\\/uploads\\\/2022\\\/01\\\/Logo_Organisator_Website.png\",\"contentUrl\":\"https:\\\/\\\/www.organisator.ch\\\/wp-content\\\/uploads\\\/2022\\\/01\\\/Logo_Organisator_Website.png\",\"width\":800,\"height\":77,\"caption\":\"Organisator\"},\"image\":{\"@id\":\"https:\\\/\\\/www.organisator.ch\\\/#\\\/schema\\\/logo\\\/image\\\/\"},\"sameAs\":[\"https:\\\/\\\/www.facebook.com\\\/OrganisatorFachmagazin\",\"https:\\\/\\\/www.linkedin.com\\\/showcase\\\/organisator-das-magazin-fr-kmu\",\"https:\\\/\\\/www.xing.com\\\/news\\\/pages\\\/organisator-ch-695\",\"https:\\\/\\\/www.youtube.com\\\/channel\\\/UCGP2Sq0iWaZwT3BdIAQFYpw\"]},{\"@type\":\"Person\",\"@id\":\"https:\\\/\\\/www.organisator.ch\\\/#\\\/schema\\\/person\\\/6f650f90b2842cd4c0cc334b4e36f67e\",\"name\":\"thomas.berner\",\"image\":{\"@type\":\"ImageObject\",\"inLanguage\":\"en-US\",\"@id\":\"https:\\\/\\\/secure.gravatar.com\\\/avatar\\\/ac5001d2a36cb6c6cd3e50789007ffca834b477b74a2144564522e944eabff61?s=96&d=mm&r=g\",\"url\":\"https:\\\/\\\/secure.gravatar.com\\\/avatar\\\/ac5001d2a36cb6c6cd3e50789007ffca834b477b74a2144564522e944eabff61?s=96&d=mm&r=g\",\"contentUrl\":\"https:\\\/\\\/secure.gravatar.com\\\/avatar\\\/ac5001d2a36cb6c6cd3e50789007ffca834b477b74a2144564522e944eabff61?s=96&d=mm&r=g\",\"caption\":\"thomas.berner\"},\"url\":\"https:\\\/\\\/www.organisator.ch\\\/en\\\/author\\\/thomas-berner\\\/\"}]}<\/script>\n<!-- \/ Yoast SEO plugin. -->","yoast_head_json":{"title":"Swiss finance chiefs expect boom - organizer","description":"If Swiss CFOs are anything to go by, many signs point to an economic boom - according to the results of a survey.","robots":{"index":"index","follow":"follow","max-snippet":"max-snippet:-1","max-image-preview":"max-image-preview:large","max-video-preview":"max-video-preview:-1"},"canonical":"https:\/\/www.organisator.ch\/en\/management\/2017-11-14\/schweizer-finanzchefs-rechnen-mit-einem-boom\/","og_locale":"en_US","og_type":"article","og_title":"Schweizer Finanzchefs rechnen mit einem Boom","og_description":"Geht es nach den Einsch\u00e4tzungen von Schweizer #Finanzchefs, deuten vielen Anzeichen auf einen wirtschaftlichen #Boom hin - so das Ergebnis einer Umfrage.","og_url":"https:\/\/www.organisator.ch\/en\/management\/2017-11-14\/schweizer-finanzchefs-rechnen-mit-einem-boom\/","og_site_name":"Organisator","article_publisher":"https:\/\/www.facebook.com\/OrganisatorFachmagazin","article_published_time":"2017-11-14T11:13:38+00:00","og_image":[{"width":640,"height":447,"url":"https:\/\/www.organisator.ch\/wp-content\/uploads\/2017\/11\/Schweizer-Finanzchefs-rechnen-mit-einem-Boom-1_Organisator.jpg","type":"image\/jpeg"}],"author":"thomas.berner","twitter_card":"summary_large_image","twitter_title":"Schweizer #Finanzchefs rechnen mit einem #Boom","twitter_description":"Geht es nach den Einsch\u00e4tzungen von Schweizer #Finanzchefs, deuten vielen Anzeichen auf einen wirtschaftlichen #Boom hin - so das Ergebnis einer Umfrage.","twitter_image":"https:\/\/www.organisator.ch\/wp-content\/uploads\/2017\/11\/Schweizer-Finanzchefs-rechnen-mit-einem-Boom-1_Organisator.jpg","schema":{"@context":"https:\/\/schema.org","@graph":[{"@type":"Article","@id":"https:\/\/www.organisator.ch\/management\/2017-11-14\/schweizer-finanzchefs-rechnen-mit-einem-boom\/#article","isPartOf":{"@id":"https:\/\/www.organisator.ch\/management\/2017-11-14\/schweizer-finanzchefs-rechnen-mit-einem-boom\/"},"author":{"name":"thomas.berner","@id":"https:\/\/www.organisator.ch\/#\/schema\/person\/6f650f90b2842cd4c0cc334b4e36f67e"},"headline":"Schweizer Finanzchefs rechnen mit einem Boom","datePublished":"2017-11-14T11:13:38+00:00","mainEntityOfPage":{"@id":"https:\/\/www.organisator.ch\/management\/2017-11-14\/schweizer-finanzchefs-rechnen-mit-einem-boom\/"},"wordCount":829,"commentCount":0,"publisher":{"@id":"https:\/\/www.organisator.ch\/#organization"},"image":{"@id":"https:\/\/www.organisator.ch\/management\/2017-11-14\/schweizer-finanzchefs-rechnen-mit-einem-boom\/#primaryimage"},"thumbnailUrl":"https:\/\/www.organisator.ch\/wp-content\/uploads\/2017\/11\/Schweizer-Finanzchefs-rechnen-mit-einem-Boom-1_Organisator.jpg","keywords":["Konjunktur","Management und Unternehmensf\u00fchrung","Studie","Wirtschaftspolitik"],"articleSection":["MANAGEMENT"],"inLanguage":"en-US"},{"@type":"WebPage","@id":"https:\/\/www.organisator.ch\/management\/2017-11-14\/schweizer-finanzchefs-rechnen-mit-einem-boom\/","url":"https:\/\/www.organisator.ch\/management\/2017-11-14\/schweizer-finanzchefs-rechnen-mit-einem-boom\/","name":"Swiss finance chiefs expect boom - organizer","isPartOf":{"@id":"https:\/\/www.organisator.ch\/#website"},"primaryImageOfPage":{"@id":"https:\/\/www.organisator.ch\/management\/2017-11-14\/schweizer-finanzchefs-rechnen-mit-einem-boom\/#primaryimage"},"image":{"@id":"https:\/\/www.organisator.ch\/management\/2017-11-14\/schweizer-finanzchefs-rechnen-mit-einem-boom\/#primaryimage"},"thumbnailUrl":"https:\/\/www.organisator.ch\/wp-content\/uploads\/2017\/11\/Schweizer-Finanzchefs-rechnen-mit-einem-Boom-1_Organisator.jpg","datePublished":"2017-11-14T11:13:38+00:00","description":"If Swiss CFOs are anything to go by, many signs point to an economic boom - according to the results of a survey.","breadcrumb":{"@id":"https:\/\/www.organisator.ch\/management\/2017-11-14\/schweizer-finanzchefs-rechnen-mit-einem-boom\/#breadcrumb"},"inLanguage":"en-US","potentialAction":[{"@type":"ReadAction","target":["https:\/\/www.organisator.ch\/management\/2017-11-14\/schweizer-finanzchefs-rechnen-mit-einem-boom\/"]}]},{"@type":"ImageObject","inLanguage":"en-US","@id":"https:\/\/www.organisator.ch\/management\/2017-11-14\/schweizer-finanzchefs-rechnen-mit-einem-boom\/#primaryimage","url":"https:\/\/www.organisator.ch\/wp-content\/uploads\/2017\/11\/Schweizer-Finanzchefs-rechnen-mit-einem-Boom-1_Organisator.jpg","contentUrl":"https:\/\/www.organisator.ch\/wp-content\/uploads\/2017\/11\/Schweizer-Finanzchefs-rechnen-mit-einem-Boom-1_Organisator.jpg","width":640,"height":447,"caption":"Die Konjunkturaussichten deuten nach oben: Ist mit einem Boom zu rechnen? (Bild: Fotolia.com)"},{"@type":"BreadcrumbList","@id":"https:\/\/www.organisator.ch\/management\/2017-11-14\/schweizer-finanzchefs-rechnen-mit-einem-boom\/#breadcrumb","itemListElement":[{"@type":"ListItem","position":1,"name":"Home","item":"https:\/\/www.organisator.ch\/"},{"@type":"ListItem","position":2,"name":"Schweizer Finanzchefs rechnen mit einem Boom"}]},{"@type":"WebSite","@id":"https:\/\/www.organisator.ch\/#website","url":"https:\/\/www.organisator.ch\/","name":"Organizer","description":"Competent. Practical. In 10 issues per year, ORGANISATOR presents the essential topics for managers of SMEs.","publisher":{"@id":"https:\/\/www.organisator.ch\/#organization"},"potentialAction":[{"@type":"SearchAction","target":{"@type":"EntryPoint","urlTemplate":"https:\/\/www.organisator.ch\/?s={search_term_string}"},"query-input":{"@type":"PropertyValueSpecification","valueRequired":true,"valueName":"search_term_string"}}],"inLanguage":"en-US"},{"@type":"Organization","@id":"https:\/\/www.organisator.ch\/#organization","name":"Organizer","url":"https:\/\/www.organisator.ch\/","logo":{"@type":"ImageObject","inLanguage":"en-US","@id":"https:\/\/www.organisator.ch\/#\/schema\/logo\/image\/","url":"https:\/\/www.organisator.ch\/wp-content\/uploads\/2022\/01\/Logo_Organisator_Website.png","contentUrl":"https:\/\/www.organisator.ch\/wp-content\/uploads\/2022\/01\/Logo_Organisator_Website.png","width":800,"height":77,"caption":"Organisator"},"image":{"@id":"https:\/\/www.organisator.ch\/#\/schema\/logo\/image\/"},"sameAs":["https:\/\/www.facebook.com\/OrganisatorFachmagazin","https:\/\/www.linkedin.com\/showcase\/organisator-das-magazin-fr-kmu","https:\/\/www.xing.com\/news\/pages\/organisator-ch-695","https:\/\/www.youtube.com\/channel\/UCGP2Sq0iWaZwT3BdIAQFYpw"]},{"@type":"Person","@id":"https:\/\/www.organisator.ch\/#\/schema\/person\/6f650f90b2842cd4c0cc334b4e36f67e","name":"thomas.berner","image":{"@type":"ImageObject","inLanguage":"en-US","@id":"https:\/\/secure.gravatar.com\/avatar\/ac5001d2a36cb6c6cd3e50789007ffca834b477b74a2144564522e944eabff61?s=96&d=mm&r=g","url":"https:\/\/secure.gravatar.com\/avatar\/ac5001d2a36cb6c6cd3e50789007ffca834b477b74a2144564522e944eabff61?s=96&d=mm&r=g","contentUrl":"https:\/\/secure.gravatar.com\/avatar\/ac5001d2a36cb6c6cd3e50789007ffca834b477b74a2144564522e944eabff61?s=96&d=mm&r=g","caption":"thomas.berner"},"url":"https:\/\/www.organisator.ch\/en\/author\/thomas-berner\/"}]}},"_links":{"self":[{"href":"https:\/\/www.organisator.ch\/en\/wp-json\/wp\/v2\/posts\/2700","targetHints":{"allow":["GET"]}}],"collection":[{"href":"https:\/\/www.organisator.ch\/en\/wp-json\/wp\/v2\/posts"}],"about":[{"href":"https:\/\/www.organisator.ch\/en\/wp-json\/wp\/v2\/types\/post"}],"author":[{"embeddable":true,"href":"https:\/\/www.organisator.ch\/en\/wp-json\/wp\/v2\/users\/4"}],"replies":[{"embeddable":true,"href":"https:\/\/www.organisator.ch\/en\/wp-json\/wp\/v2\/comments?post=2700"}],"version-history":[{"count":0,"href":"https:\/\/www.organisator.ch\/en\/wp-json\/wp\/v2\/posts\/2700\/revisions"}],"wp:featuredmedia":[{"embeddable":true,"href":"https:\/\/www.organisator.ch\/en\/wp-json\/wp\/v2\/media\/2701"}],"wp:attachment":[{"href":"https:\/\/www.organisator.ch\/en\/wp-json\/wp\/v2\/media?parent=2700"}],"wp:term":[{"taxonomy":"category","embeddable":true,"href":"https:\/\/www.organisator.ch\/en\/wp-json\/wp\/v2\/categories?post=2700"},{"taxonomy":"post_tag","embeddable":true,"href":"https:\/\/www.organisator.ch\/en\/wp-json\/wp\/v2\/tags?post=2700"}],"curies":[{"name":"wp","href":"https:\/\/api.w.org\/{rel}","templated":true}]}}