{"id":27028,"date":"2024-05-10T07:55:53","date_gmt":"2024-05-10T05:55:53","guid":{"rendered":"https:\/\/www.organisator.ch\/?p=27028"},"modified":"2024-05-10T07:55:53","modified_gmt":"2024-05-10T05:55:53","slug":"wechsel-im-verwaltungsrat-von-skyguide","status":"publish","type":"post","link":"https:\/\/www.organisator.ch\/en\/management\/2024-05-10\/wechsel-im-verwaltungsrat-von-skyguide\/","title":{"rendered":"Change in the Skyguide Board of Directors"},"content":{"rendered":"<figure id=\"attachment_27029\" aria-describedby=\"caption-attachment-27029\" style=\"width: 680px\" class=\"wp-caption alignnone\"><img loading=\"lazy\" decoding=\"async\" class=\"size-full wp-image-27029\" src=\"https:\/\/www.organisator.ch\/wp-content\/uploads\/2024\/05\/Skyguide_Bild1_ps.jpg\" alt=\"\" width=\"680\" height=\"408\" srcset=\"https:\/\/www.organisator.ch\/wp-content\/uploads\/2024\/05\/Skyguide_Bild1_ps.jpg 680w, https:\/\/www.organisator.ch\/wp-content\/uploads\/2024\/05\/Skyguide_Bild1_ps-18x12.jpg 18w, https:\/\/www.organisator.ch\/wp-content\/uploads\/2024\/05\/Skyguide_Bild1_ps-375x225.jpg 375w, https:\/\/www.organisator.ch\/wp-content\/uploads\/2024\/05\/Skyguide_Bild1_ps-583x350.jpg 583w\" sizes=\"auto, (max-width: 680px) 100vw, 680px\" \/><figcaption id=\"caption-attachment-27029\" class=\"wp-caption-text\">Aldo C. Schellenberg, Linda de Winter and Annette Rinck. (Image: www.skyguide.ch)<\/figcaption><\/figure>\n<p>At Skyguide's Annual General Meeting on May 8, 2024, Aldo C. Schellenberg was elected as the new Chairman of the Board of Directors of the Swiss air navigation service provider. The previous Chairman, Walter T. Vogel, is stepping down after nine years in office. Vice-Chairwoman Anne Bobillier also stepped down at the Annual General Meeting after ten years on the Board of Directors. Linda de Winter Kohler and Annette Rinck, two proven experts in digital transformation and corporate development, will succeed her.<\/p>\n<p>Aldo C. Schellenberg has held various positions in the Swiss Armed Forces, most recently as Corps Commander and Deputy Chief of the Armed Forces and Head of Operations Command. He holds a doctorate in economics from the University of Zurich and a postgraduate degree in business law from the University of Bern. He also holds a CAS in General Management for Board Members.<\/p>\n<p>Linda de Winter has been Chief Information Officer (CIO) and a member of the Executive Board of Swisscard AECS GmbH since April 2023. She previously worked at Swiss Post from 2016 as Head of Development and subsequently as Head of Strategy and Chief Operating Officer (COO) as well as a member of the IT Executive Board. She also held various positions at Swisscom, including in product management and the outsourcing service desk for business customers. Linda de Winter holds a degree in Business Administration, a Master of Science in Telecommunications, an MBA in Strategy and Financial Management and a CAS in General Management for Board Members.<\/p>\n<p>Annette Rinck has been President and CEO of Leica Microsystems, a global provider of solutions for life sciences, medical technology and industry, since January 2022. For the past seven years, she has worked at Honeywell, most recently as General Manager for Global Brands in Energy Management and as a member of the Transportation System Division management team. Prior to that, she held various management positions at Eaton Electric, Caterpillar and the BMW Group. Annette Rinck has been a member of the Board of Directors of Pilatus Flugzeugwerke since May 2022. She holds a doctorate in applied business administration and communication sciences and is an alumni of the IMD Business School in Lausanne.<\/p>\n<p>Aldo C. Schellenberg pays tribute to the achievements of Walter T. Vogel and Anne Bobillier: \"Thanks to their prudent leadership, skyguide is now one of Europe's leading air navigation service providers and a pioneer in its digital transformation. The implementation of two of the three tranches of the innovative Virtual Centre program has given skyguide greater efficiency and flexibility in airspace management.\" The newly elected Chairman of the Board of Directors is also looking forward to working with the two new members: \"In Linda de Winter and Annette Rinck, we have gained two high-caliber leaders with extensive experience in the fields of technology and corporate development, who ideally complement our Board of Directors.\"<\/p>\n<p><em>Source: <a href=\"http:\/\/www.skyguide.ch\">www.skyguide.ch<\/a><\/em><\/p>","protected":false},"excerpt":{"rendered":"<p>Skyguide's Annual General Meeting has elected Aldo C. Schellenberg as the new Chairman of the air navigation service provider's Board of Directors. He succeeds Walter T. Vogel. Vice-Chairwoman Anne Bobillier is stepping down. The Annual General Meeting elected Linda de Winter and Annette Rinck as new members of the Board of Directors.<\/p>","protected":false},"author":58,"featured_media":27029,"comment_status":"closed","ping_status":"closed","sticky":false,"template":"","format":"standard","meta":{"_acf_changed":false,"_yoast_wpseo_focuskw":"Skyguide","_yoast_wpseo_metadesc":"Die Generalversammlung von Skyguide hat Aldo C. Schellenberg neu zum Verwaltungsratspr\u00e4sidenten des Flugsicherungsunternehmens gew\u00e4hlt.","articlekey":"","footnotes":""},"categories":[28],"tags":[334,424,492,2471],"class_list":["post-27028","post","type-post","status-publish","format-standard","has-post-thumbnail","hentry","category-management","tag-management","tag-schweiz","tag-unternehmen","tag-verwaltungsrat"],"acf":[],"yoast_head":"<!-- This site is optimized with the Yoast SEO plugin v27.5 - https:\/\/yoast.com\/product\/yoast-seo-wordpress\/ -->\n<title>Wechsel im Verwaltungsrat von Skyguide - Organisator<\/title>\n<meta name=\"description\" content=\"Die Generalversammlung von Skyguide hat Aldo C. Schellenberg neu zum Verwaltungsratspr\u00e4sidenten des Flugsicherungsunternehmens gew\u00e4hlt.\" \/>\n<meta name=\"robots\" content=\"index, follow, max-snippet:-1, max-image-preview:large, max-video-preview:-1\" \/>\n<link rel=\"canonical\" href=\"https:\/\/www.organisator.ch\/en\/management\/2024-05-10\/wechsel-im-verwaltungsrat-von-skyguide\/\" \/>\n<meta property=\"og:locale\" content=\"en_US\" \/>\n<meta property=\"og:type\" content=\"article\" \/>\n<meta property=\"og:title\" content=\"Wechsel im Verwaltungsrat von Skyguide\" \/>\n<meta property=\"og:description\" content=\"Die Generalversammlung von Skyguide hat Aldo C. Schellenberg neu zum Verwaltungsratspr\u00e4sidenten des Flugsicherungsunternehmens gew\u00e4hlt.\" \/>\n<meta property=\"og:url\" content=\"https:\/\/www.organisator.ch\/en\/management\/2024-05-10\/wechsel-im-verwaltungsrat-von-skyguide\/\" \/>\n<meta property=\"og:site_name\" content=\"Organisator\" \/>\n<meta property=\"article:publisher\" content=\"https:\/\/www.facebook.com\/OrganisatorFachmagazin\" \/>\n<meta property=\"article:published_time\" content=\"2024-05-10T05:55:53+00:00\" \/>\n<meta property=\"og:image\" content=\"https:\/\/www.organisator.ch\/wp-content\/uploads\/2024\/05\/Skyguide_Bild1_ps.jpg\" \/>\n\t<meta property=\"og:image:width\" content=\"680\" \/>\n\t<meta property=\"og:image:height\" content=\"408\" \/>\n\t<meta property=\"og:image:type\" content=\"image\/jpeg\" \/>\n<meta name=\"author\" content=\"Adelisa Kalajdzini\" \/>\n<meta name=\"twitter:card\" content=\"summary_large_image\" \/>\n<meta name=\"twitter:title\" content=\"Wechsel im Verwaltungsrat von Skyguide\" \/>\n<meta name=\"twitter:description\" content=\"Die Generalversammlung von #Skyguide hat #Aldo C. #Schellenberg neu zum #Verwaltungsratspr\u00e4sidenten des Flugsicherungsunternehmens gew\u00e4hlt.\" \/>\n<meta name=\"twitter:image\" content=\"https:\/\/www.organisator.ch\/wp-content\/uploads\/2024\/05\/Skyguide_Bild1_ps.jpg\" \/>\n<script type=\"application\/ld+json\" class=\"yoast-schema-graph\">{\"@context\":\"https:\\\/\\\/schema.org\",\"@graph\":[{\"@type\":\"Article\",\"@id\":\"https:\\\/\\\/www.organisator.ch\\\/management\\\/2024-05-10\\\/wechsel-im-verwaltungsrat-von-skyguide\\\/#article\",\"isPartOf\":{\"@id\":\"https:\\\/\\\/www.organisator.ch\\\/management\\\/2024-05-10\\\/wechsel-im-verwaltungsrat-von-skyguide\\\/\"},\"author\":{\"name\":\"Adelisa Kalajdzini\",\"@id\":\"https:\\\/\\\/www.organisator.ch\\\/#\\\/schema\\\/person\\\/2e1314a2172123f874db408d8911d3f3\"},\"headline\":\"Wechsel im Verwaltungsrat von Skyguide\",\"datePublished\":\"2024-05-10T05:55:53+00:00\",\"mainEntityOfPage\":{\"@id\":\"https:\\\/\\\/www.organisator.ch\\\/management\\\/2024-05-10\\\/wechsel-im-verwaltungsrat-von-skyguide\\\/\"},\"wordCount\":465,\"publisher\":{\"@id\":\"https:\\\/\\\/www.organisator.ch\\\/#organization\"},\"image\":{\"@id\":\"https:\\\/\\\/www.organisator.ch\\\/management\\\/2024-05-10\\\/wechsel-im-verwaltungsrat-von-skyguide\\\/#primaryimage\"},\"thumbnailUrl\":\"https:\\\/\\\/www.organisator.ch\\\/wp-content\\\/uploads\\\/2024\\\/05\\\/Skyguide_Bild1_ps.jpg\",\"keywords\":[\"Management\",\"Schweiz\",\"Unternehmen\",\"Verwaltungsrat\"],\"articleSection\":[\"MANAGEMENT\"],\"inLanguage\":\"en-US\"},{\"@type\":\"WebPage\",\"@id\":\"https:\\\/\\\/www.organisator.ch\\\/management\\\/2024-05-10\\\/wechsel-im-verwaltungsrat-von-skyguide\\\/\",\"url\":\"https:\\\/\\\/www.organisator.ch\\\/management\\\/2024-05-10\\\/wechsel-im-verwaltungsrat-von-skyguide\\\/\",\"name\":\"Wechsel im Verwaltungsrat von Skyguide - Organisator\",\"isPartOf\":{\"@id\":\"https:\\\/\\\/www.organisator.ch\\\/#website\"},\"primaryImageOfPage\":{\"@id\":\"https:\\\/\\\/www.organisator.ch\\\/management\\\/2024-05-10\\\/wechsel-im-verwaltungsrat-von-skyguide\\\/#primaryimage\"},\"image\":{\"@id\":\"https:\\\/\\\/www.organisator.ch\\\/management\\\/2024-05-10\\\/wechsel-im-verwaltungsrat-von-skyguide\\\/#primaryimage\"},\"thumbnailUrl\":\"https:\\\/\\\/www.organisator.ch\\\/wp-content\\\/uploads\\\/2024\\\/05\\\/Skyguide_Bild1_ps.jpg\",\"datePublished\":\"2024-05-10T05:55:53+00:00\",\"description\":\"Die Generalversammlung von Skyguide hat Aldo C. Schellenberg neu zum Verwaltungsratspr\u00e4sidenten des Flugsicherungsunternehmens gew\u00e4hlt.\",\"breadcrumb\":{\"@id\":\"https:\\\/\\\/www.organisator.ch\\\/management\\\/2024-05-10\\\/wechsel-im-verwaltungsrat-von-skyguide\\\/#breadcrumb\"},\"inLanguage\":\"en-US\",\"potentialAction\":[{\"@type\":\"ReadAction\",\"target\":[\"https:\\\/\\\/www.organisator.ch\\\/management\\\/2024-05-10\\\/wechsel-im-verwaltungsrat-von-skyguide\\\/\"]}]},{\"@type\":\"ImageObject\",\"inLanguage\":\"en-US\",\"@id\":\"https:\\\/\\\/www.organisator.ch\\\/management\\\/2024-05-10\\\/wechsel-im-verwaltungsrat-von-skyguide\\\/#primaryimage\",\"url\":\"https:\\\/\\\/www.organisator.ch\\\/wp-content\\\/uploads\\\/2024\\\/05\\\/Skyguide_Bild1_ps.jpg\",\"contentUrl\":\"https:\\\/\\\/www.organisator.ch\\\/wp-content\\\/uploads\\\/2024\\\/05\\\/Skyguide_Bild1_ps.jpg\",\"width\":680,\"height\":408,\"caption\":\"Aldo C. Schellenberg, Linda de Winter und Annette Rinck. (Bild: www.skyguide.ch)\"},{\"@type\":\"BreadcrumbList\",\"@id\":\"https:\\\/\\\/www.organisator.ch\\\/management\\\/2024-05-10\\\/wechsel-im-verwaltungsrat-von-skyguide\\\/#breadcrumb\",\"itemListElement\":[{\"@type\":\"ListItem\",\"position\":1,\"name\":\"Home\",\"item\":\"https:\\\/\\\/www.organisator.ch\\\/\"},{\"@type\":\"ListItem\",\"position\":2,\"name\":\"Wechsel im Verwaltungsrat von Skyguide\"}]},{\"@type\":\"WebSite\",\"@id\":\"https:\\\/\\\/www.organisator.ch\\\/#website\",\"url\":\"https:\\\/\\\/www.organisator.ch\\\/\",\"name\":\"Organisator\",\"description\":\"Kompetent. Praxisnah. Der ORGANISATOR bereitet in 10 Ausgaben pro Jahr die wesentlichen Themen f\u00fcr F\u00fchrungskr\u00e4fte von KMU auf.\",\"publisher\":{\"@id\":\"https:\\\/\\\/www.organisator.ch\\\/#organization\"},\"potentialAction\":[{\"@type\":\"SearchAction\",\"target\":{\"@type\":\"EntryPoint\",\"urlTemplate\":\"https:\\\/\\\/www.organisator.ch\\\/?s={search_term_string}\"},\"query-input\":{\"@type\":\"PropertyValueSpecification\",\"valueRequired\":true,\"valueName\":\"search_term_string\"}}],\"inLanguage\":\"en-US\"},{\"@type\":\"Organization\",\"@id\":\"https:\\\/\\\/www.organisator.ch\\\/#organization\",\"name\":\"Organisator\",\"url\":\"https:\\\/\\\/www.organisator.ch\\\/\",\"logo\":{\"@type\":\"ImageObject\",\"inLanguage\":\"en-US\",\"@id\":\"https:\\\/\\\/www.organisator.ch\\\/#\\\/schema\\\/logo\\\/image\\\/\",\"url\":\"https:\\\/\\\/www.organisator.ch\\\/wp-content\\\/uploads\\\/2022\\\/01\\\/Logo_Organisator_Website.png\",\"contentUrl\":\"https:\\\/\\\/www.organisator.ch\\\/wp-content\\\/uploads\\\/2022\\\/01\\\/Logo_Organisator_Website.png\",\"width\":800,\"height\":77,\"caption\":\"Organisator\"},\"image\":{\"@id\":\"https:\\\/\\\/www.organisator.ch\\\/#\\\/schema\\\/logo\\\/image\\\/\"},\"sameAs\":[\"https:\\\/\\\/www.facebook.com\\\/OrganisatorFachmagazin\",\"https:\\\/\\\/www.linkedin.com\\\/showcase\\\/organisator-das-magazin-fr-kmu\",\"https:\\\/\\\/www.xing.com\\\/news\\\/pages\\\/organisator-ch-695\",\"https:\\\/\\\/www.youtube.com\\\/channel\\\/UCGP2Sq0iWaZwT3BdIAQFYpw\"]},{\"@type\":\"Person\",\"@id\":\"https:\\\/\\\/www.organisator.ch\\\/#\\\/schema\\\/person\\\/2e1314a2172123f874db408d8911d3f3\",\"name\":\"Adelisa Kalajdzini\",\"image\":{\"@type\":\"ImageObject\",\"inLanguage\":\"en-US\",\"@id\":\"https:\\\/\\\/secure.gravatar.com\\\/avatar\\\/09a397c22ac58cad6f160ee8306348599df9df58a8ede73696226897b9fa4b24?s=96&d=mm&r=g\",\"url\":\"https:\\\/\\\/secure.gravatar.com\\\/avatar\\\/09a397c22ac58cad6f160ee8306348599df9df58a8ede73696226897b9fa4b24?s=96&d=mm&r=g\",\"contentUrl\":\"https:\\\/\\\/secure.gravatar.com\\\/avatar\\\/09a397c22ac58cad6f160ee8306348599df9df58a8ede73696226897b9fa4b24?s=96&d=mm&r=g\",\"caption\":\"Adelisa Kalajdzini\"},\"url\":\"https:\\\/\\\/www.organisator.ch\\\/en\\\/author\\\/adelisa-kalajdzini\\\/\"}]}<\/script>\n<!-- \/ Yoast SEO plugin. -->","yoast_head_json":{"title":"Change in the Skyguide Board of Directors - Organizer","description":"Skyguide's Annual General Meeting has elected Aldo C. Schellenberg as the new Chairman of the air navigation service provider's Board of Directors.","robots":{"index":"index","follow":"follow","max-snippet":"max-snippet:-1","max-image-preview":"max-image-preview:large","max-video-preview":"max-video-preview:-1"},"canonical":"https:\/\/www.organisator.ch\/en\/management\/2024-05-10\/wechsel-im-verwaltungsrat-von-skyguide\/","og_locale":"en_US","og_type":"article","og_title":"Wechsel im Verwaltungsrat von Skyguide","og_description":"Die Generalversammlung von Skyguide hat Aldo C. Schellenberg neu zum Verwaltungsratspr\u00e4sidenten des Flugsicherungsunternehmens gew\u00e4hlt.","og_url":"https:\/\/www.organisator.ch\/en\/management\/2024-05-10\/wechsel-im-verwaltungsrat-von-skyguide\/","og_site_name":"Organisator","article_publisher":"https:\/\/www.facebook.com\/OrganisatorFachmagazin","article_published_time":"2024-05-10T05:55:53+00:00","og_image":[{"width":680,"height":408,"url":"https:\/\/www.organisator.ch\/wp-content\/uploads\/2024\/05\/Skyguide_Bild1_ps.jpg","type":"image\/jpeg"}],"author":"Adelisa Kalajdzini","twitter_card":"summary_large_image","twitter_title":"Wechsel im Verwaltungsrat von Skyguide","twitter_description":"Die Generalversammlung von #Skyguide hat #Aldo C. #Schellenberg neu zum #Verwaltungsratspr\u00e4sidenten des Flugsicherungsunternehmens gew\u00e4hlt.","twitter_image":"https:\/\/www.organisator.ch\/wp-content\/uploads\/2024\/05\/Skyguide_Bild1_ps.jpg","schema":{"@context":"https:\/\/schema.org","@graph":[{"@type":"Article","@id":"https:\/\/www.organisator.ch\/management\/2024-05-10\/wechsel-im-verwaltungsrat-von-skyguide\/#article","isPartOf":{"@id":"https:\/\/www.organisator.ch\/management\/2024-05-10\/wechsel-im-verwaltungsrat-von-skyguide\/"},"author":{"name":"Adelisa Kalajdzini","@id":"https:\/\/www.organisator.ch\/#\/schema\/person\/2e1314a2172123f874db408d8911d3f3"},"headline":"Wechsel im Verwaltungsrat von Skyguide","datePublished":"2024-05-10T05:55:53+00:00","mainEntityOfPage":{"@id":"https:\/\/www.organisator.ch\/management\/2024-05-10\/wechsel-im-verwaltungsrat-von-skyguide\/"},"wordCount":465,"publisher":{"@id":"https:\/\/www.organisator.ch\/#organization"},"image":{"@id":"https:\/\/www.organisator.ch\/management\/2024-05-10\/wechsel-im-verwaltungsrat-von-skyguide\/#primaryimage"},"thumbnailUrl":"https:\/\/www.organisator.ch\/wp-content\/uploads\/2024\/05\/Skyguide_Bild1_ps.jpg","keywords":["Management","Schweiz","Unternehmen","Verwaltungsrat"],"articleSection":["MANAGEMENT"],"inLanguage":"en-US"},{"@type":"WebPage","@id":"https:\/\/www.organisator.ch\/management\/2024-05-10\/wechsel-im-verwaltungsrat-von-skyguide\/","url":"https:\/\/www.organisator.ch\/management\/2024-05-10\/wechsel-im-verwaltungsrat-von-skyguide\/","name":"Change in the Skyguide Board of Directors - Organizer","isPartOf":{"@id":"https:\/\/www.organisator.ch\/#website"},"primaryImageOfPage":{"@id":"https:\/\/www.organisator.ch\/management\/2024-05-10\/wechsel-im-verwaltungsrat-von-skyguide\/#primaryimage"},"image":{"@id":"https:\/\/www.organisator.ch\/management\/2024-05-10\/wechsel-im-verwaltungsrat-von-skyguide\/#primaryimage"},"thumbnailUrl":"https:\/\/www.organisator.ch\/wp-content\/uploads\/2024\/05\/Skyguide_Bild1_ps.jpg","datePublished":"2024-05-10T05:55:53+00:00","description":"Skyguide's Annual General Meeting has elected Aldo C. Schellenberg as the new Chairman of the air navigation service provider's Board of Directors.","breadcrumb":{"@id":"https:\/\/www.organisator.ch\/management\/2024-05-10\/wechsel-im-verwaltungsrat-von-skyguide\/#breadcrumb"},"inLanguage":"en-US","potentialAction":[{"@type":"ReadAction","target":["https:\/\/www.organisator.ch\/management\/2024-05-10\/wechsel-im-verwaltungsrat-von-skyguide\/"]}]},{"@type":"ImageObject","inLanguage":"en-US","@id":"https:\/\/www.organisator.ch\/management\/2024-05-10\/wechsel-im-verwaltungsrat-von-skyguide\/#primaryimage","url":"https:\/\/www.organisator.ch\/wp-content\/uploads\/2024\/05\/Skyguide_Bild1_ps.jpg","contentUrl":"https:\/\/www.organisator.ch\/wp-content\/uploads\/2024\/05\/Skyguide_Bild1_ps.jpg","width":680,"height":408,"caption":"Aldo C. Schellenberg, Linda de Winter und Annette Rinck. (Bild: www.skyguide.ch)"},{"@type":"BreadcrumbList","@id":"https:\/\/www.organisator.ch\/management\/2024-05-10\/wechsel-im-verwaltungsrat-von-skyguide\/#breadcrumb","itemListElement":[{"@type":"ListItem","position":1,"name":"Home","item":"https:\/\/www.organisator.ch\/"},{"@type":"ListItem","position":2,"name":"Wechsel im Verwaltungsrat von Skyguide"}]},{"@type":"WebSite","@id":"https:\/\/www.organisator.ch\/#website","url":"https:\/\/www.organisator.ch\/","name":"Organizer","description":"Competent. Practical. In 10 issues per year, ORGANISATOR presents the essential topics for managers of SMEs.","publisher":{"@id":"https:\/\/www.organisator.ch\/#organization"},"potentialAction":[{"@type":"SearchAction","target":{"@type":"EntryPoint","urlTemplate":"https:\/\/www.organisator.ch\/?s={search_term_string}"},"query-input":{"@type":"PropertyValueSpecification","valueRequired":true,"valueName":"search_term_string"}}],"inLanguage":"en-US"},{"@type":"Organization","@id":"https:\/\/www.organisator.ch\/#organization","name":"Organizer","url":"https:\/\/www.organisator.ch\/","logo":{"@type":"ImageObject","inLanguage":"en-US","@id":"https:\/\/www.organisator.ch\/#\/schema\/logo\/image\/","url":"https:\/\/www.organisator.ch\/wp-content\/uploads\/2022\/01\/Logo_Organisator_Website.png","contentUrl":"https:\/\/www.organisator.ch\/wp-content\/uploads\/2022\/01\/Logo_Organisator_Website.png","width":800,"height":77,"caption":"Organisator"},"image":{"@id":"https:\/\/www.organisator.ch\/#\/schema\/logo\/image\/"},"sameAs":["https:\/\/www.facebook.com\/OrganisatorFachmagazin","https:\/\/www.linkedin.com\/showcase\/organisator-das-magazin-fr-kmu","https:\/\/www.xing.com\/news\/pages\/organisator-ch-695","https:\/\/www.youtube.com\/channel\/UCGP2Sq0iWaZwT3BdIAQFYpw"]},{"@type":"Person","@id":"https:\/\/www.organisator.ch\/#\/schema\/person\/2e1314a2172123f874db408d8911d3f3","name":"Adelisa Kalajdzini","image":{"@type":"ImageObject","inLanguage":"en-US","@id":"https:\/\/secure.gravatar.com\/avatar\/09a397c22ac58cad6f160ee8306348599df9df58a8ede73696226897b9fa4b24?s=96&d=mm&r=g","url":"https:\/\/secure.gravatar.com\/avatar\/09a397c22ac58cad6f160ee8306348599df9df58a8ede73696226897b9fa4b24?s=96&d=mm&r=g","contentUrl":"https:\/\/secure.gravatar.com\/avatar\/09a397c22ac58cad6f160ee8306348599df9df58a8ede73696226897b9fa4b24?s=96&d=mm&r=g","caption":"Adelisa Kalajdzini"},"url":"https:\/\/www.organisator.ch\/en\/author\/adelisa-kalajdzini\/"}]}},"_links":{"self":[{"href":"https:\/\/www.organisator.ch\/en\/wp-json\/wp\/v2\/posts\/27028","targetHints":{"allow":["GET"]}}],"collection":[{"href":"https:\/\/www.organisator.ch\/en\/wp-json\/wp\/v2\/posts"}],"about":[{"href":"https:\/\/www.organisator.ch\/en\/wp-json\/wp\/v2\/types\/post"}],"author":[{"embeddable":true,"href":"https:\/\/www.organisator.ch\/en\/wp-json\/wp\/v2\/users\/58"}],"replies":[{"embeddable":true,"href":"https:\/\/www.organisator.ch\/en\/wp-json\/wp\/v2\/comments?post=27028"}],"version-history":[{"count":4,"href":"https:\/\/www.organisator.ch\/en\/wp-json\/wp\/v2\/posts\/27028\/revisions"}],"predecessor-version":[{"id":27054,"href":"https:\/\/www.organisator.ch\/en\/wp-json\/wp\/v2\/posts\/27028\/revisions\/27054"}],"wp:featuredmedia":[{"embeddable":true,"href":"https:\/\/www.organisator.ch\/en\/wp-json\/wp\/v2\/media\/27029"}],"wp:attachment":[{"href":"https:\/\/www.organisator.ch\/en\/wp-json\/wp\/v2\/media?parent=27028"}],"wp:term":[{"taxonomy":"category","embeddable":true,"href":"https:\/\/www.organisator.ch\/en\/wp-json\/wp\/v2\/categories?post=27028"},{"taxonomy":"post_tag","embeddable":true,"href":"https:\/\/www.organisator.ch\/en\/wp-json\/wp\/v2\/tags?post=27028"}],"curies":[{"name":"wp","href":"https:\/\/api.w.org\/{rel}","templated":true}]}}