{"id":2714,"date":"2020-01-07T18:07:39","date_gmt":"2020-01-07T17:07:39","guid":{"rendered":"https:\/\/www.umweltperspektiven.ch\/?p=2714"},"modified":"2022-02-09T11:10:01","modified_gmt":"2022-02-09T10:10:01","slug":"ifat-environmental-leadership-award","status":"publish","type":"post","link":"https:\/\/www.organisator.ch\/en\/sustainability\/2020-01-07\/ifat-environmental-leadership-award\/","title":{"rendered":"IFAT Environmental Leadership Award"},"content":{"rendered":"<p>&nbsp;<\/p>\n<figure id=\"attachment_2715\" aria-describedby=\"caption-attachment-2715\" style=\"width: 680px\" class=\"wp-caption alignnone\"><img loading=\"lazy\" decoding=\"async\" class=\"size-medium wp-image-2715\" src=\"\/\/www.umweltperspektiven.ch\/wp-content\/uploads\/2020\/01\/image-factory.media_.messe-muenchen.jpg\" alt=\"\" width=\"680\" height=\"453\" \/><figcaption id=\"caption-attachment-2715\" class=\"wp-caption-text\">Being the world's leading trade fair also means taking responsibility. (Image_Copyright: IFAT)<\/figcaption><\/figure>\n<p>The IFAT Environmental Leadership Award will not be presented until the beginning of May 2020. IFAT presents visionary technologies and intelligent solutions for water, sewage, waste and raw materials management. The exhibitors' innovations make a decisive contribution to sustainable circular economy. Exhibitors participating in IFAT can still apply.<\/p>\n<p>The overall concept of a sustainable trade fair presentation will be evaluated by a jury chaired by Prof. Dr. Martin Faulstich, Professor of Environmental and Energy Technology at Clausthal University of Technology, Director of INZIN - Institut f\u00fcr die Zukunft der Industriegesellschaft e.V. (Institute for the Future of Industrial Society) and former Chairman of the German Council of Environmental Experts.<\/p>\n<div>\n<div>\n<div>\n<p>Look forward to a high-profile awards ceremony and be celebrated for your environmentally friendly trade show presence! By being honored, you will start the trade show days as a role model and highly decorated exhibitor.<\/p>\n<\/div>\n<\/div>\n<\/div>\n<p><strong>Who may participate?<\/strong><\/p>\n<div>\n<div>\n<div>\n<div>\n<div>\n<ul>\n<li>All main exhibitors<\/li>\n<li>All organizers of joint stands at IFAT 2020<\/li>\n<\/ul>\n<\/div>\n<\/div>\n<\/div>\n<\/div>\n<\/div>\n<p>The award and distinction of the most sustainable trade fair concept will be\u00a0<strong>as part of the opening event of IFAT on May 4, 2020.<\/strong>\u00a0We have made a decision. From all the entries, we nominate ten sustainable concepts, three of which make it to the final.<\/p>\n<p><strong>Sustainable world leading trade fair\u00a0<\/strong><\/p>\n<div>\n<div>\n<div>\n<div>\n<p>Being the world's leading trade show also means taking responsibility. This ranges from the selection of materials and the handling of waste to the motivation of exhibitors and visitors.<\/p>\n<p>The contribution of Messe M\u00fcnchen:<\/p>\n<\/div>\n<\/div>\n<\/div>\n<div>\n<div>\n<div>\n<div>\n<div>\n<ul>\n<li>2,500 trees on the exhibition grounds to compensate for CO2 emissions<\/li>\n<li>35,000 m2 green hall roofs<\/li>\n<li>One of the world's largest rooftop photovoltaic systems to produce environmentally friendly electricity<\/li>\n<li>Generating a large part of the heat for the exhibition halls with geothermal energy<\/li>\n<li>Conversion to 100% green electricity as of 2020<\/li>\n<li>Feeding the fair lake with rainwater and groundwater<\/li>\n<li>Settlement of bee colonies on the fairgrounds<\/li>\n<li>Very good public transport connections to the exhibition center<\/li>\n<li>50 parking spaces with e-charging stations<\/li>\n<\/ul>\n<p>\"Our future actions are based on the foundation of sustainability. It is not just an intention, it is our attitude. It should be the basis for our decisions and actions,\" says Philipp Eisenmann, IFAT project manager.<\/p>\n<footer><\/footer>\n<\/div>\n<\/div>\n<footer><a href=\"\/\/www.ifat.de\">http:\/\/www.ifat.de<\/a><\/footer>\n<\/div>\n<\/div>\n<\/div>\n<\/div>","protected":false},"excerpt":{"rendered":"<p>&nbsp; Der IFAT Environmental Leadership Award wird erst anfangs Mai 2020 verliehen. Auf der IFAT werden vision\u00e4re Technologien und intelligente L\u00f6sungen der Wasser-, Abwasser-, Abfall- und Rohstoffwirtschaft pr\u00e4sentiert. Die Innovationen der Aussteller liefern einen entscheidenden Beitrag f\u00fcr nachhaltige Kreislaufwirtschaft.\u00a0Die beteiligten Aussteller an der IFAT k\u00f6nnen sich noch bewerben. Das Gesamtkonzept eines nachhaltigen Messeauftritts wird durch [&hellip;]<\/p>\n","protected":false},"author":5,"featured_media":9667,"comment_status":"closed","ping_status":"closed","sticky":false,"template":"","format":"standard","meta":{"_acf_changed":false,"_yoast_wpseo_focuskw":"IFAT Environmental Leadership Award","_yoast_wpseo_metadesc":"Werden Sie zum Preistr\u00e4ger des IFAT Environmental Leadership Award. Die Weltleitmesse steht ganz im Zeichen der Nachhaltigkeit.","articlekey":"","footnotes":""},"categories":[580],"tags":[65,1392,320,502,2548],"class_list":["post-2714","post","type-post","status-publish","format-standard","has-post-thumbnail","hentry","category-sustainability","tag-award","tag-ifat","tag-leadership","tag-veranstaltungen","tag-weltleitmesse"],"acf":[],"yoast_head":"<!-- This site is optimized with the Yoast SEO plugin v27.4 - https:\/\/yoast.com\/product\/yoast-seo-wordpress\/ -->\n<title>IFAT Environmental Leadership Award - Organisator<\/title>\n<meta name=\"description\" content=\"Werden Sie zum Preistr\u00e4ger des IFAT Environmental Leadership Award. Die Weltleitmesse steht ganz im Zeichen der Nachhaltigkeit.\" \/>\n<meta name=\"robots\" content=\"index, follow, max-snippet:-1, max-image-preview:large, max-video-preview:-1\" \/>\n<link rel=\"canonical\" href=\"https:\/\/www.organisator.ch\/en\/sustainability\/2020-01-07\/ifat-environmental-leadership-award\/\" \/>\n<meta property=\"og:locale\" content=\"en_US\" \/>\n<meta property=\"og:type\" content=\"article\" \/>\n<meta property=\"og:title\" content=\"IFAT Environmental Leadership Award - Organisator\" \/>\n<meta property=\"og:description\" content=\"Werden Sie zum Preistr\u00e4ger des IFAT Environmental Leadership Award. Die Weltleitmesse steht ganz im Zeichen der Nachhaltigkeit.\" \/>\n<meta property=\"og:url\" content=\"https:\/\/www.organisator.ch\/en\/sustainability\/2020-01-07\/ifat-environmental-leadership-award\/\" \/>\n<meta property=\"og:site_name\" content=\"Organisator\" \/>\n<meta property=\"article:publisher\" content=\"https:\/\/www.facebook.com\/OrganisatorFachmagazin\" \/>\n<meta property=\"article:published_time\" content=\"2020-01-07T17:07:39+00:00\" \/>\n<meta property=\"article:modified_time\" content=\"2022-02-09T10:10:01+00:00\" \/>\n<meta property=\"og:image\" content=\"https:\/\/www.organisator.ch\/wp-content\/uploads\/2020\/01\/image-factory.media_.messe-muenchen.jpg\" \/>\n\t<meta property=\"og:image:width\" content=\"1200\" \/>\n\t<meta property=\"og:image:height\" content=\"799\" \/>\n\t<meta property=\"og:image:type\" content=\"image\/jpeg\" \/>\n<meta name=\"author\" content=\"michael.merz\" \/>\n<meta name=\"twitter:card\" content=\"summary_large_image\" \/>\n<script type=\"application\/ld+json\" class=\"yoast-schema-graph\">{\"@context\":\"https:\\\/\\\/schema.org\",\"@graph\":[{\"@type\":\"Article\",\"@id\":\"https:\\\/\\\/www.organisator.ch\\\/sustainability\\\/2020-01-07\\\/ifat-environmental-leadership-award\\\/#article\",\"isPartOf\":{\"@id\":\"https:\\\/\\\/www.organisator.ch\\\/sustainability\\\/2020-01-07\\\/ifat-environmental-leadership-award\\\/\"},\"author\":{\"name\":\"michael.merz\",\"@id\":\"https:\\\/\\\/www.organisator.ch\\\/#\\\/schema\\\/person\\\/134708ca9321c57b0362cceb7948ffbd\"},\"headline\":\"IFAT Environmental Leadership Award\",\"datePublished\":\"2020-01-07T17:07:39+00:00\",\"dateModified\":\"2022-02-09T10:10:01+00:00\",\"mainEntityOfPage\":{\"@id\":\"https:\\\/\\\/www.organisator.ch\\\/sustainability\\\/2020-01-07\\\/ifat-environmental-leadership-award\\\/\"},\"wordCount\":350,\"publisher\":{\"@id\":\"https:\\\/\\\/www.organisator.ch\\\/#organization\"},\"image\":{\"@id\":\"https:\\\/\\\/www.organisator.ch\\\/sustainability\\\/2020-01-07\\\/ifat-environmental-leadership-award\\\/#primaryimage\"},\"thumbnailUrl\":\"https:\\\/\\\/www.organisator.ch\\\/wp-content\\\/uploads\\\/2020\\\/01\\\/image-factory.media_.messe-muenchen.jpg\",\"keywords\":[\"Award\",\"IFAT\",\"Leadership\",\"Veranstaltungen\",\"Weltleitmesse\"],\"articleSection\":[\"SUSTAINABILITY\"],\"inLanguage\":\"en-US\"},{\"@type\":\"WebPage\",\"@id\":\"https:\\\/\\\/www.organisator.ch\\\/sustainability\\\/2020-01-07\\\/ifat-environmental-leadership-award\\\/\",\"url\":\"https:\\\/\\\/www.organisator.ch\\\/sustainability\\\/2020-01-07\\\/ifat-environmental-leadership-award\\\/\",\"name\":\"IFAT Environmental Leadership Award - Organisator\",\"isPartOf\":{\"@id\":\"https:\\\/\\\/www.organisator.ch\\\/#website\"},\"primaryImageOfPage\":{\"@id\":\"https:\\\/\\\/www.organisator.ch\\\/sustainability\\\/2020-01-07\\\/ifat-environmental-leadership-award\\\/#primaryimage\"},\"image\":{\"@id\":\"https:\\\/\\\/www.organisator.ch\\\/sustainability\\\/2020-01-07\\\/ifat-environmental-leadership-award\\\/#primaryimage\"},\"thumbnailUrl\":\"https:\\\/\\\/www.organisator.ch\\\/wp-content\\\/uploads\\\/2020\\\/01\\\/image-factory.media_.messe-muenchen.jpg\",\"datePublished\":\"2020-01-07T17:07:39+00:00\",\"dateModified\":\"2022-02-09T10:10:01+00:00\",\"description\":\"Werden Sie zum Preistr\u00e4ger des IFAT Environmental Leadership Award. Die Weltleitmesse steht ganz im Zeichen der Nachhaltigkeit.\",\"breadcrumb\":{\"@id\":\"https:\\\/\\\/www.organisator.ch\\\/sustainability\\\/2020-01-07\\\/ifat-environmental-leadership-award\\\/#breadcrumb\"},\"inLanguage\":\"en-US\",\"potentialAction\":[{\"@type\":\"ReadAction\",\"target\":[\"https:\\\/\\\/www.organisator.ch\\\/sustainability\\\/2020-01-07\\\/ifat-environmental-leadership-award\\\/\"]}]},{\"@type\":\"ImageObject\",\"inLanguage\":\"en-US\",\"@id\":\"https:\\\/\\\/www.organisator.ch\\\/sustainability\\\/2020-01-07\\\/ifat-environmental-leadership-award\\\/#primaryimage\",\"url\":\"https:\\\/\\\/www.organisator.ch\\\/wp-content\\\/uploads\\\/2020\\\/01\\\/image-factory.media_.messe-muenchen.jpg\",\"contentUrl\":\"https:\\\/\\\/www.organisator.ch\\\/wp-content\\\/uploads\\\/2020\\\/01\\\/image-factory.media_.messe-muenchen.jpg\",\"width\":1200,\"height\":799,\"caption\":\"Die Rolle als Weltleitmesse bedeutet auch, Verantwortung zu \u00fcbernehmen. (Bild_Copyright: IFAT)\"},{\"@type\":\"BreadcrumbList\",\"@id\":\"https:\\\/\\\/www.organisator.ch\\\/sustainability\\\/2020-01-07\\\/ifat-environmental-leadership-award\\\/#breadcrumb\",\"itemListElement\":[{\"@type\":\"ListItem\",\"position\":1,\"name\":\"Home\",\"item\":\"https:\\\/\\\/www.organisator.ch\\\/\"},{\"@type\":\"ListItem\",\"position\":2,\"name\":\"IFAT Environmental Leadership Award\"}]},{\"@type\":\"WebSite\",\"@id\":\"https:\\\/\\\/www.organisator.ch\\\/#website\",\"url\":\"https:\\\/\\\/www.organisator.ch\\\/\",\"name\":\"Organisator\",\"description\":\"Kompetent. Praxisnah. Der ORGANISATOR bereitet in 10 Ausgaben pro Jahr die wesentlichen Themen f\u00fcr F\u00fchrungskr\u00e4fte von KMU auf.\",\"publisher\":{\"@id\":\"https:\\\/\\\/www.organisator.ch\\\/#organization\"},\"potentialAction\":[{\"@type\":\"SearchAction\",\"target\":{\"@type\":\"EntryPoint\",\"urlTemplate\":\"https:\\\/\\\/www.organisator.ch\\\/?s={search_term_string}\"},\"query-input\":{\"@type\":\"PropertyValueSpecification\",\"valueRequired\":true,\"valueName\":\"search_term_string\"}}],\"inLanguage\":\"en-US\"},{\"@type\":\"Organization\",\"@id\":\"https:\\\/\\\/www.organisator.ch\\\/#organization\",\"name\":\"Organisator\",\"url\":\"https:\\\/\\\/www.organisator.ch\\\/\",\"logo\":{\"@type\":\"ImageObject\",\"inLanguage\":\"en-US\",\"@id\":\"https:\\\/\\\/www.organisator.ch\\\/#\\\/schema\\\/logo\\\/image\\\/\",\"url\":\"https:\\\/\\\/www.organisator.ch\\\/wp-content\\\/uploads\\\/2022\\\/01\\\/Logo_Organisator_Website.png\",\"contentUrl\":\"https:\\\/\\\/www.organisator.ch\\\/wp-content\\\/uploads\\\/2022\\\/01\\\/Logo_Organisator_Website.png\",\"width\":800,\"height\":77,\"caption\":\"Organisator\"},\"image\":{\"@id\":\"https:\\\/\\\/www.organisator.ch\\\/#\\\/schema\\\/logo\\\/image\\\/\"},\"sameAs\":[\"https:\\\/\\\/www.facebook.com\\\/OrganisatorFachmagazin\",\"https:\\\/\\\/www.linkedin.com\\\/showcase\\\/organisator-das-magazin-fr-kmu\",\"https:\\\/\\\/www.xing.com\\\/news\\\/pages\\\/organisator-ch-695\",\"https:\\\/\\\/www.youtube.com\\\/channel\\\/UCGP2Sq0iWaZwT3BdIAQFYpw\"]},{\"@type\":\"Person\",\"@id\":\"https:\\\/\\\/www.organisator.ch\\\/#\\\/schema\\\/person\\\/134708ca9321c57b0362cceb7948ffbd\",\"name\":\"michael.merz\",\"image\":{\"@type\":\"ImageObject\",\"inLanguage\":\"en-US\",\"@id\":\"https:\\\/\\\/secure.gravatar.com\\\/avatar\\\/?s=96&d=mm&r=g\",\"url\":\"https:\\\/\\\/secure.gravatar.com\\\/avatar\\\/?s=96&d=mm&r=g\",\"contentUrl\":\"https:\\\/\\\/secure.gravatar.com\\\/avatar\\\/?s=96&d=mm&r=g\",\"caption\":\"michael.merz\"},\"url\":\"https:\\\/\\\/www.organisator.ch\\\/en\\\/author\\\/michael-merz\\\/\"}]}<\/script>\n<!-- \/ Yoast SEO plugin. -->","yoast_head_json":{"title":"IFAT Environmental Leadership Award - Organizer","description":"Become the winner of the IFAT Environmental Leadership Award. The world's leading trade fair is all about sustainability.","robots":{"index":"index","follow":"follow","max-snippet":"max-snippet:-1","max-image-preview":"max-image-preview:large","max-video-preview":"max-video-preview:-1"},"canonical":"https:\/\/www.organisator.ch\/en\/sustainability\/2020-01-07\/ifat-environmental-leadership-award\/","og_locale":"en_US","og_type":"article","og_title":"IFAT Environmental Leadership Award - Organisator","og_description":"Werden Sie zum Preistr\u00e4ger des IFAT Environmental Leadership Award. Die Weltleitmesse steht ganz im Zeichen der Nachhaltigkeit.","og_url":"https:\/\/www.organisator.ch\/en\/sustainability\/2020-01-07\/ifat-environmental-leadership-award\/","og_site_name":"Organisator","article_publisher":"https:\/\/www.facebook.com\/OrganisatorFachmagazin","article_published_time":"2020-01-07T17:07:39+00:00","article_modified_time":"2022-02-09T10:10:01+00:00","og_image":[{"width":1200,"height":799,"url":"https:\/\/www.organisator.ch\/wp-content\/uploads\/2020\/01\/image-factory.media_.messe-muenchen.jpg","type":"image\/jpeg"}],"author":"michael.merz","twitter_card":"summary_large_image","schema":{"@context":"https:\/\/schema.org","@graph":[{"@type":"Article","@id":"https:\/\/www.organisator.ch\/sustainability\/2020-01-07\/ifat-environmental-leadership-award\/#article","isPartOf":{"@id":"https:\/\/www.organisator.ch\/sustainability\/2020-01-07\/ifat-environmental-leadership-award\/"},"author":{"name":"michael.merz","@id":"https:\/\/www.organisator.ch\/#\/schema\/person\/134708ca9321c57b0362cceb7948ffbd"},"headline":"IFAT Environmental Leadership Award","datePublished":"2020-01-07T17:07:39+00:00","dateModified":"2022-02-09T10:10:01+00:00","mainEntityOfPage":{"@id":"https:\/\/www.organisator.ch\/sustainability\/2020-01-07\/ifat-environmental-leadership-award\/"},"wordCount":350,"publisher":{"@id":"https:\/\/www.organisator.ch\/#organization"},"image":{"@id":"https:\/\/www.organisator.ch\/sustainability\/2020-01-07\/ifat-environmental-leadership-award\/#primaryimage"},"thumbnailUrl":"https:\/\/www.organisator.ch\/wp-content\/uploads\/2020\/01\/image-factory.media_.messe-muenchen.jpg","keywords":["Award","IFAT","Leadership","Veranstaltungen","Weltleitmesse"],"articleSection":["SUSTAINABILITY"],"inLanguage":"en-US"},{"@type":"WebPage","@id":"https:\/\/www.organisator.ch\/sustainability\/2020-01-07\/ifat-environmental-leadership-award\/","url":"https:\/\/www.organisator.ch\/sustainability\/2020-01-07\/ifat-environmental-leadership-award\/","name":"IFAT Environmental Leadership Award - Organizer","isPartOf":{"@id":"https:\/\/www.organisator.ch\/#website"},"primaryImageOfPage":{"@id":"https:\/\/www.organisator.ch\/sustainability\/2020-01-07\/ifat-environmental-leadership-award\/#primaryimage"},"image":{"@id":"https:\/\/www.organisator.ch\/sustainability\/2020-01-07\/ifat-environmental-leadership-award\/#primaryimage"},"thumbnailUrl":"https:\/\/www.organisator.ch\/wp-content\/uploads\/2020\/01\/image-factory.media_.messe-muenchen.jpg","datePublished":"2020-01-07T17:07:39+00:00","dateModified":"2022-02-09T10:10:01+00:00","description":"Become the winner of the IFAT Environmental Leadership Award. The world's leading trade fair is all about sustainability.","breadcrumb":{"@id":"https:\/\/www.organisator.ch\/sustainability\/2020-01-07\/ifat-environmental-leadership-award\/#breadcrumb"},"inLanguage":"en-US","potentialAction":[{"@type":"ReadAction","target":["https:\/\/www.organisator.ch\/sustainability\/2020-01-07\/ifat-environmental-leadership-award\/"]}]},{"@type":"ImageObject","inLanguage":"en-US","@id":"https:\/\/www.organisator.ch\/sustainability\/2020-01-07\/ifat-environmental-leadership-award\/#primaryimage","url":"https:\/\/www.organisator.ch\/wp-content\/uploads\/2020\/01\/image-factory.media_.messe-muenchen.jpg","contentUrl":"https:\/\/www.organisator.ch\/wp-content\/uploads\/2020\/01\/image-factory.media_.messe-muenchen.jpg","width":1200,"height":799,"caption":"Die Rolle als Weltleitmesse bedeutet auch, Verantwortung zu \u00fcbernehmen. (Bild_Copyright: IFAT)"},{"@type":"BreadcrumbList","@id":"https:\/\/www.organisator.ch\/sustainability\/2020-01-07\/ifat-environmental-leadership-award\/#breadcrumb","itemListElement":[{"@type":"ListItem","position":1,"name":"Home","item":"https:\/\/www.organisator.ch\/"},{"@type":"ListItem","position":2,"name":"IFAT Environmental Leadership Award"}]},{"@type":"WebSite","@id":"https:\/\/www.organisator.ch\/#website","url":"https:\/\/www.organisator.ch\/","name":"Organizer","description":"Competent. Practical. In 10 issues per year, ORGANISATOR presents the essential topics for managers of SMEs.","publisher":{"@id":"https:\/\/www.organisator.ch\/#organization"},"potentialAction":[{"@type":"SearchAction","target":{"@type":"EntryPoint","urlTemplate":"https:\/\/www.organisator.ch\/?s={search_term_string}"},"query-input":{"@type":"PropertyValueSpecification","valueRequired":true,"valueName":"search_term_string"}}],"inLanguage":"en-US"},{"@type":"Organization","@id":"https:\/\/www.organisator.ch\/#organization","name":"Organizer","url":"https:\/\/www.organisator.ch\/","logo":{"@type":"ImageObject","inLanguage":"en-US","@id":"https:\/\/www.organisator.ch\/#\/schema\/logo\/image\/","url":"https:\/\/www.organisator.ch\/wp-content\/uploads\/2022\/01\/Logo_Organisator_Website.png","contentUrl":"https:\/\/www.organisator.ch\/wp-content\/uploads\/2022\/01\/Logo_Organisator_Website.png","width":800,"height":77,"caption":"Organisator"},"image":{"@id":"https:\/\/www.organisator.ch\/#\/schema\/logo\/image\/"},"sameAs":["https:\/\/www.facebook.com\/OrganisatorFachmagazin","https:\/\/www.linkedin.com\/showcase\/organisator-das-magazin-fr-kmu","https:\/\/www.xing.com\/news\/pages\/organisator-ch-695","https:\/\/www.youtube.com\/channel\/UCGP2Sq0iWaZwT3BdIAQFYpw"]},{"@type":"Person","@id":"https:\/\/www.organisator.ch\/#\/schema\/person\/134708ca9321c57b0362cceb7948ffbd","name":"michael.merz","image":{"@type":"ImageObject","inLanguage":"en-US","@id":"https:\/\/secure.gravatar.com\/avatar\/?s=96&d=mm&r=g","url":"https:\/\/secure.gravatar.com\/avatar\/?s=96&d=mm&r=g","contentUrl":"https:\/\/secure.gravatar.com\/avatar\/?s=96&d=mm&r=g","caption":"michael.merz"},"url":"https:\/\/www.organisator.ch\/en\/author\/michael-merz\/"}]}},"_links":{"self":[{"href":"https:\/\/www.organisator.ch\/en\/wp-json\/wp\/v2\/posts\/2714","targetHints":{"allow":["GET"]}}],"collection":[{"href":"https:\/\/www.organisator.ch\/en\/wp-json\/wp\/v2\/posts"}],"about":[{"href":"https:\/\/www.organisator.ch\/en\/wp-json\/wp\/v2\/types\/post"}],"author":[{"embeddable":true,"href":"https:\/\/www.organisator.ch\/en\/wp-json\/wp\/v2\/users\/5"}],"replies":[{"embeddable":true,"href":"https:\/\/www.organisator.ch\/en\/wp-json\/wp\/v2\/comments?post=2714"}],"version-history":[{"count":1,"href":"https:\/\/www.organisator.ch\/en\/wp-json\/wp\/v2\/posts\/2714\/revisions"}],"predecessor-version":[{"id":10858,"href":"https:\/\/www.organisator.ch\/en\/wp-json\/wp\/v2\/posts\/2714\/revisions\/10858"}],"wp:featuredmedia":[{"embeddable":true,"href":"https:\/\/www.organisator.ch\/en\/wp-json\/wp\/v2\/media\/9667"}],"wp:attachment":[{"href":"https:\/\/www.organisator.ch\/en\/wp-json\/wp\/v2\/media?parent=2714"}],"wp:term":[{"taxonomy":"category","embeddable":true,"href":"https:\/\/www.organisator.ch\/en\/wp-json\/wp\/v2\/categories?post=2714"},{"taxonomy":"post_tag","embeddable":true,"href":"https:\/\/www.organisator.ch\/en\/wp-json\/wp\/v2\/tags?post=2714"}],"curies":[{"name":"wp","href":"https:\/\/api.w.org\/{rel}","templated":true}]}}