{"id":27157,"date":"2024-05-17T13:35:13","date_gmt":"2024-05-17T11:35:13","guid":{"rendered":"https:\/\/www.organisator.ch\/?p=27157"},"modified":"2024-05-17T13:35:13","modified_gmt":"2024-05-17T11:35:13","slug":"jeder-zehnte-neue-lastwagen-mit-alternativ-antrieb","status":"publish","type":"post","link":"https:\/\/www.organisator.ch\/en\/sustainability\/2024-05-17\/jeder-zehnte-neue-lastwagen-mit-alternativ-antrieb\/","title":{"rendered":"One in ten new trucks with alternative drive systems"},"content":{"rendered":"<figure id=\"attachment_27158\" aria-describedby=\"caption-attachment-27158\" style=\"width: 680px\" class=\"wp-caption alignnone\"><img loading=\"lazy\" decoding=\"async\" class=\"size-full wp-image-27158\" src=\"https:\/\/www.organisator.ch\/wp-content\/uploads\/2024\/05\/Auto-Schweiz_Bild1_ps.jpg\" alt=\"\" width=\"680\" height=\"452\" srcset=\"https:\/\/www.organisator.ch\/wp-content\/uploads\/2024\/05\/Auto-Schweiz_Bild1_ps.jpg 680w, https:\/\/www.organisator.ch\/wp-content\/uploads\/2024\/05\/Auto-Schweiz_Bild1_ps-18x12.jpg 18w, https:\/\/www.organisator.ch\/wp-content\/uploads\/2024\/05\/Auto-Schweiz_Bild1_ps-375x249.jpg 375w, https:\/\/www.organisator.ch\/wp-content\/uploads\/2024\/05\/Auto-Schweiz_Bild1_ps-527x350.jpg 527w\" sizes=\"auto, (max-width: 680px) 100vw, 680px\" \/><figcaption id=\"caption-attachment-27158\" class=\"wp-caption-text\">Despite the difficult economic situation, the demand for transportation services and additional vehicles appears to be unbroken. (Image: www.depositphotos.com)<\/figcaption><\/figure>\n<p>Heavy commercial vehicles reached 1,607 new registrations in the first four months of the year, 202 or 14.4% more than at the same time a year ago. As the analyses by auto-schweiz show, the proportion of alternative drive systems is growing noticeably. For example, 20 of these new trucks have a gas engine and as many as 133 are fully electric, accounting for a share of 8.3%. In comparison: in 2023 as a whole, e-trucks had a market share of 8.8% (383 out of 4,369), and this figure should be exceeded by the end of 2024.<\/p>\n<p>Christoph Wolnik, Deputy Director of auto-schweiz, assesses the development: \"Electrically powered trucks are a growing phenomenon on our roads. There is increasing demand from transport companies for commercial vehicle importers, and more and more customers are demanding emission-free logistics. In order for this encouraging growth to continue, the available fast-charging network for e-trucks urgently needs to be expanded. This was shown not least by the EBP study presented by auto-schweiz as part of a project group in November 2023. This revealed a medium-term need for 15 fast-charging hubs along the main transport routes.\" auto-schweiz is in talks with numerous partners in order to be able to set up a pilot project as quickly as possible, says Christoph Wolnik.<\/p>\n<p>There was also increased demand for light commercial vehicles (vans and light articulated lorries) in the first four months of 2024. After 9,248 registrations in the first quarter of 2023, the number rose by 15 percent to 10,634. At 658 units, electrically powered vans accounted for 6.2 percent of all new registrations, with their number falling slightly year-on-year (2023: 981).<\/p>\n<p>The number of new passenger transportation vehicles at the end of April was 2,533, an increase of 51% or 2.1% compared to the previous year. Motorhomes alone account for 2,227 of these new registrations, representing a year-on-year increase of 5.1% and thus remaining in high demand long after the Covid pandemic.<\/p>\n<p>Together with the 77,264 new passenger cars, a total of 92,038 new motor vehicles were registered in Switzerland and the Principality of Liechtenstein between January and April 2024. Compared to the previous year's figure of 90,104, this represents an increase of 1,934 new registrations or 2.1 percent.<\/p>\n<p><em>Source: <a href=\"https:\/\/www.auto.swiss\/\">www.auto.swiss<\/a><\/em><\/p>","protected":false},"excerpt":{"rendered":"<p>The Swiss market for new commercial vehicles is still in the fast lane. Between January and April, new registrations of goods and passenger transport vehicles in Switzerland and the Principality of Liechtenstein rose by 12.4 percent to 14,774. <\/p>","protected":false},"author":58,"featured_media":27158,"comment_status":"closed","ping_status":"closed","sticky":false,"template":"","format":"standard","meta":{"_acf_changed":false,"_yoast_wpseo_focuskw":"Alternativ-Antrieb","_yoast_wpseo_metadesc":"Zwischen Januar und April sind die Neuimmatrikulationen von Sachen- und Personen-Transportfahrzeugen in der Schweiz und im F\u00fcrstentum Liechtenstein um 12,4 Prozent auf 14'774 gestiegen.","articlekey":"","footnotes":""},"categories":[580],"tags":[697,1787,424],"class_list":["post-27157","post","type-post","status-publish","format-standard","has-post-thumbnail","hentry","category-sustainability","tag-alternative-antriebe","tag-nachhaltigkeit","tag-schweiz"],"acf":[],"yoast_head":"<!-- This site is optimized with the Yoast SEO plugin v27.5 - https:\/\/yoast.com\/product\/yoast-seo-wordpress\/ -->\n<title>Jeder zehnte neue Lastwagen mit Alternativ-Antrieb - Organisator<\/title>\n<meta name=\"description\" content=\"Zwischen Januar und April sind die Neuimmatrikulationen von Sachen- und Personen-Transportfahrzeugen in der Schweiz und im F\u00fcrstentum Liechtenstein um 12,4 Prozent auf 14&#039;774 gestiegen.\" \/>\n<meta name=\"robots\" content=\"index, follow, max-snippet:-1, max-image-preview:large, max-video-preview:-1\" \/>\n<link rel=\"canonical\" href=\"https:\/\/www.organisator.ch\/en\/sustainability\/2024-05-17\/jeder-zehnte-neue-lastwagen-mit-alternativ-antrieb\/\" \/>\n<meta property=\"og:locale\" content=\"en_US\" \/>\n<meta property=\"og:type\" content=\"article\" \/>\n<meta property=\"og:title\" content=\"Jeder zehnte neue Lastwagen mit Alternativ-Antrieb\" \/>\n<meta property=\"og:description\" content=\"Zwischen Januar und April sind die Neuimmatrikulationen von Sachen- und Personen-Transportfahrzeugen in der Schweiz und im F\u00fcrstentum Liechtenstein um 12,4 Prozent auf 14&#039;774 gestiegen.\" \/>\n<meta property=\"og:url\" content=\"https:\/\/www.organisator.ch\/en\/sustainability\/2024-05-17\/jeder-zehnte-neue-lastwagen-mit-alternativ-antrieb\/\" \/>\n<meta property=\"og:site_name\" content=\"Organisator\" \/>\n<meta property=\"article:publisher\" content=\"https:\/\/www.facebook.com\/OrganisatorFachmagazin\" \/>\n<meta property=\"article:published_time\" content=\"2024-05-17T11:35:13+00:00\" \/>\n<meta property=\"og:image\" content=\"https:\/\/www.organisator.ch\/wp-content\/uploads\/2024\/05\/Auto-Schweiz_Bild1_ps.jpg\" \/>\n\t<meta property=\"og:image:width\" content=\"680\" \/>\n\t<meta property=\"og:image:height\" content=\"452\" \/>\n\t<meta property=\"og:image:type\" content=\"image\/jpeg\" \/>\n<meta name=\"author\" content=\"Adelisa Kalajdzini\" \/>\n<meta name=\"twitter:card\" content=\"summary_large_image\" \/>\n<meta name=\"twitter:title\" content=\"Jeder zehnte neue Lastwagen mit Alternativ-Antrieb\" \/>\n<meta name=\"twitter:description\" content=\"Zwischen Januar und April sind die #Neuimmatrikulationen von Sachen- und Personen-#Transportfahrzeugen in der #Schweiz und im F\u00fcrstentum Liechtenstein um 12,4 Prozent auf 14&#039;774 #gestiegen.\" \/>\n<meta name=\"twitter:image\" content=\"https:\/\/www.organisator.ch\/wp-content\/uploads\/2024\/05\/Auto-Schweiz_Bild1_ps.jpg\" \/>\n<script type=\"application\/ld+json\" class=\"yoast-schema-graph\">{\"@context\":\"https:\\\/\\\/schema.org\",\"@graph\":[{\"@type\":\"Article\",\"@id\":\"https:\\\/\\\/www.organisator.ch\\\/sustainability\\\/2024-05-17\\\/jeder-zehnte-neue-lastwagen-mit-alternativ-antrieb\\\/#article\",\"isPartOf\":{\"@id\":\"https:\\\/\\\/www.organisator.ch\\\/sustainability\\\/2024-05-17\\\/jeder-zehnte-neue-lastwagen-mit-alternativ-antrieb\\\/\"},\"author\":{\"name\":\"Adelisa Kalajdzini\",\"@id\":\"https:\\\/\\\/www.organisator.ch\\\/#\\\/schema\\\/person\\\/2e1314a2172123f874db408d8911d3f3\"},\"headline\":\"Jeder zehnte neue Lastwagen mit Alternativ-Antrieb\",\"datePublished\":\"2024-05-17T11:35:13+00:00\",\"mainEntityOfPage\":{\"@id\":\"https:\\\/\\\/www.organisator.ch\\\/sustainability\\\/2024-05-17\\\/jeder-zehnte-neue-lastwagen-mit-alternativ-antrieb\\\/\"},\"wordCount\":369,\"publisher\":{\"@id\":\"https:\\\/\\\/www.organisator.ch\\\/#organization\"},\"image\":{\"@id\":\"https:\\\/\\\/www.organisator.ch\\\/sustainability\\\/2024-05-17\\\/jeder-zehnte-neue-lastwagen-mit-alternativ-antrieb\\\/#primaryimage\"},\"thumbnailUrl\":\"https:\\\/\\\/www.organisator.ch\\\/wp-content\\\/uploads\\\/2024\\\/05\\\/Auto-Schweiz_Bild1_ps.jpg\",\"keywords\":[\"Alternative Antriebe\",\"Nachhaltigkeit\",\"Schweiz\"],\"articleSection\":[\"SUSTAINABILITY\"],\"inLanguage\":\"en-US\"},{\"@type\":\"WebPage\",\"@id\":\"https:\\\/\\\/www.organisator.ch\\\/sustainability\\\/2024-05-17\\\/jeder-zehnte-neue-lastwagen-mit-alternativ-antrieb\\\/\",\"url\":\"https:\\\/\\\/www.organisator.ch\\\/sustainability\\\/2024-05-17\\\/jeder-zehnte-neue-lastwagen-mit-alternativ-antrieb\\\/\",\"name\":\"Jeder zehnte neue Lastwagen mit Alternativ-Antrieb - Organisator\",\"isPartOf\":{\"@id\":\"https:\\\/\\\/www.organisator.ch\\\/#website\"},\"primaryImageOfPage\":{\"@id\":\"https:\\\/\\\/www.organisator.ch\\\/sustainability\\\/2024-05-17\\\/jeder-zehnte-neue-lastwagen-mit-alternativ-antrieb\\\/#primaryimage\"},\"image\":{\"@id\":\"https:\\\/\\\/www.organisator.ch\\\/sustainability\\\/2024-05-17\\\/jeder-zehnte-neue-lastwagen-mit-alternativ-antrieb\\\/#primaryimage\"},\"thumbnailUrl\":\"https:\\\/\\\/www.organisator.ch\\\/wp-content\\\/uploads\\\/2024\\\/05\\\/Auto-Schweiz_Bild1_ps.jpg\",\"datePublished\":\"2024-05-17T11:35:13+00:00\",\"description\":\"Zwischen Januar und April sind die Neuimmatrikulationen von Sachen- und Personen-Transportfahrzeugen in der Schweiz und im F\u00fcrstentum Liechtenstein um 12,4 Prozent auf 14'774 gestiegen.\",\"breadcrumb\":{\"@id\":\"https:\\\/\\\/www.organisator.ch\\\/sustainability\\\/2024-05-17\\\/jeder-zehnte-neue-lastwagen-mit-alternativ-antrieb\\\/#breadcrumb\"},\"inLanguage\":\"en-US\",\"potentialAction\":[{\"@type\":\"ReadAction\",\"target\":[\"https:\\\/\\\/www.organisator.ch\\\/sustainability\\\/2024-05-17\\\/jeder-zehnte-neue-lastwagen-mit-alternativ-antrieb\\\/\"]}]},{\"@type\":\"ImageObject\",\"inLanguage\":\"en-US\",\"@id\":\"https:\\\/\\\/www.organisator.ch\\\/sustainability\\\/2024-05-17\\\/jeder-zehnte-neue-lastwagen-mit-alternativ-antrieb\\\/#primaryimage\",\"url\":\"https:\\\/\\\/www.organisator.ch\\\/wp-content\\\/uploads\\\/2024\\\/05\\\/Auto-Schweiz_Bild1_ps.jpg\",\"contentUrl\":\"https:\\\/\\\/www.organisator.ch\\\/wp-content\\\/uploads\\\/2024\\\/05\\\/Auto-Schweiz_Bild1_ps.jpg\",\"width\":680,\"height\":452,\"caption\":\"Trotz der konjunkturell schwierigen Lage scheint der Bedarf nach Transportleistung und zus\u00e4tzlichen Fahrzeugen derzeit ungebrochen. (Bild: www.depositphotos.com)\"},{\"@type\":\"BreadcrumbList\",\"@id\":\"https:\\\/\\\/www.organisator.ch\\\/sustainability\\\/2024-05-17\\\/jeder-zehnte-neue-lastwagen-mit-alternativ-antrieb\\\/#breadcrumb\",\"itemListElement\":[{\"@type\":\"ListItem\",\"position\":1,\"name\":\"Home\",\"item\":\"https:\\\/\\\/www.organisator.ch\\\/\"},{\"@type\":\"ListItem\",\"position\":2,\"name\":\"Jeder zehnte neue Lastwagen mit Alternativ-Antrieb\"}]},{\"@type\":\"WebSite\",\"@id\":\"https:\\\/\\\/www.organisator.ch\\\/#website\",\"url\":\"https:\\\/\\\/www.organisator.ch\\\/\",\"name\":\"Organisator\",\"description\":\"Kompetent. Praxisnah. Der ORGANISATOR bereitet in 10 Ausgaben pro Jahr die wesentlichen Themen f\u00fcr F\u00fchrungskr\u00e4fte von KMU auf.\",\"publisher\":{\"@id\":\"https:\\\/\\\/www.organisator.ch\\\/#organization\"},\"potentialAction\":[{\"@type\":\"SearchAction\",\"target\":{\"@type\":\"EntryPoint\",\"urlTemplate\":\"https:\\\/\\\/www.organisator.ch\\\/?s={search_term_string}\"},\"query-input\":{\"@type\":\"PropertyValueSpecification\",\"valueRequired\":true,\"valueName\":\"search_term_string\"}}],\"inLanguage\":\"en-US\"},{\"@type\":\"Organization\",\"@id\":\"https:\\\/\\\/www.organisator.ch\\\/#organization\",\"name\":\"Organisator\",\"url\":\"https:\\\/\\\/www.organisator.ch\\\/\",\"logo\":{\"@type\":\"ImageObject\",\"inLanguage\":\"en-US\",\"@id\":\"https:\\\/\\\/www.organisator.ch\\\/#\\\/schema\\\/logo\\\/image\\\/\",\"url\":\"https:\\\/\\\/www.organisator.ch\\\/wp-content\\\/uploads\\\/2022\\\/01\\\/Logo_Organisator_Website.png\",\"contentUrl\":\"https:\\\/\\\/www.organisator.ch\\\/wp-content\\\/uploads\\\/2022\\\/01\\\/Logo_Organisator_Website.png\",\"width\":800,\"height\":77,\"caption\":\"Organisator\"},\"image\":{\"@id\":\"https:\\\/\\\/www.organisator.ch\\\/#\\\/schema\\\/logo\\\/image\\\/\"},\"sameAs\":[\"https:\\\/\\\/www.facebook.com\\\/OrganisatorFachmagazin\",\"https:\\\/\\\/www.linkedin.com\\\/showcase\\\/organisator-das-magazin-fr-kmu\",\"https:\\\/\\\/www.xing.com\\\/news\\\/pages\\\/organisator-ch-695\",\"https:\\\/\\\/www.youtube.com\\\/channel\\\/UCGP2Sq0iWaZwT3BdIAQFYpw\"]},{\"@type\":\"Person\",\"@id\":\"https:\\\/\\\/www.organisator.ch\\\/#\\\/schema\\\/person\\\/2e1314a2172123f874db408d8911d3f3\",\"name\":\"Adelisa Kalajdzini\",\"image\":{\"@type\":\"ImageObject\",\"inLanguage\":\"en-US\",\"@id\":\"https:\\\/\\\/secure.gravatar.com\\\/avatar\\\/09a397c22ac58cad6f160ee8306348599df9df58a8ede73696226897b9fa4b24?s=96&d=mm&r=g\",\"url\":\"https:\\\/\\\/secure.gravatar.com\\\/avatar\\\/09a397c22ac58cad6f160ee8306348599df9df58a8ede73696226897b9fa4b24?s=96&d=mm&r=g\",\"contentUrl\":\"https:\\\/\\\/secure.gravatar.com\\\/avatar\\\/09a397c22ac58cad6f160ee8306348599df9df58a8ede73696226897b9fa4b24?s=96&d=mm&r=g\",\"caption\":\"Adelisa Kalajdzini\"},\"url\":\"https:\\\/\\\/www.organisator.ch\\\/en\\\/author\\\/adelisa-kalajdzini\\\/\"}]}<\/script>\n<!-- \/ Yoast SEO plugin. -->","yoast_head_json":{"title":"Every tenth new truck with alternative drive - organizer","description":"Between January and April, new registrations of goods and passenger transport vehicles in Switzerland and the Principality of Liechtenstein rose by 12.4 percent to 14,774.","robots":{"index":"index","follow":"follow","max-snippet":"max-snippet:-1","max-image-preview":"max-image-preview:large","max-video-preview":"max-video-preview:-1"},"canonical":"https:\/\/www.organisator.ch\/en\/sustainability\/2024-05-17\/jeder-zehnte-neue-lastwagen-mit-alternativ-antrieb\/","og_locale":"en_US","og_type":"article","og_title":"Jeder zehnte neue Lastwagen mit Alternativ-Antrieb","og_description":"Zwischen Januar und April sind die Neuimmatrikulationen von Sachen- und Personen-Transportfahrzeugen in der Schweiz und im F\u00fcrstentum Liechtenstein um 12,4 Prozent auf 14'774 gestiegen.","og_url":"https:\/\/www.organisator.ch\/en\/sustainability\/2024-05-17\/jeder-zehnte-neue-lastwagen-mit-alternativ-antrieb\/","og_site_name":"Organisator","article_publisher":"https:\/\/www.facebook.com\/OrganisatorFachmagazin","article_published_time":"2024-05-17T11:35:13+00:00","og_image":[{"width":680,"height":452,"url":"https:\/\/www.organisator.ch\/wp-content\/uploads\/2024\/05\/Auto-Schweiz_Bild1_ps.jpg","type":"image\/jpeg"}],"author":"Adelisa Kalajdzini","twitter_card":"summary_large_image","twitter_title":"Jeder zehnte neue Lastwagen mit Alternativ-Antrieb","twitter_description":"Zwischen Januar und April sind die #Neuimmatrikulationen von Sachen- und Personen-#Transportfahrzeugen in der #Schweiz und im F\u00fcrstentum Liechtenstein um 12,4 Prozent auf 14'774 #gestiegen.","twitter_image":"https:\/\/www.organisator.ch\/wp-content\/uploads\/2024\/05\/Auto-Schweiz_Bild1_ps.jpg","schema":{"@context":"https:\/\/schema.org","@graph":[{"@type":"Article","@id":"https:\/\/www.organisator.ch\/sustainability\/2024-05-17\/jeder-zehnte-neue-lastwagen-mit-alternativ-antrieb\/#article","isPartOf":{"@id":"https:\/\/www.organisator.ch\/sustainability\/2024-05-17\/jeder-zehnte-neue-lastwagen-mit-alternativ-antrieb\/"},"author":{"name":"Adelisa Kalajdzini","@id":"https:\/\/www.organisator.ch\/#\/schema\/person\/2e1314a2172123f874db408d8911d3f3"},"headline":"Jeder zehnte neue Lastwagen mit Alternativ-Antrieb","datePublished":"2024-05-17T11:35:13+00:00","mainEntityOfPage":{"@id":"https:\/\/www.organisator.ch\/sustainability\/2024-05-17\/jeder-zehnte-neue-lastwagen-mit-alternativ-antrieb\/"},"wordCount":369,"publisher":{"@id":"https:\/\/www.organisator.ch\/#organization"},"image":{"@id":"https:\/\/www.organisator.ch\/sustainability\/2024-05-17\/jeder-zehnte-neue-lastwagen-mit-alternativ-antrieb\/#primaryimage"},"thumbnailUrl":"https:\/\/www.organisator.ch\/wp-content\/uploads\/2024\/05\/Auto-Schweiz_Bild1_ps.jpg","keywords":["Alternative Antriebe","Nachhaltigkeit","Schweiz"],"articleSection":["SUSTAINABILITY"],"inLanguage":"en-US"},{"@type":"WebPage","@id":"https:\/\/www.organisator.ch\/sustainability\/2024-05-17\/jeder-zehnte-neue-lastwagen-mit-alternativ-antrieb\/","url":"https:\/\/www.organisator.ch\/sustainability\/2024-05-17\/jeder-zehnte-neue-lastwagen-mit-alternativ-antrieb\/","name":"Every tenth new truck with alternative drive - organizer","isPartOf":{"@id":"https:\/\/www.organisator.ch\/#website"},"primaryImageOfPage":{"@id":"https:\/\/www.organisator.ch\/sustainability\/2024-05-17\/jeder-zehnte-neue-lastwagen-mit-alternativ-antrieb\/#primaryimage"},"image":{"@id":"https:\/\/www.organisator.ch\/sustainability\/2024-05-17\/jeder-zehnte-neue-lastwagen-mit-alternativ-antrieb\/#primaryimage"},"thumbnailUrl":"https:\/\/www.organisator.ch\/wp-content\/uploads\/2024\/05\/Auto-Schweiz_Bild1_ps.jpg","datePublished":"2024-05-17T11:35:13+00:00","description":"Between January and April, new registrations of goods and passenger transport vehicles in Switzerland and the Principality of Liechtenstein rose by 12.4 percent to 14,774.","breadcrumb":{"@id":"https:\/\/www.organisator.ch\/sustainability\/2024-05-17\/jeder-zehnte-neue-lastwagen-mit-alternativ-antrieb\/#breadcrumb"},"inLanguage":"en-US","potentialAction":[{"@type":"ReadAction","target":["https:\/\/www.organisator.ch\/sustainability\/2024-05-17\/jeder-zehnte-neue-lastwagen-mit-alternativ-antrieb\/"]}]},{"@type":"ImageObject","inLanguage":"en-US","@id":"https:\/\/www.organisator.ch\/sustainability\/2024-05-17\/jeder-zehnte-neue-lastwagen-mit-alternativ-antrieb\/#primaryimage","url":"https:\/\/www.organisator.ch\/wp-content\/uploads\/2024\/05\/Auto-Schweiz_Bild1_ps.jpg","contentUrl":"https:\/\/www.organisator.ch\/wp-content\/uploads\/2024\/05\/Auto-Schweiz_Bild1_ps.jpg","width":680,"height":452,"caption":"Trotz der konjunkturell schwierigen Lage scheint der Bedarf nach Transportleistung und zus\u00e4tzlichen Fahrzeugen derzeit ungebrochen. (Bild: www.depositphotos.com)"},{"@type":"BreadcrumbList","@id":"https:\/\/www.organisator.ch\/sustainability\/2024-05-17\/jeder-zehnte-neue-lastwagen-mit-alternativ-antrieb\/#breadcrumb","itemListElement":[{"@type":"ListItem","position":1,"name":"Home","item":"https:\/\/www.organisator.ch\/"},{"@type":"ListItem","position":2,"name":"Jeder zehnte neue Lastwagen mit Alternativ-Antrieb"}]},{"@type":"WebSite","@id":"https:\/\/www.organisator.ch\/#website","url":"https:\/\/www.organisator.ch\/","name":"Organizer","description":"Competent. Practical. In 10 issues per year, ORGANISATOR presents the essential topics for managers of SMEs.","publisher":{"@id":"https:\/\/www.organisator.ch\/#organization"},"potentialAction":[{"@type":"SearchAction","target":{"@type":"EntryPoint","urlTemplate":"https:\/\/www.organisator.ch\/?s={search_term_string}"},"query-input":{"@type":"PropertyValueSpecification","valueRequired":true,"valueName":"search_term_string"}}],"inLanguage":"en-US"},{"@type":"Organization","@id":"https:\/\/www.organisator.ch\/#organization","name":"Organizer","url":"https:\/\/www.organisator.ch\/","logo":{"@type":"ImageObject","inLanguage":"en-US","@id":"https:\/\/www.organisator.ch\/#\/schema\/logo\/image\/","url":"https:\/\/www.organisator.ch\/wp-content\/uploads\/2022\/01\/Logo_Organisator_Website.png","contentUrl":"https:\/\/www.organisator.ch\/wp-content\/uploads\/2022\/01\/Logo_Organisator_Website.png","width":800,"height":77,"caption":"Organisator"},"image":{"@id":"https:\/\/www.organisator.ch\/#\/schema\/logo\/image\/"},"sameAs":["https:\/\/www.facebook.com\/OrganisatorFachmagazin","https:\/\/www.linkedin.com\/showcase\/organisator-das-magazin-fr-kmu","https:\/\/www.xing.com\/news\/pages\/organisator-ch-695","https:\/\/www.youtube.com\/channel\/UCGP2Sq0iWaZwT3BdIAQFYpw"]},{"@type":"Person","@id":"https:\/\/www.organisator.ch\/#\/schema\/person\/2e1314a2172123f874db408d8911d3f3","name":"Adelisa Kalajdzini","image":{"@type":"ImageObject","inLanguage":"en-US","@id":"https:\/\/secure.gravatar.com\/avatar\/09a397c22ac58cad6f160ee8306348599df9df58a8ede73696226897b9fa4b24?s=96&d=mm&r=g","url":"https:\/\/secure.gravatar.com\/avatar\/09a397c22ac58cad6f160ee8306348599df9df58a8ede73696226897b9fa4b24?s=96&d=mm&r=g","contentUrl":"https:\/\/secure.gravatar.com\/avatar\/09a397c22ac58cad6f160ee8306348599df9df58a8ede73696226897b9fa4b24?s=96&d=mm&r=g","caption":"Adelisa Kalajdzini"},"url":"https:\/\/www.organisator.ch\/en\/author\/adelisa-kalajdzini\/"}]}},"_links":{"self":[{"href":"https:\/\/www.organisator.ch\/en\/wp-json\/wp\/v2\/posts\/27157","targetHints":{"allow":["GET"]}}],"collection":[{"href":"https:\/\/www.organisator.ch\/en\/wp-json\/wp\/v2\/posts"}],"about":[{"href":"https:\/\/www.organisator.ch\/en\/wp-json\/wp\/v2\/types\/post"}],"author":[{"embeddable":true,"href":"https:\/\/www.organisator.ch\/en\/wp-json\/wp\/v2\/users\/58"}],"replies":[{"embeddable":true,"href":"https:\/\/www.organisator.ch\/en\/wp-json\/wp\/v2\/comments?post=27157"}],"version-history":[{"count":4,"href":"https:\/\/www.organisator.ch\/en\/wp-json\/wp\/v2\/posts\/27157\/revisions"}],"predecessor-version":[{"id":27174,"href":"https:\/\/www.organisator.ch\/en\/wp-json\/wp\/v2\/posts\/27157\/revisions\/27174"}],"wp:featuredmedia":[{"embeddable":true,"href":"https:\/\/www.organisator.ch\/en\/wp-json\/wp\/v2\/media\/27158"}],"wp:attachment":[{"href":"https:\/\/www.organisator.ch\/en\/wp-json\/wp\/v2\/media?parent=27157"}],"wp:term":[{"taxonomy":"category","embeddable":true,"href":"https:\/\/www.organisator.ch\/en\/wp-json\/wp\/v2\/categories?post=27157"},{"taxonomy":"post_tag","embeddable":true,"href":"https:\/\/www.organisator.ch\/en\/wp-json\/wp\/v2\/tags?post=27157"}],"curies":[{"name":"wp","href":"https:\/\/api.w.org\/{rel}","templated":true}]}}