{"id":2722,"date":"2017-11-17T08:18:35","date_gmt":"2017-11-17T07:18:35","guid":{"rendered":"https:\/\/www.organisator.ch\/?p=2722"},"modified":"2017-11-17T08:18:35","modified_gmt":"2017-11-17T07:18:35","slug":"die-it-trends-2018","status":"publish","type":"post","link":"https:\/\/www.organisator.ch\/en\/management\/it\/2017-11-17\/die-it-trends-2018\/","title":{"rendered":"The IT trends 2018"},"content":{"rendered":"<figure id=\"attachment_2725\" aria-describedby=\"caption-attachment-2725\" style=\"width: 640px\" class=\"wp-caption alignnone\"><img loading=\"lazy\" decoding=\"async\" class=\"size-full wp-image-2725\" src=\"https:\/\/www.organisator.ch\/wp-content\/uploads\/2017\/11\/Die-IT-Trends-2018_Organisator.jpg\" alt=\"\" width=\"640\" height=\"451\" srcset=\"https:\/\/www.organisator.ch\/wp-content\/uploads\/2017\/11\/Die-IT-Trends-2018_Organisator.jpg 640w, https:\/\/www.organisator.ch\/wp-content\/uploads\/2017\/11\/Die-IT-Trends-2018_Organisator-16x12.jpg 16w, https:\/\/www.organisator.ch\/wp-content\/uploads\/2017\/11\/Die-IT-Trends-2018_Organisator-248x175.jpg 248w, https:\/\/www.organisator.ch\/wp-content\/uploads\/2017\/11\/Die-IT-Trends-2018_Organisator-497x350.jpg 497w, https:\/\/www.organisator.ch\/wp-content\/uploads\/2017\/11\/Die-IT-Trends-2018_Organisator-300x211.jpg 300w\" sizes=\"auto, (max-width: 640px) 100vw, 640px\" \/><figcaption id=\"caption-attachment-2725\" class=\"wp-caption-text\">What are the IT trends for 2018? Various IT system providers are already looking into the crystal ball for the near future. (Image: Warakorn - Fotolia.com)<\/figcaption><\/figure>\n<p>The year 2017 is coming to an end - once again an eventful one from the perspective of IT security. Various IT system providers are thinking about digital trends in the IT industry: A study by Adobe, for example, shows that customer requirements are more important to today's IT managers than the functionality of their systems. And IT service providers such as F5 Networks are also venturing an initial outlook for the coming year.<\/p>\n<h2>IT trends 2018<\/h2>\n<ul>\n<li><strong>applications as a safety hazard: <\/strong>Organizations continue to spend most of their security budgets on protecting the network - and forget about securing user identities and critical applications. But this is precisely where cybercriminals are now targeting. The security concept should therefore focus on the areas that really matter and effectively combat dangerous behavior and incidents. Then companies can focus on the threats that pose the greatest risk to their operations.<\/li>\n<li><strong>Protect data comprehensively: <\/strong>It is no longer enough to protect the network perimeter. Data confidentiality must be ensured during capture, transmission and at the storage location - whether in the cloud or in the data center. If data is modified by unauthorized persons or automated bots, there must be backups or redundant data storage. Cybersecurity tools should provide complete visibility to all threats in the process. Protecting any infrastructure means secure data access at any time, from any device, in any environment.<\/li>\n<li><strong>Securing critical infrastructure: <\/strong>Water, electricity and fuel supply infrastructures are becoming increasingly digital - and thus attractive targets for cyberattacks. Hackers' motives range from stealing data, damaging reputations and disrupting business operations to threatening citizens. In addition to complying with IT security law, critical infrastructure operators should work with vendors and penetration testers to look for open vulnerabilities and define risk mitigation measures.<\/li>\n<li><strong>EU-DSGVO is just around the corner: <\/strong>As of May 25, 2018, the EU General Data Protection Regulation (EU GDPR) will apply. Then, affected organizations will have to describe the exact nature of each security incident, specify the number of compromised data sets, provide contact details of the responsible executives and list the countermeasures taken. Potential fines can be as high as 4 percent of global revenue or 20 million euros. But companies that handle it correctly can gain major competitive advantages.<\/li>\n<li><strong>Artificial intelligence: more benefits and risks: <\/strong>Optimized AI solutions will form the basis for a new generation of cognitive applications. These will not only provide users with highly personalized services in real time, but also become predictive and preventive. With the rise of the Internet of Things (IoT), these applications will increasingly form the core of large-scale systems, combining numerous sensors with real-time analytics to optimize decision-making. Advances in wearable and embeddable devices (wearables and embeddables, respectively) will thereby lead to high user-friendliness, but also to novel risks for security and privacy.<\/li>\n<li><strong>Skills shortage worsens: <\/strong>The shortage of cybersecurity professionals will continue to worsen. This requires combined measures including investment, political will and a change in culture. Cybersecurity is not an obscure science, but part of our daily lives. Career opportunities are endless in a fast-paced, dynamic marketplace driven by the latest technology. So organizations need to be more aggressive in seeking suitable talent for tomorrow's teams.<\/li>\n<li><strong>5G is on the way: <\/strong>Companies should start planning for a 5G implementation now. They need to consider how they plan to support the technology, how it will affect customer usage, and how it will change the way they work with partners. Fundamentally, companies need scalable networks that can handle the massive traffic increases. In addition, security threats need to be addressed from the outset without compromising accessibility.<\/li>\n<\/ul>\n<h2>Further Digital Trends<\/h2>\n<p>According to a study by Adobe, IT managers are increasingly required to react flexibly to customer trends and to provide the corresponding infrastructure for personalized real-time services. Keeping up to date with changes in customer expectations and behavior is therefore currently the biggest challenge in their job for 40 percent of IT decision-makers. This aspect is now even more important to them than concerns about the functionality of their IT systems (31 percent). Only the threat of security breaches and cyber attacks (41 percent) has a similarly high priority. These are the findings of the aforementioned study entitled \"Digital Trends 2017 in the IT Industry\". This was conducted by the market research institute Econsultancy on behalf of Adobe. More than 14,000 marketing managers and over 500 IT executives were surveyed as part of this global study. According to the study, the consolidation of data for a uniform view of the customer enjoys the highest priority in larger companies (57 percent). In smaller companies, the problem of isolated data stocks in different departments and systems is not quite as pressing (35 percent). In addition to data protection (55 percent, large companies: 54 percent), support for all end devices for mobile working is increasingly in focus in medium-sized companies (41 percent, large companies: 32 percent).<\/p>\n<h2>At the top of the agenda: the further development of digital workflows<\/h2>\n<p>Aside from all the IT trends in 2018, the impact of digital technologies on internal company processes is clearly noticeable for IT decision-makers of all company sizes, according to the Adobe study. For almost half of them (49 percent), optimizing digital processes is one of the top priorities. Among the most common projects is the switch to paperless, end-to-end digital workflows. One in two companies has already actively tackled this challenge (large companies: 47 percent, small companies: 53 percent). Other important measures currently cited include shifting more technology to integrated cloud solutions (42 and 31 percent respectively), integrating electronic signatures (41 and 26 percent respectively) and linking automated workflows with backend systems with the aim of reducing processing times (40 and 44 percent respectively). Overall, IT executives feel more challenged than ever to keep pace with key innovation technologies. In this context, IT executives in large companies are under significantly more pressure to keep up with new technologies and innovation trends than their colleagues in smaller companies (46 percent vs. 36 percent).<\/p>\n<p><em>Sources: <a href=\"https:\/\/f5.com\/\">F5 Networks<\/a>, <a href=\"http:\/\/www.adobe.com\/ch_de\">Adobe<\/a><\/em><\/p>\n<p>&nbsp;<\/p>","protected":false},"excerpt":{"rendered":"<p>Das Jahr 2017 geht zu Ende &#8211; ein aus Perspektive der IT-Sicherheit einmal mehr ein ereignisreiches.\u00a0Diverse IT-Systemanbieter\u00a0machen sich Gedanken \u00fcber digitale Trends in der IT-Branche: Eine Studie von Adobe zeigt etwa, dass heutigen IT-Managern Kundenanforderungen wichtiger sind als die Funktionsf\u00e4higkeit ihrer Systeme.\u00a0Und auch IT-Dienstleister wie F5 Networks wagen einen ersten Ausblick auf das kommende Jahr. [&hellip;]<\/p>\n","protected":false},"author":4,"featured_media":2725,"comment_status":"open","ping_status":"open","sticky":false,"template":"","format":"standard","meta":{"_acf_changed":false,"_yoast_wpseo_focuskw":"IT-Trends 2018","_yoast_wpseo_metadesc":"Was erwartet uns im kommenden Jahr aus IT-Sicht? F5 Networks und Adobe wagen je einen eigenen Blick in die Glaskugel und nennen wichtige IT-Trends 2018.","articlekey":"","footnotes":""},"categories":[27],"tags":[156,260,286,459],"class_list":["post-2722","post","type-post","status-publish","format-standard","has-post-thumbnail","hentry","category-it","tag-digitalisierung","tag-ict-sicherheit","tag-it","tag-studie"],"acf":[],"yoast_head":"<!-- This site is optimized with the Yoast SEO plugin v27.5 - https:\/\/yoast.com\/product\/yoast-seo-wordpress\/ -->\n<title>Die IT-Trends 2018 - Organisator<\/title>\n<meta name=\"description\" content=\"Was erwartet uns im kommenden Jahr aus IT-Sicht? F5 Networks und Adobe wagen je einen eigenen Blick in die Glaskugel und nennen wichtige IT-Trends 2018.\" \/>\n<meta name=\"robots\" content=\"index, follow, max-snippet:-1, max-image-preview:large, max-video-preview:-1\" \/>\n<link rel=\"canonical\" href=\"https:\/\/www.organisator.ch\/en\/management\/it\/2017-11-17\/die-it-trends-2018\/\" \/>\n<meta property=\"og:locale\" content=\"en_US\" \/>\n<meta property=\"og:type\" content=\"article\" \/>\n<meta property=\"og:title\" content=\"Die IT-Trends 2018\" \/>\n<meta property=\"og:description\" content=\"Was erwartet uns im kommenden Jahr aus IT-Sicht? F5 Networks und Adobe wagen je einen eigenen Blick in die Glaskugel und nennen wichtige #IT-Trends 2018.\" \/>\n<meta property=\"og:url\" content=\"https:\/\/www.organisator.ch\/en\/management\/it\/2017-11-17\/die-it-trends-2018\/\" \/>\n<meta property=\"og:site_name\" content=\"Organisator\" \/>\n<meta property=\"article:publisher\" content=\"https:\/\/www.facebook.com\/OrganisatorFachmagazin\" \/>\n<meta property=\"article:published_time\" content=\"2017-11-17T07:18:35+00:00\" \/>\n<meta property=\"og:image\" content=\"https:\/\/www.organisator.ch\/wp-content\/uploads\/2017\/11\/Die-IT-Trends-2018_Organisator.jpg\" \/>\n\t<meta property=\"og:image:width\" content=\"640\" \/>\n\t<meta property=\"og:image:height\" content=\"451\" \/>\n\t<meta property=\"og:image:type\" content=\"image\/jpeg\" \/>\n<meta name=\"author\" content=\"thomas.berner\" \/>\n<meta name=\"twitter:card\" content=\"summary_large_image\" \/>\n<meta name=\"twitter:title\" content=\"Die IT-Trends 2018 #IT-Trends2018\" \/>\n<meta name=\"twitter:description\" content=\"Was erwartet uns im kommenden Jahr aus IT-Sicht? #F5Networks und #Adobe wagen je einen eigenen Blick in die Glaskugel und nennen wichtige #IT-Trends 2018.\" \/>\n<meta name=\"twitter:image\" content=\"https:\/\/www.organisator.ch\/wp-content\/uploads\/2017\/11\/Die-IT-Trends-2018_Organisator.jpg\" \/>\n<script type=\"application\/ld+json\" class=\"yoast-schema-graph\">{\"@context\":\"https:\\\/\\\/schema.org\",\"@graph\":[{\"@type\":\"Article\",\"@id\":\"https:\\\/\\\/www.organisator.ch\\\/management\\\/it\\\/2017-11-17\\\/die-it-trends-2018\\\/#article\",\"isPartOf\":{\"@id\":\"https:\\\/\\\/www.organisator.ch\\\/management\\\/it\\\/2017-11-17\\\/die-it-trends-2018\\\/\"},\"author\":{\"name\":\"thomas.berner\",\"@id\":\"https:\\\/\\\/www.organisator.ch\\\/#\\\/schema\\\/person\\\/6f650f90b2842cd4c0cc334b4e36f67e\"},\"headline\":\"Die IT-Trends 2018\",\"datePublished\":\"2017-11-17T07:18:35+00:00\",\"mainEntityOfPage\":{\"@id\":\"https:\\\/\\\/www.organisator.ch\\\/management\\\/it\\\/2017-11-17\\\/die-it-trends-2018\\\/\"},\"wordCount\":1018,\"commentCount\":1,\"publisher\":{\"@id\":\"https:\\\/\\\/www.organisator.ch\\\/#organization\"},\"image\":{\"@id\":\"https:\\\/\\\/www.organisator.ch\\\/management\\\/it\\\/2017-11-17\\\/die-it-trends-2018\\\/#primaryimage\"},\"thumbnailUrl\":\"https:\\\/\\\/www.organisator.ch\\\/wp-content\\\/uploads\\\/2017\\\/11\\\/Die-IT-Trends-2018_Organisator.jpg\",\"keywords\":[\"Digitalisierung\",\"ICT-Sicherheit\",\"IT\",\"Studie\"],\"articleSection\":[\"IT\"],\"inLanguage\":\"en-US\"},{\"@type\":\"WebPage\",\"@id\":\"https:\\\/\\\/www.organisator.ch\\\/management\\\/it\\\/2017-11-17\\\/die-it-trends-2018\\\/\",\"url\":\"https:\\\/\\\/www.organisator.ch\\\/management\\\/it\\\/2017-11-17\\\/die-it-trends-2018\\\/\",\"name\":\"Die IT-Trends 2018 - Organisator\",\"isPartOf\":{\"@id\":\"https:\\\/\\\/www.organisator.ch\\\/#website\"},\"primaryImageOfPage\":{\"@id\":\"https:\\\/\\\/www.organisator.ch\\\/management\\\/it\\\/2017-11-17\\\/die-it-trends-2018\\\/#primaryimage\"},\"image\":{\"@id\":\"https:\\\/\\\/www.organisator.ch\\\/management\\\/it\\\/2017-11-17\\\/die-it-trends-2018\\\/#primaryimage\"},\"thumbnailUrl\":\"https:\\\/\\\/www.organisator.ch\\\/wp-content\\\/uploads\\\/2017\\\/11\\\/Die-IT-Trends-2018_Organisator.jpg\",\"datePublished\":\"2017-11-17T07:18:35+00:00\",\"description\":\"Was erwartet uns im kommenden Jahr aus IT-Sicht? F5 Networks und Adobe wagen je einen eigenen Blick in die Glaskugel und nennen wichtige IT-Trends 2018.\",\"breadcrumb\":{\"@id\":\"https:\\\/\\\/www.organisator.ch\\\/management\\\/it\\\/2017-11-17\\\/die-it-trends-2018\\\/#breadcrumb\"},\"inLanguage\":\"en-US\",\"potentialAction\":[{\"@type\":\"ReadAction\",\"target\":[\"https:\\\/\\\/www.organisator.ch\\\/management\\\/it\\\/2017-11-17\\\/die-it-trends-2018\\\/\"]}]},{\"@type\":\"ImageObject\",\"inLanguage\":\"en-US\",\"@id\":\"https:\\\/\\\/www.organisator.ch\\\/management\\\/it\\\/2017-11-17\\\/die-it-trends-2018\\\/#primaryimage\",\"url\":\"https:\\\/\\\/www.organisator.ch\\\/wp-content\\\/uploads\\\/2017\\\/11\\\/Die-IT-Trends-2018_Organisator.jpg\",\"contentUrl\":\"https:\\\/\\\/www.organisator.ch\\\/wp-content\\\/uploads\\\/2017\\\/11\\\/Die-IT-Trends-2018_Organisator.jpg\",\"width\":640,\"height\":451,\"caption\":\"Was sind die IT-Trends 2018? Diverse IT-Systemanbieter schauen schon jetzt in die Glaskugel f\u00fcr die nahe Zukunft. (Bild: Warakorn - Fotolia.com)\"},{\"@type\":\"BreadcrumbList\",\"@id\":\"https:\\\/\\\/www.organisator.ch\\\/management\\\/it\\\/2017-11-17\\\/die-it-trends-2018\\\/#breadcrumb\",\"itemListElement\":[{\"@type\":\"ListItem\",\"position\":1,\"name\":\"Home\",\"item\":\"https:\\\/\\\/www.organisator.ch\\\/\"},{\"@type\":\"ListItem\",\"position\":2,\"name\":\"Die IT-Trends 2018\"}]},{\"@type\":\"WebSite\",\"@id\":\"https:\\\/\\\/www.organisator.ch\\\/#website\",\"url\":\"https:\\\/\\\/www.organisator.ch\\\/\",\"name\":\"Organisator\",\"description\":\"Kompetent. Praxisnah. Der ORGANISATOR bereitet in 10 Ausgaben pro Jahr die wesentlichen Themen f\u00fcr F\u00fchrungskr\u00e4fte von KMU auf.\",\"publisher\":{\"@id\":\"https:\\\/\\\/www.organisator.ch\\\/#organization\"},\"potentialAction\":[{\"@type\":\"SearchAction\",\"target\":{\"@type\":\"EntryPoint\",\"urlTemplate\":\"https:\\\/\\\/www.organisator.ch\\\/?s={search_term_string}\"},\"query-input\":{\"@type\":\"PropertyValueSpecification\",\"valueRequired\":true,\"valueName\":\"search_term_string\"}}],\"inLanguage\":\"en-US\"},{\"@type\":\"Organization\",\"@id\":\"https:\\\/\\\/www.organisator.ch\\\/#organization\",\"name\":\"Organisator\",\"url\":\"https:\\\/\\\/www.organisator.ch\\\/\",\"logo\":{\"@type\":\"ImageObject\",\"inLanguage\":\"en-US\",\"@id\":\"https:\\\/\\\/www.organisator.ch\\\/#\\\/schema\\\/logo\\\/image\\\/\",\"url\":\"https:\\\/\\\/www.organisator.ch\\\/wp-content\\\/uploads\\\/2022\\\/01\\\/Logo_Organisator_Website.png\",\"contentUrl\":\"https:\\\/\\\/www.organisator.ch\\\/wp-content\\\/uploads\\\/2022\\\/01\\\/Logo_Organisator_Website.png\",\"width\":800,\"height\":77,\"caption\":\"Organisator\"},\"image\":{\"@id\":\"https:\\\/\\\/www.organisator.ch\\\/#\\\/schema\\\/logo\\\/image\\\/\"},\"sameAs\":[\"https:\\\/\\\/www.facebook.com\\\/OrganisatorFachmagazin\",\"https:\\\/\\\/www.linkedin.com\\\/showcase\\\/organisator-das-magazin-fr-kmu\",\"https:\\\/\\\/www.xing.com\\\/news\\\/pages\\\/organisator-ch-695\",\"https:\\\/\\\/www.youtube.com\\\/channel\\\/UCGP2Sq0iWaZwT3BdIAQFYpw\"]},{\"@type\":\"Person\",\"@id\":\"https:\\\/\\\/www.organisator.ch\\\/#\\\/schema\\\/person\\\/6f650f90b2842cd4c0cc334b4e36f67e\",\"name\":\"thomas.berner\",\"image\":{\"@type\":\"ImageObject\",\"inLanguage\":\"en-US\",\"@id\":\"https:\\\/\\\/secure.gravatar.com\\\/avatar\\\/ac5001d2a36cb6c6cd3e50789007ffca834b477b74a2144564522e944eabff61?s=96&d=mm&r=g\",\"url\":\"https:\\\/\\\/secure.gravatar.com\\\/avatar\\\/ac5001d2a36cb6c6cd3e50789007ffca834b477b74a2144564522e944eabff61?s=96&d=mm&r=g\",\"contentUrl\":\"https:\\\/\\\/secure.gravatar.com\\\/avatar\\\/ac5001d2a36cb6c6cd3e50789007ffca834b477b74a2144564522e944eabff61?s=96&d=mm&r=g\",\"caption\":\"thomas.berner\"},\"url\":\"https:\\\/\\\/www.organisator.ch\\\/en\\\/author\\\/thomas-berner\\\/\"}]}<\/script>\n<!-- \/ Yoast SEO plugin. -->","yoast_head_json":{"title":"The IT trends 2018 - organizer","description":"What can we expect in the coming year from an IT perspective? F5 Networks and Adobe each venture their own glimpse into the crystal ball and name key IT trends in 2018.","robots":{"index":"index","follow":"follow","max-snippet":"max-snippet:-1","max-image-preview":"max-image-preview:large","max-video-preview":"max-video-preview:-1"},"canonical":"https:\/\/www.organisator.ch\/en\/management\/it\/2017-11-17\/die-it-trends-2018\/","og_locale":"en_US","og_type":"article","og_title":"Die IT-Trends 2018","og_description":"Was erwartet uns im kommenden Jahr aus IT-Sicht? F5 Networks und Adobe wagen je einen eigenen Blick in die Glaskugel und nennen wichtige #IT-Trends 2018.","og_url":"https:\/\/www.organisator.ch\/en\/management\/it\/2017-11-17\/die-it-trends-2018\/","og_site_name":"Organisator","article_publisher":"https:\/\/www.facebook.com\/OrganisatorFachmagazin","article_published_time":"2017-11-17T07:18:35+00:00","og_image":[{"width":640,"height":451,"url":"https:\/\/www.organisator.ch\/wp-content\/uploads\/2017\/11\/Die-IT-Trends-2018_Organisator.jpg","type":"image\/jpeg"}],"author":"thomas.berner","twitter_card":"summary_large_image","twitter_title":"Die IT-Trends 2018 #IT-Trends2018","twitter_description":"Was erwartet uns im kommenden Jahr aus IT-Sicht? #F5Networks und #Adobe wagen je einen eigenen Blick in die Glaskugel und nennen wichtige #IT-Trends 2018.","twitter_image":"https:\/\/www.organisator.ch\/wp-content\/uploads\/2017\/11\/Die-IT-Trends-2018_Organisator.jpg","schema":{"@context":"https:\/\/schema.org","@graph":[{"@type":"Article","@id":"https:\/\/www.organisator.ch\/management\/it\/2017-11-17\/die-it-trends-2018\/#article","isPartOf":{"@id":"https:\/\/www.organisator.ch\/management\/it\/2017-11-17\/die-it-trends-2018\/"},"author":{"name":"thomas.berner","@id":"https:\/\/www.organisator.ch\/#\/schema\/person\/6f650f90b2842cd4c0cc334b4e36f67e"},"headline":"Die IT-Trends 2018","datePublished":"2017-11-17T07:18:35+00:00","mainEntityOfPage":{"@id":"https:\/\/www.organisator.ch\/management\/it\/2017-11-17\/die-it-trends-2018\/"},"wordCount":1018,"commentCount":1,"publisher":{"@id":"https:\/\/www.organisator.ch\/#organization"},"image":{"@id":"https:\/\/www.organisator.ch\/management\/it\/2017-11-17\/die-it-trends-2018\/#primaryimage"},"thumbnailUrl":"https:\/\/www.organisator.ch\/wp-content\/uploads\/2017\/11\/Die-IT-Trends-2018_Organisator.jpg","keywords":["Digitalisierung","ICT-Sicherheit","IT","Studie"],"articleSection":["IT"],"inLanguage":"en-US"},{"@type":"WebPage","@id":"https:\/\/www.organisator.ch\/management\/it\/2017-11-17\/die-it-trends-2018\/","url":"https:\/\/www.organisator.ch\/management\/it\/2017-11-17\/die-it-trends-2018\/","name":"The IT trends 2018 - organizer","isPartOf":{"@id":"https:\/\/www.organisator.ch\/#website"},"primaryImageOfPage":{"@id":"https:\/\/www.organisator.ch\/management\/it\/2017-11-17\/die-it-trends-2018\/#primaryimage"},"image":{"@id":"https:\/\/www.organisator.ch\/management\/it\/2017-11-17\/die-it-trends-2018\/#primaryimage"},"thumbnailUrl":"https:\/\/www.organisator.ch\/wp-content\/uploads\/2017\/11\/Die-IT-Trends-2018_Organisator.jpg","datePublished":"2017-11-17T07:18:35+00:00","description":"What can we expect in the coming year from an IT perspective? F5 Networks and Adobe each venture their own glimpse into the crystal ball and name key IT trends in 2018.","breadcrumb":{"@id":"https:\/\/www.organisator.ch\/management\/it\/2017-11-17\/die-it-trends-2018\/#breadcrumb"},"inLanguage":"en-US","potentialAction":[{"@type":"ReadAction","target":["https:\/\/www.organisator.ch\/management\/it\/2017-11-17\/die-it-trends-2018\/"]}]},{"@type":"ImageObject","inLanguage":"en-US","@id":"https:\/\/www.organisator.ch\/management\/it\/2017-11-17\/die-it-trends-2018\/#primaryimage","url":"https:\/\/www.organisator.ch\/wp-content\/uploads\/2017\/11\/Die-IT-Trends-2018_Organisator.jpg","contentUrl":"https:\/\/www.organisator.ch\/wp-content\/uploads\/2017\/11\/Die-IT-Trends-2018_Organisator.jpg","width":640,"height":451,"caption":"Was sind die IT-Trends 2018? Diverse IT-Systemanbieter schauen schon jetzt in die Glaskugel f\u00fcr die nahe Zukunft. (Bild: Warakorn - Fotolia.com)"},{"@type":"BreadcrumbList","@id":"https:\/\/www.organisator.ch\/management\/it\/2017-11-17\/die-it-trends-2018\/#breadcrumb","itemListElement":[{"@type":"ListItem","position":1,"name":"Home","item":"https:\/\/www.organisator.ch\/"},{"@type":"ListItem","position":2,"name":"Die IT-Trends 2018"}]},{"@type":"WebSite","@id":"https:\/\/www.organisator.ch\/#website","url":"https:\/\/www.organisator.ch\/","name":"Organizer","description":"Competent. Practical. In 10 issues per year, ORGANISATOR presents the essential topics for managers of SMEs.","publisher":{"@id":"https:\/\/www.organisator.ch\/#organization"},"potentialAction":[{"@type":"SearchAction","target":{"@type":"EntryPoint","urlTemplate":"https:\/\/www.organisator.ch\/?s={search_term_string}"},"query-input":{"@type":"PropertyValueSpecification","valueRequired":true,"valueName":"search_term_string"}}],"inLanguage":"en-US"},{"@type":"Organization","@id":"https:\/\/www.organisator.ch\/#organization","name":"Organizer","url":"https:\/\/www.organisator.ch\/","logo":{"@type":"ImageObject","inLanguage":"en-US","@id":"https:\/\/www.organisator.ch\/#\/schema\/logo\/image\/","url":"https:\/\/www.organisator.ch\/wp-content\/uploads\/2022\/01\/Logo_Organisator_Website.png","contentUrl":"https:\/\/www.organisator.ch\/wp-content\/uploads\/2022\/01\/Logo_Organisator_Website.png","width":800,"height":77,"caption":"Organisator"},"image":{"@id":"https:\/\/www.organisator.ch\/#\/schema\/logo\/image\/"},"sameAs":["https:\/\/www.facebook.com\/OrganisatorFachmagazin","https:\/\/www.linkedin.com\/showcase\/organisator-das-magazin-fr-kmu","https:\/\/www.xing.com\/news\/pages\/organisator-ch-695","https:\/\/www.youtube.com\/channel\/UCGP2Sq0iWaZwT3BdIAQFYpw"]},{"@type":"Person","@id":"https:\/\/www.organisator.ch\/#\/schema\/person\/6f650f90b2842cd4c0cc334b4e36f67e","name":"thomas.berner","image":{"@type":"ImageObject","inLanguage":"en-US","@id":"https:\/\/secure.gravatar.com\/avatar\/ac5001d2a36cb6c6cd3e50789007ffca834b477b74a2144564522e944eabff61?s=96&d=mm&r=g","url":"https:\/\/secure.gravatar.com\/avatar\/ac5001d2a36cb6c6cd3e50789007ffca834b477b74a2144564522e944eabff61?s=96&d=mm&r=g","contentUrl":"https:\/\/secure.gravatar.com\/avatar\/ac5001d2a36cb6c6cd3e50789007ffca834b477b74a2144564522e944eabff61?s=96&d=mm&r=g","caption":"thomas.berner"},"url":"https:\/\/www.organisator.ch\/en\/author\/thomas-berner\/"}]}},"_links":{"self":[{"href":"https:\/\/www.organisator.ch\/en\/wp-json\/wp\/v2\/posts\/2722","targetHints":{"allow":["GET"]}}],"collection":[{"href":"https:\/\/www.organisator.ch\/en\/wp-json\/wp\/v2\/posts"}],"about":[{"href":"https:\/\/www.organisator.ch\/en\/wp-json\/wp\/v2\/types\/post"}],"author":[{"embeddable":true,"href":"https:\/\/www.organisator.ch\/en\/wp-json\/wp\/v2\/users\/4"}],"replies":[{"embeddable":true,"href":"https:\/\/www.organisator.ch\/en\/wp-json\/wp\/v2\/comments?post=2722"}],"version-history":[{"count":0,"href":"https:\/\/www.organisator.ch\/en\/wp-json\/wp\/v2\/posts\/2722\/revisions"}],"wp:featuredmedia":[{"embeddable":true,"href":"https:\/\/www.organisator.ch\/en\/wp-json\/wp\/v2\/media\/2725"}],"wp:attachment":[{"href":"https:\/\/www.organisator.ch\/en\/wp-json\/wp\/v2\/media?parent=2722"}],"wp:term":[{"taxonomy":"category","embeddable":true,"href":"https:\/\/www.organisator.ch\/en\/wp-json\/wp\/v2\/categories?post=2722"},{"taxonomy":"post_tag","embeddable":true,"href":"https:\/\/www.organisator.ch\/en\/wp-json\/wp\/v2\/tags?post=2722"}],"curies":[{"name":"wp","href":"https:\/\/api.w.org\/{rel}","templated":true}]}}