{"id":27239,"date":"2024-05-24T10:22:44","date_gmt":"2024-05-24T08:22:44","guid":{"rendered":"https:\/\/www.werbewoche.ch\/?p=215491"},"modified":"2024-11-11T05:16:40","modified_gmt":"2024-11-11T04:16:40","slug":"evoq-begleitet-das-rebranding-der-dertour-group","status":"publish","type":"post","link":"https:\/\/www.organisator.ch\/en\/marketing\/2024-05-24\/evoq-begleitet-das-rebranding-der-dertour-group\/","title":{"rendered":"Evoq accompanies the rebranding of the Dertour Group"},"content":{"rendered":"<p><img class=\"aligncenter wp-image-215492 size-full\" src=\"https:\/\/www.werbewoche.ch\/wp-content\/uploads\/2024\/05\/DERTOUR-Group-Website.jpg\" alt=\"Dertour Group\" width=\"1200\" height=\"675\" \/><\/p>\r\n<p>The liquid design concept developed by Evoq with flexible, interlocking elements forms the basis for the Dertour Group's striking new image. This is intended to reflect the strength of the travel group with its more than 130 companies and almost 10,000 employees.<\/p>\r\n<p>The new design concept stands for a simplified, emotional and international brand experience, enables the seamless integration of all business areas and brands and strengthens the brand perception of the Dertour Group as a unifying corporate brand, the agency explains in a press release. With the new brand, the Group also wants to become more present at travel destinations and thus create a higher brand recognition value in an international context.<\/p>\r\n<p>Der Touristik Suisse will also change to the new company name Dertour Suisse. However, all tour operator brands and Kuoni travel agencies will retain their names, independent presences, websites and catalogs in their current form.<\/p>\r\n<p><img class=\"aligncenter size-full wp-image-215493\" src=\"https:\/\/www.werbewoche.ch\/wp-content\/uploads\/2024\/05\/DERTOUR-TTT-Kataloge.jpg\" alt=\"\" width=\"1200\" height=\"675\" \/> <img class=\"aligncenter size-full wp-image-215494\" src=\"https:\/\/www.werbewoche.ch\/wp-content\/uploads\/2024\/05\/DERTOUR-Group-Bus.jpg\" alt=\"\" width=\"1200\" height=\"800\" \/><\/p>\r\n<hr \/>\r\n<p><strong>Responsible for <\/strong><strong>Dertour Group: <\/strong>Lars Bolle (Vice President Group Brand Management), Marion ten Haaf (Head of Corporate Communications Dertour Group). <strong>Responsible at the Evoq agency: <\/strong>Ralph Kaebe (consulting); Patricia M\u00fcller (design direction).<\/p>","protected":false},"excerpt":{"rendered":"<p>The Touristik Group becomes the Dertour Group. With this step, the travel group is underlining its international commitment. Evoq has developed a liquid design concept for this.<\/p>","protected":false},"author":8,"featured_media":0,"comment_status":"closed","ping_status":"closed","sticky":false,"template":"","format":"standard","meta":{"_acf_changed":false,"_yoast_wpseo_focuskw":"Dertour Group","_yoast_wpseo_metadesc":"Dertour Group lanciert neues Liquid-Design-Konzept. Markenwahrnehmung und Integration aller Gesch\u00e4ftsbereiche st\u00e4rken.","articlekey":"","footnotes":""},"categories":[29],"tags":[4229,3391,3012,2617,2851],"class_list":["post-27239","post","type-post","status-publish","format-standard","hentry","category-marketing","tag-dertour","tag-evoq","tag-hotels-reisen","tag-marken","tag-rebranding"],"acf":[],"yoast_head":"<!-- This site is optimized with the Yoast SEO plugin v27.5 - https:\/\/yoast.com\/product\/yoast-seo-wordpress\/ -->\n<title>Evoq begleitet das Rebranding der Dertour Group - Organisator<\/title>\n<meta name=\"description\" content=\"Dertour Group lanciert neues Liquid-Design-Konzept. Markenwahrnehmung und Integration aller Gesch\u00e4ftsbereiche st\u00e4rken.\" \/>\n<meta name=\"robots\" content=\"index, follow, max-snippet:-1, max-image-preview:large, max-video-preview:-1\" \/>\n<link rel=\"canonical\" href=\"https:\/\/www.organisator.ch\/en\/marketing\/2024-05-24\/evoq-begleitet-das-rebranding-der-dertour-group\/\" \/>\n<meta property=\"og:locale\" content=\"en_US\" \/>\n<meta property=\"og:type\" content=\"article\" \/>\n<meta property=\"og:title\" content=\"Evoq begleitet das Rebranding der Dertour Group - Organisator\" \/>\n<meta property=\"og:description\" content=\"Dertour Group lanciert neues Liquid-Design-Konzept. Markenwahrnehmung und Integration aller Gesch\u00e4ftsbereiche st\u00e4rken.\" \/>\n<meta property=\"og:url\" content=\"https:\/\/www.organisator.ch\/en\/marketing\/2024-05-24\/evoq-begleitet-das-rebranding-der-dertour-group\/\" \/>\n<meta property=\"og:site_name\" content=\"Organisator\" \/>\n<meta property=\"article:publisher\" content=\"https:\/\/www.facebook.com\/OrganisatorFachmagazin\" \/>\n<meta property=\"article:published_time\" content=\"2024-05-24T08:22:44+00:00\" \/>\n<meta property=\"article:modified_time\" content=\"2024-11-11T04:16:40+00:00\" \/>\n<meta property=\"og:image\" content=\"https:\/\/www.werbewoche.ch\/wp-content\/uploads\/2024\/05\/DERTOUR-Group-Website.jpg\" \/>\n<meta name=\"author\" content=\"galledia\" \/>\n<meta name=\"twitter:card\" content=\"summary_large_image\" \/>\n<meta name=\"twitter:creator\" content=\"@admin\" \/>\n<script type=\"application\/ld+json\" class=\"yoast-schema-graph\">{\"@context\":\"https:\\\/\\\/schema.org\",\"@graph\":[{\"@type\":\"Article\",\"@id\":\"https:\\\/\\\/www.organisator.ch\\\/marketing\\\/2024-05-24\\\/evoq-begleitet-das-rebranding-der-dertour-group\\\/#article\",\"isPartOf\":{\"@id\":\"https:\\\/\\\/www.organisator.ch\\\/marketing\\\/2024-05-24\\\/evoq-begleitet-das-rebranding-der-dertour-group\\\/\"},\"author\":{\"name\":\"galledia\",\"@id\":\"https:\\\/\\\/www.organisator.ch\\\/#\\\/schema\\\/person\\\/4e51799071cd2dd1232ac003643ef5f0\"},\"headline\":\"Evoq begleitet das Rebranding der Dertour Group\",\"datePublished\":\"2024-05-24T08:22:44+00:00\",\"dateModified\":\"2024-11-11T04:16:40+00:00\",\"mainEntityOfPage\":{\"@id\":\"https:\\\/\\\/www.organisator.ch\\\/marketing\\\/2024-05-24\\\/evoq-begleitet-das-rebranding-der-dertour-group\\\/\"},\"wordCount\":175,\"publisher\":{\"@id\":\"https:\\\/\\\/www.organisator.ch\\\/#organization\"},\"image\":{\"@id\":\"https:\\\/\\\/www.organisator.ch\\\/marketing\\\/2024-05-24\\\/evoq-begleitet-das-rebranding-der-dertour-group\\\/#primaryimage\"},\"thumbnailUrl\":\"https:\\\/\\\/www.werbewoche.ch\\\/wp-content\\\/uploads\\\/2024\\\/05\\\/DERTOUR-Group-Website.jpg\",\"keywords\":[\"Dertour\",\"Evoq\",\"Hotels &amp; Reisen\",\"Marken\",\"Rebranding\"],\"articleSection\":[\"MARKETING\"],\"inLanguage\":\"en-US\"},{\"@type\":\"WebPage\",\"@id\":\"https:\\\/\\\/www.organisator.ch\\\/marketing\\\/2024-05-24\\\/evoq-begleitet-das-rebranding-der-dertour-group\\\/\",\"url\":\"https:\\\/\\\/www.organisator.ch\\\/marketing\\\/2024-05-24\\\/evoq-begleitet-das-rebranding-der-dertour-group\\\/\",\"name\":\"Evoq begleitet das Rebranding der Dertour Group - Organisator\",\"isPartOf\":{\"@id\":\"https:\\\/\\\/www.organisator.ch\\\/#website\"},\"primaryImageOfPage\":{\"@id\":\"https:\\\/\\\/www.organisator.ch\\\/marketing\\\/2024-05-24\\\/evoq-begleitet-das-rebranding-der-dertour-group\\\/#primaryimage\"},\"image\":{\"@id\":\"https:\\\/\\\/www.organisator.ch\\\/marketing\\\/2024-05-24\\\/evoq-begleitet-das-rebranding-der-dertour-group\\\/#primaryimage\"},\"thumbnailUrl\":\"https:\\\/\\\/www.werbewoche.ch\\\/wp-content\\\/uploads\\\/2024\\\/05\\\/DERTOUR-Group-Website.jpg\",\"datePublished\":\"2024-05-24T08:22:44+00:00\",\"dateModified\":\"2024-11-11T04:16:40+00:00\",\"description\":\"Dertour Group lanciert neues Liquid-Design-Konzept. Markenwahrnehmung und Integration aller Gesch\u00e4ftsbereiche st\u00e4rken.\",\"breadcrumb\":{\"@id\":\"https:\\\/\\\/www.organisator.ch\\\/marketing\\\/2024-05-24\\\/evoq-begleitet-das-rebranding-der-dertour-group\\\/#breadcrumb\"},\"inLanguage\":\"en-US\",\"potentialAction\":[{\"@type\":\"ReadAction\",\"target\":[\"https:\\\/\\\/www.organisator.ch\\\/marketing\\\/2024-05-24\\\/evoq-begleitet-das-rebranding-der-dertour-group\\\/\"]}]},{\"@type\":\"ImageObject\",\"inLanguage\":\"en-US\",\"@id\":\"https:\\\/\\\/www.organisator.ch\\\/marketing\\\/2024-05-24\\\/evoq-begleitet-das-rebranding-der-dertour-group\\\/#primaryimage\",\"url\":\"https:\\\/\\\/www.werbewoche.ch\\\/wp-content\\\/uploads\\\/2024\\\/05\\\/DERTOUR-Group-Website.jpg\",\"contentUrl\":\"https:\\\/\\\/www.werbewoche.ch\\\/wp-content\\\/uploads\\\/2024\\\/05\\\/DERTOUR-Group-Website.jpg\"},{\"@type\":\"BreadcrumbList\",\"@id\":\"https:\\\/\\\/www.organisator.ch\\\/marketing\\\/2024-05-24\\\/evoq-begleitet-das-rebranding-der-dertour-group\\\/#breadcrumb\",\"itemListElement\":[{\"@type\":\"ListItem\",\"position\":1,\"name\":\"Home\",\"item\":\"https:\\\/\\\/www.organisator.ch\\\/\"},{\"@type\":\"ListItem\",\"position\":2,\"name\":\"Evoq begleitet das Rebranding der Dertour Group\"}]},{\"@type\":\"WebSite\",\"@id\":\"https:\\\/\\\/www.organisator.ch\\\/#website\",\"url\":\"https:\\\/\\\/www.organisator.ch\\\/\",\"name\":\"Organisator\",\"description\":\"Kompetent. Praxisnah. Der ORGANISATOR bereitet in 10 Ausgaben pro Jahr die wesentlichen Themen f\u00fcr F\u00fchrungskr\u00e4fte von KMU auf.\",\"publisher\":{\"@id\":\"https:\\\/\\\/www.organisator.ch\\\/#organization\"},\"potentialAction\":[{\"@type\":\"SearchAction\",\"target\":{\"@type\":\"EntryPoint\",\"urlTemplate\":\"https:\\\/\\\/www.organisator.ch\\\/?s={search_term_string}\"},\"query-input\":{\"@type\":\"PropertyValueSpecification\",\"valueRequired\":true,\"valueName\":\"search_term_string\"}}],\"inLanguage\":\"en-US\"},{\"@type\":\"Organization\",\"@id\":\"https:\\\/\\\/www.organisator.ch\\\/#organization\",\"name\":\"Organisator\",\"url\":\"https:\\\/\\\/www.organisator.ch\\\/\",\"logo\":{\"@type\":\"ImageObject\",\"inLanguage\":\"en-US\",\"@id\":\"https:\\\/\\\/www.organisator.ch\\\/#\\\/schema\\\/logo\\\/image\\\/\",\"url\":\"https:\\\/\\\/www.organisator.ch\\\/wp-content\\\/uploads\\\/2022\\\/01\\\/Logo_Organisator_Website.png\",\"contentUrl\":\"https:\\\/\\\/www.organisator.ch\\\/wp-content\\\/uploads\\\/2022\\\/01\\\/Logo_Organisator_Website.png\",\"width\":800,\"height\":77,\"caption\":\"Organisator\"},\"image\":{\"@id\":\"https:\\\/\\\/www.organisator.ch\\\/#\\\/schema\\\/logo\\\/image\\\/\"},\"sameAs\":[\"https:\\\/\\\/www.facebook.com\\\/OrganisatorFachmagazin\",\"https:\\\/\\\/www.linkedin.com\\\/showcase\\\/organisator-das-magazin-fr-kmu\",\"https:\\\/\\\/www.xing.com\\\/news\\\/pages\\\/organisator-ch-695\",\"https:\\\/\\\/www.youtube.com\\\/channel\\\/UCGP2Sq0iWaZwT3BdIAQFYpw\"]},{\"@type\":\"Person\",\"@id\":\"https:\\\/\\\/www.organisator.ch\\\/#\\\/schema\\\/person\\\/4e51799071cd2dd1232ac003643ef5f0\",\"name\":\"galledia\",\"image\":{\"@type\":\"ImageObject\",\"inLanguage\":\"en-US\",\"@id\":\"https:\\\/\\\/secure.gravatar.com\\\/avatar\\\/78a7f90c01fc2bfc875782a0d4922b37cde2cf184ce347b91316d23cd7f69a36?s=96&d=mm&r=g\",\"url\":\"https:\\\/\\\/secure.gravatar.com\\\/avatar\\\/78a7f90c01fc2bfc875782a0d4922b37cde2cf184ce347b91316d23cd7f69a36?s=96&d=mm&r=g\",\"contentUrl\":\"https:\\\/\\\/secure.gravatar.com\\\/avatar\\\/78a7f90c01fc2bfc875782a0d4922b37cde2cf184ce347b91316d23cd7f69a36?s=96&d=mm&r=g\",\"caption\":\"galledia\"},\"sameAs\":[\"https:\\\/\\\/x.com\\\/admin\"],\"url\":\"https:\\\/\\\/www.organisator.ch\\\/en\\\/author\\\/galledia\\\/\"}]}<\/script>\n<!-- \/ Yoast SEO plugin. -->","yoast_head_json":{"title":"Evoq accompanies the rebranding of the Dertour Group - Organizer","description":"Dertour Group launches new Liquid Design concept. Strengthen brand perception and integration of all business areas.","robots":{"index":"index","follow":"follow","max-snippet":"max-snippet:-1","max-image-preview":"max-image-preview:large","max-video-preview":"max-video-preview:-1"},"canonical":"https:\/\/www.organisator.ch\/en\/marketing\/2024-05-24\/evoq-begleitet-das-rebranding-der-dertour-group\/","og_locale":"en_US","og_type":"article","og_title":"Evoq begleitet das Rebranding der Dertour Group - Organisator","og_description":"Dertour Group lanciert neues Liquid-Design-Konzept. Markenwahrnehmung und Integration aller Gesch\u00e4ftsbereiche st\u00e4rken.","og_url":"https:\/\/www.organisator.ch\/en\/marketing\/2024-05-24\/evoq-begleitet-das-rebranding-der-dertour-group\/","og_site_name":"Organisator","article_publisher":"https:\/\/www.facebook.com\/OrganisatorFachmagazin","article_published_time":"2024-05-24T08:22:44+00:00","article_modified_time":"2024-11-11T04:16:40+00:00","og_image":[{"url":"https:\/\/www.werbewoche.ch\/wp-content\/uploads\/2024\/05\/DERTOUR-Group-Website.jpg","type":"","width":"","height":""}],"author":"galledia","twitter_card":"summary_large_image","twitter_creator":"@admin","schema":{"@context":"https:\/\/schema.org","@graph":[{"@type":"Article","@id":"https:\/\/www.organisator.ch\/marketing\/2024-05-24\/evoq-begleitet-das-rebranding-der-dertour-group\/#article","isPartOf":{"@id":"https:\/\/www.organisator.ch\/marketing\/2024-05-24\/evoq-begleitet-das-rebranding-der-dertour-group\/"},"author":{"name":"galledia","@id":"https:\/\/www.organisator.ch\/#\/schema\/person\/4e51799071cd2dd1232ac003643ef5f0"},"headline":"Evoq begleitet das Rebranding der Dertour Group","datePublished":"2024-05-24T08:22:44+00:00","dateModified":"2024-11-11T04:16:40+00:00","mainEntityOfPage":{"@id":"https:\/\/www.organisator.ch\/marketing\/2024-05-24\/evoq-begleitet-das-rebranding-der-dertour-group\/"},"wordCount":175,"publisher":{"@id":"https:\/\/www.organisator.ch\/#organization"},"image":{"@id":"https:\/\/www.organisator.ch\/marketing\/2024-05-24\/evoq-begleitet-das-rebranding-der-dertour-group\/#primaryimage"},"thumbnailUrl":"https:\/\/www.werbewoche.ch\/wp-content\/uploads\/2024\/05\/DERTOUR-Group-Website.jpg","keywords":["Dertour","Evoq","Hotels &amp; Reisen","Marken","Rebranding"],"articleSection":["MARKETING"],"inLanguage":"en-US"},{"@type":"WebPage","@id":"https:\/\/www.organisator.ch\/marketing\/2024-05-24\/evoq-begleitet-das-rebranding-der-dertour-group\/","url":"https:\/\/www.organisator.ch\/marketing\/2024-05-24\/evoq-begleitet-das-rebranding-der-dertour-group\/","name":"Evoq accompanies the rebranding of the Dertour Group - Organizer","isPartOf":{"@id":"https:\/\/www.organisator.ch\/#website"},"primaryImageOfPage":{"@id":"https:\/\/www.organisator.ch\/marketing\/2024-05-24\/evoq-begleitet-das-rebranding-der-dertour-group\/#primaryimage"},"image":{"@id":"https:\/\/www.organisator.ch\/marketing\/2024-05-24\/evoq-begleitet-das-rebranding-der-dertour-group\/#primaryimage"},"thumbnailUrl":"https:\/\/www.werbewoche.ch\/wp-content\/uploads\/2024\/05\/DERTOUR-Group-Website.jpg","datePublished":"2024-05-24T08:22:44+00:00","dateModified":"2024-11-11T04:16:40+00:00","description":"Dertour Group launches new Liquid Design concept. Strengthen brand perception and integration of all business areas.","breadcrumb":{"@id":"https:\/\/www.organisator.ch\/marketing\/2024-05-24\/evoq-begleitet-das-rebranding-der-dertour-group\/#breadcrumb"},"inLanguage":"en-US","potentialAction":[{"@type":"ReadAction","target":["https:\/\/www.organisator.ch\/marketing\/2024-05-24\/evoq-begleitet-das-rebranding-der-dertour-group\/"]}]},{"@type":"ImageObject","inLanguage":"en-US","@id":"https:\/\/www.organisator.ch\/marketing\/2024-05-24\/evoq-begleitet-das-rebranding-der-dertour-group\/#primaryimage","url":"https:\/\/www.werbewoche.ch\/wp-content\/uploads\/2024\/05\/DERTOUR-Group-Website.jpg","contentUrl":"https:\/\/www.werbewoche.ch\/wp-content\/uploads\/2024\/05\/DERTOUR-Group-Website.jpg"},{"@type":"BreadcrumbList","@id":"https:\/\/www.organisator.ch\/marketing\/2024-05-24\/evoq-begleitet-das-rebranding-der-dertour-group\/#breadcrumb","itemListElement":[{"@type":"ListItem","position":1,"name":"Home","item":"https:\/\/www.organisator.ch\/"},{"@type":"ListItem","position":2,"name":"Evoq begleitet das Rebranding der Dertour Group"}]},{"@type":"WebSite","@id":"https:\/\/www.organisator.ch\/#website","url":"https:\/\/www.organisator.ch\/","name":"Organizer","description":"Competent. Practical. In 10 issues per year, ORGANISATOR presents the essential topics for managers of SMEs.","publisher":{"@id":"https:\/\/www.organisator.ch\/#organization"},"potentialAction":[{"@type":"SearchAction","target":{"@type":"EntryPoint","urlTemplate":"https:\/\/www.organisator.ch\/?s={search_term_string}"},"query-input":{"@type":"PropertyValueSpecification","valueRequired":true,"valueName":"search_term_string"}}],"inLanguage":"en-US"},{"@type":"Organization","@id":"https:\/\/www.organisator.ch\/#organization","name":"Organizer","url":"https:\/\/www.organisator.ch\/","logo":{"@type":"ImageObject","inLanguage":"en-US","@id":"https:\/\/www.organisator.ch\/#\/schema\/logo\/image\/","url":"https:\/\/www.organisator.ch\/wp-content\/uploads\/2022\/01\/Logo_Organisator_Website.png","contentUrl":"https:\/\/www.organisator.ch\/wp-content\/uploads\/2022\/01\/Logo_Organisator_Website.png","width":800,"height":77,"caption":"Organisator"},"image":{"@id":"https:\/\/www.organisator.ch\/#\/schema\/logo\/image\/"},"sameAs":["https:\/\/www.facebook.com\/OrganisatorFachmagazin","https:\/\/www.linkedin.com\/showcase\/organisator-das-magazin-fr-kmu","https:\/\/www.xing.com\/news\/pages\/organisator-ch-695","https:\/\/www.youtube.com\/channel\/UCGP2Sq0iWaZwT3BdIAQFYpw"]},{"@type":"Person","@id":"https:\/\/www.organisator.ch\/#\/schema\/person\/4e51799071cd2dd1232ac003643ef5f0","name":"galledia","image":{"@type":"ImageObject","inLanguage":"en-US","@id":"https:\/\/secure.gravatar.com\/avatar\/78a7f90c01fc2bfc875782a0d4922b37cde2cf184ce347b91316d23cd7f69a36?s=96&d=mm&r=g","url":"https:\/\/secure.gravatar.com\/avatar\/78a7f90c01fc2bfc875782a0d4922b37cde2cf184ce347b91316d23cd7f69a36?s=96&d=mm&r=g","contentUrl":"https:\/\/secure.gravatar.com\/avatar\/78a7f90c01fc2bfc875782a0d4922b37cde2cf184ce347b91316d23cd7f69a36?s=96&d=mm&r=g","caption":"galledia"},"sameAs":["https:\/\/x.com\/admin"],"url":"https:\/\/www.organisator.ch\/en\/author\/galledia\/"}]}},"_links":{"self":[{"href":"https:\/\/www.organisator.ch\/en\/wp-json\/wp\/v2\/posts\/27239","targetHints":{"allow":["GET"]}}],"collection":[{"href":"https:\/\/www.organisator.ch\/en\/wp-json\/wp\/v2\/posts"}],"about":[{"href":"https:\/\/www.organisator.ch\/en\/wp-json\/wp\/v2\/types\/post"}],"author":[{"embeddable":true,"href":"https:\/\/www.organisator.ch\/en\/wp-json\/wp\/v2\/users\/8"}],"replies":[{"embeddable":true,"href":"https:\/\/www.organisator.ch\/en\/wp-json\/wp\/v2\/comments?post=27239"}],"version-history":[{"count":8,"href":"https:\/\/www.organisator.ch\/en\/wp-json\/wp\/v2\/posts\/27239\/revisions"}],"predecessor-version":[{"id":32233,"href":"https:\/\/www.organisator.ch\/en\/wp-json\/wp\/v2\/posts\/27239\/revisions\/32233"}],"wp:attachment":[{"href":"https:\/\/www.organisator.ch\/en\/wp-json\/wp\/v2\/media?parent=27239"}],"wp:term":[{"taxonomy":"category","embeddable":true,"href":"https:\/\/www.organisator.ch\/en\/wp-json\/wp\/v2\/categories?post=27239"},{"taxonomy":"post_tag","embeddable":true,"href":"https:\/\/www.organisator.ch\/en\/wp-json\/wp\/v2\/tags?post=27239"}],"curies":[{"name":"wp","href":"https:\/\/api.w.org\/{rel}","templated":true}]}}