{"id":27291,"date":"2024-05-28T10:10:20","date_gmt":"2024-05-28T08:10:20","guid":{"rendered":"https:\/\/www.organisator.ch\/?p=27291"},"modified":"2024-05-28T10:10:20","modified_gmt":"2024-05-28T08:10:20","slug":"bildungslandschaft-wird-neu-aufgestellt","status":"publish","type":"post","link":"https:\/\/www.organisator.ch\/en\/weiterbildung\/2024-05-28\/bildungslandschaft-wird-neu-aufgestellt\/","title":{"rendered":"Educational landscape is being reorganized"},"content":{"rendered":"<figure id=\"attachment_27293\" aria-describedby=\"caption-attachment-27293\" style=\"width: 680px\" class=\"wp-caption alignnone\"><img loading=\"lazy\" decoding=\"async\" class=\"size-full wp-image-27293\" src=\"https:\/\/www.organisator.ch\/wp-content\/uploads\/2024\/05\/GastroSuisse_Bild1_ps.jpg\" alt=\"\" width=\"680\" height=\"454\" srcset=\"https:\/\/www.organisator.ch\/wp-content\/uploads\/2024\/05\/GastroSuisse_Bild1_ps.jpg 680w, https:\/\/www.organisator.ch\/wp-content\/uploads\/2024\/05\/GastroSuisse_Bild1_ps-18x12.jpg 18w, https:\/\/www.organisator.ch\/wp-content\/uploads\/2024\/05\/GastroSuisse_Bild1_ps-375x250.jpg 375w, https:\/\/www.organisator.ch\/wp-content\/uploads\/2024\/05\/GastroSuisse_Bild1_ps-524x350.jpg 524w\" sizes=\"auto, (max-width: 680px) 100vw, 680px\" \/><figcaption id=\"caption-attachment-27293\" class=\"wp-caption-text\">The national association will initiate and implement the \"Realignment of the educational landscape\" project in close coordination with the cantonal associations. (Image: www.depositphotos.com)<\/figcaption><\/figure>\n<p>Demand for higher vocational training in the catering and hotel sector has been stagnating for several years - a nationwide trend. For this reason, the presidents of the GastroSuisse cantonal associations commissioned the national association to review its training programs at the beginning of April 2024.<\/p>\n<p>Based on an analysis, the GastroSuisse Board of Directors decided at its meeting on May 22, 2024 to maintain the offerings in the two dimensions of gastronomy entrepreneur training (GUA) and further training (WB). This is because the two areas of GUA and WB form the basic framework of GastroSuisse's educational offering. Under the working title \"Realignment of the training landscape\", the association will adapt the range of GUA and WB courses to the changed market situation by 2026 and make them even more demand-oriented. The national association will initiate and implement the \"Realignment of the educational landscape\" project in close coordination with the cantonal associations.<\/p>\n<p>Furthermore, the Board of Directors has decided not to start a new intake of students at the Hotel Management School Zurich (HFZ) in August 2024. GastroSuisse is considering adapting its HFZ activities over the next few years. In this context, the association has initiated open-ended discussions with various stakeholders in the education sector. This medium-term approach will ensure the quality of the courses on offer for students and allow current training courses to be completed. In order to optimize the operation of the HFZ, costs will be reduced with immediate effect. In this context, five people will be affected by redundancies at the end of May 2024.<\/p>\n<p>With the above decisions, GastroSuisse is taking a goal- and solution-oriented approach to the future of its educational domain and underlining its will to shape and act. In addition, the measures adopted will enable the association to be even more economical with its members' funds.<\/p>\n<p><em>Source: <a href=\"http:\/\/www.gastrosuisse.ch\">www.gastrosuisse.ch<\/a><\/em><\/p>","protected":false},"excerpt":{"rendered":"<p>GastroSuisse is renewing its training program over the next two years. The offering will be geared more towards the future and demand. In addition, the invested funds will have a better effect. More attractive training programs and courses will help to attract new specialists to the restaurant and hotel industry.<\/p>","protected":false},"author":58,"featured_media":27293,"comment_status":"closed","ping_status":"closed","sticky":false,"template":"","format":"standard","meta":{"_acf_changed":false,"_yoast_wpseo_focuskw":"Bildungslandschaft","_yoast_wpseo_metadesc":"GastroSuisse erneuert in den n\u00e4chsten zwei Jahren sein Bildungsangebot. Das Angebot wird zukunfts- und nachfrageorientierter ausgerichtet.","articlekey":"","footnotes":""},"categories":[30],"tags":[62,4234,3327,252],"class_list":["post-27291","post","type-post","status-publish","format-standard","has-post-thumbnail","hentry","category-weiterbildung","tag-aus-weiterbildung","tag-bildungsangebot","tag-gastrobranche","tag-hotellerie"],"acf":[],"yoast_head":"<!-- This site is optimized with the Yoast SEO plugin v27.5 - https:\/\/yoast.com\/product\/yoast-seo-wordpress\/ -->\n<title>Bildungslandschaft wird neu aufgestellt - Organisator<\/title>\n<meta name=\"description\" content=\"GastroSuisse erneuert in den n\u00e4chsten zwei Jahren sein Bildungsangebot. Das Angebot wird zukunfts- und nachfrageorientierter ausgerichtet.\" \/>\n<meta name=\"robots\" content=\"index, follow, max-snippet:-1, max-image-preview:large, max-video-preview:-1\" \/>\n<link rel=\"canonical\" href=\"https:\/\/www.organisator.ch\/en\/further-education\/2024-05-28\/bildungslandschaft-wird-neu-aufgestellt\/\" \/>\n<meta property=\"og:locale\" content=\"en_US\" \/>\n<meta property=\"og:type\" content=\"article\" \/>\n<meta property=\"og:title\" content=\"Bildungslandschaft wird neu aufgestellt\" \/>\n<meta property=\"og:description\" content=\"GastroSuisse erneuert in den n\u00e4chsten zwei Jahren sein Bildungsangebot. Das Angebot wird zukunfts- und nachfrageorientierter ausgerichtet.\" \/>\n<meta property=\"og:url\" content=\"https:\/\/www.organisator.ch\/en\/further-education\/2024-05-28\/bildungslandschaft-wird-neu-aufgestellt\/\" \/>\n<meta property=\"og:site_name\" content=\"Organisator\" \/>\n<meta property=\"article:publisher\" content=\"https:\/\/www.facebook.com\/OrganisatorFachmagazin\" \/>\n<meta property=\"article:published_time\" content=\"2024-05-28T08:10:20+00:00\" \/>\n<meta property=\"og:image\" content=\"https:\/\/www.organisator.ch\/wp-content\/uploads\/2024\/05\/GastroSuisse_Bild1_ps.jpg\" \/>\n\t<meta property=\"og:image:width\" content=\"680\" \/>\n\t<meta property=\"og:image:height\" content=\"454\" \/>\n\t<meta property=\"og:image:type\" content=\"image\/jpeg\" \/>\n<meta name=\"author\" content=\"Adelisa Kalajdzini\" \/>\n<meta name=\"twitter:card\" content=\"summary_large_image\" \/>\n<meta name=\"twitter:title\" content=\"Bildungslandschaft wird neu aufgestellt\" \/>\n<meta name=\"twitter:description\" content=\"#GastroSuisse erneuert in den n\u00e4chsten zwei Jahren sein #Bildungsangebot. Das Angebot wird zukunfts- und nachfrageorientierter ausgerichtet.\" \/>\n<meta name=\"twitter:image\" content=\"https:\/\/www.organisator.ch\/wp-content\/uploads\/2024\/05\/GastroSuisse_Bild1_ps.jpg\" \/>\n<script type=\"application\/ld+json\" class=\"yoast-schema-graph\">{\"@context\":\"https:\\\/\\\/schema.org\",\"@graph\":[{\"@type\":\"Article\",\"@id\":\"https:\\\/\\\/www.organisator.ch\\\/weiterbildung\\\/2024-05-28\\\/bildungslandschaft-wird-neu-aufgestellt\\\/#article\",\"isPartOf\":{\"@id\":\"https:\\\/\\\/www.organisator.ch\\\/weiterbildung\\\/2024-05-28\\\/bildungslandschaft-wird-neu-aufgestellt\\\/\"},\"author\":{\"name\":\"Adelisa Kalajdzini\",\"@id\":\"https:\\\/\\\/www.organisator.ch\\\/#\\\/schema\\\/person\\\/2e1314a2172123f874db408d8911d3f3\"},\"headline\":\"Bildungslandschaft wird neu aufgestellt\",\"datePublished\":\"2024-05-28T08:10:20+00:00\",\"mainEntityOfPage\":{\"@id\":\"https:\\\/\\\/www.organisator.ch\\\/weiterbildung\\\/2024-05-28\\\/bildungslandschaft-wird-neu-aufgestellt\\\/\"},\"wordCount\":310,\"publisher\":{\"@id\":\"https:\\\/\\\/www.organisator.ch\\\/#organization\"},\"image\":{\"@id\":\"https:\\\/\\\/www.organisator.ch\\\/weiterbildung\\\/2024-05-28\\\/bildungslandschaft-wird-neu-aufgestellt\\\/#primaryimage\"},\"thumbnailUrl\":\"https:\\\/\\\/www.organisator.ch\\\/wp-content\\\/uploads\\\/2024\\\/05\\\/GastroSuisse_Bild1_ps.jpg\",\"keywords\":[\"Aus-\\\/Weiterbildung\",\"Bildungsangebot\",\"Gastrobranche\",\"Hotellerie\"],\"articleSection\":[\"WEITERBILDUNG\"],\"inLanguage\":\"en-US\"},{\"@type\":\"WebPage\",\"@id\":\"https:\\\/\\\/www.organisator.ch\\\/weiterbildung\\\/2024-05-28\\\/bildungslandschaft-wird-neu-aufgestellt\\\/\",\"url\":\"https:\\\/\\\/www.organisator.ch\\\/weiterbildung\\\/2024-05-28\\\/bildungslandschaft-wird-neu-aufgestellt\\\/\",\"name\":\"Bildungslandschaft wird neu aufgestellt - Organisator\",\"isPartOf\":{\"@id\":\"https:\\\/\\\/www.organisator.ch\\\/#website\"},\"primaryImageOfPage\":{\"@id\":\"https:\\\/\\\/www.organisator.ch\\\/weiterbildung\\\/2024-05-28\\\/bildungslandschaft-wird-neu-aufgestellt\\\/#primaryimage\"},\"image\":{\"@id\":\"https:\\\/\\\/www.organisator.ch\\\/weiterbildung\\\/2024-05-28\\\/bildungslandschaft-wird-neu-aufgestellt\\\/#primaryimage\"},\"thumbnailUrl\":\"https:\\\/\\\/www.organisator.ch\\\/wp-content\\\/uploads\\\/2024\\\/05\\\/GastroSuisse_Bild1_ps.jpg\",\"datePublished\":\"2024-05-28T08:10:20+00:00\",\"description\":\"GastroSuisse erneuert in den n\u00e4chsten zwei Jahren sein Bildungsangebot. Das Angebot wird zukunfts- und nachfrageorientierter ausgerichtet.\",\"breadcrumb\":{\"@id\":\"https:\\\/\\\/www.organisator.ch\\\/weiterbildung\\\/2024-05-28\\\/bildungslandschaft-wird-neu-aufgestellt\\\/#breadcrumb\"},\"inLanguage\":\"en-US\",\"potentialAction\":[{\"@type\":\"ReadAction\",\"target\":[\"https:\\\/\\\/www.organisator.ch\\\/weiterbildung\\\/2024-05-28\\\/bildungslandschaft-wird-neu-aufgestellt\\\/\"]}]},{\"@type\":\"ImageObject\",\"inLanguage\":\"en-US\",\"@id\":\"https:\\\/\\\/www.organisator.ch\\\/weiterbildung\\\/2024-05-28\\\/bildungslandschaft-wird-neu-aufgestellt\\\/#primaryimage\",\"url\":\"https:\\\/\\\/www.organisator.ch\\\/wp-content\\\/uploads\\\/2024\\\/05\\\/GastroSuisse_Bild1_ps.jpg\",\"contentUrl\":\"https:\\\/\\\/www.organisator.ch\\\/wp-content\\\/uploads\\\/2024\\\/05\\\/GastroSuisse_Bild1_ps.jpg\",\"width\":680,\"height\":454,\"caption\":\"Der nationale Verband wird das Projekt \\\"Neuausrichtung Bildungslandschaft\\\" in enger Abstimmung mit den kantonalen Verb\u00e4nden initialisieren und umsetzen. (Bild: www.depositphotos.com)\"},{\"@type\":\"BreadcrumbList\",\"@id\":\"https:\\\/\\\/www.organisator.ch\\\/weiterbildung\\\/2024-05-28\\\/bildungslandschaft-wird-neu-aufgestellt\\\/#breadcrumb\",\"itemListElement\":[{\"@type\":\"ListItem\",\"position\":1,\"name\":\"Home\",\"item\":\"https:\\\/\\\/www.organisator.ch\\\/\"},{\"@type\":\"ListItem\",\"position\":2,\"name\":\"Bildungslandschaft wird neu aufgestellt\"}]},{\"@type\":\"WebSite\",\"@id\":\"https:\\\/\\\/www.organisator.ch\\\/#website\",\"url\":\"https:\\\/\\\/www.organisator.ch\\\/\",\"name\":\"Organisator\",\"description\":\"Kompetent. Praxisnah. Der ORGANISATOR bereitet in 10 Ausgaben pro Jahr die wesentlichen Themen f\u00fcr F\u00fchrungskr\u00e4fte von KMU auf.\",\"publisher\":{\"@id\":\"https:\\\/\\\/www.organisator.ch\\\/#organization\"},\"potentialAction\":[{\"@type\":\"SearchAction\",\"target\":{\"@type\":\"EntryPoint\",\"urlTemplate\":\"https:\\\/\\\/www.organisator.ch\\\/?s={search_term_string}\"},\"query-input\":{\"@type\":\"PropertyValueSpecification\",\"valueRequired\":true,\"valueName\":\"search_term_string\"}}],\"inLanguage\":\"en-US\"},{\"@type\":\"Organization\",\"@id\":\"https:\\\/\\\/www.organisator.ch\\\/#organization\",\"name\":\"Organisator\",\"url\":\"https:\\\/\\\/www.organisator.ch\\\/\",\"logo\":{\"@type\":\"ImageObject\",\"inLanguage\":\"en-US\",\"@id\":\"https:\\\/\\\/www.organisator.ch\\\/#\\\/schema\\\/logo\\\/image\\\/\",\"url\":\"https:\\\/\\\/www.organisator.ch\\\/wp-content\\\/uploads\\\/2022\\\/01\\\/Logo_Organisator_Website.png\",\"contentUrl\":\"https:\\\/\\\/www.organisator.ch\\\/wp-content\\\/uploads\\\/2022\\\/01\\\/Logo_Organisator_Website.png\",\"width\":800,\"height\":77,\"caption\":\"Organisator\"},\"image\":{\"@id\":\"https:\\\/\\\/www.organisator.ch\\\/#\\\/schema\\\/logo\\\/image\\\/\"},\"sameAs\":[\"https:\\\/\\\/www.facebook.com\\\/OrganisatorFachmagazin\",\"https:\\\/\\\/www.linkedin.com\\\/showcase\\\/organisator-das-magazin-fr-kmu\",\"https:\\\/\\\/www.xing.com\\\/news\\\/pages\\\/organisator-ch-695\",\"https:\\\/\\\/www.youtube.com\\\/channel\\\/UCGP2Sq0iWaZwT3BdIAQFYpw\"]},{\"@type\":\"Person\",\"@id\":\"https:\\\/\\\/www.organisator.ch\\\/#\\\/schema\\\/person\\\/2e1314a2172123f874db408d8911d3f3\",\"name\":\"Adelisa Kalajdzini\",\"image\":{\"@type\":\"ImageObject\",\"inLanguage\":\"en-US\",\"@id\":\"https:\\\/\\\/secure.gravatar.com\\\/avatar\\\/09a397c22ac58cad6f160ee8306348599df9df58a8ede73696226897b9fa4b24?s=96&d=mm&r=g\",\"url\":\"https:\\\/\\\/secure.gravatar.com\\\/avatar\\\/09a397c22ac58cad6f160ee8306348599df9df58a8ede73696226897b9fa4b24?s=96&d=mm&r=g\",\"contentUrl\":\"https:\\\/\\\/secure.gravatar.com\\\/avatar\\\/09a397c22ac58cad6f160ee8306348599df9df58a8ede73696226897b9fa4b24?s=96&d=mm&r=g\",\"caption\":\"Adelisa Kalajdzini\"},\"url\":\"https:\\\/\\\/www.organisator.ch\\\/en\\\/author\\\/adelisa-kalajdzini\\\/\"}]}<\/script>\n<!-- \/ Yoast SEO plugin. -->","yoast_head_json":{"title":"Educational landscape is being reorganized - Organizer","description":"GastroSuisse will be renewing its training program over the next two years. The offering will be geared more towards the future and demand.","robots":{"index":"index","follow":"follow","max-snippet":"max-snippet:-1","max-image-preview":"max-image-preview:large","max-video-preview":"max-video-preview:-1"},"canonical":"https:\/\/www.organisator.ch\/en\/further-education\/2024-05-28\/bildungslandschaft-wird-neu-aufgestellt\/","og_locale":"en_US","og_type":"article","og_title":"Bildungslandschaft wird neu aufgestellt","og_description":"GastroSuisse erneuert in den n\u00e4chsten zwei Jahren sein Bildungsangebot. Das Angebot wird zukunfts- und nachfrageorientierter ausgerichtet.","og_url":"https:\/\/www.organisator.ch\/en\/further-education\/2024-05-28\/bildungslandschaft-wird-neu-aufgestellt\/","og_site_name":"Organisator","article_publisher":"https:\/\/www.facebook.com\/OrganisatorFachmagazin","article_published_time":"2024-05-28T08:10:20+00:00","og_image":[{"width":680,"height":454,"url":"https:\/\/www.organisator.ch\/wp-content\/uploads\/2024\/05\/GastroSuisse_Bild1_ps.jpg","type":"image\/jpeg"}],"author":"Adelisa Kalajdzini","twitter_card":"summary_large_image","twitter_title":"Bildungslandschaft wird neu aufgestellt","twitter_description":"#GastroSuisse erneuert in den n\u00e4chsten zwei Jahren sein #Bildungsangebot. Das Angebot wird zukunfts- und nachfrageorientierter ausgerichtet.","twitter_image":"https:\/\/www.organisator.ch\/wp-content\/uploads\/2024\/05\/GastroSuisse_Bild1_ps.jpg","schema":{"@context":"https:\/\/schema.org","@graph":[{"@type":"Article","@id":"https:\/\/www.organisator.ch\/weiterbildung\/2024-05-28\/bildungslandschaft-wird-neu-aufgestellt\/#article","isPartOf":{"@id":"https:\/\/www.organisator.ch\/weiterbildung\/2024-05-28\/bildungslandschaft-wird-neu-aufgestellt\/"},"author":{"name":"Adelisa Kalajdzini","@id":"https:\/\/www.organisator.ch\/#\/schema\/person\/2e1314a2172123f874db408d8911d3f3"},"headline":"Bildungslandschaft wird neu aufgestellt","datePublished":"2024-05-28T08:10:20+00:00","mainEntityOfPage":{"@id":"https:\/\/www.organisator.ch\/weiterbildung\/2024-05-28\/bildungslandschaft-wird-neu-aufgestellt\/"},"wordCount":310,"publisher":{"@id":"https:\/\/www.organisator.ch\/#organization"},"image":{"@id":"https:\/\/www.organisator.ch\/weiterbildung\/2024-05-28\/bildungslandschaft-wird-neu-aufgestellt\/#primaryimage"},"thumbnailUrl":"https:\/\/www.organisator.ch\/wp-content\/uploads\/2024\/05\/GastroSuisse_Bild1_ps.jpg","keywords":["Aus-\/Weiterbildung","Bildungsangebot","Gastrobranche","Hotellerie"],"articleSection":["WEITERBILDUNG"],"inLanguage":"en-US"},{"@type":"WebPage","@id":"https:\/\/www.organisator.ch\/weiterbildung\/2024-05-28\/bildungslandschaft-wird-neu-aufgestellt\/","url":"https:\/\/www.organisator.ch\/weiterbildung\/2024-05-28\/bildungslandschaft-wird-neu-aufgestellt\/","name":"Educational landscape is being reorganized - Organizer","isPartOf":{"@id":"https:\/\/www.organisator.ch\/#website"},"primaryImageOfPage":{"@id":"https:\/\/www.organisator.ch\/weiterbildung\/2024-05-28\/bildungslandschaft-wird-neu-aufgestellt\/#primaryimage"},"image":{"@id":"https:\/\/www.organisator.ch\/weiterbildung\/2024-05-28\/bildungslandschaft-wird-neu-aufgestellt\/#primaryimage"},"thumbnailUrl":"https:\/\/www.organisator.ch\/wp-content\/uploads\/2024\/05\/GastroSuisse_Bild1_ps.jpg","datePublished":"2024-05-28T08:10:20+00:00","description":"GastroSuisse will be renewing its training program over the next two years. The offering will be geared more towards the future and demand.","breadcrumb":{"@id":"https:\/\/www.organisator.ch\/weiterbildung\/2024-05-28\/bildungslandschaft-wird-neu-aufgestellt\/#breadcrumb"},"inLanguage":"en-US","potentialAction":[{"@type":"ReadAction","target":["https:\/\/www.organisator.ch\/weiterbildung\/2024-05-28\/bildungslandschaft-wird-neu-aufgestellt\/"]}]},{"@type":"ImageObject","inLanguage":"en-US","@id":"https:\/\/www.organisator.ch\/weiterbildung\/2024-05-28\/bildungslandschaft-wird-neu-aufgestellt\/#primaryimage","url":"https:\/\/www.organisator.ch\/wp-content\/uploads\/2024\/05\/GastroSuisse_Bild1_ps.jpg","contentUrl":"https:\/\/www.organisator.ch\/wp-content\/uploads\/2024\/05\/GastroSuisse_Bild1_ps.jpg","width":680,"height":454,"caption":"Der nationale Verband wird das Projekt \"Neuausrichtung Bildungslandschaft\" in enger Abstimmung mit den kantonalen Verb\u00e4nden initialisieren und umsetzen. (Bild: www.depositphotos.com)"},{"@type":"BreadcrumbList","@id":"https:\/\/www.organisator.ch\/weiterbildung\/2024-05-28\/bildungslandschaft-wird-neu-aufgestellt\/#breadcrumb","itemListElement":[{"@type":"ListItem","position":1,"name":"Home","item":"https:\/\/www.organisator.ch\/"},{"@type":"ListItem","position":2,"name":"Bildungslandschaft wird neu aufgestellt"}]},{"@type":"WebSite","@id":"https:\/\/www.organisator.ch\/#website","url":"https:\/\/www.organisator.ch\/","name":"Organizer","description":"Competent. Practical. In 10 issues per year, ORGANISATOR presents the essential topics for managers of SMEs.","publisher":{"@id":"https:\/\/www.organisator.ch\/#organization"},"potentialAction":[{"@type":"SearchAction","target":{"@type":"EntryPoint","urlTemplate":"https:\/\/www.organisator.ch\/?s={search_term_string}"},"query-input":{"@type":"PropertyValueSpecification","valueRequired":true,"valueName":"search_term_string"}}],"inLanguage":"en-US"},{"@type":"Organization","@id":"https:\/\/www.organisator.ch\/#organization","name":"Organizer","url":"https:\/\/www.organisator.ch\/","logo":{"@type":"ImageObject","inLanguage":"en-US","@id":"https:\/\/www.organisator.ch\/#\/schema\/logo\/image\/","url":"https:\/\/www.organisator.ch\/wp-content\/uploads\/2022\/01\/Logo_Organisator_Website.png","contentUrl":"https:\/\/www.organisator.ch\/wp-content\/uploads\/2022\/01\/Logo_Organisator_Website.png","width":800,"height":77,"caption":"Organisator"},"image":{"@id":"https:\/\/www.organisator.ch\/#\/schema\/logo\/image\/"},"sameAs":["https:\/\/www.facebook.com\/OrganisatorFachmagazin","https:\/\/www.linkedin.com\/showcase\/organisator-das-magazin-fr-kmu","https:\/\/www.xing.com\/news\/pages\/organisator-ch-695","https:\/\/www.youtube.com\/channel\/UCGP2Sq0iWaZwT3BdIAQFYpw"]},{"@type":"Person","@id":"https:\/\/www.organisator.ch\/#\/schema\/person\/2e1314a2172123f874db408d8911d3f3","name":"Adelisa Kalajdzini","image":{"@type":"ImageObject","inLanguage":"en-US","@id":"https:\/\/secure.gravatar.com\/avatar\/09a397c22ac58cad6f160ee8306348599df9df58a8ede73696226897b9fa4b24?s=96&d=mm&r=g","url":"https:\/\/secure.gravatar.com\/avatar\/09a397c22ac58cad6f160ee8306348599df9df58a8ede73696226897b9fa4b24?s=96&d=mm&r=g","contentUrl":"https:\/\/secure.gravatar.com\/avatar\/09a397c22ac58cad6f160ee8306348599df9df58a8ede73696226897b9fa4b24?s=96&d=mm&r=g","caption":"Adelisa Kalajdzini"},"url":"https:\/\/www.organisator.ch\/en\/author\/adelisa-kalajdzini\/"}]}},"_links":{"self":[{"href":"https:\/\/www.organisator.ch\/en\/wp-json\/wp\/v2\/posts\/27291","targetHints":{"allow":["GET"]}}],"collection":[{"href":"https:\/\/www.organisator.ch\/en\/wp-json\/wp\/v2\/posts"}],"about":[{"href":"https:\/\/www.organisator.ch\/en\/wp-json\/wp\/v2\/types\/post"}],"author":[{"embeddable":true,"href":"https:\/\/www.organisator.ch\/en\/wp-json\/wp\/v2\/users\/58"}],"replies":[{"embeddable":true,"href":"https:\/\/www.organisator.ch\/en\/wp-json\/wp\/v2\/comments?post=27291"}],"version-history":[{"count":4,"href":"https:\/\/www.organisator.ch\/en\/wp-json\/wp\/v2\/posts\/27291\/revisions"}],"predecessor-version":[{"id":27331,"href":"https:\/\/www.organisator.ch\/en\/wp-json\/wp\/v2\/posts\/27291\/revisions\/27331"}],"wp:featuredmedia":[{"embeddable":true,"href":"https:\/\/www.organisator.ch\/en\/wp-json\/wp\/v2\/media\/27293"}],"wp:attachment":[{"href":"https:\/\/www.organisator.ch\/en\/wp-json\/wp\/v2\/media?parent=27291"}],"wp:term":[{"taxonomy":"category","embeddable":true,"href":"https:\/\/www.organisator.ch\/en\/wp-json\/wp\/v2\/categories?post=27291"},{"taxonomy":"post_tag","embeddable":true,"href":"https:\/\/www.organisator.ch\/en\/wp-json\/wp\/v2\/tags?post=27291"}],"curies":[{"name":"wp","href":"https:\/\/api.w.org\/{rel}","templated":true}]}}