{"id":27388,"date":"2024-05-30T16:22:37","date_gmt":"2024-05-30T14:22:37","guid":{"rendered":"https:\/\/www.werbewoche.ch\/?p=215817"},"modified":"2024-11-11T05:01:22","modified_gmt":"2024-11-11T04:01:22","slug":"wecatch-realisiert-rebranding-fuer-das-restaurant-kle","status":"publish","type":"post","link":"https:\/\/www.organisator.ch\/en\/marketing\/2024-05-30\/wecatch-realisiert-rebranding-fuer-das-restaurant-kle\/","title":{"rendered":"Wecatch realizes rebranding for the Kle restaurant"},"content":{"rendered":"<p><img class=\"aligncenter wp-image-215825 size-full\" src=\"https:\/\/www.werbewoche.ch\/wp-content\/uploads\/2024\/05\/01_WECATCH_Creative_Agency_Restaurant_KLE_BrandDesign.jpg\" alt=\"Restaurant Kle \" width=\"1200\" height=\"675\" \/><\/p>\r\n<p>Restaurant Kle, which opened in 2020, focuses on exclusive plant-based menus using only local produce. As part of the rebranding, Zurich agency Wecatch designed a new logo to embody the restaurant's authenticity and craftsmanship. The focus was on creating an illustrative world that is playfully integrated into the visual and communicative language.<\/p>\r\n<p>The photographs by Erna Drion are intended to visually emphasize the elegance and exclusivity of the Kle restaurant. Inspired by the Swiss forests, the color palette underlines the naturalness, freshness and relaxed atmosphere of the restaurant.<\/p>\r\n<p><img class=\"aligncenter size-full wp-image-215822\" src=\"https:\/\/www.werbewoche.ch\/wp-content\/uploads\/2024\/05\/07_WECATCH_Creative_Agency_Restaurant_KLE_BrandDesign_Farbwelt.jpg\" alt=\"\" width=\"1200\" height=\"675\" \/><\/p>\r\n<p>The close collaboration with the Kle team enabled the agency to understand the restaurant's philosophy and values and to harmonize the individual elements of the rebranding to create an appropriate and convincing brand identity. The rebranding included the logo, color scheme, illustrations, imagery, visual language, various printed materials as well as the menu, wine, cocktail and champagne lists.<\/p>\r\n<p><a href=\"https:\/\/www.werbewoche.ch\/wp-content\/uploads\/2024\/05\/08_WECATCH_Creative_Agency_Restaurant_KLE_BrandDesign_Weinkarte.jpg\"><img class=\"attachment-full size-full\" src=\"https:\/\/www.werbewoche.ch\/wp-content\/uploads\/2024\/05\/08_WECATCH_Creative_Agency_Restaurant_KLE_BrandDesign_Weinkarte.jpg\" alt=\"\" width=\"1200\" height=\"675\" \/><\/a> <a href=\"https:\/\/www.werbewoche.ch\/wp-content\/uploads\/2024\/05\/06_WECATCH_Creative_Agency_Restaurant_KLE_BrandDesign_Weinkarte.jpg\"><img class=\"attachment-full size-full\" src=\"https:\/\/www.werbewoche.ch\/wp-content\/uploads\/2024\/05\/06_WECATCH_Creative_Agency_Restaurant_KLE_BrandDesign_Weinkarte.jpg\" alt=\"\" width=\"1200\" height=\"675\" \/><\/a> <a href=\"https:\/\/www.werbewoche.ch\/wp-content\/uploads\/2024\/05\/05_WECATCH_Creative_Agency_Restaurant_KLE_BrandDesign_Menu.jpg\"><img class=\"attachment-full size-full\" src=\"https:\/\/www.werbewoche.ch\/wp-content\/uploads\/2024\/05\/05_WECATCH_Creative_Agency_Restaurant_KLE_BrandDesign_Menu.jpg\" alt=\"\" width=\"1200\" height=\"675\" \/><\/a> <a href=\"https:\/\/www.werbewoche.ch\/wp-content\/uploads\/2024\/05\/04_WECATCH_Creative_Agency_Restaurant_KLE_BrandDesign.jpg\"><img class=\"attachment-full size-full\" src=\"https:\/\/www.werbewoche.ch\/wp-content\/uploads\/2024\/05\/04_WECATCH_Creative_Agency_Restaurant_KLE_BrandDesign.jpg\" alt=\"\" width=\"1200\" height=\"675\" \/><\/a> <a href=\"https:\/\/www.werbewoche.ch\/wp-content\/uploads\/2024\/05\/02_WECATCH_Creative_Agency_Restaurant_KLE_BrandDesign.jpg\"><img class=\"attachment-full size-full\" src=\"https:\/\/www.werbewoche.ch\/wp-content\/uploads\/2024\/05\/02_WECATCH_Creative_Agency_Restaurant_KLE_BrandDesign.jpg\" alt=\"\" width=\"1200\" height=\"675\" \/><\/a> <a href=\"https:\/\/www.werbewoche.ch\/wp-content\/uploads\/2024\/05\/03_WECATCH_Creative_Agency_Restaurant_KLE_BrandDesign.jpg\"><img class=\"attachment-full size-full\" src=\"https:\/\/www.werbewoche.ch\/wp-content\/uploads\/2024\/05\/03_WECATCH_Creative_Agency_Restaurant_KLE_BrandDesign.jpg\" alt=\"\" width=\"1200\" height=\"675\" \/><\/a><\/p>\r\n<hr \/>\r\n<p><strong>Responsible at Restaurant Kle:<\/strong> Zizi Hattab, Marc Barrafon. <strong>Responsible at Wecatch Creative Agency:<\/strong> Delia Guerriero (Design Direction &amp; Illustration), Patrik Ferrarelli (Design), Kevin Casado (Consulting). <strong>Photography: <\/strong>Erna Drion.<\/p>","protected":false},"excerpt":{"rendered":"<p>The Zurich restaurant Kle, which has been awarded a Michelin star, has a new look. The Zurich agency Wecatch is responsible for the rebranding.<\/p>","protected":false},"author":8,"featured_media":0,"comment_status":"closed","ping_status":"closed","sticky":false,"template":"","format":"standard","meta":{"_acf_changed":false,"_yoast_wpseo_focuskw":"Restaurant Kle","_yoast_wpseo_metadesc":"Restaurant Kle setzt auf pflanzliche Men\u00fcs und lokales Rebranding. Elegante, spielerische Gestaltung inspiriert von Schweizer W\u00e4ldern.","articlekey":"","footnotes":""},"categories":[29],"tags":[3410,2617,2851,4242],"class_list":["post-27388","post","type-post","status-publish","format-standard","hentry","category-marketing","tag-gastronomie","tag-marken","tag-rebranding","tag-wecatch"],"acf":[],"yoast_head":"<!-- This site is optimized with the Yoast SEO plugin v27.5 - https:\/\/yoast.com\/product\/yoast-seo-wordpress\/ -->\n<title>Wecatch realisiert Rebranding f\u00fcr das Restaurant Kle - Organisator<\/title>\n<meta name=\"description\" content=\"Restaurant Kle setzt auf pflanzliche Men\u00fcs und lokales Rebranding. Elegante, spielerische Gestaltung inspiriert von Schweizer W\u00e4ldern.\" \/>\n<meta name=\"robots\" content=\"index, follow, max-snippet:-1, max-image-preview:large, max-video-preview:-1\" \/>\n<link rel=\"canonical\" href=\"https:\/\/www.organisator.ch\/en\/marketing\/2024-05-30\/wecatch-realisiert-rebranding-fuer-das-restaurant-kle\/\" \/>\n<meta property=\"og:locale\" content=\"en_US\" \/>\n<meta property=\"og:type\" content=\"article\" \/>\n<meta property=\"og:title\" content=\"Wecatch realisiert Rebranding f\u00fcr das Restaurant Kle - Organisator\" \/>\n<meta property=\"og:description\" content=\"Restaurant Kle setzt auf pflanzliche Men\u00fcs und lokales Rebranding. Elegante, spielerische Gestaltung inspiriert von Schweizer W\u00e4ldern.\" \/>\n<meta property=\"og:url\" content=\"https:\/\/www.organisator.ch\/en\/marketing\/2024-05-30\/wecatch-realisiert-rebranding-fuer-das-restaurant-kle\/\" \/>\n<meta property=\"og:site_name\" content=\"Organisator\" \/>\n<meta property=\"article:publisher\" content=\"https:\/\/www.facebook.com\/OrganisatorFachmagazin\" \/>\n<meta property=\"article:published_time\" content=\"2024-05-30T14:22:37+00:00\" \/>\n<meta property=\"article:modified_time\" content=\"2024-11-11T04:01:22+00:00\" \/>\n<meta property=\"og:image\" content=\"https:\/\/www.werbewoche.ch\/wp-content\/uploads\/2024\/05\/01_WECATCH_Creative_Agency_Restaurant_KLE_BrandDesign.jpg\" \/>\n<meta name=\"author\" content=\"galledia\" \/>\n<meta name=\"twitter:card\" content=\"summary_large_image\" \/>\n<meta name=\"twitter:creator\" content=\"@admin\" \/>\n<script type=\"application\/ld+json\" class=\"yoast-schema-graph\">{\"@context\":\"https:\\\/\\\/schema.org\",\"@graph\":[{\"@type\":\"Article\",\"@id\":\"https:\\\/\\\/www.organisator.ch\\\/marketing\\\/2024-05-30\\\/wecatch-realisiert-rebranding-fuer-das-restaurant-kle\\\/#article\",\"isPartOf\":{\"@id\":\"https:\\\/\\\/www.organisator.ch\\\/marketing\\\/2024-05-30\\\/wecatch-realisiert-rebranding-fuer-das-restaurant-kle\\\/\"},\"author\":{\"name\":\"galledia\",\"@id\":\"https:\\\/\\\/www.organisator.ch\\\/#\\\/schema\\\/person\\\/4e51799071cd2dd1232ac003643ef5f0\"},\"headline\":\"Wecatch realisiert Rebranding f\u00fcr das Restaurant Kle\",\"datePublished\":\"2024-05-30T14:22:37+00:00\",\"dateModified\":\"2024-11-11T04:01:22+00:00\",\"mainEntityOfPage\":{\"@id\":\"https:\\\/\\\/www.organisator.ch\\\/marketing\\\/2024-05-30\\\/wecatch-realisiert-rebranding-fuer-das-restaurant-kle\\\/\"},\"wordCount\":195,\"publisher\":{\"@id\":\"https:\\\/\\\/www.organisator.ch\\\/#organization\"},\"image\":{\"@id\":\"https:\\\/\\\/www.organisator.ch\\\/marketing\\\/2024-05-30\\\/wecatch-realisiert-rebranding-fuer-das-restaurant-kle\\\/#primaryimage\"},\"thumbnailUrl\":\"https:\\\/\\\/www.werbewoche.ch\\\/wp-content\\\/uploads\\\/2024\\\/05\\\/01_WECATCH_Creative_Agency_Restaurant_KLE_BrandDesign.jpg\",\"keywords\":[\"Gastronomie\",\"Marken\",\"Rebranding\",\"Wecatch\"],\"articleSection\":[\"MARKETING\"],\"inLanguage\":\"en-US\"},{\"@type\":\"WebPage\",\"@id\":\"https:\\\/\\\/www.organisator.ch\\\/marketing\\\/2024-05-30\\\/wecatch-realisiert-rebranding-fuer-das-restaurant-kle\\\/\",\"url\":\"https:\\\/\\\/www.organisator.ch\\\/marketing\\\/2024-05-30\\\/wecatch-realisiert-rebranding-fuer-das-restaurant-kle\\\/\",\"name\":\"Wecatch realisiert Rebranding f\u00fcr das Restaurant Kle - Organisator\",\"isPartOf\":{\"@id\":\"https:\\\/\\\/www.organisator.ch\\\/#website\"},\"primaryImageOfPage\":{\"@id\":\"https:\\\/\\\/www.organisator.ch\\\/marketing\\\/2024-05-30\\\/wecatch-realisiert-rebranding-fuer-das-restaurant-kle\\\/#primaryimage\"},\"image\":{\"@id\":\"https:\\\/\\\/www.organisator.ch\\\/marketing\\\/2024-05-30\\\/wecatch-realisiert-rebranding-fuer-das-restaurant-kle\\\/#primaryimage\"},\"thumbnailUrl\":\"https:\\\/\\\/www.werbewoche.ch\\\/wp-content\\\/uploads\\\/2024\\\/05\\\/01_WECATCH_Creative_Agency_Restaurant_KLE_BrandDesign.jpg\",\"datePublished\":\"2024-05-30T14:22:37+00:00\",\"dateModified\":\"2024-11-11T04:01:22+00:00\",\"description\":\"Restaurant Kle setzt auf pflanzliche Men\u00fcs und lokales Rebranding. Elegante, spielerische Gestaltung inspiriert von Schweizer W\u00e4ldern.\",\"breadcrumb\":{\"@id\":\"https:\\\/\\\/www.organisator.ch\\\/marketing\\\/2024-05-30\\\/wecatch-realisiert-rebranding-fuer-das-restaurant-kle\\\/#breadcrumb\"},\"inLanguage\":\"en-US\",\"potentialAction\":[{\"@type\":\"ReadAction\",\"target\":[\"https:\\\/\\\/www.organisator.ch\\\/marketing\\\/2024-05-30\\\/wecatch-realisiert-rebranding-fuer-das-restaurant-kle\\\/\"]}]},{\"@type\":\"ImageObject\",\"inLanguage\":\"en-US\",\"@id\":\"https:\\\/\\\/www.organisator.ch\\\/marketing\\\/2024-05-30\\\/wecatch-realisiert-rebranding-fuer-das-restaurant-kle\\\/#primaryimage\",\"url\":\"https:\\\/\\\/www.werbewoche.ch\\\/wp-content\\\/uploads\\\/2024\\\/05\\\/01_WECATCH_Creative_Agency_Restaurant_KLE_BrandDesign.jpg\",\"contentUrl\":\"https:\\\/\\\/www.werbewoche.ch\\\/wp-content\\\/uploads\\\/2024\\\/05\\\/01_WECATCH_Creative_Agency_Restaurant_KLE_BrandDesign.jpg\"},{\"@type\":\"BreadcrumbList\",\"@id\":\"https:\\\/\\\/www.organisator.ch\\\/marketing\\\/2024-05-30\\\/wecatch-realisiert-rebranding-fuer-das-restaurant-kle\\\/#breadcrumb\",\"itemListElement\":[{\"@type\":\"ListItem\",\"position\":1,\"name\":\"Home\",\"item\":\"https:\\\/\\\/www.organisator.ch\\\/\"},{\"@type\":\"ListItem\",\"position\":2,\"name\":\"Wecatch realisiert Rebranding f\u00fcr das Restaurant Kle\"}]},{\"@type\":\"WebSite\",\"@id\":\"https:\\\/\\\/www.organisator.ch\\\/#website\",\"url\":\"https:\\\/\\\/www.organisator.ch\\\/\",\"name\":\"Organisator\",\"description\":\"Kompetent. Praxisnah. Der ORGANISATOR bereitet in 10 Ausgaben pro Jahr die wesentlichen Themen f\u00fcr F\u00fchrungskr\u00e4fte von KMU auf.\",\"publisher\":{\"@id\":\"https:\\\/\\\/www.organisator.ch\\\/#organization\"},\"potentialAction\":[{\"@type\":\"SearchAction\",\"target\":{\"@type\":\"EntryPoint\",\"urlTemplate\":\"https:\\\/\\\/www.organisator.ch\\\/?s={search_term_string}\"},\"query-input\":{\"@type\":\"PropertyValueSpecification\",\"valueRequired\":true,\"valueName\":\"search_term_string\"}}],\"inLanguage\":\"en-US\"},{\"@type\":\"Organization\",\"@id\":\"https:\\\/\\\/www.organisator.ch\\\/#organization\",\"name\":\"Organisator\",\"url\":\"https:\\\/\\\/www.organisator.ch\\\/\",\"logo\":{\"@type\":\"ImageObject\",\"inLanguage\":\"en-US\",\"@id\":\"https:\\\/\\\/www.organisator.ch\\\/#\\\/schema\\\/logo\\\/image\\\/\",\"url\":\"https:\\\/\\\/www.organisator.ch\\\/wp-content\\\/uploads\\\/2022\\\/01\\\/Logo_Organisator_Website.png\",\"contentUrl\":\"https:\\\/\\\/www.organisator.ch\\\/wp-content\\\/uploads\\\/2022\\\/01\\\/Logo_Organisator_Website.png\",\"width\":800,\"height\":77,\"caption\":\"Organisator\"},\"image\":{\"@id\":\"https:\\\/\\\/www.organisator.ch\\\/#\\\/schema\\\/logo\\\/image\\\/\"},\"sameAs\":[\"https:\\\/\\\/www.facebook.com\\\/OrganisatorFachmagazin\",\"https:\\\/\\\/www.linkedin.com\\\/showcase\\\/organisator-das-magazin-fr-kmu\",\"https:\\\/\\\/www.xing.com\\\/news\\\/pages\\\/organisator-ch-695\",\"https:\\\/\\\/www.youtube.com\\\/channel\\\/UCGP2Sq0iWaZwT3BdIAQFYpw\"]},{\"@type\":\"Person\",\"@id\":\"https:\\\/\\\/www.organisator.ch\\\/#\\\/schema\\\/person\\\/4e51799071cd2dd1232ac003643ef5f0\",\"name\":\"galledia\",\"image\":{\"@type\":\"ImageObject\",\"inLanguage\":\"en-US\",\"@id\":\"https:\\\/\\\/secure.gravatar.com\\\/avatar\\\/78a7f90c01fc2bfc875782a0d4922b37cde2cf184ce347b91316d23cd7f69a36?s=96&d=mm&r=g\",\"url\":\"https:\\\/\\\/secure.gravatar.com\\\/avatar\\\/78a7f90c01fc2bfc875782a0d4922b37cde2cf184ce347b91316d23cd7f69a36?s=96&d=mm&r=g\",\"contentUrl\":\"https:\\\/\\\/secure.gravatar.com\\\/avatar\\\/78a7f90c01fc2bfc875782a0d4922b37cde2cf184ce347b91316d23cd7f69a36?s=96&d=mm&r=g\",\"caption\":\"galledia\"},\"sameAs\":[\"https:\\\/\\\/x.com\\\/admin\"],\"url\":\"https:\\\/\\\/www.organisator.ch\\\/en\\\/author\\\/galledia\\\/\"}]}<\/script>\n<!-- \/ Yoast SEO plugin. -->","yoast_head_json":{"title":"Wecatch realizes rebranding for the restaurant Kle - Organizer","description":"Restaurant Kle focuses on plant-based menus and local rebranding. Elegant, playful design inspired by Swiss forests.","robots":{"index":"index","follow":"follow","max-snippet":"max-snippet:-1","max-image-preview":"max-image-preview:large","max-video-preview":"max-video-preview:-1"},"canonical":"https:\/\/www.organisator.ch\/en\/marketing\/2024-05-30\/wecatch-realisiert-rebranding-fuer-das-restaurant-kle\/","og_locale":"en_US","og_type":"article","og_title":"Wecatch realisiert Rebranding f\u00fcr das Restaurant Kle - Organisator","og_description":"Restaurant Kle setzt auf pflanzliche Men\u00fcs und lokales Rebranding. Elegante, spielerische Gestaltung inspiriert von Schweizer W\u00e4ldern.","og_url":"https:\/\/www.organisator.ch\/en\/marketing\/2024-05-30\/wecatch-realisiert-rebranding-fuer-das-restaurant-kle\/","og_site_name":"Organisator","article_publisher":"https:\/\/www.facebook.com\/OrganisatorFachmagazin","article_published_time":"2024-05-30T14:22:37+00:00","article_modified_time":"2024-11-11T04:01:22+00:00","og_image":[{"url":"https:\/\/www.werbewoche.ch\/wp-content\/uploads\/2024\/05\/01_WECATCH_Creative_Agency_Restaurant_KLE_BrandDesign.jpg","type":"","width":"","height":""}],"author":"galledia","twitter_card":"summary_large_image","twitter_creator":"@admin","schema":{"@context":"https:\/\/schema.org","@graph":[{"@type":"Article","@id":"https:\/\/www.organisator.ch\/marketing\/2024-05-30\/wecatch-realisiert-rebranding-fuer-das-restaurant-kle\/#article","isPartOf":{"@id":"https:\/\/www.organisator.ch\/marketing\/2024-05-30\/wecatch-realisiert-rebranding-fuer-das-restaurant-kle\/"},"author":{"name":"galledia","@id":"https:\/\/www.organisator.ch\/#\/schema\/person\/4e51799071cd2dd1232ac003643ef5f0"},"headline":"Wecatch realisiert Rebranding f\u00fcr das Restaurant Kle","datePublished":"2024-05-30T14:22:37+00:00","dateModified":"2024-11-11T04:01:22+00:00","mainEntityOfPage":{"@id":"https:\/\/www.organisator.ch\/marketing\/2024-05-30\/wecatch-realisiert-rebranding-fuer-das-restaurant-kle\/"},"wordCount":195,"publisher":{"@id":"https:\/\/www.organisator.ch\/#organization"},"image":{"@id":"https:\/\/www.organisator.ch\/marketing\/2024-05-30\/wecatch-realisiert-rebranding-fuer-das-restaurant-kle\/#primaryimage"},"thumbnailUrl":"https:\/\/www.werbewoche.ch\/wp-content\/uploads\/2024\/05\/01_WECATCH_Creative_Agency_Restaurant_KLE_BrandDesign.jpg","keywords":["Gastronomie","Marken","Rebranding","Wecatch"],"articleSection":["MARKETING"],"inLanguage":"en-US"},{"@type":"WebPage","@id":"https:\/\/www.organisator.ch\/marketing\/2024-05-30\/wecatch-realisiert-rebranding-fuer-das-restaurant-kle\/","url":"https:\/\/www.organisator.ch\/marketing\/2024-05-30\/wecatch-realisiert-rebranding-fuer-das-restaurant-kle\/","name":"Wecatch realizes rebranding for the restaurant Kle - Organizer","isPartOf":{"@id":"https:\/\/www.organisator.ch\/#website"},"primaryImageOfPage":{"@id":"https:\/\/www.organisator.ch\/marketing\/2024-05-30\/wecatch-realisiert-rebranding-fuer-das-restaurant-kle\/#primaryimage"},"image":{"@id":"https:\/\/www.organisator.ch\/marketing\/2024-05-30\/wecatch-realisiert-rebranding-fuer-das-restaurant-kle\/#primaryimage"},"thumbnailUrl":"https:\/\/www.werbewoche.ch\/wp-content\/uploads\/2024\/05\/01_WECATCH_Creative_Agency_Restaurant_KLE_BrandDesign.jpg","datePublished":"2024-05-30T14:22:37+00:00","dateModified":"2024-11-11T04:01:22+00:00","description":"Restaurant Kle focuses on plant-based menus and local rebranding. Elegant, playful design inspired by Swiss forests.","breadcrumb":{"@id":"https:\/\/www.organisator.ch\/marketing\/2024-05-30\/wecatch-realisiert-rebranding-fuer-das-restaurant-kle\/#breadcrumb"},"inLanguage":"en-US","potentialAction":[{"@type":"ReadAction","target":["https:\/\/www.organisator.ch\/marketing\/2024-05-30\/wecatch-realisiert-rebranding-fuer-das-restaurant-kle\/"]}]},{"@type":"ImageObject","inLanguage":"en-US","@id":"https:\/\/www.organisator.ch\/marketing\/2024-05-30\/wecatch-realisiert-rebranding-fuer-das-restaurant-kle\/#primaryimage","url":"https:\/\/www.werbewoche.ch\/wp-content\/uploads\/2024\/05\/01_WECATCH_Creative_Agency_Restaurant_KLE_BrandDesign.jpg","contentUrl":"https:\/\/www.werbewoche.ch\/wp-content\/uploads\/2024\/05\/01_WECATCH_Creative_Agency_Restaurant_KLE_BrandDesign.jpg"},{"@type":"BreadcrumbList","@id":"https:\/\/www.organisator.ch\/marketing\/2024-05-30\/wecatch-realisiert-rebranding-fuer-das-restaurant-kle\/#breadcrumb","itemListElement":[{"@type":"ListItem","position":1,"name":"Home","item":"https:\/\/www.organisator.ch\/"},{"@type":"ListItem","position":2,"name":"Wecatch realisiert Rebranding f\u00fcr das Restaurant Kle"}]},{"@type":"WebSite","@id":"https:\/\/www.organisator.ch\/#website","url":"https:\/\/www.organisator.ch\/","name":"Organizer","description":"Competent. Practical. In 10 issues per year, ORGANISATOR presents the essential topics for managers of SMEs.","publisher":{"@id":"https:\/\/www.organisator.ch\/#organization"},"potentialAction":[{"@type":"SearchAction","target":{"@type":"EntryPoint","urlTemplate":"https:\/\/www.organisator.ch\/?s={search_term_string}"},"query-input":{"@type":"PropertyValueSpecification","valueRequired":true,"valueName":"search_term_string"}}],"inLanguage":"en-US"},{"@type":"Organization","@id":"https:\/\/www.organisator.ch\/#organization","name":"Organizer","url":"https:\/\/www.organisator.ch\/","logo":{"@type":"ImageObject","inLanguage":"en-US","@id":"https:\/\/www.organisator.ch\/#\/schema\/logo\/image\/","url":"https:\/\/www.organisator.ch\/wp-content\/uploads\/2022\/01\/Logo_Organisator_Website.png","contentUrl":"https:\/\/www.organisator.ch\/wp-content\/uploads\/2022\/01\/Logo_Organisator_Website.png","width":800,"height":77,"caption":"Organisator"},"image":{"@id":"https:\/\/www.organisator.ch\/#\/schema\/logo\/image\/"},"sameAs":["https:\/\/www.facebook.com\/OrganisatorFachmagazin","https:\/\/www.linkedin.com\/showcase\/organisator-das-magazin-fr-kmu","https:\/\/www.xing.com\/news\/pages\/organisator-ch-695","https:\/\/www.youtube.com\/channel\/UCGP2Sq0iWaZwT3BdIAQFYpw"]},{"@type":"Person","@id":"https:\/\/www.organisator.ch\/#\/schema\/person\/4e51799071cd2dd1232ac003643ef5f0","name":"galledia","image":{"@type":"ImageObject","inLanguage":"en-US","@id":"https:\/\/secure.gravatar.com\/avatar\/78a7f90c01fc2bfc875782a0d4922b37cde2cf184ce347b91316d23cd7f69a36?s=96&d=mm&r=g","url":"https:\/\/secure.gravatar.com\/avatar\/78a7f90c01fc2bfc875782a0d4922b37cde2cf184ce347b91316d23cd7f69a36?s=96&d=mm&r=g","contentUrl":"https:\/\/secure.gravatar.com\/avatar\/78a7f90c01fc2bfc875782a0d4922b37cde2cf184ce347b91316d23cd7f69a36?s=96&d=mm&r=g","caption":"galledia"},"sameAs":["https:\/\/x.com\/admin"],"url":"https:\/\/www.organisator.ch\/en\/author\/galledia\/"}]}},"_links":{"self":[{"href":"https:\/\/www.organisator.ch\/en\/wp-json\/wp\/v2\/posts\/27388","targetHints":{"allow":["GET"]}}],"collection":[{"href":"https:\/\/www.organisator.ch\/en\/wp-json\/wp\/v2\/posts"}],"about":[{"href":"https:\/\/www.organisator.ch\/en\/wp-json\/wp\/v2\/types\/post"}],"author":[{"embeddable":true,"href":"https:\/\/www.organisator.ch\/en\/wp-json\/wp\/v2\/users\/8"}],"replies":[{"embeddable":true,"href":"https:\/\/www.organisator.ch\/en\/wp-json\/wp\/v2\/comments?post=27388"}],"version-history":[{"count":5,"href":"https:\/\/www.organisator.ch\/en\/wp-json\/wp\/v2\/posts\/27388\/revisions"}],"predecessor-version":[{"id":32221,"href":"https:\/\/www.organisator.ch\/en\/wp-json\/wp\/v2\/posts\/27388\/revisions\/32221"}],"wp:attachment":[{"href":"https:\/\/www.organisator.ch\/en\/wp-json\/wp\/v2\/media?parent=27388"}],"wp:term":[{"taxonomy":"category","embeddable":true,"href":"https:\/\/www.organisator.ch\/en\/wp-json\/wp\/v2\/categories?post=27388"},{"taxonomy":"post_tag","embeddable":true,"href":"https:\/\/www.organisator.ch\/en\/wp-json\/wp\/v2\/tags?post=27388"}],"curies":[{"name":"wp","href":"https:\/\/api.w.org\/{rel}","templated":true}]}}