{"id":27409,"date":"2024-06-03T12:35:32","date_gmt":"2024-06-03T10:35:32","guid":{"rendered":"https:\/\/www.organisator.ch\/?p=27409"},"modified":"2024-06-03T11:06:27","modified_gmt":"2024-06-03T09:06:27","slug":"powertage-2024-mit-spannenden-einblicken-in-die-energiezukunft","status":"publish","type":"post","link":"https:\/\/www.organisator.ch\/en\/sustainability\/2024-06-03\/powertage-2024-mit-spannenden-einblicken-in-die-energiezukunft\/","title":{"rendered":"Powertage 2024: With exciting insights into the future of energy"},"content":{"rendered":"<figure id=\"attachment_27410\" aria-describedby=\"caption-attachment-27410\" style=\"width: 680px\" class=\"wp-caption alignnone\"><img loading=\"lazy\" decoding=\"async\" class=\"size-full wp-image-27410\" src=\"https:\/\/www.organisator.ch\/wp-content\/uploads\/2024\/06\/Powertage_Bild1_ps.jpg\" alt=\"\" width=\"680\" height=\"453\" srcset=\"https:\/\/www.organisator.ch\/wp-content\/uploads\/2024\/06\/Powertage_Bild1_ps.jpg 680w, https:\/\/www.organisator.ch\/wp-content\/uploads\/2024\/06\/Powertage_Bild1_ps-18x12.jpg 18w, https:\/\/www.organisator.ch\/wp-content\/uploads\/2024\/06\/Powertage_Bild1_ps-375x250.jpg 375w, https:\/\/www.organisator.ch\/wp-content\/uploads\/2024\/06\/Powertage_Bild1_ps-525x350.jpg 525w\" sizes=\"auto, (max-width: 680px) 100vw, 680px\" \/><figcaption id=\"caption-attachment-27410\" class=\"wp-caption-text\">Around 150 leading suppliers from the sector will be presenting their products, technologies and services from various areas of the electricity industry at the Powertage exhibition. (Image: Powertage \/ MCH Group \/ Sara Barth)<\/figcaption><\/figure>\n<p>Every two years, the Power Days bring together experts, decision-makers, specialists and innovative companies from the Swiss electricity and energy industry. Together with the Association of Swiss Electricity Companies (VSE), Electrosuisse, the Swiss Federal Office of Energy (SFOE) and swissmig, the Power Days promote dialog on current, complex issues and the exchange of knowledge.<\/p>\n<h3><strong>Focus on key industry topics<\/strong><\/h3>\n<p>The tenth edition of the meeting place for the Swiss electricity industry will take place at Messe Z\u00fcrich from June 4 to 6, 2024 - precisely in the week in which the new Electricity Act, which is intended to set the course for a successful transformation of the energy system, will be voted on in Switzerland. Under the guiding theme \"Transformation to a sustainable energy system\", three specialist forums and the exhibition will shed light on key topics: renewable electricity supply, security of supply in Switzerland, digitalization and artificial intelligence as well as skills change - all cross-cutting issues for the economy and society.<\/p>\n<h3><strong>Highlights in the Powertage specialist forum<\/strong><\/h3>\n<p>The Powertage expert forum, organized under the patronage of the VSE, will start on 4 June 2024 with a focus on the political course and framework conditions of the energy transition. Konrad Z\u00f6schg, Head of Technology at Swissgrid, will open the forum with his keynote speech \"Innovation &amp; digitalization in the transmission grid\", in which he will present concrete examples of innovative and digitalized further development of the grid. Afterwards, SFOE Director Beno\u00eet Revaz, the Secretary General of the EnDK Jan Fl\u00fcckiger, VSE Director Michael Frank and Konrad Z\u00f6schg will discuss the necessary course for the progress of the energy transition.<\/p>\n<p>On the second day, under the patronage of Electrosuisse, the focus will be on core technological elements. Rudolf Meier, President of CIGRE CH, Managing Director of EnerTrans and Head of EVT at Bouygues Energies &amp; Services, will provide an overview of CIGRE.org and show practical examples of how the knowledge management platform can be used efficiently to create and share expertise on energy systems. This will be followed by presentations on important trends such as artificial intelligence, cyber security, electromobility integration and power electronics in electricity grids.<\/p>\n<p>The last day, Thursday, June 6, 2024, is dedicated to transformation and collaboration. In his keynote speech \"The Power of Imagineering - A Guide to Shaping the Future\", transformation researcher J\u00f6rg Metelmann emphasizes that real change requires not only knowledge and skills but also social participation. This will be followed by <a href=\"https:\/\/www.organisator.ch\/de\/management\/2024-05-31\/franziska-barmettler-wird-neue-ceo-von-digitalswitzerland\/\">Franziska Barmettler (Zurich Cantonal Councillor and Head of Sustainability at IKEA Switzerland)<\/a>Alexander Keberle (member of the Executive Board and responsible for the energy dossier at economiesuisse) and Alena Weibel (Head of Corporate Communications at Axpo) will take a seat on the podium to discuss the challenges of the energy transition, the lessons learned in recent years and future paths.<\/p>\n<h3><strong>Leading providers under one roof<\/strong><\/h3>\n<p>Around 150 leading suppliers from the industry will be presenting their products, technologies and services from various areas of the electricity industry at the Powertage exhibition. Energy start-ups will also provide exciting impetus by showcasing their innovations in the xplor Startup Village. The classic exhibition will be complemented by the Speakers Corner, where start-ups will compete in the afternoon with innovation pitches and established companies will present their solutions and products.<\/p>\n<p><em>Source: <a href=\"http:\/\/www.powertage.ch\">www.powertage.ch<\/a><\/em><\/p>","protected":false},"excerpt":{"rendered":"<p>From Tuesday, June 4, 2024, the Powertage will bring together the players in the Swiss electricity and energy industry at Messe Z\u00fcrich and celebrate its 20th anniversary. The event brings together around 150 exhibitors and offers a platform for discussing current challenges and innovations. The highlight is the specialist forum with keynotes, panel discussions and showcase projects. The main theme: the transition to a sustainable energy system.<\/p>","protected":false},"author":58,"featured_media":27410,"comment_status":"closed","ping_status":"closed","sticky":false,"template":"","format":"standard","meta":{"_acf_changed":false,"_yoast_wpseo_focuskw":"Powertage","_yoast_wpseo_metadesc":"Ab Dienstag, dem 4. Juni 2024, versammeln die Powertage die Akteure der Schweizer Strom- und Energiewirtschaft in der Messe Z\u00fcrich.","articlekey":"","footnotes":""},"categories":[580],"tags":[156,584,4243,1787],"class_list":["post-27409","post","type-post","status-publish","format-standard","has-post-thumbnail","hentry","category-sustainability","tag-digitalisierung","tag-energie","tag-fachforum","tag-nachhaltigkeit"],"acf":[],"yoast_head":"<!-- This site is optimized with the Yoast SEO plugin v27.4 - https:\/\/yoast.com\/product\/yoast-seo-wordpress\/ -->\n<title>Powertage 2024: Mit spannenden Einblicken in die Energiezukunft - Organisator<\/title>\n<meta name=\"description\" content=\"Ab Dienstag, dem 4. Juni 2024, versammeln die Powertage die Akteure der Schweizer Strom- und Energiewirtschaft in der Messe Z\u00fcrich.\" \/>\n<meta name=\"robots\" content=\"index, follow, max-snippet:-1, max-image-preview:large, max-video-preview:-1\" \/>\n<link rel=\"canonical\" href=\"https:\/\/www.organisator.ch\/en\/sustainability\/2024-06-03\/powertage-2024-mit-spannenden-einblicken-in-die-energiezukunft\/\" \/>\n<meta property=\"og:locale\" content=\"en_US\" \/>\n<meta property=\"og:type\" content=\"article\" \/>\n<meta property=\"og:title\" content=\"Powertage 2024: Mit spannenden Einblicken in die Energiezukunft\" \/>\n<meta property=\"og:description\" content=\"Ab Dienstag, dem 4. Juni 2024, versammeln die Powertage die Akteure der Schweizer Strom- und Energiewirtschaft in der Messe Z\u00fcrich.\" \/>\n<meta property=\"og:url\" content=\"https:\/\/www.organisator.ch\/en\/sustainability\/2024-06-03\/powertage-2024-mit-spannenden-einblicken-in-die-energiezukunft\/\" \/>\n<meta property=\"og:site_name\" content=\"Organisator\" \/>\n<meta property=\"article:publisher\" content=\"https:\/\/www.facebook.com\/OrganisatorFachmagazin\" \/>\n<meta property=\"article:published_time\" content=\"2024-06-03T10:35:32+00:00\" \/>\n<meta property=\"og:image\" content=\"https:\/\/www.organisator.ch\/wp-content\/uploads\/2024\/06\/Powertage_Bild1_ps.jpg\" \/>\n\t<meta property=\"og:image:width\" content=\"680\" \/>\n\t<meta property=\"og:image:height\" content=\"453\" \/>\n\t<meta property=\"og:image:type\" content=\"image\/jpeg\" \/>\n<meta name=\"author\" content=\"Adelisa Kalajdzini\" \/>\n<meta name=\"twitter:card\" content=\"summary_large_image\" \/>\n<meta name=\"twitter:title\" content=\"Powertage 2024: Mit spannenden Einblicken in die Energiezukunft\" \/>\n<meta name=\"twitter:description\" content=\"Ab Dienstag, dem 4. Juni 2024, versammeln die #Powertage die Akteure der Schweizer #Strom- und #Energiewirtschaft in der #Messe #Z\u00fcrich.\" \/>\n<meta name=\"twitter:image\" content=\"https:\/\/www.organisator.ch\/wp-content\/uploads\/2024\/06\/Powertage_Bild1_ps.jpg\" \/>\n<script type=\"application\/ld+json\" class=\"yoast-schema-graph\">{\"@context\":\"https:\\\/\\\/schema.org\",\"@graph\":[{\"@type\":\"Article\",\"@id\":\"https:\\\/\\\/www.organisator.ch\\\/sustainability\\\/2024-06-03\\\/powertage-2024-mit-spannenden-einblicken-in-die-energiezukunft\\\/#article\",\"isPartOf\":{\"@id\":\"https:\\\/\\\/www.organisator.ch\\\/sustainability\\\/2024-06-03\\\/powertage-2024-mit-spannenden-einblicken-in-die-energiezukunft\\\/\"},\"author\":{\"name\":\"Adelisa Kalajdzini\",\"@id\":\"https:\\\/\\\/www.organisator.ch\\\/#\\\/schema\\\/person\\\/2e1314a2172123f874db408d8911d3f3\"},\"headline\":\"Powertage 2024: Mit spannenden Einblicken in die Energiezukunft\",\"datePublished\":\"2024-06-03T10:35:32+00:00\",\"mainEntityOfPage\":{\"@id\":\"https:\\\/\\\/www.organisator.ch\\\/sustainability\\\/2024-06-03\\\/powertage-2024-mit-spannenden-einblicken-in-die-energiezukunft\\\/\"},\"wordCount\":536,\"publisher\":{\"@id\":\"https:\\\/\\\/www.organisator.ch\\\/#organization\"},\"image\":{\"@id\":\"https:\\\/\\\/www.organisator.ch\\\/sustainability\\\/2024-06-03\\\/powertage-2024-mit-spannenden-einblicken-in-die-energiezukunft\\\/#primaryimage\"},\"thumbnailUrl\":\"https:\\\/\\\/www.organisator.ch\\\/wp-content\\\/uploads\\\/2024\\\/06\\\/Powertage_Bild1_ps.jpg\",\"keywords\":[\"Digitalisierung\",\"ENERGIE\",\"Fachforum\",\"Nachhaltigkeit\"],\"articleSection\":[\"SUSTAINABILITY\"],\"inLanguage\":\"en-US\"},{\"@type\":\"WebPage\",\"@id\":\"https:\\\/\\\/www.organisator.ch\\\/sustainability\\\/2024-06-03\\\/powertage-2024-mit-spannenden-einblicken-in-die-energiezukunft\\\/\",\"url\":\"https:\\\/\\\/www.organisator.ch\\\/sustainability\\\/2024-06-03\\\/powertage-2024-mit-spannenden-einblicken-in-die-energiezukunft\\\/\",\"name\":\"Powertage 2024: Mit spannenden Einblicken in die Energiezukunft - Organisator\",\"isPartOf\":{\"@id\":\"https:\\\/\\\/www.organisator.ch\\\/#website\"},\"primaryImageOfPage\":{\"@id\":\"https:\\\/\\\/www.organisator.ch\\\/sustainability\\\/2024-06-03\\\/powertage-2024-mit-spannenden-einblicken-in-die-energiezukunft\\\/#primaryimage\"},\"image\":{\"@id\":\"https:\\\/\\\/www.organisator.ch\\\/sustainability\\\/2024-06-03\\\/powertage-2024-mit-spannenden-einblicken-in-die-energiezukunft\\\/#primaryimage\"},\"thumbnailUrl\":\"https:\\\/\\\/www.organisator.ch\\\/wp-content\\\/uploads\\\/2024\\\/06\\\/Powertage_Bild1_ps.jpg\",\"datePublished\":\"2024-06-03T10:35:32+00:00\",\"description\":\"Ab Dienstag, dem 4. Juni 2024, versammeln die Powertage die Akteure der Schweizer Strom- und Energiewirtschaft in der Messe Z\u00fcrich.\",\"breadcrumb\":{\"@id\":\"https:\\\/\\\/www.organisator.ch\\\/sustainability\\\/2024-06-03\\\/powertage-2024-mit-spannenden-einblicken-in-die-energiezukunft\\\/#breadcrumb\"},\"inLanguage\":\"en-US\",\"potentialAction\":[{\"@type\":\"ReadAction\",\"target\":[\"https:\\\/\\\/www.organisator.ch\\\/sustainability\\\/2024-06-03\\\/powertage-2024-mit-spannenden-einblicken-in-die-energiezukunft\\\/\"]}]},{\"@type\":\"ImageObject\",\"inLanguage\":\"en-US\",\"@id\":\"https:\\\/\\\/www.organisator.ch\\\/sustainability\\\/2024-06-03\\\/powertage-2024-mit-spannenden-einblicken-in-die-energiezukunft\\\/#primaryimage\",\"url\":\"https:\\\/\\\/www.organisator.ch\\\/wp-content\\\/uploads\\\/2024\\\/06\\\/Powertage_Bild1_ps.jpg\",\"contentUrl\":\"https:\\\/\\\/www.organisator.ch\\\/wp-content\\\/uploads\\\/2024\\\/06\\\/Powertage_Bild1_ps.jpg\",\"width\":680,\"height\":453,\"caption\":\"In der Powertage-Ausstellung pr\u00e4sentieren sich rund 150 f\u00fchrende Anbieter der Branche und stellen ihre Produkte, Technologien und Dienstleistungen aus diversen Bereichen der Stromwirtschaft vor. (Bild: Powertage \\\/ MCH Group \\\/ Sara Barth)\"},{\"@type\":\"BreadcrumbList\",\"@id\":\"https:\\\/\\\/www.organisator.ch\\\/sustainability\\\/2024-06-03\\\/powertage-2024-mit-spannenden-einblicken-in-die-energiezukunft\\\/#breadcrumb\",\"itemListElement\":[{\"@type\":\"ListItem\",\"position\":1,\"name\":\"Home\",\"item\":\"https:\\\/\\\/www.organisator.ch\\\/\"},{\"@type\":\"ListItem\",\"position\":2,\"name\":\"Powertage 2024: Mit spannenden Einblicken in die Energiezukunft\"}]},{\"@type\":\"WebSite\",\"@id\":\"https:\\\/\\\/www.organisator.ch\\\/#website\",\"url\":\"https:\\\/\\\/www.organisator.ch\\\/\",\"name\":\"Organisator\",\"description\":\"Kompetent. Praxisnah. Der ORGANISATOR bereitet in 10 Ausgaben pro Jahr die wesentlichen Themen f\u00fcr F\u00fchrungskr\u00e4fte von KMU auf.\",\"publisher\":{\"@id\":\"https:\\\/\\\/www.organisator.ch\\\/#organization\"},\"potentialAction\":[{\"@type\":\"SearchAction\",\"target\":{\"@type\":\"EntryPoint\",\"urlTemplate\":\"https:\\\/\\\/www.organisator.ch\\\/?s={search_term_string}\"},\"query-input\":{\"@type\":\"PropertyValueSpecification\",\"valueRequired\":true,\"valueName\":\"search_term_string\"}}],\"inLanguage\":\"en-US\"},{\"@type\":\"Organization\",\"@id\":\"https:\\\/\\\/www.organisator.ch\\\/#organization\",\"name\":\"Organisator\",\"url\":\"https:\\\/\\\/www.organisator.ch\\\/\",\"logo\":{\"@type\":\"ImageObject\",\"inLanguage\":\"en-US\",\"@id\":\"https:\\\/\\\/www.organisator.ch\\\/#\\\/schema\\\/logo\\\/image\\\/\",\"url\":\"https:\\\/\\\/www.organisator.ch\\\/wp-content\\\/uploads\\\/2022\\\/01\\\/Logo_Organisator_Website.png\",\"contentUrl\":\"https:\\\/\\\/www.organisator.ch\\\/wp-content\\\/uploads\\\/2022\\\/01\\\/Logo_Organisator_Website.png\",\"width\":800,\"height\":77,\"caption\":\"Organisator\"},\"image\":{\"@id\":\"https:\\\/\\\/www.organisator.ch\\\/#\\\/schema\\\/logo\\\/image\\\/\"},\"sameAs\":[\"https:\\\/\\\/www.facebook.com\\\/OrganisatorFachmagazin\",\"https:\\\/\\\/www.linkedin.com\\\/showcase\\\/organisator-das-magazin-fr-kmu\",\"https:\\\/\\\/www.xing.com\\\/news\\\/pages\\\/organisator-ch-695\",\"https:\\\/\\\/www.youtube.com\\\/channel\\\/UCGP2Sq0iWaZwT3BdIAQFYpw\"]},{\"@type\":\"Person\",\"@id\":\"https:\\\/\\\/www.organisator.ch\\\/#\\\/schema\\\/person\\\/2e1314a2172123f874db408d8911d3f3\",\"name\":\"Adelisa Kalajdzini\",\"image\":{\"@type\":\"ImageObject\",\"inLanguage\":\"en-US\",\"@id\":\"https:\\\/\\\/secure.gravatar.com\\\/avatar\\\/09a397c22ac58cad6f160ee8306348599df9df58a8ede73696226897b9fa4b24?s=96&d=mm&r=g\",\"url\":\"https:\\\/\\\/secure.gravatar.com\\\/avatar\\\/09a397c22ac58cad6f160ee8306348599df9df58a8ede73696226897b9fa4b24?s=96&d=mm&r=g\",\"contentUrl\":\"https:\\\/\\\/secure.gravatar.com\\\/avatar\\\/09a397c22ac58cad6f160ee8306348599df9df58a8ede73696226897b9fa4b24?s=96&d=mm&r=g\",\"caption\":\"Adelisa Kalajdzini\"},\"url\":\"https:\\\/\\\/www.organisator.ch\\\/en\\\/author\\\/adelisa-kalajdzini\\\/\"}]}<\/script>\n<!-- \/ Yoast SEO plugin. -->","yoast_head_json":{"title":"Powertage 2024: With exciting insights into the future of energy - Organizer","description":"From Tuesday, June 4, 2024, the Powertage will bring together the players in the Swiss electricity and energy industry at Messe Z\u00fcrich.","robots":{"index":"index","follow":"follow","max-snippet":"max-snippet:-1","max-image-preview":"max-image-preview:large","max-video-preview":"max-video-preview:-1"},"canonical":"https:\/\/www.organisator.ch\/en\/sustainability\/2024-06-03\/powertage-2024-mit-spannenden-einblicken-in-die-energiezukunft\/","og_locale":"en_US","og_type":"article","og_title":"Powertage 2024: Mit spannenden Einblicken in die Energiezukunft","og_description":"Ab Dienstag, dem 4. Juni 2024, versammeln die Powertage die Akteure der Schweizer Strom- und Energiewirtschaft in der Messe Z\u00fcrich.","og_url":"https:\/\/www.organisator.ch\/en\/sustainability\/2024-06-03\/powertage-2024-mit-spannenden-einblicken-in-die-energiezukunft\/","og_site_name":"Organisator","article_publisher":"https:\/\/www.facebook.com\/OrganisatorFachmagazin","article_published_time":"2024-06-03T10:35:32+00:00","og_image":[{"width":680,"height":453,"url":"https:\/\/www.organisator.ch\/wp-content\/uploads\/2024\/06\/Powertage_Bild1_ps.jpg","type":"image\/jpeg"}],"author":"Adelisa Kalajdzini","twitter_card":"summary_large_image","twitter_title":"Powertage 2024: Mit spannenden Einblicken in die Energiezukunft","twitter_description":"Ab Dienstag, dem 4. Juni 2024, versammeln die #Powertage die Akteure der Schweizer #Strom- und #Energiewirtschaft in der #Messe #Z\u00fcrich.","twitter_image":"https:\/\/www.organisator.ch\/wp-content\/uploads\/2024\/06\/Powertage_Bild1_ps.jpg","schema":{"@context":"https:\/\/schema.org","@graph":[{"@type":"Article","@id":"https:\/\/www.organisator.ch\/sustainability\/2024-06-03\/powertage-2024-mit-spannenden-einblicken-in-die-energiezukunft\/#article","isPartOf":{"@id":"https:\/\/www.organisator.ch\/sustainability\/2024-06-03\/powertage-2024-mit-spannenden-einblicken-in-die-energiezukunft\/"},"author":{"name":"Adelisa Kalajdzini","@id":"https:\/\/www.organisator.ch\/#\/schema\/person\/2e1314a2172123f874db408d8911d3f3"},"headline":"Powertage 2024: Mit spannenden Einblicken in die Energiezukunft","datePublished":"2024-06-03T10:35:32+00:00","mainEntityOfPage":{"@id":"https:\/\/www.organisator.ch\/sustainability\/2024-06-03\/powertage-2024-mit-spannenden-einblicken-in-die-energiezukunft\/"},"wordCount":536,"publisher":{"@id":"https:\/\/www.organisator.ch\/#organization"},"image":{"@id":"https:\/\/www.organisator.ch\/sustainability\/2024-06-03\/powertage-2024-mit-spannenden-einblicken-in-die-energiezukunft\/#primaryimage"},"thumbnailUrl":"https:\/\/www.organisator.ch\/wp-content\/uploads\/2024\/06\/Powertage_Bild1_ps.jpg","keywords":["Digitalisierung","ENERGIE","Fachforum","Nachhaltigkeit"],"articleSection":["SUSTAINABILITY"],"inLanguage":"en-US"},{"@type":"WebPage","@id":"https:\/\/www.organisator.ch\/sustainability\/2024-06-03\/powertage-2024-mit-spannenden-einblicken-in-die-energiezukunft\/","url":"https:\/\/www.organisator.ch\/sustainability\/2024-06-03\/powertage-2024-mit-spannenden-einblicken-in-die-energiezukunft\/","name":"Powertage 2024: With exciting insights into the future of energy - Organizer","isPartOf":{"@id":"https:\/\/www.organisator.ch\/#website"},"primaryImageOfPage":{"@id":"https:\/\/www.organisator.ch\/sustainability\/2024-06-03\/powertage-2024-mit-spannenden-einblicken-in-die-energiezukunft\/#primaryimage"},"image":{"@id":"https:\/\/www.organisator.ch\/sustainability\/2024-06-03\/powertage-2024-mit-spannenden-einblicken-in-die-energiezukunft\/#primaryimage"},"thumbnailUrl":"https:\/\/www.organisator.ch\/wp-content\/uploads\/2024\/06\/Powertage_Bild1_ps.jpg","datePublished":"2024-06-03T10:35:32+00:00","description":"From Tuesday, June 4, 2024, the Powertage will bring together the players in the Swiss electricity and energy industry at Messe Z\u00fcrich.","breadcrumb":{"@id":"https:\/\/www.organisator.ch\/sustainability\/2024-06-03\/powertage-2024-mit-spannenden-einblicken-in-die-energiezukunft\/#breadcrumb"},"inLanguage":"en-US","potentialAction":[{"@type":"ReadAction","target":["https:\/\/www.organisator.ch\/sustainability\/2024-06-03\/powertage-2024-mit-spannenden-einblicken-in-die-energiezukunft\/"]}]},{"@type":"ImageObject","inLanguage":"en-US","@id":"https:\/\/www.organisator.ch\/sustainability\/2024-06-03\/powertage-2024-mit-spannenden-einblicken-in-die-energiezukunft\/#primaryimage","url":"https:\/\/www.organisator.ch\/wp-content\/uploads\/2024\/06\/Powertage_Bild1_ps.jpg","contentUrl":"https:\/\/www.organisator.ch\/wp-content\/uploads\/2024\/06\/Powertage_Bild1_ps.jpg","width":680,"height":453,"caption":"In der Powertage-Ausstellung pr\u00e4sentieren sich rund 150 f\u00fchrende Anbieter der Branche und stellen ihre Produkte, Technologien und Dienstleistungen aus diversen Bereichen der Stromwirtschaft vor. (Bild: Powertage \/ MCH Group \/ Sara Barth)"},{"@type":"BreadcrumbList","@id":"https:\/\/www.organisator.ch\/sustainability\/2024-06-03\/powertage-2024-mit-spannenden-einblicken-in-die-energiezukunft\/#breadcrumb","itemListElement":[{"@type":"ListItem","position":1,"name":"Home","item":"https:\/\/www.organisator.ch\/"},{"@type":"ListItem","position":2,"name":"Powertage 2024: Mit spannenden Einblicken in die Energiezukunft"}]},{"@type":"WebSite","@id":"https:\/\/www.organisator.ch\/#website","url":"https:\/\/www.organisator.ch\/","name":"Organizer","description":"Competent. Practical. In 10 issues per year, ORGANISATOR presents the essential topics for managers of SMEs.","publisher":{"@id":"https:\/\/www.organisator.ch\/#organization"},"potentialAction":[{"@type":"SearchAction","target":{"@type":"EntryPoint","urlTemplate":"https:\/\/www.organisator.ch\/?s={search_term_string}"},"query-input":{"@type":"PropertyValueSpecification","valueRequired":true,"valueName":"search_term_string"}}],"inLanguage":"en-US"},{"@type":"Organization","@id":"https:\/\/www.organisator.ch\/#organization","name":"Organizer","url":"https:\/\/www.organisator.ch\/","logo":{"@type":"ImageObject","inLanguage":"en-US","@id":"https:\/\/www.organisator.ch\/#\/schema\/logo\/image\/","url":"https:\/\/www.organisator.ch\/wp-content\/uploads\/2022\/01\/Logo_Organisator_Website.png","contentUrl":"https:\/\/www.organisator.ch\/wp-content\/uploads\/2022\/01\/Logo_Organisator_Website.png","width":800,"height":77,"caption":"Organisator"},"image":{"@id":"https:\/\/www.organisator.ch\/#\/schema\/logo\/image\/"},"sameAs":["https:\/\/www.facebook.com\/OrganisatorFachmagazin","https:\/\/www.linkedin.com\/showcase\/organisator-das-magazin-fr-kmu","https:\/\/www.xing.com\/news\/pages\/organisator-ch-695","https:\/\/www.youtube.com\/channel\/UCGP2Sq0iWaZwT3BdIAQFYpw"]},{"@type":"Person","@id":"https:\/\/www.organisator.ch\/#\/schema\/person\/2e1314a2172123f874db408d8911d3f3","name":"Adelisa Kalajdzini","image":{"@type":"ImageObject","inLanguage":"en-US","@id":"https:\/\/secure.gravatar.com\/avatar\/09a397c22ac58cad6f160ee8306348599df9df58a8ede73696226897b9fa4b24?s=96&d=mm&r=g","url":"https:\/\/secure.gravatar.com\/avatar\/09a397c22ac58cad6f160ee8306348599df9df58a8ede73696226897b9fa4b24?s=96&d=mm&r=g","contentUrl":"https:\/\/secure.gravatar.com\/avatar\/09a397c22ac58cad6f160ee8306348599df9df58a8ede73696226897b9fa4b24?s=96&d=mm&r=g","caption":"Adelisa Kalajdzini"},"url":"https:\/\/www.organisator.ch\/en\/author\/adelisa-kalajdzini\/"}]}},"_links":{"self":[{"href":"https:\/\/www.organisator.ch\/en\/wp-json\/wp\/v2\/posts\/27409","targetHints":{"allow":["GET"]}}],"collection":[{"href":"https:\/\/www.organisator.ch\/en\/wp-json\/wp\/v2\/posts"}],"about":[{"href":"https:\/\/www.organisator.ch\/en\/wp-json\/wp\/v2\/types\/post"}],"author":[{"embeddable":true,"href":"https:\/\/www.organisator.ch\/en\/wp-json\/wp\/v2\/users\/58"}],"replies":[{"embeddable":true,"href":"https:\/\/www.organisator.ch\/en\/wp-json\/wp\/v2\/comments?post=27409"}],"version-history":[{"count":4,"href":"https:\/\/www.organisator.ch\/en\/wp-json\/wp\/v2\/posts\/27409\/revisions"}],"predecessor-version":[{"id":27431,"href":"https:\/\/www.organisator.ch\/en\/wp-json\/wp\/v2\/posts\/27409\/revisions\/27431"}],"wp:featuredmedia":[{"embeddable":true,"href":"https:\/\/www.organisator.ch\/en\/wp-json\/wp\/v2\/media\/27410"}],"wp:attachment":[{"href":"https:\/\/www.organisator.ch\/en\/wp-json\/wp\/v2\/media?parent=27409"}],"wp:term":[{"taxonomy":"category","embeddable":true,"href":"https:\/\/www.organisator.ch\/en\/wp-json\/wp\/v2\/categories?post=27409"},{"taxonomy":"post_tag","embeddable":true,"href":"https:\/\/www.organisator.ch\/en\/wp-json\/wp\/v2\/tags?post=27409"}],"curies":[{"name":"wp","href":"https:\/\/api.w.org\/{rel}","templated":true}]}}