{"id":2741,"date":"2017-11-21T08:15:26","date_gmt":"2017-11-21T07:15:26","guid":{"rendered":"https:\/\/www.organisator.ch\/?p=2741"},"modified":"2017-11-21T08:15:26","modified_gmt":"2017-11-21T07:15:26","slug":"hes-so-ein-neues-rektorat-fuer-die-zweitgroesste-schweizer-hochschule","status":"publish","type":"post","link":"https:\/\/www.organisator.ch\/en\/allgemein\/2017-11-21\/hes-so-ein-neues-rektorat-fuer-die-zweitgroesste-schweizer-hochschule\/","title":{"rendered":"HES-SO: a new rectorate for Switzerland's second largest university"},"content":{"rendered":"<figure id=\"attachment_2742\" aria-describedby=\"caption-attachment-2742\" style=\"width: 619px\" class=\"wp-caption alignnone\"><img loading=\"lazy\" decoding=\"async\" class=\"size-full wp-image-2742\" src=\"https:\/\/www.organisator.ch\/wp-content\/uploads\/2017\/11\/HES-SO-ein-neues-Rektorat-fuer-die-zweitgroesste-Schweizer-Hochschule-1_Organisator.jpg\" alt=\"\" width=\"619\" height=\"480\" srcset=\"https:\/\/www.organisator.ch\/wp-content\/uploads\/2017\/11\/HES-SO-ein-neues-Rektorat-fuer-die-zweitgroesste-Schweizer-Hochschule-1_Organisator.jpg 619w, https:\/\/www.organisator.ch\/wp-content\/uploads\/2017\/11\/HES-SO-ein-neues-Rektorat-fuer-die-zweitgroesste-Schweizer-Hochschule-1_Organisator-16x12.jpg 16w, https:\/\/www.organisator.ch\/wp-content\/uploads\/2017\/11\/HES-SO-ein-neues-Rektorat-fuer-die-zweitgroesste-Schweizer-Hochschule-1_Organisator-226x175.jpg 226w, https:\/\/www.organisator.ch\/wp-content\/uploads\/2017\/11\/HES-SO-ein-neues-Rektorat-fuer-die-zweitgroesste-Schweizer-Hochschule-1_Organisator-451x350.jpg 451w, https:\/\/www.organisator.ch\/wp-content\/uploads\/2017\/11\/HES-SO-ein-neues-Rektorat-fuer-die-zweitgroesste-Schweizer-Hochschule-1_Organisator-300x233.jpg 300w\" sizes=\"auto, (max-width: 619px) 100vw, 619px\" \/><figcaption id=\"caption-attachment-2742\" class=\"wp-caption-text\">Head of the Rectorate of the HES-SO: Luciana Vaccaro. (Images: HES-SO)<\/figcaption><\/figure>\n<p>The Government Committee, which met in Lausanne on Thursday, November 16, confirmed the Rectorate team proposed by HES-SO Rector Luciana Vaccaro. The Rectorate is thus composed of the following persons for the next four years:<\/p>\n<ul>\n<li>Luciana Vaccaro, Rector<\/li>\n<li>Yves Rey, Vice Rector Teaching<\/li>\n<li>Genevi\u00e8ve Le Fort, Vice Rector Quality<\/li>\n<li>Christine Pirinoli, Vice Rector Research and Innovation (new).<\/li>\n<\/ul>\n<figure id=\"attachment_2743\" aria-describedby=\"caption-attachment-2743\" style=\"width: 512px\" class=\"wp-caption alignnone\"><img loading=\"lazy\" decoding=\"async\" class=\"size-full wp-image-2743\" src=\"https:\/\/www.organisator.ch\/wp-content\/uploads\/2017\/11\/HES-SO-ein-neues-Rektorat-fuer-die-zweitgroesste-Schweizer-Hochschule-2_Organisator.jpg\" alt=\"\" width=\"512\" height=\"480\" srcset=\"https:\/\/www.organisator.ch\/wp-content\/uploads\/2017\/11\/HES-SO-ein-neues-Rektorat-fuer-die-zweitgroesste-Schweizer-Hochschule-2_Organisator.jpg 512w, https:\/\/www.organisator.ch\/wp-content\/uploads\/2017\/11\/HES-SO-ein-neues-Rektorat-fuer-die-zweitgroesste-Schweizer-Hochschule-2_Organisator-13x12.jpg 13w, https:\/\/www.organisator.ch\/wp-content\/uploads\/2017\/11\/HES-SO-ein-neues-Rektorat-fuer-die-zweitgroesste-Schweizer-Hochschule-2_Organisator-187x175.jpg 187w, https:\/\/www.organisator.ch\/wp-content\/uploads\/2017\/11\/HES-SO-ein-neues-Rektorat-fuer-die-zweitgroesste-Schweizer-Hochschule-2_Organisator-373x350.jpg 373w, https:\/\/www.organisator.ch\/wp-content\/uploads\/2017\/11\/HES-SO-ein-neues-Rektorat-fuer-die-zweitgroesste-Schweizer-Hochschule-2_Organisator-300x281.jpg 300w\" sizes=\"auto, (max-width: 512px) 100vw, 512px\" \/><figcaption id=\"caption-attachment-2743\" class=\"wp-caption-text\">Christine Pirinoli<\/figcaption><\/figure>\n<p>Christine Pirinoli, 52, takes up her position as Vice Rector Research and Innovation on March 1, 2018. She is currently a member of the Management Board of HESAV - Haute Ecole de Sant\u00e9 Vaud, where she is in charge of aF&amp;E, international relations and services. She holds a Master's degree in Public Administration from IDHEAP and a PhD in Social Sciences from the University of Lausanne. She combines her excellent knowledge of the higher education landscape with many years of experience in research leadership and governance.<\/p>\n<p>The current Vice Rector Research and Innovation Patrick Furrer, who will not extend his mandate, will hand over his duties at the end of February 2018. His commitment and achievements were acknowledged, including namely the introduction of a funding system with stronger incentives for research in the HES-SO, the establishment of the research unit aF&amp;E, which offers a proactive service to researchers, the creation of the HES-SO Innovation Award or even the introduction of procedures that meet the requirements of Open Access.<\/p>\n<p>The appointees form a team of complementary profiles that will support Rector Luciana Vaccaro in all the tasks that need to be accomplished over the next four years. These include, in particular, further developing the HES-SO in the face of the challenges of digitalization and World 4.0, supporting research in the universities in order to further enhance their quality and performance, guaranteeing the institutional accreditation of the HES-SO, and strengthening its national and international positioning. The HES-SO is the largest university-level higher education institution in Western Switzerland. It forms a wide network of higher education institutions across seven cantons and has 21,000 students from six academic disciplines. It awards more than 5,000 bachelor's and master's degrees annually, and more than 96 % of its graduates find a job within less than a year of graduation.<\/p>\n<p><a href=\"http:\/\/www.hes-so.ch\"><em>www.hes-so.ch<\/em> <\/a><\/p>\n<p><em><\/em><\/p>\n<p>&nbsp;<\/p>","protected":false},"excerpt":{"rendered":"<p>Der Regierungsausschuss, der am Donnerstag den 16. November in Lausanne tagte, best\u00e4tigte das von der Rektorin der HES-SO Luciana Vaccaro vorgeschlagene Rektoratsteam. Das Rektorat setzt sich damit f\u00fcr die kommenden vier Jahre aus den folgenden Personen zusammen: Luciana Vaccaro, Rektorin Yves Rey, Vizerektor Lehre Genevi\u00e8ve Le Fort, Vizerektorin Qualit\u00e4t Christine Pirinoli, Vizerektorin Forschung und Innovation [&hellip;]<\/p>\n","protected":false},"author":4,"featured_media":2742,"comment_status":"open","ping_status":"open","sticky":false,"template":"","format":"standard","meta":{"_acf_changed":false,"_yoast_wpseo_focuskw":"Rektorat","_yoast_wpseo_metadesc":"Das von der Rektorin Luciana Vaccaro vorgeschlagene Rektoratsteam f\u00fcr ein Mandat von vier Jahren ist nun best\u00e4tigt.","articlekey":"","footnotes":""},"categories":[1],"tags":[62,218,294,381,533],"class_list":["post-2741","post","type-post","status-publish","format-standard","has-post-thumbnail","hentry","category-allgemein","tag-aus-weiterbildung","tag-forschung","tag-karriere","tag-personalia","tag-wissenschaft"],"acf":[],"yoast_head":"<!-- This site is optimized with the Yoast SEO plugin v27.5 - https:\/\/yoast.com\/product\/yoast-seo-wordpress\/ -->\n<title>HES-SO: ein neues Rektorat f\u00fcr die zweitgr\u00f6sste Schweizer Hochschule - Organisator<\/title>\n<meta name=\"description\" content=\"Das von der Rektorin Luciana Vaccaro vorgeschlagene Rektoratsteam f\u00fcr ein Mandat von vier Jahren ist nun best\u00e4tigt.\" \/>\n<meta name=\"robots\" content=\"index, follow, max-snippet:-1, max-image-preview:large, max-video-preview:-1\" \/>\n<link rel=\"canonical\" href=\"https:\/\/www.organisator.ch\/en\/general\/2017-11-21\/hes-so-ein-neues-rektorat-fuer-die-zweitgroesste-schweizer-hochschule\/\" \/>\n<meta property=\"og:locale\" content=\"en_US\" \/>\n<meta property=\"og:type\" content=\"article\" \/>\n<meta property=\"og:title\" content=\"HES-SO: ein neues Rektorat f\u00fcr die zweitgr\u00f6sste Schweizer Hochschule\" \/>\n<meta property=\"og:description\" content=\"Das von der #Rektorin Luciana Vaccaro vorgeschlagene Rektoratsteam f\u00fcr ein Mandat von vier Jahren ist nun best\u00e4tigt.\" \/>\n<meta property=\"og:url\" content=\"https:\/\/www.organisator.ch\/en\/general\/2017-11-21\/hes-so-ein-neues-rektorat-fuer-die-zweitgroesste-schweizer-hochschule\/\" \/>\n<meta property=\"og:site_name\" content=\"Organisator\" \/>\n<meta property=\"article:publisher\" content=\"https:\/\/www.facebook.com\/OrganisatorFachmagazin\" \/>\n<meta property=\"article:published_time\" content=\"2017-11-21T07:15:26+00:00\" \/>\n<meta property=\"og:image\" content=\"https:\/\/www.organisator.ch\/wp-content\/uploads\/2017\/11\/HES-SO-ein-neues-Rektorat-fuer-die-zweitgroesste-Schweizer-Hochschule-1_Organisator.jpg\" \/>\n\t<meta property=\"og:image:width\" content=\"619\" \/>\n\t<meta property=\"og:image:height\" content=\"480\" \/>\n\t<meta property=\"og:image:type\" content=\"image\/jpeg\" \/>\n<meta name=\"author\" content=\"thomas.berner\" \/>\n<meta name=\"twitter:card\" content=\"summary_large_image\" \/>\n<meta name=\"twitter:title\" content=\"#HES-SO: ein neues #Rektorat f\u00fcr die zweitgr\u00f6sste Schweizer Hochschule\" \/>\n<meta name=\"twitter:description\" content=\"Das von der #Rektorin Luciana Vaccaro vorgeschlagene Rektoratsteam f\u00fcr ein Mandat von vier Jahren ist nun best\u00e4tigt.\" \/>\n<meta name=\"twitter:image\" content=\"https:\/\/www.organisator.ch\/wp-content\/uploads\/2017\/11\/HES-SO-ein-neues-Rektorat-f\u00fcr-die-zweitgr\u00f6sste-Schweizer-Hochschule-1_Organisator.jpg\" \/>\n<script type=\"application\/ld+json\" class=\"yoast-schema-graph\">{\"@context\":\"https:\\\/\\\/schema.org\",\"@graph\":[{\"@type\":\"Article\",\"@id\":\"https:\\\/\\\/www.organisator.ch\\\/en\\\/general\\\/2017-11-21\\\/hes-so-ein-neues-rektorat-fuer-die-zweitgroesste-schweizer-hochschule\\\/#article\",\"isPartOf\":{\"@id\":\"https:\\\/\\\/www.organisator.ch\\\/en\\\/general\\\/2017-11-21\\\/hes-so-ein-neues-rektorat-fuer-die-zweitgroesste-schweizer-hochschule\\\/\"},\"author\":{\"name\":\"thomas.berner\",\"@id\":\"https:\\\/\\\/www.organisator.ch\\\/#\\\/schema\\\/person\\\/6f650f90b2842cd4c0cc334b4e36f67e\"},\"headline\":\"HES-SO: ein neues Rektorat f\u00fcr die zweitgr\u00f6sste Schweizer Hochschule\",\"datePublished\":\"2017-11-21T07:15:26+00:00\",\"mainEntityOfPage\":{\"@id\":\"https:\\\/\\\/www.organisator.ch\\\/en\\\/general\\\/2017-11-21\\\/hes-so-ein-neues-rektorat-fuer-die-zweitgroesste-schweizer-hochschule\\\/\"},\"wordCount\":392,\"commentCount\":0,\"publisher\":{\"@id\":\"https:\\\/\\\/www.organisator.ch\\\/#organization\"},\"image\":{\"@id\":\"https:\\\/\\\/www.organisator.ch\\\/en\\\/general\\\/2017-11-21\\\/hes-so-ein-neues-rektorat-fuer-die-zweitgroesste-schweizer-hochschule\\\/#primaryimage\"},\"thumbnailUrl\":\"https:\\\/\\\/www.organisator.ch\\\/wp-content\\\/uploads\\\/2017\\\/11\\\/HES-SO-ein-neues-Rektorat-fuer-die-zweitgroesste-Schweizer-Hochschule-1_Organisator.jpg\",\"keywords\":[\"Aus-\\\/Weiterbildung\",\"Forschung\",\"Karriere\",\"Personalia\",\"Wissenschaft\"],\"articleSection\":[\"Allgemein\"],\"inLanguage\":\"en-US\"},{\"@type\":\"WebPage\",\"@id\":\"https:\\\/\\\/www.organisator.ch\\\/en\\\/general\\\/2017-11-21\\\/hes-so-ein-neues-rektorat-fuer-die-zweitgroesste-schweizer-hochschule\\\/\",\"url\":\"https:\\\/\\\/www.organisator.ch\\\/en\\\/general\\\/2017-11-21\\\/hes-so-ein-neues-rektorat-fuer-die-zweitgroesste-schweizer-hochschule\\\/\",\"name\":\"HES-SO: ein neues Rektorat f\u00fcr die zweitgr\u00f6sste Schweizer Hochschule - Organisator\",\"isPartOf\":{\"@id\":\"https:\\\/\\\/www.organisator.ch\\\/#website\"},\"primaryImageOfPage\":{\"@id\":\"https:\\\/\\\/www.organisator.ch\\\/en\\\/general\\\/2017-11-21\\\/hes-so-ein-neues-rektorat-fuer-die-zweitgroesste-schweizer-hochschule\\\/#primaryimage\"},\"image\":{\"@id\":\"https:\\\/\\\/www.organisator.ch\\\/en\\\/general\\\/2017-11-21\\\/hes-so-ein-neues-rektorat-fuer-die-zweitgroesste-schweizer-hochschule\\\/#primaryimage\"},\"thumbnailUrl\":\"https:\\\/\\\/www.organisator.ch\\\/wp-content\\\/uploads\\\/2017\\\/11\\\/HES-SO-ein-neues-Rektorat-fuer-die-zweitgroesste-Schweizer-Hochschule-1_Organisator.jpg\",\"datePublished\":\"2017-11-21T07:15:26+00:00\",\"description\":\"Das von der Rektorin Luciana Vaccaro vorgeschlagene Rektoratsteam f\u00fcr ein Mandat von vier Jahren ist nun best\u00e4tigt.\",\"breadcrumb\":{\"@id\":\"https:\\\/\\\/www.organisator.ch\\\/en\\\/general\\\/2017-11-21\\\/hes-so-ein-neues-rektorat-fuer-die-zweitgroesste-schweizer-hochschule\\\/#breadcrumb\"},\"inLanguage\":\"en-US\",\"potentialAction\":[{\"@type\":\"ReadAction\",\"target\":[\"https:\\\/\\\/www.organisator.ch\\\/en\\\/general\\\/2017-11-21\\\/hes-so-ein-neues-rektorat-fuer-die-zweitgroesste-schweizer-hochschule\\\/\"]}]},{\"@type\":\"ImageObject\",\"inLanguage\":\"en-US\",\"@id\":\"https:\\\/\\\/www.organisator.ch\\\/en\\\/general\\\/2017-11-21\\\/hes-so-ein-neues-rektorat-fuer-die-zweitgroesste-schweizer-hochschule\\\/#primaryimage\",\"url\":\"https:\\\/\\\/www.organisator.ch\\\/wp-content\\\/uploads\\\/2017\\\/11\\\/HES-SO-ein-neues-Rektorat-fuer-die-zweitgroesste-Schweizer-Hochschule-1_Organisator.jpg\",\"contentUrl\":\"https:\\\/\\\/www.organisator.ch\\\/wp-content\\\/uploads\\\/2017\\\/11\\\/HES-SO-ein-neues-Rektorat-fuer-die-zweitgroesste-Schweizer-Hochschule-1_Organisator.jpg\",\"width\":619,\"height\":480,\"caption\":\"Leitet das Rektorat der HES-SO: Luciana Vaccaro. (Bilder: HES-SO)\"},{\"@type\":\"BreadcrumbList\",\"@id\":\"https:\\\/\\\/www.organisator.ch\\\/en\\\/general\\\/2017-11-21\\\/hes-so-ein-neues-rektorat-fuer-die-zweitgroesste-schweizer-hochschule\\\/#breadcrumb\",\"itemListElement\":[{\"@type\":\"ListItem\",\"position\":1,\"name\":\"Home\",\"item\":\"https:\\\/\\\/www.organisator.ch\\\/\"},{\"@type\":\"ListItem\",\"position\":2,\"name\":\"HES-SO: ein neues Rektorat f\u00fcr die zweitgr\u00f6sste Schweizer Hochschule\"}]},{\"@type\":\"WebSite\",\"@id\":\"https:\\\/\\\/www.organisator.ch\\\/#website\",\"url\":\"https:\\\/\\\/www.organisator.ch\\\/\",\"name\":\"Organisator\",\"description\":\"Kompetent. Praxisnah. Der ORGANISATOR bereitet in 10 Ausgaben pro Jahr die wesentlichen Themen f\u00fcr F\u00fchrungskr\u00e4fte von KMU auf.\",\"publisher\":{\"@id\":\"https:\\\/\\\/www.organisator.ch\\\/#organization\"},\"potentialAction\":[{\"@type\":\"SearchAction\",\"target\":{\"@type\":\"EntryPoint\",\"urlTemplate\":\"https:\\\/\\\/www.organisator.ch\\\/?s={search_term_string}\"},\"query-input\":{\"@type\":\"PropertyValueSpecification\",\"valueRequired\":true,\"valueName\":\"search_term_string\"}}],\"inLanguage\":\"en-US\"},{\"@type\":\"Organization\",\"@id\":\"https:\\\/\\\/www.organisator.ch\\\/#organization\",\"name\":\"Organisator\",\"url\":\"https:\\\/\\\/www.organisator.ch\\\/\",\"logo\":{\"@type\":\"ImageObject\",\"inLanguage\":\"en-US\",\"@id\":\"https:\\\/\\\/www.organisator.ch\\\/#\\\/schema\\\/logo\\\/image\\\/\",\"url\":\"https:\\\/\\\/www.organisator.ch\\\/wp-content\\\/uploads\\\/2022\\\/01\\\/Logo_Organisator_Website.png\",\"contentUrl\":\"https:\\\/\\\/www.organisator.ch\\\/wp-content\\\/uploads\\\/2022\\\/01\\\/Logo_Organisator_Website.png\",\"width\":800,\"height\":77,\"caption\":\"Organisator\"},\"image\":{\"@id\":\"https:\\\/\\\/www.organisator.ch\\\/#\\\/schema\\\/logo\\\/image\\\/\"},\"sameAs\":[\"https:\\\/\\\/www.facebook.com\\\/OrganisatorFachmagazin\",\"https:\\\/\\\/www.linkedin.com\\\/showcase\\\/organisator-das-magazin-fr-kmu\",\"https:\\\/\\\/www.xing.com\\\/news\\\/pages\\\/organisator-ch-695\",\"https:\\\/\\\/www.youtube.com\\\/channel\\\/UCGP2Sq0iWaZwT3BdIAQFYpw\"]},{\"@type\":\"Person\",\"@id\":\"https:\\\/\\\/www.organisator.ch\\\/#\\\/schema\\\/person\\\/6f650f90b2842cd4c0cc334b4e36f67e\",\"name\":\"thomas.berner\",\"image\":{\"@type\":\"ImageObject\",\"inLanguage\":\"en-US\",\"@id\":\"https:\\\/\\\/secure.gravatar.com\\\/avatar\\\/ac5001d2a36cb6c6cd3e50789007ffca834b477b74a2144564522e944eabff61?s=96&d=mm&r=g\",\"url\":\"https:\\\/\\\/secure.gravatar.com\\\/avatar\\\/ac5001d2a36cb6c6cd3e50789007ffca834b477b74a2144564522e944eabff61?s=96&d=mm&r=g\",\"contentUrl\":\"https:\\\/\\\/secure.gravatar.com\\\/avatar\\\/ac5001d2a36cb6c6cd3e50789007ffca834b477b74a2144564522e944eabff61?s=96&d=mm&r=g\",\"caption\":\"thomas.berner\"},\"url\":\"https:\\\/\\\/www.organisator.ch\\\/en\\\/author\\\/thomas-berner\\\/\"}]}<\/script>\n<!-- \/ Yoast SEO plugin. -->","yoast_head_json":{"title":"HES-SO: a new rectorate for the second largest Swiss university - Organizer","description":"The Rectorate team proposed by Rector Luciana Vaccaro for a mandate of four years is now confirmed.","robots":{"index":"index","follow":"follow","max-snippet":"max-snippet:-1","max-image-preview":"max-image-preview:large","max-video-preview":"max-video-preview:-1"},"canonical":"https:\/\/www.organisator.ch\/en\/general\/2017-11-21\/hes-so-ein-neues-rektorat-fuer-die-zweitgroesste-schweizer-hochschule\/","og_locale":"en_US","og_type":"article","og_title":"HES-SO: ein neues Rektorat f\u00fcr die zweitgr\u00f6sste Schweizer Hochschule","og_description":"Das von der #Rektorin Luciana Vaccaro vorgeschlagene Rektoratsteam f\u00fcr ein Mandat von vier Jahren ist nun best\u00e4tigt.","og_url":"https:\/\/www.organisator.ch\/en\/general\/2017-11-21\/hes-so-ein-neues-rektorat-fuer-die-zweitgroesste-schweizer-hochschule\/","og_site_name":"Organisator","article_publisher":"https:\/\/www.facebook.com\/OrganisatorFachmagazin","article_published_time":"2017-11-21T07:15:26+00:00","og_image":[{"width":619,"height":480,"url":"https:\/\/www.organisator.ch\/wp-content\/uploads\/2017\/11\/HES-SO-ein-neues-Rektorat-fuer-die-zweitgroesste-Schweizer-Hochschule-1_Organisator.jpg","type":"image\/jpeg"}],"author":"thomas.berner","twitter_card":"summary_large_image","twitter_title":"#HES-SO: ein neues #Rektorat f\u00fcr die zweitgr\u00f6sste Schweizer Hochschule","twitter_description":"Das von der #Rektorin Luciana Vaccaro vorgeschlagene Rektoratsteam f\u00fcr ein Mandat von vier Jahren ist nun best\u00e4tigt.","twitter_image":"https:\/\/www.organisator.ch\/wp-content\/uploads\/2017\/11\/HES-SO-ein-neues-Rektorat-f\u00fcr-die-zweitgr\u00f6sste-Schweizer-Hochschule-1_Organisator.jpg","schema":{"@context":"https:\/\/schema.org","@graph":[{"@type":"Article","@id":"https:\/\/www.organisator.ch\/en\/general\/2017-11-21\/hes-so-ein-neues-rektorat-fuer-die-zweitgroesste-schweizer-hochschule\/#article","isPartOf":{"@id":"https:\/\/www.organisator.ch\/en\/general\/2017-11-21\/hes-so-ein-neues-rektorat-fuer-die-zweitgroesste-schweizer-hochschule\/"},"author":{"name":"thomas.berner","@id":"https:\/\/www.organisator.ch\/#\/schema\/person\/6f650f90b2842cd4c0cc334b4e36f67e"},"headline":"HES-SO: ein neues Rektorat f\u00fcr die zweitgr\u00f6sste Schweizer Hochschule","datePublished":"2017-11-21T07:15:26+00:00","mainEntityOfPage":{"@id":"https:\/\/www.organisator.ch\/en\/general\/2017-11-21\/hes-so-ein-neues-rektorat-fuer-die-zweitgroesste-schweizer-hochschule\/"},"wordCount":392,"commentCount":0,"publisher":{"@id":"https:\/\/www.organisator.ch\/#organization"},"image":{"@id":"https:\/\/www.organisator.ch\/en\/general\/2017-11-21\/hes-so-ein-neues-rektorat-fuer-die-zweitgroesste-schweizer-hochschule\/#primaryimage"},"thumbnailUrl":"https:\/\/www.organisator.ch\/wp-content\/uploads\/2017\/11\/HES-SO-ein-neues-Rektorat-fuer-die-zweitgroesste-Schweizer-Hochschule-1_Organisator.jpg","keywords":["Aus-\/Weiterbildung","Forschung","Karriere","Personalia","Wissenschaft"],"articleSection":["Allgemein"],"inLanguage":"en-US"},{"@type":"WebPage","@id":"https:\/\/www.organisator.ch\/en\/general\/2017-11-21\/hes-so-ein-neues-rektorat-fuer-die-zweitgroesste-schweizer-hochschule\/","url":"https:\/\/www.organisator.ch\/en\/general\/2017-11-21\/hes-so-ein-neues-rektorat-fuer-die-zweitgroesste-schweizer-hochschule\/","name":"HES-SO: a new rectorate for the second largest Swiss university - Organizer","isPartOf":{"@id":"https:\/\/www.organisator.ch\/#website"},"primaryImageOfPage":{"@id":"https:\/\/www.organisator.ch\/en\/general\/2017-11-21\/hes-so-ein-neues-rektorat-fuer-die-zweitgroesste-schweizer-hochschule\/#primaryimage"},"image":{"@id":"https:\/\/www.organisator.ch\/en\/general\/2017-11-21\/hes-so-ein-neues-rektorat-fuer-die-zweitgroesste-schweizer-hochschule\/#primaryimage"},"thumbnailUrl":"https:\/\/www.organisator.ch\/wp-content\/uploads\/2017\/11\/HES-SO-ein-neues-Rektorat-fuer-die-zweitgroesste-Schweizer-Hochschule-1_Organisator.jpg","datePublished":"2017-11-21T07:15:26+00:00","description":"The Rectorate team proposed by Rector Luciana Vaccaro for a mandate of four years is now confirmed.","breadcrumb":{"@id":"https:\/\/www.organisator.ch\/en\/general\/2017-11-21\/hes-so-ein-neues-rektorat-fuer-die-zweitgroesste-schweizer-hochschule\/#breadcrumb"},"inLanguage":"en-US","potentialAction":[{"@type":"ReadAction","target":["https:\/\/www.organisator.ch\/en\/general\/2017-11-21\/hes-so-ein-neues-rektorat-fuer-die-zweitgroesste-schweizer-hochschule\/"]}]},{"@type":"ImageObject","inLanguage":"en-US","@id":"https:\/\/www.organisator.ch\/en\/general\/2017-11-21\/hes-so-ein-neues-rektorat-fuer-die-zweitgroesste-schweizer-hochschule\/#primaryimage","url":"https:\/\/www.organisator.ch\/wp-content\/uploads\/2017\/11\/HES-SO-ein-neues-Rektorat-fuer-die-zweitgroesste-Schweizer-Hochschule-1_Organisator.jpg","contentUrl":"https:\/\/www.organisator.ch\/wp-content\/uploads\/2017\/11\/HES-SO-ein-neues-Rektorat-fuer-die-zweitgroesste-Schweizer-Hochschule-1_Organisator.jpg","width":619,"height":480,"caption":"Leitet das Rektorat der HES-SO: Luciana Vaccaro. (Bilder: HES-SO)"},{"@type":"BreadcrumbList","@id":"https:\/\/www.organisator.ch\/en\/general\/2017-11-21\/hes-so-ein-neues-rektorat-fuer-die-zweitgroesste-schweizer-hochschule\/#breadcrumb","itemListElement":[{"@type":"ListItem","position":1,"name":"Home","item":"https:\/\/www.organisator.ch\/"},{"@type":"ListItem","position":2,"name":"HES-SO: ein neues Rektorat f\u00fcr die zweitgr\u00f6sste Schweizer Hochschule"}]},{"@type":"WebSite","@id":"https:\/\/www.organisator.ch\/#website","url":"https:\/\/www.organisator.ch\/","name":"Organizer","description":"Competent. Practical. In 10 issues per year, ORGANISATOR presents the essential topics for managers of SMEs.","publisher":{"@id":"https:\/\/www.organisator.ch\/#organization"},"potentialAction":[{"@type":"SearchAction","target":{"@type":"EntryPoint","urlTemplate":"https:\/\/www.organisator.ch\/?s={search_term_string}"},"query-input":{"@type":"PropertyValueSpecification","valueRequired":true,"valueName":"search_term_string"}}],"inLanguage":"en-US"},{"@type":"Organization","@id":"https:\/\/www.organisator.ch\/#organization","name":"Organizer","url":"https:\/\/www.organisator.ch\/","logo":{"@type":"ImageObject","inLanguage":"en-US","@id":"https:\/\/www.organisator.ch\/#\/schema\/logo\/image\/","url":"https:\/\/www.organisator.ch\/wp-content\/uploads\/2022\/01\/Logo_Organisator_Website.png","contentUrl":"https:\/\/www.organisator.ch\/wp-content\/uploads\/2022\/01\/Logo_Organisator_Website.png","width":800,"height":77,"caption":"Organisator"},"image":{"@id":"https:\/\/www.organisator.ch\/#\/schema\/logo\/image\/"},"sameAs":["https:\/\/www.facebook.com\/OrganisatorFachmagazin","https:\/\/www.linkedin.com\/showcase\/organisator-das-magazin-fr-kmu","https:\/\/www.xing.com\/news\/pages\/organisator-ch-695","https:\/\/www.youtube.com\/channel\/UCGP2Sq0iWaZwT3BdIAQFYpw"]},{"@type":"Person","@id":"https:\/\/www.organisator.ch\/#\/schema\/person\/6f650f90b2842cd4c0cc334b4e36f67e","name":"thomas.berner","image":{"@type":"ImageObject","inLanguage":"en-US","@id":"https:\/\/secure.gravatar.com\/avatar\/ac5001d2a36cb6c6cd3e50789007ffca834b477b74a2144564522e944eabff61?s=96&d=mm&r=g","url":"https:\/\/secure.gravatar.com\/avatar\/ac5001d2a36cb6c6cd3e50789007ffca834b477b74a2144564522e944eabff61?s=96&d=mm&r=g","contentUrl":"https:\/\/secure.gravatar.com\/avatar\/ac5001d2a36cb6c6cd3e50789007ffca834b477b74a2144564522e944eabff61?s=96&d=mm&r=g","caption":"thomas.berner"},"url":"https:\/\/www.organisator.ch\/en\/author\/thomas-berner\/"}]}},"_links":{"self":[{"href":"https:\/\/www.organisator.ch\/en\/wp-json\/wp\/v2\/posts\/2741","targetHints":{"allow":["GET"]}}],"collection":[{"href":"https:\/\/www.organisator.ch\/en\/wp-json\/wp\/v2\/posts"}],"about":[{"href":"https:\/\/www.organisator.ch\/en\/wp-json\/wp\/v2\/types\/post"}],"author":[{"embeddable":true,"href":"https:\/\/www.organisator.ch\/en\/wp-json\/wp\/v2\/users\/4"}],"replies":[{"embeddable":true,"href":"https:\/\/www.organisator.ch\/en\/wp-json\/wp\/v2\/comments?post=2741"}],"version-history":[{"count":0,"href":"https:\/\/www.organisator.ch\/en\/wp-json\/wp\/v2\/posts\/2741\/revisions"}],"wp:featuredmedia":[{"embeddable":true,"href":"https:\/\/www.organisator.ch\/en\/wp-json\/wp\/v2\/media\/2742"}],"wp:attachment":[{"href":"https:\/\/www.organisator.ch\/en\/wp-json\/wp\/v2\/media?parent=2741"}],"wp:term":[{"taxonomy":"category","embeddable":true,"href":"https:\/\/www.organisator.ch\/en\/wp-json\/wp\/v2\/categories?post=2741"},{"taxonomy":"post_tag","embeddable":true,"href":"https:\/\/www.organisator.ch\/en\/wp-json\/wp\/v2\/tags?post=2741"}],"curies":[{"name":"wp","href":"https:\/\/api.w.org\/{rel}","templated":true}]}}