{"id":27494,"date":"2024-06-06T12:47:22","date_gmt":"2024-06-06T10:47:22","guid":{"rendered":"https:\/\/www.werbewoche.ch\/?p=216162"},"modified":"2024-11-11T04:40:00","modified_gmt":"2024-11-11T03:40:00","slug":"allink-branding-mit-riviera-feeling-fuer-ghilli","status":"publish","type":"post","link":"https:\/\/www.organisator.ch\/en\/marketing\/2024-06-06\/allink-branding-mit-riviera-feeling-fuer-ghilli\/","title":{"rendered":"Allink: Branding with a Riviera feel for Ghilli"},"content":{"rendered":"<p><img class=\"aligncenter wp-image-216163 size-full\" src=\"https:\/\/www.werbewoche.ch\/wp-content\/uploads\/2024\/06\/allink-Referenz-Ghilli-3.jpg\" alt=\"Ghilli \" width=\"1200\" height=\"800\" \/><\/p>\r\n<p>A conscious approach to the environment is also becoming increasingly important in the cosmetics industry. With shampoo and body care in solid form - free from plastic - Ghilli wants to set an example for an environmentally friendly bath and shower experience. The Allink agency supported the Zurich-based beauty start-up in its strategic direction and designed the branding and packaging. This is intended to convey not only the sustainable promise and handmade quality of the products, but also Mediterranean sensuality and joie de vivre.<\/p>\r\n<p>The essence of the brand should be reflected in the sensual packaging design. \"Ghilli stands out in the otherwise often minimalist beauty segment,\" explains Creative Director Christoph Schlatter. Elegant color codes, matching the respective fragrance, bring a Riviera feeling into the bathroom at home. High-quality cardboard packaging is in line with the brand values and ensures a handmade flair: the solid hair and shower care is produced by a family business in the south of France.<\/p>\r\n<p><img class=\"aligncenter size-full wp-image-216165\" src=\"https:\/\/www.werbewoche.ch\/wp-content\/uploads\/2024\/06\/allink-Referenz-Ghilli-1.jpg\" alt=\"\" width=\"1200\" height=\"800\" \/><\/p>\r\n<p>The emotional branding is intended to evoke memories of casual summer days. The imagery is also emotional and authentic: analog photographs against a summery Mediterranean backdrop convey the liberated body feeling that Ghilli stands for.<img class=\"aligncenter size-full wp-image-216164\" src=\"https:\/\/www.werbewoche.ch\/wp-content\/uploads\/2024\/06\/allink-Referenz-Ghilli-2.jpg\" alt=\"\" width=\"1200\" height=\"800\" \/> <img class=\"aligncenter size-full wp-image-216166\" src=\"https:\/\/www.werbewoche.ch\/wp-content\/uploads\/2024\/06\/allink-Referenz-Ghilli-4-scaled.jpg\" alt=\"\" width=\"933\" height=\"1400\" \/><\/p>\r\n<hr \/>\r\n<p><strong>Responsible at Ghilli:<\/strong> Daniela Steiner, Michelle Schmid, Alessia Landolt (founding team). <strong>Branding and packaging design:<\/strong> Allink.<\/p>","protected":false},"excerpt":{"rendered":"<p>Allink brings Italianit\u00e0 and a carefree attitude to life to the branding and packaging design of the plastic-free beauty products from Zurich-based start-up Ghilli.<\/p>","protected":false},"author":8,"featured_media":0,"comment_status":"closed","ping_status":"closed","sticky":false,"template":"","format":"standard","meta":{"_acf_changed":false,"_yoast_wpseo_focuskw":"Ghilli","_yoast_wpseo_metadesc":"Ghilli bietet plastikfreie, handgemachte Pflegeprodukte. Mediterrane Sinnlichkeit und Nachhaltigkeit im Fokus.","articlekey":"","footnotes":""},"categories":[29],"tags":[2772,4247,2617],"class_list":["post-27494","post","type-post","status-publish","format-standard","hentry","category-marketing","tag-allink","tag-koerperpflege-und-kosmetik","tag-marken"],"acf":[],"yoast_head":"<!-- This site is optimized with the Yoast SEO plugin v27.5 - https:\/\/yoast.com\/product\/yoast-seo-wordpress\/ -->\n<title>Allink: Branding mit Riviera-Feeling f\u00fcr Ghilli - Organisator<\/title>\n<meta name=\"description\" content=\"Ghilli bietet plastikfreie, handgemachte Pflegeprodukte. Mediterrane Sinnlichkeit und Nachhaltigkeit im Fokus.\" \/>\n<meta name=\"robots\" content=\"index, follow, max-snippet:-1, max-image-preview:large, max-video-preview:-1\" \/>\n<link rel=\"canonical\" href=\"https:\/\/www.organisator.ch\/en\/marketing\/2024-06-06\/allink-branding-mit-riviera-feeling-fuer-ghilli\/\" \/>\n<meta property=\"og:locale\" content=\"en_US\" \/>\n<meta property=\"og:type\" content=\"article\" \/>\n<meta property=\"og:title\" content=\"Allink: Branding mit Riviera-Feeling f\u00fcr Ghilli - Organisator\" \/>\n<meta property=\"og:description\" content=\"Ghilli bietet plastikfreie, handgemachte Pflegeprodukte. Mediterrane Sinnlichkeit und Nachhaltigkeit im Fokus.\" \/>\n<meta property=\"og:url\" content=\"https:\/\/www.organisator.ch\/en\/marketing\/2024-06-06\/allink-branding-mit-riviera-feeling-fuer-ghilli\/\" \/>\n<meta property=\"og:site_name\" content=\"Organisator\" \/>\n<meta property=\"article:publisher\" content=\"https:\/\/www.facebook.com\/OrganisatorFachmagazin\" \/>\n<meta property=\"article:published_time\" content=\"2024-06-06T10:47:22+00:00\" \/>\n<meta property=\"article:modified_time\" content=\"2024-11-11T03:40:00+00:00\" \/>\n<meta property=\"og:image\" content=\"https:\/\/www.werbewoche.ch\/wp-content\/uploads\/2024\/06\/allink-Referenz-Ghilli-3.jpg\" \/>\n<meta name=\"author\" content=\"galledia\" \/>\n<meta name=\"twitter:card\" content=\"summary_large_image\" \/>\n<meta name=\"twitter:creator\" content=\"@admin\" \/>\n<script type=\"application\/ld+json\" class=\"yoast-schema-graph\">{\"@context\":\"https:\\\/\\\/schema.org\",\"@graph\":[{\"@type\":\"Article\",\"@id\":\"https:\\\/\\\/www.organisator.ch\\\/marketing\\\/2024-06-06\\\/allink-branding-mit-riviera-feeling-fuer-ghilli\\\/#article\",\"isPartOf\":{\"@id\":\"https:\\\/\\\/www.organisator.ch\\\/marketing\\\/2024-06-06\\\/allink-branding-mit-riviera-feeling-fuer-ghilli\\\/\"},\"author\":{\"name\":\"galledia\",\"@id\":\"https:\\\/\\\/www.organisator.ch\\\/#\\\/schema\\\/person\\\/4e51799071cd2dd1232ac003643ef5f0\"},\"headline\":\"Allink: Branding mit Riviera-Feeling f\u00fcr Ghilli\",\"datePublished\":\"2024-06-06T10:47:22+00:00\",\"dateModified\":\"2024-11-11T03:40:00+00:00\",\"mainEntityOfPage\":{\"@id\":\"https:\\\/\\\/www.organisator.ch\\\/marketing\\\/2024-06-06\\\/allink-branding-mit-riviera-feeling-fuer-ghilli\\\/\"},\"wordCount\":201,\"publisher\":{\"@id\":\"https:\\\/\\\/www.organisator.ch\\\/#organization\"},\"image\":{\"@id\":\"https:\\\/\\\/www.organisator.ch\\\/marketing\\\/2024-06-06\\\/allink-branding-mit-riviera-feeling-fuer-ghilli\\\/#primaryimage\"},\"thumbnailUrl\":\"https:\\\/\\\/www.werbewoche.ch\\\/wp-content\\\/uploads\\\/2024\\\/06\\\/allink-Referenz-Ghilli-3.jpg\",\"keywords\":[\"Allink\",\"K\u00f6rperpflege und Kosmetik\",\"Marken\"],\"articleSection\":[\"MARKETING\"],\"inLanguage\":\"en-US\"},{\"@type\":\"WebPage\",\"@id\":\"https:\\\/\\\/www.organisator.ch\\\/marketing\\\/2024-06-06\\\/allink-branding-mit-riviera-feeling-fuer-ghilli\\\/\",\"url\":\"https:\\\/\\\/www.organisator.ch\\\/marketing\\\/2024-06-06\\\/allink-branding-mit-riviera-feeling-fuer-ghilli\\\/\",\"name\":\"Allink: Branding mit Riviera-Feeling f\u00fcr Ghilli - Organisator\",\"isPartOf\":{\"@id\":\"https:\\\/\\\/www.organisator.ch\\\/#website\"},\"primaryImageOfPage\":{\"@id\":\"https:\\\/\\\/www.organisator.ch\\\/marketing\\\/2024-06-06\\\/allink-branding-mit-riviera-feeling-fuer-ghilli\\\/#primaryimage\"},\"image\":{\"@id\":\"https:\\\/\\\/www.organisator.ch\\\/marketing\\\/2024-06-06\\\/allink-branding-mit-riviera-feeling-fuer-ghilli\\\/#primaryimage\"},\"thumbnailUrl\":\"https:\\\/\\\/www.werbewoche.ch\\\/wp-content\\\/uploads\\\/2024\\\/06\\\/allink-Referenz-Ghilli-3.jpg\",\"datePublished\":\"2024-06-06T10:47:22+00:00\",\"dateModified\":\"2024-11-11T03:40:00+00:00\",\"description\":\"Ghilli bietet plastikfreie, handgemachte Pflegeprodukte. Mediterrane Sinnlichkeit und Nachhaltigkeit im Fokus.\",\"breadcrumb\":{\"@id\":\"https:\\\/\\\/www.organisator.ch\\\/marketing\\\/2024-06-06\\\/allink-branding-mit-riviera-feeling-fuer-ghilli\\\/#breadcrumb\"},\"inLanguage\":\"en-US\",\"potentialAction\":[{\"@type\":\"ReadAction\",\"target\":[\"https:\\\/\\\/www.organisator.ch\\\/marketing\\\/2024-06-06\\\/allink-branding-mit-riviera-feeling-fuer-ghilli\\\/\"]}]},{\"@type\":\"ImageObject\",\"inLanguage\":\"en-US\",\"@id\":\"https:\\\/\\\/www.organisator.ch\\\/marketing\\\/2024-06-06\\\/allink-branding-mit-riviera-feeling-fuer-ghilli\\\/#primaryimage\",\"url\":\"https:\\\/\\\/www.werbewoche.ch\\\/wp-content\\\/uploads\\\/2024\\\/06\\\/allink-Referenz-Ghilli-3.jpg\",\"contentUrl\":\"https:\\\/\\\/www.werbewoche.ch\\\/wp-content\\\/uploads\\\/2024\\\/06\\\/allink-Referenz-Ghilli-3.jpg\"},{\"@type\":\"BreadcrumbList\",\"@id\":\"https:\\\/\\\/www.organisator.ch\\\/marketing\\\/2024-06-06\\\/allink-branding-mit-riviera-feeling-fuer-ghilli\\\/#breadcrumb\",\"itemListElement\":[{\"@type\":\"ListItem\",\"position\":1,\"name\":\"Home\",\"item\":\"https:\\\/\\\/www.organisator.ch\\\/\"},{\"@type\":\"ListItem\",\"position\":2,\"name\":\"Allink: Branding mit Riviera-Feeling f\u00fcr Ghilli\"}]},{\"@type\":\"WebSite\",\"@id\":\"https:\\\/\\\/www.organisator.ch\\\/#website\",\"url\":\"https:\\\/\\\/www.organisator.ch\\\/\",\"name\":\"Organisator\",\"description\":\"Kompetent. Praxisnah. Der ORGANISATOR bereitet in 10 Ausgaben pro Jahr die wesentlichen Themen f\u00fcr F\u00fchrungskr\u00e4fte von KMU auf.\",\"publisher\":{\"@id\":\"https:\\\/\\\/www.organisator.ch\\\/#organization\"},\"potentialAction\":[{\"@type\":\"SearchAction\",\"target\":{\"@type\":\"EntryPoint\",\"urlTemplate\":\"https:\\\/\\\/www.organisator.ch\\\/?s={search_term_string}\"},\"query-input\":{\"@type\":\"PropertyValueSpecification\",\"valueRequired\":true,\"valueName\":\"search_term_string\"}}],\"inLanguage\":\"en-US\"},{\"@type\":\"Organization\",\"@id\":\"https:\\\/\\\/www.organisator.ch\\\/#organization\",\"name\":\"Organisator\",\"url\":\"https:\\\/\\\/www.organisator.ch\\\/\",\"logo\":{\"@type\":\"ImageObject\",\"inLanguage\":\"en-US\",\"@id\":\"https:\\\/\\\/www.organisator.ch\\\/#\\\/schema\\\/logo\\\/image\\\/\",\"url\":\"https:\\\/\\\/www.organisator.ch\\\/wp-content\\\/uploads\\\/2022\\\/01\\\/Logo_Organisator_Website.png\",\"contentUrl\":\"https:\\\/\\\/www.organisator.ch\\\/wp-content\\\/uploads\\\/2022\\\/01\\\/Logo_Organisator_Website.png\",\"width\":800,\"height\":77,\"caption\":\"Organisator\"},\"image\":{\"@id\":\"https:\\\/\\\/www.organisator.ch\\\/#\\\/schema\\\/logo\\\/image\\\/\"},\"sameAs\":[\"https:\\\/\\\/www.facebook.com\\\/OrganisatorFachmagazin\",\"https:\\\/\\\/www.linkedin.com\\\/showcase\\\/organisator-das-magazin-fr-kmu\",\"https:\\\/\\\/www.xing.com\\\/news\\\/pages\\\/organisator-ch-695\",\"https:\\\/\\\/www.youtube.com\\\/channel\\\/UCGP2Sq0iWaZwT3BdIAQFYpw\"]},{\"@type\":\"Person\",\"@id\":\"https:\\\/\\\/www.organisator.ch\\\/#\\\/schema\\\/person\\\/4e51799071cd2dd1232ac003643ef5f0\",\"name\":\"galledia\",\"image\":{\"@type\":\"ImageObject\",\"inLanguage\":\"en-US\",\"@id\":\"https:\\\/\\\/secure.gravatar.com\\\/avatar\\\/78a7f90c01fc2bfc875782a0d4922b37cde2cf184ce347b91316d23cd7f69a36?s=96&d=mm&r=g\",\"url\":\"https:\\\/\\\/secure.gravatar.com\\\/avatar\\\/78a7f90c01fc2bfc875782a0d4922b37cde2cf184ce347b91316d23cd7f69a36?s=96&d=mm&r=g\",\"contentUrl\":\"https:\\\/\\\/secure.gravatar.com\\\/avatar\\\/78a7f90c01fc2bfc875782a0d4922b37cde2cf184ce347b91316d23cd7f69a36?s=96&d=mm&r=g\",\"caption\":\"galledia\"},\"sameAs\":[\"https:\\\/\\\/x.com\\\/admin\"],\"url\":\"https:\\\/\\\/www.organisator.ch\\\/en\\\/author\\\/galledia\\\/\"}]}<\/script>\n<!-- \/ Yoast SEO plugin. -->","yoast_head_json":{"title":"Allink: Branding with a Riviera feeling for Ghilli - Organizer","description":"Ghilli offers plastic-free, handmade care products. Mediterranean sensuality and sustainability in focus.","robots":{"index":"index","follow":"follow","max-snippet":"max-snippet:-1","max-image-preview":"max-image-preview:large","max-video-preview":"max-video-preview:-1"},"canonical":"https:\/\/www.organisator.ch\/en\/marketing\/2024-06-06\/allink-branding-mit-riviera-feeling-fuer-ghilli\/","og_locale":"en_US","og_type":"article","og_title":"Allink: Branding mit Riviera-Feeling f\u00fcr Ghilli - Organisator","og_description":"Ghilli bietet plastikfreie, handgemachte Pflegeprodukte. Mediterrane Sinnlichkeit und Nachhaltigkeit im Fokus.","og_url":"https:\/\/www.organisator.ch\/en\/marketing\/2024-06-06\/allink-branding-mit-riviera-feeling-fuer-ghilli\/","og_site_name":"Organisator","article_publisher":"https:\/\/www.facebook.com\/OrganisatorFachmagazin","article_published_time":"2024-06-06T10:47:22+00:00","article_modified_time":"2024-11-11T03:40:00+00:00","og_image":[{"url":"https:\/\/www.werbewoche.ch\/wp-content\/uploads\/2024\/06\/allink-Referenz-Ghilli-3.jpg","type":"","width":"","height":""}],"author":"galledia","twitter_card":"summary_large_image","twitter_creator":"@admin","schema":{"@context":"https:\/\/schema.org","@graph":[{"@type":"Article","@id":"https:\/\/www.organisator.ch\/marketing\/2024-06-06\/allink-branding-mit-riviera-feeling-fuer-ghilli\/#article","isPartOf":{"@id":"https:\/\/www.organisator.ch\/marketing\/2024-06-06\/allink-branding-mit-riviera-feeling-fuer-ghilli\/"},"author":{"name":"galledia","@id":"https:\/\/www.organisator.ch\/#\/schema\/person\/4e51799071cd2dd1232ac003643ef5f0"},"headline":"Allink: Branding mit Riviera-Feeling f\u00fcr Ghilli","datePublished":"2024-06-06T10:47:22+00:00","dateModified":"2024-11-11T03:40:00+00:00","mainEntityOfPage":{"@id":"https:\/\/www.organisator.ch\/marketing\/2024-06-06\/allink-branding-mit-riviera-feeling-fuer-ghilli\/"},"wordCount":201,"publisher":{"@id":"https:\/\/www.organisator.ch\/#organization"},"image":{"@id":"https:\/\/www.organisator.ch\/marketing\/2024-06-06\/allink-branding-mit-riviera-feeling-fuer-ghilli\/#primaryimage"},"thumbnailUrl":"https:\/\/www.werbewoche.ch\/wp-content\/uploads\/2024\/06\/allink-Referenz-Ghilli-3.jpg","keywords":["Allink","K\u00f6rperpflege und Kosmetik","Marken"],"articleSection":["MARKETING"],"inLanguage":"en-US"},{"@type":"WebPage","@id":"https:\/\/www.organisator.ch\/marketing\/2024-06-06\/allink-branding-mit-riviera-feeling-fuer-ghilli\/","url":"https:\/\/www.organisator.ch\/marketing\/2024-06-06\/allink-branding-mit-riviera-feeling-fuer-ghilli\/","name":"Allink: Branding with a Riviera feeling for Ghilli - Organizer","isPartOf":{"@id":"https:\/\/www.organisator.ch\/#website"},"primaryImageOfPage":{"@id":"https:\/\/www.organisator.ch\/marketing\/2024-06-06\/allink-branding-mit-riviera-feeling-fuer-ghilli\/#primaryimage"},"image":{"@id":"https:\/\/www.organisator.ch\/marketing\/2024-06-06\/allink-branding-mit-riviera-feeling-fuer-ghilli\/#primaryimage"},"thumbnailUrl":"https:\/\/www.werbewoche.ch\/wp-content\/uploads\/2024\/06\/allink-Referenz-Ghilli-3.jpg","datePublished":"2024-06-06T10:47:22+00:00","dateModified":"2024-11-11T03:40:00+00:00","description":"Ghilli offers plastic-free, handmade care products. Mediterranean sensuality and sustainability in focus.","breadcrumb":{"@id":"https:\/\/www.organisator.ch\/marketing\/2024-06-06\/allink-branding-mit-riviera-feeling-fuer-ghilli\/#breadcrumb"},"inLanguage":"en-US","potentialAction":[{"@type":"ReadAction","target":["https:\/\/www.organisator.ch\/marketing\/2024-06-06\/allink-branding-mit-riviera-feeling-fuer-ghilli\/"]}]},{"@type":"ImageObject","inLanguage":"en-US","@id":"https:\/\/www.organisator.ch\/marketing\/2024-06-06\/allink-branding-mit-riviera-feeling-fuer-ghilli\/#primaryimage","url":"https:\/\/www.werbewoche.ch\/wp-content\/uploads\/2024\/06\/allink-Referenz-Ghilli-3.jpg","contentUrl":"https:\/\/www.werbewoche.ch\/wp-content\/uploads\/2024\/06\/allink-Referenz-Ghilli-3.jpg"},{"@type":"BreadcrumbList","@id":"https:\/\/www.organisator.ch\/marketing\/2024-06-06\/allink-branding-mit-riviera-feeling-fuer-ghilli\/#breadcrumb","itemListElement":[{"@type":"ListItem","position":1,"name":"Home","item":"https:\/\/www.organisator.ch\/"},{"@type":"ListItem","position":2,"name":"Allink: Branding mit Riviera-Feeling f\u00fcr Ghilli"}]},{"@type":"WebSite","@id":"https:\/\/www.organisator.ch\/#website","url":"https:\/\/www.organisator.ch\/","name":"Organizer","description":"Competent. Practical. In 10 issues per year, ORGANISATOR presents the essential topics for managers of SMEs.","publisher":{"@id":"https:\/\/www.organisator.ch\/#organization"},"potentialAction":[{"@type":"SearchAction","target":{"@type":"EntryPoint","urlTemplate":"https:\/\/www.organisator.ch\/?s={search_term_string}"},"query-input":{"@type":"PropertyValueSpecification","valueRequired":true,"valueName":"search_term_string"}}],"inLanguage":"en-US"},{"@type":"Organization","@id":"https:\/\/www.organisator.ch\/#organization","name":"Organizer","url":"https:\/\/www.organisator.ch\/","logo":{"@type":"ImageObject","inLanguage":"en-US","@id":"https:\/\/www.organisator.ch\/#\/schema\/logo\/image\/","url":"https:\/\/www.organisator.ch\/wp-content\/uploads\/2022\/01\/Logo_Organisator_Website.png","contentUrl":"https:\/\/www.organisator.ch\/wp-content\/uploads\/2022\/01\/Logo_Organisator_Website.png","width":800,"height":77,"caption":"Organisator"},"image":{"@id":"https:\/\/www.organisator.ch\/#\/schema\/logo\/image\/"},"sameAs":["https:\/\/www.facebook.com\/OrganisatorFachmagazin","https:\/\/www.linkedin.com\/showcase\/organisator-das-magazin-fr-kmu","https:\/\/www.xing.com\/news\/pages\/organisator-ch-695","https:\/\/www.youtube.com\/channel\/UCGP2Sq0iWaZwT3BdIAQFYpw"]},{"@type":"Person","@id":"https:\/\/www.organisator.ch\/#\/schema\/person\/4e51799071cd2dd1232ac003643ef5f0","name":"galledia","image":{"@type":"ImageObject","inLanguage":"en-US","@id":"https:\/\/secure.gravatar.com\/avatar\/78a7f90c01fc2bfc875782a0d4922b37cde2cf184ce347b91316d23cd7f69a36?s=96&d=mm&r=g","url":"https:\/\/secure.gravatar.com\/avatar\/78a7f90c01fc2bfc875782a0d4922b37cde2cf184ce347b91316d23cd7f69a36?s=96&d=mm&r=g","contentUrl":"https:\/\/secure.gravatar.com\/avatar\/78a7f90c01fc2bfc875782a0d4922b37cde2cf184ce347b91316d23cd7f69a36?s=96&d=mm&r=g","caption":"galledia"},"sameAs":["https:\/\/x.com\/admin"],"url":"https:\/\/www.organisator.ch\/en\/author\/galledia\/"}]}},"_links":{"self":[{"href":"https:\/\/www.organisator.ch\/en\/wp-json\/wp\/v2\/posts\/27494","targetHints":{"allow":["GET"]}}],"collection":[{"href":"https:\/\/www.organisator.ch\/en\/wp-json\/wp\/v2\/posts"}],"about":[{"href":"https:\/\/www.organisator.ch\/en\/wp-json\/wp\/v2\/types\/post"}],"author":[{"embeddable":true,"href":"https:\/\/www.organisator.ch\/en\/wp-json\/wp\/v2\/users\/8"}],"replies":[{"embeddable":true,"href":"https:\/\/www.organisator.ch\/en\/wp-json\/wp\/v2\/comments?post=27494"}],"version-history":[{"count":3,"href":"https:\/\/www.organisator.ch\/en\/wp-json\/wp\/v2\/posts\/27494\/revisions"}],"predecessor-version":[{"id":32214,"href":"https:\/\/www.organisator.ch\/en\/wp-json\/wp\/v2\/posts\/27494\/revisions\/32214"}],"wp:attachment":[{"href":"https:\/\/www.organisator.ch\/en\/wp-json\/wp\/v2\/media?parent=27494"}],"wp:term":[{"taxonomy":"category","embeddable":true,"href":"https:\/\/www.organisator.ch\/en\/wp-json\/wp\/v2\/categories?post=27494"},{"taxonomy":"post_tag","embeddable":true,"href":"https:\/\/www.organisator.ch\/en\/wp-json\/wp\/v2\/tags?post=27494"}],"curies":[{"name":"wp","href":"https:\/\/api.w.org\/{rel}","templated":true}]}}