{"id":27600,"date":"2024-06-12T09:49:56","date_gmt":"2024-06-12T07:49:56","guid":{"rendered":"https:\/\/www.werbewoche.ch\/?p=216422"},"modified":"2024-11-10T12:57:39","modified_gmt":"2024-11-10T11:57:39","slug":"schweizer-tourismus-hat-nun-eine-gemeinsame-ombudsstelle-2","status":"publish","type":"post","link":"https:\/\/www.organisator.ch\/en\/marketing\/2024-06-12\/schweizer-tourismus-hat-nun-eine-gemeinsame-ombudsstelle-2\/","title":{"rendered":"Swiss Tourism now has a joint ombudsman's office"},"content":{"rendered":"<figure id=\"attachment_216423\" class=\"wp-caption aligncenter\" style=\"width: 600px\" aria-describedby=\"caption-attachment-216423\"><img class=\"aligncenter wp-image-216423 size-full\" src=\"https:\/\/www.werbewoche.ch\/wp-content\/uploads\/2024\/06\/Ombudsstelle-Tourismus.jpg\" alt=\"Tourism ombudsman\" width=\"600\" height=\"338\" \/>\r\n<figcaption id=\"caption-attachment-216423\" class=\"wp-caption-text\">(Image: zVg.)<\/figcaption>\r\n<\/figure>\r\n<p>Challenges also occur occasionally in Swiss tourism: A hotel room does not meet expectations, the service in a restaurant leaves something to be desired or a booked activity is unexpectedly canceled. If disagreements between guests and the operators of the offers cannot be resolved in a joint dialog, a reliable and neutral authority is needed to mediate quickly and effectively.<\/p>\r\n<p>For this reason, HotellerieSuisse, Switzerland Tourism, GastroSuisse and the IG Parahotellerie have joined forces to create an ombudsman's office for tourism. The initiative will be incorporated into the <a href=\"https:\/\/www.ombudsman-touristik.ch\/de\/\" rel=\"noopener\">Proven offer from the ombudsman of the Swiss travel industry<\/a> integrated. Active since 1990, the impartial mediator between guests and travel companies has so far mainly operated in the outgoing sector. The expanded service, which will be available from July 2024, will also be available to guests in Switzerland as a destination.<\/p>\r\n<h3>\"A strong sign of quality and customer satisfaction\"<\/h3>\r\n<p>The creation of this central, neutral contact point strengthens \"trust in Swiss tourism\" and promotes service quality in the industry: \"The joint ombudsman's office is an important milestone for our industry. It illustrates our joint commitment to the highest quality standards and the satisfaction of our guests,\" emphasizes Nicole Br\u00e4ndle, Director of HotellerieSuisse. It will also enable more intensive cooperation within the industry.<\/p>\r\n<p>The platform also acts as a contact point in two respects - on the one hand for guests traveling to Switzerland and on the other for Swiss accommodation providers seeking information and advice, which closes an existing gap in the offering.<\/p>","protected":false},"excerpt":{"rendered":"<p>HotellerieSuisse, Switzerland Tourism, GastroSuisse and IG Parahotellerie are creating a joint ombudsman's office. This new service will be integrated into the existing services of the Swiss travel industry ombudsman and will be available from July 2024. The aim is to help improve the quality of service in Swiss tourism.<\/p>","protected":false},"author":8,"featured_media":0,"comment_status":"closed","ping_status":"closed","sticky":false,"template":"","format":"standard","meta":{"_acf_changed":false,"_yoast_wpseo_focuskw":"Ombudsstelle Tourismus","_yoast_wpseo_metadesc":"Neue Ombudsstelle f\u00fcr Schweizer Tourismus st\u00e4rkt Vertrauen und Servicequalit\u00e4t. Verf\u00fcgbar ab Juli 2024.","articlekey":"","footnotes":""},"categories":[29],"tags":[339,4252,2317],"class_list":["post-27600","post","type-post","status-publish","format-standard","hentry","category-marketing","tag-marketing","tag-ombudsstelle","tag-tourismus"],"acf":[],"yoast_head":"<!-- This site is optimized with the Yoast SEO plugin v27.5 - https:\/\/yoast.com\/product\/yoast-seo-wordpress\/ -->\n<title>Schweizer Tourismus hat nun eine gemeinsame Ombudsstelle - Organisator<\/title>\n<meta name=\"description\" content=\"Neue Ombudsstelle f\u00fcr Schweizer Tourismus st\u00e4rkt Vertrauen und Servicequalit\u00e4t. Verf\u00fcgbar ab Juli 2024.\" \/>\n<meta name=\"robots\" content=\"index, follow, max-snippet:-1, max-image-preview:large, max-video-preview:-1\" \/>\n<link rel=\"canonical\" href=\"https:\/\/www.organisator.ch\/en\/marketing\/2024-06-12\/schweizer-tourismus-hat-nun-eine-gemeinsame-ombudsstelle-2\/\" \/>\n<meta property=\"og:locale\" content=\"en_US\" \/>\n<meta property=\"og:type\" content=\"article\" \/>\n<meta property=\"og:title\" content=\"Schweizer Tourismus hat nun eine gemeinsame Ombudsstelle - Organisator\" \/>\n<meta property=\"og:description\" content=\"Neue Ombudsstelle f\u00fcr Schweizer Tourismus st\u00e4rkt Vertrauen und Servicequalit\u00e4t. Verf\u00fcgbar ab Juli 2024.\" \/>\n<meta property=\"og:url\" content=\"https:\/\/www.organisator.ch\/en\/marketing\/2024-06-12\/schweizer-tourismus-hat-nun-eine-gemeinsame-ombudsstelle-2\/\" \/>\n<meta property=\"og:site_name\" content=\"Organisator\" \/>\n<meta property=\"article:publisher\" content=\"https:\/\/www.facebook.com\/OrganisatorFachmagazin\" \/>\n<meta property=\"article:published_time\" content=\"2024-06-12T07:49:56+00:00\" \/>\n<meta property=\"article:modified_time\" content=\"2024-11-10T11:57:39+00:00\" \/>\n<meta property=\"og:image\" content=\"https:\/\/www.werbewoche.ch\/wp-content\/uploads\/2024\/06\/Ombudsstelle-Tourismus.jpg\" \/>\n<meta name=\"author\" content=\"galledia\" \/>\n<meta name=\"twitter:card\" content=\"summary_large_image\" \/>\n<meta name=\"twitter:creator\" content=\"@admin\" \/>\n<script type=\"application\/ld+json\" class=\"yoast-schema-graph\">{\"@context\":\"https:\\\/\\\/schema.org\",\"@graph\":[{\"@type\":\"Article\",\"@id\":\"https:\\\/\\\/www.organisator.ch\\\/marketing\\\/2024-06-12\\\/schweizer-tourismus-hat-nun-eine-gemeinsame-ombudsstelle-2\\\/#article\",\"isPartOf\":{\"@id\":\"https:\\\/\\\/www.organisator.ch\\\/marketing\\\/2024-06-12\\\/schweizer-tourismus-hat-nun-eine-gemeinsame-ombudsstelle-2\\\/\"},\"author\":{\"name\":\"galledia\",\"@id\":\"https:\\\/\\\/www.organisator.ch\\\/#\\\/schema\\\/person\\\/4e51799071cd2dd1232ac003643ef5f0\"},\"headline\":\"Schweizer Tourismus hat nun eine gemeinsame Ombudsstelle\",\"datePublished\":\"2024-06-12T07:49:56+00:00\",\"dateModified\":\"2024-11-10T11:57:39+00:00\",\"mainEntityOfPage\":{\"@id\":\"https:\\\/\\\/www.organisator.ch\\\/marketing\\\/2024-06-12\\\/schweizer-tourismus-hat-nun-eine-gemeinsame-ombudsstelle-2\\\/\"},\"wordCount\":262,\"publisher\":{\"@id\":\"https:\\\/\\\/www.organisator.ch\\\/#organization\"},\"image\":{\"@id\":\"https:\\\/\\\/www.organisator.ch\\\/marketing\\\/2024-06-12\\\/schweizer-tourismus-hat-nun-eine-gemeinsame-ombudsstelle-2\\\/#primaryimage\"},\"thumbnailUrl\":\"https:\\\/\\\/www.werbewoche.ch\\\/wp-content\\\/uploads\\\/2024\\\/06\\\/Ombudsstelle-Tourismus.jpg\",\"keywords\":[\"Marketing\",\"Ombudsstelle\",\"Tourismus\"],\"articleSection\":[\"MARKETING\"],\"inLanguage\":\"en-US\"},{\"@type\":\"WebPage\",\"@id\":\"https:\\\/\\\/www.organisator.ch\\\/marketing\\\/2024-06-12\\\/schweizer-tourismus-hat-nun-eine-gemeinsame-ombudsstelle-2\\\/\",\"url\":\"https:\\\/\\\/www.organisator.ch\\\/marketing\\\/2024-06-12\\\/schweizer-tourismus-hat-nun-eine-gemeinsame-ombudsstelle-2\\\/\",\"name\":\"Schweizer Tourismus hat nun eine gemeinsame Ombudsstelle - Organisator\",\"isPartOf\":{\"@id\":\"https:\\\/\\\/www.organisator.ch\\\/#website\"},\"primaryImageOfPage\":{\"@id\":\"https:\\\/\\\/www.organisator.ch\\\/marketing\\\/2024-06-12\\\/schweizer-tourismus-hat-nun-eine-gemeinsame-ombudsstelle-2\\\/#primaryimage\"},\"image\":{\"@id\":\"https:\\\/\\\/www.organisator.ch\\\/marketing\\\/2024-06-12\\\/schweizer-tourismus-hat-nun-eine-gemeinsame-ombudsstelle-2\\\/#primaryimage\"},\"thumbnailUrl\":\"https:\\\/\\\/www.werbewoche.ch\\\/wp-content\\\/uploads\\\/2024\\\/06\\\/Ombudsstelle-Tourismus.jpg\",\"datePublished\":\"2024-06-12T07:49:56+00:00\",\"dateModified\":\"2024-11-10T11:57:39+00:00\",\"description\":\"Neue Ombudsstelle f\u00fcr Schweizer Tourismus st\u00e4rkt Vertrauen und Servicequalit\u00e4t. Verf\u00fcgbar ab Juli 2024.\",\"breadcrumb\":{\"@id\":\"https:\\\/\\\/www.organisator.ch\\\/marketing\\\/2024-06-12\\\/schweizer-tourismus-hat-nun-eine-gemeinsame-ombudsstelle-2\\\/#breadcrumb\"},\"inLanguage\":\"en-US\",\"potentialAction\":[{\"@type\":\"ReadAction\",\"target\":[\"https:\\\/\\\/www.organisator.ch\\\/marketing\\\/2024-06-12\\\/schweizer-tourismus-hat-nun-eine-gemeinsame-ombudsstelle-2\\\/\"]}]},{\"@type\":\"ImageObject\",\"inLanguage\":\"en-US\",\"@id\":\"https:\\\/\\\/www.organisator.ch\\\/marketing\\\/2024-06-12\\\/schweizer-tourismus-hat-nun-eine-gemeinsame-ombudsstelle-2\\\/#primaryimage\",\"url\":\"https:\\\/\\\/www.werbewoche.ch\\\/wp-content\\\/uploads\\\/2024\\\/06\\\/Ombudsstelle-Tourismus.jpg\",\"contentUrl\":\"https:\\\/\\\/www.werbewoche.ch\\\/wp-content\\\/uploads\\\/2024\\\/06\\\/Ombudsstelle-Tourismus.jpg\"},{\"@type\":\"BreadcrumbList\",\"@id\":\"https:\\\/\\\/www.organisator.ch\\\/marketing\\\/2024-06-12\\\/schweizer-tourismus-hat-nun-eine-gemeinsame-ombudsstelle-2\\\/#breadcrumb\",\"itemListElement\":[{\"@type\":\"ListItem\",\"position\":1,\"name\":\"Home\",\"item\":\"https:\\\/\\\/www.organisator.ch\\\/\"},{\"@type\":\"ListItem\",\"position\":2,\"name\":\"Schweizer Tourismus hat nun eine gemeinsame Ombudsstelle\"}]},{\"@type\":\"WebSite\",\"@id\":\"https:\\\/\\\/www.organisator.ch\\\/#website\",\"url\":\"https:\\\/\\\/www.organisator.ch\\\/\",\"name\":\"Organisator\",\"description\":\"Kompetent. Praxisnah. Der ORGANISATOR bereitet in 10 Ausgaben pro Jahr die wesentlichen Themen f\u00fcr F\u00fchrungskr\u00e4fte von KMU auf.\",\"publisher\":{\"@id\":\"https:\\\/\\\/www.organisator.ch\\\/#organization\"},\"potentialAction\":[{\"@type\":\"SearchAction\",\"target\":{\"@type\":\"EntryPoint\",\"urlTemplate\":\"https:\\\/\\\/www.organisator.ch\\\/?s={search_term_string}\"},\"query-input\":{\"@type\":\"PropertyValueSpecification\",\"valueRequired\":true,\"valueName\":\"search_term_string\"}}],\"inLanguage\":\"en-US\"},{\"@type\":\"Organization\",\"@id\":\"https:\\\/\\\/www.organisator.ch\\\/#organization\",\"name\":\"Organisator\",\"url\":\"https:\\\/\\\/www.organisator.ch\\\/\",\"logo\":{\"@type\":\"ImageObject\",\"inLanguage\":\"en-US\",\"@id\":\"https:\\\/\\\/www.organisator.ch\\\/#\\\/schema\\\/logo\\\/image\\\/\",\"url\":\"https:\\\/\\\/www.organisator.ch\\\/wp-content\\\/uploads\\\/2022\\\/01\\\/Logo_Organisator_Website.png\",\"contentUrl\":\"https:\\\/\\\/www.organisator.ch\\\/wp-content\\\/uploads\\\/2022\\\/01\\\/Logo_Organisator_Website.png\",\"width\":800,\"height\":77,\"caption\":\"Organisator\"},\"image\":{\"@id\":\"https:\\\/\\\/www.organisator.ch\\\/#\\\/schema\\\/logo\\\/image\\\/\"},\"sameAs\":[\"https:\\\/\\\/www.facebook.com\\\/OrganisatorFachmagazin\",\"https:\\\/\\\/www.linkedin.com\\\/showcase\\\/organisator-das-magazin-fr-kmu\",\"https:\\\/\\\/www.xing.com\\\/news\\\/pages\\\/organisator-ch-695\",\"https:\\\/\\\/www.youtube.com\\\/channel\\\/UCGP2Sq0iWaZwT3BdIAQFYpw\"]},{\"@type\":\"Person\",\"@id\":\"https:\\\/\\\/www.organisator.ch\\\/#\\\/schema\\\/person\\\/4e51799071cd2dd1232ac003643ef5f0\",\"name\":\"galledia\",\"image\":{\"@type\":\"ImageObject\",\"inLanguage\":\"en-US\",\"@id\":\"https:\\\/\\\/secure.gravatar.com\\\/avatar\\\/78a7f90c01fc2bfc875782a0d4922b37cde2cf184ce347b91316d23cd7f69a36?s=96&d=mm&r=g\",\"url\":\"https:\\\/\\\/secure.gravatar.com\\\/avatar\\\/78a7f90c01fc2bfc875782a0d4922b37cde2cf184ce347b91316d23cd7f69a36?s=96&d=mm&r=g\",\"contentUrl\":\"https:\\\/\\\/secure.gravatar.com\\\/avatar\\\/78a7f90c01fc2bfc875782a0d4922b37cde2cf184ce347b91316d23cd7f69a36?s=96&d=mm&r=g\",\"caption\":\"galledia\"},\"sameAs\":[\"https:\\\/\\\/x.com\\\/admin\"],\"url\":\"https:\\\/\\\/www.organisator.ch\\\/en\\\/author\\\/galledia\\\/\"}]}<\/script>\n<!-- \/ Yoast SEO plugin. -->","yoast_head_json":{"title":"Swiss Tourism now has a joint ombudsman's office - organizer","description":"New ombudsman's office for Swiss tourism strengthens trust and service quality. Available from July 2024.","robots":{"index":"index","follow":"follow","max-snippet":"max-snippet:-1","max-image-preview":"max-image-preview:large","max-video-preview":"max-video-preview:-1"},"canonical":"https:\/\/www.organisator.ch\/en\/marketing\/2024-06-12\/schweizer-tourismus-hat-nun-eine-gemeinsame-ombudsstelle-2\/","og_locale":"en_US","og_type":"article","og_title":"Schweizer Tourismus hat nun eine gemeinsame Ombudsstelle - Organisator","og_description":"Neue Ombudsstelle f\u00fcr Schweizer Tourismus st\u00e4rkt Vertrauen und Servicequalit\u00e4t. Verf\u00fcgbar ab Juli 2024.","og_url":"https:\/\/www.organisator.ch\/en\/marketing\/2024-06-12\/schweizer-tourismus-hat-nun-eine-gemeinsame-ombudsstelle-2\/","og_site_name":"Organisator","article_publisher":"https:\/\/www.facebook.com\/OrganisatorFachmagazin","article_published_time":"2024-06-12T07:49:56+00:00","article_modified_time":"2024-11-10T11:57:39+00:00","og_image":[{"url":"https:\/\/www.werbewoche.ch\/wp-content\/uploads\/2024\/06\/Ombudsstelle-Tourismus.jpg","type":"","width":"","height":""}],"author":"galledia","twitter_card":"summary_large_image","twitter_creator":"@admin","schema":{"@context":"https:\/\/schema.org","@graph":[{"@type":"Article","@id":"https:\/\/www.organisator.ch\/marketing\/2024-06-12\/schweizer-tourismus-hat-nun-eine-gemeinsame-ombudsstelle-2\/#article","isPartOf":{"@id":"https:\/\/www.organisator.ch\/marketing\/2024-06-12\/schweizer-tourismus-hat-nun-eine-gemeinsame-ombudsstelle-2\/"},"author":{"name":"galledia","@id":"https:\/\/www.organisator.ch\/#\/schema\/person\/4e51799071cd2dd1232ac003643ef5f0"},"headline":"Schweizer Tourismus hat nun eine gemeinsame Ombudsstelle","datePublished":"2024-06-12T07:49:56+00:00","dateModified":"2024-11-10T11:57:39+00:00","mainEntityOfPage":{"@id":"https:\/\/www.organisator.ch\/marketing\/2024-06-12\/schweizer-tourismus-hat-nun-eine-gemeinsame-ombudsstelle-2\/"},"wordCount":262,"publisher":{"@id":"https:\/\/www.organisator.ch\/#organization"},"image":{"@id":"https:\/\/www.organisator.ch\/marketing\/2024-06-12\/schweizer-tourismus-hat-nun-eine-gemeinsame-ombudsstelle-2\/#primaryimage"},"thumbnailUrl":"https:\/\/www.werbewoche.ch\/wp-content\/uploads\/2024\/06\/Ombudsstelle-Tourismus.jpg","keywords":["Marketing","Ombudsstelle","Tourismus"],"articleSection":["MARKETING"],"inLanguage":"en-US"},{"@type":"WebPage","@id":"https:\/\/www.organisator.ch\/marketing\/2024-06-12\/schweizer-tourismus-hat-nun-eine-gemeinsame-ombudsstelle-2\/","url":"https:\/\/www.organisator.ch\/marketing\/2024-06-12\/schweizer-tourismus-hat-nun-eine-gemeinsame-ombudsstelle-2\/","name":"Swiss Tourism now has a joint ombudsman's office - organizer","isPartOf":{"@id":"https:\/\/www.organisator.ch\/#website"},"primaryImageOfPage":{"@id":"https:\/\/www.organisator.ch\/marketing\/2024-06-12\/schweizer-tourismus-hat-nun-eine-gemeinsame-ombudsstelle-2\/#primaryimage"},"image":{"@id":"https:\/\/www.organisator.ch\/marketing\/2024-06-12\/schweizer-tourismus-hat-nun-eine-gemeinsame-ombudsstelle-2\/#primaryimage"},"thumbnailUrl":"https:\/\/www.werbewoche.ch\/wp-content\/uploads\/2024\/06\/Ombudsstelle-Tourismus.jpg","datePublished":"2024-06-12T07:49:56+00:00","dateModified":"2024-11-10T11:57:39+00:00","description":"New ombudsman's office for Swiss tourism strengthens trust and service quality. Available from July 2024.","breadcrumb":{"@id":"https:\/\/www.organisator.ch\/marketing\/2024-06-12\/schweizer-tourismus-hat-nun-eine-gemeinsame-ombudsstelle-2\/#breadcrumb"},"inLanguage":"en-US","potentialAction":[{"@type":"ReadAction","target":["https:\/\/www.organisator.ch\/marketing\/2024-06-12\/schweizer-tourismus-hat-nun-eine-gemeinsame-ombudsstelle-2\/"]}]},{"@type":"ImageObject","inLanguage":"en-US","@id":"https:\/\/www.organisator.ch\/marketing\/2024-06-12\/schweizer-tourismus-hat-nun-eine-gemeinsame-ombudsstelle-2\/#primaryimage","url":"https:\/\/www.werbewoche.ch\/wp-content\/uploads\/2024\/06\/Ombudsstelle-Tourismus.jpg","contentUrl":"https:\/\/www.werbewoche.ch\/wp-content\/uploads\/2024\/06\/Ombudsstelle-Tourismus.jpg"},{"@type":"BreadcrumbList","@id":"https:\/\/www.organisator.ch\/marketing\/2024-06-12\/schweizer-tourismus-hat-nun-eine-gemeinsame-ombudsstelle-2\/#breadcrumb","itemListElement":[{"@type":"ListItem","position":1,"name":"Home","item":"https:\/\/www.organisator.ch\/"},{"@type":"ListItem","position":2,"name":"Schweizer Tourismus hat nun eine gemeinsame Ombudsstelle"}]},{"@type":"WebSite","@id":"https:\/\/www.organisator.ch\/#website","url":"https:\/\/www.organisator.ch\/","name":"Organizer","description":"Competent. Practical. In 10 issues per year, ORGANISATOR presents the essential topics for managers of SMEs.","publisher":{"@id":"https:\/\/www.organisator.ch\/#organization"},"potentialAction":[{"@type":"SearchAction","target":{"@type":"EntryPoint","urlTemplate":"https:\/\/www.organisator.ch\/?s={search_term_string}"},"query-input":{"@type":"PropertyValueSpecification","valueRequired":true,"valueName":"search_term_string"}}],"inLanguage":"en-US"},{"@type":"Organization","@id":"https:\/\/www.organisator.ch\/#organization","name":"Organizer","url":"https:\/\/www.organisator.ch\/","logo":{"@type":"ImageObject","inLanguage":"en-US","@id":"https:\/\/www.organisator.ch\/#\/schema\/logo\/image\/","url":"https:\/\/www.organisator.ch\/wp-content\/uploads\/2022\/01\/Logo_Organisator_Website.png","contentUrl":"https:\/\/www.organisator.ch\/wp-content\/uploads\/2022\/01\/Logo_Organisator_Website.png","width":800,"height":77,"caption":"Organisator"},"image":{"@id":"https:\/\/www.organisator.ch\/#\/schema\/logo\/image\/"},"sameAs":["https:\/\/www.facebook.com\/OrganisatorFachmagazin","https:\/\/www.linkedin.com\/showcase\/organisator-das-magazin-fr-kmu","https:\/\/www.xing.com\/news\/pages\/organisator-ch-695","https:\/\/www.youtube.com\/channel\/UCGP2Sq0iWaZwT3BdIAQFYpw"]},{"@type":"Person","@id":"https:\/\/www.organisator.ch\/#\/schema\/person\/4e51799071cd2dd1232ac003643ef5f0","name":"galledia","image":{"@type":"ImageObject","inLanguage":"en-US","@id":"https:\/\/secure.gravatar.com\/avatar\/78a7f90c01fc2bfc875782a0d4922b37cde2cf184ce347b91316d23cd7f69a36?s=96&d=mm&r=g","url":"https:\/\/secure.gravatar.com\/avatar\/78a7f90c01fc2bfc875782a0d4922b37cde2cf184ce347b91316d23cd7f69a36?s=96&d=mm&r=g","contentUrl":"https:\/\/secure.gravatar.com\/avatar\/78a7f90c01fc2bfc875782a0d4922b37cde2cf184ce347b91316d23cd7f69a36?s=96&d=mm&r=g","caption":"galledia"},"sameAs":["https:\/\/x.com\/admin"],"url":"https:\/\/www.organisator.ch\/en\/author\/galledia\/"}]}},"_links":{"self":[{"href":"https:\/\/www.organisator.ch\/en\/wp-json\/wp\/v2\/posts\/27600","targetHints":{"allow":["GET"]}}],"collection":[{"href":"https:\/\/www.organisator.ch\/en\/wp-json\/wp\/v2\/posts"}],"about":[{"href":"https:\/\/www.organisator.ch\/en\/wp-json\/wp\/v2\/types\/post"}],"author":[{"embeddable":true,"href":"https:\/\/www.organisator.ch\/en\/wp-json\/wp\/v2\/users\/8"}],"replies":[{"embeddable":true,"href":"https:\/\/www.organisator.ch\/en\/wp-json\/wp\/v2\/comments?post=27600"}],"version-history":[{"count":5,"href":"https:\/\/www.organisator.ch\/en\/wp-json\/wp\/v2\/posts\/27600\/revisions"}],"predecessor-version":[{"id":32195,"href":"https:\/\/www.organisator.ch\/en\/wp-json\/wp\/v2\/posts\/27600\/revisions\/32195"}],"wp:attachment":[{"href":"https:\/\/www.organisator.ch\/en\/wp-json\/wp\/v2\/media?parent=27600"}],"wp:term":[{"taxonomy":"category","embeddable":true,"href":"https:\/\/www.organisator.ch\/en\/wp-json\/wp\/v2\/categories?post=27600"},{"taxonomy":"post_tag","embeddable":true,"href":"https:\/\/www.organisator.ch\/en\/wp-json\/wp\/v2\/tags?post=27600"}],"curies":[{"name":"wp","href":"https:\/\/api.w.org\/{rel}","templated":true}]}}