{"id":27611,"date":"2024-06-12T17:33:20","date_gmt":"2024-06-12T15:33:20","guid":{"rendered":"https:\/\/www.werbewoche.ch\/?p=216496"},"modified":"2024-11-10T12:54:30","modified_gmt":"2024-11-10T11:54:30","slug":"rekordverdaechtige-anzahl-uebernachtungen-im-kanton-bern","status":"publish","type":"post","link":"https:\/\/www.organisator.ch\/en\/marketing\/2024-06-12\/rekordverdaechtige-anzahl-uebernachtungen-im-kanton-bern\/","title":{"rendered":"Record-breaking number of overnight stays in the canton of Bern"},"content":{"rendered":"<figure id=\"attachment_202542\" class=\"wp-caption aligncenter\" style=\"width: 1200px\" aria-describedby=\"caption-attachment-202542\"><img class=\"aligncenter wp-image-202542 size-full\" src=\"https:\/\/www.werbewoche.ch\/wp-content\/uploads\/2023\/09\/MAde-in-Bern-Keyvisual-Bold.jpg\" alt=\"A great vacation \" width=\"1200\" height=\"900\" \/>\r\n<figcaption id=\"caption-attachment-202542\" class=\"wp-caption-text\">The animated bear from the campaign had a strong influence on the positioning of Bern as a destination.<\/figcaption>\r\n<\/figure>\r\n<p>This is the best result since the organization was founded in 2013, according to the press release. \"Together with our partners, we can increase the visibility of the vacation canton of Bern. The record number of overnight stays last year shows that Bern continues to be very popular,\" said Director Pascale Berclaz in the press release.<\/p>\r\n<p>Launched in 2023 <a href=\"https:\/\/www.werbewoche.ch\/de\/werbung\/kampagnen\/2023-09-06\/bold-wirbt-fuer-baerenstarke-ferien-in-bern\/\" rel=\"noopener\">Strong as a bear vacations\" campaign<\/a> has been very well received on the Swiss market and the bear, as a new brand ambassador, has helped to position Switzerland's second largest vacation canton as a year-round destination. The Bernese agency Bold was responsible for the campaign<\/p>\r\n<p>This year, \"Made in Bern\" intends to target the Brazilian market in particular. This market has great potential.<\/p>\r\n<p>The umbrella organization \"Made in Bern\" aims to strengthen the tourism image of the Canton of Bern and coordinate the marketing of the individual destinations. <em>(SDA\/swi)<\/em><\/p>","protected":false},"excerpt":{"rendered":"<p>The \"Holiday Canton of Bern\" recorded 6.2 million overnight stays last year. This is 13.7 percent more overnight stays than in the previous year, the umbrella organization of Bernese tourism \"Made in Bern\" announced on Wednesday.<\/p>","protected":false},"author":8,"featured_media":0,"comment_status":"closed","ping_status":"closed","sticky":false,"template":"","format":"standard","meta":{"_acf_changed":false,"_yoast_wpseo_focuskw":"B\u00e4renstarke Ferien","_yoast_wpseo_metadesc":"Kampagne \u00abB\u00e4renstarke Ferien\u00bb st\u00e4rkt Bern als Ganzjahresdestination. Neuer Fokus auf brasilianischen Markt.","articlekey":"","footnotes":""},"categories":[29],"tags":[4224,4253,339],"class_list":["post-27611","post","type-post","status-publish","format-standard","hentry","category-marketing","tag-bold","tag-made-in-bern","tag-marketing"],"acf":[],"yoast_head":"<!-- This site is optimized with the Yoast SEO plugin v27.5 - https:\/\/yoast.com\/product\/yoast-seo-wordpress\/ -->\n<title>Rekordverd\u00e4chtige Anzahl \u00dcbernachtungen im Kanton Bern - Organisator<\/title>\n<meta name=\"description\" content=\"Kampagne \u00abB\u00e4renstarke Ferien\u00bb st\u00e4rkt Bern als Ganzjahresdestination. Neuer Fokus auf brasilianischen Markt.\" \/>\n<meta name=\"robots\" content=\"index, follow, max-snippet:-1, max-image-preview:large, max-video-preview:-1\" \/>\n<link rel=\"canonical\" href=\"https:\/\/www.organisator.ch\/en\/marketing\/2024-06-12\/rekordverdaechtige-anzahl-uebernachtungen-im-kanton-bern\/\" \/>\n<meta property=\"og:locale\" content=\"en_US\" \/>\n<meta property=\"og:type\" content=\"article\" \/>\n<meta property=\"og:title\" content=\"Rekordverd\u00e4chtige Anzahl \u00dcbernachtungen im Kanton Bern - Organisator\" \/>\n<meta property=\"og:description\" content=\"Kampagne \u00abB\u00e4renstarke Ferien\u00bb st\u00e4rkt Bern als Ganzjahresdestination. Neuer Fokus auf brasilianischen Markt.\" \/>\n<meta property=\"og:url\" content=\"https:\/\/www.organisator.ch\/en\/marketing\/2024-06-12\/rekordverdaechtige-anzahl-uebernachtungen-im-kanton-bern\/\" \/>\n<meta property=\"og:site_name\" content=\"Organisator\" \/>\n<meta property=\"article:publisher\" content=\"https:\/\/www.facebook.com\/OrganisatorFachmagazin\" \/>\n<meta property=\"article:published_time\" content=\"2024-06-12T15:33:20+00:00\" \/>\n<meta property=\"article:modified_time\" content=\"2024-11-10T11:54:30+00:00\" \/>\n<meta property=\"og:image\" content=\"https:\/\/www.werbewoche.ch\/wp-content\/uploads\/2023\/09\/MAde-in-Bern-Keyvisual-Bold.jpg\" \/>\n<meta name=\"author\" content=\"galledia\" \/>\n<meta name=\"twitter:card\" content=\"summary_large_image\" \/>\n<meta name=\"twitter:creator\" content=\"@admin\" \/>\n<script type=\"application\/ld+json\" class=\"yoast-schema-graph\">{\"@context\":\"https:\\\/\\\/schema.org\",\"@graph\":[{\"@type\":\"Article\",\"@id\":\"https:\\\/\\\/www.organisator.ch\\\/marketing\\\/2024-06-12\\\/rekordverdaechtige-anzahl-uebernachtungen-im-kanton-bern\\\/#article\",\"isPartOf\":{\"@id\":\"https:\\\/\\\/www.organisator.ch\\\/marketing\\\/2024-06-12\\\/rekordverdaechtige-anzahl-uebernachtungen-im-kanton-bern\\\/\"},\"author\":{\"name\":\"galledia\",\"@id\":\"https:\\\/\\\/www.organisator.ch\\\/#\\\/schema\\\/person\\\/4e51799071cd2dd1232ac003643ef5f0\"},\"headline\":\"Rekordverd\u00e4chtige Anzahl \u00dcbernachtungen im Kanton Bern\",\"datePublished\":\"2024-06-12T15:33:20+00:00\",\"dateModified\":\"2024-11-10T11:54:30+00:00\",\"mainEntityOfPage\":{\"@id\":\"https:\\\/\\\/www.organisator.ch\\\/marketing\\\/2024-06-12\\\/rekordverdaechtige-anzahl-uebernachtungen-im-kanton-bern\\\/\"},\"wordCount\":161,\"publisher\":{\"@id\":\"https:\\\/\\\/www.organisator.ch\\\/#organization\"},\"image\":{\"@id\":\"https:\\\/\\\/www.organisator.ch\\\/marketing\\\/2024-06-12\\\/rekordverdaechtige-anzahl-uebernachtungen-im-kanton-bern\\\/#primaryimage\"},\"thumbnailUrl\":\"https:\\\/\\\/www.werbewoche.ch\\\/wp-content\\\/uploads\\\/2023\\\/09\\\/MAde-in-Bern-Keyvisual-Bold.jpg\",\"keywords\":[\"Bold\",\"Made in Bern\",\"Marketing\"],\"articleSection\":[\"MARKETING\"],\"inLanguage\":\"en-US\"},{\"@type\":\"WebPage\",\"@id\":\"https:\\\/\\\/www.organisator.ch\\\/marketing\\\/2024-06-12\\\/rekordverdaechtige-anzahl-uebernachtungen-im-kanton-bern\\\/\",\"url\":\"https:\\\/\\\/www.organisator.ch\\\/marketing\\\/2024-06-12\\\/rekordverdaechtige-anzahl-uebernachtungen-im-kanton-bern\\\/\",\"name\":\"Rekordverd\u00e4chtige Anzahl \u00dcbernachtungen im Kanton Bern - Organisator\",\"isPartOf\":{\"@id\":\"https:\\\/\\\/www.organisator.ch\\\/#website\"},\"primaryImageOfPage\":{\"@id\":\"https:\\\/\\\/www.organisator.ch\\\/marketing\\\/2024-06-12\\\/rekordverdaechtige-anzahl-uebernachtungen-im-kanton-bern\\\/#primaryimage\"},\"image\":{\"@id\":\"https:\\\/\\\/www.organisator.ch\\\/marketing\\\/2024-06-12\\\/rekordverdaechtige-anzahl-uebernachtungen-im-kanton-bern\\\/#primaryimage\"},\"thumbnailUrl\":\"https:\\\/\\\/www.werbewoche.ch\\\/wp-content\\\/uploads\\\/2023\\\/09\\\/MAde-in-Bern-Keyvisual-Bold.jpg\",\"datePublished\":\"2024-06-12T15:33:20+00:00\",\"dateModified\":\"2024-11-10T11:54:30+00:00\",\"description\":\"Kampagne \u00abB\u00e4renstarke Ferien\u00bb st\u00e4rkt Bern als Ganzjahresdestination. Neuer Fokus auf brasilianischen Markt.\",\"breadcrumb\":{\"@id\":\"https:\\\/\\\/www.organisator.ch\\\/marketing\\\/2024-06-12\\\/rekordverdaechtige-anzahl-uebernachtungen-im-kanton-bern\\\/#breadcrumb\"},\"inLanguage\":\"en-US\",\"potentialAction\":[{\"@type\":\"ReadAction\",\"target\":[\"https:\\\/\\\/www.organisator.ch\\\/marketing\\\/2024-06-12\\\/rekordverdaechtige-anzahl-uebernachtungen-im-kanton-bern\\\/\"]}]},{\"@type\":\"ImageObject\",\"inLanguage\":\"en-US\",\"@id\":\"https:\\\/\\\/www.organisator.ch\\\/marketing\\\/2024-06-12\\\/rekordverdaechtige-anzahl-uebernachtungen-im-kanton-bern\\\/#primaryimage\",\"url\":\"https:\\\/\\\/www.werbewoche.ch\\\/wp-content\\\/uploads\\\/2023\\\/09\\\/MAde-in-Bern-Keyvisual-Bold.jpg\",\"contentUrl\":\"https:\\\/\\\/www.werbewoche.ch\\\/wp-content\\\/uploads\\\/2023\\\/09\\\/MAde-in-Bern-Keyvisual-Bold.jpg\"},{\"@type\":\"BreadcrumbList\",\"@id\":\"https:\\\/\\\/www.organisator.ch\\\/marketing\\\/2024-06-12\\\/rekordverdaechtige-anzahl-uebernachtungen-im-kanton-bern\\\/#breadcrumb\",\"itemListElement\":[{\"@type\":\"ListItem\",\"position\":1,\"name\":\"Home\",\"item\":\"https:\\\/\\\/www.organisator.ch\\\/\"},{\"@type\":\"ListItem\",\"position\":2,\"name\":\"Rekordverd\u00e4chtige Anzahl \u00dcbernachtungen im Kanton Bern\"}]},{\"@type\":\"WebSite\",\"@id\":\"https:\\\/\\\/www.organisator.ch\\\/#website\",\"url\":\"https:\\\/\\\/www.organisator.ch\\\/\",\"name\":\"Organisator\",\"description\":\"Kompetent. Praxisnah. Der ORGANISATOR bereitet in 10 Ausgaben pro Jahr die wesentlichen Themen f\u00fcr F\u00fchrungskr\u00e4fte von KMU auf.\",\"publisher\":{\"@id\":\"https:\\\/\\\/www.organisator.ch\\\/#organization\"},\"potentialAction\":[{\"@type\":\"SearchAction\",\"target\":{\"@type\":\"EntryPoint\",\"urlTemplate\":\"https:\\\/\\\/www.organisator.ch\\\/?s={search_term_string}\"},\"query-input\":{\"@type\":\"PropertyValueSpecification\",\"valueRequired\":true,\"valueName\":\"search_term_string\"}}],\"inLanguage\":\"en-US\"},{\"@type\":\"Organization\",\"@id\":\"https:\\\/\\\/www.organisator.ch\\\/#organization\",\"name\":\"Organisator\",\"url\":\"https:\\\/\\\/www.organisator.ch\\\/\",\"logo\":{\"@type\":\"ImageObject\",\"inLanguage\":\"en-US\",\"@id\":\"https:\\\/\\\/www.organisator.ch\\\/#\\\/schema\\\/logo\\\/image\\\/\",\"url\":\"https:\\\/\\\/www.organisator.ch\\\/wp-content\\\/uploads\\\/2022\\\/01\\\/Logo_Organisator_Website.png\",\"contentUrl\":\"https:\\\/\\\/www.organisator.ch\\\/wp-content\\\/uploads\\\/2022\\\/01\\\/Logo_Organisator_Website.png\",\"width\":800,\"height\":77,\"caption\":\"Organisator\"},\"image\":{\"@id\":\"https:\\\/\\\/www.organisator.ch\\\/#\\\/schema\\\/logo\\\/image\\\/\"},\"sameAs\":[\"https:\\\/\\\/www.facebook.com\\\/OrganisatorFachmagazin\",\"https:\\\/\\\/www.linkedin.com\\\/showcase\\\/organisator-das-magazin-fr-kmu\",\"https:\\\/\\\/www.xing.com\\\/news\\\/pages\\\/organisator-ch-695\",\"https:\\\/\\\/www.youtube.com\\\/channel\\\/UCGP2Sq0iWaZwT3BdIAQFYpw\"]},{\"@type\":\"Person\",\"@id\":\"https:\\\/\\\/www.organisator.ch\\\/#\\\/schema\\\/person\\\/4e51799071cd2dd1232ac003643ef5f0\",\"name\":\"galledia\",\"image\":{\"@type\":\"ImageObject\",\"inLanguage\":\"en-US\",\"@id\":\"https:\\\/\\\/secure.gravatar.com\\\/avatar\\\/78a7f90c01fc2bfc875782a0d4922b37cde2cf184ce347b91316d23cd7f69a36?s=96&d=mm&r=g\",\"url\":\"https:\\\/\\\/secure.gravatar.com\\\/avatar\\\/78a7f90c01fc2bfc875782a0d4922b37cde2cf184ce347b91316d23cd7f69a36?s=96&d=mm&r=g\",\"contentUrl\":\"https:\\\/\\\/secure.gravatar.com\\\/avatar\\\/78a7f90c01fc2bfc875782a0d4922b37cde2cf184ce347b91316d23cd7f69a36?s=96&d=mm&r=g\",\"caption\":\"galledia\"},\"sameAs\":[\"https:\\\/\\\/x.com\\\/admin\"],\"url\":\"https:\\\/\\\/www.organisator.ch\\\/en\\\/author\\\/galledia\\\/\"}]}<\/script>\n<!-- \/ Yoast SEO plugin. -->","yoast_head_json":{"title":"Record-breaking number of overnight stays in the canton of Bern - Organizer","description":"\"B\u00e4renstarke Ferien\" campaign strengthens Bern as a year-round destination. New focus on the Brazilian market.","robots":{"index":"index","follow":"follow","max-snippet":"max-snippet:-1","max-image-preview":"max-image-preview:large","max-video-preview":"max-video-preview:-1"},"canonical":"https:\/\/www.organisator.ch\/en\/marketing\/2024-06-12\/rekordverdaechtige-anzahl-uebernachtungen-im-kanton-bern\/","og_locale":"en_US","og_type":"article","og_title":"Rekordverd\u00e4chtige Anzahl \u00dcbernachtungen im Kanton Bern - Organisator","og_description":"Kampagne \u00abB\u00e4renstarke Ferien\u00bb st\u00e4rkt Bern als Ganzjahresdestination. Neuer Fokus auf brasilianischen Markt.","og_url":"https:\/\/www.organisator.ch\/en\/marketing\/2024-06-12\/rekordverdaechtige-anzahl-uebernachtungen-im-kanton-bern\/","og_site_name":"Organisator","article_publisher":"https:\/\/www.facebook.com\/OrganisatorFachmagazin","article_published_time":"2024-06-12T15:33:20+00:00","article_modified_time":"2024-11-10T11:54:30+00:00","og_image":[{"url":"https:\/\/www.werbewoche.ch\/wp-content\/uploads\/2023\/09\/MAde-in-Bern-Keyvisual-Bold.jpg","type":"","width":"","height":""}],"author":"galledia","twitter_card":"summary_large_image","twitter_creator":"@admin","schema":{"@context":"https:\/\/schema.org","@graph":[{"@type":"Article","@id":"https:\/\/www.organisator.ch\/marketing\/2024-06-12\/rekordverdaechtige-anzahl-uebernachtungen-im-kanton-bern\/#article","isPartOf":{"@id":"https:\/\/www.organisator.ch\/marketing\/2024-06-12\/rekordverdaechtige-anzahl-uebernachtungen-im-kanton-bern\/"},"author":{"name":"galledia","@id":"https:\/\/www.organisator.ch\/#\/schema\/person\/4e51799071cd2dd1232ac003643ef5f0"},"headline":"Rekordverd\u00e4chtige Anzahl \u00dcbernachtungen im Kanton Bern","datePublished":"2024-06-12T15:33:20+00:00","dateModified":"2024-11-10T11:54:30+00:00","mainEntityOfPage":{"@id":"https:\/\/www.organisator.ch\/marketing\/2024-06-12\/rekordverdaechtige-anzahl-uebernachtungen-im-kanton-bern\/"},"wordCount":161,"publisher":{"@id":"https:\/\/www.organisator.ch\/#organization"},"image":{"@id":"https:\/\/www.organisator.ch\/marketing\/2024-06-12\/rekordverdaechtige-anzahl-uebernachtungen-im-kanton-bern\/#primaryimage"},"thumbnailUrl":"https:\/\/www.werbewoche.ch\/wp-content\/uploads\/2023\/09\/MAde-in-Bern-Keyvisual-Bold.jpg","keywords":["Bold","Made in Bern","Marketing"],"articleSection":["MARKETING"],"inLanguage":"en-US"},{"@type":"WebPage","@id":"https:\/\/www.organisator.ch\/marketing\/2024-06-12\/rekordverdaechtige-anzahl-uebernachtungen-im-kanton-bern\/","url":"https:\/\/www.organisator.ch\/marketing\/2024-06-12\/rekordverdaechtige-anzahl-uebernachtungen-im-kanton-bern\/","name":"Record-breaking number of overnight stays in the canton of Bern - Organizer","isPartOf":{"@id":"https:\/\/www.organisator.ch\/#website"},"primaryImageOfPage":{"@id":"https:\/\/www.organisator.ch\/marketing\/2024-06-12\/rekordverdaechtige-anzahl-uebernachtungen-im-kanton-bern\/#primaryimage"},"image":{"@id":"https:\/\/www.organisator.ch\/marketing\/2024-06-12\/rekordverdaechtige-anzahl-uebernachtungen-im-kanton-bern\/#primaryimage"},"thumbnailUrl":"https:\/\/www.werbewoche.ch\/wp-content\/uploads\/2023\/09\/MAde-in-Bern-Keyvisual-Bold.jpg","datePublished":"2024-06-12T15:33:20+00:00","dateModified":"2024-11-10T11:54:30+00:00","description":"\"B\u00e4renstarke Ferien\" campaign strengthens Bern as a year-round destination. New focus on the Brazilian market.","breadcrumb":{"@id":"https:\/\/www.organisator.ch\/marketing\/2024-06-12\/rekordverdaechtige-anzahl-uebernachtungen-im-kanton-bern\/#breadcrumb"},"inLanguage":"en-US","potentialAction":[{"@type":"ReadAction","target":["https:\/\/www.organisator.ch\/marketing\/2024-06-12\/rekordverdaechtige-anzahl-uebernachtungen-im-kanton-bern\/"]}]},{"@type":"ImageObject","inLanguage":"en-US","@id":"https:\/\/www.organisator.ch\/marketing\/2024-06-12\/rekordverdaechtige-anzahl-uebernachtungen-im-kanton-bern\/#primaryimage","url":"https:\/\/www.werbewoche.ch\/wp-content\/uploads\/2023\/09\/MAde-in-Bern-Keyvisual-Bold.jpg","contentUrl":"https:\/\/www.werbewoche.ch\/wp-content\/uploads\/2023\/09\/MAde-in-Bern-Keyvisual-Bold.jpg"},{"@type":"BreadcrumbList","@id":"https:\/\/www.organisator.ch\/marketing\/2024-06-12\/rekordverdaechtige-anzahl-uebernachtungen-im-kanton-bern\/#breadcrumb","itemListElement":[{"@type":"ListItem","position":1,"name":"Home","item":"https:\/\/www.organisator.ch\/"},{"@type":"ListItem","position":2,"name":"Rekordverd\u00e4chtige Anzahl \u00dcbernachtungen im Kanton Bern"}]},{"@type":"WebSite","@id":"https:\/\/www.organisator.ch\/#website","url":"https:\/\/www.organisator.ch\/","name":"Organizer","description":"Competent. Practical. In 10 issues per year, ORGANISATOR presents the essential topics for managers of SMEs.","publisher":{"@id":"https:\/\/www.organisator.ch\/#organization"},"potentialAction":[{"@type":"SearchAction","target":{"@type":"EntryPoint","urlTemplate":"https:\/\/www.organisator.ch\/?s={search_term_string}"},"query-input":{"@type":"PropertyValueSpecification","valueRequired":true,"valueName":"search_term_string"}}],"inLanguage":"en-US"},{"@type":"Organization","@id":"https:\/\/www.organisator.ch\/#organization","name":"Organizer","url":"https:\/\/www.organisator.ch\/","logo":{"@type":"ImageObject","inLanguage":"en-US","@id":"https:\/\/www.organisator.ch\/#\/schema\/logo\/image\/","url":"https:\/\/www.organisator.ch\/wp-content\/uploads\/2022\/01\/Logo_Organisator_Website.png","contentUrl":"https:\/\/www.organisator.ch\/wp-content\/uploads\/2022\/01\/Logo_Organisator_Website.png","width":800,"height":77,"caption":"Organisator"},"image":{"@id":"https:\/\/www.organisator.ch\/#\/schema\/logo\/image\/"},"sameAs":["https:\/\/www.facebook.com\/OrganisatorFachmagazin","https:\/\/www.linkedin.com\/showcase\/organisator-das-magazin-fr-kmu","https:\/\/www.xing.com\/news\/pages\/organisator-ch-695","https:\/\/www.youtube.com\/channel\/UCGP2Sq0iWaZwT3BdIAQFYpw"]},{"@type":"Person","@id":"https:\/\/www.organisator.ch\/#\/schema\/person\/4e51799071cd2dd1232ac003643ef5f0","name":"galledia","image":{"@type":"ImageObject","inLanguage":"en-US","@id":"https:\/\/secure.gravatar.com\/avatar\/78a7f90c01fc2bfc875782a0d4922b37cde2cf184ce347b91316d23cd7f69a36?s=96&d=mm&r=g","url":"https:\/\/secure.gravatar.com\/avatar\/78a7f90c01fc2bfc875782a0d4922b37cde2cf184ce347b91316d23cd7f69a36?s=96&d=mm&r=g","contentUrl":"https:\/\/secure.gravatar.com\/avatar\/78a7f90c01fc2bfc875782a0d4922b37cde2cf184ce347b91316d23cd7f69a36?s=96&d=mm&r=g","caption":"galledia"},"sameAs":["https:\/\/x.com\/admin"],"url":"https:\/\/www.organisator.ch\/en\/author\/galledia\/"}]}},"_links":{"self":[{"href":"https:\/\/www.organisator.ch\/en\/wp-json\/wp\/v2\/posts\/27611","targetHints":{"allow":["GET"]}}],"collection":[{"href":"https:\/\/www.organisator.ch\/en\/wp-json\/wp\/v2\/posts"}],"about":[{"href":"https:\/\/www.organisator.ch\/en\/wp-json\/wp\/v2\/types\/post"}],"author":[{"embeddable":true,"href":"https:\/\/www.organisator.ch\/en\/wp-json\/wp\/v2\/users\/8"}],"replies":[{"embeddable":true,"href":"https:\/\/www.organisator.ch\/en\/wp-json\/wp\/v2\/comments?post=27611"}],"version-history":[{"count":7,"href":"https:\/\/www.organisator.ch\/en\/wp-json\/wp\/v2\/posts\/27611\/revisions"}],"predecessor-version":[{"id":32193,"href":"https:\/\/www.organisator.ch\/en\/wp-json\/wp\/v2\/posts\/27611\/revisions\/32193"}],"wp:attachment":[{"href":"https:\/\/www.organisator.ch\/en\/wp-json\/wp\/v2\/media?parent=27611"}],"wp:term":[{"taxonomy":"category","embeddable":true,"href":"https:\/\/www.organisator.ch\/en\/wp-json\/wp\/v2\/categories?post=27611"},{"taxonomy":"post_tag","embeddable":true,"href":"https:\/\/www.organisator.ch\/en\/wp-json\/wp\/v2\/tags?post=27611"}],"curies":[{"name":"wp","href":"https:\/\/api.w.org\/{rel}","templated":true}]}}