{"id":27626,"date":"2024-06-13T12:08:09","date_gmt":"2024-06-13T10:08:09","guid":{"rendered":"https:\/\/www.organisator.ch\/?p=27626"},"modified":"2024-06-24T09:09:54","modified_gmt":"2024-06-24T07:09:54","slug":"digitalisierung-in-gemeinden-wille-da-aber-geld-fehlt","status":"publish","type":"post","link":"https:\/\/www.organisator.ch\/en\/management\/2024-06-13\/digitalisierung-in-gemeinden-wille-da-aber-geld-fehlt\/","title":{"rendered":"Digitization in municipalities: Will is there, but money is missing"},"content":{"rendered":"<figure id=\"attachment_27627\" aria-describedby=\"caption-attachment-27627\" style=\"width: 680px\" class=\"wp-caption alignnone\"><img loading=\"lazy\" decoding=\"async\" class=\"size-medium wp-image-27627\" src=\"https:\/\/www.organisator.ch\/wp-content\/uploads\/2024\/06\/Digitalisierung-in-Gemeinden-Wille-da-aber-Geld-fehlt_Organisator-680x417.jpg\" alt=\"\" width=\"680\" height=\"417\" srcset=\"https:\/\/www.organisator.ch\/wp-content\/uploads\/2024\/06\/Digitalisierung-in-Gemeinden-Wille-da-aber-Geld-fehlt_Organisator-680x417.jpg 680w, https:\/\/www.organisator.ch\/wp-content\/uploads\/2024\/06\/Digitalisierung-in-Gemeinden-Wille-da-aber-Geld-fehlt_Organisator-1024x629.jpg 1024w, https:\/\/www.organisator.ch\/wp-content\/uploads\/2024\/06\/Digitalisierung-in-Gemeinden-Wille-da-aber-Geld-fehlt_Organisator-768x471.jpg 768w, https:\/\/www.organisator.ch\/wp-content\/uploads\/2024\/06\/Digitalisierung-in-Gemeinden-Wille-da-aber-Geld-fehlt_Organisator-18x12.jpg 18w, https:\/\/www.organisator.ch\/wp-content\/uploads\/2024\/06\/Digitalisierung-in-Gemeinden-Wille-da-aber-Geld-fehlt_Organisator-375x230.jpg 375w, https:\/\/www.organisator.ch\/wp-content\/uploads\/2024\/06\/Digitalisierung-in-Gemeinden-Wille-da-aber-Geld-fehlt_Organisator-570x350.jpg 570w, https:\/\/www.organisator.ch\/wp-content\/uploads\/2024\/06\/Digitalisierung-in-Gemeinden-Wille-da-aber-Geld-fehlt_Organisator-1000x614.jpg 1000w, https:\/\/www.organisator.ch\/wp-content\/uploads\/2024\/06\/Digitalisierung-in-Gemeinden-Wille-da-aber-Geld-fehlt_Organisator.jpg 1098w\" sizes=\"auto, (max-width: 680px) 100vw, 680px\" \/><figcaption id=\"caption-attachment-27627\" class=\"wp-caption-text\">Digitization in municipalities - here an aerial view of an outer district of St. Gallen looking west - continues to make progress. But there are still many hurdles. (Image: luftbild24 \/ Pixabay.com)<\/figcaption><\/figure>\n<p>For the fourth time, the \"Myni Gmeind\" association, in collaboration with the Swiss Association of Municipalities and the University of Applied Sciences Northwestern Switzerland, surveyed Swiss municipalities on the progress of their digital transformation. Of the total of 2131 Swiss municipalities, 560 municipalities (26 percent) completed the questionnaire in full and a further 1121 municipalities (53 percent) completed it in part. This pleasing response rate provides a solid pool of data that allows for meaningful findings.<\/p>\n<h3>Digitization in municipalities as a top topic<\/h3>\n<p>Digitalization and cybersecurity are the topics that municipalities are currently most concerned with, alongside others such as infrastructure projects and finances. According to the survey, four out of five municipalities see the digital transformation as a means of increasing their efficiency, and just as many also see it as a service for the population. \"The digital transformation has finally arrived in municipal councils and administrations,\" says Alex Sollberger, President of Myni Gmeind. 41% of all municipalities now see themselves as pioneers in the field of digitalization. This is significantly more than in the previous year, when only a third of municipalities answered this question in the affirmative.<\/p>\n<p>The results also show that it is not necessarily digital skills or know-how that are decisive for the success of digitalization, but rather openness to the topic. The municipalities also identified a clear political will for digital transformation as the most important success factor. 61% of those surveyed stated that they felt this will in their municipality to a greater or lesser extent.<\/p>\n<h3>Problem: Human and financial resources<\/h3>\n<p>Just as important as the will and openness towards digitalization is the availability of human and financial resources, as the majority of respondents state. However, there is a gap between desire and reality: only 42% of municipalities state that the financial requirements for digital transformation are given or rather given. When asked about the availability of human resources, only a third of the participating municipalities gave a positive assessment. A clear majority of respondents rate their human resources for digital transformation as insufficient or somewhat insufficient. The municipalities see the solution as either increasing personnel resources by creating additional full-time equivalents or temporarily outsourcing tasks to external service providers. \"Both options would generate additional human resources for the digital transformation, but would also increase the challenges in terms of financial resources,\" says Alex Sollberger.<\/p>\n<p>One thing is clear: no one can avoid digital transformation today. The public's expectations of modern administration have grown. Especially in Switzerland, a high-wage country, it makes sense to automate processes as much as possible. Digitalization can also help to alleviate the shortage of skilled workers in the long term. In the meantime, almost half of all municipalities (47%) have already defined a position or person to coordinate the digital transformation across all departments.<\/p>\n<p><em>Source and further information: <a href=\"https:\/\/www.chgemeinden.ch\/de\/\">Swiss Association of Municipalities<\/a>, <a href=\"https:\/\/www.mynigmeind.ch\/de\/\">Myni Gmeind Association<\/a><\/em><\/p>","protected":false},"excerpt":{"rendered":"<p>A large majority of Swiss municipalities see the digitalization of their internal work tools and external services as an opportunity to become more efficient. According to a new survey on the status of digitalization in municipalities, half of them have already designated their own digitalization office. <\/p>","protected":false},"author":4,"featured_media":27627,"comment_status":"closed","ping_status":"closed","sticky":false,"template":"","format":"standard","meta":{"_acf_changed":false,"_yoast_wpseo_focuskw":"Digitalisierung in Gemeinden","_yoast_wpseo_metadesc":"Laut einer neuen Umfrage zum Stand der Digitalisierung in Gemeinden hat die H\u00e4lfte von ihnen eine eigene Digitalisierungsstelle bezeichnet.","articlekey":"","footnotes":""},"categories":[28],"tags":[156,335,459,503],"class_list":["post-27626","post","type-post","status-publish","format-standard","has-post-thumbnail","hentry","category-management","tag-digitalisierung","tag-management-und-unternehmensfuehrung","tag-studie","tag-verbaende"],"acf":[],"yoast_head":"<!-- This site is optimized with the Yoast SEO plugin v27.5 - https:\/\/yoast.com\/product\/yoast-seo-wordpress\/ -->\n<title>Digitalisierung in Gemeinden: Wille da, aber Geld fehlt - Organisator<\/title>\n<meta name=\"description\" content=\"Laut einer neuen Umfrage zum Stand der Digitalisierung in Gemeinden hat die H\u00e4lfte von ihnen eine eigene Digitalisierungsstelle bezeichnet.\" \/>\n<meta name=\"robots\" content=\"index, follow, max-snippet:-1, max-image-preview:large, max-video-preview:-1\" \/>\n<link rel=\"canonical\" href=\"https:\/\/www.organisator.ch\/en\/management\/2024-06-13\/digitalisierung-in-gemeinden-wille-da-aber-geld-fehlt\/\" \/>\n<meta property=\"og:locale\" content=\"en_US\" \/>\n<meta property=\"og:type\" content=\"article\" \/>\n<meta property=\"og:title\" content=\"Digitalisierung in Gemeinden: Wille da, aber Geld fehlt\" \/>\n<meta property=\"og:description\" content=\"Laut einer neuen Umfrage zum Stand der Digitalisierung in Gemeinden hat die H\u00e4lfte von ihnen eine eigene Digitalisierungsstelle bezeichnet.\" \/>\n<meta property=\"og:url\" content=\"https:\/\/www.organisator.ch\/en\/management\/2024-06-13\/digitalisierung-in-gemeinden-wille-da-aber-geld-fehlt\/\" \/>\n<meta property=\"og:site_name\" content=\"Organisator\" \/>\n<meta property=\"article:publisher\" content=\"https:\/\/www.facebook.com\/OrganisatorFachmagazin\" \/>\n<meta property=\"article:published_time\" content=\"2024-06-13T10:08:09+00:00\" \/>\n<meta property=\"article:modified_time\" content=\"2024-06-24T07:09:54+00:00\" \/>\n<meta property=\"og:image\" content=\"https:\/\/www.organisator.ch\/wp-content\/uploads\/2024\/06\/Digitalisierung-in-Gemeinden-Wille-da-aber-Geld-fehlt_Organisator.jpg\" \/>\n\t<meta property=\"og:image:width\" content=\"1098\" \/>\n\t<meta property=\"og:image:height\" content=\"674\" \/>\n\t<meta property=\"og:image:type\" content=\"image\/jpeg\" \/>\n<meta name=\"author\" content=\"thomas.berner\" \/>\n<meta name=\"twitter:card\" content=\"summary_large_image\" \/>\n<meta name=\"twitter:title\" content=\"#Digitalisierung in #Gemeinden: Wille da, aber Geld fehlt\" \/>\n<meta name=\"twitter:description\" content=\"Laut einer neuen Umfrage zum Stand der #Digitalisierung in Gemeinden hat die H\u00e4lfte von ihnen eine eigene #Digitalisierungsstelle bezeichnet.\" \/>\n<meta name=\"twitter:image\" content=\"https:\/\/www.organisator.ch\/wp-content\/uploads\/2024\/06\/Digitalisierung-in-Gemeinden-Wille-da-aber-Geld-fehlt_Organisator.jpg\" \/>\n<script type=\"application\/ld+json\" class=\"yoast-schema-graph\">{\"@context\":\"https:\\\/\\\/schema.org\",\"@graph\":[{\"@type\":\"Article\",\"@id\":\"https:\\\/\\\/www.organisator.ch\\\/management\\\/2024-06-13\\\/digitalisierung-in-gemeinden-wille-da-aber-geld-fehlt\\\/#article\",\"isPartOf\":{\"@id\":\"https:\\\/\\\/www.organisator.ch\\\/management\\\/2024-06-13\\\/digitalisierung-in-gemeinden-wille-da-aber-geld-fehlt\\\/\"},\"author\":{\"name\":\"thomas.berner\",\"@id\":\"https:\\\/\\\/www.organisator.ch\\\/#\\\/schema\\\/person\\\/6f650f90b2842cd4c0cc334b4e36f67e\"},\"headline\":\"Digitalisierung in Gemeinden: Wille da, aber Geld fehlt\",\"datePublished\":\"2024-06-13T10:08:09+00:00\",\"dateModified\":\"2024-06-24T07:09:54+00:00\",\"mainEntityOfPage\":{\"@id\":\"https:\\\/\\\/www.organisator.ch\\\/management\\\/2024-06-13\\\/digitalisierung-in-gemeinden-wille-da-aber-geld-fehlt\\\/\"},\"wordCount\":511,\"publisher\":{\"@id\":\"https:\\\/\\\/www.organisator.ch\\\/#organization\"},\"image\":{\"@id\":\"https:\\\/\\\/www.organisator.ch\\\/management\\\/2024-06-13\\\/digitalisierung-in-gemeinden-wille-da-aber-geld-fehlt\\\/#primaryimage\"},\"thumbnailUrl\":\"https:\\\/\\\/www.organisator.ch\\\/wp-content\\\/uploads\\\/2024\\\/06\\\/Digitalisierung-in-Gemeinden-Wille-da-aber-Geld-fehlt_Organisator.jpg\",\"keywords\":[\"Digitalisierung\",\"Management und Unternehmensf\u00fchrung\",\"Studie\",\"Verb\u00e4nde\"],\"articleSection\":[\"MANAGEMENT\"],\"inLanguage\":\"en-US\"},{\"@type\":\"WebPage\",\"@id\":\"https:\\\/\\\/www.organisator.ch\\\/management\\\/2024-06-13\\\/digitalisierung-in-gemeinden-wille-da-aber-geld-fehlt\\\/\",\"url\":\"https:\\\/\\\/www.organisator.ch\\\/management\\\/2024-06-13\\\/digitalisierung-in-gemeinden-wille-da-aber-geld-fehlt\\\/\",\"name\":\"Digitalisierung in Gemeinden: Wille da, aber Geld fehlt - Organisator\",\"isPartOf\":{\"@id\":\"https:\\\/\\\/www.organisator.ch\\\/#website\"},\"primaryImageOfPage\":{\"@id\":\"https:\\\/\\\/www.organisator.ch\\\/management\\\/2024-06-13\\\/digitalisierung-in-gemeinden-wille-da-aber-geld-fehlt\\\/#primaryimage\"},\"image\":{\"@id\":\"https:\\\/\\\/www.organisator.ch\\\/management\\\/2024-06-13\\\/digitalisierung-in-gemeinden-wille-da-aber-geld-fehlt\\\/#primaryimage\"},\"thumbnailUrl\":\"https:\\\/\\\/www.organisator.ch\\\/wp-content\\\/uploads\\\/2024\\\/06\\\/Digitalisierung-in-Gemeinden-Wille-da-aber-Geld-fehlt_Organisator.jpg\",\"datePublished\":\"2024-06-13T10:08:09+00:00\",\"dateModified\":\"2024-06-24T07:09:54+00:00\",\"description\":\"Laut einer neuen Umfrage zum Stand der Digitalisierung in Gemeinden hat die H\u00e4lfte von ihnen eine eigene Digitalisierungsstelle bezeichnet.\",\"breadcrumb\":{\"@id\":\"https:\\\/\\\/www.organisator.ch\\\/management\\\/2024-06-13\\\/digitalisierung-in-gemeinden-wille-da-aber-geld-fehlt\\\/#breadcrumb\"},\"inLanguage\":\"en-US\",\"potentialAction\":[{\"@type\":\"ReadAction\",\"target\":[\"https:\\\/\\\/www.organisator.ch\\\/management\\\/2024-06-13\\\/digitalisierung-in-gemeinden-wille-da-aber-geld-fehlt\\\/\"]}]},{\"@type\":\"ImageObject\",\"inLanguage\":\"en-US\",\"@id\":\"https:\\\/\\\/www.organisator.ch\\\/management\\\/2024-06-13\\\/digitalisierung-in-gemeinden-wille-da-aber-geld-fehlt\\\/#primaryimage\",\"url\":\"https:\\\/\\\/www.organisator.ch\\\/wp-content\\\/uploads\\\/2024\\\/06\\\/Digitalisierung-in-Gemeinden-Wille-da-aber-Geld-fehlt_Organisator.jpg\",\"contentUrl\":\"https:\\\/\\\/www.organisator.ch\\\/wp-content\\\/uploads\\\/2024\\\/06\\\/Digitalisierung-in-Gemeinden-Wille-da-aber-Geld-fehlt_Organisator.jpg\",\"width\":1098,\"height\":674,\"caption\":\"Die Digitalisierung in Gemeinden - hier ein Luftbild eines Aussenquartiers von St.Gallen in Richtung Westen - schreitet weiter voran. Es gibt aber noch viele H\u00fcrden. (Bild: luftbild24 \\\/ Pixabay.com)\"},{\"@type\":\"BreadcrumbList\",\"@id\":\"https:\\\/\\\/www.organisator.ch\\\/management\\\/2024-06-13\\\/digitalisierung-in-gemeinden-wille-da-aber-geld-fehlt\\\/#breadcrumb\",\"itemListElement\":[{\"@type\":\"ListItem\",\"position\":1,\"name\":\"Home\",\"item\":\"https:\\\/\\\/www.organisator.ch\\\/\"},{\"@type\":\"ListItem\",\"position\":2,\"name\":\"Digitalisierung in Gemeinden: Wille da, aber Geld fehlt\"}]},{\"@type\":\"WebSite\",\"@id\":\"https:\\\/\\\/www.organisator.ch\\\/#website\",\"url\":\"https:\\\/\\\/www.organisator.ch\\\/\",\"name\":\"Organisator\",\"description\":\"Kompetent. Praxisnah. Der ORGANISATOR bereitet in 10 Ausgaben pro Jahr die wesentlichen Themen f\u00fcr F\u00fchrungskr\u00e4fte von KMU auf.\",\"publisher\":{\"@id\":\"https:\\\/\\\/www.organisator.ch\\\/#organization\"},\"potentialAction\":[{\"@type\":\"SearchAction\",\"target\":{\"@type\":\"EntryPoint\",\"urlTemplate\":\"https:\\\/\\\/www.organisator.ch\\\/?s={search_term_string}\"},\"query-input\":{\"@type\":\"PropertyValueSpecification\",\"valueRequired\":true,\"valueName\":\"search_term_string\"}}],\"inLanguage\":\"en-US\"},{\"@type\":\"Organization\",\"@id\":\"https:\\\/\\\/www.organisator.ch\\\/#organization\",\"name\":\"Organisator\",\"url\":\"https:\\\/\\\/www.organisator.ch\\\/\",\"logo\":{\"@type\":\"ImageObject\",\"inLanguage\":\"en-US\",\"@id\":\"https:\\\/\\\/www.organisator.ch\\\/#\\\/schema\\\/logo\\\/image\\\/\",\"url\":\"https:\\\/\\\/www.organisator.ch\\\/wp-content\\\/uploads\\\/2022\\\/01\\\/Logo_Organisator_Website.png\",\"contentUrl\":\"https:\\\/\\\/www.organisator.ch\\\/wp-content\\\/uploads\\\/2022\\\/01\\\/Logo_Organisator_Website.png\",\"width\":800,\"height\":77,\"caption\":\"Organisator\"},\"image\":{\"@id\":\"https:\\\/\\\/www.organisator.ch\\\/#\\\/schema\\\/logo\\\/image\\\/\"},\"sameAs\":[\"https:\\\/\\\/www.facebook.com\\\/OrganisatorFachmagazin\",\"https:\\\/\\\/www.linkedin.com\\\/showcase\\\/organisator-das-magazin-fr-kmu\",\"https:\\\/\\\/www.xing.com\\\/news\\\/pages\\\/organisator-ch-695\",\"https:\\\/\\\/www.youtube.com\\\/channel\\\/UCGP2Sq0iWaZwT3BdIAQFYpw\"]},{\"@type\":\"Person\",\"@id\":\"https:\\\/\\\/www.organisator.ch\\\/#\\\/schema\\\/person\\\/6f650f90b2842cd4c0cc334b4e36f67e\",\"name\":\"thomas.berner\",\"image\":{\"@type\":\"ImageObject\",\"inLanguage\":\"en-US\",\"@id\":\"https:\\\/\\\/secure.gravatar.com\\\/avatar\\\/ac5001d2a36cb6c6cd3e50789007ffca834b477b74a2144564522e944eabff61?s=96&d=mm&r=g\",\"url\":\"https:\\\/\\\/secure.gravatar.com\\\/avatar\\\/ac5001d2a36cb6c6cd3e50789007ffca834b477b74a2144564522e944eabff61?s=96&d=mm&r=g\",\"contentUrl\":\"https:\\\/\\\/secure.gravatar.com\\\/avatar\\\/ac5001d2a36cb6c6cd3e50789007ffca834b477b74a2144564522e944eabff61?s=96&d=mm&r=g\",\"caption\":\"thomas.berner\"},\"url\":\"https:\\\/\\\/www.organisator.ch\\\/en\\\/author\\\/thomas-berner\\\/\"}]}<\/script>\n<!-- \/ Yoast SEO plugin. -->","yoast_head_json":{"title":"Digitization in municipalities: Will is there, but money is missing - Organizer","description":"According to a new survey on the status of digitization in municipalities, half of them have designated their own digitization office.","robots":{"index":"index","follow":"follow","max-snippet":"max-snippet:-1","max-image-preview":"max-image-preview:large","max-video-preview":"max-video-preview:-1"},"canonical":"https:\/\/www.organisator.ch\/en\/management\/2024-06-13\/digitalisierung-in-gemeinden-wille-da-aber-geld-fehlt\/","og_locale":"en_US","og_type":"article","og_title":"Digitalisierung in Gemeinden: Wille da, aber Geld fehlt","og_description":"Laut einer neuen Umfrage zum Stand der Digitalisierung in Gemeinden hat die H\u00e4lfte von ihnen eine eigene Digitalisierungsstelle bezeichnet.","og_url":"https:\/\/www.organisator.ch\/en\/management\/2024-06-13\/digitalisierung-in-gemeinden-wille-da-aber-geld-fehlt\/","og_site_name":"Organisator","article_publisher":"https:\/\/www.facebook.com\/OrganisatorFachmagazin","article_published_time":"2024-06-13T10:08:09+00:00","article_modified_time":"2024-06-24T07:09:54+00:00","og_image":[{"width":1098,"height":674,"url":"https:\/\/www.organisator.ch\/wp-content\/uploads\/2024\/06\/Digitalisierung-in-Gemeinden-Wille-da-aber-Geld-fehlt_Organisator.jpg","type":"image\/jpeg"}],"author":"thomas.berner","twitter_card":"summary_large_image","twitter_title":"#Digitalisierung in #Gemeinden: Wille da, aber Geld fehlt","twitter_description":"Laut einer neuen Umfrage zum Stand der #Digitalisierung in Gemeinden hat die H\u00e4lfte von ihnen eine eigene #Digitalisierungsstelle bezeichnet.","twitter_image":"https:\/\/www.organisator.ch\/wp-content\/uploads\/2024\/06\/Digitalisierung-in-Gemeinden-Wille-da-aber-Geld-fehlt_Organisator.jpg","schema":{"@context":"https:\/\/schema.org","@graph":[{"@type":"Article","@id":"https:\/\/www.organisator.ch\/management\/2024-06-13\/digitalisierung-in-gemeinden-wille-da-aber-geld-fehlt\/#article","isPartOf":{"@id":"https:\/\/www.organisator.ch\/management\/2024-06-13\/digitalisierung-in-gemeinden-wille-da-aber-geld-fehlt\/"},"author":{"name":"thomas.berner","@id":"https:\/\/www.organisator.ch\/#\/schema\/person\/6f650f90b2842cd4c0cc334b4e36f67e"},"headline":"Digitalisierung in Gemeinden: Wille da, aber Geld fehlt","datePublished":"2024-06-13T10:08:09+00:00","dateModified":"2024-06-24T07:09:54+00:00","mainEntityOfPage":{"@id":"https:\/\/www.organisator.ch\/management\/2024-06-13\/digitalisierung-in-gemeinden-wille-da-aber-geld-fehlt\/"},"wordCount":511,"publisher":{"@id":"https:\/\/www.organisator.ch\/#organization"},"image":{"@id":"https:\/\/www.organisator.ch\/management\/2024-06-13\/digitalisierung-in-gemeinden-wille-da-aber-geld-fehlt\/#primaryimage"},"thumbnailUrl":"https:\/\/www.organisator.ch\/wp-content\/uploads\/2024\/06\/Digitalisierung-in-Gemeinden-Wille-da-aber-Geld-fehlt_Organisator.jpg","keywords":["Digitalisierung","Management und Unternehmensf\u00fchrung","Studie","Verb\u00e4nde"],"articleSection":["MANAGEMENT"],"inLanguage":"en-US"},{"@type":"WebPage","@id":"https:\/\/www.organisator.ch\/management\/2024-06-13\/digitalisierung-in-gemeinden-wille-da-aber-geld-fehlt\/","url":"https:\/\/www.organisator.ch\/management\/2024-06-13\/digitalisierung-in-gemeinden-wille-da-aber-geld-fehlt\/","name":"Digitization in municipalities: Will is there, but money is missing - Organizer","isPartOf":{"@id":"https:\/\/www.organisator.ch\/#website"},"primaryImageOfPage":{"@id":"https:\/\/www.organisator.ch\/management\/2024-06-13\/digitalisierung-in-gemeinden-wille-da-aber-geld-fehlt\/#primaryimage"},"image":{"@id":"https:\/\/www.organisator.ch\/management\/2024-06-13\/digitalisierung-in-gemeinden-wille-da-aber-geld-fehlt\/#primaryimage"},"thumbnailUrl":"https:\/\/www.organisator.ch\/wp-content\/uploads\/2024\/06\/Digitalisierung-in-Gemeinden-Wille-da-aber-Geld-fehlt_Organisator.jpg","datePublished":"2024-06-13T10:08:09+00:00","dateModified":"2024-06-24T07:09:54+00:00","description":"According to a new survey on the status of digitization in municipalities, half of them have designated their own digitization office.","breadcrumb":{"@id":"https:\/\/www.organisator.ch\/management\/2024-06-13\/digitalisierung-in-gemeinden-wille-da-aber-geld-fehlt\/#breadcrumb"},"inLanguage":"en-US","potentialAction":[{"@type":"ReadAction","target":["https:\/\/www.organisator.ch\/management\/2024-06-13\/digitalisierung-in-gemeinden-wille-da-aber-geld-fehlt\/"]}]},{"@type":"ImageObject","inLanguage":"en-US","@id":"https:\/\/www.organisator.ch\/management\/2024-06-13\/digitalisierung-in-gemeinden-wille-da-aber-geld-fehlt\/#primaryimage","url":"https:\/\/www.organisator.ch\/wp-content\/uploads\/2024\/06\/Digitalisierung-in-Gemeinden-Wille-da-aber-Geld-fehlt_Organisator.jpg","contentUrl":"https:\/\/www.organisator.ch\/wp-content\/uploads\/2024\/06\/Digitalisierung-in-Gemeinden-Wille-da-aber-Geld-fehlt_Organisator.jpg","width":1098,"height":674,"caption":"Die Digitalisierung in Gemeinden - hier ein Luftbild eines Aussenquartiers von St.Gallen in Richtung Westen - schreitet weiter voran. Es gibt aber noch viele H\u00fcrden. (Bild: luftbild24 \/ Pixabay.com)"},{"@type":"BreadcrumbList","@id":"https:\/\/www.organisator.ch\/management\/2024-06-13\/digitalisierung-in-gemeinden-wille-da-aber-geld-fehlt\/#breadcrumb","itemListElement":[{"@type":"ListItem","position":1,"name":"Home","item":"https:\/\/www.organisator.ch\/"},{"@type":"ListItem","position":2,"name":"Digitalisierung in Gemeinden: Wille da, aber Geld fehlt"}]},{"@type":"WebSite","@id":"https:\/\/www.organisator.ch\/#website","url":"https:\/\/www.organisator.ch\/","name":"Organizer","description":"Competent. Practical. In 10 issues per year, ORGANISATOR presents the essential topics for managers of SMEs.","publisher":{"@id":"https:\/\/www.organisator.ch\/#organization"},"potentialAction":[{"@type":"SearchAction","target":{"@type":"EntryPoint","urlTemplate":"https:\/\/www.organisator.ch\/?s={search_term_string}"},"query-input":{"@type":"PropertyValueSpecification","valueRequired":true,"valueName":"search_term_string"}}],"inLanguage":"en-US"},{"@type":"Organization","@id":"https:\/\/www.organisator.ch\/#organization","name":"Organizer","url":"https:\/\/www.organisator.ch\/","logo":{"@type":"ImageObject","inLanguage":"en-US","@id":"https:\/\/www.organisator.ch\/#\/schema\/logo\/image\/","url":"https:\/\/www.organisator.ch\/wp-content\/uploads\/2022\/01\/Logo_Organisator_Website.png","contentUrl":"https:\/\/www.organisator.ch\/wp-content\/uploads\/2022\/01\/Logo_Organisator_Website.png","width":800,"height":77,"caption":"Organisator"},"image":{"@id":"https:\/\/www.organisator.ch\/#\/schema\/logo\/image\/"},"sameAs":["https:\/\/www.facebook.com\/OrganisatorFachmagazin","https:\/\/www.linkedin.com\/showcase\/organisator-das-magazin-fr-kmu","https:\/\/www.xing.com\/news\/pages\/organisator-ch-695","https:\/\/www.youtube.com\/channel\/UCGP2Sq0iWaZwT3BdIAQFYpw"]},{"@type":"Person","@id":"https:\/\/www.organisator.ch\/#\/schema\/person\/6f650f90b2842cd4c0cc334b4e36f67e","name":"thomas.berner","image":{"@type":"ImageObject","inLanguage":"en-US","@id":"https:\/\/secure.gravatar.com\/avatar\/ac5001d2a36cb6c6cd3e50789007ffca834b477b74a2144564522e944eabff61?s=96&d=mm&r=g","url":"https:\/\/secure.gravatar.com\/avatar\/ac5001d2a36cb6c6cd3e50789007ffca834b477b74a2144564522e944eabff61?s=96&d=mm&r=g","contentUrl":"https:\/\/secure.gravatar.com\/avatar\/ac5001d2a36cb6c6cd3e50789007ffca834b477b74a2144564522e944eabff61?s=96&d=mm&r=g","caption":"thomas.berner"},"url":"https:\/\/www.organisator.ch\/en\/author\/thomas-berner\/"}]}},"_links":{"self":[{"href":"https:\/\/www.organisator.ch\/en\/wp-json\/wp\/v2\/posts\/27626","targetHints":{"allow":["GET"]}}],"collection":[{"href":"https:\/\/www.organisator.ch\/en\/wp-json\/wp\/v2\/posts"}],"about":[{"href":"https:\/\/www.organisator.ch\/en\/wp-json\/wp\/v2\/types\/post"}],"author":[{"embeddable":true,"href":"https:\/\/www.organisator.ch\/en\/wp-json\/wp\/v2\/users\/4"}],"replies":[{"embeddable":true,"href":"https:\/\/www.organisator.ch\/en\/wp-json\/wp\/v2\/comments?post=27626"}],"version-history":[{"count":5,"href":"https:\/\/www.organisator.ch\/en\/wp-json\/wp\/v2\/posts\/27626\/revisions"}],"predecessor-version":[{"id":27709,"href":"https:\/\/www.organisator.ch\/en\/wp-json\/wp\/v2\/posts\/27626\/revisions\/27709"}],"wp:featuredmedia":[{"embeddable":true,"href":"https:\/\/www.organisator.ch\/en\/wp-json\/wp\/v2\/media\/27627"}],"wp:attachment":[{"href":"https:\/\/www.organisator.ch\/en\/wp-json\/wp\/v2\/media?parent=27626"}],"wp:term":[{"taxonomy":"category","embeddable":true,"href":"https:\/\/www.organisator.ch\/en\/wp-json\/wp\/v2\/categories?post=27626"},{"taxonomy":"post_tag","embeddable":true,"href":"https:\/\/www.organisator.ch\/en\/wp-json\/wp\/v2\/tags?post=27626"}],"curies":[{"name":"wp","href":"https:\/\/api.w.org\/{rel}","templated":true}]}}