{"id":27642,"date":"2024-06-21T06:06:17","date_gmt":"2024-06-21T04:06:17","guid":{"rendered":"https:\/\/www.organisator.ch\/de\/?p=27642"},"modified":"2024-06-19T13:58:13","modified_gmt":"2024-06-19T11:58:13","slug":"spielraum-fuer-innovationen-ausgeschoepft","status":"publish","type":"post","link":"https:\/\/www.organisator.ch\/en\/management\/2024-06-21\/spielraum-fuer-innovationen-ausgeschoepft\/","title":{"rendered":"Scope for innovation exhausted"},"content":{"rendered":"<div class=\"swpm-post-not-logged-in-msg\">You need to be logged in to view this content. Please <a class=\"swpm-login-link\" href=\"https:\/\/www.organisator.ch\/login\/\">Log In<\/a>. Not a Member? <a href=\"https:\/\/www.organisator.ch\/shop\/\">Join Us<\/a><\/div>","protected":false},"excerpt":{"rendered":"<p>Occupational pensions are known to be highly regulated and regimented. Against this backdrop, how can an innovative range of benefits be developed for the future? And what will the BVG reform, which we will vote on in September 2024, bring?<\/p>","protected":false},"author":1,"featured_media":27641,"comment_status":"closed","ping_status":"closed","sticky":false,"template":"","format":"standard","meta":{"_acf_changed":false,"_yoast_wpseo_focuskw":"Pensionskassen","_yoast_wpseo_metadesc":"Die berufliche Vorsorge ist bekanntlich stark reguliert und reglementiert. Wie kann vor diesem Hintergrund eine innovative Leistungspalette f\u00fcr die Zukunft entwickelt werden?","articlekey":"104703","footnotes":""},"categories":[578,28],"tags":[2921,334,377,4270,492],"class_list":["post-27642","post","type-post","status-publish","format-standard","has-post-thumbnail","hentry","category-abo","category-management","tag-berufliche-vorsorge","tag-management","tag-pensionskassen","tag-reform","tag-unternehmen"],"acf":[],"yoast_head":"<!-- This site is optimized with the Yoast SEO plugin v27.5 - https:\/\/yoast.com\/product\/yoast-seo-wordpress\/ -->\n<title>Spielraum f\u00fcr Innovationen ausgesch\u00f6pft - Organisator<\/title>\n<meta name=\"description\" content=\"Die berufliche Vorsorge ist bekanntlich stark reguliert und reglementiert. Wie kann vor diesem Hintergrund eine innovative Leistungspalette f\u00fcr die Zukunft entwickelt werden?\" \/>\n<meta name=\"robots\" content=\"index, follow, max-snippet:-1, max-image-preview:large, max-video-preview:-1\" \/>\n<link rel=\"canonical\" href=\"https:\/\/www.organisator.ch\/en\/management\/2024-06-21\/spielraum-fuer-innovationen-ausgeschoepft\/\" \/>\n<meta property=\"og:locale\" content=\"en_US\" \/>\n<meta property=\"og:type\" content=\"article\" \/>\n<meta property=\"og:title\" content=\"Spielraum f\u00fcr Innovationen ausgesch\u00f6pft - Organisator\" \/>\n<meta property=\"og:description\" content=\"Die berufliche Vorsorge ist bekanntlich stark reguliert und reglementiert. Wie kann vor diesem Hintergrund eine innovative Leistungspalette f\u00fcr die Zukunft entwickelt werden?\" \/>\n<meta property=\"og:url\" content=\"https:\/\/www.organisator.ch\/en\/management\/2024-06-21\/spielraum-fuer-innovationen-ausgeschoepft\/\" \/>\n<meta property=\"og:site_name\" content=\"Organisator\" \/>\n<meta property=\"article:publisher\" content=\"https:\/\/www.facebook.com\/OrganisatorFachmagazin\" \/>\n<meta property=\"article:published_time\" content=\"2024-06-21T04:06:17+00:00\" \/>\n<meta property=\"og:image\" content=\"https:\/\/www.organisator.ch\/wp-content\/uploads\/2024\/06\/Management_BVG-Reform_Bild_organisator_104792-scaled-e1718797991225.jpg\" \/>\n\t<meta property=\"og:image:width\" content=\"1365\" \/>\n\t<meta property=\"og:image:height\" content=\"1255\" \/>\n\t<meta property=\"og:image:type\" content=\"image\/jpeg\" \/>\n<meta name=\"author\" content=\"admin\" \/>\n<meta name=\"twitter:card\" content=\"summary_large_image\" \/>\n<script type=\"application\/ld+json\" class=\"yoast-schema-graph\">{\"@context\":\"https:\\\/\\\/schema.org\",\"@graph\":[{\"@type\":\"Article\",\"@id\":\"https:\\\/\\\/www.organisator.ch\\\/management\\\/2024-06-21\\\/spielraum-fuer-innovationen-ausgeschoepft\\\/#article\",\"isPartOf\":{\"@id\":\"https:\\\/\\\/www.organisator.ch\\\/management\\\/2024-06-21\\\/spielraum-fuer-innovationen-ausgeschoepft\\\/\"},\"author\":{\"name\":\"admin\",\"@id\":\"https:\\\/\\\/www.organisator.ch\\\/#\\\/schema\\\/person\\\/aa2bace6c5c5aad60102004a50c4eb1c\"},\"headline\":\"Spielraum f\u00fcr Innovationen ausgesch\u00f6pft\",\"datePublished\":\"2024-06-21T04:06:17+00:00\",\"mainEntityOfPage\":{\"@id\":\"https:\\\/\\\/www.organisator.ch\\\/management\\\/2024-06-21\\\/spielraum-fuer-innovationen-ausgeschoepft\\\/\"},\"wordCount\":1093,\"publisher\":{\"@id\":\"https:\\\/\\\/www.organisator.ch\\\/#organization\"},\"image\":{\"@id\":\"https:\\\/\\\/www.organisator.ch\\\/management\\\/2024-06-21\\\/spielraum-fuer-innovationen-ausgeschoepft\\\/#primaryimage\"},\"thumbnailUrl\":\"https:\\\/\\\/www.organisator.ch\\\/wp-content\\\/uploads\\\/2024\\\/06\\\/Management_BVG-Reform_Bild_organisator_104792-scaled-e1718797991225.jpg\",\"keywords\":[\"Berufliche Vorsorge\",\"Management\",\"Pensionskassen\",\"Reform\",\"Unternehmen\"],\"articleSection\":[\"ABO+\",\"MANAGEMENT\"],\"inLanguage\":\"en-US\"},{\"@type\":\"WebPage\",\"@id\":\"https:\\\/\\\/www.organisator.ch\\\/management\\\/2024-06-21\\\/spielraum-fuer-innovationen-ausgeschoepft\\\/\",\"url\":\"https:\\\/\\\/www.organisator.ch\\\/management\\\/2024-06-21\\\/spielraum-fuer-innovationen-ausgeschoepft\\\/\",\"name\":\"Spielraum f\u00fcr Innovationen ausgesch\u00f6pft - Organisator\",\"isPartOf\":{\"@id\":\"https:\\\/\\\/www.organisator.ch\\\/#website\"},\"primaryImageOfPage\":{\"@id\":\"https:\\\/\\\/www.organisator.ch\\\/management\\\/2024-06-21\\\/spielraum-fuer-innovationen-ausgeschoepft\\\/#primaryimage\"},\"image\":{\"@id\":\"https:\\\/\\\/www.organisator.ch\\\/management\\\/2024-06-21\\\/spielraum-fuer-innovationen-ausgeschoepft\\\/#primaryimage\"},\"thumbnailUrl\":\"https:\\\/\\\/www.organisator.ch\\\/wp-content\\\/uploads\\\/2024\\\/06\\\/Management_BVG-Reform_Bild_organisator_104792-scaled-e1718797991225.jpg\",\"datePublished\":\"2024-06-21T04:06:17+00:00\",\"description\":\"Die berufliche Vorsorge ist bekanntlich stark reguliert und reglementiert. Wie kann vor diesem Hintergrund eine innovative Leistungspalette f\u00fcr die Zukunft entwickelt werden?\",\"breadcrumb\":{\"@id\":\"https:\\\/\\\/www.organisator.ch\\\/management\\\/2024-06-21\\\/spielraum-fuer-innovationen-ausgeschoepft\\\/#breadcrumb\"},\"inLanguage\":\"en-US\",\"potentialAction\":[{\"@type\":\"ReadAction\",\"target\":[\"https:\\\/\\\/www.organisator.ch\\\/management\\\/2024-06-21\\\/spielraum-fuer-innovationen-ausgeschoepft\\\/\"]}]},{\"@type\":\"ImageObject\",\"inLanguage\":\"en-US\",\"@id\":\"https:\\\/\\\/www.organisator.ch\\\/management\\\/2024-06-21\\\/spielraum-fuer-innovationen-ausgeschoepft\\\/#primaryimage\",\"url\":\"https:\\\/\\\/www.organisator.ch\\\/wp-content\\\/uploads\\\/2024\\\/06\\\/Management_BVG-Reform_Bild_organisator_104792-scaled-e1718797991225.jpg\",\"contentUrl\":\"https:\\\/\\\/www.organisator.ch\\\/wp-content\\\/uploads\\\/2024\\\/06\\\/Management_BVG-Reform_Bild_organisator_104792-scaled-e1718797991225.jpg\",\"width\":1365,\"height\":1255,\"caption\":\"Sorglos im Alter: Pensionskassen nutzen verschiedene M\u00f6glichkeiten aus, um den Versicherten individuelle Vorsorgepl\u00e4ne zu unterbreiten. SimpleFoto \\\/ Depositphotos.com\"},{\"@type\":\"BreadcrumbList\",\"@id\":\"https:\\\/\\\/www.organisator.ch\\\/management\\\/2024-06-21\\\/spielraum-fuer-innovationen-ausgeschoepft\\\/#breadcrumb\",\"itemListElement\":[{\"@type\":\"ListItem\",\"position\":1,\"name\":\"Home\",\"item\":\"https:\\\/\\\/www.organisator.ch\\\/\"},{\"@type\":\"ListItem\",\"position\":2,\"name\":\"Spielraum f\u00fcr Innovationen ausgesch\u00f6pft\"}]},{\"@type\":\"WebSite\",\"@id\":\"https:\\\/\\\/www.organisator.ch\\\/#website\",\"url\":\"https:\\\/\\\/www.organisator.ch\\\/\",\"name\":\"Organisator\",\"description\":\"Kompetent. Praxisnah. Der ORGANISATOR bereitet in 10 Ausgaben pro Jahr die wesentlichen Themen f\u00fcr F\u00fchrungskr\u00e4fte von KMU auf.\",\"publisher\":{\"@id\":\"https:\\\/\\\/www.organisator.ch\\\/#organization\"},\"potentialAction\":[{\"@type\":\"SearchAction\",\"target\":{\"@type\":\"EntryPoint\",\"urlTemplate\":\"https:\\\/\\\/www.organisator.ch\\\/?s={search_term_string}\"},\"query-input\":{\"@type\":\"PropertyValueSpecification\",\"valueRequired\":true,\"valueName\":\"search_term_string\"}}],\"inLanguage\":\"en-US\"},{\"@type\":\"Organization\",\"@id\":\"https:\\\/\\\/www.organisator.ch\\\/#organization\",\"name\":\"Organisator\",\"url\":\"https:\\\/\\\/www.organisator.ch\\\/\",\"logo\":{\"@type\":\"ImageObject\",\"inLanguage\":\"en-US\",\"@id\":\"https:\\\/\\\/www.organisator.ch\\\/#\\\/schema\\\/logo\\\/image\\\/\",\"url\":\"https:\\\/\\\/www.organisator.ch\\\/wp-content\\\/uploads\\\/2022\\\/01\\\/Logo_Organisator_Website.png\",\"contentUrl\":\"https:\\\/\\\/www.organisator.ch\\\/wp-content\\\/uploads\\\/2022\\\/01\\\/Logo_Organisator_Website.png\",\"width\":800,\"height\":77,\"caption\":\"Organisator\"},\"image\":{\"@id\":\"https:\\\/\\\/www.organisator.ch\\\/#\\\/schema\\\/logo\\\/image\\\/\"},\"sameAs\":[\"https:\\\/\\\/www.facebook.com\\\/OrganisatorFachmagazin\",\"https:\\\/\\\/www.linkedin.com\\\/showcase\\\/organisator-das-magazin-fr-kmu\",\"https:\\\/\\\/www.xing.com\\\/news\\\/pages\\\/organisator-ch-695\",\"https:\\\/\\\/www.youtube.com\\\/channel\\\/UCGP2Sq0iWaZwT3BdIAQFYpw\"]},{\"@type\":\"Person\",\"@id\":\"https:\\\/\\\/www.organisator.ch\\\/#\\\/schema\\\/person\\\/aa2bace6c5c5aad60102004a50c4eb1c\",\"name\":\"admin\",\"image\":{\"@type\":\"ImageObject\",\"inLanguage\":\"en-US\",\"@id\":\"https:\\\/\\\/secure.gravatar.com\\\/avatar\\\/ae2f4d718e6c49043e314ce431e7e645d646302a24a5ef5a8bc8e3f5a032e319?s=96&d=mm&r=g\",\"url\":\"https:\\\/\\\/secure.gravatar.com\\\/avatar\\\/ae2f4d718e6c49043e314ce431e7e645d646302a24a5ef5a8bc8e3f5a032e319?s=96&d=mm&r=g\",\"contentUrl\":\"https:\\\/\\\/secure.gravatar.com\\\/avatar\\\/ae2f4d718e6c49043e314ce431e7e645d646302a24a5ef5a8bc8e3f5a032e319?s=96&d=mm&r=g\",\"caption\":\"admin\"},\"sameAs\":[\"https:\\\/\\\/www.organisator.ch\"],\"url\":\"https:\\\/\\\/www.organisator.ch\\\/en\\\/author\\\/admin\\\/\"}]}<\/script>\n<!-- \/ Yoast SEO plugin. -->","yoast_head_json":{"title":"Scope for innovation exhausted - Organizer","description":"Occupational pensions are known to be highly regulated and regimented. Against this backdrop, how can an innovative range of benefits be developed for the future?","robots":{"index":"index","follow":"follow","max-snippet":"max-snippet:-1","max-image-preview":"max-image-preview:large","max-video-preview":"max-video-preview:-1"},"canonical":"https:\/\/www.organisator.ch\/en\/management\/2024-06-21\/spielraum-fuer-innovationen-ausgeschoepft\/","og_locale":"en_US","og_type":"article","og_title":"Spielraum f\u00fcr Innovationen ausgesch\u00f6pft - Organisator","og_description":"Die berufliche Vorsorge ist bekanntlich stark reguliert und reglementiert. Wie kann vor diesem Hintergrund eine innovative Leistungspalette f\u00fcr die Zukunft entwickelt werden?","og_url":"https:\/\/www.organisator.ch\/en\/management\/2024-06-21\/spielraum-fuer-innovationen-ausgeschoepft\/","og_site_name":"Organisator","article_publisher":"https:\/\/www.facebook.com\/OrganisatorFachmagazin","article_published_time":"2024-06-21T04:06:17+00:00","og_image":[{"width":1365,"height":1255,"url":"https:\/\/www.organisator.ch\/wp-content\/uploads\/2024\/06\/Management_BVG-Reform_Bild_organisator_104792-scaled-e1718797991225.jpg","type":"image\/jpeg"}],"author":"admin","twitter_card":"summary_large_image","schema":{"@context":"https:\/\/schema.org","@graph":[{"@type":"Article","@id":"https:\/\/www.organisator.ch\/management\/2024-06-21\/spielraum-fuer-innovationen-ausgeschoepft\/#article","isPartOf":{"@id":"https:\/\/www.organisator.ch\/management\/2024-06-21\/spielraum-fuer-innovationen-ausgeschoepft\/"},"author":{"name":"admin","@id":"https:\/\/www.organisator.ch\/#\/schema\/person\/aa2bace6c5c5aad60102004a50c4eb1c"},"headline":"Spielraum f\u00fcr Innovationen ausgesch\u00f6pft","datePublished":"2024-06-21T04:06:17+00:00","mainEntityOfPage":{"@id":"https:\/\/www.organisator.ch\/management\/2024-06-21\/spielraum-fuer-innovationen-ausgeschoepft\/"},"wordCount":1093,"publisher":{"@id":"https:\/\/www.organisator.ch\/#organization"},"image":{"@id":"https:\/\/www.organisator.ch\/management\/2024-06-21\/spielraum-fuer-innovationen-ausgeschoepft\/#primaryimage"},"thumbnailUrl":"https:\/\/www.organisator.ch\/wp-content\/uploads\/2024\/06\/Management_BVG-Reform_Bild_organisator_104792-scaled-e1718797991225.jpg","keywords":["Berufliche Vorsorge","Management","Pensionskassen","Reform","Unternehmen"],"articleSection":["ABO+","MANAGEMENT"],"inLanguage":"en-US"},{"@type":"WebPage","@id":"https:\/\/www.organisator.ch\/management\/2024-06-21\/spielraum-fuer-innovationen-ausgeschoepft\/","url":"https:\/\/www.organisator.ch\/management\/2024-06-21\/spielraum-fuer-innovationen-ausgeschoepft\/","name":"Scope for innovation exhausted - Organizer","isPartOf":{"@id":"https:\/\/www.organisator.ch\/#website"},"primaryImageOfPage":{"@id":"https:\/\/www.organisator.ch\/management\/2024-06-21\/spielraum-fuer-innovationen-ausgeschoepft\/#primaryimage"},"image":{"@id":"https:\/\/www.organisator.ch\/management\/2024-06-21\/spielraum-fuer-innovationen-ausgeschoepft\/#primaryimage"},"thumbnailUrl":"https:\/\/www.organisator.ch\/wp-content\/uploads\/2024\/06\/Management_BVG-Reform_Bild_organisator_104792-scaled-e1718797991225.jpg","datePublished":"2024-06-21T04:06:17+00:00","description":"Occupational pensions are known to be highly regulated and regimented. Against this backdrop, how can an innovative range of benefits be developed for the future?","breadcrumb":{"@id":"https:\/\/www.organisator.ch\/management\/2024-06-21\/spielraum-fuer-innovationen-ausgeschoepft\/#breadcrumb"},"inLanguage":"en-US","potentialAction":[{"@type":"ReadAction","target":["https:\/\/www.organisator.ch\/management\/2024-06-21\/spielraum-fuer-innovationen-ausgeschoepft\/"]}]},{"@type":"ImageObject","inLanguage":"en-US","@id":"https:\/\/www.organisator.ch\/management\/2024-06-21\/spielraum-fuer-innovationen-ausgeschoepft\/#primaryimage","url":"https:\/\/www.organisator.ch\/wp-content\/uploads\/2024\/06\/Management_BVG-Reform_Bild_organisator_104792-scaled-e1718797991225.jpg","contentUrl":"https:\/\/www.organisator.ch\/wp-content\/uploads\/2024\/06\/Management_BVG-Reform_Bild_organisator_104792-scaled-e1718797991225.jpg","width":1365,"height":1255,"caption":"Sorglos im Alter: Pensionskassen nutzen verschiedene M\u00f6glichkeiten aus, um den Versicherten individuelle Vorsorgepl\u00e4ne zu unterbreiten. SimpleFoto \/ Depositphotos.com"},{"@type":"BreadcrumbList","@id":"https:\/\/www.organisator.ch\/management\/2024-06-21\/spielraum-fuer-innovationen-ausgeschoepft\/#breadcrumb","itemListElement":[{"@type":"ListItem","position":1,"name":"Home","item":"https:\/\/www.organisator.ch\/"},{"@type":"ListItem","position":2,"name":"Spielraum f\u00fcr Innovationen ausgesch\u00f6pft"}]},{"@type":"WebSite","@id":"https:\/\/www.organisator.ch\/#website","url":"https:\/\/www.organisator.ch\/","name":"Organizer","description":"Competent. Practical. In 10 issues per year, ORGANISATOR presents the essential topics for managers of SMEs.","publisher":{"@id":"https:\/\/www.organisator.ch\/#organization"},"potentialAction":[{"@type":"SearchAction","target":{"@type":"EntryPoint","urlTemplate":"https:\/\/www.organisator.ch\/?s={search_term_string}"},"query-input":{"@type":"PropertyValueSpecification","valueRequired":true,"valueName":"search_term_string"}}],"inLanguage":"en-US"},{"@type":"Organization","@id":"https:\/\/www.organisator.ch\/#organization","name":"Organizer","url":"https:\/\/www.organisator.ch\/","logo":{"@type":"ImageObject","inLanguage":"en-US","@id":"https:\/\/www.organisator.ch\/#\/schema\/logo\/image\/","url":"https:\/\/www.organisator.ch\/wp-content\/uploads\/2022\/01\/Logo_Organisator_Website.png","contentUrl":"https:\/\/www.organisator.ch\/wp-content\/uploads\/2022\/01\/Logo_Organisator_Website.png","width":800,"height":77,"caption":"Organisator"},"image":{"@id":"https:\/\/www.organisator.ch\/#\/schema\/logo\/image\/"},"sameAs":["https:\/\/www.facebook.com\/OrganisatorFachmagazin","https:\/\/www.linkedin.com\/showcase\/organisator-das-magazin-fr-kmu","https:\/\/www.xing.com\/news\/pages\/organisator-ch-695","https:\/\/www.youtube.com\/channel\/UCGP2Sq0iWaZwT3BdIAQFYpw"]},{"@type":"Person","@id":"https:\/\/www.organisator.ch\/#\/schema\/person\/aa2bace6c5c5aad60102004a50c4eb1c","name":"admin","image":{"@type":"ImageObject","inLanguage":"en-US","@id":"https:\/\/secure.gravatar.com\/avatar\/ae2f4d718e6c49043e314ce431e7e645d646302a24a5ef5a8bc8e3f5a032e319?s=96&d=mm&r=g","url":"https:\/\/secure.gravatar.com\/avatar\/ae2f4d718e6c49043e314ce431e7e645d646302a24a5ef5a8bc8e3f5a032e319?s=96&d=mm&r=g","contentUrl":"https:\/\/secure.gravatar.com\/avatar\/ae2f4d718e6c49043e314ce431e7e645d646302a24a5ef5a8bc8e3f5a032e319?s=96&d=mm&r=g","caption":"admin"},"sameAs":["https:\/\/www.organisator.ch"],"url":"https:\/\/www.organisator.ch\/en\/author\/admin\/"}]}},"_links":{"self":[{"href":"https:\/\/www.organisator.ch\/en\/wp-json\/wp\/v2\/posts\/27642","targetHints":{"allow":["GET"]}}],"collection":[{"href":"https:\/\/www.organisator.ch\/en\/wp-json\/wp\/v2\/posts"}],"about":[{"href":"https:\/\/www.organisator.ch\/en\/wp-json\/wp\/v2\/types\/post"}],"author":[{"embeddable":true,"href":"https:\/\/www.organisator.ch\/en\/wp-json\/wp\/v2\/users\/1"}],"replies":[{"embeddable":true,"href":"https:\/\/www.organisator.ch\/en\/wp-json\/wp\/v2\/comments?post=27642"}],"version-history":[{"count":2,"href":"https:\/\/www.organisator.ch\/en\/wp-json\/wp\/v2\/posts\/27642\/revisions"}],"predecessor-version":[{"id":27861,"href":"https:\/\/www.organisator.ch\/en\/wp-json\/wp\/v2\/posts\/27642\/revisions\/27861"}],"wp:featuredmedia":[{"embeddable":true,"href":"https:\/\/www.organisator.ch\/en\/wp-json\/wp\/v2\/media\/27641"}],"wp:attachment":[{"href":"https:\/\/www.organisator.ch\/en\/wp-json\/wp\/v2\/media?parent=27642"}],"wp:term":[{"taxonomy":"category","embeddable":true,"href":"https:\/\/www.organisator.ch\/en\/wp-json\/wp\/v2\/categories?post=27642"},{"taxonomy":"post_tag","embeddable":true,"href":"https:\/\/www.organisator.ch\/en\/wp-json\/wp\/v2\/tags?post=27642"}],"curies":[{"name":"wp","href":"https:\/\/api.w.org\/{rel}","templated":true}]}}