{"id":27680,"date":"2024-06-21T04:42:05","date_gmt":"2024-06-21T02:42:05","guid":{"rendered":"https:\/\/www.organisator.ch\/de\/?p=27680"},"modified":"2024-06-18T15:58:33","modified_gmt":"2024-06-18T13:58:33","slug":"projekt-hortus-nachhaltigkeit-die-sich-auf-allen-ebenen-auszahlt","status":"publish","type":"post","link":"https:\/\/www.organisator.ch\/en\/sustainability\/2024-06-21\/projekt-hortus-nachhaltigkeit-die-sich-auf-allen-ebenen-auszahlt\/","title":{"rendered":"Project Hortus: sustainability that pays off at all levels"},"content":{"rendered":"<div class=\"swpm-post-not-logged-in-msg\">You need to be logged in to view this content. Please <a class=\"swpm-login-link\" href=\"https:\/\/www.organisator.ch\/login\/\">Log In<\/a>. Not a Member? <a href=\"https:\/\/www.organisator.ch\/shop\/\">Join Us<\/a><\/div>","protected":false},"excerpt":{"rendered":"<p>Comprehensive sustainability in real estate development requires a carefully coordinated and complex interplay of different elements and players. The Hortus office building currently under construction in Allschwil shows how this works. From construction to furnishing, it combines technology, innovation, ancient knowledge and a commitment to realizing utopias.<\/p>","protected":false},"author":1,"featured_media":27678,"comment_status":"closed","ping_status":"closed","sticky":false,"template":"","format":"standard","meta":{"_acf_changed":false,"_yoast_wpseo_focuskw":"Hortus","_yoast_wpseo_metadesc":"Das Projekt Hortus in Allschwil verbindet von der Erstellung bis zur Einrichtung Technologie, Innovation und uraltes Wissen.","articlekey":"104123","footnotes":""},"categories":[578,580],"tags":[358,1777,363,492],"class_list":["post-27680","post","type-post","status-publish","format-standard","has-post-thumbnail","hentry","category-abo","category-sustainability","tag-nachhaltige-wirtschaft","tag-nachhaltiges-bauen","tag-new-work","tag-unternehmen"],"acf":[],"yoast_head":"<!-- This site is optimized with the Yoast SEO plugin v27.4 - https:\/\/yoast.com\/product\/yoast-seo-wordpress\/ -->\n<title>Projekt Hortus: Nachhaltigkeit, die sich auf allen Ebenen auszahlt - Organisator<\/title>\n<meta name=\"description\" content=\"Das Projekt Hortus in Allschwil verbindet von der Erstellung bis zur Einrichtung Technologie, Innovation und uraltes Wissen.\" \/>\n<meta name=\"robots\" content=\"index, follow, max-snippet:-1, max-image-preview:large, max-video-preview:-1\" \/>\n<link rel=\"canonical\" href=\"https:\/\/www.organisator.ch\/en\/sustainability\/2024-06-21\/projekt-hortus-nachhaltigkeit-die-sich-auf-allen-ebenen-auszahlt\/\" \/>\n<meta property=\"og:locale\" content=\"en_US\" \/>\n<meta property=\"og:type\" content=\"article\" \/>\n<meta property=\"og:title\" content=\"Projekt Hortus: Nachhaltigkeit, die sich auf allen Ebenen auszahlt - Organisator\" \/>\n<meta property=\"og:description\" content=\"Das Projekt Hortus in Allschwil verbindet von der Erstellung bis zur Einrichtung Technologie, Innovation und uraltes Wissen.\" \/>\n<meta property=\"og:url\" content=\"https:\/\/www.organisator.ch\/en\/sustainability\/2024-06-21\/projekt-hortus-nachhaltigkeit-die-sich-auf-allen-ebenen-auszahlt\/\" \/>\n<meta property=\"og:site_name\" content=\"Organisator\" \/>\n<meta property=\"article:publisher\" content=\"https:\/\/www.facebook.com\/OrganisatorFachmagazin\" \/>\n<meta property=\"article:published_time\" content=\"2024-06-21T02:42:05+00:00\" \/>\n<meta property=\"og:image\" content=\"https:\/\/www.organisator.ch\/wp-content\/uploads\/2024\/06\/Sustainability_Hortus_Bild1_organisator_104151-scaled.jpg\" \/>\n\t<meta property=\"og:image:width\" content=\"1400\" \/>\n\t<meta property=\"og:image:height\" content=\"683\" \/>\n\t<meta property=\"og:image:type\" content=\"image\/jpeg\" \/>\n<meta name=\"author\" content=\"admin\" \/>\n<meta name=\"twitter:card\" content=\"summary_large_image\" \/>\n<script type=\"application\/ld+json\" class=\"yoast-schema-graph\">{\"@context\":\"https:\\\/\\\/schema.org\",\"@graph\":[{\"@type\":\"Article\",\"@id\":\"https:\\\/\\\/www.organisator.ch\\\/sustainability\\\/2024-06-21\\\/projekt-hortus-nachhaltigkeit-die-sich-auf-allen-ebenen-auszahlt\\\/#article\",\"isPartOf\":{\"@id\":\"https:\\\/\\\/www.organisator.ch\\\/sustainability\\\/2024-06-21\\\/projekt-hortus-nachhaltigkeit-die-sich-auf-allen-ebenen-auszahlt\\\/\"},\"author\":{\"name\":\"admin\",\"@id\":\"https:\\\/\\\/www.organisator.ch\\\/#\\\/schema\\\/person\\\/aa2bace6c5c5aad60102004a50c4eb1c\"},\"headline\":\"Projekt Hortus: Nachhaltigkeit, die sich auf allen Ebenen auszahlt\",\"datePublished\":\"2024-06-21T02:42:05+00:00\",\"mainEntityOfPage\":{\"@id\":\"https:\\\/\\\/www.organisator.ch\\\/sustainability\\\/2024-06-21\\\/projekt-hortus-nachhaltigkeit-die-sich-auf-allen-ebenen-auszahlt\\\/\"},\"wordCount\":1077,\"publisher\":{\"@id\":\"https:\\\/\\\/www.organisator.ch\\\/#organization\"},\"image\":{\"@id\":\"https:\\\/\\\/www.organisator.ch\\\/sustainability\\\/2024-06-21\\\/projekt-hortus-nachhaltigkeit-die-sich-auf-allen-ebenen-auszahlt\\\/#primaryimage\"},\"thumbnailUrl\":\"https:\\\/\\\/www.organisator.ch\\\/wp-content\\\/uploads\\\/2024\\\/06\\\/Sustainability_Hortus_Bild1_organisator_104151-scaled.jpg\",\"keywords\":[\"Nachhaltige Wirtschaft\",\"nachhaltiges Bauen\",\"New Work\",\"Unternehmen\"],\"articleSection\":[\"ABO+\",\"SUSTAINABILITY\"],\"inLanguage\":\"en-US\"},{\"@type\":\"WebPage\",\"@id\":\"https:\\\/\\\/www.organisator.ch\\\/sustainability\\\/2024-06-21\\\/projekt-hortus-nachhaltigkeit-die-sich-auf-allen-ebenen-auszahlt\\\/\",\"url\":\"https:\\\/\\\/www.organisator.ch\\\/sustainability\\\/2024-06-21\\\/projekt-hortus-nachhaltigkeit-die-sich-auf-allen-ebenen-auszahlt\\\/\",\"name\":\"Projekt Hortus: Nachhaltigkeit, die sich auf allen Ebenen auszahlt - Organisator\",\"isPartOf\":{\"@id\":\"https:\\\/\\\/www.organisator.ch\\\/#website\"},\"primaryImageOfPage\":{\"@id\":\"https:\\\/\\\/www.organisator.ch\\\/sustainability\\\/2024-06-21\\\/projekt-hortus-nachhaltigkeit-die-sich-auf-allen-ebenen-auszahlt\\\/#primaryimage\"},\"image\":{\"@id\":\"https:\\\/\\\/www.organisator.ch\\\/sustainability\\\/2024-06-21\\\/projekt-hortus-nachhaltigkeit-die-sich-auf-allen-ebenen-auszahlt\\\/#primaryimage\"},\"thumbnailUrl\":\"https:\\\/\\\/www.organisator.ch\\\/wp-content\\\/uploads\\\/2024\\\/06\\\/Sustainability_Hortus_Bild1_organisator_104151-scaled.jpg\",\"datePublished\":\"2024-06-21T02:42:05+00:00\",\"description\":\"Das Projekt Hortus in Allschwil verbindet von der Erstellung bis zur Einrichtung Technologie, Innovation und uraltes Wissen.\",\"breadcrumb\":{\"@id\":\"https:\\\/\\\/www.organisator.ch\\\/sustainability\\\/2024-06-21\\\/projekt-hortus-nachhaltigkeit-die-sich-auf-allen-ebenen-auszahlt\\\/#breadcrumb\"},\"inLanguage\":\"en-US\",\"potentialAction\":[{\"@type\":\"ReadAction\",\"target\":[\"https:\\\/\\\/www.organisator.ch\\\/sustainability\\\/2024-06-21\\\/projekt-hortus-nachhaltigkeit-die-sich-auf-allen-ebenen-auszahlt\\\/\"]}]},{\"@type\":\"ImageObject\",\"inLanguage\":\"en-US\",\"@id\":\"https:\\\/\\\/www.organisator.ch\\\/sustainability\\\/2024-06-21\\\/projekt-hortus-nachhaltigkeit-die-sich-auf-allen-ebenen-auszahlt\\\/#primaryimage\",\"url\":\"https:\\\/\\\/www.organisator.ch\\\/wp-content\\\/uploads\\\/2024\\\/06\\\/Sustainability_Hortus_Bild1_organisator_104151-scaled.jpg\",\"contentUrl\":\"https:\\\/\\\/www.organisator.ch\\\/wp-content\\\/uploads\\\/2024\\\/06\\\/Sustainability_Hortus_Bild1_organisator_104151-scaled.jpg\",\"width\":1400,\"height\":683,\"caption\":\"Blick in den saisonalen Garten mit vertikaler Begr\u00fcnung. Im Innern des Geb\u00e4udes herrscht dank den Materialien Holz und Lehm das ganze Jahr \u00fcber ein nat\u00fcrliches und gesundes Raumklima. \u00a9 Herzog &amp; de Meuron\"},{\"@type\":\"BreadcrumbList\",\"@id\":\"https:\\\/\\\/www.organisator.ch\\\/sustainability\\\/2024-06-21\\\/projekt-hortus-nachhaltigkeit-die-sich-auf-allen-ebenen-auszahlt\\\/#breadcrumb\",\"itemListElement\":[{\"@type\":\"ListItem\",\"position\":1,\"name\":\"Home\",\"item\":\"https:\\\/\\\/www.organisator.ch\\\/\"},{\"@type\":\"ListItem\",\"position\":2,\"name\":\"Projekt Hortus: Nachhaltigkeit, die sich auf allen Ebenen auszahlt\"}]},{\"@type\":\"WebSite\",\"@id\":\"https:\\\/\\\/www.organisator.ch\\\/#website\",\"url\":\"https:\\\/\\\/www.organisator.ch\\\/\",\"name\":\"Organisator\",\"description\":\"Kompetent. Praxisnah. Der ORGANISATOR bereitet in 10 Ausgaben pro Jahr die wesentlichen Themen f\u00fcr F\u00fchrungskr\u00e4fte von KMU auf.\",\"publisher\":{\"@id\":\"https:\\\/\\\/www.organisator.ch\\\/#organization\"},\"potentialAction\":[{\"@type\":\"SearchAction\",\"target\":{\"@type\":\"EntryPoint\",\"urlTemplate\":\"https:\\\/\\\/www.organisator.ch\\\/?s={search_term_string}\"},\"query-input\":{\"@type\":\"PropertyValueSpecification\",\"valueRequired\":true,\"valueName\":\"search_term_string\"}}],\"inLanguage\":\"en-US\"},{\"@type\":\"Organization\",\"@id\":\"https:\\\/\\\/www.organisator.ch\\\/#organization\",\"name\":\"Organisator\",\"url\":\"https:\\\/\\\/www.organisator.ch\\\/\",\"logo\":{\"@type\":\"ImageObject\",\"inLanguage\":\"en-US\",\"@id\":\"https:\\\/\\\/www.organisator.ch\\\/#\\\/schema\\\/logo\\\/image\\\/\",\"url\":\"https:\\\/\\\/www.organisator.ch\\\/wp-content\\\/uploads\\\/2022\\\/01\\\/Logo_Organisator_Website.png\",\"contentUrl\":\"https:\\\/\\\/www.organisator.ch\\\/wp-content\\\/uploads\\\/2022\\\/01\\\/Logo_Organisator_Website.png\",\"width\":800,\"height\":77,\"caption\":\"Organisator\"},\"image\":{\"@id\":\"https:\\\/\\\/www.organisator.ch\\\/#\\\/schema\\\/logo\\\/image\\\/\"},\"sameAs\":[\"https:\\\/\\\/www.facebook.com\\\/OrganisatorFachmagazin\",\"https:\\\/\\\/www.linkedin.com\\\/showcase\\\/organisator-das-magazin-fr-kmu\",\"https:\\\/\\\/www.xing.com\\\/news\\\/pages\\\/organisator-ch-695\",\"https:\\\/\\\/www.youtube.com\\\/channel\\\/UCGP2Sq0iWaZwT3BdIAQFYpw\"]},{\"@type\":\"Person\",\"@id\":\"https:\\\/\\\/www.organisator.ch\\\/#\\\/schema\\\/person\\\/aa2bace6c5c5aad60102004a50c4eb1c\",\"name\":\"admin\",\"image\":{\"@type\":\"ImageObject\",\"inLanguage\":\"en-US\",\"@id\":\"https:\\\/\\\/secure.gravatar.com\\\/avatar\\\/ae2f4d718e6c49043e314ce431e7e645d646302a24a5ef5a8bc8e3f5a032e319?s=96&d=mm&r=g\",\"url\":\"https:\\\/\\\/secure.gravatar.com\\\/avatar\\\/ae2f4d718e6c49043e314ce431e7e645d646302a24a5ef5a8bc8e3f5a032e319?s=96&d=mm&r=g\",\"contentUrl\":\"https:\\\/\\\/secure.gravatar.com\\\/avatar\\\/ae2f4d718e6c49043e314ce431e7e645d646302a24a5ef5a8bc8e3f5a032e319?s=96&d=mm&r=g\",\"caption\":\"admin\"},\"sameAs\":[\"https:\\\/\\\/www.organisator.ch\"],\"url\":\"https:\\\/\\\/www.organisator.ch\\\/en\\\/author\\\/admin\\\/\"}]}<\/script>\n<!-- \/ Yoast SEO plugin. -->","yoast_head_json":{"title":"Project Hortus: Sustainability that pays off at all levels - Organizer","description":"The Hortus project in Allschwil combines technology, innovation and ancient knowledge from its construction to its installation.","robots":{"index":"index","follow":"follow","max-snippet":"max-snippet:-1","max-image-preview":"max-image-preview:large","max-video-preview":"max-video-preview:-1"},"canonical":"https:\/\/www.organisator.ch\/en\/sustainability\/2024-06-21\/projekt-hortus-nachhaltigkeit-die-sich-auf-allen-ebenen-auszahlt\/","og_locale":"en_US","og_type":"article","og_title":"Projekt Hortus: Nachhaltigkeit, die sich auf allen Ebenen auszahlt - Organisator","og_description":"Das Projekt Hortus in Allschwil verbindet von der Erstellung bis zur Einrichtung Technologie, Innovation und uraltes Wissen.","og_url":"https:\/\/www.organisator.ch\/en\/sustainability\/2024-06-21\/projekt-hortus-nachhaltigkeit-die-sich-auf-allen-ebenen-auszahlt\/","og_site_name":"Organisator","article_publisher":"https:\/\/www.facebook.com\/OrganisatorFachmagazin","article_published_time":"2024-06-21T02:42:05+00:00","og_image":[{"width":1400,"height":683,"url":"https:\/\/www.organisator.ch\/wp-content\/uploads\/2024\/06\/Sustainability_Hortus_Bild1_organisator_104151-scaled.jpg","type":"image\/jpeg"}],"author":"admin","twitter_card":"summary_large_image","schema":{"@context":"https:\/\/schema.org","@graph":[{"@type":"Article","@id":"https:\/\/www.organisator.ch\/sustainability\/2024-06-21\/projekt-hortus-nachhaltigkeit-die-sich-auf-allen-ebenen-auszahlt\/#article","isPartOf":{"@id":"https:\/\/www.organisator.ch\/sustainability\/2024-06-21\/projekt-hortus-nachhaltigkeit-die-sich-auf-allen-ebenen-auszahlt\/"},"author":{"name":"admin","@id":"https:\/\/www.organisator.ch\/#\/schema\/person\/aa2bace6c5c5aad60102004a50c4eb1c"},"headline":"Projekt Hortus: Nachhaltigkeit, die sich auf allen Ebenen auszahlt","datePublished":"2024-06-21T02:42:05+00:00","mainEntityOfPage":{"@id":"https:\/\/www.organisator.ch\/sustainability\/2024-06-21\/projekt-hortus-nachhaltigkeit-die-sich-auf-allen-ebenen-auszahlt\/"},"wordCount":1077,"publisher":{"@id":"https:\/\/www.organisator.ch\/#organization"},"image":{"@id":"https:\/\/www.organisator.ch\/sustainability\/2024-06-21\/projekt-hortus-nachhaltigkeit-die-sich-auf-allen-ebenen-auszahlt\/#primaryimage"},"thumbnailUrl":"https:\/\/www.organisator.ch\/wp-content\/uploads\/2024\/06\/Sustainability_Hortus_Bild1_organisator_104151-scaled.jpg","keywords":["Nachhaltige Wirtschaft","nachhaltiges Bauen","New Work","Unternehmen"],"articleSection":["ABO+","SUSTAINABILITY"],"inLanguage":"en-US"},{"@type":"WebPage","@id":"https:\/\/www.organisator.ch\/sustainability\/2024-06-21\/projekt-hortus-nachhaltigkeit-die-sich-auf-allen-ebenen-auszahlt\/","url":"https:\/\/www.organisator.ch\/sustainability\/2024-06-21\/projekt-hortus-nachhaltigkeit-die-sich-auf-allen-ebenen-auszahlt\/","name":"Project Hortus: Sustainability that pays off at all levels - Organizer","isPartOf":{"@id":"https:\/\/www.organisator.ch\/#website"},"primaryImageOfPage":{"@id":"https:\/\/www.organisator.ch\/sustainability\/2024-06-21\/projekt-hortus-nachhaltigkeit-die-sich-auf-allen-ebenen-auszahlt\/#primaryimage"},"image":{"@id":"https:\/\/www.organisator.ch\/sustainability\/2024-06-21\/projekt-hortus-nachhaltigkeit-die-sich-auf-allen-ebenen-auszahlt\/#primaryimage"},"thumbnailUrl":"https:\/\/www.organisator.ch\/wp-content\/uploads\/2024\/06\/Sustainability_Hortus_Bild1_organisator_104151-scaled.jpg","datePublished":"2024-06-21T02:42:05+00:00","description":"The Hortus project in Allschwil combines technology, innovation and ancient knowledge from its construction to its installation.","breadcrumb":{"@id":"https:\/\/www.organisator.ch\/sustainability\/2024-06-21\/projekt-hortus-nachhaltigkeit-die-sich-auf-allen-ebenen-auszahlt\/#breadcrumb"},"inLanguage":"en-US","potentialAction":[{"@type":"ReadAction","target":["https:\/\/www.organisator.ch\/sustainability\/2024-06-21\/projekt-hortus-nachhaltigkeit-die-sich-auf-allen-ebenen-auszahlt\/"]}]},{"@type":"ImageObject","inLanguage":"en-US","@id":"https:\/\/www.organisator.ch\/sustainability\/2024-06-21\/projekt-hortus-nachhaltigkeit-die-sich-auf-allen-ebenen-auszahlt\/#primaryimage","url":"https:\/\/www.organisator.ch\/wp-content\/uploads\/2024\/06\/Sustainability_Hortus_Bild1_organisator_104151-scaled.jpg","contentUrl":"https:\/\/www.organisator.ch\/wp-content\/uploads\/2024\/06\/Sustainability_Hortus_Bild1_organisator_104151-scaled.jpg","width":1400,"height":683,"caption":"Blick in den saisonalen Garten mit vertikaler Begr\u00fcnung. Im Innern des Geb\u00e4udes herrscht dank den Materialien Holz und Lehm das ganze Jahr \u00fcber ein nat\u00fcrliches und gesundes Raumklima. \u00a9 Herzog &amp; de Meuron"},{"@type":"BreadcrumbList","@id":"https:\/\/www.organisator.ch\/sustainability\/2024-06-21\/projekt-hortus-nachhaltigkeit-die-sich-auf-allen-ebenen-auszahlt\/#breadcrumb","itemListElement":[{"@type":"ListItem","position":1,"name":"Home","item":"https:\/\/www.organisator.ch\/"},{"@type":"ListItem","position":2,"name":"Projekt Hortus: Nachhaltigkeit, die sich auf allen Ebenen auszahlt"}]},{"@type":"WebSite","@id":"https:\/\/www.organisator.ch\/#website","url":"https:\/\/www.organisator.ch\/","name":"Organizer","description":"Competent. Practical. In 10 issues per year, ORGANISATOR presents the essential topics for managers of SMEs.","publisher":{"@id":"https:\/\/www.organisator.ch\/#organization"},"potentialAction":[{"@type":"SearchAction","target":{"@type":"EntryPoint","urlTemplate":"https:\/\/www.organisator.ch\/?s={search_term_string}"},"query-input":{"@type":"PropertyValueSpecification","valueRequired":true,"valueName":"search_term_string"}}],"inLanguage":"en-US"},{"@type":"Organization","@id":"https:\/\/www.organisator.ch\/#organization","name":"Organizer","url":"https:\/\/www.organisator.ch\/","logo":{"@type":"ImageObject","inLanguage":"en-US","@id":"https:\/\/www.organisator.ch\/#\/schema\/logo\/image\/","url":"https:\/\/www.organisator.ch\/wp-content\/uploads\/2022\/01\/Logo_Organisator_Website.png","contentUrl":"https:\/\/www.organisator.ch\/wp-content\/uploads\/2022\/01\/Logo_Organisator_Website.png","width":800,"height":77,"caption":"Organisator"},"image":{"@id":"https:\/\/www.organisator.ch\/#\/schema\/logo\/image\/"},"sameAs":["https:\/\/www.facebook.com\/OrganisatorFachmagazin","https:\/\/www.linkedin.com\/showcase\/organisator-das-magazin-fr-kmu","https:\/\/www.xing.com\/news\/pages\/organisator-ch-695","https:\/\/www.youtube.com\/channel\/UCGP2Sq0iWaZwT3BdIAQFYpw"]},{"@type":"Person","@id":"https:\/\/www.organisator.ch\/#\/schema\/person\/aa2bace6c5c5aad60102004a50c4eb1c","name":"admin","image":{"@type":"ImageObject","inLanguage":"en-US","@id":"https:\/\/secure.gravatar.com\/avatar\/ae2f4d718e6c49043e314ce431e7e645d646302a24a5ef5a8bc8e3f5a032e319?s=96&d=mm&r=g","url":"https:\/\/secure.gravatar.com\/avatar\/ae2f4d718e6c49043e314ce431e7e645d646302a24a5ef5a8bc8e3f5a032e319?s=96&d=mm&r=g","contentUrl":"https:\/\/secure.gravatar.com\/avatar\/ae2f4d718e6c49043e314ce431e7e645d646302a24a5ef5a8bc8e3f5a032e319?s=96&d=mm&r=g","caption":"admin"},"sameAs":["https:\/\/www.organisator.ch"],"url":"https:\/\/www.organisator.ch\/en\/author\/admin\/"}]}},"_links":{"self":[{"href":"https:\/\/www.organisator.ch\/en\/wp-json\/wp\/v2\/posts\/27680","targetHints":{"allow":["GET"]}}],"collection":[{"href":"https:\/\/www.organisator.ch\/en\/wp-json\/wp\/v2\/posts"}],"about":[{"href":"https:\/\/www.organisator.ch\/en\/wp-json\/wp\/v2\/types\/post"}],"author":[{"embeddable":true,"href":"https:\/\/www.organisator.ch\/en\/wp-json\/wp\/v2\/users\/1"}],"replies":[{"embeddable":true,"href":"https:\/\/www.organisator.ch\/en\/wp-json\/wp\/v2\/comments?post=27680"}],"version-history":[{"count":2,"href":"https:\/\/www.organisator.ch\/en\/wp-json\/wp\/v2\/posts\/27680\/revisions"}],"predecessor-version":[{"id":27795,"href":"https:\/\/www.organisator.ch\/en\/wp-json\/wp\/v2\/posts\/27680\/revisions\/27795"}],"wp:featuredmedia":[{"embeddable":true,"href":"https:\/\/www.organisator.ch\/en\/wp-json\/wp\/v2\/media\/27678"}],"wp:attachment":[{"href":"https:\/\/www.organisator.ch\/en\/wp-json\/wp\/v2\/media?parent=27680"}],"wp:term":[{"taxonomy":"category","embeddable":true,"href":"https:\/\/www.organisator.ch\/en\/wp-json\/wp\/v2\/categories?post=27680"},{"taxonomy":"post_tag","embeddable":true,"href":"https:\/\/www.organisator.ch\/en\/wp-json\/wp\/v2\/tags?post=27680"}],"curies":[{"name":"wp","href":"https:\/\/api.w.org\/{rel}","templated":true}]}}