{"id":27702,"date":"2024-06-21T08:20:14","date_gmt":"2024-06-21T06:20:14","guid":{"rendered":"https:\/\/www.organisator.ch\/de\/?p=27702"},"modified":"2024-06-21T08:18:01","modified_gmt":"2024-06-21T06:18:01","slug":"eine-zeitgemaesse-berufliche-vorsorge-was-sie-als-arbeitgeber-tun-koennen","status":"publish","type":"post","link":"https:\/\/www.organisator.ch\/en\/management\/2024-06-21\/eine-zeitgemaesse-berufliche-vorsorge-was-sie-als-arbeitgeber-tun-koennen\/","title":{"rendered":"A modern occupational benefit scheme: what you can do as an employer"},"content":{"rendered":"<figure id=\"attachment_27757\" aria-describedby=\"caption-attachment-27757\" style=\"width: 680px\" class=\"wp-caption alignnone\"><img loading=\"lazy\" decoding=\"async\" class=\"size-full wp-image-27757\" src=\"https:\/\/www.organisator.ch\/wp-content\/uploads\/2024\/06\/PR_Vita-Bild.jpg\" alt=\"\" width=\"680\" height=\"383\" srcset=\"https:\/\/www.organisator.ch\/wp-content\/uploads\/2024\/06\/PR_Vita-Bild.jpg 680w, https:\/\/www.organisator.ch\/wp-content\/uploads\/2024\/06\/PR_Vita-Bild-18x10.jpg 18w, https:\/\/www.organisator.ch\/wp-content\/uploads\/2024\/06\/PR_Vita-Bild-375x211.jpg 375w, https:\/\/www.organisator.ch\/wp-content\/uploads\/2024\/06\/PR_Vita-Bild-621x350.jpg 621w\" sizes=\"auto, (max-width: 680px) 100vw, 680px\" \/><figcaption id=\"caption-attachment-27757\" class=\"wp-caption-text\">Image source: Simon Mumenthaler \/ Unsplash.com<\/figcaption><\/figure>\n<p>According to UBS forecasts, there will be a shortage of half a million workers in the Swiss market by 2030. Employers are therefore challenged to attract and retain suitable employees. A modern pension fund solution can help to position the company as an attractive employer.<\/p>\n<h3>Minimal solutions are no longer up to date<\/h3>\n<p>The Federal Law on Occupational Retirement, Survivors' and Disability Pension Plans (BVG) defines minimum benefits for all employees from the age of 18. Today, however, minimum benefits are hardly enough to maintain the standard of living to which employees are accustomed after retirement - as was originally intended.<\/p>\n<h3>Future-oriented pension solutions<\/h3>\n<p>As an employer, you have the opportunity to insure your employees better.<\/p>\n<h3>Insure a higher salary component<\/h3>\n<p>As an employer, you can voluntarily waive the coordination deduction or adjust it to the workload. This helps part-time workers to minimize their pension gaps.<\/p>\n<p>&nbsp;<\/p>\n<blockquote>\n<h3>Pension check for companies<\/h3>\n<p>How up-to-date is your company's pension fund solution? Get an overview in just a few minutes with the online pension check:<\/p>\n<p><img loading=\"lazy\" decoding=\"async\" class=\"alignnone size-full wp-image-27758\" src=\"https:\/\/www.organisator.ch\/wp-content\/uploads\/2024\/06\/PR_Vita_QRCode.png\" alt=\"\" width=\"232\" height=\"233\" srcset=\"https:\/\/www.organisator.ch\/wp-content\/uploads\/2024\/06\/PR_Vita_QRCode.png 232w, https:\/\/www.organisator.ch\/wp-content\/uploads\/2024\/06\/PR_Vita_QRCode-150x150.png 150w, https:\/\/www.organisator.ch\/wp-content\/uploads\/2024\/06\/PR_Vita_QRCode-12x12.png 12w\" sizes=\"auto, (max-width: 232px) 100vw, 232px\" \/><\/p>\n<p>flexwork.transparent.ch<\/p>\n<p>&nbsp;<\/p>\n<\/blockquote>\n<h3>Put something on top as an employer<\/h3>\n<p>If, as an employer, you voluntarily pay more than the legally prescribed half of the contributions to the pension fund, you ensure that your employees have more in their wallets at the end of the month. This is also a good argument in salary discussions. You can claim the higher pension fund contributions as a business expense.<\/p>\n<h3>Optimize the savings process<\/h3>\n<p>You have the option of increasing the annual savings contributions for your employees or improving the risk benefits. You can also offer savings from the age of 18. The earlier the savings process begins, the higher the retirement pension will be. Or you can offer your employees an optional savings plan - so they can help shape their own pension provision.<\/p>\n<h3>Offer more risk protection<\/h3>\n<p>It is not only savings contributions that may require action. Death and disability benefits are particularly important for families and homeowners.<\/p>\n<p>There are opportunities for shaping occupational benefits. A good pension fund solution is a communicative goldmine - an opportunity to strengthen the employer brand both internally and externally.<\/p>\n<p>&nbsp;<\/p>\n<blockquote>\n<h3>About the Vita Joint Foundation<\/h3>\n<p><img loading=\"lazy\" decoding=\"async\" class=\"alignnone size-full wp-image-27759\" src=\"https:\/\/www.organisator.ch\/wp-content\/uploads\/2024\/06\/PR_Vita_Logo.png\" alt=\"\" width=\"680\" height=\"420\" srcset=\"https:\/\/www.organisator.ch\/wp-content\/uploads\/2024\/06\/PR_Vita_Logo.png 680w, https:\/\/www.organisator.ch\/wp-content\/uploads\/2024\/06\/PR_Vita_Logo-18x12.png 18w, https:\/\/www.organisator.ch\/wp-content\/uploads\/2024\/06\/PR_Vita_Logo-375x232.png 375w, https:\/\/www.organisator.ch\/wp-content\/uploads\/2024\/06\/PR_Vita_Logo-567x350.png 567w\" sizes=\"auto, (max-width: 680px) 100vw, 680px\" \/><\/p>\n<p>With over 27,000 affiliated companies and around 150,000 insured persons, the Vita Joint Foundation is one of the most important pension funds in Switzerland. It is committed to providing fair and secure occupational benefits for all generations.<\/p>\n<p><em><a href=\"http:\/\/www.vita.ch\">vita.ch<\/a><\/em><\/p>\n<p>&nbsp;<\/p>\n<\/blockquote>","protected":false},"excerpt":{"rendered":"<p>PUBLIREPORTAGE Those who offer an attractive and flexible pension solution can set themselves apart from the competition and score points as a responsible employer. <\/p>","protected":false},"author":1,"featured_media":27757,"comment_status":"closed","ping_status":"closed","sticky":false,"template":"","format":"standard","meta":{"_acf_changed":false,"_yoast_wpseo_focuskw":"zeitgem\u00e4sse berufliche Vorsorge","_yoast_wpseo_metadesc":"Wer eine zeitgem\u00e4sse berufliche Vorsorge anbietet, kann sich von der Konkurrenz abheben und als verantwortungsbewusster Arbeitgeber punkten.","articlekey":"104049","footnotes":""},"categories":[28],"tags":[2921,202,254,377,2696],"class_list":["post-27702","post","type-post","status-publish","format-standard","has-post-thumbnail","hentry","category-management","tag-berufliche-vorsorge","tag-finanzenrecht","tag-hrm","tag-pensionskassen","tag-publireportage"],"acf":[],"yoast_head":"<!-- This site is optimized with the Yoast SEO plugin v27.5 - https:\/\/yoast.com\/product\/yoast-seo-wordpress\/ -->\n<title>Eine zeitgem\u00e4sse berufliche Vorsorge: Was Sie als Arbeitgeber tun k\u00f6nnen - Organisator<\/title>\n<meta name=\"description\" content=\"Wer eine zeitgem\u00e4sse berufliche Vorsorge anbietet, kann sich von der Konkurrenz abheben und als verantwortungsbewusster Arbeitgeber punkten.\" \/>\n<meta name=\"robots\" content=\"index, follow, max-snippet:-1, max-image-preview:large, max-video-preview:-1\" \/>\n<link rel=\"canonical\" href=\"https:\/\/www.organisator.ch\/en\/management\/2024-06-21\/eine-zeitgemaesse-berufliche-vorsorge-was-sie-als-arbeitgeber-tun-koennen\/\" \/>\n<meta property=\"og:locale\" content=\"en_US\" \/>\n<meta property=\"og:type\" content=\"article\" \/>\n<meta property=\"og:title\" content=\"Eine zeitgem\u00e4sse berufliche Vorsorge: Was Sie als Arbeitgeber tun k\u00f6nnen - Organisator\" \/>\n<meta property=\"og:description\" content=\"Wer eine zeitgem\u00e4sse berufliche Vorsorge anbietet, kann sich von der Konkurrenz abheben und als verantwortungsbewusster Arbeitgeber punkten.\" \/>\n<meta property=\"og:url\" content=\"https:\/\/www.organisator.ch\/en\/management\/2024-06-21\/eine-zeitgemaesse-berufliche-vorsorge-was-sie-als-arbeitgeber-tun-koennen\/\" \/>\n<meta property=\"og:site_name\" content=\"Organisator\" \/>\n<meta property=\"article:publisher\" content=\"https:\/\/www.facebook.com\/OrganisatorFachmagazin\" \/>\n<meta property=\"article:published_time\" content=\"2024-06-21T06:20:14+00:00\" \/>\n<meta property=\"og:image\" content=\"https:\/\/www.organisator.ch\/wp-content\/uploads\/2024\/06\/PR_Vita-Bild.jpg\" \/>\n\t<meta property=\"og:image:width\" content=\"680\" \/>\n\t<meta property=\"og:image:height\" content=\"383\" \/>\n\t<meta property=\"og:image:type\" content=\"image\/jpeg\" \/>\n<meta name=\"author\" content=\"admin\" \/>\n<meta name=\"twitter:card\" content=\"summary_large_image\" \/>\n<script type=\"application\/ld+json\" class=\"yoast-schema-graph\">{\"@context\":\"https:\\\/\\\/schema.org\",\"@graph\":[{\"@type\":\"Article\",\"@id\":\"https:\\\/\\\/www.organisator.ch\\\/management\\\/2024-06-21\\\/eine-zeitgemaesse-berufliche-vorsorge-was-sie-als-arbeitgeber-tun-koennen\\\/#article\",\"isPartOf\":{\"@id\":\"https:\\\/\\\/www.organisator.ch\\\/management\\\/2024-06-21\\\/eine-zeitgemaesse-berufliche-vorsorge-was-sie-als-arbeitgeber-tun-koennen\\\/\"},\"author\":{\"name\":\"admin\",\"@id\":\"https:\\\/\\\/www.organisator.ch\\\/#\\\/schema\\\/person\\\/aa2bace6c5c5aad60102004a50c4eb1c\"},\"headline\":\"Eine zeitgem\u00e4sse berufliche Vorsorge: Was Sie als Arbeitgeber tun k\u00f6nnen\",\"datePublished\":\"2024-06-21T06:20:14+00:00\",\"mainEntityOfPage\":{\"@id\":\"https:\\\/\\\/www.organisator.ch\\\/management\\\/2024-06-21\\\/eine-zeitgemaesse-berufliche-vorsorge-was-sie-als-arbeitgeber-tun-koennen\\\/\"},\"wordCount\":412,\"publisher\":{\"@id\":\"https:\\\/\\\/www.organisator.ch\\\/#organization\"},\"image\":{\"@id\":\"https:\\\/\\\/www.organisator.ch\\\/management\\\/2024-06-21\\\/eine-zeitgemaesse-berufliche-vorsorge-was-sie-als-arbeitgeber-tun-koennen\\\/#primaryimage\"},\"thumbnailUrl\":\"https:\\\/\\\/www.organisator.ch\\\/wp-content\\\/uploads\\\/2024\\\/06\\\/PR_Vita-Bild.jpg\",\"keywords\":[\"Berufliche Vorsorge\",\"Finanzen\\\/Recht\",\"HRM\",\"Pensionskassen\",\"Publireportage\"],\"articleSection\":[\"MANAGEMENT\"],\"inLanguage\":\"en-US\"},{\"@type\":\"WebPage\",\"@id\":\"https:\\\/\\\/www.organisator.ch\\\/management\\\/2024-06-21\\\/eine-zeitgemaesse-berufliche-vorsorge-was-sie-als-arbeitgeber-tun-koennen\\\/\",\"url\":\"https:\\\/\\\/www.organisator.ch\\\/management\\\/2024-06-21\\\/eine-zeitgemaesse-berufliche-vorsorge-was-sie-als-arbeitgeber-tun-koennen\\\/\",\"name\":\"Eine zeitgem\u00e4sse berufliche Vorsorge: Was Sie als Arbeitgeber tun k\u00f6nnen - Organisator\",\"isPartOf\":{\"@id\":\"https:\\\/\\\/www.organisator.ch\\\/#website\"},\"primaryImageOfPage\":{\"@id\":\"https:\\\/\\\/www.organisator.ch\\\/management\\\/2024-06-21\\\/eine-zeitgemaesse-berufliche-vorsorge-was-sie-als-arbeitgeber-tun-koennen\\\/#primaryimage\"},\"image\":{\"@id\":\"https:\\\/\\\/www.organisator.ch\\\/management\\\/2024-06-21\\\/eine-zeitgemaesse-berufliche-vorsorge-was-sie-als-arbeitgeber-tun-koennen\\\/#primaryimage\"},\"thumbnailUrl\":\"https:\\\/\\\/www.organisator.ch\\\/wp-content\\\/uploads\\\/2024\\\/06\\\/PR_Vita-Bild.jpg\",\"datePublished\":\"2024-06-21T06:20:14+00:00\",\"description\":\"Wer eine zeitgem\u00e4sse berufliche Vorsorge anbietet, kann sich von der Konkurrenz abheben und als verantwortungsbewusster Arbeitgeber punkten.\",\"breadcrumb\":{\"@id\":\"https:\\\/\\\/www.organisator.ch\\\/management\\\/2024-06-21\\\/eine-zeitgemaesse-berufliche-vorsorge-was-sie-als-arbeitgeber-tun-koennen\\\/#breadcrumb\"},\"inLanguage\":\"en-US\",\"potentialAction\":[{\"@type\":\"ReadAction\",\"target\":[\"https:\\\/\\\/www.organisator.ch\\\/management\\\/2024-06-21\\\/eine-zeitgemaesse-berufliche-vorsorge-was-sie-als-arbeitgeber-tun-koennen\\\/\"]}]},{\"@type\":\"ImageObject\",\"inLanguage\":\"en-US\",\"@id\":\"https:\\\/\\\/www.organisator.ch\\\/management\\\/2024-06-21\\\/eine-zeitgemaesse-berufliche-vorsorge-was-sie-als-arbeitgeber-tun-koennen\\\/#primaryimage\",\"url\":\"https:\\\/\\\/www.organisator.ch\\\/wp-content\\\/uploads\\\/2024\\\/06\\\/PR_Vita-Bild.jpg\",\"contentUrl\":\"https:\\\/\\\/www.organisator.ch\\\/wp-content\\\/uploads\\\/2024\\\/06\\\/PR_Vita-Bild.jpg\",\"width\":680,\"height\":383,\"caption\":\"Bildquelle: Simon Mumenthaler \\\/ Unsplash.com\"},{\"@type\":\"BreadcrumbList\",\"@id\":\"https:\\\/\\\/www.organisator.ch\\\/management\\\/2024-06-21\\\/eine-zeitgemaesse-berufliche-vorsorge-was-sie-als-arbeitgeber-tun-koennen\\\/#breadcrumb\",\"itemListElement\":[{\"@type\":\"ListItem\",\"position\":1,\"name\":\"Home\",\"item\":\"https:\\\/\\\/www.organisator.ch\\\/\"},{\"@type\":\"ListItem\",\"position\":2,\"name\":\"Eine zeitgem\u00e4sse berufliche Vorsorge: Was Sie als Arbeitgeber tun k\u00f6nnen\"}]},{\"@type\":\"WebSite\",\"@id\":\"https:\\\/\\\/www.organisator.ch\\\/#website\",\"url\":\"https:\\\/\\\/www.organisator.ch\\\/\",\"name\":\"Organisator\",\"description\":\"Kompetent. Praxisnah. Der ORGANISATOR bereitet in 10 Ausgaben pro Jahr die wesentlichen Themen f\u00fcr F\u00fchrungskr\u00e4fte von KMU auf.\",\"publisher\":{\"@id\":\"https:\\\/\\\/www.organisator.ch\\\/#organization\"},\"potentialAction\":[{\"@type\":\"SearchAction\",\"target\":{\"@type\":\"EntryPoint\",\"urlTemplate\":\"https:\\\/\\\/www.organisator.ch\\\/?s={search_term_string}\"},\"query-input\":{\"@type\":\"PropertyValueSpecification\",\"valueRequired\":true,\"valueName\":\"search_term_string\"}}],\"inLanguage\":\"en-US\"},{\"@type\":\"Organization\",\"@id\":\"https:\\\/\\\/www.organisator.ch\\\/#organization\",\"name\":\"Organisator\",\"url\":\"https:\\\/\\\/www.organisator.ch\\\/\",\"logo\":{\"@type\":\"ImageObject\",\"inLanguage\":\"en-US\",\"@id\":\"https:\\\/\\\/www.organisator.ch\\\/#\\\/schema\\\/logo\\\/image\\\/\",\"url\":\"https:\\\/\\\/www.organisator.ch\\\/wp-content\\\/uploads\\\/2022\\\/01\\\/Logo_Organisator_Website.png\",\"contentUrl\":\"https:\\\/\\\/www.organisator.ch\\\/wp-content\\\/uploads\\\/2022\\\/01\\\/Logo_Organisator_Website.png\",\"width\":800,\"height\":77,\"caption\":\"Organisator\"},\"image\":{\"@id\":\"https:\\\/\\\/www.organisator.ch\\\/#\\\/schema\\\/logo\\\/image\\\/\"},\"sameAs\":[\"https:\\\/\\\/www.facebook.com\\\/OrganisatorFachmagazin\",\"https:\\\/\\\/www.linkedin.com\\\/showcase\\\/organisator-das-magazin-fr-kmu\",\"https:\\\/\\\/www.xing.com\\\/news\\\/pages\\\/organisator-ch-695\",\"https:\\\/\\\/www.youtube.com\\\/channel\\\/UCGP2Sq0iWaZwT3BdIAQFYpw\"]},{\"@type\":\"Person\",\"@id\":\"https:\\\/\\\/www.organisator.ch\\\/#\\\/schema\\\/person\\\/aa2bace6c5c5aad60102004a50c4eb1c\",\"name\":\"admin\",\"image\":{\"@type\":\"ImageObject\",\"inLanguage\":\"en-US\",\"@id\":\"https:\\\/\\\/secure.gravatar.com\\\/avatar\\\/ae2f4d718e6c49043e314ce431e7e645d646302a24a5ef5a8bc8e3f5a032e319?s=96&d=mm&r=g\",\"url\":\"https:\\\/\\\/secure.gravatar.com\\\/avatar\\\/ae2f4d718e6c49043e314ce431e7e645d646302a24a5ef5a8bc8e3f5a032e319?s=96&d=mm&r=g\",\"contentUrl\":\"https:\\\/\\\/secure.gravatar.com\\\/avatar\\\/ae2f4d718e6c49043e314ce431e7e645d646302a24a5ef5a8bc8e3f5a032e319?s=96&d=mm&r=g\",\"caption\":\"admin\"},\"sameAs\":[\"https:\\\/\\\/www.organisator.ch\"],\"url\":\"https:\\\/\\\/www.organisator.ch\\\/en\\\/author\\\/admin\\\/\"}]}<\/script>\n<!-- \/ Yoast SEO plugin. -->","yoast_head_json":{"title":"A modern occupational benefit scheme: What you can do as an employer - Organizer","description":"Those who offer a modern occupational benefit scheme can set themselves apart from the competition and score points as a responsible employer.","robots":{"index":"index","follow":"follow","max-snippet":"max-snippet:-1","max-image-preview":"max-image-preview:large","max-video-preview":"max-video-preview:-1"},"canonical":"https:\/\/www.organisator.ch\/en\/management\/2024-06-21\/eine-zeitgemaesse-berufliche-vorsorge-was-sie-als-arbeitgeber-tun-koennen\/","og_locale":"en_US","og_type":"article","og_title":"Eine zeitgem\u00e4sse berufliche Vorsorge: Was Sie als Arbeitgeber tun k\u00f6nnen - Organisator","og_description":"Wer eine zeitgem\u00e4sse berufliche Vorsorge anbietet, kann sich von der Konkurrenz abheben und als verantwortungsbewusster Arbeitgeber punkten.","og_url":"https:\/\/www.organisator.ch\/en\/management\/2024-06-21\/eine-zeitgemaesse-berufliche-vorsorge-was-sie-als-arbeitgeber-tun-koennen\/","og_site_name":"Organisator","article_publisher":"https:\/\/www.facebook.com\/OrganisatorFachmagazin","article_published_time":"2024-06-21T06:20:14+00:00","og_image":[{"width":680,"height":383,"url":"https:\/\/www.organisator.ch\/wp-content\/uploads\/2024\/06\/PR_Vita-Bild.jpg","type":"image\/jpeg"}],"author":"admin","twitter_card":"summary_large_image","schema":{"@context":"https:\/\/schema.org","@graph":[{"@type":"Article","@id":"https:\/\/www.organisator.ch\/management\/2024-06-21\/eine-zeitgemaesse-berufliche-vorsorge-was-sie-als-arbeitgeber-tun-koennen\/#article","isPartOf":{"@id":"https:\/\/www.organisator.ch\/management\/2024-06-21\/eine-zeitgemaesse-berufliche-vorsorge-was-sie-als-arbeitgeber-tun-koennen\/"},"author":{"name":"admin","@id":"https:\/\/www.organisator.ch\/#\/schema\/person\/aa2bace6c5c5aad60102004a50c4eb1c"},"headline":"Eine zeitgem\u00e4sse berufliche Vorsorge: Was Sie als Arbeitgeber tun k\u00f6nnen","datePublished":"2024-06-21T06:20:14+00:00","mainEntityOfPage":{"@id":"https:\/\/www.organisator.ch\/management\/2024-06-21\/eine-zeitgemaesse-berufliche-vorsorge-was-sie-als-arbeitgeber-tun-koennen\/"},"wordCount":412,"publisher":{"@id":"https:\/\/www.organisator.ch\/#organization"},"image":{"@id":"https:\/\/www.organisator.ch\/management\/2024-06-21\/eine-zeitgemaesse-berufliche-vorsorge-was-sie-als-arbeitgeber-tun-koennen\/#primaryimage"},"thumbnailUrl":"https:\/\/www.organisator.ch\/wp-content\/uploads\/2024\/06\/PR_Vita-Bild.jpg","keywords":["Berufliche Vorsorge","Finanzen\/Recht","HRM","Pensionskassen","Publireportage"],"articleSection":["MANAGEMENT"],"inLanguage":"en-US"},{"@type":"WebPage","@id":"https:\/\/www.organisator.ch\/management\/2024-06-21\/eine-zeitgemaesse-berufliche-vorsorge-was-sie-als-arbeitgeber-tun-koennen\/","url":"https:\/\/www.organisator.ch\/management\/2024-06-21\/eine-zeitgemaesse-berufliche-vorsorge-was-sie-als-arbeitgeber-tun-koennen\/","name":"A modern occupational benefit scheme: What you can do as an employer - Organizer","isPartOf":{"@id":"https:\/\/www.organisator.ch\/#website"},"primaryImageOfPage":{"@id":"https:\/\/www.organisator.ch\/management\/2024-06-21\/eine-zeitgemaesse-berufliche-vorsorge-was-sie-als-arbeitgeber-tun-koennen\/#primaryimage"},"image":{"@id":"https:\/\/www.organisator.ch\/management\/2024-06-21\/eine-zeitgemaesse-berufliche-vorsorge-was-sie-als-arbeitgeber-tun-koennen\/#primaryimage"},"thumbnailUrl":"https:\/\/www.organisator.ch\/wp-content\/uploads\/2024\/06\/PR_Vita-Bild.jpg","datePublished":"2024-06-21T06:20:14+00:00","description":"Those who offer a modern occupational benefit scheme can set themselves apart from the competition and score points as a responsible employer.","breadcrumb":{"@id":"https:\/\/www.organisator.ch\/management\/2024-06-21\/eine-zeitgemaesse-berufliche-vorsorge-was-sie-als-arbeitgeber-tun-koennen\/#breadcrumb"},"inLanguage":"en-US","potentialAction":[{"@type":"ReadAction","target":["https:\/\/www.organisator.ch\/management\/2024-06-21\/eine-zeitgemaesse-berufliche-vorsorge-was-sie-als-arbeitgeber-tun-koennen\/"]}]},{"@type":"ImageObject","inLanguage":"en-US","@id":"https:\/\/www.organisator.ch\/management\/2024-06-21\/eine-zeitgemaesse-berufliche-vorsorge-was-sie-als-arbeitgeber-tun-koennen\/#primaryimage","url":"https:\/\/www.organisator.ch\/wp-content\/uploads\/2024\/06\/PR_Vita-Bild.jpg","contentUrl":"https:\/\/www.organisator.ch\/wp-content\/uploads\/2024\/06\/PR_Vita-Bild.jpg","width":680,"height":383,"caption":"Bildquelle: Simon Mumenthaler \/ Unsplash.com"},{"@type":"BreadcrumbList","@id":"https:\/\/www.organisator.ch\/management\/2024-06-21\/eine-zeitgemaesse-berufliche-vorsorge-was-sie-als-arbeitgeber-tun-koennen\/#breadcrumb","itemListElement":[{"@type":"ListItem","position":1,"name":"Home","item":"https:\/\/www.organisator.ch\/"},{"@type":"ListItem","position":2,"name":"Eine zeitgem\u00e4sse berufliche Vorsorge: Was Sie als Arbeitgeber tun k\u00f6nnen"}]},{"@type":"WebSite","@id":"https:\/\/www.organisator.ch\/#website","url":"https:\/\/www.organisator.ch\/","name":"Organizer","description":"Competent. Practical. In 10 issues per year, ORGANISATOR presents the essential topics for managers of SMEs.","publisher":{"@id":"https:\/\/www.organisator.ch\/#organization"},"potentialAction":[{"@type":"SearchAction","target":{"@type":"EntryPoint","urlTemplate":"https:\/\/www.organisator.ch\/?s={search_term_string}"},"query-input":{"@type":"PropertyValueSpecification","valueRequired":true,"valueName":"search_term_string"}}],"inLanguage":"en-US"},{"@type":"Organization","@id":"https:\/\/www.organisator.ch\/#organization","name":"Organizer","url":"https:\/\/www.organisator.ch\/","logo":{"@type":"ImageObject","inLanguage":"en-US","@id":"https:\/\/www.organisator.ch\/#\/schema\/logo\/image\/","url":"https:\/\/www.organisator.ch\/wp-content\/uploads\/2022\/01\/Logo_Organisator_Website.png","contentUrl":"https:\/\/www.organisator.ch\/wp-content\/uploads\/2022\/01\/Logo_Organisator_Website.png","width":800,"height":77,"caption":"Organisator"},"image":{"@id":"https:\/\/www.organisator.ch\/#\/schema\/logo\/image\/"},"sameAs":["https:\/\/www.facebook.com\/OrganisatorFachmagazin","https:\/\/www.linkedin.com\/showcase\/organisator-das-magazin-fr-kmu","https:\/\/www.xing.com\/news\/pages\/organisator-ch-695","https:\/\/www.youtube.com\/channel\/UCGP2Sq0iWaZwT3BdIAQFYpw"]},{"@type":"Person","@id":"https:\/\/www.organisator.ch\/#\/schema\/person\/aa2bace6c5c5aad60102004a50c4eb1c","name":"admin","image":{"@type":"ImageObject","inLanguage":"en-US","@id":"https:\/\/secure.gravatar.com\/avatar\/ae2f4d718e6c49043e314ce431e7e645d646302a24a5ef5a8bc8e3f5a032e319?s=96&d=mm&r=g","url":"https:\/\/secure.gravatar.com\/avatar\/ae2f4d718e6c49043e314ce431e7e645d646302a24a5ef5a8bc8e3f5a032e319?s=96&d=mm&r=g","contentUrl":"https:\/\/secure.gravatar.com\/avatar\/ae2f4d718e6c49043e314ce431e7e645d646302a24a5ef5a8bc8e3f5a032e319?s=96&d=mm&r=g","caption":"admin"},"sameAs":["https:\/\/www.organisator.ch"],"url":"https:\/\/www.organisator.ch\/en\/author\/admin\/"}]}},"_links":{"self":[{"href":"https:\/\/www.organisator.ch\/en\/wp-json\/wp\/v2\/posts\/27702","targetHints":{"allow":["GET"]}}],"collection":[{"href":"https:\/\/www.organisator.ch\/en\/wp-json\/wp\/v2\/posts"}],"about":[{"href":"https:\/\/www.organisator.ch\/en\/wp-json\/wp\/v2\/types\/post"}],"author":[{"embeddable":true,"href":"https:\/\/www.organisator.ch\/en\/wp-json\/wp\/v2\/users\/1"}],"replies":[{"embeddable":true,"href":"https:\/\/www.organisator.ch\/en\/wp-json\/wp\/v2\/comments?post=27702"}],"version-history":[{"count":5,"href":"https:\/\/www.organisator.ch\/en\/wp-json\/wp\/v2\/posts\/27702\/revisions"}],"predecessor-version":[{"id":27920,"href":"https:\/\/www.organisator.ch\/en\/wp-json\/wp\/v2\/posts\/27702\/revisions\/27920"}],"wp:featuredmedia":[{"embeddable":true,"href":"https:\/\/www.organisator.ch\/en\/wp-json\/wp\/v2\/media\/27757"}],"wp:attachment":[{"href":"https:\/\/www.organisator.ch\/en\/wp-json\/wp\/v2\/media?parent=27702"}],"wp:term":[{"taxonomy":"category","embeddable":true,"href":"https:\/\/www.organisator.ch\/en\/wp-json\/wp\/v2\/categories?post=27702"},{"taxonomy":"post_tag","embeddable":true,"href":"https:\/\/www.organisator.ch\/en\/wp-json\/wp\/v2\/tags?post=27702"}],"curies":[{"name":"wp","href":"https:\/\/api.w.org\/{rel}","templated":true}]}}