{"id":27707,"date":"2024-06-13T15:05:27","date_gmt":"2024-06-13T13:05:27","guid":{"rendered":"https:\/\/www.organisator.ch\/?p=27707"},"modified":"2024-06-13T15:05:27","modified_gmt":"2024-06-13T13:05:27","slug":"die-erste-schweizer-wirtschaftstagung-fuer-nachhaltige-beschaffung","status":"publish","type":"post","link":"https:\/\/www.organisator.ch\/en\/sustainability\/2024-06-13\/die-erste-schweizer-wirtschaftstagung-fuer-nachhaltige-beschaffung\/","title":{"rendered":"The first Swiss business conference for sustainable procurement"},"content":{"rendered":"<p><img loading=\"lazy\" decoding=\"async\" class=\"alignnone size-medium wp-image-27384\" src=\"https:\/\/www.organisator.ch\/wp-content\/uploads\/2024\/05\/Nachhaltigkeit-bei-Verbrauchsmaterial-Kein-Widerspruch-3_Organisator-680x478.jpg\" alt=\"\" width=\"680\" height=\"478\" srcset=\"https:\/\/www.organisator.ch\/wp-content\/uploads\/2024\/05\/Nachhaltigkeit-bei-Verbrauchsmaterial-Kein-Widerspruch-3_Organisator-680x478.jpg 680w, https:\/\/www.organisator.ch\/wp-content\/uploads\/2024\/05\/Nachhaltigkeit-bei-Verbrauchsmaterial-Kein-Widerspruch-3_Organisator-1024x720.jpg 1024w, https:\/\/www.organisator.ch\/wp-content\/uploads\/2024\/05\/Nachhaltigkeit-bei-Verbrauchsmaterial-Kein-Widerspruch-3_Organisator-768x540.jpg 768w, https:\/\/www.organisator.ch\/wp-content\/uploads\/2024\/05\/Nachhaltigkeit-bei-Verbrauchsmaterial-Kein-Widerspruch-3_Organisator-18x12.jpg 18w, https:\/\/www.organisator.ch\/wp-content\/uploads\/2024\/05\/Nachhaltigkeit-bei-Verbrauchsmaterial-Kein-Widerspruch-3_Organisator-375x264.jpg 375w, https:\/\/www.organisator.ch\/wp-content\/uploads\/2024\/05\/Nachhaltigkeit-bei-Verbrauchsmaterial-Kein-Widerspruch-3_Organisator-498x350.jpg 498w, https:\/\/www.organisator.ch\/wp-content\/uploads\/2024\/05\/Nachhaltigkeit-bei-Verbrauchsmaterial-Kein-Widerspruch-3_Organisator-1000x703.jpg 1000w, https:\/\/www.organisator.ch\/wp-content\/uploads\/2024\/05\/Nachhaltigkeit-bei-Verbrauchsmaterial-Kein-Widerspruch-3_Organisator.jpg 1152w\" sizes=\"auto, (max-width: 680px) 100vw, 680px\" \/><\/p>\n<p>On the first \"Sustainable Procurement Day\" on June 20, 2024 in Zurich, companies such as Swiss Post, <a href=\"https:\/\/www.organisator.ch\/de\/sustainability\/2024-06-05\/nachhaltigkeit-bei-verbrauchsmaterial-kein-widerspruch\/\">Lyreco<\/a>BLS, Appenzeller Bier and Thermoplan will provide insights into their procurement strategies and activities. The event, which was launched by the Pusch Foundation, \u00f6bu - The Association for Sustainable Business and procure.ch, is aimed at companies from all sectors that want to integrate sustainable products and services into their supply chains and make them more transparent. Over 130 participants are expected to attend to learn about examples, trends and experiences in sustainable procurement and to exchange ideas.<\/p>\n<h3>Relevance for Swiss companies<\/h3>\n<p>As larger companies at home and abroad are paying increasing attention to the sustainability of their supply chains, it is crucial for Swiss SMEs (who supply these companies directly or indirectly) to adapt to these requirements. Participation in the conference offers the opportunity to obtain comprehensive information at an early stage about the necessary steps and to network in order to remain successful in the global market dynamics.<\/p>\n<h3>Exciting inputs, different perspectives<\/h3>\n<p>The conference program includes five keynote speeches and seven focus topics, which will provide participants with practical insights and in-depth discussions with experts and practitioners in the form of small groups.<\/p>\n<p>Experts from the fields of environmental protection, law, procurement, digitalization and business will be appearing on the big stage: Elgin Brunner (Member of the Executive Board) WWF Switzerland, Niclas Meyer (Senior Consultant) BSS Volkswirtschaftliche Beratung AG, Marion Roeder and Gina Obrecht (Business Development, Data Driven Sustainability) Swisscom, Mirko Kleiner (Pioneer of Lean-Agile Procurement) Lean-Agile Procurement Alliance and Bj\u00f6rn Jung and Matteo Trachsel (Sustainability) Thermoplan AG.<\/p>\n<h3>Sustainable procurement in 7 focus areas\u00a0<\/h3>\n<p>In the thematic focus groups, the participants first receive specialist or practical input and then discuss possible solutions in small groups.<\/p>\n<ul>\n<li>The tension between strategy and feasibility with the BLS<\/li>\n<li>Through collaboration on the circular economy with the world's first Cradle to Cradle Gold certified printing company V\u00d6GELI<\/li>\n<li>Net zero with sustainable procurement: reducing greenhouse gas emissions in the supply chain with Swiss Post and Lyreco Switzerland<\/li>\n<li>Circular economy and resource efficiency in procurement with the Locher brewery (Appenzeller Bier)<\/li>\n<li>Social procurement risks: Corporate due diligence, protection of human and children's rights along the supply chain with Solidar Suisse and Save the Children<\/li>\n<li>Compliance, regulation, due diligence with MME Legal<\/li>\n<li>Sustainable procurement and digitalization with SAP<\/li>\n<\/ul>\n<p><a href=\"https:\/\/www.eventbrite.ch\/e\/sustainable-procurement-day-tickets-694703846907\">Tickets can be ordered here<\/a><\/p>\n<p><em>Sources and further information: Foundation for Practical Environmental Protection Switzerland - Pusch (<a href=\"https:\/\/www.pusch.ch\/\">https:\/\/www.pusch.ch\/<\/a>) , \u00f6bu - The Association for Sustainable Business (<a href=\"https:\/\/www.oebu.ch\/\">https:\/\/www.oebu.ch\/<\/a>) and procure.ch - Professional Association for Purchasing and Supply Management (<a href=\"https:\/\/www.procure.ch\/\">https:\/\/www.procure.ch\/<\/a>) .<\/em><\/p>","protected":false},"excerpt":{"rendered":"<p>In the wake of increasing regulatory requirements, particularly in the European Union, Swiss companies are faced with the task of developing sustainable procurement strategies. The first Swiss business conference for sustainable procurement, the \"Sustainable Procurement Day\", will bring together SMEs and larger companies on June 20, 2024 to discuss these challenges.<\/p>","protected":false},"author":4,"featured_media":27384,"comment_status":"closed","ping_status":"closed","sticky":false,"template":"","format":"standard","meta":{"_acf_changed":false,"_yoast_wpseo_focuskw":"nachhaltige Beschaffung","_yoast_wpseo_metadesc":"Am 20. Juni 2024 findet die erste Schweizer Wirtschaftstagung f\u00fcr nachhaltige Beschaffung in Z\u00fcrich statt.","articlekey":"","footnotes":""},"categories":[580],"tags":[193,1758,358],"class_list":["post-27707","post","type-post","status-publish","format-standard","has-post-thumbnail","hentry","category-sustainability","tag-fachkongressfachmesse","tag-nachhaltige-beschaffung","tag-nachhaltige-wirtschaft"],"acf":[],"yoast_head":"<!-- This site is optimized with the Yoast SEO plugin v27.5 - https:\/\/yoast.com\/product\/yoast-seo-wordpress\/ -->\n<title>Die erste Schweizer Wirtschaftstagung f\u00fcr nachhaltige Beschaffung - Organisator<\/title>\n<meta name=\"description\" content=\"Am 20. Juni 2024 findet die erste Schweizer Wirtschaftstagung f\u00fcr nachhaltige Beschaffung in Z\u00fcrich statt.\" \/>\n<meta name=\"robots\" content=\"index, follow, max-snippet:-1, max-image-preview:large, max-video-preview:-1\" \/>\n<link rel=\"canonical\" href=\"https:\/\/www.organisator.ch\/en\/sustainability\/2024-06-13\/die-erste-schweizer-wirtschaftstagung-fuer-nachhaltige-beschaffung\/\" \/>\n<meta property=\"og:locale\" content=\"en_US\" \/>\n<meta property=\"og:type\" content=\"article\" \/>\n<meta property=\"og:title\" content=\"Die erste Schweizer Wirtschaftstagung f\u00fcr nachhaltige Beschaffung\" \/>\n<meta property=\"og:description\" content=\"Am 20. Juni 2024 findet die erste Schweizer Wirtschaftstagung f\u00fcr nachhaltige Beschaffung in Z\u00fcrich statt.\" \/>\n<meta property=\"og:url\" content=\"https:\/\/www.organisator.ch\/en\/sustainability\/2024-06-13\/die-erste-schweizer-wirtschaftstagung-fuer-nachhaltige-beschaffung\/\" \/>\n<meta property=\"og:site_name\" content=\"Organisator\" \/>\n<meta property=\"article:publisher\" content=\"https:\/\/www.facebook.com\/OrganisatorFachmagazin\" \/>\n<meta property=\"article:published_time\" content=\"2024-06-13T13:05:27+00:00\" \/>\n<meta property=\"og:image\" content=\"https:\/\/www.organisator.ch\/wp-content\/uploads\/2024\/05\/Nachhaltigkeit-bei-Verbrauchsmaterial-Kein-Widerspruch-3_Organisator.jpg\" \/>\n\t<meta property=\"og:image:width\" content=\"1152\" \/>\n\t<meta property=\"og:image:height\" content=\"810\" \/>\n\t<meta property=\"og:image:type\" content=\"image\/jpeg\" \/>\n<meta name=\"author\" content=\"thomas.berner\" \/>\n<meta name=\"twitter:card\" content=\"summary_large_image\" \/>\n<meta name=\"twitter:title\" content=\"Die erste Schweizer #Wirtschaftstagung f\u00fcr nachhaltige #Beschaffung\" \/>\n<meta name=\"twitter:description\" content=\"Am 20. Juni 2024 findet die erste Schweizer #Wirtschaftstagung f\u00fcr nachhaltige Beschaffung in Z\u00fcrich statt.\" \/>\n<meta name=\"twitter:image\" content=\"https:\/\/www.organisator.ch\/wp-content\/uploads\/2024\/05\/Nachhaltigkeit-bei-Verbrauchsmaterial-Kein-Widerspruch-3_Organisator.jpg\" \/>\n<script type=\"application\/ld+json\" class=\"yoast-schema-graph\">{\"@context\":\"https:\\\/\\\/schema.org\",\"@graph\":[{\"@type\":\"Article\",\"@id\":\"https:\\\/\\\/www.organisator.ch\\\/sustainability\\\/2024-06-13\\\/die-erste-schweizer-wirtschaftstagung-fuer-nachhaltige-beschaffung\\\/#article\",\"isPartOf\":{\"@id\":\"https:\\\/\\\/www.organisator.ch\\\/sustainability\\\/2024-06-13\\\/die-erste-schweizer-wirtschaftstagung-fuer-nachhaltige-beschaffung\\\/\"},\"author\":{\"name\":\"thomas.berner\",\"@id\":\"https:\\\/\\\/www.organisator.ch\\\/#\\\/schema\\\/person\\\/6f650f90b2842cd4c0cc334b4e36f67e\"},\"headline\":\"Die erste Schweizer Wirtschaftstagung f\u00fcr nachhaltige Beschaffung\",\"datePublished\":\"2024-06-13T13:05:27+00:00\",\"mainEntityOfPage\":{\"@id\":\"https:\\\/\\\/www.organisator.ch\\\/sustainability\\\/2024-06-13\\\/die-erste-schweizer-wirtschaftstagung-fuer-nachhaltige-beschaffung\\\/\"},\"wordCount\":425,\"publisher\":{\"@id\":\"https:\\\/\\\/www.organisator.ch\\\/#organization\"},\"image\":{\"@id\":\"https:\\\/\\\/www.organisator.ch\\\/sustainability\\\/2024-06-13\\\/die-erste-schweizer-wirtschaftstagung-fuer-nachhaltige-beschaffung\\\/#primaryimage\"},\"thumbnailUrl\":\"https:\\\/\\\/www.organisator.ch\\\/wp-content\\\/uploads\\\/2024\\\/05\\\/Nachhaltigkeit-bei-Verbrauchsmaterial-Kein-Widerspruch-3_Organisator.jpg\",\"keywords\":[\"Fachkongress\\\/Fachmesse\",\"Nachhaltige Beschaffung\",\"Nachhaltige Wirtschaft\"],\"articleSection\":[\"SUSTAINABILITY\"],\"inLanguage\":\"en-US\"},{\"@type\":\"WebPage\",\"@id\":\"https:\\\/\\\/www.organisator.ch\\\/sustainability\\\/2024-06-13\\\/die-erste-schweizer-wirtschaftstagung-fuer-nachhaltige-beschaffung\\\/\",\"url\":\"https:\\\/\\\/www.organisator.ch\\\/sustainability\\\/2024-06-13\\\/die-erste-schweizer-wirtschaftstagung-fuer-nachhaltige-beschaffung\\\/\",\"name\":\"Die erste Schweizer Wirtschaftstagung f\u00fcr nachhaltige Beschaffung - Organisator\",\"isPartOf\":{\"@id\":\"https:\\\/\\\/www.organisator.ch\\\/#website\"},\"primaryImageOfPage\":{\"@id\":\"https:\\\/\\\/www.organisator.ch\\\/sustainability\\\/2024-06-13\\\/die-erste-schweizer-wirtschaftstagung-fuer-nachhaltige-beschaffung\\\/#primaryimage\"},\"image\":{\"@id\":\"https:\\\/\\\/www.organisator.ch\\\/sustainability\\\/2024-06-13\\\/die-erste-schweizer-wirtschaftstagung-fuer-nachhaltige-beschaffung\\\/#primaryimage\"},\"thumbnailUrl\":\"https:\\\/\\\/www.organisator.ch\\\/wp-content\\\/uploads\\\/2024\\\/05\\\/Nachhaltigkeit-bei-Verbrauchsmaterial-Kein-Widerspruch-3_Organisator.jpg\",\"datePublished\":\"2024-06-13T13:05:27+00:00\",\"description\":\"Am 20. Juni 2024 findet die erste Schweizer Wirtschaftstagung f\u00fcr nachhaltige Beschaffung in Z\u00fcrich statt.\",\"breadcrumb\":{\"@id\":\"https:\\\/\\\/www.organisator.ch\\\/sustainability\\\/2024-06-13\\\/die-erste-schweizer-wirtschaftstagung-fuer-nachhaltige-beschaffung\\\/#breadcrumb\"},\"inLanguage\":\"en-US\",\"potentialAction\":[{\"@type\":\"ReadAction\",\"target\":[\"https:\\\/\\\/www.organisator.ch\\\/sustainability\\\/2024-06-13\\\/die-erste-schweizer-wirtschaftstagung-fuer-nachhaltige-beschaffung\\\/\"]}]},{\"@type\":\"ImageObject\",\"inLanguage\":\"en-US\",\"@id\":\"https:\\\/\\\/www.organisator.ch\\\/sustainability\\\/2024-06-13\\\/die-erste-schweizer-wirtschaftstagung-fuer-nachhaltige-beschaffung\\\/#primaryimage\",\"url\":\"https:\\\/\\\/www.organisator.ch\\\/wp-content\\\/uploads\\\/2024\\\/05\\\/Nachhaltigkeit-bei-Verbrauchsmaterial-Kein-Widerspruch-3_Organisator.jpg\",\"contentUrl\":\"https:\\\/\\\/www.organisator.ch\\\/wp-content\\\/uploads\\\/2024\\\/05\\\/Nachhaltigkeit-bei-Verbrauchsmaterial-Kein-Widerspruch-3_Organisator.jpg\",\"width\":1152,\"height\":810},{\"@type\":\"BreadcrumbList\",\"@id\":\"https:\\\/\\\/www.organisator.ch\\\/sustainability\\\/2024-06-13\\\/die-erste-schweizer-wirtschaftstagung-fuer-nachhaltige-beschaffung\\\/#breadcrumb\",\"itemListElement\":[{\"@type\":\"ListItem\",\"position\":1,\"name\":\"Home\",\"item\":\"https:\\\/\\\/www.organisator.ch\\\/\"},{\"@type\":\"ListItem\",\"position\":2,\"name\":\"Die erste Schweizer Wirtschaftstagung f\u00fcr nachhaltige Beschaffung\"}]},{\"@type\":\"WebSite\",\"@id\":\"https:\\\/\\\/www.organisator.ch\\\/#website\",\"url\":\"https:\\\/\\\/www.organisator.ch\\\/\",\"name\":\"Organisator\",\"description\":\"Kompetent. Praxisnah. Der ORGANISATOR bereitet in 10 Ausgaben pro Jahr die wesentlichen Themen f\u00fcr F\u00fchrungskr\u00e4fte von KMU auf.\",\"publisher\":{\"@id\":\"https:\\\/\\\/www.organisator.ch\\\/#organization\"},\"potentialAction\":[{\"@type\":\"SearchAction\",\"target\":{\"@type\":\"EntryPoint\",\"urlTemplate\":\"https:\\\/\\\/www.organisator.ch\\\/?s={search_term_string}\"},\"query-input\":{\"@type\":\"PropertyValueSpecification\",\"valueRequired\":true,\"valueName\":\"search_term_string\"}}],\"inLanguage\":\"en-US\"},{\"@type\":\"Organization\",\"@id\":\"https:\\\/\\\/www.organisator.ch\\\/#organization\",\"name\":\"Organisator\",\"url\":\"https:\\\/\\\/www.organisator.ch\\\/\",\"logo\":{\"@type\":\"ImageObject\",\"inLanguage\":\"en-US\",\"@id\":\"https:\\\/\\\/www.organisator.ch\\\/#\\\/schema\\\/logo\\\/image\\\/\",\"url\":\"https:\\\/\\\/www.organisator.ch\\\/wp-content\\\/uploads\\\/2022\\\/01\\\/Logo_Organisator_Website.png\",\"contentUrl\":\"https:\\\/\\\/www.organisator.ch\\\/wp-content\\\/uploads\\\/2022\\\/01\\\/Logo_Organisator_Website.png\",\"width\":800,\"height\":77,\"caption\":\"Organisator\"},\"image\":{\"@id\":\"https:\\\/\\\/www.organisator.ch\\\/#\\\/schema\\\/logo\\\/image\\\/\"},\"sameAs\":[\"https:\\\/\\\/www.facebook.com\\\/OrganisatorFachmagazin\",\"https:\\\/\\\/www.linkedin.com\\\/showcase\\\/organisator-das-magazin-fr-kmu\",\"https:\\\/\\\/www.xing.com\\\/news\\\/pages\\\/organisator-ch-695\",\"https:\\\/\\\/www.youtube.com\\\/channel\\\/UCGP2Sq0iWaZwT3BdIAQFYpw\"]},{\"@type\":\"Person\",\"@id\":\"https:\\\/\\\/www.organisator.ch\\\/#\\\/schema\\\/person\\\/6f650f90b2842cd4c0cc334b4e36f67e\",\"name\":\"thomas.berner\",\"image\":{\"@type\":\"ImageObject\",\"inLanguage\":\"en-US\",\"@id\":\"https:\\\/\\\/secure.gravatar.com\\\/avatar\\\/ac5001d2a36cb6c6cd3e50789007ffca834b477b74a2144564522e944eabff61?s=96&d=mm&r=g\",\"url\":\"https:\\\/\\\/secure.gravatar.com\\\/avatar\\\/ac5001d2a36cb6c6cd3e50789007ffca834b477b74a2144564522e944eabff61?s=96&d=mm&r=g\",\"contentUrl\":\"https:\\\/\\\/secure.gravatar.com\\\/avatar\\\/ac5001d2a36cb6c6cd3e50789007ffca834b477b74a2144564522e944eabff61?s=96&d=mm&r=g\",\"caption\":\"thomas.berner\"},\"url\":\"https:\\\/\\\/www.organisator.ch\\\/en\\\/author\\\/thomas-berner\\\/\"}]}<\/script>\n<!-- \/ Yoast SEO plugin. -->","yoast_head_json":{"title":"The first Swiss Business Conference on Sustainable Procurement - Organizer","description":"The first Swiss Business Conference for Sustainable Procurement will take place in Zurich on June 20, 2024.","robots":{"index":"index","follow":"follow","max-snippet":"max-snippet:-1","max-image-preview":"max-image-preview:large","max-video-preview":"max-video-preview:-1"},"canonical":"https:\/\/www.organisator.ch\/en\/sustainability\/2024-06-13\/die-erste-schweizer-wirtschaftstagung-fuer-nachhaltige-beschaffung\/","og_locale":"en_US","og_type":"article","og_title":"Die erste Schweizer Wirtschaftstagung f\u00fcr nachhaltige Beschaffung","og_description":"Am 20. Juni 2024 findet die erste Schweizer Wirtschaftstagung f\u00fcr nachhaltige Beschaffung in Z\u00fcrich statt.","og_url":"https:\/\/www.organisator.ch\/en\/sustainability\/2024-06-13\/die-erste-schweizer-wirtschaftstagung-fuer-nachhaltige-beschaffung\/","og_site_name":"Organisator","article_publisher":"https:\/\/www.facebook.com\/OrganisatorFachmagazin","article_published_time":"2024-06-13T13:05:27+00:00","og_image":[{"width":1152,"height":810,"url":"https:\/\/www.organisator.ch\/wp-content\/uploads\/2024\/05\/Nachhaltigkeit-bei-Verbrauchsmaterial-Kein-Widerspruch-3_Organisator.jpg","type":"image\/jpeg"}],"author":"thomas.berner","twitter_card":"summary_large_image","twitter_title":"Die erste Schweizer #Wirtschaftstagung f\u00fcr nachhaltige #Beschaffung","twitter_description":"Am 20. Juni 2024 findet die erste Schweizer #Wirtschaftstagung f\u00fcr nachhaltige Beschaffung in Z\u00fcrich statt.","twitter_image":"https:\/\/www.organisator.ch\/wp-content\/uploads\/2024\/05\/Nachhaltigkeit-bei-Verbrauchsmaterial-Kein-Widerspruch-3_Organisator.jpg","schema":{"@context":"https:\/\/schema.org","@graph":[{"@type":"Article","@id":"https:\/\/www.organisator.ch\/sustainability\/2024-06-13\/die-erste-schweizer-wirtschaftstagung-fuer-nachhaltige-beschaffung\/#article","isPartOf":{"@id":"https:\/\/www.organisator.ch\/sustainability\/2024-06-13\/die-erste-schweizer-wirtschaftstagung-fuer-nachhaltige-beschaffung\/"},"author":{"name":"thomas.berner","@id":"https:\/\/www.organisator.ch\/#\/schema\/person\/6f650f90b2842cd4c0cc334b4e36f67e"},"headline":"Die erste Schweizer Wirtschaftstagung f\u00fcr nachhaltige Beschaffung","datePublished":"2024-06-13T13:05:27+00:00","mainEntityOfPage":{"@id":"https:\/\/www.organisator.ch\/sustainability\/2024-06-13\/die-erste-schweizer-wirtschaftstagung-fuer-nachhaltige-beschaffung\/"},"wordCount":425,"publisher":{"@id":"https:\/\/www.organisator.ch\/#organization"},"image":{"@id":"https:\/\/www.organisator.ch\/sustainability\/2024-06-13\/die-erste-schweizer-wirtschaftstagung-fuer-nachhaltige-beschaffung\/#primaryimage"},"thumbnailUrl":"https:\/\/www.organisator.ch\/wp-content\/uploads\/2024\/05\/Nachhaltigkeit-bei-Verbrauchsmaterial-Kein-Widerspruch-3_Organisator.jpg","keywords":["Fachkongress\/Fachmesse","Nachhaltige Beschaffung","Nachhaltige Wirtschaft"],"articleSection":["SUSTAINABILITY"],"inLanguage":"en-US"},{"@type":"WebPage","@id":"https:\/\/www.organisator.ch\/sustainability\/2024-06-13\/die-erste-schweizer-wirtschaftstagung-fuer-nachhaltige-beschaffung\/","url":"https:\/\/www.organisator.ch\/sustainability\/2024-06-13\/die-erste-schweizer-wirtschaftstagung-fuer-nachhaltige-beschaffung\/","name":"The first Swiss Business Conference on Sustainable Procurement - Organizer","isPartOf":{"@id":"https:\/\/www.organisator.ch\/#website"},"primaryImageOfPage":{"@id":"https:\/\/www.organisator.ch\/sustainability\/2024-06-13\/die-erste-schweizer-wirtschaftstagung-fuer-nachhaltige-beschaffung\/#primaryimage"},"image":{"@id":"https:\/\/www.organisator.ch\/sustainability\/2024-06-13\/die-erste-schweizer-wirtschaftstagung-fuer-nachhaltige-beschaffung\/#primaryimage"},"thumbnailUrl":"https:\/\/www.organisator.ch\/wp-content\/uploads\/2024\/05\/Nachhaltigkeit-bei-Verbrauchsmaterial-Kein-Widerspruch-3_Organisator.jpg","datePublished":"2024-06-13T13:05:27+00:00","description":"The first Swiss Business Conference for Sustainable Procurement will take place in Zurich on June 20, 2024.","breadcrumb":{"@id":"https:\/\/www.organisator.ch\/sustainability\/2024-06-13\/die-erste-schweizer-wirtschaftstagung-fuer-nachhaltige-beschaffung\/#breadcrumb"},"inLanguage":"en-US","potentialAction":[{"@type":"ReadAction","target":["https:\/\/www.organisator.ch\/sustainability\/2024-06-13\/die-erste-schweizer-wirtschaftstagung-fuer-nachhaltige-beschaffung\/"]}]},{"@type":"ImageObject","inLanguage":"en-US","@id":"https:\/\/www.organisator.ch\/sustainability\/2024-06-13\/die-erste-schweizer-wirtschaftstagung-fuer-nachhaltige-beschaffung\/#primaryimage","url":"https:\/\/www.organisator.ch\/wp-content\/uploads\/2024\/05\/Nachhaltigkeit-bei-Verbrauchsmaterial-Kein-Widerspruch-3_Organisator.jpg","contentUrl":"https:\/\/www.organisator.ch\/wp-content\/uploads\/2024\/05\/Nachhaltigkeit-bei-Verbrauchsmaterial-Kein-Widerspruch-3_Organisator.jpg","width":1152,"height":810},{"@type":"BreadcrumbList","@id":"https:\/\/www.organisator.ch\/sustainability\/2024-06-13\/die-erste-schweizer-wirtschaftstagung-fuer-nachhaltige-beschaffung\/#breadcrumb","itemListElement":[{"@type":"ListItem","position":1,"name":"Home","item":"https:\/\/www.organisator.ch\/"},{"@type":"ListItem","position":2,"name":"Die erste Schweizer Wirtschaftstagung f\u00fcr nachhaltige Beschaffung"}]},{"@type":"WebSite","@id":"https:\/\/www.organisator.ch\/#website","url":"https:\/\/www.organisator.ch\/","name":"Organizer","description":"Competent. Practical. In 10 issues per year, ORGANISATOR presents the essential topics for managers of SMEs.","publisher":{"@id":"https:\/\/www.organisator.ch\/#organization"},"potentialAction":[{"@type":"SearchAction","target":{"@type":"EntryPoint","urlTemplate":"https:\/\/www.organisator.ch\/?s={search_term_string}"},"query-input":{"@type":"PropertyValueSpecification","valueRequired":true,"valueName":"search_term_string"}}],"inLanguage":"en-US"},{"@type":"Organization","@id":"https:\/\/www.organisator.ch\/#organization","name":"Organizer","url":"https:\/\/www.organisator.ch\/","logo":{"@type":"ImageObject","inLanguage":"en-US","@id":"https:\/\/www.organisator.ch\/#\/schema\/logo\/image\/","url":"https:\/\/www.organisator.ch\/wp-content\/uploads\/2022\/01\/Logo_Organisator_Website.png","contentUrl":"https:\/\/www.organisator.ch\/wp-content\/uploads\/2022\/01\/Logo_Organisator_Website.png","width":800,"height":77,"caption":"Organisator"},"image":{"@id":"https:\/\/www.organisator.ch\/#\/schema\/logo\/image\/"},"sameAs":["https:\/\/www.facebook.com\/OrganisatorFachmagazin","https:\/\/www.linkedin.com\/showcase\/organisator-das-magazin-fr-kmu","https:\/\/www.xing.com\/news\/pages\/organisator-ch-695","https:\/\/www.youtube.com\/channel\/UCGP2Sq0iWaZwT3BdIAQFYpw"]},{"@type":"Person","@id":"https:\/\/www.organisator.ch\/#\/schema\/person\/6f650f90b2842cd4c0cc334b4e36f67e","name":"thomas.berner","image":{"@type":"ImageObject","inLanguage":"en-US","@id":"https:\/\/secure.gravatar.com\/avatar\/ac5001d2a36cb6c6cd3e50789007ffca834b477b74a2144564522e944eabff61?s=96&d=mm&r=g","url":"https:\/\/secure.gravatar.com\/avatar\/ac5001d2a36cb6c6cd3e50789007ffca834b477b74a2144564522e944eabff61?s=96&d=mm&r=g","contentUrl":"https:\/\/secure.gravatar.com\/avatar\/ac5001d2a36cb6c6cd3e50789007ffca834b477b74a2144564522e944eabff61?s=96&d=mm&r=g","caption":"thomas.berner"},"url":"https:\/\/www.organisator.ch\/en\/author\/thomas-berner\/"}]}},"_links":{"self":[{"href":"https:\/\/www.organisator.ch\/en\/wp-json\/wp\/v2\/posts\/27707","targetHints":{"allow":["GET"]}}],"collection":[{"href":"https:\/\/www.organisator.ch\/en\/wp-json\/wp\/v2\/posts"}],"about":[{"href":"https:\/\/www.organisator.ch\/en\/wp-json\/wp\/v2\/types\/post"}],"author":[{"embeddable":true,"href":"https:\/\/www.organisator.ch\/en\/wp-json\/wp\/v2\/users\/4"}],"replies":[{"embeddable":true,"href":"https:\/\/www.organisator.ch\/en\/wp-json\/wp\/v2\/comments?post=27707"}],"version-history":[{"count":4,"href":"https:\/\/www.organisator.ch\/en\/wp-json\/wp\/v2\/posts\/27707\/revisions"}],"predecessor-version":[{"id":27737,"href":"https:\/\/www.organisator.ch\/en\/wp-json\/wp\/v2\/posts\/27707\/revisions\/27737"}],"wp:featuredmedia":[{"embeddable":true,"href":"https:\/\/www.organisator.ch\/en\/wp-json\/wp\/v2\/media\/27384"}],"wp:attachment":[{"href":"https:\/\/www.organisator.ch\/en\/wp-json\/wp\/v2\/media?parent=27707"}],"wp:term":[{"taxonomy":"category","embeddable":true,"href":"https:\/\/www.organisator.ch\/en\/wp-json\/wp\/v2\/categories?post=27707"},{"taxonomy":"post_tag","embeddable":true,"href":"https:\/\/www.organisator.ch\/en\/wp-json\/wp\/v2\/tags?post=27707"}],"curies":[{"name":"wp","href":"https:\/\/api.w.org\/{rel}","templated":true}]}}