{"id":27713,"date":"2024-06-13T16:41:29","date_gmt":"2024-06-13T14:41:29","guid":{"rendered":"https:\/\/www.werbewoche.ch\/?p=216569"},"modified":"2024-11-10T12:48:35","modified_gmt":"2024-11-10T11:48:35","slug":"ich-will-kreativitaet-nicht-durch-kontrolle-trueben","status":"publish","type":"post","link":"https:\/\/www.organisator.ch\/en\/marketing\/2024-06-13\/ich-will-kreativitaet-nicht-durch-kontrolle-trueben\/","title":{"rendered":"\"I don't want to cloud creativity with control\""},"content":{"rendered":"<p><\/p>\r\n<p>In the videotalk with <em>m&amp;k advertisingweek.ch<\/em> On stage at the Swiss Brand Congress at the Dolder in Zurich, Tobias Bachm\u00fcller, Managing Partner and CMO of Katjes, explains the company's marketing strategy. Inspired by the quote from Carlo Ancelotti, currently the most successful football coach in the world, that football consists of defence (organization) and attack (talent and creation), Bachm\u00fcller transfers this concept to marketing.<\/p>\r\n<p>Katjes sets itself apart from the competition by completely avoiding gelatine and using starch instead. This \"defensible characteristic\" starts in the factory and is communicated positively to consumers without relying on shock images. Instead, Katjes emphasizes the value of every life and relies on cheerful, positive advertising messages with animal motifs.<\/p>\r\n<p>Bachm\u00fcller emphasizes that creativity is encouraged by simple, clear messages - at Katjes, this is the word \"vegan\". In the digital marketing world, Katjes makes heavy use of social media such as Instagram and TikTok to attract the attention of the target group with interesting content.<\/p>\r\n<p>One bold example from the poster advertising was the depiction of a Muslim woman, which caused discussion. Another poster showed a 107-year-old woman with the message \"Every life is valuable\", which also sparked a lot of discussion, but was largely received positively.<\/p>\r\n<p>Katjes is also present at important events on television, for example with an advertising spot during the opening match of the European Football Championship between Germany and Scotland. Bachm\u00fcller emphasizes that such events offer an opportunity to reach a broad target group, even those who do not normally watch linear television.<\/p>\r\n<p>In conclusion, Bachm\u00fcller emphasizes that he himself has learned a lot at the Swiss Marketing Congress thanks to presentations by Weleda, On and Switzerland Tourism and appreciates the event as it promotes the exchange of knowledge and experience.<\/p>","protected":false},"excerpt":{"rendered":"<p>Tobias Bachm\u00fcller, Managing Director and CMO of Katjes, explains at the Swiss Brand Congress and exclusively in a video talk to m&amp;k Werbewoche.ch how Katjes' vegan orientation is revolutionizing marketing as a game idea and why creativity should not be clouded by control.<\/p>","protected":false},"author":8,"featured_media":27716,"comment_status":"closed","ping_status":"closed","sticky":false,"template":"","format":"standard","meta":{"_acf_changed":false,"_yoast_wpseo_focuskw":"Katjes Marketingstrategie","_yoast_wpseo_metadesc":"Katjes setzt auf vegane Produkte und kreative Werbung. Erfolgreiche Marketingstrategie inspiriert von Carlo Ancelotti.","articlekey":"","footnotes":""},"categories":[29],"tags":[4255,4027,3893,339,2817],"class_list":["post-27713","post","type-post","status-publish","format-standard","has-post-thumbnail","hentry","category-marketing","tag-katjes","tag-kreativitaet","tag-markenfuehrung","tag-marketing","tag-schweizer-markenkongress"],"acf":[],"yoast_head":"<!-- This site is optimized with the Yoast SEO plugin v27.5 - https:\/\/yoast.com\/product\/yoast-seo-wordpress\/ -->\n<title>\u00abIch will Kreativit\u00e4t nicht durch Kontrolle tr\u00fcben\u00bb - Organisator<\/title>\n<meta name=\"description\" content=\"Katjes setzt auf vegane Produkte und kreative Werbung. Erfolgreiche Marketingstrategie inspiriert von Carlo Ancelotti.\" \/>\n<meta name=\"robots\" content=\"index, follow, max-snippet:-1, max-image-preview:large, max-video-preview:-1\" \/>\n<link rel=\"canonical\" href=\"https:\/\/www.organisator.ch\/en\/marketing\/2024-06-13\/ich-will-kreativitaet-nicht-durch-kontrolle-trueben\/\" \/>\n<meta property=\"og:locale\" content=\"en_US\" \/>\n<meta property=\"og:type\" content=\"article\" \/>\n<meta property=\"og:title\" content=\"\u00abIch will Kreativit\u00e4t nicht durch Kontrolle tr\u00fcben\u00bb - Organisator\" \/>\n<meta property=\"og:description\" content=\"Katjes setzt auf vegane Produkte und kreative Werbung. Erfolgreiche Marketingstrategie inspiriert von Carlo Ancelotti.\" \/>\n<meta property=\"og:url\" content=\"https:\/\/www.organisator.ch\/en\/marketing\/2024-06-13\/ich-will-kreativitaet-nicht-durch-kontrolle-trueben\/\" \/>\n<meta property=\"og:site_name\" content=\"Organisator\" \/>\n<meta property=\"article:publisher\" content=\"https:\/\/www.facebook.com\/OrganisatorFachmagazin\" \/>\n<meta property=\"article:published_time\" content=\"2024-06-13T14:41:29+00:00\" \/>\n<meta property=\"article:modified_time\" content=\"2024-11-10T11:48:35+00:00\" \/>\n<meta property=\"og:image\" content=\"https:\/\/www.organisator.ch\/wp-content\/uploads\/2024\/06\/Werbewoche_Bild.jpg\" \/>\n\t<meta property=\"og:image:width\" content=\"961\" \/>\n\t<meta property=\"og:image:height\" content=\"446\" \/>\n\t<meta property=\"og:image:type\" content=\"image\/jpeg\" \/>\n<meta name=\"author\" content=\"galledia\" \/>\n<meta name=\"twitter:card\" content=\"summary_large_image\" \/>\n<meta name=\"twitter:creator\" content=\"@admin\" \/>\n<script type=\"application\/ld+json\" class=\"yoast-schema-graph\">{\"@context\":\"https:\\\/\\\/schema.org\",\"@graph\":[{\"@type\":\"Article\",\"@id\":\"https:\\\/\\\/www.organisator.ch\\\/marketing\\\/2024-06-13\\\/ich-will-kreativitaet-nicht-durch-kontrolle-trueben\\\/#article\",\"isPartOf\":{\"@id\":\"https:\\\/\\\/www.organisator.ch\\\/marketing\\\/2024-06-13\\\/ich-will-kreativitaet-nicht-durch-kontrolle-trueben\\\/\"},\"author\":{\"name\":\"galledia\",\"@id\":\"https:\\\/\\\/www.organisator.ch\\\/#\\\/schema\\\/person\\\/4e51799071cd2dd1232ac003643ef5f0\"},\"headline\":\"\u00abIch will Kreativit\u00e4t nicht durch Kontrolle tr\u00fcben\u00bb\",\"datePublished\":\"2024-06-13T14:41:29+00:00\",\"dateModified\":\"2024-11-10T11:48:35+00:00\",\"mainEntityOfPage\":{\"@id\":\"https:\\\/\\\/www.organisator.ch\\\/marketing\\\/2024-06-13\\\/ich-will-kreativitaet-nicht-durch-kontrolle-trueben\\\/\"},\"wordCount\":306,\"publisher\":{\"@id\":\"https:\\\/\\\/www.organisator.ch\\\/#organization\"},\"image\":{\"@id\":\"https:\\\/\\\/www.organisator.ch\\\/marketing\\\/2024-06-13\\\/ich-will-kreativitaet-nicht-durch-kontrolle-trueben\\\/#primaryimage\"},\"thumbnailUrl\":\"https:\\\/\\\/www.organisator.ch\\\/wp-content\\\/uploads\\\/2024\\\/06\\\/Werbewoche_Bild.jpg\",\"keywords\":[\"Katjes\",\"Kreativit\u00e4t\",\"Markenf\u00fchrung\",\"Marketing\",\"Schweizer Markenkongress\"],\"articleSection\":[\"MARKETING\"],\"inLanguage\":\"en-US\"},{\"@type\":\"WebPage\",\"@id\":\"https:\\\/\\\/www.organisator.ch\\\/marketing\\\/2024-06-13\\\/ich-will-kreativitaet-nicht-durch-kontrolle-trueben\\\/\",\"url\":\"https:\\\/\\\/www.organisator.ch\\\/marketing\\\/2024-06-13\\\/ich-will-kreativitaet-nicht-durch-kontrolle-trueben\\\/\",\"name\":\"\u00abIch will Kreativit\u00e4t nicht durch Kontrolle tr\u00fcben\u00bb - Organisator\",\"isPartOf\":{\"@id\":\"https:\\\/\\\/www.organisator.ch\\\/#website\"},\"primaryImageOfPage\":{\"@id\":\"https:\\\/\\\/www.organisator.ch\\\/marketing\\\/2024-06-13\\\/ich-will-kreativitaet-nicht-durch-kontrolle-trueben\\\/#primaryimage\"},\"image\":{\"@id\":\"https:\\\/\\\/www.organisator.ch\\\/marketing\\\/2024-06-13\\\/ich-will-kreativitaet-nicht-durch-kontrolle-trueben\\\/#primaryimage\"},\"thumbnailUrl\":\"https:\\\/\\\/www.organisator.ch\\\/wp-content\\\/uploads\\\/2024\\\/06\\\/Werbewoche_Bild.jpg\",\"datePublished\":\"2024-06-13T14:41:29+00:00\",\"dateModified\":\"2024-11-10T11:48:35+00:00\",\"description\":\"Katjes setzt auf vegane Produkte und kreative Werbung. Erfolgreiche Marketingstrategie inspiriert von Carlo Ancelotti.\",\"breadcrumb\":{\"@id\":\"https:\\\/\\\/www.organisator.ch\\\/marketing\\\/2024-06-13\\\/ich-will-kreativitaet-nicht-durch-kontrolle-trueben\\\/#breadcrumb\"},\"inLanguage\":\"en-US\",\"potentialAction\":[{\"@type\":\"ReadAction\",\"target\":[\"https:\\\/\\\/www.organisator.ch\\\/marketing\\\/2024-06-13\\\/ich-will-kreativitaet-nicht-durch-kontrolle-trueben\\\/\"]}]},{\"@type\":\"ImageObject\",\"inLanguage\":\"en-US\",\"@id\":\"https:\\\/\\\/www.organisator.ch\\\/marketing\\\/2024-06-13\\\/ich-will-kreativitaet-nicht-durch-kontrolle-trueben\\\/#primaryimage\",\"url\":\"https:\\\/\\\/www.organisator.ch\\\/wp-content\\\/uploads\\\/2024\\\/06\\\/Werbewoche_Bild.jpg\",\"contentUrl\":\"https:\\\/\\\/www.organisator.ch\\\/wp-content\\\/uploads\\\/2024\\\/06\\\/Werbewoche_Bild.jpg\",\"width\":961,\"height\":446},{\"@type\":\"BreadcrumbList\",\"@id\":\"https:\\\/\\\/www.organisator.ch\\\/marketing\\\/2024-06-13\\\/ich-will-kreativitaet-nicht-durch-kontrolle-trueben\\\/#breadcrumb\",\"itemListElement\":[{\"@type\":\"ListItem\",\"position\":1,\"name\":\"Home\",\"item\":\"https:\\\/\\\/www.organisator.ch\\\/\"},{\"@type\":\"ListItem\",\"position\":2,\"name\":\"\u00abIch will Kreativit\u00e4t nicht durch Kontrolle tr\u00fcben\u00bb\"}]},{\"@type\":\"WebSite\",\"@id\":\"https:\\\/\\\/www.organisator.ch\\\/#website\",\"url\":\"https:\\\/\\\/www.organisator.ch\\\/\",\"name\":\"Organisator\",\"description\":\"Kompetent. Praxisnah. Der ORGANISATOR bereitet in 10 Ausgaben pro Jahr die wesentlichen Themen f\u00fcr F\u00fchrungskr\u00e4fte von KMU auf.\",\"publisher\":{\"@id\":\"https:\\\/\\\/www.organisator.ch\\\/#organization\"},\"potentialAction\":[{\"@type\":\"SearchAction\",\"target\":{\"@type\":\"EntryPoint\",\"urlTemplate\":\"https:\\\/\\\/www.organisator.ch\\\/?s={search_term_string}\"},\"query-input\":{\"@type\":\"PropertyValueSpecification\",\"valueRequired\":true,\"valueName\":\"search_term_string\"}}],\"inLanguage\":\"en-US\"},{\"@type\":\"Organization\",\"@id\":\"https:\\\/\\\/www.organisator.ch\\\/#organization\",\"name\":\"Organisator\",\"url\":\"https:\\\/\\\/www.organisator.ch\\\/\",\"logo\":{\"@type\":\"ImageObject\",\"inLanguage\":\"en-US\",\"@id\":\"https:\\\/\\\/www.organisator.ch\\\/#\\\/schema\\\/logo\\\/image\\\/\",\"url\":\"https:\\\/\\\/www.organisator.ch\\\/wp-content\\\/uploads\\\/2022\\\/01\\\/Logo_Organisator_Website.png\",\"contentUrl\":\"https:\\\/\\\/www.organisator.ch\\\/wp-content\\\/uploads\\\/2022\\\/01\\\/Logo_Organisator_Website.png\",\"width\":800,\"height\":77,\"caption\":\"Organisator\"},\"image\":{\"@id\":\"https:\\\/\\\/www.organisator.ch\\\/#\\\/schema\\\/logo\\\/image\\\/\"},\"sameAs\":[\"https:\\\/\\\/www.facebook.com\\\/OrganisatorFachmagazin\",\"https:\\\/\\\/www.linkedin.com\\\/showcase\\\/organisator-das-magazin-fr-kmu\",\"https:\\\/\\\/www.xing.com\\\/news\\\/pages\\\/organisator-ch-695\",\"https:\\\/\\\/www.youtube.com\\\/channel\\\/UCGP2Sq0iWaZwT3BdIAQFYpw\"]},{\"@type\":\"Person\",\"@id\":\"https:\\\/\\\/www.organisator.ch\\\/#\\\/schema\\\/person\\\/4e51799071cd2dd1232ac003643ef5f0\",\"name\":\"galledia\",\"image\":{\"@type\":\"ImageObject\",\"inLanguage\":\"en-US\",\"@id\":\"https:\\\/\\\/secure.gravatar.com\\\/avatar\\\/78a7f90c01fc2bfc875782a0d4922b37cde2cf184ce347b91316d23cd7f69a36?s=96&d=mm&r=g\",\"url\":\"https:\\\/\\\/secure.gravatar.com\\\/avatar\\\/78a7f90c01fc2bfc875782a0d4922b37cde2cf184ce347b91316d23cd7f69a36?s=96&d=mm&r=g\",\"contentUrl\":\"https:\\\/\\\/secure.gravatar.com\\\/avatar\\\/78a7f90c01fc2bfc875782a0d4922b37cde2cf184ce347b91316d23cd7f69a36?s=96&d=mm&r=g\",\"caption\":\"galledia\"},\"sameAs\":[\"https:\\\/\\\/x.com\\\/admin\"],\"url\":\"https:\\\/\\\/www.organisator.ch\\\/en\\\/author\\\/galledia\\\/\"}]}<\/script>\n<!-- \/ Yoast SEO plugin. -->","yoast_head_json":{"title":"\"I don't want to cloud creativity with control\" - organizer","description":"Katjes focuses on vegan products and creative advertising. Successful marketing strategy inspired by Carlo Ancelotti.","robots":{"index":"index","follow":"follow","max-snippet":"max-snippet:-1","max-image-preview":"max-image-preview:large","max-video-preview":"max-video-preview:-1"},"canonical":"https:\/\/www.organisator.ch\/en\/marketing\/2024-06-13\/ich-will-kreativitaet-nicht-durch-kontrolle-trueben\/","og_locale":"en_US","og_type":"article","og_title":"\u00abIch will Kreativit\u00e4t nicht durch Kontrolle tr\u00fcben\u00bb - Organisator","og_description":"Katjes setzt auf vegane Produkte und kreative Werbung. Erfolgreiche Marketingstrategie inspiriert von Carlo Ancelotti.","og_url":"https:\/\/www.organisator.ch\/en\/marketing\/2024-06-13\/ich-will-kreativitaet-nicht-durch-kontrolle-trueben\/","og_site_name":"Organisator","article_publisher":"https:\/\/www.facebook.com\/OrganisatorFachmagazin","article_published_time":"2024-06-13T14:41:29+00:00","article_modified_time":"2024-11-10T11:48:35+00:00","og_image":[{"width":961,"height":446,"url":"https:\/\/www.organisator.ch\/wp-content\/uploads\/2024\/06\/Werbewoche_Bild.jpg","type":"image\/jpeg"}],"author":"galledia","twitter_card":"summary_large_image","twitter_creator":"@admin","schema":{"@context":"https:\/\/schema.org","@graph":[{"@type":"Article","@id":"https:\/\/www.organisator.ch\/marketing\/2024-06-13\/ich-will-kreativitaet-nicht-durch-kontrolle-trueben\/#article","isPartOf":{"@id":"https:\/\/www.organisator.ch\/marketing\/2024-06-13\/ich-will-kreativitaet-nicht-durch-kontrolle-trueben\/"},"author":{"name":"galledia","@id":"https:\/\/www.organisator.ch\/#\/schema\/person\/4e51799071cd2dd1232ac003643ef5f0"},"headline":"\u00abIch will Kreativit\u00e4t nicht durch Kontrolle tr\u00fcben\u00bb","datePublished":"2024-06-13T14:41:29+00:00","dateModified":"2024-11-10T11:48:35+00:00","mainEntityOfPage":{"@id":"https:\/\/www.organisator.ch\/marketing\/2024-06-13\/ich-will-kreativitaet-nicht-durch-kontrolle-trueben\/"},"wordCount":306,"publisher":{"@id":"https:\/\/www.organisator.ch\/#organization"},"image":{"@id":"https:\/\/www.organisator.ch\/marketing\/2024-06-13\/ich-will-kreativitaet-nicht-durch-kontrolle-trueben\/#primaryimage"},"thumbnailUrl":"https:\/\/www.organisator.ch\/wp-content\/uploads\/2024\/06\/Werbewoche_Bild.jpg","keywords":["Katjes","Kreativit\u00e4t","Markenf\u00fchrung","Marketing","Schweizer Markenkongress"],"articleSection":["MARKETING"],"inLanguage":"en-US"},{"@type":"WebPage","@id":"https:\/\/www.organisator.ch\/marketing\/2024-06-13\/ich-will-kreativitaet-nicht-durch-kontrolle-trueben\/","url":"https:\/\/www.organisator.ch\/marketing\/2024-06-13\/ich-will-kreativitaet-nicht-durch-kontrolle-trueben\/","name":"\"I don't want to cloud creativity with control\" - organizer","isPartOf":{"@id":"https:\/\/www.organisator.ch\/#website"},"primaryImageOfPage":{"@id":"https:\/\/www.organisator.ch\/marketing\/2024-06-13\/ich-will-kreativitaet-nicht-durch-kontrolle-trueben\/#primaryimage"},"image":{"@id":"https:\/\/www.organisator.ch\/marketing\/2024-06-13\/ich-will-kreativitaet-nicht-durch-kontrolle-trueben\/#primaryimage"},"thumbnailUrl":"https:\/\/www.organisator.ch\/wp-content\/uploads\/2024\/06\/Werbewoche_Bild.jpg","datePublished":"2024-06-13T14:41:29+00:00","dateModified":"2024-11-10T11:48:35+00:00","description":"Katjes focuses on vegan products and creative advertising. Successful marketing strategy inspired by Carlo Ancelotti.","breadcrumb":{"@id":"https:\/\/www.organisator.ch\/marketing\/2024-06-13\/ich-will-kreativitaet-nicht-durch-kontrolle-trueben\/#breadcrumb"},"inLanguage":"en-US","potentialAction":[{"@type":"ReadAction","target":["https:\/\/www.organisator.ch\/marketing\/2024-06-13\/ich-will-kreativitaet-nicht-durch-kontrolle-trueben\/"]}]},{"@type":"ImageObject","inLanguage":"en-US","@id":"https:\/\/www.organisator.ch\/marketing\/2024-06-13\/ich-will-kreativitaet-nicht-durch-kontrolle-trueben\/#primaryimage","url":"https:\/\/www.organisator.ch\/wp-content\/uploads\/2024\/06\/Werbewoche_Bild.jpg","contentUrl":"https:\/\/www.organisator.ch\/wp-content\/uploads\/2024\/06\/Werbewoche_Bild.jpg","width":961,"height":446},{"@type":"BreadcrumbList","@id":"https:\/\/www.organisator.ch\/marketing\/2024-06-13\/ich-will-kreativitaet-nicht-durch-kontrolle-trueben\/#breadcrumb","itemListElement":[{"@type":"ListItem","position":1,"name":"Home","item":"https:\/\/www.organisator.ch\/"},{"@type":"ListItem","position":2,"name":"\u00abIch will Kreativit\u00e4t nicht durch Kontrolle tr\u00fcben\u00bb"}]},{"@type":"WebSite","@id":"https:\/\/www.organisator.ch\/#website","url":"https:\/\/www.organisator.ch\/","name":"Organizer","description":"Competent. Practical. In 10 issues per year, ORGANISATOR presents the essential topics for managers of SMEs.","publisher":{"@id":"https:\/\/www.organisator.ch\/#organization"},"potentialAction":[{"@type":"SearchAction","target":{"@type":"EntryPoint","urlTemplate":"https:\/\/www.organisator.ch\/?s={search_term_string}"},"query-input":{"@type":"PropertyValueSpecification","valueRequired":true,"valueName":"search_term_string"}}],"inLanguage":"en-US"},{"@type":"Organization","@id":"https:\/\/www.organisator.ch\/#organization","name":"Organizer","url":"https:\/\/www.organisator.ch\/","logo":{"@type":"ImageObject","inLanguage":"en-US","@id":"https:\/\/www.organisator.ch\/#\/schema\/logo\/image\/","url":"https:\/\/www.organisator.ch\/wp-content\/uploads\/2022\/01\/Logo_Organisator_Website.png","contentUrl":"https:\/\/www.organisator.ch\/wp-content\/uploads\/2022\/01\/Logo_Organisator_Website.png","width":800,"height":77,"caption":"Organisator"},"image":{"@id":"https:\/\/www.organisator.ch\/#\/schema\/logo\/image\/"},"sameAs":["https:\/\/www.facebook.com\/OrganisatorFachmagazin","https:\/\/www.linkedin.com\/showcase\/organisator-das-magazin-fr-kmu","https:\/\/www.xing.com\/news\/pages\/organisator-ch-695","https:\/\/www.youtube.com\/channel\/UCGP2Sq0iWaZwT3BdIAQFYpw"]},{"@type":"Person","@id":"https:\/\/www.organisator.ch\/#\/schema\/person\/4e51799071cd2dd1232ac003643ef5f0","name":"galledia","image":{"@type":"ImageObject","inLanguage":"en-US","@id":"https:\/\/secure.gravatar.com\/avatar\/78a7f90c01fc2bfc875782a0d4922b37cde2cf184ce347b91316d23cd7f69a36?s=96&d=mm&r=g","url":"https:\/\/secure.gravatar.com\/avatar\/78a7f90c01fc2bfc875782a0d4922b37cde2cf184ce347b91316d23cd7f69a36?s=96&d=mm&r=g","contentUrl":"https:\/\/secure.gravatar.com\/avatar\/78a7f90c01fc2bfc875782a0d4922b37cde2cf184ce347b91316d23cd7f69a36?s=96&d=mm&r=g","caption":"galledia"},"sameAs":["https:\/\/x.com\/admin"],"url":"https:\/\/www.organisator.ch\/en\/author\/galledia\/"}]}},"_links":{"self":[{"href":"https:\/\/www.organisator.ch\/en\/wp-json\/wp\/v2\/posts\/27713","targetHints":{"allow":["GET"]}}],"collection":[{"href":"https:\/\/www.organisator.ch\/en\/wp-json\/wp\/v2\/posts"}],"about":[{"href":"https:\/\/www.organisator.ch\/en\/wp-json\/wp\/v2\/types\/post"}],"author":[{"embeddable":true,"href":"https:\/\/www.organisator.ch\/en\/wp-json\/wp\/v2\/users\/8"}],"replies":[{"embeddable":true,"href":"https:\/\/www.organisator.ch\/en\/wp-json\/wp\/v2\/comments?post=27713"}],"version-history":[{"count":6,"href":"https:\/\/www.organisator.ch\/en\/wp-json\/wp\/v2\/posts\/27713\/revisions"}],"predecessor-version":[{"id":32190,"href":"https:\/\/www.organisator.ch\/en\/wp-json\/wp\/v2\/posts\/27713\/revisions\/32190"}],"wp:featuredmedia":[{"embeddable":true,"href":"https:\/\/www.organisator.ch\/en\/wp-json\/wp\/v2\/media\/27716"}],"wp:attachment":[{"href":"https:\/\/www.organisator.ch\/en\/wp-json\/wp\/v2\/media?parent=27713"}],"wp:term":[{"taxonomy":"category","embeddable":true,"href":"https:\/\/www.organisator.ch\/en\/wp-json\/wp\/v2\/categories?post=27713"},{"taxonomy":"post_tag","embeddable":true,"href":"https:\/\/www.organisator.ch\/en\/wp-json\/wp\/v2\/tags?post=27713"}],"curies":[{"name":"wp","href":"https:\/\/api.w.org\/{rel}","templated":true}]}}