{"id":27726,"date":"2024-06-14T13:55:08","date_gmt":"2024-06-14T11:55:08","guid":{"rendered":"https:\/\/www.organisator.ch\/?p=27726"},"modified":"2024-06-14T13:55:08","modified_gmt":"2024-06-14T11:55:08","slug":"suva-tiefere-praemien-fuer-2025-und-chf-730-mio-rueckerstattung","status":"publish","type":"post","link":"https:\/\/www.organisator.ch\/en\/operational-excellence\/2024-06-14\/suva-tiefere-praemien-fuer-2025-und-chf-730-mio-rueckerstattung\/","title":{"rendered":"Suva: Lower premiums for 2025 and CHF 730 million reimbursement"},"content":{"rendered":"<div>\n<figure id=\"attachment_27727\" aria-describedby=\"caption-attachment-27727\" style=\"width: 680px\" class=\"wp-caption alignnone\"><img loading=\"lazy\" decoding=\"async\" class=\"size-full wp-image-27727\" src=\"https:\/\/www.organisator.ch\/wp-content\/uploads\/2024\/06\/Suva-Tiefere-Praemien-fuer-2025-und-CHF-730-Mio.-Rueckerstattung_Organisator.png\" alt=\"\" width=\"680\" height=\"299\" srcset=\"https:\/\/www.organisator.ch\/wp-content\/uploads\/2024\/06\/Suva-Tiefere-Praemien-fuer-2025-und-CHF-730-Mio.-Rueckerstattung_Organisator.png 680w, https:\/\/www.organisator.ch\/wp-content\/uploads\/2024\/06\/Suva-Tiefere-Praemien-fuer-2025-und-CHF-730-Mio.-Rueckerstattung_Organisator-18x8.png 18w, https:\/\/www.organisator.ch\/wp-content\/uploads\/2024\/06\/Suva-Tiefere-Praemien-fuer-2025-und-CHF-730-Mio.-Rueckerstattung_Organisator-375x165.png 375w\" sizes=\"auto, (max-width: 680px) 100vw, 680px\" \/><figcaption id=\"caption-attachment-27727\" class=\"wp-caption-text\">Can once again announce lower premiums: Hubert Niggli, Gabriele Gendotti and Felix Weber from Suva (from left to right). (Image: Suva)<\/figcaption><\/figure><\/p>\n<p>At the annual media conference for the 2023 financial year, Suva reported a positive overall result of CHF 309 million. Suva's financial situation therefore remains solid and all insurance branches are financially balanced, Suva announced. The good stock market year 2023 in particular contributed to the pleasing financial situation; the investment result amounted to 4.8 percent (previous year -8.1 percent).<\/p>\n<\/div>\n<h3 id=\"anchor-07A1776A-9402-4282-A599-C16E89D4D878\" class=\"h3 sch-h3\">Occupational accident risk continues to fall - serious accidents on the decline<\/h3>\n<div>\n<p>In 2023, Suva registered around 495,000 accidents and occupational illnesses. The difference compared to the previous year is small, with an increase of 0.3%. The accident risk - i.e. the number of newly registered accidents per 1,000 insured persons - follows the long-term trend: in occupational accident insurance, the accident risk has fallen by 10 percent within ten years and stood at 79 accidents per 1,000 insured persons in the reporting year. Work in Suva-insured companies has thus become significantly safer, according to the report. The risk of serious accidents resulting in disability or death has also fallen significantly over the last 10 years. In non-occupational accident insurance, the risk of accidents has remained stable at 127 accidents per 1000 insured persons over the last ten years.\u00a0<\/p>\n<\/div>\n<h3 id=\"anchor-1665CB38-8EEB-4819-ADA5-4143A7DF6549\" class=\"h3 sch-h3\">Lower premiums again for 2025<\/h3>\n<div>\n<p>As the accident risk continues to fall and the underwriting result is positive, net premiums in occupational accident insurance can be reduced again, by 4%. In non-occupational accident insurance, there will be a reduction of around 5 percent. Due to the solid financial situation, the Suva Council has decided to continue the reimbursement of capital gains surpluses from previous years. For 2025, this means a further premium reduction of 20% of net premiums in both occupational and non-occupational accident insurance, which corresponds to a refund of around CHF 730 million to insured persons. The continuation of the reimbursement of capital gains surpluses in combination with the reduction in net premiums, particularly in occupational accident insurance, will once again result in the lowest total premium burden for insured persons since the introduction of the UVG in 1984.\u00a0<\/p>\n<p><em>Source: <a href=\"http:\/\/www.suva.ch\">Suva<\/a><\/em><\/p>\n<\/div>","protected":false},"excerpt":{"rendered":"<p>Suva has generated a positive operating result of CHF 309 million for 2023. Premiums for 2025 can be reduced again. In addition, the reimbursement of capital gains surpluses will reduce the burden on Switzerland as a workplace by a further CHF 730 million. <\/p>","protected":false},"author":4,"featured_media":27727,"comment_status":"closed","ping_status":"closed","sticky":false,"template":"","format":"standard","meta":{"_acf_changed":false,"_yoast_wpseo_focuskw":"Tiefere Pr\u00e4mien","_yoast_wpseo_metadesc":"Die Suva hat f\u00fcr das Jahr 2023 ein positives Gesch\u00e4ftsergebnis erwirtschaftet. Die solide Finanzlage sorgt f\u00fcr tiefere Pr\u00e4mien f\u00fcr 2025.","articlekey":"","footnotes":""},"categories":[582],"tags":[236,463,511],"class_list":["post-27726","post","type-post","status-publish","format-standard","has-post-thumbnail","hentry","category-operational-excellence","tag-geschaeftsbericht","tag-suva","tag-versicherungen"],"acf":[],"yoast_head":"<!-- This site is optimized with the Yoast SEO plugin v27.5 - https:\/\/yoast.com\/product\/yoast-seo-wordpress\/ -->\n<title>Suva: Tiefere Pr\u00e4mien f\u00fcr 2025 und CHF 730 Mio. R\u00fcckerstattung - Organisator<\/title>\n<meta name=\"description\" content=\"Die Suva hat f\u00fcr das Jahr 2023 ein positives Gesch\u00e4ftsergebnis erwirtschaftet. Die solide Finanzlage sorgt f\u00fcr tiefere Pr\u00e4mien f\u00fcr 2025.\" \/>\n<meta name=\"robots\" content=\"index, follow, max-snippet:-1, max-image-preview:large, max-video-preview:-1\" \/>\n<link rel=\"canonical\" href=\"https:\/\/www.organisator.ch\/en\/operational-excellence\/2024-06-14\/suva-tiefere-praemien-fuer-2025-und-chf-730-mio-rueckerstattung\/\" \/>\n<meta property=\"og:locale\" content=\"en_US\" \/>\n<meta property=\"og:type\" content=\"article\" \/>\n<meta property=\"og:title\" content=\"Suva: Tiefere Pr\u00e4mien f\u00fcr 2025 und CHF 730 Mio. R\u00fcckerstattung\" \/>\n<meta property=\"og:description\" content=\"Die Suva hat f\u00fcr das Jahr 2023 ein positives Gesch\u00e4ftsergebnis erwirtschaftet. Die solide Finanzlage sorgt f\u00fcr tiefere Pr\u00e4mien f\u00fcr 2025.\" \/>\n<meta property=\"og:url\" content=\"https:\/\/www.organisator.ch\/en\/operational-excellence\/2024-06-14\/suva-tiefere-praemien-fuer-2025-und-chf-730-mio-rueckerstattung\/\" \/>\n<meta property=\"og:site_name\" content=\"Organisator\" \/>\n<meta property=\"article:publisher\" content=\"https:\/\/www.facebook.com\/OrganisatorFachmagazin\" \/>\n<meta property=\"article:published_time\" content=\"2024-06-14T11:55:08+00:00\" \/>\n<meta property=\"og:image\" content=\"https:\/\/www.organisator.ch\/wp-content\/uploads\/2024\/06\/Suva-Tiefere-Praemien-fuer-2025-und-CHF-730-Mio.-Rueckerstattung_Organisator.png\" \/>\n\t<meta property=\"og:image:width\" content=\"680\" \/>\n\t<meta property=\"og:image:height\" content=\"299\" \/>\n\t<meta property=\"og:image:type\" content=\"image\/png\" \/>\n<meta name=\"author\" content=\"thomas.berner\" \/>\n<meta name=\"twitter:card\" content=\"summary_large_image\" \/>\n<meta name=\"twitter:title\" content=\"#Suva: Tiefere Pr\u00e4mien f\u00fcr 2025 und CHF 730 Mio. #R\u00fcckerstattung\" \/>\n<meta name=\"twitter:description\" content=\"Die #Suva hat f\u00fcr das Jahr 2023 ein positives #Gesch\u00e4ftsergebnis erwirtschaftet. Die solide #Finanzlage sorgt f\u00fcr tiefere Pr\u00e4mien f\u00fcr 2025.\" \/>\n<meta name=\"twitter:image\" content=\"https:\/\/www.organisator.ch\/wp-content\/uploads\/2024\/06\/Suva-Tiefere-Praemien-fuer-2025-und-CHF-730-Mio.-Rueckerstattung_Organisator.png\" \/>\n<script type=\"application\/ld+json\" class=\"yoast-schema-graph\">{\"@context\":\"https:\\\/\\\/schema.org\",\"@graph\":[{\"@type\":\"Article\",\"@id\":\"https:\\\/\\\/www.organisator.ch\\\/operational-excellence\\\/2024-06-14\\\/suva-tiefere-praemien-fuer-2025-und-chf-730-mio-rueckerstattung\\\/#article\",\"isPartOf\":{\"@id\":\"https:\\\/\\\/www.organisator.ch\\\/operational-excellence\\\/2024-06-14\\\/suva-tiefere-praemien-fuer-2025-und-chf-730-mio-rueckerstattung\\\/\"},\"author\":{\"name\":\"thomas.berner\",\"@id\":\"https:\\\/\\\/www.organisator.ch\\\/#\\\/schema\\\/person\\\/6f650f90b2842cd4c0cc334b4e36f67e\"},\"headline\":\"Suva: Tiefere Pr\u00e4mien f\u00fcr 2025 und CHF 730 Mio. R\u00fcckerstattung\",\"datePublished\":\"2024-06-14T11:55:08+00:00\",\"mainEntityOfPage\":{\"@id\":\"https:\\\/\\\/www.organisator.ch\\\/operational-excellence\\\/2024-06-14\\\/suva-tiefere-praemien-fuer-2025-und-chf-730-mio-rueckerstattung\\\/\"},\"wordCount\":350,\"publisher\":{\"@id\":\"https:\\\/\\\/www.organisator.ch\\\/#organization\"},\"image\":{\"@id\":\"https:\\\/\\\/www.organisator.ch\\\/operational-excellence\\\/2024-06-14\\\/suva-tiefere-praemien-fuer-2025-und-chf-730-mio-rueckerstattung\\\/#primaryimage\"},\"thumbnailUrl\":\"https:\\\/\\\/www.organisator.ch\\\/wp-content\\\/uploads\\\/2024\\\/06\\\/Suva-Tiefere-Praemien-fuer-2025-und-CHF-730-Mio.-Rueckerstattung_Organisator.png\",\"keywords\":[\"Gesch\u00e4ftsbericht\",\"SUVA\",\"Versicherungen\"],\"articleSection\":[\"OPERATIONAL EXCELLENCE\"],\"inLanguage\":\"en-US\"},{\"@type\":\"WebPage\",\"@id\":\"https:\\\/\\\/www.organisator.ch\\\/operational-excellence\\\/2024-06-14\\\/suva-tiefere-praemien-fuer-2025-und-chf-730-mio-rueckerstattung\\\/\",\"url\":\"https:\\\/\\\/www.organisator.ch\\\/operational-excellence\\\/2024-06-14\\\/suva-tiefere-praemien-fuer-2025-und-chf-730-mio-rueckerstattung\\\/\",\"name\":\"Suva: Tiefere Pr\u00e4mien f\u00fcr 2025 und CHF 730 Mio. R\u00fcckerstattung - Organisator\",\"isPartOf\":{\"@id\":\"https:\\\/\\\/www.organisator.ch\\\/#website\"},\"primaryImageOfPage\":{\"@id\":\"https:\\\/\\\/www.organisator.ch\\\/operational-excellence\\\/2024-06-14\\\/suva-tiefere-praemien-fuer-2025-und-chf-730-mio-rueckerstattung\\\/#primaryimage\"},\"image\":{\"@id\":\"https:\\\/\\\/www.organisator.ch\\\/operational-excellence\\\/2024-06-14\\\/suva-tiefere-praemien-fuer-2025-und-chf-730-mio-rueckerstattung\\\/#primaryimage\"},\"thumbnailUrl\":\"https:\\\/\\\/www.organisator.ch\\\/wp-content\\\/uploads\\\/2024\\\/06\\\/Suva-Tiefere-Praemien-fuer-2025-und-CHF-730-Mio.-Rueckerstattung_Organisator.png\",\"datePublished\":\"2024-06-14T11:55:08+00:00\",\"description\":\"Die Suva hat f\u00fcr das Jahr 2023 ein positives Gesch\u00e4ftsergebnis erwirtschaftet. Die solide Finanzlage sorgt f\u00fcr tiefere Pr\u00e4mien f\u00fcr 2025.\",\"breadcrumb\":{\"@id\":\"https:\\\/\\\/www.organisator.ch\\\/operational-excellence\\\/2024-06-14\\\/suva-tiefere-praemien-fuer-2025-und-chf-730-mio-rueckerstattung\\\/#breadcrumb\"},\"inLanguage\":\"en-US\",\"potentialAction\":[{\"@type\":\"ReadAction\",\"target\":[\"https:\\\/\\\/www.organisator.ch\\\/operational-excellence\\\/2024-06-14\\\/suva-tiefere-praemien-fuer-2025-und-chf-730-mio-rueckerstattung\\\/\"]}]},{\"@type\":\"ImageObject\",\"inLanguage\":\"en-US\",\"@id\":\"https:\\\/\\\/www.organisator.ch\\\/operational-excellence\\\/2024-06-14\\\/suva-tiefere-praemien-fuer-2025-und-chf-730-mio-rueckerstattung\\\/#primaryimage\",\"url\":\"https:\\\/\\\/www.organisator.ch\\\/wp-content\\\/uploads\\\/2024\\\/06\\\/Suva-Tiefere-Praemien-fuer-2025-und-CHF-730-Mio.-Rueckerstattung_Organisator.png\",\"contentUrl\":\"https:\\\/\\\/www.organisator.ch\\\/wp-content\\\/uploads\\\/2024\\\/06\\\/Suva-Tiefere-Praemien-fuer-2025-und-CHF-730-Mio.-Rueckerstattung_Organisator.png\",\"width\":680,\"height\":299,\"caption\":\"K\u00f6nnen erneut tiefere Pr\u00e4mien verk\u00fcnden: Hubert Niggli, Gabriele Gendotti und Felix Weber von der Suva (v.l.n.r.). (Bild: Suva)\"},{\"@type\":\"BreadcrumbList\",\"@id\":\"https:\\\/\\\/www.organisator.ch\\\/operational-excellence\\\/2024-06-14\\\/suva-tiefere-praemien-fuer-2025-und-chf-730-mio-rueckerstattung\\\/#breadcrumb\",\"itemListElement\":[{\"@type\":\"ListItem\",\"position\":1,\"name\":\"Home\",\"item\":\"https:\\\/\\\/www.organisator.ch\\\/\"},{\"@type\":\"ListItem\",\"position\":2,\"name\":\"Suva: Tiefere Pr\u00e4mien f\u00fcr 2025 und CHF 730 Mio. R\u00fcckerstattung\"}]},{\"@type\":\"WebSite\",\"@id\":\"https:\\\/\\\/www.organisator.ch\\\/#website\",\"url\":\"https:\\\/\\\/www.organisator.ch\\\/\",\"name\":\"Organisator\",\"description\":\"Kompetent. Praxisnah. Der ORGANISATOR bereitet in 10 Ausgaben pro Jahr die wesentlichen Themen f\u00fcr F\u00fchrungskr\u00e4fte von KMU auf.\",\"publisher\":{\"@id\":\"https:\\\/\\\/www.organisator.ch\\\/#organization\"},\"potentialAction\":[{\"@type\":\"SearchAction\",\"target\":{\"@type\":\"EntryPoint\",\"urlTemplate\":\"https:\\\/\\\/www.organisator.ch\\\/?s={search_term_string}\"},\"query-input\":{\"@type\":\"PropertyValueSpecification\",\"valueRequired\":true,\"valueName\":\"search_term_string\"}}],\"inLanguage\":\"en-US\"},{\"@type\":\"Organization\",\"@id\":\"https:\\\/\\\/www.organisator.ch\\\/#organization\",\"name\":\"Organisator\",\"url\":\"https:\\\/\\\/www.organisator.ch\\\/\",\"logo\":{\"@type\":\"ImageObject\",\"inLanguage\":\"en-US\",\"@id\":\"https:\\\/\\\/www.organisator.ch\\\/#\\\/schema\\\/logo\\\/image\\\/\",\"url\":\"https:\\\/\\\/www.organisator.ch\\\/wp-content\\\/uploads\\\/2022\\\/01\\\/Logo_Organisator_Website.png\",\"contentUrl\":\"https:\\\/\\\/www.organisator.ch\\\/wp-content\\\/uploads\\\/2022\\\/01\\\/Logo_Organisator_Website.png\",\"width\":800,\"height\":77,\"caption\":\"Organisator\"},\"image\":{\"@id\":\"https:\\\/\\\/www.organisator.ch\\\/#\\\/schema\\\/logo\\\/image\\\/\"},\"sameAs\":[\"https:\\\/\\\/www.facebook.com\\\/OrganisatorFachmagazin\",\"https:\\\/\\\/www.linkedin.com\\\/showcase\\\/organisator-das-magazin-fr-kmu\",\"https:\\\/\\\/www.xing.com\\\/news\\\/pages\\\/organisator-ch-695\",\"https:\\\/\\\/www.youtube.com\\\/channel\\\/UCGP2Sq0iWaZwT3BdIAQFYpw\"]},{\"@type\":\"Person\",\"@id\":\"https:\\\/\\\/www.organisator.ch\\\/#\\\/schema\\\/person\\\/6f650f90b2842cd4c0cc334b4e36f67e\",\"name\":\"thomas.berner\",\"image\":{\"@type\":\"ImageObject\",\"inLanguage\":\"en-US\",\"@id\":\"https:\\\/\\\/secure.gravatar.com\\\/avatar\\\/ac5001d2a36cb6c6cd3e50789007ffca834b477b74a2144564522e944eabff61?s=96&d=mm&r=g\",\"url\":\"https:\\\/\\\/secure.gravatar.com\\\/avatar\\\/ac5001d2a36cb6c6cd3e50789007ffca834b477b74a2144564522e944eabff61?s=96&d=mm&r=g\",\"contentUrl\":\"https:\\\/\\\/secure.gravatar.com\\\/avatar\\\/ac5001d2a36cb6c6cd3e50789007ffca834b477b74a2144564522e944eabff61?s=96&d=mm&r=g\",\"caption\":\"thomas.berner\"},\"url\":\"https:\\\/\\\/www.organisator.ch\\\/en\\\/author\\\/thomas-berner\\\/\"}]}<\/script>\n<!-- \/ Yoast SEO plugin. -->","yoast_head_json":{"title":"Suva: Lower premiums for 2025 and CHF 730 million reimbursement - organizer","description":"Suva has generated a positive business result for 2023. The solid financial position ensures lower premiums for 2025.","robots":{"index":"index","follow":"follow","max-snippet":"max-snippet:-1","max-image-preview":"max-image-preview:large","max-video-preview":"max-video-preview:-1"},"canonical":"https:\/\/www.organisator.ch\/en\/operational-excellence\/2024-06-14\/suva-tiefere-praemien-fuer-2025-und-chf-730-mio-rueckerstattung\/","og_locale":"en_US","og_type":"article","og_title":"Suva: Tiefere Pr\u00e4mien f\u00fcr 2025 und CHF 730 Mio. R\u00fcckerstattung","og_description":"Die Suva hat f\u00fcr das Jahr 2023 ein positives Gesch\u00e4ftsergebnis erwirtschaftet. Die solide Finanzlage sorgt f\u00fcr tiefere Pr\u00e4mien f\u00fcr 2025.","og_url":"https:\/\/www.organisator.ch\/en\/operational-excellence\/2024-06-14\/suva-tiefere-praemien-fuer-2025-und-chf-730-mio-rueckerstattung\/","og_site_name":"Organisator","article_publisher":"https:\/\/www.facebook.com\/OrganisatorFachmagazin","article_published_time":"2024-06-14T11:55:08+00:00","og_image":[{"width":680,"height":299,"url":"https:\/\/www.organisator.ch\/wp-content\/uploads\/2024\/06\/Suva-Tiefere-Praemien-fuer-2025-und-CHF-730-Mio.-Rueckerstattung_Organisator.png","type":"image\/png"}],"author":"thomas.berner","twitter_card":"summary_large_image","twitter_title":"#Suva: Tiefere Pr\u00e4mien f\u00fcr 2025 und CHF 730 Mio. #R\u00fcckerstattung","twitter_description":"Die #Suva hat f\u00fcr das Jahr 2023 ein positives #Gesch\u00e4ftsergebnis erwirtschaftet. Die solide #Finanzlage sorgt f\u00fcr tiefere Pr\u00e4mien f\u00fcr 2025.","twitter_image":"https:\/\/www.organisator.ch\/wp-content\/uploads\/2024\/06\/Suva-Tiefere-Praemien-fuer-2025-und-CHF-730-Mio.-Rueckerstattung_Organisator.png","schema":{"@context":"https:\/\/schema.org","@graph":[{"@type":"Article","@id":"https:\/\/www.organisator.ch\/operational-excellence\/2024-06-14\/suva-tiefere-praemien-fuer-2025-und-chf-730-mio-rueckerstattung\/#article","isPartOf":{"@id":"https:\/\/www.organisator.ch\/operational-excellence\/2024-06-14\/suva-tiefere-praemien-fuer-2025-und-chf-730-mio-rueckerstattung\/"},"author":{"name":"thomas.berner","@id":"https:\/\/www.organisator.ch\/#\/schema\/person\/6f650f90b2842cd4c0cc334b4e36f67e"},"headline":"Suva: Tiefere Pr\u00e4mien f\u00fcr 2025 und CHF 730 Mio. R\u00fcckerstattung","datePublished":"2024-06-14T11:55:08+00:00","mainEntityOfPage":{"@id":"https:\/\/www.organisator.ch\/operational-excellence\/2024-06-14\/suva-tiefere-praemien-fuer-2025-und-chf-730-mio-rueckerstattung\/"},"wordCount":350,"publisher":{"@id":"https:\/\/www.organisator.ch\/#organization"},"image":{"@id":"https:\/\/www.organisator.ch\/operational-excellence\/2024-06-14\/suva-tiefere-praemien-fuer-2025-und-chf-730-mio-rueckerstattung\/#primaryimage"},"thumbnailUrl":"https:\/\/www.organisator.ch\/wp-content\/uploads\/2024\/06\/Suva-Tiefere-Praemien-fuer-2025-und-CHF-730-Mio.-Rueckerstattung_Organisator.png","keywords":["Gesch\u00e4ftsbericht","SUVA","Versicherungen"],"articleSection":["OPERATIONAL EXCELLENCE"],"inLanguage":"en-US"},{"@type":"WebPage","@id":"https:\/\/www.organisator.ch\/operational-excellence\/2024-06-14\/suva-tiefere-praemien-fuer-2025-und-chf-730-mio-rueckerstattung\/","url":"https:\/\/www.organisator.ch\/operational-excellence\/2024-06-14\/suva-tiefere-praemien-fuer-2025-und-chf-730-mio-rueckerstattung\/","name":"Suva: Lower premiums for 2025 and CHF 730 million reimbursement - organizer","isPartOf":{"@id":"https:\/\/www.organisator.ch\/#website"},"primaryImageOfPage":{"@id":"https:\/\/www.organisator.ch\/operational-excellence\/2024-06-14\/suva-tiefere-praemien-fuer-2025-und-chf-730-mio-rueckerstattung\/#primaryimage"},"image":{"@id":"https:\/\/www.organisator.ch\/operational-excellence\/2024-06-14\/suva-tiefere-praemien-fuer-2025-und-chf-730-mio-rueckerstattung\/#primaryimage"},"thumbnailUrl":"https:\/\/www.organisator.ch\/wp-content\/uploads\/2024\/06\/Suva-Tiefere-Praemien-fuer-2025-und-CHF-730-Mio.-Rueckerstattung_Organisator.png","datePublished":"2024-06-14T11:55:08+00:00","description":"Suva has generated a positive business result for 2023. The solid financial position ensures lower premiums for 2025.","breadcrumb":{"@id":"https:\/\/www.organisator.ch\/operational-excellence\/2024-06-14\/suva-tiefere-praemien-fuer-2025-und-chf-730-mio-rueckerstattung\/#breadcrumb"},"inLanguage":"en-US","potentialAction":[{"@type":"ReadAction","target":["https:\/\/www.organisator.ch\/operational-excellence\/2024-06-14\/suva-tiefere-praemien-fuer-2025-und-chf-730-mio-rueckerstattung\/"]}]},{"@type":"ImageObject","inLanguage":"en-US","@id":"https:\/\/www.organisator.ch\/operational-excellence\/2024-06-14\/suva-tiefere-praemien-fuer-2025-und-chf-730-mio-rueckerstattung\/#primaryimage","url":"https:\/\/www.organisator.ch\/wp-content\/uploads\/2024\/06\/Suva-Tiefere-Praemien-fuer-2025-und-CHF-730-Mio.-Rueckerstattung_Organisator.png","contentUrl":"https:\/\/www.organisator.ch\/wp-content\/uploads\/2024\/06\/Suva-Tiefere-Praemien-fuer-2025-und-CHF-730-Mio.-Rueckerstattung_Organisator.png","width":680,"height":299,"caption":"K\u00f6nnen erneut tiefere Pr\u00e4mien verk\u00fcnden: Hubert Niggli, Gabriele Gendotti und Felix Weber von der Suva (v.l.n.r.). (Bild: Suva)"},{"@type":"BreadcrumbList","@id":"https:\/\/www.organisator.ch\/operational-excellence\/2024-06-14\/suva-tiefere-praemien-fuer-2025-und-chf-730-mio-rueckerstattung\/#breadcrumb","itemListElement":[{"@type":"ListItem","position":1,"name":"Home","item":"https:\/\/www.organisator.ch\/"},{"@type":"ListItem","position":2,"name":"Suva: Tiefere Pr\u00e4mien f\u00fcr 2025 und CHF 730 Mio. R\u00fcckerstattung"}]},{"@type":"WebSite","@id":"https:\/\/www.organisator.ch\/#website","url":"https:\/\/www.organisator.ch\/","name":"Organizer","description":"Competent. Practical. In 10 issues per year, ORGANISATOR presents the essential topics for managers of SMEs.","publisher":{"@id":"https:\/\/www.organisator.ch\/#organization"},"potentialAction":[{"@type":"SearchAction","target":{"@type":"EntryPoint","urlTemplate":"https:\/\/www.organisator.ch\/?s={search_term_string}"},"query-input":{"@type":"PropertyValueSpecification","valueRequired":true,"valueName":"search_term_string"}}],"inLanguage":"en-US"},{"@type":"Organization","@id":"https:\/\/www.organisator.ch\/#organization","name":"Organizer","url":"https:\/\/www.organisator.ch\/","logo":{"@type":"ImageObject","inLanguage":"en-US","@id":"https:\/\/www.organisator.ch\/#\/schema\/logo\/image\/","url":"https:\/\/www.organisator.ch\/wp-content\/uploads\/2022\/01\/Logo_Organisator_Website.png","contentUrl":"https:\/\/www.organisator.ch\/wp-content\/uploads\/2022\/01\/Logo_Organisator_Website.png","width":800,"height":77,"caption":"Organisator"},"image":{"@id":"https:\/\/www.organisator.ch\/#\/schema\/logo\/image\/"},"sameAs":["https:\/\/www.facebook.com\/OrganisatorFachmagazin","https:\/\/www.linkedin.com\/showcase\/organisator-das-magazin-fr-kmu","https:\/\/www.xing.com\/news\/pages\/organisator-ch-695","https:\/\/www.youtube.com\/channel\/UCGP2Sq0iWaZwT3BdIAQFYpw"]},{"@type":"Person","@id":"https:\/\/www.organisator.ch\/#\/schema\/person\/6f650f90b2842cd4c0cc334b4e36f67e","name":"thomas.berner","image":{"@type":"ImageObject","inLanguage":"en-US","@id":"https:\/\/secure.gravatar.com\/avatar\/ac5001d2a36cb6c6cd3e50789007ffca834b477b74a2144564522e944eabff61?s=96&d=mm&r=g","url":"https:\/\/secure.gravatar.com\/avatar\/ac5001d2a36cb6c6cd3e50789007ffca834b477b74a2144564522e944eabff61?s=96&d=mm&r=g","contentUrl":"https:\/\/secure.gravatar.com\/avatar\/ac5001d2a36cb6c6cd3e50789007ffca834b477b74a2144564522e944eabff61?s=96&d=mm&r=g","caption":"thomas.berner"},"url":"https:\/\/www.organisator.ch\/en\/author\/thomas-berner\/"}]}},"_links":{"self":[{"href":"https:\/\/www.organisator.ch\/en\/wp-json\/wp\/v2\/posts\/27726","targetHints":{"allow":["GET"]}}],"collection":[{"href":"https:\/\/www.organisator.ch\/en\/wp-json\/wp\/v2\/posts"}],"about":[{"href":"https:\/\/www.organisator.ch\/en\/wp-json\/wp\/v2\/types\/post"}],"author":[{"embeddable":true,"href":"https:\/\/www.organisator.ch\/en\/wp-json\/wp\/v2\/users\/4"}],"replies":[{"embeddable":true,"href":"https:\/\/www.organisator.ch\/en\/wp-json\/wp\/v2\/comments?post=27726"}],"version-history":[{"count":4,"href":"https:\/\/www.organisator.ch\/en\/wp-json\/wp\/v2\/posts\/27726\/revisions"}],"predecessor-version":[{"id":27744,"href":"https:\/\/www.organisator.ch\/en\/wp-json\/wp\/v2\/posts\/27726\/revisions\/27744"}],"wp:featuredmedia":[{"embeddable":true,"href":"https:\/\/www.organisator.ch\/en\/wp-json\/wp\/v2\/media\/27727"}],"wp:attachment":[{"href":"https:\/\/www.organisator.ch\/en\/wp-json\/wp\/v2\/media?parent=27726"}],"wp:term":[{"taxonomy":"category","embeddable":true,"href":"https:\/\/www.organisator.ch\/en\/wp-json\/wp\/v2\/categories?post=27726"},{"taxonomy":"post_tag","embeddable":true,"href":"https:\/\/www.organisator.ch\/en\/wp-json\/wp\/v2\/tags?post=27726"}],"curies":[{"name":"wp","href":"https:\/\/api.w.org\/{rel}","templated":true}]}}