{"id":27886,"date":"2024-06-20T10:27:37","date_gmt":"2024-06-20T08:27:37","guid":{"rendered":"https:\/\/www.werbewoche.ch\/?p=216927"},"modified":"2024-11-10T09:54:08","modified_gmt":"2024-11-10T08:54:08","slug":"jim-jim-jugendliche-lesen-news-auf-social-media","status":"publish","type":"post","link":"https:\/\/www.organisator.ch\/en\/marketing\/2024-06-20\/jim-jim-jugendliche-lesen-news-auf-social-media\/","title":{"rendered":"Jim &amp; Jim: Young people read news on social media"},"content":{"rendered":"<p><img class=\"alignnone wp-image-216931 size-full\" src=\"https:\/\/www.werbewoche.ch\/wp-content\/uploads\/2024\/06\/Jim3.jpg\" alt=\"young generation \" width=\"1200\" height=\"675\" \/>The so-called hyperdigitalization confronts us with various challenges and opportunities. The younger generations, the so-called hyperconnected customers, were born into this era and are facing up to the ongoing changes. But what makes today's consumers tick and what basic behavioral patterns or needs must a brand pay attention to?<\/p>\r\n<p>A new study by Jim &amp; Jim and 20 Minuten provides answers. According to the study, the young generation seems to be going through life with a confident attitude, although this youthful optimism appears to be very superficial. Issues such as the current inflationary economic situation, expensive housing or the difficulty of securing financial security cause young people everyday stomach aches and fears about the future. More than half of the study participants stated that, in addition to personal development, work should primarily serve to secure their livelihood. Despite some factors that worry young Swiss people, the mood barometer appears to be more positive than that of their German and Austrian neighbors. The young people were also asked about sustainability:<\/p>\r\n<p><img class=\"alignnone size-full wp-image-216930\" src=\"https:\/\/www.werbewoche.ch\/wp-content\/uploads\/2024\/06\/Jim2-scaled.jpg\" alt=\"\" width=\"911\" height=\"1400\" \/><\/p>\r\n<h3>Instagram remains the most popular social media platform<\/h3>\r\n<p>The younger generation is increasingly consuming news via social media. Instagram is the absolute favorite with a share of 37% of all respondents, followed by the classic news apps with 22% and Snapchat with 15%. The uncomplicated consumption of content is a prerequisite. It can therefore be concluded that an omnipresence on social media platforms or other digital channels is expected nowadays. Although traditional formats such as newspapers or radio are consumed less frequently than social media, the young target group considers them to be more informative or more serious channels.<\/p>\r\n<p><img class=\"alignnone size-full wp-image-216929\" src=\"https:\/\/www.werbewoche.ch\/wp-content\/uploads\/2024\/06\/Jim-scaled.jpg\" alt=\"\" width=\"1048\" height=\"1400\" \/><\/p>","protected":false},"excerpt":{"rendered":"<p>Young people are familiar with digitalization from an early age. But what does this mean for brands - and how do they still reach Gen Z today? A new study by Jim &amp; Jim and 20 Minuten shows.<\/p>","protected":false},"author":8,"featured_media":0,"comment_status":"closed","ping_status":"closed","sticky":false,"template":"","format":"standard","meta":{"_acf_changed":false,"_yoast_wpseo_focuskw":"junge Generation","_yoast_wpseo_metadesc":"Studie: Junge Generation in Hyperdigitalisierung mit Herausforderungen. Instagram beliebteste Social-Media-Plattform.","articlekey":"","footnotes":""},"categories":[29],"tags":[3566,3429,341],"class_list":["post-27886","post","type-post","status-publish","format-standard","hentry","category-marketing","tag-gen-z","tag-jim-jim","tag-marktforschung"],"acf":[],"yoast_head":"<!-- This site is optimized with the Yoast SEO plugin v27.4 - https:\/\/yoast.com\/product\/yoast-seo-wordpress\/ -->\n<title>Jim &amp; Jim: Jugendliche lesen News auf Social Media - Organisator<\/title>\n<meta name=\"description\" content=\"Studie: Junge Generation in Hyperdigitalisierung mit Herausforderungen. Instagram beliebteste Social-Media-Plattform.\" \/>\n<meta name=\"robots\" content=\"index, follow, max-snippet:-1, max-image-preview:large, max-video-preview:-1\" \/>\n<link rel=\"canonical\" href=\"https:\/\/www.organisator.ch\/en\/marketing\/2024-06-20\/jim-jim-jugendliche-lesen-news-auf-social-media\/\" \/>\n<meta property=\"og:locale\" content=\"en_US\" \/>\n<meta property=\"og:type\" content=\"article\" \/>\n<meta property=\"og:title\" content=\"Jim &amp; Jim: Jugendliche lesen News auf Social Media - Organisator\" \/>\n<meta property=\"og:description\" content=\"Studie: Junge Generation in Hyperdigitalisierung mit Herausforderungen. Instagram beliebteste Social-Media-Plattform.\" \/>\n<meta property=\"og:url\" content=\"https:\/\/www.organisator.ch\/en\/marketing\/2024-06-20\/jim-jim-jugendliche-lesen-news-auf-social-media\/\" \/>\n<meta property=\"og:site_name\" content=\"Organisator\" \/>\n<meta property=\"article:publisher\" content=\"https:\/\/www.facebook.com\/OrganisatorFachmagazin\" \/>\n<meta property=\"article:published_time\" content=\"2024-06-20T08:27:37+00:00\" \/>\n<meta property=\"article:modified_time\" content=\"2024-11-10T08:54:08+00:00\" \/>\n<meta property=\"og:image\" content=\"https:\/\/www.werbewoche.ch\/wp-content\/uploads\/2024\/06\/Jim3.jpg\" \/>\n<meta name=\"author\" content=\"galledia\" \/>\n<meta name=\"twitter:card\" content=\"summary_large_image\" \/>\n<meta name=\"twitter:creator\" content=\"@admin\" \/>\n<script type=\"application\/ld+json\" class=\"yoast-schema-graph\">{\"@context\":\"https:\\\/\\\/schema.org\",\"@graph\":[{\"@type\":\"Article\",\"@id\":\"https:\\\/\\\/www.organisator.ch\\\/marketing\\\/2024-06-20\\\/jim-jim-jugendliche-lesen-news-auf-social-media\\\/#article\",\"isPartOf\":{\"@id\":\"https:\\\/\\\/www.organisator.ch\\\/marketing\\\/2024-06-20\\\/jim-jim-jugendliche-lesen-news-auf-social-media\\\/\"},\"author\":{\"name\":\"galledia\",\"@id\":\"https:\\\/\\\/www.organisator.ch\\\/#\\\/schema\\\/person\\\/4e51799071cd2dd1232ac003643ef5f0\"},\"headline\":\"Jim &amp; Jim: Jugendliche lesen News auf Social Media\",\"datePublished\":\"2024-06-20T08:27:37+00:00\",\"dateModified\":\"2024-11-10T08:54:08+00:00\",\"mainEntityOfPage\":{\"@id\":\"https:\\\/\\\/www.organisator.ch\\\/marketing\\\/2024-06-20\\\/jim-jim-jugendliche-lesen-news-auf-social-media\\\/\"},\"wordCount\":273,\"publisher\":{\"@id\":\"https:\\\/\\\/www.organisator.ch\\\/#organization\"},\"image\":{\"@id\":\"https:\\\/\\\/www.organisator.ch\\\/marketing\\\/2024-06-20\\\/jim-jim-jugendliche-lesen-news-auf-social-media\\\/#primaryimage\"},\"thumbnailUrl\":\"https:\\\/\\\/www.werbewoche.ch\\\/wp-content\\\/uploads\\\/2024\\\/06\\\/Jim3.jpg\",\"keywords\":[\"Gen Z\",\"Jim &amp; Jim\",\"Marktforschung\"],\"articleSection\":[\"MARKETING\"],\"inLanguage\":\"en-US\"},{\"@type\":\"WebPage\",\"@id\":\"https:\\\/\\\/www.organisator.ch\\\/marketing\\\/2024-06-20\\\/jim-jim-jugendliche-lesen-news-auf-social-media\\\/\",\"url\":\"https:\\\/\\\/www.organisator.ch\\\/marketing\\\/2024-06-20\\\/jim-jim-jugendliche-lesen-news-auf-social-media\\\/\",\"name\":\"Jim &amp; Jim: Jugendliche lesen News auf Social Media - Organisator\",\"isPartOf\":{\"@id\":\"https:\\\/\\\/www.organisator.ch\\\/#website\"},\"primaryImageOfPage\":{\"@id\":\"https:\\\/\\\/www.organisator.ch\\\/marketing\\\/2024-06-20\\\/jim-jim-jugendliche-lesen-news-auf-social-media\\\/#primaryimage\"},\"image\":{\"@id\":\"https:\\\/\\\/www.organisator.ch\\\/marketing\\\/2024-06-20\\\/jim-jim-jugendliche-lesen-news-auf-social-media\\\/#primaryimage\"},\"thumbnailUrl\":\"https:\\\/\\\/www.werbewoche.ch\\\/wp-content\\\/uploads\\\/2024\\\/06\\\/Jim3.jpg\",\"datePublished\":\"2024-06-20T08:27:37+00:00\",\"dateModified\":\"2024-11-10T08:54:08+00:00\",\"description\":\"Studie: Junge Generation in Hyperdigitalisierung mit Herausforderungen. Instagram beliebteste Social-Media-Plattform.\",\"breadcrumb\":{\"@id\":\"https:\\\/\\\/www.organisator.ch\\\/marketing\\\/2024-06-20\\\/jim-jim-jugendliche-lesen-news-auf-social-media\\\/#breadcrumb\"},\"inLanguage\":\"en-US\",\"potentialAction\":[{\"@type\":\"ReadAction\",\"target\":[\"https:\\\/\\\/www.organisator.ch\\\/marketing\\\/2024-06-20\\\/jim-jim-jugendliche-lesen-news-auf-social-media\\\/\"]}]},{\"@type\":\"ImageObject\",\"inLanguage\":\"en-US\",\"@id\":\"https:\\\/\\\/www.organisator.ch\\\/marketing\\\/2024-06-20\\\/jim-jim-jugendliche-lesen-news-auf-social-media\\\/#primaryimage\",\"url\":\"https:\\\/\\\/www.werbewoche.ch\\\/wp-content\\\/uploads\\\/2024\\\/06\\\/Jim3.jpg\",\"contentUrl\":\"https:\\\/\\\/www.werbewoche.ch\\\/wp-content\\\/uploads\\\/2024\\\/06\\\/Jim3.jpg\"},{\"@type\":\"BreadcrumbList\",\"@id\":\"https:\\\/\\\/www.organisator.ch\\\/marketing\\\/2024-06-20\\\/jim-jim-jugendliche-lesen-news-auf-social-media\\\/#breadcrumb\",\"itemListElement\":[{\"@type\":\"ListItem\",\"position\":1,\"name\":\"Home\",\"item\":\"https:\\\/\\\/www.organisator.ch\\\/\"},{\"@type\":\"ListItem\",\"position\":2,\"name\":\"Jim &amp; Jim: Jugendliche lesen News auf Social Media\"}]},{\"@type\":\"WebSite\",\"@id\":\"https:\\\/\\\/www.organisator.ch\\\/#website\",\"url\":\"https:\\\/\\\/www.organisator.ch\\\/\",\"name\":\"Organisator\",\"description\":\"Kompetent. Praxisnah. Der ORGANISATOR bereitet in 10 Ausgaben pro Jahr die wesentlichen Themen f\u00fcr F\u00fchrungskr\u00e4fte von KMU auf.\",\"publisher\":{\"@id\":\"https:\\\/\\\/www.organisator.ch\\\/#organization\"},\"potentialAction\":[{\"@type\":\"SearchAction\",\"target\":{\"@type\":\"EntryPoint\",\"urlTemplate\":\"https:\\\/\\\/www.organisator.ch\\\/?s={search_term_string}\"},\"query-input\":{\"@type\":\"PropertyValueSpecification\",\"valueRequired\":true,\"valueName\":\"search_term_string\"}}],\"inLanguage\":\"en-US\"},{\"@type\":\"Organization\",\"@id\":\"https:\\\/\\\/www.organisator.ch\\\/#organization\",\"name\":\"Organisator\",\"url\":\"https:\\\/\\\/www.organisator.ch\\\/\",\"logo\":{\"@type\":\"ImageObject\",\"inLanguage\":\"en-US\",\"@id\":\"https:\\\/\\\/www.organisator.ch\\\/#\\\/schema\\\/logo\\\/image\\\/\",\"url\":\"https:\\\/\\\/www.organisator.ch\\\/wp-content\\\/uploads\\\/2022\\\/01\\\/Logo_Organisator_Website.png\",\"contentUrl\":\"https:\\\/\\\/www.organisator.ch\\\/wp-content\\\/uploads\\\/2022\\\/01\\\/Logo_Organisator_Website.png\",\"width\":800,\"height\":77,\"caption\":\"Organisator\"},\"image\":{\"@id\":\"https:\\\/\\\/www.organisator.ch\\\/#\\\/schema\\\/logo\\\/image\\\/\"},\"sameAs\":[\"https:\\\/\\\/www.facebook.com\\\/OrganisatorFachmagazin\",\"https:\\\/\\\/www.linkedin.com\\\/showcase\\\/organisator-das-magazin-fr-kmu\",\"https:\\\/\\\/www.xing.com\\\/news\\\/pages\\\/organisator-ch-695\",\"https:\\\/\\\/www.youtube.com\\\/channel\\\/UCGP2Sq0iWaZwT3BdIAQFYpw\"]},{\"@type\":\"Person\",\"@id\":\"https:\\\/\\\/www.organisator.ch\\\/#\\\/schema\\\/person\\\/4e51799071cd2dd1232ac003643ef5f0\",\"name\":\"galledia\",\"image\":{\"@type\":\"ImageObject\",\"inLanguage\":\"en-US\",\"@id\":\"https:\\\/\\\/secure.gravatar.com\\\/avatar\\\/78a7f90c01fc2bfc875782a0d4922b37cde2cf184ce347b91316d23cd7f69a36?s=96&d=mm&r=g\",\"url\":\"https:\\\/\\\/secure.gravatar.com\\\/avatar\\\/78a7f90c01fc2bfc875782a0d4922b37cde2cf184ce347b91316d23cd7f69a36?s=96&d=mm&r=g\",\"contentUrl\":\"https:\\\/\\\/secure.gravatar.com\\\/avatar\\\/78a7f90c01fc2bfc875782a0d4922b37cde2cf184ce347b91316d23cd7f69a36?s=96&d=mm&r=g\",\"caption\":\"galledia\"},\"sameAs\":[\"https:\\\/\\\/x.com\\\/admin\"],\"url\":\"https:\\\/\\\/www.organisator.ch\\\/en\\\/author\\\/galledia\\\/\"}]}<\/script>\n<!-- \/ Yoast SEO plugin. -->","yoast_head_json":{"title":"Jim &amp; Jim: Young people read news on social media - Organizer","description":"Study: Young generation faces challenges in hyper-digitalization. Instagram is the most popular social media platform.","robots":{"index":"index","follow":"follow","max-snippet":"max-snippet:-1","max-image-preview":"max-image-preview:large","max-video-preview":"max-video-preview:-1"},"canonical":"https:\/\/www.organisator.ch\/en\/marketing\/2024-06-20\/jim-jim-jugendliche-lesen-news-auf-social-media\/","og_locale":"en_US","og_type":"article","og_title":"Jim &amp; Jim: Jugendliche lesen News auf Social Media - Organisator","og_description":"Studie: Junge Generation in Hyperdigitalisierung mit Herausforderungen. Instagram beliebteste Social-Media-Plattform.","og_url":"https:\/\/www.organisator.ch\/en\/marketing\/2024-06-20\/jim-jim-jugendliche-lesen-news-auf-social-media\/","og_site_name":"Organisator","article_publisher":"https:\/\/www.facebook.com\/OrganisatorFachmagazin","article_published_time":"2024-06-20T08:27:37+00:00","article_modified_time":"2024-11-10T08:54:08+00:00","og_image":[{"url":"https:\/\/www.werbewoche.ch\/wp-content\/uploads\/2024\/06\/Jim3.jpg","type":"","width":"","height":""}],"author":"galledia","twitter_card":"summary_large_image","twitter_creator":"@admin","schema":{"@context":"https:\/\/schema.org","@graph":[{"@type":"Article","@id":"https:\/\/www.organisator.ch\/marketing\/2024-06-20\/jim-jim-jugendliche-lesen-news-auf-social-media\/#article","isPartOf":{"@id":"https:\/\/www.organisator.ch\/marketing\/2024-06-20\/jim-jim-jugendliche-lesen-news-auf-social-media\/"},"author":{"name":"galledia","@id":"https:\/\/www.organisator.ch\/#\/schema\/person\/4e51799071cd2dd1232ac003643ef5f0"},"headline":"Jim &amp; Jim: Jugendliche lesen News auf Social Media","datePublished":"2024-06-20T08:27:37+00:00","dateModified":"2024-11-10T08:54:08+00:00","mainEntityOfPage":{"@id":"https:\/\/www.organisator.ch\/marketing\/2024-06-20\/jim-jim-jugendliche-lesen-news-auf-social-media\/"},"wordCount":273,"publisher":{"@id":"https:\/\/www.organisator.ch\/#organization"},"image":{"@id":"https:\/\/www.organisator.ch\/marketing\/2024-06-20\/jim-jim-jugendliche-lesen-news-auf-social-media\/#primaryimage"},"thumbnailUrl":"https:\/\/www.werbewoche.ch\/wp-content\/uploads\/2024\/06\/Jim3.jpg","keywords":["Gen Z","Jim &amp; Jim","Marktforschung"],"articleSection":["MARKETING"],"inLanguage":"en-US"},{"@type":"WebPage","@id":"https:\/\/www.organisator.ch\/marketing\/2024-06-20\/jim-jim-jugendliche-lesen-news-auf-social-media\/","url":"https:\/\/www.organisator.ch\/marketing\/2024-06-20\/jim-jim-jugendliche-lesen-news-auf-social-media\/","name":"Jim &amp; Jim: Young people read news on social media - Organizer","isPartOf":{"@id":"https:\/\/www.organisator.ch\/#website"},"primaryImageOfPage":{"@id":"https:\/\/www.organisator.ch\/marketing\/2024-06-20\/jim-jim-jugendliche-lesen-news-auf-social-media\/#primaryimage"},"image":{"@id":"https:\/\/www.organisator.ch\/marketing\/2024-06-20\/jim-jim-jugendliche-lesen-news-auf-social-media\/#primaryimage"},"thumbnailUrl":"https:\/\/www.werbewoche.ch\/wp-content\/uploads\/2024\/06\/Jim3.jpg","datePublished":"2024-06-20T08:27:37+00:00","dateModified":"2024-11-10T08:54:08+00:00","description":"Study: Young generation faces challenges in hyper-digitalization. Instagram is the most popular social media platform.","breadcrumb":{"@id":"https:\/\/www.organisator.ch\/marketing\/2024-06-20\/jim-jim-jugendliche-lesen-news-auf-social-media\/#breadcrumb"},"inLanguage":"en-US","potentialAction":[{"@type":"ReadAction","target":["https:\/\/www.organisator.ch\/marketing\/2024-06-20\/jim-jim-jugendliche-lesen-news-auf-social-media\/"]}]},{"@type":"ImageObject","inLanguage":"en-US","@id":"https:\/\/www.organisator.ch\/marketing\/2024-06-20\/jim-jim-jugendliche-lesen-news-auf-social-media\/#primaryimage","url":"https:\/\/www.werbewoche.ch\/wp-content\/uploads\/2024\/06\/Jim3.jpg","contentUrl":"https:\/\/www.werbewoche.ch\/wp-content\/uploads\/2024\/06\/Jim3.jpg"},{"@type":"BreadcrumbList","@id":"https:\/\/www.organisator.ch\/marketing\/2024-06-20\/jim-jim-jugendliche-lesen-news-auf-social-media\/#breadcrumb","itemListElement":[{"@type":"ListItem","position":1,"name":"Home","item":"https:\/\/www.organisator.ch\/"},{"@type":"ListItem","position":2,"name":"Jim &amp; Jim: Jugendliche lesen News auf Social Media"}]},{"@type":"WebSite","@id":"https:\/\/www.organisator.ch\/#website","url":"https:\/\/www.organisator.ch\/","name":"Organizer","description":"Competent. Practical. In 10 issues per year, ORGANISATOR presents the essential topics for managers of SMEs.","publisher":{"@id":"https:\/\/www.organisator.ch\/#organization"},"potentialAction":[{"@type":"SearchAction","target":{"@type":"EntryPoint","urlTemplate":"https:\/\/www.organisator.ch\/?s={search_term_string}"},"query-input":{"@type":"PropertyValueSpecification","valueRequired":true,"valueName":"search_term_string"}}],"inLanguage":"en-US"},{"@type":"Organization","@id":"https:\/\/www.organisator.ch\/#organization","name":"Organizer","url":"https:\/\/www.organisator.ch\/","logo":{"@type":"ImageObject","inLanguage":"en-US","@id":"https:\/\/www.organisator.ch\/#\/schema\/logo\/image\/","url":"https:\/\/www.organisator.ch\/wp-content\/uploads\/2022\/01\/Logo_Organisator_Website.png","contentUrl":"https:\/\/www.organisator.ch\/wp-content\/uploads\/2022\/01\/Logo_Organisator_Website.png","width":800,"height":77,"caption":"Organisator"},"image":{"@id":"https:\/\/www.organisator.ch\/#\/schema\/logo\/image\/"},"sameAs":["https:\/\/www.facebook.com\/OrganisatorFachmagazin","https:\/\/www.linkedin.com\/showcase\/organisator-das-magazin-fr-kmu","https:\/\/www.xing.com\/news\/pages\/organisator-ch-695","https:\/\/www.youtube.com\/channel\/UCGP2Sq0iWaZwT3BdIAQFYpw"]},{"@type":"Person","@id":"https:\/\/www.organisator.ch\/#\/schema\/person\/4e51799071cd2dd1232ac003643ef5f0","name":"galledia","image":{"@type":"ImageObject","inLanguage":"en-US","@id":"https:\/\/secure.gravatar.com\/avatar\/78a7f90c01fc2bfc875782a0d4922b37cde2cf184ce347b91316d23cd7f69a36?s=96&d=mm&r=g","url":"https:\/\/secure.gravatar.com\/avatar\/78a7f90c01fc2bfc875782a0d4922b37cde2cf184ce347b91316d23cd7f69a36?s=96&d=mm&r=g","contentUrl":"https:\/\/secure.gravatar.com\/avatar\/78a7f90c01fc2bfc875782a0d4922b37cde2cf184ce347b91316d23cd7f69a36?s=96&d=mm&r=g","caption":"galledia"},"sameAs":["https:\/\/x.com\/admin"],"url":"https:\/\/www.organisator.ch\/en\/author\/galledia\/"}]}},"_links":{"self":[{"href":"https:\/\/www.organisator.ch\/en\/wp-json\/wp\/v2\/posts\/27886","targetHints":{"allow":["GET"]}}],"collection":[{"href":"https:\/\/www.organisator.ch\/en\/wp-json\/wp\/v2\/posts"}],"about":[{"href":"https:\/\/www.organisator.ch\/en\/wp-json\/wp\/v2\/types\/post"}],"author":[{"embeddable":true,"href":"https:\/\/www.organisator.ch\/en\/wp-json\/wp\/v2\/users\/8"}],"replies":[{"embeddable":true,"href":"https:\/\/www.organisator.ch\/en\/wp-json\/wp\/v2\/comments?post=27886"}],"version-history":[{"count":3,"href":"https:\/\/www.organisator.ch\/en\/wp-json\/wp\/v2\/posts\/27886\/revisions"}],"predecessor-version":[{"id":32174,"href":"https:\/\/www.organisator.ch\/en\/wp-json\/wp\/v2\/posts\/27886\/revisions\/32174"}],"wp:attachment":[{"href":"https:\/\/www.organisator.ch\/en\/wp-json\/wp\/v2\/media?parent=27886"}],"wp:term":[{"taxonomy":"category","embeddable":true,"href":"https:\/\/www.organisator.ch\/en\/wp-json\/wp\/v2\/categories?post=27886"},{"taxonomy":"post_tag","embeddable":true,"href":"https:\/\/www.organisator.ch\/en\/wp-json\/wp\/v2\/tags?post=27886"}],"curies":[{"name":"wp","href":"https:\/\/api.w.org\/{rel}","templated":true}]}}