{"id":27925,"date":"2024-06-21T10:02:43","date_gmt":"2024-06-21T08:02:43","guid":{"rendered":"https:\/\/www.werbewoche.ch\/?p=216997"},"modified":"2024-11-10T09:43:21","modified_gmt":"2024-11-10T08:43:21","slug":"boom-bei-start-up-gruendungen-durch-ki","status":"publish","type":"post","link":"https:\/\/www.organisator.ch\/en\/marketing\/2024-06-21\/boom-bei-start-up-gruendungen-durch-ki\/","title":{"rendered":"Boom in start-ups due to AI"},"content":{"rendered":"<figure id=\"attachment_217001\" class=\"wp-caption alignnone\" style=\"width: 1200px\" aria-describedby=\"caption-attachment-217001\"><img class=\"alignnone wp-image-217001 size-full\" src=\"https:\/\/www.werbewoche.ch\/wp-content\/uploads\/2024\/06\/Start-up-Unsplash.jpg\" alt=\"Start-ups Switzerland \" width=\"1200\" height=\"880\" \/>\r\n<figcaption id=\"caption-attachment-217001\" class=\"wp-caption-text\">Image: J\u00fanior Ferreira; Unsplash.<\/figcaption>\r\n<\/figure>\r\n<p>Around 27,329 new companies were entered in the commercial register across Switzerland in the first half of 2024, an increase of 3% compared to the same period last year. This was determined by the online platform startups.ch in a new analysis.<\/p>\r\n<h3>Significant growth in French-speaking Switzerland<\/h3>\r\n<p>Growth was then seen across almost all regions. The French-speaking part of Switzerland (number of new registrations compared to the same period of the previous year: +5.9%) developed particularly strongly. The front-runner in the region is the canton of Vaud (+13.9%). For years, it has established itself as an extremely attractive location for start-ups. The economically strong and broadly based canton of Zurich recorded an increase of 2.9%.<\/p>\r\n<h3>More young founders<\/h3>\r\n<p>\"Young entrepreneurs found companies from a position of strength. If the economic engine is humming, this has a correspondingly positive effect on the start-up sector. This is currently the case,\" comments Michele Blasucci, founder and CEO of Startups.ch. The boom in artificial intelligence in particular is providing a boost. Companies have recognized the need to invest in AI and are seeking external advice. \"This is where young entrepreneurs come in. They support established companies to automate their accounting, for example, or to implement AI-based applications such as the programming of bots that provide initial advice to customers, for example. Or they show how a young audience can be reached efficiently in terms of marketing with AI via Tiktok and other platformers,\" says Blasucci.<\/p>\r\n<p>The younger generation is close to these new technologies. This is probably one of the reasons why they account for a large number of newly founded companies. As the data analyzed by Startups.ch shows, the proportion of 18- to 27-year-old founders has risen by 1 percentage point to 20.8%, while that of 28- to 37-year-olds - who account for the largest proportion of founders - has fallen significantly from 39.4% to 32.8%.<\/p>\r\n<h3>Vehicle and bodywork industry likely to benefit from camper boom<\/h3>\r\n<p>Another driver for the increase in newly founded companies is the moderate interest rates. \"Demand is high in the real estate, construction and trades sectors, which many tradespeople have taken advantage of to become self-employed, a professional category that can hardly be displaced by AI,\" says Michele Blasucci.<\/p>\r\n<p>This is also evident in the vehicle and bodywork sector. An increasing number of start-ups have also been founded here, which is probably due not least to the camping boom of recent years. Craftsmen are also in demand here. Michele Blasucci is confident about the second half of the year. He expects the momentum to continue and anticipates a record number of newly founded companies in 2024.<\/p>\r\n<figure id=\"attachment_216999\" class=\"wp-caption alignnone\" style=\"width: 1200px\" aria-describedby=\"caption-attachment-216999\"><img class=\"wp-image-216999 size-full\" src=\"https:\/\/www.werbewoche.ch\/wp-content\/uploads\/2024\/06\/STartups.jpg\" alt=\"\" width=\"1200\" height=\"873\" \/>\r\n<figcaption id=\"caption-attachment-216999\" class=\"wp-caption-text\">Image: Startups.ch statistics, 19.06.2024.<\/figcaption>\r\n<\/figure>","protected":false},"excerpt":{"rendered":"<p>Thanks to artificial intelligence, the start-up sector is on a record-breaking course: the number of new companies entered in the Swiss commercial register has risen by around 3 percent, according to Startups.ch.<\/p>","protected":false},"author":8,"featured_media":0,"comment_status":"closed","ping_status":"closed","sticky":false,"template":"","format":"standard","meta":{"_acf_changed":false,"_yoast_wpseo_focuskw":"Start-ups Schweiz","_yoast_wpseo_metadesc":"27'329 neue Firmen in der Schweiz im ersten Halbjahr 2024. Starker Anstieg in der Romandie und bei jungen Gr\u00fcndern.","articlekey":"","footnotes":""},"categories":[29],"tags":[319,341,2195],"class_list":["post-27925","post","type-post","status-publish","format-standard","hentry","category-marketing","tag-kuenstliche-intelligenz","tag-marktforschung","tag-start-up"],"acf":[],"yoast_head":"<!-- This site is optimized with the Yoast SEO plugin v27.5 - https:\/\/yoast.com\/product\/yoast-seo-wordpress\/ -->\n<title>Boom bei Start-up-Gr\u00fcndungen durch KI - Organisator<\/title>\n<meta name=\"description\" content=\"27&#039;329 neue Firmen in der Schweiz im ersten Halbjahr 2024. Starker Anstieg in der Romandie und bei jungen Gr\u00fcndern.\" \/>\n<meta name=\"robots\" content=\"index, follow, max-snippet:-1, max-image-preview:large, max-video-preview:-1\" \/>\n<link rel=\"canonical\" href=\"https:\/\/www.organisator.ch\/en\/marketing\/2024-06-21\/boom-bei-start-up-gruendungen-durch-ki\/\" \/>\n<meta property=\"og:locale\" content=\"en_US\" \/>\n<meta property=\"og:type\" content=\"article\" \/>\n<meta property=\"og:title\" content=\"Boom bei Start-up-Gr\u00fcndungen durch KI - Organisator\" \/>\n<meta property=\"og:description\" content=\"27&#039;329 neue Firmen in der Schweiz im ersten Halbjahr 2024. Starker Anstieg in der Romandie und bei jungen Gr\u00fcndern.\" \/>\n<meta property=\"og:url\" content=\"https:\/\/www.organisator.ch\/en\/marketing\/2024-06-21\/boom-bei-start-up-gruendungen-durch-ki\/\" \/>\n<meta property=\"og:site_name\" content=\"Organisator\" \/>\n<meta property=\"article:publisher\" content=\"https:\/\/www.facebook.com\/OrganisatorFachmagazin\" \/>\n<meta property=\"article:published_time\" content=\"2024-06-21T08:02:43+00:00\" \/>\n<meta property=\"article:modified_time\" content=\"2024-11-10T08:43:21+00:00\" \/>\n<meta property=\"og:image\" content=\"https:\/\/www.werbewoche.ch\/wp-content\/uploads\/2024\/06\/Start-up-Unsplash.jpg\" \/>\n<meta name=\"author\" content=\"galledia\" \/>\n<meta name=\"twitter:card\" content=\"summary_large_image\" \/>\n<meta name=\"twitter:creator\" content=\"@admin\" \/>\n<script type=\"application\/ld+json\" class=\"yoast-schema-graph\">{\"@context\":\"https:\\\/\\\/schema.org\",\"@graph\":[{\"@type\":\"Article\",\"@id\":\"https:\\\/\\\/www.organisator.ch\\\/marketing\\\/2024-06-21\\\/boom-bei-start-up-gruendungen-durch-ki\\\/#article\",\"isPartOf\":{\"@id\":\"https:\\\/\\\/www.organisator.ch\\\/marketing\\\/2024-06-21\\\/boom-bei-start-up-gruendungen-durch-ki\\\/\"},\"author\":{\"name\":\"galledia\",\"@id\":\"https:\\\/\\\/www.organisator.ch\\\/#\\\/schema\\\/person\\\/4e51799071cd2dd1232ac003643ef5f0\"},\"headline\":\"Boom bei Start-up-Gr\u00fcndungen durch KI\",\"datePublished\":\"2024-06-21T08:02:43+00:00\",\"dateModified\":\"2024-11-10T08:43:21+00:00\",\"mainEntityOfPage\":{\"@id\":\"https:\\\/\\\/www.organisator.ch\\\/marketing\\\/2024-06-21\\\/boom-bei-start-up-gruendungen-durch-ki\\\/\"},\"wordCount\":450,\"publisher\":{\"@id\":\"https:\\\/\\\/www.organisator.ch\\\/#organization\"},\"image\":{\"@id\":\"https:\\\/\\\/www.organisator.ch\\\/marketing\\\/2024-06-21\\\/boom-bei-start-up-gruendungen-durch-ki\\\/#primaryimage\"},\"thumbnailUrl\":\"https:\\\/\\\/www.werbewoche.ch\\\/wp-content\\\/uploads\\\/2024\\\/06\\\/Start-up-Unsplash.jpg\",\"keywords\":[\"K\u00fcnstliche Intelligenz\",\"Marktforschung\",\"Start-up\"],\"articleSection\":[\"MARKETING\"],\"inLanguage\":\"en-US\"},{\"@type\":\"WebPage\",\"@id\":\"https:\\\/\\\/www.organisator.ch\\\/marketing\\\/2024-06-21\\\/boom-bei-start-up-gruendungen-durch-ki\\\/\",\"url\":\"https:\\\/\\\/www.organisator.ch\\\/marketing\\\/2024-06-21\\\/boom-bei-start-up-gruendungen-durch-ki\\\/\",\"name\":\"Boom bei Start-up-Gr\u00fcndungen durch KI - Organisator\",\"isPartOf\":{\"@id\":\"https:\\\/\\\/www.organisator.ch\\\/#website\"},\"primaryImageOfPage\":{\"@id\":\"https:\\\/\\\/www.organisator.ch\\\/marketing\\\/2024-06-21\\\/boom-bei-start-up-gruendungen-durch-ki\\\/#primaryimage\"},\"image\":{\"@id\":\"https:\\\/\\\/www.organisator.ch\\\/marketing\\\/2024-06-21\\\/boom-bei-start-up-gruendungen-durch-ki\\\/#primaryimage\"},\"thumbnailUrl\":\"https:\\\/\\\/www.werbewoche.ch\\\/wp-content\\\/uploads\\\/2024\\\/06\\\/Start-up-Unsplash.jpg\",\"datePublished\":\"2024-06-21T08:02:43+00:00\",\"dateModified\":\"2024-11-10T08:43:21+00:00\",\"description\":\"27'329 neue Firmen in der Schweiz im ersten Halbjahr 2024. Starker Anstieg in der Romandie und bei jungen Gr\u00fcndern.\",\"breadcrumb\":{\"@id\":\"https:\\\/\\\/www.organisator.ch\\\/marketing\\\/2024-06-21\\\/boom-bei-start-up-gruendungen-durch-ki\\\/#breadcrumb\"},\"inLanguage\":\"en-US\",\"potentialAction\":[{\"@type\":\"ReadAction\",\"target\":[\"https:\\\/\\\/www.organisator.ch\\\/marketing\\\/2024-06-21\\\/boom-bei-start-up-gruendungen-durch-ki\\\/\"]}]},{\"@type\":\"ImageObject\",\"inLanguage\":\"en-US\",\"@id\":\"https:\\\/\\\/www.organisator.ch\\\/marketing\\\/2024-06-21\\\/boom-bei-start-up-gruendungen-durch-ki\\\/#primaryimage\",\"url\":\"https:\\\/\\\/www.werbewoche.ch\\\/wp-content\\\/uploads\\\/2024\\\/06\\\/Start-up-Unsplash.jpg\",\"contentUrl\":\"https:\\\/\\\/www.werbewoche.ch\\\/wp-content\\\/uploads\\\/2024\\\/06\\\/Start-up-Unsplash.jpg\"},{\"@type\":\"BreadcrumbList\",\"@id\":\"https:\\\/\\\/www.organisator.ch\\\/marketing\\\/2024-06-21\\\/boom-bei-start-up-gruendungen-durch-ki\\\/#breadcrumb\",\"itemListElement\":[{\"@type\":\"ListItem\",\"position\":1,\"name\":\"Home\",\"item\":\"https:\\\/\\\/www.organisator.ch\\\/\"},{\"@type\":\"ListItem\",\"position\":2,\"name\":\"Boom bei Start-up-Gr\u00fcndungen durch KI\"}]},{\"@type\":\"WebSite\",\"@id\":\"https:\\\/\\\/www.organisator.ch\\\/#website\",\"url\":\"https:\\\/\\\/www.organisator.ch\\\/\",\"name\":\"Organisator\",\"description\":\"Kompetent. Praxisnah. Der ORGANISATOR bereitet in 10 Ausgaben pro Jahr die wesentlichen Themen f\u00fcr F\u00fchrungskr\u00e4fte von KMU auf.\",\"publisher\":{\"@id\":\"https:\\\/\\\/www.organisator.ch\\\/#organization\"},\"potentialAction\":[{\"@type\":\"SearchAction\",\"target\":{\"@type\":\"EntryPoint\",\"urlTemplate\":\"https:\\\/\\\/www.organisator.ch\\\/?s={search_term_string}\"},\"query-input\":{\"@type\":\"PropertyValueSpecification\",\"valueRequired\":true,\"valueName\":\"search_term_string\"}}],\"inLanguage\":\"en-US\"},{\"@type\":\"Organization\",\"@id\":\"https:\\\/\\\/www.organisator.ch\\\/#organization\",\"name\":\"Organisator\",\"url\":\"https:\\\/\\\/www.organisator.ch\\\/\",\"logo\":{\"@type\":\"ImageObject\",\"inLanguage\":\"en-US\",\"@id\":\"https:\\\/\\\/www.organisator.ch\\\/#\\\/schema\\\/logo\\\/image\\\/\",\"url\":\"https:\\\/\\\/www.organisator.ch\\\/wp-content\\\/uploads\\\/2022\\\/01\\\/Logo_Organisator_Website.png\",\"contentUrl\":\"https:\\\/\\\/www.organisator.ch\\\/wp-content\\\/uploads\\\/2022\\\/01\\\/Logo_Organisator_Website.png\",\"width\":800,\"height\":77,\"caption\":\"Organisator\"},\"image\":{\"@id\":\"https:\\\/\\\/www.organisator.ch\\\/#\\\/schema\\\/logo\\\/image\\\/\"},\"sameAs\":[\"https:\\\/\\\/www.facebook.com\\\/OrganisatorFachmagazin\",\"https:\\\/\\\/www.linkedin.com\\\/showcase\\\/organisator-das-magazin-fr-kmu\",\"https:\\\/\\\/www.xing.com\\\/news\\\/pages\\\/organisator-ch-695\",\"https:\\\/\\\/www.youtube.com\\\/channel\\\/UCGP2Sq0iWaZwT3BdIAQFYpw\"]},{\"@type\":\"Person\",\"@id\":\"https:\\\/\\\/www.organisator.ch\\\/#\\\/schema\\\/person\\\/4e51799071cd2dd1232ac003643ef5f0\",\"name\":\"galledia\",\"image\":{\"@type\":\"ImageObject\",\"inLanguage\":\"en-US\",\"@id\":\"https:\\\/\\\/secure.gravatar.com\\\/avatar\\\/78a7f90c01fc2bfc875782a0d4922b37cde2cf184ce347b91316d23cd7f69a36?s=96&d=mm&r=g\",\"url\":\"https:\\\/\\\/secure.gravatar.com\\\/avatar\\\/78a7f90c01fc2bfc875782a0d4922b37cde2cf184ce347b91316d23cd7f69a36?s=96&d=mm&r=g\",\"contentUrl\":\"https:\\\/\\\/secure.gravatar.com\\\/avatar\\\/78a7f90c01fc2bfc875782a0d4922b37cde2cf184ce347b91316d23cd7f69a36?s=96&d=mm&r=g\",\"caption\":\"galledia\"},\"sameAs\":[\"https:\\\/\\\/x.com\\\/admin\"],\"url\":\"https:\\\/\\\/www.organisator.ch\\\/en\\\/author\\\/galledia\\\/\"}]}<\/script>\n<!-- \/ Yoast SEO plugin. -->","yoast_head_json":{"title":"Boom in start-ups due to AI - organizer","description":"27,329 new companies in Switzerland in the first half of 2024. Strong increase in French-speaking Switzerland and among young founders.","robots":{"index":"index","follow":"follow","max-snippet":"max-snippet:-1","max-image-preview":"max-image-preview:large","max-video-preview":"max-video-preview:-1"},"canonical":"https:\/\/www.organisator.ch\/en\/marketing\/2024-06-21\/boom-bei-start-up-gruendungen-durch-ki\/","og_locale":"en_US","og_type":"article","og_title":"Boom bei Start-up-Gr\u00fcndungen durch KI - Organisator","og_description":"27'329 neue Firmen in der Schweiz im ersten Halbjahr 2024. Starker Anstieg in der Romandie und bei jungen Gr\u00fcndern.","og_url":"https:\/\/www.organisator.ch\/en\/marketing\/2024-06-21\/boom-bei-start-up-gruendungen-durch-ki\/","og_site_name":"Organisator","article_publisher":"https:\/\/www.facebook.com\/OrganisatorFachmagazin","article_published_time":"2024-06-21T08:02:43+00:00","article_modified_time":"2024-11-10T08:43:21+00:00","og_image":[{"url":"https:\/\/www.werbewoche.ch\/wp-content\/uploads\/2024\/06\/Start-up-Unsplash.jpg","type":"","width":"","height":""}],"author":"galledia","twitter_card":"summary_large_image","twitter_creator":"@admin","schema":{"@context":"https:\/\/schema.org","@graph":[{"@type":"Article","@id":"https:\/\/www.organisator.ch\/marketing\/2024-06-21\/boom-bei-start-up-gruendungen-durch-ki\/#article","isPartOf":{"@id":"https:\/\/www.organisator.ch\/marketing\/2024-06-21\/boom-bei-start-up-gruendungen-durch-ki\/"},"author":{"name":"galledia","@id":"https:\/\/www.organisator.ch\/#\/schema\/person\/4e51799071cd2dd1232ac003643ef5f0"},"headline":"Boom bei Start-up-Gr\u00fcndungen durch KI","datePublished":"2024-06-21T08:02:43+00:00","dateModified":"2024-11-10T08:43:21+00:00","mainEntityOfPage":{"@id":"https:\/\/www.organisator.ch\/marketing\/2024-06-21\/boom-bei-start-up-gruendungen-durch-ki\/"},"wordCount":450,"publisher":{"@id":"https:\/\/www.organisator.ch\/#organization"},"image":{"@id":"https:\/\/www.organisator.ch\/marketing\/2024-06-21\/boom-bei-start-up-gruendungen-durch-ki\/#primaryimage"},"thumbnailUrl":"https:\/\/www.werbewoche.ch\/wp-content\/uploads\/2024\/06\/Start-up-Unsplash.jpg","keywords":["K\u00fcnstliche Intelligenz","Marktforschung","Start-up"],"articleSection":["MARKETING"],"inLanguage":"en-US"},{"@type":"WebPage","@id":"https:\/\/www.organisator.ch\/marketing\/2024-06-21\/boom-bei-start-up-gruendungen-durch-ki\/","url":"https:\/\/www.organisator.ch\/marketing\/2024-06-21\/boom-bei-start-up-gruendungen-durch-ki\/","name":"Boom in start-ups due to AI - organizer","isPartOf":{"@id":"https:\/\/www.organisator.ch\/#website"},"primaryImageOfPage":{"@id":"https:\/\/www.organisator.ch\/marketing\/2024-06-21\/boom-bei-start-up-gruendungen-durch-ki\/#primaryimage"},"image":{"@id":"https:\/\/www.organisator.ch\/marketing\/2024-06-21\/boom-bei-start-up-gruendungen-durch-ki\/#primaryimage"},"thumbnailUrl":"https:\/\/www.werbewoche.ch\/wp-content\/uploads\/2024\/06\/Start-up-Unsplash.jpg","datePublished":"2024-06-21T08:02:43+00:00","dateModified":"2024-11-10T08:43:21+00:00","description":"27,329 new companies in Switzerland in the first half of 2024. Strong increase in French-speaking Switzerland and among young founders.","breadcrumb":{"@id":"https:\/\/www.organisator.ch\/marketing\/2024-06-21\/boom-bei-start-up-gruendungen-durch-ki\/#breadcrumb"},"inLanguage":"en-US","potentialAction":[{"@type":"ReadAction","target":["https:\/\/www.organisator.ch\/marketing\/2024-06-21\/boom-bei-start-up-gruendungen-durch-ki\/"]}]},{"@type":"ImageObject","inLanguage":"en-US","@id":"https:\/\/www.organisator.ch\/marketing\/2024-06-21\/boom-bei-start-up-gruendungen-durch-ki\/#primaryimage","url":"https:\/\/www.werbewoche.ch\/wp-content\/uploads\/2024\/06\/Start-up-Unsplash.jpg","contentUrl":"https:\/\/www.werbewoche.ch\/wp-content\/uploads\/2024\/06\/Start-up-Unsplash.jpg"},{"@type":"BreadcrumbList","@id":"https:\/\/www.organisator.ch\/marketing\/2024-06-21\/boom-bei-start-up-gruendungen-durch-ki\/#breadcrumb","itemListElement":[{"@type":"ListItem","position":1,"name":"Home","item":"https:\/\/www.organisator.ch\/"},{"@type":"ListItem","position":2,"name":"Boom bei Start-up-Gr\u00fcndungen durch KI"}]},{"@type":"WebSite","@id":"https:\/\/www.organisator.ch\/#website","url":"https:\/\/www.organisator.ch\/","name":"Organizer","description":"Competent. Practical. In 10 issues per year, ORGANISATOR presents the essential topics for managers of SMEs.","publisher":{"@id":"https:\/\/www.organisator.ch\/#organization"},"potentialAction":[{"@type":"SearchAction","target":{"@type":"EntryPoint","urlTemplate":"https:\/\/www.organisator.ch\/?s={search_term_string}"},"query-input":{"@type":"PropertyValueSpecification","valueRequired":true,"valueName":"search_term_string"}}],"inLanguage":"en-US"},{"@type":"Organization","@id":"https:\/\/www.organisator.ch\/#organization","name":"Organizer","url":"https:\/\/www.organisator.ch\/","logo":{"@type":"ImageObject","inLanguage":"en-US","@id":"https:\/\/www.organisator.ch\/#\/schema\/logo\/image\/","url":"https:\/\/www.organisator.ch\/wp-content\/uploads\/2022\/01\/Logo_Organisator_Website.png","contentUrl":"https:\/\/www.organisator.ch\/wp-content\/uploads\/2022\/01\/Logo_Organisator_Website.png","width":800,"height":77,"caption":"Organisator"},"image":{"@id":"https:\/\/www.organisator.ch\/#\/schema\/logo\/image\/"},"sameAs":["https:\/\/www.facebook.com\/OrganisatorFachmagazin","https:\/\/www.linkedin.com\/showcase\/organisator-das-magazin-fr-kmu","https:\/\/www.xing.com\/news\/pages\/organisator-ch-695","https:\/\/www.youtube.com\/channel\/UCGP2Sq0iWaZwT3BdIAQFYpw"]},{"@type":"Person","@id":"https:\/\/www.organisator.ch\/#\/schema\/person\/4e51799071cd2dd1232ac003643ef5f0","name":"galledia","image":{"@type":"ImageObject","inLanguage":"en-US","@id":"https:\/\/secure.gravatar.com\/avatar\/78a7f90c01fc2bfc875782a0d4922b37cde2cf184ce347b91316d23cd7f69a36?s=96&d=mm&r=g","url":"https:\/\/secure.gravatar.com\/avatar\/78a7f90c01fc2bfc875782a0d4922b37cde2cf184ce347b91316d23cd7f69a36?s=96&d=mm&r=g","contentUrl":"https:\/\/secure.gravatar.com\/avatar\/78a7f90c01fc2bfc875782a0d4922b37cde2cf184ce347b91316d23cd7f69a36?s=96&d=mm&r=g","caption":"galledia"},"sameAs":["https:\/\/x.com\/admin"],"url":"https:\/\/www.organisator.ch\/en\/author\/galledia\/"}]}},"_links":{"self":[{"href":"https:\/\/www.organisator.ch\/en\/wp-json\/wp\/v2\/posts\/27925","targetHints":{"allow":["GET"]}}],"collection":[{"href":"https:\/\/www.organisator.ch\/en\/wp-json\/wp\/v2\/posts"}],"about":[{"href":"https:\/\/www.organisator.ch\/en\/wp-json\/wp\/v2\/types\/post"}],"author":[{"embeddable":true,"href":"https:\/\/www.organisator.ch\/en\/wp-json\/wp\/v2\/users\/8"}],"replies":[{"embeddable":true,"href":"https:\/\/www.organisator.ch\/en\/wp-json\/wp\/v2\/comments?post=27925"}],"version-history":[{"count":5,"href":"https:\/\/www.organisator.ch\/en\/wp-json\/wp\/v2\/posts\/27925\/revisions"}],"predecessor-version":[{"id":32167,"href":"https:\/\/www.organisator.ch\/en\/wp-json\/wp\/v2\/posts\/27925\/revisions\/32167"}],"wp:attachment":[{"href":"https:\/\/www.organisator.ch\/en\/wp-json\/wp\/v2\/media?parent=27925"}],"wp:term":[{"taxonomy":"category","embeddable":true,"href":"https:\/\/www.organisator.ch\/en\/wp-json\/wp\/v2\/categories?post=27925"},{"taxonomy":"post_tag","embeddable":true,"href":"https:\/\/www.organisator.ch\/en\/wp-json\/wp\/v2\/tags?post=27925"}],"curies":[{"name":"wp","href":"https:\/\/api.w.org\/{rel}","templated":true}]}}