{"id":28021,"date":"2024-06-26T10:14:44","date_gmt":"2024-06-26T08:14:44","guid":{"rendered":"https:\/\/www.organisator.ch\/?p=28021"},"modified":"2024-06-26T10:14:44","modified_gmt":"2024-06-26T08:14:44","slug":"zuehlke-verstaerkt-sich-im-verwaltungsrat-mit-neuer-expertise","status":"publish","type":"post","link":"https:\/\/www.organisator.ch\/en\/management\/2024-06-26\/zuehlke-verstaerkt-sich-im-verwaltungsrat-mit-neuer-expertise\/","title":{"rendered":"Z\u00fchlke strengthens the Board of Directors with new expertise"},"content":{"rendered":"<figure id=\"attachment_28022\" aria-describedby=\"caption-attachment-28022\" style=\"width: 680px\" class=\"wp-caption alignnone\"><img loading=\"lazy\" decoding=\"async\" class=\"size-full wp-image-28022\" src=\"https:\/\/www.organisator.ch\/wp-content\/uploads\/2024\/06\/Zuehlke_Bild1_ps.jpg\" alt=\"\" width=\"680\" height=\"257\" srcset=\"https:\/\/www.organisator.ch\/wp-content\/uploads\/2024\/06\/Zuehlke_Bild1_ps.jpg 680w, https:\/\/www.organisator.ch\/wp-content\/uploads\/2024\/06\/Zuehlke_Bild1_ps-18x7.jpg 18w, https:\/\/www.organisator.ch\/wp-content\/uploads\/2024\/06\/Zuehlke_Bild1_ps-375x142.jpg 375w\" sizes=\"auto, (max-width: 680px) 100vw, 680px\" \/><figcaption id=\"caption-attachment-28022\" class=\"wp-caption-text\">Three new members of the Z\u00fchlke Group's Board of Directors, Andrea Gisle Joosen, Feiyu Xu and Wolfgang Emmerich. (Image: www.zuehlke.com)<\/figcaption><\/figure>\n<p>With the election of Andrea Gisle Joosen, Feiyu Xu and Wolfgang Emmerich, the company aims to strengthen its position as a global partner for technology-driven transformation by contributing a wide range of skills and leadership qualities.<\/p>\n<p>Philipp Sutter, Chairman of the Board of Directors of Z\u00fchlke, comments: \"We are delighted to welcome Andrea, Feiyu and Wolfgang as new members. With their diverse experience and perspectives, they will provide valuable input and strategy as we develop the Group into a global partner for technology-led transformation. Each member brings unique skills and I am convinced that their contributions will further enhance our ability to deliver exceptional value - for our customers, society and the planet.\"<\/p>\n<p>Andrea Gisle Joosen has a solid background in leadership and advisory roles in various industries, including technology, consumer goods and retail. She is currently Chairman of Bilprovningen AB and Charge Amps AB and a non-executive director of evoke plc, Viaplay AB, Logent AB and Stadium AB. She also serves in an advisory capacity to the Swedish Trade Association and the Women's Leadership Award in Sweden. \"I am delighted to join Z\u00fchlke's Board of Directors and look forward to using my experience in the digital and technology industry to drive the company's global ambitions,\" said Joosen.<\/p>\n<p>Feiyu Xu is an award-winning AI researcher and respected expert in the technology industry. She is currently a non-executive director of Airbus Group and Chain IQ Group and a board member of ZF Group. Feiyu Xu has worked at SAP and Lenovo, among others, where she led AI initiatives and contributed significantly to the transformation of the companies. \"I am honored to join the Z\u00fchlke Board of Directors. I look forward to contributing my expertise in AI to drive technology-enabled transformations for a sustainable future,\" says Xu.<\/p>\n<p>Wolfgang Emmerich is no stranger to Z\u00fchlke. He joined the company back in 1998 and played a key role in establishing its presence in the UK. Wolfgang Emmerich became a partner in the Z\u00fchlke Group in December 2000 and has been CEO of Z\u00fchlke in the UK since 2009. His extensive international experience at Z\u00fchlke and his professional network will be crucial to the successful globalization of Z\u00fchlke. Emmerich comments: \"It is a privilege to continue to support Z\u00fchlke and to help steer the company's global expansion activities.\"<\/p>\n<p><em>Source: <a href=\"https:\/\/www.zuehlke.com\/de\">www.zuehlke.com<\/a><\/em><\/p>","protected":false},"excerpt":{"rendered":"<p>In line with its strategy of providing even better support to customers at a global level, the Z\u00fchlke Group elected three new members to the Board of Directors at the Annual General Meeting on June 20. <\/p>","protected":false},"author":58,"featured_media":28022,"comment_status":"closed","ping_status":"closed","sticky":false,"template":"","format":"standard","meta":{"_acf_changed":false,"_yoast_wpseo_focuskw":"Z\u00fchlke","_yoast_wpseo_metadesc":"Die Z\u00fchlke Gruppe hat im Rahmen einer Generalversammlung am 20. Juni drei neue Mitglieder in den Verwaltungsrat gew\u00e4hlt.","articlekey":"","footnotes":""},"categories":[28],"tags":[4285,334,492,2471],"class_list":["post-28021","post","type-post","status-publish","format-standard","has-post-thumbnail","hentry","category-management","tag-expertise","tag-management","tag-unternehmen","tag-verwaltungsrat"],"acf":[],"yoast_head":"<!-- This site is optimized with the Yoast SEO plugin v27.5 - https:\/\/yoast.com\/product\/yoast-seo-wordpress\/ -->\n<title>Z\u00fchlke verst\u00e4rkt sich im Verwaltungsrat mit neuer Expertise - Organisator<\/title>\n<meta name=\"description\" content=\"Die Z\u00fchlke Gruppe hat im Rahmen einer Generalversammlung am 20. Juni drei neue Mitglieder in den Verwaltungsrat gew\u00e4hlt.\" \/>\n<meta name=\"robots\" content=\"index, follow, max-snippet:-1, max-image-preview:large, max-video-preview:-1\" \/>\n<link rel=\"canonical\" href=\"https:\/\/www.organisator.ch\/en\/management\/2024-06-26\/zuehlke-verstaerkt-sich-im-verwaltungsrat-mit-neuer-expertise\/\" \/>\n<meta property=\"og:locale\" content=\"en_US\" \/>\n<meta property=\"og:type\" content=\"article\" \/>\n<meta property=\"og:title\" content=\"Z\u00fchlke verst\u00e4rkt sich im Verwaltungsrat mit neuer Expertise\" \/>\n<meta property=\"og:description\" content=\"Die Z\u00fchlke Gruppe hat im Rahmen einer Generalversammlung am 20. Juni drei neue Mitglieder in den Verwaltungsrat gew\u00e4hlt.\" \/>\n<meta property=\"og:url\" content=\"https:\/\/www.organisator.ch\/en\/management\/2024-06-26\/zuehlke-verstaerkt-sich-im-verwaltungsrat-mit-neuer-expertise\/\" \/>\n<meta property=\"og:site_name\" content=\"Organisator\" \/>\n<meta property=\"article:publisher\" content=\"https:\/\/www.facebook.com\/OrganisatorFachmagazin\" \/>\n<meta property=\"article:published_time\" content=\"2024-06-26T08:14:44+00:00\" \/>\n<meta property=\"og:image\" content=\"https:\/\/www.organisator.ch\/wp-content\/uploads\/2024\/06\/Zuehlke_Bild1_ps.jpg\" \/>\n\t<meta property=\"og:image:width\" content=\"680\" \/>\n\t<meta property=\"og:image:height\" content=\"257\" \/>\n\t<meta property=\"og:image:type\" content=\"image\/jpeg\" \/>\n<meta name=\"author\" content=\"Adelisa Kalajdzini\" \/>\n<meta name=\"twitter:card\" content=\"summary_large_image\" \/>\n<meta name=\"twitter:title\" content=\"Z\u00fchlke verst\u00e4rkt sich im Verwaltungsrat mit neuer Expertise\" \/>\n<meta name=\"twitter:description\" content=\"Die #Z\u00fchlke Gruppe hat im Rahmen einer #Generalversammlung am 20. Juni #drei #neue #Mitglieder in den #Verwaltungsrat gew\u00e4hlt.\" \/>\n<meta name=\"twitter:image\" content=\"https:\/\/www.organisator.ch\/wp-content\/uploads\/2024\/06\/Zuehlke_Bild1_ps.jpg\" \/>\n<script type=\"application\/ld+json\" class=\"yoast-schema-graph\">{\"@context\":\"https:\\\/\\\/schema.org\",\"@graph\":[{\"@type\":\"Article\",\"@id\":\"https:\\\/\\\/www.organisator.ch\\\/management\\\/2024-06-26\\\/zuehlke-verstaerkt-sich-im-verwaltungsrat-mit-neuer-expertise\\\/#article\",\"isPartOf\":{\"@id\":\"https:\\\/\\\/www.organisator.ch\\\/management\\\/2024-06-26\\\/zuehlke-verstaerkt-sich-im-verwaltungsrat-mit-neuer-expertise\\\/\"},\"author\":{\"name\":\"Adelisa Kalajdzini\",\"@id\":\"https:\\\/\\\/www.organisator.ch\\\/#\\\/schema\\\/person\\\/2e1314a2172123f874db408d8911d3f3\"},\"headline\":\"Z\u00fchlke verst\u00e4rkt sich im Verwaltungsrat mit neuer Expertise\",\"datePublished\":\"2024-06-26T08:14:44+00:00\",\"mainEntityOfPage\":{\"@id\":\"https:\\\/\\\/www.organisator.ch\\\/management\\\/2024-06-26\\\/zuehlke-verstaerkt-sich-im-verwaltungsrat-mit-neuer-expertise\\\/\"},\"wordCount\":459,\"publisher\":{\"@id\":\"https:\\\/\\\/www.organisator.ch\\\/#organization\"},\"image\":{\"@id\":\"https:\\\/\\\/www.organisator.ch\\\/management\\\/2024-06-26\\\/zuehlke-verstaerkt-sich-im-verwaltungsrat-mit-neuer-expertise\\\/#primaryimage\"},\"thumbnailUrl\":\"https:\\\/\\\/www.organisator.ch\\\/wp-content\\\/uploads\\\/2024\\\/06\\\/Zuehlke_Bild1_ps.jpg\",\"keywords\":[\"Expertise\",\"Management\",\"Unternehmen\",\"Verwaltungsrat\"],\"articleSection\":[\"MANAGEMENT\"],\"inLanguage\":\"en-US\"},{\"@type\":\"WebPage\",\"@id\":\"https:\\\/\\\/www.organisator.ch\\\/management\\\/2024-06-26\\\/zuehlke-verstaerkt-sich-im-verwaltungsrat-mit-neuer-expertise\\\/\",\"url\":\"https:\\\/\\\/www.organisator.ch\\\/management\\\/2024-06-26\\\/zuehlke-verstaerkt-sich-im-verwaltungsrat-mit-neuer-expertise\\\/\",\"name\":\"Z\u00fchlke verst\u00e4rkt sich im Verwaltungsrat mit neuer Expertise - Organisator\",\"isPartOf\":{\"@id\":\"https:\\\/\\\/www.organisator.ch\\\/#website\"},\"primaryImageOfPage\":{\"@id\":\"https:\\\/\\\/www.organisator.ch\\\/management\\\/2024-06-26\\\/zuehlke-verstaerkt-sich-im-verwaltungsrat-mit-neuer-expertise\\\/#primaryimage\"},\"image\":{\"@id\":\"https:\\\/\\\/www.organisator.ch\\\/management\\\/2024-06-26\\\/zuehlke-verstaerkt-sich-im-verwaltungsrat-mit-neuer-expertise\\\/#primaryimage\"},\"thumbnailUrl\":\"https:\\\/\\\/www.organisator.ch\\\/wp-content\\\/uploads\\\/2024\\\/06\\\/Zuehlke_Bild1_ps.jpg\",\"datePublished\":\"2024-06-26T08:14:44+00:00\",\"description\":\"Die Z\u00fchlke Gruppe hat im Rahmen einer Generalversammlung am 20. Juni drei neue Mitglieder in den Verwaltungsrat gew\u00e4hlt.\",\"breadcrumb\":{\"@id\":\"https:\\\/\\\/www.organisator.ch\\\/management\\\/2024-06-26\\\/zuehlke-verstaerkt-sich-im-verwaltungsrat-mit-neuer-expertise\\\/#breadcrumb\"},\"inLanguage\":\"en-US\",\"potentialAction\":[{\"@type\":\"ReadAction\",\"target\":[\"https:\\\/\\\/www.organisator.ch\\\/management\\\/2024-06-26\\\/zuehlke-verstaerkt-sich-im-verwaltungsrat-mit-neuer-expertise\\\/\"]}]},{\"@type\":\"ImageObject\",\"inLanguage\":\"en-US\",\"@id\":\"https:\\\/\\\/www.organisator.ch\\\/management\\\/2024-06-26\\\/zuehlke-verstaerkt-sich-im-verwaltungsrat-mit-neuer-expertise\\\/#primaryimage\",\"url\":\"https:\\\/\\\/www.organisator.ch\\\/wp-content\\\/uploads\\\/2024\\\/06\\\/Zuehlke_Bild1_ps.jpg\",\"contentUrl\":\"https:\\\/\\\/www.organisator.ch\\\/wp-content\\\/uploads\\\/2024\\\/06\\\/Zuehlke_Bild1_ps.jpg\",\"width\":680,\"height\":257,\"caption\":\"Drei neue Mitglieder in den Verwaltungsrat der Z\u00fchlke Gruppe, Andrea Gisle Joosen, Feiyu Xu und Wolfgang Emmerich. (Bild: www.zuehlke.com)\"},{\"@type\":\"BreadcrumbList\",\"@id\":\"https:\\\/\\\/www.organisator.ch\\\/management\\\/2024-06-26\\\/zuehlke-verstaerkt-sich-im-verwaltungsrat-mit-neuer-expertise\\\/#breadcrumb\",\"itemListElement\":[{\"@type\":\"ListItem\",\"position\":1,\"name\":\"Home\",\"item\":\"https:\\\/\\\/www.organisator.ch\\\/\"},{\"@type\":\"ListItem\",\"position\":2,\"name\":\"Z\u00fchlke verst\u00e4rkt sich im Verwaltungsrat mit neuer Expertise\"}]},{\"@type\":\"WebSite\",\"@id\":\"https:\\\/\\\/www.organisator.ch\\\/#website\",\"url\":\"https:\\\/\\\/www.organisator.ch\\\/\",\"name\":\"Organisator\",\"description\":\"Kompetent. Praxisnah. Der ORGANISATOR bereitet in 10 Ausgaben pro Jahr die wesentlichen Themen f\u00fcr F\u00fchrungskr\u00e4fte von KMU auf.\",\"publisher\":{\"@id\":\"https:\\\/\\\/www.organisator.ch\\\/#organization\"},\"potentialAction\":[{\"@type\":\"SearchAction\",\"target\":{\"@type\":\"EntryPoint\",\"urlTemplate\":\"https:\\\/\\\/www.organisator.ch\\\/?s={search_term_string}\"},\"query-input\":{\"@type\":\"PropertyValueSpecification\",\"valueRequired\":true,\"valueName\":\"search_term_string\"}}],\"inLanguage\":\"en-US\"},{\"@type\":\"Organization\",\"@id\":\"https:\\\/\\\/www.organisator.ch\\\/#organization\",\"name\":\"Organisator\",\"url\":\"https:\\\/\\\/www.organisator.ch\\\/\",\"logo\":{\"@type\":\"ImageObject\",\"inLanguage\":\"en-US\",\"@id\":\"https:\\\/\\\/www.organisator.ch\\\/#\\\/schema\\\/logo\\\/image\\\/\",\"url\":\"https:\\\/\\\/www.organisator.ch\\\/wp-content\\\/uploads\\\/2022\\\/01\\\/Logo_Organisator_Website.png\",\"contentUrl\":\"https:\\\/\\\/www.organisator.ch\\\/wp-content\\\/uploads\\\/2022\\\/01\\\/Logo_Organisator_Website.png\",\"width\":800,\"height\":77,\"caption\":\"Organisator\"},\"image\":{\"@id\":\"https:\\\/\\\/www.organisator.ch\\\/#\\\/schema\\\/logo\\\/image\\\/\"},\"sameAs\":[\"https:\\\/\\\/www.facebook.com\\\/OrganisatorFachmagazin\",\"https:\\\/\\\/www.linkedin.com\\\/showcase\\\/organisator-das-magazin-fr-kmu\",\"https:\\\/\\\/www.xing.com\\\/news\\\/pages\\\/organisator-ch-695\",\"https:\\\/\\\/www.youtube.com\\\/channel\\\/UCGP2Sq0iWaZwT3BdIAQFYpw\"]},{\"@type\":\"Person\",\"@id\":\"https:\\\/\\\/www.organisator.ch\\\/#\\\/schema\\\/person\\\/2e1314a2172123f874db408d8911d3f3\",\"name\":\"Adelisa Kalajdzini\",\"image\":{\"@type\":\"ImageObject\",\"inLanguage\":\"en-US\",\"@id\":\"https:\\\/\\\/secure.gravatar.com\\\/avatar\\\/09a397c22ac58cad6f160ee8306348599df9df58a8ede73696226897b9fa4b24?s=96&d=mm&r=g\",\"url\":\"https:\\\/\\\/secure.gravatar.com\\\/avatar\\\/09a397c22ac58cad6f160ee8306348599df9df58a8ede73696226897b9fa4b24?s=96&d=mm&r=g\",\"contentUrl\":\"https:\\\/\\\/secure.gravatar.com\\\/avatar\\\/09a397c22ac58cad6f160ee8306348599df9df58a8ede73696226897b9fa4b24?s=96&d=mm&r=g\",\"caption\":\"Adelisa Kalajdzini\"},\"url\":\"https:\\\/\\\/www.organisator.ch\\\/en\\\/author\\\/adelisa-kalajdzini\\\/\"}]}<\/script>\n<!-- \/ Yoast SEO plugin. -->","yoast_head_json":{"title":"Z\u00fchlke strengthens the Board of Directors with new expertise - Organizer","description":"The Z\u00fchlke Group elected three new members to the Board of Directors at the Annual General Meeting on June 20.","robots":{"index":"index","follow":"follow","max-snippet":"max-snippet:-1","max-image-preview":"max-image-preview:large","max-video-preview":"max-video-preview:-1"},"canonical":"https:\/\/www.organisator.ch\/en\/management\/2024-06-26\/zuehlke-verstaerkt-sich-im-verwaltungsrat-mit-neuer-expertise\/","og_locale":"en_US","og_type":"article","og_title":"Z\u00fchlke verst\u00e4rkt sich im Verwaltungsrat mit neuer Expertise","og_description":"Die Z\u00fchlke Gruppe hat im Rahmen einer Generalversammlung am 20. Juni drei neue Mitglieder in den Verwaltungsrat gew\u00e4hlt.","og_url":"https:\/\/www.organisator.ch\/en\/management\/2024-06-26\/zuehlke-verstaerkt-sich-im-verwaltungsrat-mit-neuer-expertise\/","og_site_name":"Organisator","article_publisher":"https:\/\/www.facebook.com\/OrganisatorFachmagazin","article_published_time":"2024-06-26T08:14:44+00:00","og_image":[{"width":680,"height":257,"url":"https:\/\/www.organisator.ch\/wp-content\/uploads\/2024\/06\/Zuehlke_Bild1_ps.jpg","type":"image\/jpeg"}],"author":"Adelisa Kalajdzini","twitter_card":"summary_large_image","twitter_title":"Z\u00fchlke verst\u00e4rkt sich im Verwaltungsrat mit neuer Expertise","twitter_description":"Die #Z\u00fchlke Gruppe hat im Rahmen einer #Generalversammlung am 20. Juni #drei #neue #Mitglieder in den #Verwaltungsrat gew\u00e4hlt.","twitter_image":"https:\/\/www.organisator.ch\/wp-content\/uploads\/2024\/06\/Zuehlke_Bild1_ps.jpg","schema":{"@context":"https:\/\/schema.org","@graph":[{"@type":"Article","@id":"https:\/\/www.organisator.ch\/management\/2024-06-26\/zuehlke-verstaerkt-sich-im-verwaltungsrat-mit-neuer-expertise\/#article","isPartOf":{"@id":"https:\/\/www.organisator.ch\/management\/2024-06-26\/zuehlke-verstaerkt-sich-im-verwaltungsrat-mit-neuer-expertise\/"},"author":{"name":"Adelisa Kalajdzini","@id":"https:\/\/www.organisator.ch\/#\/schema\/person\/2e1314a2172123f874db408d8911d3f3"},"headline":"Z\u00fchlke verst\u00e4rkt sich im Verwaltungsrat mit neuer Expertise","datePublished":"2024-06-26T08:14:44+00:00","mainEntityOfPage":{"@id":"https:\/\/www.organisator.ch\/management\/2024-06-26\/zuehlke-verstaerkt-sich-im-verwaltungsrat-mit-neuer-expertise\/"},"wordCount":459,"publisher":{"@id":"https:\/\/www.organisator.ch\/#organization"},"image":{"@id":"https:\/\/www.organisator.ch\/management\/2024-06-26\/zuehlke-verstaerkt-sich-im-verwaltungsrat-mit-neuer-expertise\/#primaryimage"},"thumbnailUrl":"https:\/\/www.organisator.ch\/wp-content\/uploads\/2024\/06\/Zuehlke_Bild1_ps.jpg","keywords":["Expertise","Management","Unternehmen","Verwaltungsrat"],"articleSection":["MANAGEMENT"],"inLanguage":"en-US"},{"@type":"WebPage","@id":"https:\/\/www.organisator.ch\/management\/2024-06-26\/zuehlke-verstaerkt-sich-im-verwaltungsrat-mit-neuer-expertise\/","url":"https:\/\/www.organisator.ch\/management\/2024-06-26\/zuehlke-verstaerkt-sich-im-verwaltungsrat-mit-neuer-expertise\/","name":"Z\u00fchlke strengthens the Board of Directors with new expertise - Organizer","isPartOf":{"@id":"https:\/\/www.organisator.ch\/#website"},"primaryImageOfPage":{"@id":"https:\/\/www.organisator.ch\/management\/2024-06-26\/zuehlke-verstaerkt-sich-im-verwaltungsrat-mit-neuer-expertise\/#primaryimage"},"image":{"@id":"https:\/\/www.organisator.ch\/management\/2024-06-26\/zuehlke-verstaerkt-sich-im-verwaltungsrat-mit-neuer-expertise\/#primaryimage"},"thumbnailUrl":"https:\/\/www.organisator.ch\/wp-content\/uploads\/2024\/06\/Zuehlke_Bild1_ps.jpg","datePublished":"2024-06-26T08:14:44+00:00","description":"The Z\u00fchlke Group elected three new members to the Board of Directors at the Annual General Meeting on June 20.","breadcrumb":{"@id":"https:\/\/www.organisator.ch\/management\/2024-06-26\/zuehlke-verstaerkt-sich-im-verwaltungsrat-mit-neuer-expertise\/#breadcrumb"},"inLanguage":"en-US","potentialAction":[{"@type":"ReadAction","target":["https:\/\/www.organisator.ch\/management\/2024-06-26\/zuehlke-verstaerkt-sich-im-verwaltungsrat-mit-neuer-expertise\/"]}]},{"@type":"ImageObject","inLanguage":"en-US","@id":"https:\/\/www.organisator.ch\/management\/2024-06-26\/zuehlke-verstaerkt-sich-im-verwaltungsrat-mit-neuer-expertise\/#primaryimage","url":"https:\/\/www.organisator.ch\/wp-content\/uploads\/2024\/06\/Zuehlke_Bild1_ps.jpg","contentUrl":"https:\/\/www.organisator.ch\/wp-content\/uploads\/2024\/06\/Zuehlke_Bild1_ps.jpg","width":680,"height":257,"caption":"Drei neue Mitglieder in den Verwaltungsrat der Z\u00fchlke Gruppe, Andrea Gisle Joosen, Feiyu Xu und Wolfgang Emmerich. (Bild: www.zuehlke.com)"},{"@type":"BreadcrumbList","@id":"https:\/\/www.organisator.ch\/management\/2024-06-26\/zuehlke-verstaerkt-sich-im-verwaltungsrat-mit-neuer-expertise\/#breadcrumb","itemListElement":[{"@type":"ListItem","position":1,"name":"Home","item":"https:\/\/www.organisator.ch\/"},{"@type":"ListItem","position":2,"name":"Z\u00fchlke verst\u00e4rkt sich im Verwaltungsrat mit neuer Expertise"}]},{"@type":"WebSite","@id":"https:\/\/www.organisator.ch\/#website","url":"https:\/\/www.organisator.ch\/","name":"Organizer","description":"Competent. Practical. In 10 issues per year, ORGANISATOR presents the essential topics for managers of SMEs.","publisher":{"@id":"https:\/\/www.organisator.ch\/#organization"},"potentialAction":[{"@type":"SearchAction","target":{"@type":"EntryPoint","urlTemplate":"https:\/\/www.organisator.ch\/?s={search_term_string}"},"query-input":{"@type":"PropertyValueSpecification","valueRequired":true,"valueName":"search_term_string"}}],"inLanguage":"en-US"},{"@type":"Organization","@id":"https:\/\/www.organisator.ch\/#organization","name":"Organizer","url":"https:\/\/www.organisator.ch\/","logo":{"@type":"ImageObject","inLanguage":"en-US","@id":"https:\/\/www.organisator.ch\/#\/schema\/logo\/image\/","url":"https:\/\/www.organisator.ch\/wp-content\/uploads\/2022\/01\/Logo_Organisator_Website.png","contentUrl":"https:\/\/www.organisator.ch\/wp-content\/uploads\/2022\/01\/Logo_Organisator_Website.png","width":800,"height":77,"caption":"Organisator"},"image":{"@id":"https:\/\/www.organisator.ch\/#\/schema\/logo\/image\/"},"sameAs":["https:\/\/www.facebook.com\/OrganisatorFachmagazin","https:\/\/www.linkedin.com\/showcase\/organisator-das-magazin-fr-kmu","https:\/\/www.xing.com\/news\/pages\/organisator-ch-695","https:\/\/www.youtube.com\/channel\/UCGP2Sq0iWaZwT3BdIAQFYpw"]},{"@type":"Person","@id":"https:\/\/www.organisator.ch\/#\/schema\/person\/2e1314a2172123f874db408d8911d3f3","name":"Adelisa Kalajdzini","image":{"@type":"ImageObject","inLanguage":"en-US","@id":"https:\/\/secure.gravatar.com\/avatar\/09a397c22ac58cad6f160ee8306348599df9df58a8ede73696226897b9fa4b24?s=96&d=mm&r=g","url":"https:\/\/secure.gravatar.com\/avatar\/09a397c22ac58cad6f160ee8306348599df9df58a8ede73696226897b9fa4b24?s=96&d=mm&r=g","contentUrl":"https:\/\/secure.gravatar.com\/avatar\/09a397c22ac58cad6f160ee8306348599df9df58a8ede73696226897b9fa4b24?s=96&d=mm&r=g","caption":"Adelisa Kalajdzini"},"url":"https:\/\/www.organisator.ch\/en\/author\/adelisa-kalajdzini\/"}]}},"_links":{"self":[{"href":"https:\/\/www.organisator.ch\/en\/wp-json\/wp\/v2\/posts\/28021","targetHints":{"allow":["GET"]}}],"collection":[{"href":"https:\/\/www.organisator.ch\/en\/wp-json\/wp\/v2\/posts"}],"about":[{"href":"https:\/\/www.organisator.ch\/en\/wp-json\/wp\/v2\/types\/post"}],"author":[{"embeddable":true,"href":"https:\/\/www.organisator.ch\/en\/wp-json\/wp\/v2\/users\/58"}],"replies":[{"embeddable":true,"href":"https:\/\/www.organisator.ch\/en\/wp-json\/wp\/v2\/comments?post=28021"}],"version-history":[{"count":3,"href":"https:\/\/www.organisator.ch\/en\/wp-json\/wp\/v2\/posts\/28021\/revisions"}],"predecessor-version":[{"id":28061,"href":"https:\/\/www.organisator.ch\/en\/wp-json\/wp\/v2\/posts\/28021\/revisions\/28061"}],"wp:featuredmedia":[{"embeddable":true,"href":"https:\/\/www.organisator.ch\/en\/wp-json\/wp\/v2\/media\/28022"}],"wp:attachment":[{"href":"https:\/\/www.organisator.ch\/en\/wp-json\/wp\/v2\/media?parent=28021"}],"wp:term":[{"taxonomy":"category","embeddable":true,"href":"https:\/\/www.organisator.ch\/en\/wp-json\/wp\/v2\/categories?post=28021"},{"taxonomy":"post_tag","embeddable":true,"href":"https:\/\/www.organisator.ch\/en\/wp-json\/wp\/v2\/tags?post=28021"}],"curies":[{"name":"wp","href":"https:\/\/api.w.org\/{rel}","templated":true}]}}