{"id":28103,"date":"2024-07-01T07:32:08","date_gmt":"2024-07-01T05:32:08","guid":{"rendered":"https:\/\/www.organisator.ch\/?p=28103"},"modified":"2024-06-28T10:32:33","modified_gmt":"2024-06-28T08:32:33","slug":"matthias-keller-wird-neuer-mehrheitseigner-von-autexis","status":"publish","type":"post","link":"https:\/\/www.organisator.ch\/en\/management\/2024-07-01\/matthias-keller-wird-neuer-mehrheitseigner-von-autexis\/","title":{"rendered":"Matthias Keller becomes new majority shareholder of Autexis"},"content":{"rendered":"<figure id=\"attachment_28105\" aria-describedby=\"caption-attachment-28105\" style=\"width: 680px\" class=\"wp-caption alignnone\"><img loading=\"lazy\" decoding=\"async\" class=\"size-full wp-image-28105\" src=\"https:\/\/www.organisator.ch\/wp-content\/uploads\/2024\/06\/Foto_AutexisKKInvest_Bild1_ps.jpg\" alt=\"\" width=\"680\" height=\"510\" srcset=\"https:\/\/www.organisator.ch\/wp-content\/uploads\/2024\/06\/Foto_AutexisKKInvest_Bild1_ps.jpg 680w, https:\/\/www.organisator.ch\/wp-content\/uploads\/2024\/06\/Foto_AutexisKKInvest_Bild1_ps-16x12.jpg 16w, https:\/\/www.organisator.ch\/wp-content\/uploads\/2024\/06\/Foto_AutexisKKInvest_Bild1_ps-375x281.jpg 375w, https:\/\/www.organisator.ch\/wp-content\/uploads\/2024\/06\/Foto_AutexisKKInvest_Bild1_ps-467x350.jpg 467w\" sizes=\"auto, (max-width: 680px) 100vw, 680px\" \/><figcaption id=\"caption-attachment-28105\" class=\"wp-caption-text\">They are leading Autexis into the future: (from left to right) Patrick Brazzale (CEO Autexis and mesoneer), Matthias Keller (majority shareholder and Chairman of the Board of Directors), Philippe Ramseier (founder and member of the Board of Directors) and Hansj\u00f6rg Schmidle (CTO). (Image: www.autexis.com)<\/figcaption><\/figure>\n<p>In addition to its core business, the automation of production plants and the implementation of control systems for plant and machine manufacturers, Autexis also has a software development division. Since June 2023, the software manufacturer mesoneer, based in Wallisellen and two other locations in Vietnam, has been supporting Autexis in the development of the new Digital Factory Suite, a complete solution for process digitalization in the food, pharmaceutical, mechanical and plant engineering industries. The Manufacturing Execution System (MES) is a growth driver for Autexis.<\/p>\n<p>The majority shareholder of mesoneer is entrepreneur Matthias Keller. Together with his family office KK Invest, he is now acquiring a majority stake in Autexis. mesoneer CEO Patrick Brazzale will become the new CEO, which will strengthen the strategic partnership between the two companies. The previous majority shareholder Philippe Ramseier will drive forward the sale and market development of Autexis at a strategic level as a shareholder and member of the Board of Directors. He founded the company following a management buyout in 2010, while Hansj\u00f6rg Schmidle will remain a shareholder and continue in his role as Chief Technology Officer (CTO).<\/p>\n<p>Matthias Keller is convinced: \"With Autexis and mesoneer, we are helping our customers to further increase efficiency and quality in processes with smart software solutions and thus drive digitalization forward. The intensified strategic collaboration will result in enormous benefits for both companies and therefore also for all our customers.\"<\/p>\n<p>Entrepreneur Philippe Ramseier is also looking forward to the joint future: \"My top priority is to consolidate Autexis' position as a leading international provider of both automation and digitalization solutions in the industry. With mesoneer as a sister company, we will achieve this goal even faster.\"<\/p>\n<p><em>Source: <a href=\"http:\/\/www.autexis.com\">www.autexis.com<\/a> \u00a0\u00a0\u00a0\u00a0\u00a0\u00a0\u00a0\u00a0\u00a0\u00a0\u00a0\u00a0\u00a0\u00a0\u00a0<\/em><\/p>","protected":false},"excerpt":{"rendered":"<p>Matthias Keller takes over the majority of shares in Autexis in Villmergen. The previous main owner and founder of Autexis, Philippe Ramseier, will remain a member of the Board of Directors as a shareholder. Patrick Brazzale, who already manages the software manufacturer mesoneer, will become CEO. The two companies entered into a strategic partnership a year ago.<\/p>","protected":false},"author":58,"featured_media":28105,"comment_status":"closed","ping_status":"closed","sticky":false,"template":"","format":"standard","meta":{"_acf_changed":false,"_yoast_wpseo_focuskw":"Matthias Keller","_yoast_wpseo_metadesc":"Matthias Keller \u00fcbernimmt die Aktienmehrheit der Autexis. Der bisherige Autexis-Haupteigner und -Gr\u00fcnder Philippe Ramseier bleibt als Aktion\u00e4r Mitglied des Verwaltungsrats.","articlekey":"","footnotes":""},"categories":[28],"tags":[334,492,496],"class_list":["post-28103","post","type-post","status-publish","format-standard","has-post-thumbnail","hentry","category-management","tag-management","tag-unternehmen","tag-unternehmensfuehrung"],"acf":[],"yoast_head":"<!-- This site is optimized with the Yoast SEO plugin v27.5 - https:\/\/yoast.com\/product\/yoast-seo-wordpress\/ -->\n<title>Matthias Keller wird neuer Mehrheitseigner von Autexis - Organisator<\/title>\n<meta name=\"description\" content=\"Matthias Keller \u00fcbernimmt die Aktienmehrheit der Autexis. Der bisherige Autexis-Haupteigner und -Gr\u00fcnder Philippe Ramseier bleibt als Aktion\u00e4r Mitglied des Verwaltungsrats.\" \/>\n<meta name=\"robots\" content=\"index, follow, max-snippet:-1, max-image-preview:large, max-video-preview:-1\" \/>\n<link rel=\"canonical\" href=\"https:\/\/www.organisator.ch\/en\/management\/2024-07-01\/matthias-keller-wird-neuer-mehrheitseigner-von-autexis\/\" \/>\n<meta property=\"og:locale\" content=\"en_US\" \/>\n<meta property=\"og:type\" content=\"article\" \/>\n<meta property=\"og:title\" content=\"Matthias Keller wird neuer Mehrheitseigner von Autexis\" \/>\n<meta property=\"og:description\" content=\"Matthias Keller \u00fcbernimmt die Aktienmehrheit der Autexis. Der bisherige Autexis-Haupteigner und -Gr\u00fcnder Philippe Ramseier bleibt als Aktion\u00e4r Mitglied des Verwaltungsrats.\" \/>\n<meta property=\"og:url\" content=\"https:\/\/www.organisator.ch\/en\/management\/2024-07-01\/matthias-keller-wird-neuer-mehrheitseigner-von-autexis\/\" \/>\n<meta property=\"og:site_name\" content=\"Organisator\" \/>\n<meta property=\"article:publisher\" content=\"https:\/\/www.facebook.com\/OrganisatorFachmagazin\" \/>\n<meta property=\"article:published_time\" content=\"2024-07-01T05:32:08+00:00\" \/>\n<meta property=\"og:image\" content=\"https:\/\/www.organisator.ch\/wp-content\/uploads\/2024\/06\/Foto_AutexisKKInvest_Bild1_ps.jpg\" \/>\n\t<meta property=\"og:image:width\" content=\"680\" \/>\n\t<meta property=\"og:image:height\" content=\"510\" \/>\n\t<meta property=\"og:image:type\" content=\"image\/jpeg\" \/>\n<meta name=\"author\" content=\"Adelisa Kalajdzini\" \/>\n<meta name=\"twitter:card\" content=\"summary_large_image\" \/>\n<meta name=\"twitter:title\" content=\"Matthias Keller wird neuer Mehrheitseigner von Autexis\" \/>\n<meta name=\"twitter:description\" content=\"#Matthias #Keller \u00fcbernimmt die #Aktienmehrheit der #Autexis. Der bisherige Autexis-Haupteigner und -Gr\u00fcnder #Philippe #Ramseier bleibt als Aktion\u00e4r Mitglied des #Verwaltungsrats.\" \/>\n<meta name=\"twitter:image\" content=\"https:\/\/www.organisator.ch\/wp-content\/uploads\/2024\/06\/Foto_AutexisKKInvest_Bild1_ps.jpg\" \/>\n<script type=\"application\/ld+json\" class=\"yoast-schema-graph\">{\"@context\":\"https:\\\/\\\/schema.org\",\"@graph\":[{\"@type\":\"Article\",\"@id\":\"https:\\\/\\\/www.organisator.ch\\\/management\\\/2024-07-01\\\/matthias-keller-wird-neuer-mehrheitseigner-von-autexis\\\/#article\",\"isPartOf\":{\"@id\":\"https:\\\/\\\/www.organisator.ch\\\/management\\\/2024-07-01\\\/matthias-keller-wird-neuer-mehrheitseigner-von-autexis\\\/\"},\"author\":{\"name\":\"Adelisa Kalajdzini\",\"@id\":\"https:\\\/\\\/www.organisator.ch\\\/#\\\/schema\\\/person\\\/2e1314a2172123f874db408d8911d3f3\"},\"headline\":\"Matthias Keller wird neuer Mehrheitseigner von Autexis\",\"datePublished\":\"2024-07-01T05:32:08+00:00\",\"mainEntityOfPage\":{\"@id\":\"https:\\\/\\\/www.organisator.ch\\\/management\\\/2024-07-01\\\/matthias-keller-wird-neuer-mehrheitseigner-von-autexis\\\/\"},\"wordCount\":329,\"publisher\":{\"@id\":\"https:\\\/\\\/www.organisator.ch\\\/#organization\"},\"image\":{\"@id\":\"https:\\\/\\\/www.organisator.ch\\\/management\\\/2024-07-01\\\/matthias-keller-wird-neuer-mehrheitseigner-von-autexis\\\/#primaryimage\"},\"thumbnailUrl\":\"https:\\\/\\\/www.organisator.ch\\\/wp-content\\\/uploads\\\/2024\\\/06\\\/Foto_AutexisKKInvest_Bild1_ps.jpg\",\"keywords\":[\"Management\",\"Unternehmen\",\"Unternehmensf\u00fchrung\"],\"articleSection\":[\"MANAGEMENT\"],\"inLanguage\":\"en-US\"},{\"@type\":\"WebPage\",\"@id\":\"https:\\\/\\\/www.organisator.ch\\\/management\\\/2024-07-01\\\/matthias-keller-wird-neuer-mehrheitseigner-von-autexis\\\/\",\"url\":\"https:\\\/\\\/www.organisator.ch\\\/management\\\/2024-07-01\\\/matthias-keller-wird-neuer-mehrheitseigner-von-autexis\\\/\",\"name\":\"Matthias Keller wird neuer Mehrheitseigner von Autexis - Organisator\",\"isPartOf\":{\"@id\":\"https:\\\/\\\/www.organisator.ch\\\/#website\"},\"primaryImageOfPage\":{\"@id\":\"https:\\\/\\\/www.organisator.ch\\\/management\\\/2024-07-01\\\/matthias-keller-wird-neuer-mehrheitseigner-von-autexis\\\/#primaryimage\"},\"image\":{\"@id\":\"https:\\\/\\\/www.organisator.ch\\\/management\\\/2024-07-01\\\/matthias-keller-wird-neuer-mehrheitseigner-von-autexis\\\/#primaryimage\"},\"thumbnailUrl\":\"https:\\\/\\\/www.organisator.ch\\\/wp-content\\\/uploads\\\/2024\\\/06\\\/Foto_AutexisKKInvest_Bild1_ps.jpg\",\"datePublished\":\"2024-07-01T05:32:08+00:00\",\"description\":\"Matthias Keller \u00fcbernimmt die Aktienmehrheit der Autexis. Der bisherige Autexis-Haupteigner und -Gr\u00fcnder Philippe Ramseier bleibt als Aktion\u00e4r Mitglied des Verwaltungsrats.\",\"breadcrumb\":{\"@id\":\"https:\\\/\\\/www.organisator.ch\\\/management\\\/2024-07-01\\\/matthias-keller-wird-neuer-mehrheitseigner-von-autexis\\\/#breadcrumb\"},\"inLanguage\":\"en-US\",\"potentialAction\":[{\"@type\":\"ReadAction\",\"target\":[\"https:\\\/\\\/www.organisator.ch\\\/management\\\/2024-07-01\\\/matthias-keller-wird-neuer-mehrheitseigner-von-autexis\\\/\"]}]},{\"@type\":\"ImageObject\",\"inLanguage\":\"en-US\",\"@id\":\"https:\\\/\\\/www.organisator.ch\\\/management\\\/2024-07-01\\\/matthias-keller-wird-neuer-mehrheitseigner-von-autexis\\\/#primaryimage\",\"url\":\"https:\\\/\\\/www.organisator.ch\\\/wp-content\\\/uploads\\\/2024\\\/06\\\/Foto_AutexisKKInvest_Bild1_ps.jpg\",\"contentUrl\":\"https:\\\/\\\/www.organisator.ch\\\/wp-content\\\/uploads\\\/2024\\\/06\\\/Foto_AutexisKKInvest_Bild1_ps.jpg\",\"width\":680,\"height\":510,\"caption\":\"Sie f\u00fchren die Autexis in die Zukunft: (v. l. n. r.) Patrick Brazzale (CEO Autexis und mesoneer), Matthias Keller (Mehrheitsaktion\u00e4r und Verwaltungsratspr\u00e4sident), Philippe Ramseier (Gr\u00fcnder und Mitglied des Verwaltungsrats) und Hansj\u00f6rg Schmidle (CTO). (Bild: www.autexis.com)\"},{\"@type\":\"BreadcrumbList\",\"@id\":\"https:\\\/\\\/www.organisator.ch\\\/management\\\/2024-07-01\\\/matthias-keller-wird-neuer-mehrheitseigner-von-autexis\\\/#breadcrumb\",\"itemListElement\":[{\"@type\":\"ListItem\",\"position\":1,\"name\":\"Home\",\"item\":\"https:\\\/\\\/www.organisator.ch\\\/\"},{\"@type\":\"ListItem\",\"position\":2,\"name\":\"Matthias Keller wird neuer Mehrheitseigner von Autexis\"}]},{\"@type\":\"WebSite\",\"@id\":\"https:\\\/\\\/www.organisator.ch\\\/#website\",\"url\":\"https:\\\/\\\/www.organisator.ch\\\/\",\"name\":\"Organisator\",\"description\":\"Kompetent. Praxisnah. Der ORGANISATOR bereitet in 10 Ausgaben pro Jahr die wesentlichen Themen f\u00fcr F\u00fchrungskr\u00e4fte von KMU auf.\",\"publisher\":{\"@id\":\"https:\\\/\\\/www.organisator.ch\\\/#organization\"},\"potentialAction\":[{\"@type\":\"SearchAction\",\"target\":{\"@type\":\"EntryPoint\",\"urlTemplate\":\"https:\\\/\\\/www.organisator.ch\\\/?s={search_term_string}\"},\"query-input\":{\"@type\":\"PropertyValueSpecification\",\"valueRequired\":true,\"valueName\":\"search_term_string\"}}],\"inLanguage\":\"en-US\"},{\"@type\":\"Organization\",\"@id\":\"https:\\\/\\\/www.organisator.ch\\\/#organization\",\"name\":\"Organisator\",\"url\":\"https:\\\/\\\/www.organisator.ch\\\/\",\"logo\":{\"@type\":\"ImageObject\",\"inLanguage\":\"en-US\",\"@id\":\"https:\\\/\\\/www.organisator.ch\\\/#\\\/schema\\\/logo\\\/image\\\/\",\"url\":\"https:\\\/\\\/www.organisator.ch\\\/wp-content\\\/uploads\\\/2022\\\/01\\\/Logo_Organisator_Website.png\",\"contentUrl\":\"https:\\\/\\\/www.organisator.ch\\\/wp-content\\\/uploads\\\/2022\\\/01\\\/Logo_Organisator_Website.png\",\"width\":800,\"height\":77,\"caption\":\"Organisator\"},\"image\":{\"@id\":\"https:\\\/\\\/www.organisator.ch\\\/#\\\/schema\\\/logo\\\/image\\\/\"},\"sameAs\":[\"https:\\\/\\\/www.facebook.com\\\/OrganisatorFachmagazin\",\"https:\\\/\\\/www.linkedin.com\\\/showcase\\\/organisator-das-magazin-fr-kmu\",\"https:\\\/\\\/www.xing.com\\\/news\\\/pages\\\/organisator-ch-695\",\"https:\\\/\\\/www.youtube.com\\\/channel\\\/UCGP2Sq0iWaZwT3BdIAQFYpw\"]},{\"@type\":\"Person\",\"@id\":\"https:\\\/\\\/www.organisator.ch\\\/#\\\/schema\\\/person\\\/2e1314a2172123f874db408d8911d3f3\",\"name\":\"Adelisa Kalajdzini\",\"image\":{\"@type\":\"ImageObject\",\"inLanguage\":\"en-US\",\"@id\":\"https:\\\/\\\/secure.gravatar.com\\\/avatar\\\/09a397c22ac58cad6f160ee8306348599df9df58a8ede73696226897b9fa4b24?s=96&d=mm&r=g\",\"url\":\"https:\\\/\\\/secure.gravatar.com\\\/avatar\\\/09a397c22ac58cad6f160ee8306348599df9df58a8ede73696226897b9fa4b24?s=96&d=mm&r=g\",\"contentUrl\":\"https:\\\/\\\/secure.gravatar.com\\\/avatar\\\/09a397c22ac58cad6f160ee8306348599df9df58a8ede73696226897b9fa4b24?s=96&d=mm&r=g\",\"caption\":\"Adelisa Kalajdzini\"},\"url\":\"https:\\\/\\\/www.organisator.ch\\\/en\\\/author\\\/adelisa-kalajdzini\\\/\"}]}<\/script>\n<!-- \/ Yoast SEO plugin. -->","yoast_head_json":{"title":"Matthias Keller becomes new majority shareholder of Autexis - Organizer","description":"Matthias Keller takes over the majority of shares in Autexis. The previous main owner and founder of Autexis, Philippe Ramseier, remains a member of the Board of Directors as a shareholder.","robots":{"index":"index","follow":"follow","max-snippet":"max-snippet:-1","max-image-preview":"max-image-preview:large","max-video-preview":"max-video-preview:-1"},"canonical":"https:\/\/www.organisator.ch\/en\/management\/2024-07-01\/matthias-keller-wird-neuer-mehrheitseigner-von-autexis\/","og_locale":"en_US","og_type":"article","og_title":"Matthias Keller wird neuer Mehrheitseigner von Autexis","og_description":"Matthias Keller \u00fcbernimmt die Aktienmehrheit der Autexis. Der bisherige Autexis-Haupteigner und -Gr\u00fcnder Philippe Ramseier bleibt als Aktion\u00e4r Mitglied des Verwaltungsrats.","og_url":"https:\/\/www.organisator.ch\/en\/management\/2024-07-01\/matthias-keller-wird-neuer-mehrheitseigner-von-autexis\/","og_site_name":"Organisator","article_publisher":"https:\/\/www.facebook.com\/OrganisatorFachmagazin","article_published_time":"2024-07-01T05:32:08+00:00","og_image":[{"width":680,"height":510,"url":"https:\/\/www.organisator.ch\/wp-content\/uploads\/2024\/06\/Foto_AutexisKKInvest_Bild1_ps.jpg","type":"image\/jpeg"}],"author":"Adelisa Kalajdzini","twitter_card":"summary_large_image","twitter_title":"Matthias Keller wird neuer Mehrheitseigner von Autexis","twitter_description":"#Matthias #Keller \u00fcbernimmt die #Aktienmehrheit der #Autexis. Der bisherige Autexis-Haupteigner und -Gr\u00fcnder #Philippe #Ramseier bleibt als Aktion\u00e4r Mitglied des #Verwaltungsrats.","twitter_image":"https:\/\/www.organisator.ch\/wp-content\/uploads\/2024\/06\/Foto_AutexisKKInvest_Bild1_ps.jpg","schema":{"@context":"https:\/\/schema.org","@graph":[{"@type":"Article","@id":"https:\/\/www.organisator.ch\/management\/2024-07-01\/matthias-keller-wird-neuer-mehrheitseigner-von-autexis\/#article","isPartOf":{"@id":"https:\/\/www.organisator.ch\/management\/2024-07-01\/matthias-keller-wird-neuer-mehrheitseigner-von-autexis\/"},"author":{"name":"Adelisa Kalajdzini","@id":"https:\/\/www.organisator.ch\/#\/schema\/person\/2e1314a2172123f874db408d8911d3f3"},"headline":"Matthias Keller wird neuer Mehrheitseigner von Autexis","datePublished":"2024-07-01T05:32:08+00:00","mainEntityOfPage":{"@id":"https:\/\/www.organisator.ch\/management\/2024-07-01\/matthias-keller-wird-neuer-mehrheitseigner-von-autexis\/"},"wordCount":329,"publisher":{"@id":"https:\/\/www.organisator.ch\/#organization"},"image":{"@id":"https:\/\/www.organisator.ch\/management\/2024-07-01\/matthias-keller-wird-neuer-mehrheitseigner-von-autexis\/#primaryimage"},"thumbnailUrl":"https:\/\/www.organisator.ch\/wp-content\/uploads\/2024\/06\/Foto_AutexisKKInvest_Bild1_ps.jpg","keywords":["Management","Unternehmen","Unternehmensf\u00fchrung"],"articleSection":["MANAGEMENT"],"inLanguage":"en-US"},{"@type":"WebPage","@id":"https:\/\/www.organisator.ch\/management\/2024-07-01\/matthias-keller-wird-neuer-mehrheitseigner-von-autexis\/","url":"https:\/\/www.organisator.ch\/management\/2024-07-01\/matthias-keller-wird-neuer-mehrheitseigner-von-autexis\/","name":"Matthias Keller becomes new majority shareholder of Autexis - Organizer","isPartOf":{"@id":"https:\/\/www.organisator.ch\/#website"},"primaryImageOfPage":{"@id":"https:\/\/www.organisator.ch\/management\/2024-07-01\/matthias-keller-wird-neuer-mehrheitseigner-von-autexis\/#primaryimage"},"image":{"@id":"https:\/\/www.organisator.ch\/management\/2024-07-01\/matthias-keller-wird-neuer-mehrheitseigner-von-autexis\/#primaryimage"},"thumbnailUrl":"https:\/\/www.organisator.ch\/wp-content\/uploads\/2024\/06\/Foto_AutexisKKInvest_Bild1_ps.jpg","datePublished":"2024-07-01T05:32:08+00:00","description":"Matthias Keller takes over the majority of shares in Autexis. The previous main owner and founder of Autexis, Philippe Ramseier, remains a member of the Board of Directors as a shareholder.","breadcrumb":{"@id":"https:\/\/www.organisator.ch\/management\/2024-07-01\/matthias-keller-wird-neuer-mehrheitseigner-von-autexis\/#breadcrumb"},"inLanguage":"en-US","potentialAction":[{"@type":"ReadAction","target":["https:\/\/www.organisator.ch\/management\/2024-07-01\/matthias-keller-wird-neuer-mehrheitseigner-von-autexis\/"]}]},{"@type":"ImageObject","inLanguage":"en-US","@id":"https:\/\/www.organisator.ch\/management\/2024-07-01\/matthias-keller-wird-neuer-mehrheitseigner-von-autexis\/#primaryimage","url":"https:\/\/www.organisator.ch\/wp-content\/uploads\/2024\/06\/Foto_AutexisKKInvest_Bild1_ps.jpg","contentUrl":"https:\/\/www.organisator.ch\/wp-content\/uploads\/2024\/06\/Foto_AutexisKKInvest_Bild1_ps.jpg","width":680,"height":510,"caption":"Sie f\u00fchren die Autexis in die Zukunft: (v. l. n. r.) Patrick Brazzale (CEO Autexis und mesoneer), Matthias Keller (Mehrheitsaktion\u00e4r und Verwaltungsratspr\u00e4sident), Philippe Ramseier (Gr\u00fcnder und Mitglied des Verwaltungsrats) und Hansj\u00f6rg Schmidle (CTO). (Bild: www.autexis.com)"},{"@type":"BreadcrumbList","@id":"https:\/\/www.organisator.ch\/management\/2024-07-01\/matthias-keller-wird-neuer-mehrheitseigner-von-autexis\/#breadcrumb","itemListElement":[{"@type":"ListItem","position":1,"name":"Home","item":"https:\/\/www.organisator.ch\/"},{"@type":"ListItem","position":2,"name":"Matthias Keller wird neuer Mehrheitseigner von Autexis"}]},{"@type":"WebSite","@id":"https:\/\/www.organisator.ch\/#website","url":"https:\/\/www.organisator.ch\/","name":"Organizer","description":"Competent. Practical. In 10 issues per year, ORGANISATOR presents the essential topics for managers of SMEs.","publisher":{"@id":"https:\/\/www.organisator.ch\/#organization"},"potentialAction":[{"@type":"SearchAction","target":{"@type":"EntryPoint","urlTemplate":"https:\/\/www.organisator.ch\/?s={search_term_string}"},"query-input":{"@type":"PropertyValueSpecification","valueRequired":true,"valueName":"search_term_string"}}],"inLanguage":"en-US"},{"@type":"Organization","@id":"https:\/\/www.organisator.ch\/#organization","name":"Organizer","url":"https:\/\/www.organisator.ch\/","logo":{"@type":"ImageObject","inLanguage":"en-US","@id":"https:\/\/www.organisator.ch\/#\/schema\/logo\/image\/","url":"https:\/\/www.organisator.ch\/wp-content\/uploads\/2022\/01\/Logo_Organisator_Website.png","contentUrl":"https:\/\/www.organisator.ch\/wp-content\/uploads\/2022\/01\/Logo_Organisator_Website.png","width":800,"height":77,"caption":"Organisator"},"image":{"@id":"https:\/\/www.organisator.ch\/#\/schema\/logo\/image\/"},"sameAs":["https:\/\/www.facebook.com\/OrganisatorFachmagazin","https:\/\/www.linkedin.com\/showcase\/organisator-das-magazin-fr-kmu","https:\/\/www.xing.com\/news\/pages\/organisator-ch-695","https:\/\/www.youtube.com\/channel\/UCGP2Sq0iWaZwT3BdIAQFYpw"]},{"@type":"Person","@id":"https:\/\/www.organisator.ch\/#\/schema\/person\/2e1314a2172123f874db408d8911d3f3","name":"Adelisa Kalajdzini","image":{"@type":"ImageObject","inLanguage":"en-US","@id":"https:\/\/secure.gravatar.com\/avatar\/09a397c22ac58cad6f160ee8306348599df9df58a8ede73696226897b9fa4b24?s=96&d=mm&r=g","url":"https:\/\/secure.gravatar.com\/avatar\/09a397c22ac58cad6f160ee8306348599df9df58a8ede73696226897b9fa4b24?s=96&d=mm&r=g","contentUrl":"https:\/\/secure.gravatar.com\/avatar\/09a397c22ac58cad6f160ee8306348599df9df58a8ede73696226897b9fa4b24?s=96&d=mm&r=g","caption":"Adelisa Kalajdzini"},"url":"https:\/\/www.organisator.ch\/en\/author\/adelisa-kalajdzini\/"}]}},"_links":{"self":[{"href":"https:\/\/www.organisator.ch\/en\/wp-json\/wp\/v2\/posts\/28103","targetHints":{"allow":["GET"]}}],"collection":[{"href":"https:\/\/www.organisator.ch\/en\/wp-json\/wp\/v2\/posts"}],"about":[{"href":"https:\/\/www.organisator.ch\/en\/wp-json\/wp\/v2\/types\/post"}],"author":[{"embeddable":true,"href":"https:\/\/www.organisator.ch\/en\/wp-json\/wp\/v2\/users\/58"}],"replies":[{"embeddable":true,"href":"https:\/\/www.organisator.ch\/en\/wp-json\/wp\/v2\/comments?post=28103"}],"version-history":[{"count":5,"href":"https:\/\/www.organisator.ch\/en\/wp-json\/wp\/v2\/posts\/28103\/revisions"}],"predecessor-version":[{"id":28153,"href":"https:\/\/www.organisator.ch\/en\/wp-json\/wp\/v2\/posts\/28103\/revisions\/28153"}],"wp:featuredmedia":[{"embeddable":true,"href":"https:\/\/www.organisator.ch\/en\/wp-json\/wp\/v2\/media\/28105"}],"wp:attachment":[{"href":"https:\/\/www.organisator.ch\/en\/wp-json\/wp\/v2\/media?parent=28103"}],"wp:term":[{"taxonomy":"category","embeddable":true,"href":"https:\/\/www.organisator.ch\/en\/wp-json\/wp\/v2\/categories?post=28103"},{"taxonomy":"post_tag","embeddable":true,"href":"https:\/\/www.organisator.ch\/en\/wp-json\/wp\/v2\/tags?post=28103"}],"curies":[{"name":"wp","href":"https:\/\/api.w.org\/{rel}","templated":true}]}}