{"id":28124,"date":"2024-07-01T02:46:08","date_gmt":"2024-07-01T00:46:08","guid":{"rendered":"https:\/\/www.werbewoche.ch\/?p=217374"},"modified":"2024-11-10T08:52:01","modified_gmt":"2024-11-10T07:52:01","slug":"neuer-praesident-und-neuer-vorstand-fuer-swiss-marketing","status":"publish","type":"post","link":"https:\/\/www.organisator.ch\/en\/marketing\/2024-07-01\/neuer-praesident-und-neuer-vorstand-fuer-swiss-marketing\/","title":{"rendered":"New President and new Board of Directors for Swiss Marketing"},"content":{"rendered":"<figure id=\"attachment_217375\" class=\"wp-caption aligncenter\" style=\"width: 1200px\" aria-describedby=\"caption-attachment-217375\"><img class=\"aligncenter wp-image-217375 size-full\" src=\"https:\/\/www.werbewoche.ch\/wp-content\/uploads\/2024\/06\/Swiss-Marketing-Praesident-Vorstand.jpg\" alt=\"Swiss Marketing Board 2024\" width=\"1200\" height=\"899\" \/>\r\n<figcaption id=\"caption-attachment-217375\" class=\"wp-caption-text\">(Image: zVg.)<\/figcaption>\r\n<\/figure>\r\n<p>A breath of fresh air for Swiss Marketing: three new members and four existing members will be elected to head the professional and trade association at the 2024 Delegates' Assembly. Marco Ancora and Ubaldo Piccone were elected as members of the Board of Directors and Chris Pozzoli as the new President of the Board of Directors. Simon Albisser, Katharina M\u00e4der, Dietger L\u00f6ffler and Beat Schlumpf were re-elected.<\/p>\r\n<p>The new elections will see a new management combination at the top of the association. Together, the newly constituted CC, the new CC President Chris Pozzoli and the new Managing Director Jan Maurer will drive forward the implementation of the association's new strategy.<\/p>\r\n<p>The main aim over the next few years is to standardize the organization of the association and create a range of products and services that are tailored to the needs of the market. This also means increased cooperation with the various regions, with the ZV assuming an important bridging function.<\/p>\r\n<p>Close cooperation between all stakeholders is therefore the central pillar of the association's long-term focus. The aim is to create a profitable ecosystem between clubs, schools, companies, sponsors and members in which synergies can be created and utilized. This is important so that Swiss Marketing can remain agile and provide its members with a relevant and attractive offering, explains Chris Pozzoli, the new President of Swiss Marketing.<\/p>\r\n<p>Swiss Marketing's Board of Directors now consists of the following members: Simon Albisser (re-elected), Marco Ancora (new), Dietger L\u00f6ffler (re-elected), Katharina M\u00e4der (re-elected), Ubaldo Piccone (new) and Beat Schlumpf (re-elected). Chris Pozzoli (new) will act as President of the Board of Directors. The Board of Directors will work closely with Jan Maurer, who heads up Swiss Marketing's operational activities as Managing Director.<\/p>","protected":false},"excerpt":{"rendered":"<p>Following a new Managing Director, the professional and trade association Swiss Marketing now also has new faces on its Central Board (ZV). Marco Ancora and Ubaldo Piccone have joined the Central Board, and Chris Pozzoli has been elected as the new President of the Central Board.<\/p>","protected":false},"author":8,"featured_media":0,"comment_status":"closed","ping_status":"closed","sticky":false,"template":"","format":"standard","meta":{"_acf_changed":false,"_yoast_wpseo_focuskw":"Swiss Marketing Vorstand 2024","_yoast_wpseo_metadesc":"Swiss Marketing w\u00e4hlt neuen Vorstand: Chris Pozzoli Pr\u00e4sident, Jan Maurer Gesch\u00e4ftsf\u00fchrer. Fokus auf einheitliche Organisation.","articlekey":"","footnotes":""},"categories":[29],"tags":[339,2809],"class_list":["post-28124","post","type-post","status-publish","format-standard","hentry","category-marketing","tag-marketing","tag-swiss-marketing"],"acf":[],"yoast_head":"<!-- This site is optimized with the Yoast SEO plugin v27.5 - https:\/\/yoast.com\/product\/yoast-seo-wordpress\/ -->\n<title>Neuer Pr\u00e4sident und neuer Vorstand f\u00fcr Swiss Marketing - Organisator<\/title>\n<meta name=\"description\" content=\"Swiss Marketing w\u00e4hlt neuen Vorstand: Chris Pozzoli Pr\u00e4sident, Jan Maurer Gesch\u00e4ftsf\u00fchrer. Fokus auf einheitliche Organisation.\" \/>\n<meta name=\"robots\" content=\"index, follow, max-snippet:-1, max-image-preview:large, max-video-preview:-1\" \/>\n<link rel=\"canonical\" href=\"https:\/\/www.organisator.ch\/en\/marketing\/2024-07-01\/neuer-praesident-und-neuer-vorstand-fuer-swiss-marketing\/\" \/>\n<meta property=\"og:locale\" content=\"en_US\" \/>\n<meta property=\"og:type\" content=\"article\" \/>\n<meta property=\"og:title\" content=\"Neuer Pr\u00e4sident und neuer Vorstand f\u00fcr Swiss Marketing - Organisator\" \/>\n<meta property=\"og:description\" content=\"Swiss Marketing w\u00e4hlt neuen Vorstand: Chris Pozzoli Pr\u00e4sident, Jan Maurer Gesch\u00e4ftsf\u00fchrer. Fokus auf einheitliche Organisation.\" \/>\n<meta property=\"og:url\" content=\"https:\/\/www.organisator.ch\/en\/marketing\/2024-07-01\/neuer-praesident-und-neuer-vorstand-fuer-swiss-marketing\/\" \/>\n<meta property=\"og:site_name\" content=\"Organisator\" \/>\n<meta property=\"article:publisher\" content=\"https:\/\/www.facebook.com\/OrganisatorFachmagazin\" \/>\n<meta property=\"article:published_time\" content=\"2024-07-01T00:46:08+00:00\" \/>\n<meta property=\"article:modified_time\" content=\"2024-11-10T07:52:01+00:00\" \/>\n<meta property=\"og:image\" content=\"https:\/\/www.werbewoche.ch\/wp-content\/uploads\/2024\/06\/Swiss-Marketing-Praesident-Vorstand.jpg\" \/>\n<meta name=\"author\" content=\"galledia\" \/>\n<meta name=\"twitter:card\" content=\"summary_large_image\" \/>\n<meta name=\"twitter:creator\" content=\"@admin\" \/>\n<script type=\"application\/ld+json\" class=\"yoast-schema-graph\">{\"@context\":\"https:\\\/\\\/schema.org\",\"@graph\":[{\"@type\":\"Article\",\"@id\":\"https:\\\/\\\/www.organisator.ch\\\/marketing\\\/2024-07-01\\\/neuer-praesident-und-neuer-vorstand-fuer-swiss-marketing\\\/#article\",\"isPartOf\":{\"@id\":\"https:\\\/\\\/www.organisator.ch\\\/marketing\\\/2024-07-01\\\/neuer-praesident-und-neuer-vorstand-fuer-swiss-marketing\\\/\"},\"author\":{\"name\":\"galledia\",\"@id\":\"https:\\\/\\\/www.organisator.ch\\\/#\\\/schema\\\/person\\\/4e51799071cd2dd1232ac003643ef5f0\"},\"headline\":\"Neuer Pr\u00e4sident und neuer Vorstand f\u00fcr Swiss Marketing\",\"datePublished\":\"2024-07-01T00:46:08+00:00\",\"dateModified\":\"2024-11-10T07:52:01+00:00\",\"mainEntityOfPage\":{\"@id\":\"https:\\\/\\\/www.organisator.ch\\\/marketing\\\/2024-07-01\\\/neuer-praesident-und-neuer-vorstand-fuer-swiss-marketing\\\/\"},\"wordCount\":288,\"publisher\":{\"@id\":\"https:\\\/\\\/www.organisator.ch\\\/#organization\"},\"image\":{\"@id\":\"https:\\\/\\\/www.organisator.ch\\\/marketing\\\/2024-07-01\\\/neuer-praesident-und-neuer-vorstand-fuer-swiss-marketing\\\/#primaryimage\"},\"thumbnailUrl\":\"https:\\\/\\\/www.werbewoche.ch\\\/wp-content\\\/uploads\\\/2024\\\/06\\\/Swiss-Marketing-Praesident-Vorstand.jpg\",\"keywords\":[\"Marketing\",\"Swiss Marketing\"],\"articleSection\":[\"MARKETING\"],\"inLanguage\":\"en-US\"},{\"@type\":\"WebPage\",\"@id\":\"https:\\\/\\\/www.organisator.ch\\\/marketing\\\/2024-07-01\\\/neuer-praesident-und-neuer-vorstand-fuer-swiss-marketing\\\/\",\"url\":\"https:\\\/\\\/www.organisator.ch\\\/marketing\\\/2024-07-01\\\/neuer-praesident-und-neuer-vorstand-fuer-swiss-marketing\\\/\",\"name\":\"Neuer Pr\u00e4sident und neuer Vorstand f\u00fcr Swiss Marketing - Organisator\",\"isPartOf\":{\"@id\":\"https:\\\/\\\/www.organisator.ch\\\/#website\"},\"primaryImageOfPage\":{\"@id\":\"https:\\\/\\\/www.organisator.ch\\\/marketing\\\/2024-07-01\\\/neuer-praesident-und-neuer-vorstand-fuer-swiss-marketing\\\/#primaryimage\"},\"image\":{\"@id\":\"https:\\\/\\\/www.organisator.ch\\\/marketing\\\/2024-07-01\\\/neuer-praesident-und-neuer-vorstand-fuer-swiss-marketing\\\/#primaryimage\"},\"thumbnailUrl\":\"https:\\\/\\\/www.werbewoche.ch\\\/wp-content\\\/uploads\\\/2024\\\/06\\\/Swiss-Marketing-Praesident-Vorstand.jpg\",\"datePublished\":\"2024-07-01T00:46:08+00:00\",\"dateModified\":\"2024-11-10T07:52:01+00:00\",\"description\":\"Swiss Marketing w\u00e4hlt neuen Vorstand: Chris Pozzoli Pr\u00e4sident, Jan Maurer Gesch\u00e4ftsf\u00fchrer. Fokus auf einheitliche Organisation.\",\"breadcrumb\":{\"@id\":\"https:\\\/\\\/www.organisator.ch\\\/marketing\\\/2024-07-01\\\/neuer-praesident-und-neuer-vorstand-fuer-swiss-marketing\\\/#breadcrumb\"},\"inLanguage\":\"en-US\",\"potentialAction\":[{\"@type\":\"ReadAction\",\"target\":[\"https:\\\/\\\/www.organisator.ch\\\/marketing\\\/2024-07-01\\\/neuer-praesident-und-neuer-vorstand-fuer-swiss-marketing\\\/\"]}]},{\"@type\":\"ImageObject\",\"inLanguage\":\"en-US\",\"@id\":\"https:\\\/\\\/www.organisator.ch\\\/marketing\\\/2024-07-01\\\/neuer-praesident-und-neuer-vorstand-fuer-swiss-marketing\\\/#primaryimage\",\"url\":\"https:\\\/\\\/www.werbewoche.ch\\\/wp-content\\\/uploads\\\/2024\\\/06\\\/Swiss-Marketing-Praesident-Vorstand.jpg\",\"contentUrl\":\"https:\\\/\\\/www.werbewoche.ch\\\/wp-content\\\/uploads\\\/2024\\\/06\\\/Swiss-Marketing-Praesident-Vorstand.jpg\"},{\"@type\":\"BreadcrumbList\",\"@id\":\"https:\\\/\\\/www.organisator.ch\\\/marketing\\\/2024-07-01\\\/neuer-praesident-und-neuer-vorstand-fuer-swiss-marketing\\\/#breadcrumb\",\"itemListElement\":[{\"@type\":\"ListItem\",\"position\":1,\"name\":\"Home\",\"item\":\"https:\\\/\\\/www.organisator.ch\\\/\"},{\"@type\":\"ListItem\",\"position\":2,\"name\":\"Neuer Pr\u00e4sident und neuer Vorstand f\u00fcr Swiss Marketing\"}]},{\"@type\":\"WebSite\",\"@id\":\"https:\\\/\\\/www.organisator.ch\\\/#website\",\"url\":\"https:\\\/\\\/www.organisator.ch\\\/\",\"name\":\"Organisator\",\"description\":\"Kompetent. Praxisnah. Der ORGANISATOR bereitet in 10 Ausgaben pro Jahr die wesentlichen Themen f\u00fcr F\u00fchrungskr\u00e4fte von KMU auf.\",\"publisher\":{\"@id\":\"https:\\\/\\\/www.organisator.ch\\\/#organization\"},\"potentialAction\":[{\"@type\":\"SearchAction\",\"target\":{\"@type\":\"EntryPoint\",\"urlTemplate\":\"https:\\\/\\\/www.organisator.ch\\\/?s={search_term_string}\"},\"query-input\":{\"@type\":\"PropertyValueSpecification\",\"valueRequired\":true,\"valueName\":\"search_term_string\"}}],\"inLanguage\":\"en-US\"},{\"@type\":\"Organization\",\"@id\":\"https:\\\/\\\/www.organisator.ch\\\/#organization\",\"name\":\"Organisator\",\"url\":\"https:\\\/\\\/www.organisator.ch\\\/\",\"logo\":{\"@type\":\"ImageObject\",\"inLanguage\":\"en-US\",\"@id\":\"https:\\\/\\\/www.organisator.ch\\\/#\\\/schema\\\/logo\\\/image\\\/\",\"url\":\"https:\\\/\\\/www.organisator.ch\\\/wp-content\\\/uploads\\\/2022\\\/01\\\/Logo_Organisator_Website.png\",\"contentUrl\":\"https:\\\/\\\/www.organisator.ch\\\/wp-content\\\/uploads\\\/2022\\\/01\\\/Logo_Organisator_Website.png\",\"width\":800,\"height\":77,\"caption\":\"Organisator\"},\"image\":{\"@id\":\"https:\\\/\\\/www.organisator.ch\\\/#\\\/schema\\\/logo\\\/image\\\/\"},\"sameAs\":[\"https:\\\/\\\/www.facebook.com\\\/OrganisatorFachmagazin\",\"https:\\\/\\\/www.linkedin.com\\\/showcase\\\/organisator-das-magazin-fr-kmu\",\"https:\\\/\\\/www.xing.com\\\/news\\\/pages\\\/organisator-ch-695\",\"https:\\\/\\\/www.youtube.com\\\/channel\\\/UCGP2Sq0iWaZwT3BdIAQFYpw\"]},{\"@type\":\"Person\",\"@id\":\"https:\\\/\\\/www.organisator.ch\\\/#\\\/schema\\\/person\\\/4e51799071cd2dd1232ac003643ef5f0\",\"name\":\"galledia\",\"image\":{\"@type\":\"ImageObject\",\"inLanguage\":\"en-US\",\"@id\":\"https:\\\/\\\/secure.gravatar.com\\\/avatar\\\/78a7f90c01fc2bfc875782a0d4922b37cde2cf184ce347b91316d23cd7f69a36?s=96&d=mm&r=g\",\"url\":\"https:\\\/\\\/secure.gravatar.com\\\/avatar\\\/78a7f90c01fc2bfc875782a0d4922b37cde2cf184ce347b91316d23cd7f69a36?s=96&d=mm&r=g\",\"contentUrl\":\"https:\\\/\\\/secure.gravatar.com\\\/avatar\\\/78a7f90c01fc2bfc875782a0d4922b37cde2cf184ce347b91316d23cd7f69a36?s=96&d=mm&r=g\",\"caption\":\"galledia\"},\"sameAs\":[\"https:\\\/\\\/x.com\\\/admin\"],\"url\":\"https:\\\/\\\/www.organisator.ch\\\/en\\\/author\\\/galledia\\\/\"}]}<\/script>\n<!-- \/ Yoast SEO plugin. -->","yoast_head_json":{"title":"New president and new board for Swiss Marketing - Organizer","description":"Swiss Marketing elects new Board of Directors: Chris Pozzoli President, Jan Maurer Managing Director. Focus on uniform organization.","robots":{"index":"index","follow":"follow","max-snippet":"max-snippet:-1","max-image-preview":"max-image-preview:large","max-video-preview":"max-video-preview:-1"},"canonical":"https:\/\/www.organisator.ch\/en\/marketing\/2024-07-01\/neuer-praesident-und-neuer-vorstand-fuer-swiss-marketing\/","og_locale":"en_US","og_type":"article","og_title":"Neuer Pr\u00e4sident und neuer Vorstand f\u00fcr Swiss Marketing - Organisator","og_description":"Swiss Marketing w\u00e4hlt neuen Vorstand: Chris Pozzoli Pr\u00e4sident, Jan Maurer Gesch\u00e4ftsf\u00fchrer. Fokus auf einheitliche Organisation.","og_url":"https:\/\/www.organisator.ch\/en\/marketing\/2024-07-01\/neuer-praesident-und-neuer-vorstand-fuer-swiss-marketing\/","og_site_name":"Organisator","article_publisher":"https:\/\/www.facebook.com\/OrganisatorFachmagazin","article_published_time":"2024-07-01T00:46:08+00:00","article_modified_time":"2024-11-10T07:52:01+00:00","og_image":[{"url":"https:\/\/www.werbewoche.ch\/wp-content\/uploads\/2024\/06\/Swiss-Marketing-Praesident-Vorstand.jpg","type":"","width":"","height":""}],"author":"galledia","twitter_card":"summary_large_image","twitter_creator":"@admin","schema":{"@context":"https:\/\/schema.org","@graph":[{"@type":"Article","@id":"https:\/\/www.organisator.ch\/marketing\/2024-07-01\/neuer-praesident-und-neuer-vorstand-fuer-swiss-marketing\/#article","isPartOf":{"@id":"https:\/\/www.organisator.ch\/marketing\/2024-07-01\/neuer-praesident-und-neuer-vorstand-fuer-swiss-marketing\/"},"author":{"name":"galledia","@id":"https:\/\/www.organisator.ch\/#\/schema\/person\/4e51799071cd2dd1232ac003643ef5f0"},"headline":"Neuer Pr\u00e4sident und neuer Vorstand f\u00fcr Swiss Marketing","datePublished":"2024-07-01T00:46:08+00:00","dateModified":"2024-11-10T07:52:01+00:00","mainEntityOfPage":{"@id":"https:\/\/www.organisator.ch\/marketing\/2024-07-01\/neuer-praesident-und-neuer-vorstand-fuer-swiss-marketing\/"},"wordCount":288,"publisher":{"@id":"https:\/\/www.organisator.ch\/#organization"},"image":{"@id":"https:\/\/www.organisator.ch\/marketing\/2024-07-01\/neuer-praesident-und-neuer-vorstand-fuer-swiss-marketing\/#primaryimage"},"thumbnailUrl":"https:\/\/www.werbewoche.ch\/wp-content\/uploads\/2024\/06\/Swiss-Marketing-Praesident-Vorstand.jpg","keywords":["Marketing","Swiss Marketing"],"articleSection":["MARKETING"],"inLanguage":"en-US"},{"@type":"WebPage","@id":"https:\/\/www.organisator.ch\/marketing\/2024-07-01\/neuer-praesident-und-neuer-vorstand-fuer-swiss-marketing\/","url":"https:\/\/www.organisator.ch\/marketing\/2024-07-01\/neuer-praesident-und-neuer-vorstand-fuer-swiss-marketing\/","name":"New president and new board for Swiss Marketing - Organizer","isPartOf":{"@id":"https:\/\/www.organisator.ch\/#website"},"primaryImageOfPage":{"@id":"https:\/\/www.organisator.ch\/marketing\/2024-07-01\/neuer-praesident-und-neuer-vorstand-fuer-swiss-marketing\/#primaryimage"},"image":{"@id":"https:\/\/www.organisator.ch\/marketing\/2024-07-01\/neuer-praesident-und-neuer-vorstand-fuer-swiss-marketing\/#primaryimage"},"thumbnailUrl":"https:\/\/www.werbewoche.ch\/wp-content\/uploads\/2024\/06\/Swiss-Marketing-Praesident-Vorstand.jpg","datePublished":"2024-07-01T00:46:08+00:00","dateModified":"2024-11-10T07:52:01+00:00","description":"Swiss Marketing elects new Board of Directors: Chris Pozzoli President, Jan Maurer Managing Director. Focus on uniform organization.","breadcrumb":{"@id":"https:\/\/www.organisator.ch\/marketing\/2024-07-01\/neuer-praesident-und-neuer-vorstand-fuer-swiss-marketing\/#breadcrumb"},"inLanguage":"en-US","potentialAction":[{"@type":"ReadAction","target":["https:\/\/www.organisator.ch\/marketing\/2024-07-01\/neuer-praesident-und-neuer-vorstand-fuer-swiss-marketing\/"]}]},{"@type":"ImageObject","inLanguage":"en-US","@id":"https:\/\/www.organisator.ch\/marketing\/2024-07-01\/neuer-praesident-und-neuer-vorstand-fuer-swiss-marketing\/#primaryimage","url":"https:\/\/www.werbewoche.ch\/wp-content\/uploads\/2024\/06\/Swiss-Marketing-Praesident-Vorstand.jpg","contentUrl":"https:\/\/www.werbewoche.ch\/wp-content\/uploads\/2024\/06\/Swiss-Marketing-Praesident-Vorstand.jpg"},{"@type":"BreadcrumbList","@id":"https:\/\/www.organisator.ch\/marketing\/2024-07-01\/neuer-praesident-und-neuer-vorstand-fuer-swiss-marketing\/#breadcrumb","itemListElement":[{"@type":"ListItem","position":1,"name":"Home","item":"https:\/\/www.organisator.ch\/"},{"@type":"ListItem","position":2,"name":"Neuer Pr\u00e4sident und neuer Vorstand f\u00fcr Swiss Marketing"}]},{"@type":"WebSite","@id":"https:\/\/www.organisator.ch\/#website","url":"https:\/\/www.organisator.ch\/","name":"Organizer","description":"Competent. Practical. In 10 issues per year, ORGANISATOR presents the essential topics for managers of SMEs.","publisher":{"@id":"https:\/\/www.organisator.ch\/#organization"},"potentialAction":[{"@type":"SearchAction","target":{"@type":"EntryPoint","urlTemplate":"https:\/\/www.organisator.ch\/?s={search_term_string}"},"query-input":{"@type":"PropertyValueSpecification","valueRequired":true,"valueName":"search_term_string"}}],"inLanguage":"en-US"},{"@type":"Organization","@id":"https:\/\/www.organisator.ch\/#organization","name":"Organizer","url":"https:\/\/www.organisator.ch\/","logo":{"@type":"ImageObject","inLanguage":"en-US","@id":"https:\/\/www.organisator.ch\/#\/schema\/logo\/image\/","url":"https:\/\/www.organisator.ch\/wp-content\/uploads\/2022\/01\/Logo_Organisator_Website.png","contentUrl":"https:\/\/www.organisator.ch\/wp-content\/uploads\/2022\/01\/Logo_Organisator_Website.png","width":800,"height":77,"caption":"Organisator"},"image":{"@id":"https:\/\/www.organisator.ch\/#\/schema\/logo\/image\/"},"sameAs":["https:\/\/www.facebook.com\/OrganisatorFachmagazin","https:\/\/www.linkedin.com\/showcase\/organisator-das-magazin-fr-kmu","https:\/\/www.xing.com\/news\/pages\/organisator-ch-695","https:\/\/www.youtube.com\/channel\/UCGP2Sq0iWaZwT3BdIAQFYpw"]},{"@type":"Person","@id":"https:\/\/www.organisator.ch\/#\/schema\/person\/4e51799071cd2dd1232ac003643ef5f0","name":"galledia","image":{"@type":"ImageObject","inLanguage":"en-US","@id":"https:\/\/secure.gravatar.com\/avatar\/78a7f90c01fc2bfc875782a0d4922b37cde2cf184ce347b91316d23cd7f69a36?s=96&d=mm&r=g","url":"https:\/\/secure.gravatar.com\/avatar\/78a7f90c01fc2bfc875782a0d4922b37cde2cf184ce347b91316d23cd7f69a36?s=96&d=mm&r=g","contentUrl":"https:\/\/secure.gravatar.com\/avatar\/78a7f90c01fc2bfc875782a0d4922b37cde2cf184ce347b91316d23cd7f69a36?s=96&d=mm&r=g","caption":"galledia"},"sameAs":["https:\/\/x.com\/admin"],"url":"https:\/\/www.organisator.ch\/en\/author\/galledia\/"}]}},"_links":{"self":[{"href":"https:\/\/www.organisator.ch\/en\/wp-json\/wp\/v2\/posts\/28124","targetHints":{"allow":["GET"]}}],"collection":[{"href":"https:\/\/www.organisator.ch\/en\/wp-json\/wp\/v2\/posts"}],"about":[{"href":"https:\/\/www.organisator.ch\/en\/wp-json\/wp\/v2\/types\/post"}],"author":[{"embeddable":true,"href":"https:\/\/www.organisator.ch\/en\/wp-json\/wp\/v2\/users\/8"}],"replies":[{"embeddable":true,"href":"https:\/\/www.organisator.ch\/en\/wp-json\/wp\/v2\/comments?post=28124"}],"version-history":[{"count":6,"href":"https:\/\/www.organisator.ch\/en\/wp-json\/wp\/v2\/posts\/28124\/revisions"}],"predecessor-version":[{"id":32144,"href":"https:\/\/www.organisator.ch\/en\/wp-json\/wp\/v2\/posts\/28124\/revisions\/32144"}],"wp:attachment":[{"href":"https:\/\/www.organisator.ch\/en\/wp-json\/wp\/v2\/media?parent=28124"}],"wp:term":[{"taxonomy":"category","embeddable":true,"href":"https:\/\/www.organisator.ch\/en\/wp-json\/wp\/v2\/categories?post=28124"},{"taxonomy":"post_tag","embeddable":true,"href":"https:\/\/www.organisator.ch\/en\/wp-json\/wp\/v2\/tags?post=28124"}],"curies":[{"name":"wp","href":"https:\/\/api.w.org\/{rel}","templated":true}]}}